{"id":82556,"date":"2025-07-30T21:30:00","date_gmt":"2025-07-31T03:30:00","guid":{"rendered":"https:\/\/nitu.mx\/?p=82556"},"modified":"2025-07-30T20:30:35","modified_gmt":"2025-07-31T02:30:35","slug":"preferred-se-asocia-con-dayblink-gpo-para-centralizar-la-distribucion-y-mejorar-control-de-hoteles","status":"publish","type":"post","link":"https:\/\/nitu.mx\/index.php\/2025\/07\/30\/preferred-se-asocia-con-dayblink-gpo-para-centralizar-la-distribucion-y-mejorar-control-de-hoteles\/","title":{"rendered":"Preferred se asocia con DayBlink GPO para centralizar la distribuci\u00f3n y mejorar control de hoteles"},"content":{"rendered":"\n<p>Preferred Hotels &amp; Resorts, la marca hotelera independiente m\u00e1s grande del mundo, anunci\u00f3 una alianza estrat\u00e9gica con\u00a0DayBlink GPO\u00a0(Organizaci\u00f3n Global de Adquisiciones) para ayudar a sus hoteles miembros a obtener un mayor control sobre su ecosistema de distribuci\u00f3n y reducir la dependencia de canales de mayor costo. <\/p>\n\n\n\n<p>La primera fase de la colaboraci\u00f3n introduce acuerdos a nivel de cadena con Hotelbeds y WebBeds, dos de los principales distribuidores de viajes B2B del mundo, lo que facilita condiciones m\u00e1s equitativas para los hoteles, resorts y residencias participantes en la cartera global de Preferred Hotels &amp; Resorts, compuesta por m\u00e1s de 600 propiedades.<\/p>\n\n\n\n<p>Esta alianza llega en un momento clave, ya que la din\u00e1mica de distribuci\u00f3n est\u00e1 cambiando a nivel global. Preferred Hotels &amp; Resorts est\u00e1 empoderando a sus hoteles miembros para que recuperen el control, fortalezcan sus estrategias de reserva directa y compitan en condiciones m\u00e1s equitativas mediante alianzas confiables y escalables.<\/p>\n\n\n\n<p>\u201cA medida que el panorama de la distribuci\u00f3n contin\u00faa evolucionando, es vital trabajar con socios que puedan impulsar tanto los resultados de reservas como la rentabilidad de nuestros hoteles\u201d, afirm\u00f3 Cheryl Williams, directora de Ingresos de Preferred Hotels &amp; Resorts. <\/p>\n\n\n\n<p>\u201cNuestra alianza con DayBlink GPO ofrece mejores condiciones comerciales, una mayor paridad de tarifas entre los diferentes socios de distribuci\u00f3n y un mayor control sobre la distribuci\u00f3n del inventario, lo que proporciona a nuestros hoteles el apoyo que necesitan para alcanzar el \u00e9xito. Esta colaboraci\u00f3n supone un avance significativo para garantizar que nuestros hoteles prosperen en el competitivo mercado actual\u201d, a\u00f1adi\u00f3.<\/p>\n\n\n\n<p>\u201cAhora m\u00e1s que nunca, es importante que nuestros hoteles asociados recuperen el control de su inventario y se beneficien de condiciones justas\u201d, afirm\u00f3 Michael Wong, director ejecutivo de DayBlink GPO. \u201cEn el futuro, planeamos seguir consolidando la distribuci\u00f3n entre un grupo selecto de socios con ideas afines. Este enfoque nos ayudar\u00e1 a crear una red de distribuci\u00f3n m\u00e1s \u00e1gil y eficiente, que en \u00faltima instancia beneficiar\u00e1 a todas las partes involucradas\u201d.<\/p>\n\n\n\n<p>Como reflejo del compromiso continuo de Preferred Hotels &amp; Resorts de ayudar a los hoteles independientes a alcanzar el \u00e9xito en un mercado global competitivo, esta iniciativa forma parte de una estrategia comercial m\u00e1s amplia e integral, que incluye distribuci\u00f3n, ventas globales, marketing, relaciones p\u00fablicas y fidelizaci\u00f3n de hu\u00e9spedes. Preferred ofrece la escala de una marca global, preservando la individualidad de cada propiedad. Los principales beneficios de esta colaboraci\u00f3n incluyen:<\/p>\n\n\n\n<ul>\n<li>T\u00e9rminos comerciales a nivel de cadena<\/li>\n\n\n\n<li>Distribuci\u00f3n segura con paridad de tasas<\/li>\n\n\n\n<li>Control de inventario centralizado a trav\u00e9s de SynXis<\/li>\n<\/ul>\n\n\n\n<p>Tras su presentaci\u00f3n en la Conferencia Global 2025, se anima a los hoteles miembros preferentes a unirse a esta iniciativa colectiva para mejorar el rendimiento de la distribuci\u00f3n, reducir los costos de distribuci\u00f3n y fortalecer las estrategias de optimizaci\u00f3n a largo plazo. (<a href=\"https:\/\/nitu.mx\/index.php\/2025\/05\/18\/preferred-amplia-su-presencia-en-latinoamerica-con-hoteles-en-mexico-y-brasil\/\">Preferred ampl\u00eda su presencia en Latinoam\u00e9rica con hoteles en M\u00e9xico y Brasil<\/a>).<\/p>\n","protected":false},"excerpt":{"rendered":"<p>Preferred Hotels &amp; Resorts, la marca hotelera independiente m\u00e1s grande del mundo, anunci\u00f3 una alianza estrat\u00e9gica con\u00a0DayBlink GPO\u00a0(Organizaci\u00f3n Global de Adquisiciones) para ayudar a sus hoteles miembros a obtener un mayor control sobre su ecosistema de distribuci\u00f3n y reducir la dependencia de canales de mayor costo. La primera fase de la colaboraci\u00f3n introduce acuerdos a [&hellip;]<\/p>\n","protected":false},"author":17,"featured_media":69263,"comment_status":"closed","ping_status":"closed","sticky":false,"template":"","format":"standard","meta":{"footnotes":""},"categories":[2],"tags":[27576,757,4889],"yoast_head":"<!-- This site is optimized with the Yoast SEO plugin v22.2 - https:\/\/yoast.com\/wordpress\/plugins\/seo\/ -->\n<title>Preferred se asocia con DayBlink GPO para centralizar la distribuci\u00f3n y mejorar control de hoteles - Nitu - Noticias de la Industria Turistica<\/title>\n<meta name=\"robots\" content=\"index, follow, max-snippet:-1, max-image-preview:large, max-video-preview:-1\" \/>\n<link rel=\"canonical\" href=\"https:\/\/nitu.mx\/index.php\/2025\/07\/30\/preferred-se-asocia-con-dayblink-gpo-para-centralizar-la-distribucion-y-mejorar-control-de-hoteles\/\" \/>\n<meta name=\"twitter:card\" content=\"summary_large_image\" \/>\n<meta name=\"twitter:title\" content=\"Preferred se asocia con DayBlink GPO para centralizar la distribuci\u00f3n y mejorar control de hoteles - Nitu - Noticias de la Industria Turistica\" \/>\n<meta name=\"twitter:description\" content=\"Preferred Hotels &amp; Resorts, la marca hotelera independiente m\u00e1s grande del mundo, anunci\u00f3 una alianza estrat\u00e9gica con\u00a0DayBlink GPO\u00a0(Organizaci\u00f3n Global de Adquisiciones) para ayudar a sus hoteles miembros a obtener un mayor control sobre su ecosistema de distribuci\u00f3n y reducir la dependencia de canales de mayor costo. La primera fase de la colaboraci\u00f3n introduce acuerdos a [&hellip;]\" \/>\n<meta name=\"twitter:image\" content=\"https:\/\/nitu.mx\/wp-content\/uploads\/2024\/03\/Grand-Velas-Los-Cabos.jpg\" \/>\n<meta name=\"twitter:creator\" content=\"@NITUmx\" \/>\n<meta name=\"twitter:site\" content=\"@Arturo_Medina_G\" \/>\n<meta name=\"twitter:label1\" content=\"Escrito por\" \/>\n\t<meta name=\"twitter:data1\" content=\"Redacci\u00f3n\" \/>\n\t<meta name=\"twitter:label2\" content=\"Tiempo de lectura\" \/>\n\t<meta name=\"twitter:data2\" content=\"3 minutos\" \/>\n<script type=\"application\/ld+json\" class=\"yoast-schema-graph\">{\"@context\":\"https:\/\/schema.org\",\"@graph\":[{\"@type\":\"Article\",\"@id\":\"https:\/\/nitu.mx\/index.php\/2025\/07\/30\/preferred-se-asocia-con-dayblink-gpo-para-centralizar-la-distribucion-y-mejorar-control-de-hoteles\/#article\",\"isPartOf\":{\"@id\":\"https:\/\/nitu.mx\/index.php\/2025\/07\/30\/preferred-se-asocia-con-dayblink-gpo-para-centralizar-la-distribucion-y-mejorar-control-de-hoteles\/\"},\"author\":{\"name\":\"Redacci\u00f3n\",\"@id\":\"https:\/\/nitu.mx\/#\/schema\/person\/4a28fe9bd65924f7c90623773daf1b0b\"},\"headline\":\"Preferred se asocia con DayBlink GPO para centralizar la distribuci\u00f3n y mejorar control de hoteles\",\"datePublished\":\"2025-07-31T03:30:00+00:00\",\"dateModified\":\"2025-07-31T02:30:35+00:00\",\"mainEntityOfPage\":{\"@id\":\"https:\/\/nitu.mx\/index.php\/2025\/07\/30\/preferred-se-asocia-con-dayblink-gpo-para-centralizar-la-distribucion-y-mejorar-control-de-hoteles\/\"},\"wordCount\":519,\"publisher\":{\"@id\":\"https:\/\/nitu.mx\/#\/schema\/person\/ae7a53426417292d3dd07b45a33e01bc\"},\"image\":{\"@id\":\"https:\/\/nitu.mx\/index.php\/2025\/07\/30\/preferred-se-asocia-con-dayblink-gpo-para-centralizar-la-distribucion-y-mejorar-control-de-hoteles\/#primaryimage\"},\"thumbnailUrl\":\"https:\/\/nitu.mx\/wp-content\/uploads\/2024\/03\/Grand-Velas-Los-Cabos.jpg\",\"keywords\":[\"DayBlink GPO\",\"Hotelbeds\",\"Preferred Hotels &amp; Resorts\"],\"articleSection\":[\"Hoteles\"],\"inLanguage\":\"es-MX\"},{\"@type\":\"WebPage\",\"@id\":\"https:\/\/nitu.mx\/index.php\/2025\/07\/30\/preferred-se-asocia-con-dayblink-gpo-para-centralizar-la-distribucion-y-mejorar-control-de-hoteles\/\",\"url\":\"https:\/\/nitu.mx\/index.php\/2025\/07\/30\/preferred-se-asocia-con-dayblink-gpo-para-centralizar-la-distribucion-y-mejorar-control-de-hoteles\/\",\"name\":\"Preferred se asocia con DayBlink GPO para centralizar la distribuci\u00f3n y mejorar control de hoteles - Nitu - Noticias de la Industria Turistica\",\"isPartOf\":{\"@id\":\"https:\/\/nitu.mx\/#website\"},\"primaryImageOfPage\":{\"@id\":\"https:\/\/nitu.mx\/index.php\/2025\/07\/30\/preferred-se-asocia-con-dayblink-gpo-para-centralizar-la-distribucion-y-mejorar-control-de-hoteles\/#primaryimage\"},\"image\":{\"@id\":\"https:\/\/nitu.mx\/index.php\/2025\/07\/30\/preferred-se-asocia-con-dayblink-gpo-para-centralizar-la-distribucion-y-mejorar-control-de-hoteles\/#primaryimage\"},\"thumbnailUrl\":\"https:\/\/nitu.mx\/wp-content\/uploads\/2024\/03\/Grand-Velas-Los-Cabos.jpg\",\"datePublished\":\"2025-07-31T03:30:00+00:00\",\"dateModified\":\"2025-07-31T02:30:35+00:00\",\"breadcrumb\":{\"@id\":\"https:\/\/nitu.mx\/index.php\/2025\/07\/30\/preferred-se-asocia-con-dayblink-gpo-para-centralizar-la-distribucion-y-mejorar-control-de-hoteles\/#breadcrumb\"},\"inLanguage\":\"es-MX\",\"potentialAction\":[{\"@type\":\"ReadAction\",\"target\":[\"https:\/\/nitu.mx\/index.php\/2025\/07\/30\/preferred-se-asocia-con-dayblink-gpo-para-centralizar-la-distribucion-y-mejorar-control-de-hoteles\/\"]}]},{\"@type\":\"ImageObject\",\"inLanguage\":\"es-MX\",\"@id\":\"https:\/\/nitu.mx\/index.php\/2025\/07\/30\/preferred-se-asocia-con-dayblink-gpo-para-centralizar-la-distribucion-y-mejorar-control-de-hoteles\/#primaryimage\",\"url\":\"https:\/\/nitu.mx\/wp-content\/uploads\/2024\/03\/Grand-Velas-Los-Cabos.jpg\",\"contentUrl\":\"https:\/\/nitu.mx\/wp-content\/uploads\/2024\/03\/Grand-Velas-Los-Cabos.jpg\",\"width\":1200,\"height\":675,\"caption\":\"Grand Velas Los Cabos\"},{\"@type\":\"BreadcrumbList\",\"@id\":\"https:\/\/nitu.mx\/index.php\/2025\/07\/30\/preferred-se-asocia-con-dayblink-gpo-para-centralizar-la-distribucion-y-mejorar-control-de-hoteles\/#breadcrumb\",\"itemListElement\":[{\"@type\":\"ListItem\",\"position\":1,\"name\":\"Inicio\",\"item\":\"https:\/\/nitu.mx\/\"},{\"@type\":\"ListItem\",\"position\":2,\"name\":\"Preferred se asocia con DayBlink GPO para centralizar la distribuci\u00f3n y mejorar control de hoteles\"}]},{\"@type\":\"WebSite\",\"@id\":\"https:\/\/nitu.mx\/#website\",\"url\":\"https:\/\/nitu.mx\/\",\"name\":\"Nitu - Noticias de la Industria Turistica\",\"description\":\"Noticias de la Industria Turistica\",\"publisher\":{\"@id\":\"https:\/\/nitu.mx\/#\/schema\/person\/ae7a53426417292d3dd07b45a33e01bc\"},\"alternateName\":\"Noticias de la Industria Turistica\",\"potentialAction\":[{\"@type\":\"SearchAction\",\"target\":{\"@type\":\"EntryPoint\",\"urlTemplate\":\"https:\/\/nitu.mx\/?s={search_term_string}\"},\"query-input\":\"required name=search_term_string\"}],\"inLanguage\":\"es-MX\"},{\"@type\":[\"Person\",\"Organization\"],\"@id\":\"https:\/\/nitu.mx\/#\/schema\/person\/ae7a53426417292d3dd07b45a33e01bc\",\"name\":\"Arturo Medina\",\"image\":{\"@type\":\"ImageObject\",\"inLanguage\":\"es-MX\",\"@id\":\"https:\/\/nitu.mx\/#\/schema\/person\/image\/\",\"url\":\"https:\/\/nitu.mx\/wp-content\/uploads\/2024\/04\/4A315622-1904-4D5C-B022-878CDC840E04-90x90-1.jpeg\",\"contentUrl\":\"https:\/\/nitu.mx\/wp-content\/uploads\/2024\/04\/4A315622-1904-4D5C-B022-878CDC840E04-90x90-1.jpeg\",\"width\":90,\"height\":90,\"caption\":\"Arturo Medina\"},\"logo\":{\"@id\":\"https:\/\/nitu.mx\/#\/schema\/person\/image\/\"},\"description\":\"Director NITU.mx, Egresado de la Escuela de Periodismo Carlos Septi\u00e9n Garc\u00eda. Periodista y analista especializado en turismo desde hace 35 a\u00f1os, radicado en Canc\u00fan Q.Roo. arturo@nitu.mx\",\"sameAs\":[\"https:\/\/nitu.mx\",\"https:\/\/www.facebook.com\/NITUmx\/\",\"medinacancun\",\"https:\/\/twitter.com\/@Arturo_Medina_G\"]},{\"@type\":\"Person\",\"@id\":\"https:\/\/nitu.mx\/#\/schema\/person\/4a28fe9bd65924f7c90623773daf1b0b\",\"name\":\"Redacci\u00f3n\",\"image\":{\"@type\":\"ImageObject\",\"inLanguage\":\"es-MX\",\"@id\":\"https:\/\/nitu.mx\/#\/schema\/person\/image\/\",\"url\":\"https:\/\/secure.gravatar.com\/avatar\/5dd011c8ccfc5cd7e4c81e42252aab38?s=96&d=mm&r=g\",\"contentUrl\":\"https:\/\/secure.gravatar.com\/avatar\/5dd011c8ccfc5cd7e4c81e42252aab38?s=96&d=mm&r=g\",\"caption\":\"Redacci\u00f3n\"},\"url\":\"https:\/\/nitu.mx\/index.php\/author\/redaccion\/\"}]}<\/script>\n<!-- \/ Yoast SEO plugin. -->","yoast_head_json":{"title":"Preferred se asocia con DayBlink GPO para centralizar la distribuci\u00f3n y mejorar control de hoteles - Nitu - Noticias de la Industria Turistica","robots":{"index":"index","follow":"follow","max-snippet":"max-snippet:-1","max-image-preview":"max-image-preview:large","max-video-preview":"max-video-preview:-1"},"canonical":"https:\/\/nitu.mx\/index.php\/2025\/07\/30\/preferred-se-asocia-con-dayblink-gpo-para-centralizar-la-distribucion-y-mejorar-control-de-hoteles\/","twitter_card":"summary_large_image","twitter_title":"Preferred se asocia con DayBlink GPO para centralizar la distribuci\u00f3n y mejorar control de hoteles - Nitu - Noticias de la Industria Turistica","twitter_description":"Preferred Hotels &amp; Resorts, la marca hotelera independiente m\u00e1s grande del mundo, anunci\u00f3 una alianza estrat\u00e9gica con\u00a0DayBlink GPO\u00a0(Organizaci\u00f3n Global de Adquisiciones) para ayudar a sus hoteles miembros a obtener un mayor control sobre su ecosistema de distribuci\u00f3n y reducir la dependencia de canales de mayor costo. La primera fase de la colaboraci\u00f3n introduce acuerdos a [&hellip;]","twitter_image":"https:\/\/nitu.mx\/wp-content\/uploads\/2024\/03\/Grand-Velas-Los-Cabos.jpg","twitter_creator":"@NITUmx","twitter_site":"@Arturo_Medina_G","twitter_misc":{"Escrito por":"Redacci\u00f3n","Tiempo de lectura":"3 minutos"},"schema":{"@context":"https:\/\/schema.org","@graph":[{"@type":"Article","@id":"https:\/\/nitu.mx\/index.php\/2025\/07\/30\/preferred-se-asocia-con-dayblink-gpo-para-centralizar-la-distribucion-y-mejorar-control-de-hoteles\/#article","isPartOf":{"@id":"https:\/\/nitu.mx\/index.php\/2025\/07\/30\/preferred-se-asocia-con-dayblink-gpo-para-centralizar-la-distribucion-y-mejorar-control-de-hoteles\/"},"author":{"name":"Redacci\u00f3n","@id":"https:\/\/nitu.mx\/#\/schema\/person\/4a28fe9bd65924f7c90623773daf1b0b"},"headline":"Preferred se asocia con DayBlink GPO para centralizar la distribuci\u00f3n y mejorar control de hoteles","datePublished":"2025-07-31T03:30:00+00:00","dateModified":"2025-07-31T02:30:35+00:00","mainEntityOfPage":{"@id":"https:\/\/nitu.mx\/index.php\/2025\/07\/30\/preferred-se-asocia-con-dayblink-gpo-para-centralizar-la-distribucion-y-mejorar-control-de-hoteles\/"},"wordCount":519,"publisher":{"@id":"https:\/\/nitu.mx\/#\/schema\/person\/ae7a53426417292d3dd07b45a33e01bc"},"image":{"@id":"https:\/\/nitu.mx\/index.php\/2025\/07\/30\/preferred-se-asocia-con-dayblink-gpo-para-centralizar-la-distribucion-y-mejorar-control-de-hoteles\/#primaryimage"},"thumbnailUrl":"https:\/\/nitu.mx\/wp-content\/uploads\/2024\/03\/Grand-Velas-Los-Cabos.jpg","keywords":["DayBlink GPO","Hotelbeds","Preferred Hotels &amp; Resorts"],"articleSection":["Hoteles"],"inLanguage":"es-MX"},{"@type":"WebPage","@id":"https:\/\/nitu.mx\/index.php\/2025\/07\/30\/preferred-se-asocia-con-dayblink-gpo-para-centralizar-la-distribucion-y-mejorar-control-de-hoteles\/","url":"https:\/\/nitu.mx\/index.php\/2025\/07\/30\/preferred-se-asocia-con-dayblink-gpo-para-centralizar-la-distribucion-y-mejorar-control-de-hoteles\/","name":"Preferred se asocia con DayBlink GPO para centralizar la distribuci\u00f3n y mejorar control de hoteles - Nitu - Noticias de la Industria Turistica","isPartOf":{"@id":"https:\/\/nitu.mx\/#website"},"primaryImageOfPage":{"@id":"https:\/\/nitu.mx\/index.php\/2025\/07\/30\/preferred-se-asocia-con-dayblink-gpo-para-centralizar-la-distribucion-y-mejorar-control-de-hoteles\/#primaryimage"},"image":{"@id":"https:\/\/nitu.mx\/index.php\/2025\/07\/30\/preferred-se-asocia-con-dayblink-gpo-para-centralizar-la-distribucion-y-mejorar-control-de-hoteles\/#primaryimage"},"thumbnailUrl":"https:\/\/nitu.mx\/wp-content\/uploads\/2024\/03\/Grand-Velas-Los-Cabos.jpg","datePublished":"2025-07-31T03:30:00+00:00","dateModified":"2025-07-31T02:30:35+00:00","breadcrumb":{"@id":"https:\/\/nitu.mx\/index.php\/2025\/07\/30\/preferred-se-asocia-con-dayblink-gpo-para-centralizar-la-distribucion-y-mejorar-control-de-hoteles\/#breadcrumb"},"inLanguage":"es-MX","potentialAction":[{"@type":"ReadAction","target":["https:\/\/nitu.mx\/index.php\/2025\/07\/30\/preferred-se-asocia-con-dayblink-gpo-para-centralizar-la-distribucion-y-mejorar-control-de-hoteles\/"]}]},{"@type":"ImageObject","inLanguage":"es-MX","@id":"https:\/\/nitu.mx\/index.php\/2025\/07\/30\/preferred-se-asocia-con-dayblink-gpo-para-centralizar-la-distribucion-y-mejorar-control-de-hoteles\/#primaryimage","url":"https:\/\/nitu.mx\/wp-content\/uploads\/2024\/03\/Grand-Velas-Los-Cabos.jpg","contentUrl":"https:\/\/nitu.mx\/wp-content\/uploads\/2024\/03\/Grand-Velas-Los-Cabos.jpg","width":1200,"height":675,"caption":"Grand Velas Los Cabos"},{"@type":"BreadcrumbList","@id":"https:\/\/nitu.mx\/index.php\/2025\/07\/30\/preferred-se-asocia-con-dayblink-gpo-para-centralizar-la-distribucion-y-mejorar-control-de-hoteles\/#breadcrumb","itemListElement":[{"@type":"ListItem","position":1,"name":"Inicio","item":"https:\/\/nitu.mx\/"},{"@type":"ListItem","position":2,"name":"Preferred se asocia con DayBlink GPO para centralizar la distribuci\u00f3n y mejorar control de hoteles"}]},{"@type":"WebSite","@id":"https:\/\/nitu.mx\/#website","url":"https:\/\/nitu.mx\/","name":"Nitu - Noticias de la Industria Turistica","description":"Noticias de la Industria Turistica","publisher":{"@id":"https:\/\/nitu.mx\/#\/schema\/person\/ae7a53426417292d3dd07b45a33e01bc"},"alternateName":"Noticias de la Industria Turistica","potentialAction":[{"@type":"SearchAction","target":{"@type":"EntryPoint","urlTemplate":"https:\/\/nitu.mx\/?s={search_term_string}"},"query-input":"required name=search_term_string"}],"inLanguage":"es-MX"},{"@type":["Person","Organization"],"@id":"https:\/\/nitu.mx\/#\/schema\/person\/ae7a53426417292d3dd07b45a33e01bc","name":"Arturo Medina","image":{"@type":"ImageObject","inLanguage":"es-MX","@id":"https:\/\/nitu.mx\/#\/schema\/person\/image\/","url":"https:\/\/nitu.mx\/wp-content\/uploads\/2024\/04\/4A315622-1904-4D5C-B022-878CDC840E04-90x90-1.jpeg","contentUrl":"https:\/\/nitu.mx\/wp-content\/uploads\/2024\/04\/4A315622-1904-4D5C-B022-878CDC840E04-90x90-1.jpeg","width":90,"height":90,"caption":"Arturo Medina"},"logo":{"@id":"https:\/\/nitu.mx\/#\/schema\/person\/image\/"},"description":"Director NITU.mx, Egresado de la Escuela de Periodismo Carlos Septi\u00e9n Garc\u00eda. Periodista y analista especializado en turismo desde hace 35 a\u00f1os, radicado en Canc\u00fan Q.Roo. arturo@nitu.mx","sameAs":["https:\/\/nitu.mx","https:\/\/www.facebook.com\/NITUmx\/","medinacancun","https:\/\/twitter.com\/@Arturo_Medina_G"]},{"@type":"Person","@id":"https:\/\/nitu.mx\/#\/schema\/person\/4a28fe9bd65924f7c90623773daf1b0b","name":"Redacci\u00f3n","image":{"@type":"ImageObject","inLanguage":"es-MX","@id":"https:\/\/nitu.mx\/#\/schema\/person\/image\/","url":"https:\/\/secure.gravatar.com\/avatar\/5dd011c8ccfc5cd7e4c81e42252aab38?s=96&d=mm&r=g","contentUrl":"https:\/\/secure.gravatar.com\/avatar\/5dd011c8ccfc5cd7e4c81e42252aab38?s=96&d=mm&r=g","caption":"Redacci\u00f3n"},"url":"https:\/\/nitu.mx\/index.php\/author\/redaccion\/"}]}},"views":782,"_links":{"self":[{"href":"https:\/\/nitu.mx\/index.php\/wp-json\/wp\/v2\/posts\/82556"}],"collection":[{"href":"https:\/\/nitu.mx\/index.php\/wp-json\/wp\/v2\/posts"}],"about":[{"href":"https:\/\/nitu.mx\/index.php\/wp-json\/wp\/v2\/types\/post"}],"author":[{"embeddable":true,"href":"https:\/\/nitu.mx\/index.php\/wp-json\/wp\/v2\/users\/17"}],"replies":[{"embeddable":true,"href":"https:\/\/nitu.mx\/index.php\/wp-json\/wp\/v2\/comments?post=82556"}],"version-history":[{"count":1,"href":"https:\/\/nitu.mx\/index.php\/wp-json\/wp\/v2\/posts\/82556\/revisions"}],"predecessor-version":[{"id":82558,"href":"https:\/\/nitu.mx\/index.php\/wp-json\/wp\/v2\/posts\/82556\/revisions\/82558"}],"wp:featuredmedia":[{"embeddable":true,"href":"https:\/\/nitu.mx\/index.php\/wp-json\/wp\/v2\/media\/69263"}],"wp:attachment":[{"href":"https:\/\/nitu.mx\/index.php\/wp-json\/wp\/v2\/media?parent=82556"}],"wp:term":[{"taxonomy":"category","embeddable":true,"href":"https:\/\/nitu.mx\/index.php\/wp-json\/wp\/v2\/categories?post=82556"},{"taxonomy":"post_tag","embeddable":true,"href":"https:\/\/nitu.mx\/index.php\/wp-json\/wp\/v2\/tags?post=82556"}],"curies":[{"name":"wp","href":"https:\/\/api.w.org\/{rel}","templated":true}]}}