{"id":82542,"date":"2025-07-29T20:00:00","date_gmt":"2025-07-30T02:00:00","guid":{"rendered":"https:\/\/nitu.mx\/?p=82542"},"modified":"2025-07-29T19:26:22","modified_gmt":"2025-07-30T01:26:22","slug":"asetur-estrecha-cooperacion-con-autoridades-e-ip-para-impulsar-el-turismo","status":"publish","type":"post","link":"https:\/\/nitu.mx\/index.php\/2025\/07\/29\/asetur-estrecha-cooperacion-con-autoridades-e-ip-para-impulsar-el-turismo\/","title":{"rendered":"ASETUR estrecha cooperaci\u00f3n con autoridades e IP para impulsar el turismo"},"content":{"rendered":"\n<p>El presidente de<strong> <\/strong>la Uni\u00f3n de Secretarias y Secretarios de Turismo de M\u00e9xico (ASETUR), Bernardo Cueto Riestra, y el gobernador de Oaxaca, Salom\u00f3n Jara Cruz, encabezaron la 62 Asamblea de la Asociaci\u00f3n, en la que se estrecharon los lazos de cooperaci\u00f3n con autoridades de los tres \u00f3rdenes de gobierno y del sector privado, y se lleg\u00f3 a importantes acuerdos que impulsar\u00e1n la actividad tur\u00edstica del pa\u00eds.<\/p>\n\n\n\n<p>Acompa\u00f1ados tambi\u00e9n de la secretaria de Turismo de Oaxaca, Saymi Pineda Velasco, y del presidente municipal de Oaxaca de Ju\u00e1rez, Raymundo Chagoya Villanueva, el presidente de ASETUR agradeci\u00f3 la anfitrion\u00eda de las autoridades oaxaque\u00f1as y resalt\u00f3 la importancia de esta Asamblea realizada en el marco de la Guelaguetza, la festividad m\u00e1s importante del estado y una de las expresiones culturales m\u00e1s representativas de M\u00e9xico, que a su vez es un importante motor econ\u00f3mico.<\/p>\n\n\n\n<p>\u201cEn ASETUR estamos convencidos que trabajar en unidad es la clave para que los beneficios del turismo lleguen a las comunidades, as\u00ed mismo, entre los objetivos clave est\u00e1 el impulsar una oferta tur\u00edstica que sea sustentable, enfocar esfuerzos en la atenci\u00f3n y protecci\u00f3n de nuestros turistas, as\u00ed como articular estrategias que mejoren la competitividad de los destinos de M\u00e9xico, y para ello no solo basta trabajar de la mano del sector tur\u00edstico, tambi\u00e9n hay que convocar a las instituciones p\u00fablicas y privadas que pueden aportar soluciones que beneficien a la oferta tur\u00edstica del pa\u00eds\u201d, precis\u00f3 el tambi\u00e9n secretario de Turismo de Quintana Roo.<\/p>\n\n\n\n<p>Al presentar el estado de la asociaci\u00f3n, indic\u00f3 que la actual coyuntura mundial, el turismo es la gran oportunidad para potenciar a M\u00e9xico; y para ello tambi\u00e9n la participaci\u00f3n en FITUR 2026 y la Copa Mundial de la FIFA, ser\u00e1n grandes momento que beneficien al pa\u00eds.<\/p>\n\n\n\n<p>Desde el Sal\u00f3n Regeneraci\u00f3n del Palacio de Gobierno de Oaxaca, recinto hist\u00f3rico desde donde despach\u00f3 el presidente Benito Ju\u00e1rez, el gobernador de Oaxaca, Salom\u00f3n Jara Cruz, reconoci\u00f3 el trabajo de las secretarias y secretarios de Turismo, al resaltar que este sector es un nicho de oportunidades para las comunidades, y de compartir con el mundo la riqueza de M\u00e9xico.<\/p>\n\n\n\n<p>\u201cRefrendamos el compromiso para seguir sumando con responsabilidad, para abonar al cumplimiento de los objetivos de ASETUR. Oaxaca es su casa. Sigamos construyendo un turismo humano, con justicia social para que M\u00e9xico no solo sea potencia mundial, sino que transforme el alma de su gente\u201d, subray\u00f3 el mandatario estatal.<\/p>\n\n\n\n<p>En su oportunidad la secretaria de Turismo de Oaxaca, Saymi Pineda Velasco, se\u00f1al\u00f3 que Oaxaca no solo se visita, se vive. Al celebrar esta Asamblea en el marco de las festividades de la Guelaguetza, describi\u00f3 la riqueza cultural, hist\u00f3rica y gastron\u00f3mica de la entidad; as\u00ed como su gente quien recibe a los turistas con gran hospitalidad. En su calidad de Secretaria de ASETUR, dio la bienvenida a las y los titulares, con quienes se trabaja en la agenda integrada por los cinco ejes de la Asociaci\u00f3n.<\/p>\n\n\n\n<p>A su vez, el presidente municipal de Oaxaca de Ju\u00e1rez, Raymundo Chagoya Villanueva, indic\u00f3 que recibir esta Asamblea es un orgullo para la capital oaxaque\u00f1a, ya que reafirma una de las principales vocaciones de la ciudad. \u201cEl turismo en Oaxaca es una forma de vida, es herencia y presente. Desde el gobierno municipal trabajamos con la autoridad estatal para consolidar al sector en una pol\u00edtica p\u00fablica integral que fortalezca la econom\u00eda y el tejido social\u201d, afirm\u00f3 el edil. &nbsp;<\/p>\n\n\n\n<p>En el marco de la 62 Asamblea de ASETUR, el coordinador de la Comisi\u00f3n de Protecci\u00f3n al Turista de ASETUR y subsecretario de Turismo de Colima, Jorge Padilla Castillo, expuso la campa\u00f1a \u201cVerifica y Viaja\u201d, la cual se reactiv\u00f3 recientemente, en coordinaci\u00f3n con las 32 entidades federativas con el prop\u00f3sito de crear una cultura de Compra Segura entre los viajeros, mediante tres sencillos pasos:<\/p>\n\n\n\n<ol type=\"1\">\n<li>Validar con rese\u00f1as, referencias y comentarios acerca de la agencia de viajes.<\/li>\n\n\n\n<li>Verificar que la agencia de viajes cuenta con el Registro Nacional y Estatal de Turismo.<\/li>\n\n\n\n<li>Revisar los medios de pago disponibles, evitando siempre la presi\u00f3n para hacer dep\u00f3sitos inmediatos, transferencias o pagos en tiendas de conveniencia o por medios no identificables. (<a href=\"https:\/\/nitu.mx\/index.php\/2025\/07\/27\/asetur-reactiva-la-campana-verifica-y-viaja-para-prevenir-fraudes-de-falsas-agencias\/\">ASETUR reactiva la campa\u00f1a \u201cVerifica y Viaja\u201d para prevenir fraudes de falsas agencias<\/a>).<\/li>\n<\/ol>\n\n\n\n<p>En tanto, la titular de Sectur Puebla, Carla L\u00f3pez-Malo Villal\u00f3n, invit\u00f3 a los asistentes a acudir al Congreso Nacional de la Industria de Reuniones (CNIR) que ser\u00e1 del 24 al 27 de septiembre; y present\u00f3 los pormenores de la pr\u00f3xima edici\u00f3n de ATMEX 2025-Adventure Travel M\u00e9xico, que se llevar\u00e1 a cabo del 8 al 10 de octubre en Zacatl\u00e1n; como parte del compromiso para revalorizar el turismo de aventura y rural, en el que acuden especialistas de este nicho de diversos pa\u00edses. <\/p>\n\n\n\n<p>En representaci\u00f3n de la secretaria de Turismo del Gobierno de M\u00e9xico, Josefina Rodr\u00edguez Zamora, el director general de Gesti\u00f3n Social de Destinos, Marte Molina Orozco, junto con la secretaria de Turismo de Hidalgo, Elizabeth Quintanar G\u00f3mez, expusieron los avances en la organizaci\u00f3n del Tianguis Nacional de Pueblos M\u00e1gicos, Hidalgo 2025, que se llevar\u00e1 a cabo del 13 al 16 de noviembre.<\/p>\n\n\n\n<p>Puntualizaron la importancia de que este esfuerzo se traduzca en beneficios econ\u00f3micos para las 177 localidades con este nombramiento. En ese tenor, se\u00f1alaron que para esta edici\u00f3n se privilegiar\u00e1 la consolidaci\u00f3n de la oferta tur\u00edstica y la especializaci\u00f3n de los compradores mayoristas, tour operadores y agentes de viajes que asistir\u00e1n; as\u00ed mismo, para hacer un registro m\u00e1s \u00e1gil y din\u00e1mico, el registro ser\u00e1 digitalizado a trav\u00e9s de Whatsapp, herramienta pr\u00e1ctica que pr\u00e1cticamente tienen todos los usuarios.<\/p>\n\n\n\n<p>Por su parte, el director general de Promoci\u00f3n y Asuntos Internacionales de Sectur federal, Emmanuel Rey, describi\u00f3 que como parte de la promoci\u00f3n en el mercado de America del Norte, en lo que resta del a\u00f1o se realizar\u00e1 el Meet Mexico Roadshow 2025 con giras de trabajo programadas en Chicago, Toronto, Dallas, Houston, San Francisco, Los \u00c1ngeles, Montreal y Nueva York<\/p>\n\n\n\n<p>Respecto a las acciones en el mercado espa\u00f1ol, adem\u00e1s de la presencia de M\u00e9xico en FITUR 2026 como Pa\u00eds Socio, inform\u00f3 que de septiembre a diciembre de este a\u00f1o se realizar\u00e1 la presentaci\u00f3n del destino M\u00e9xico con importantes aliados estrat\u00e9gicos en aquella regi\u00f3n como Pangea, TUI, Iberia, W2M y Mastercard; y de febrero a junio de 2026, se presentar\u00e1 a estos aliados el pa\u00eds como Sede Mundialista; adem\u00e1s, mencion\u00f3 otras acciones que est\u00e1n en marcha para fortalecer la llegada de turistas de importantes mercados emisores como China y Brasil.<\/p>\n\n\n\n<p>En la Asamblea de ASETUR, tambi\u00e9n particip\u00f3 el director general de Odisea M\u00e9xico, Alejandro Nasta G\u00f3mez, junto con su equipo, quienes dieron a conocer este nuevo proyecto, una experiencia inmersiva que combina un viaje a la identidad cultural de M\u00e9xico con el entretenimiento, en un espacio ubicado en la Ciudad de M\u00e9xico, de 500 metros cuadrados, pensado como un espacio m\u00e1s para la promoci\u00f3n de la ofert tur\u00edstica de las 32 entidades.<\/p>\n\n\n\n<p>As\u00ed mismo, la presidenta de la Federaci\u00f3n de Empresarios Tur\u00edsticos (FETUR), Margarita Carbajal Carmona, expuso los detalles del World Tourism Trends Summit, a realizarse el 25 y 26 de noviembre en Cozumel, Quintana Roo; como el evento dirigido a quienes quieren estar a la vanguardia del sector tur\u00edstico; a trav\u00e9s de conferencias de alto valor, una red de contactos y exposici\u00f3n de tecnolog\u00eda asociada al sector, y que en esta edici\u00f3n abordar\u00e1 temas como manejo de crisis, micro influencers, inteligencia comercial, y campa\u00f1as de promoci\u00f3n tur\u00edstica inteligentes, por mencionar algunos, y a las que se invit\u00f3 a las y los integrantes de ASETUR a formar parte de este encuentro que lleva 17 a\u00f1os realiz\u00e1ndose.<\/p>\n\n\n\n<p>Durante la 62 Asamblea de ASETUR, las secretarias, secretarios y representantes de las 32 Secretar\u00edas de Turismo estatales, externaron sus dudas, inquietudes y propuestas a los participantes, adem\u00e1s, analizaron los retos y \u00e1reas de oportunidad del sector tur\u00edstico con el prop\u00f3sito de alinear los esfuerzos conjuntos que fortalezcan esta importante actividad. El presidente de ASETUR reiter\u00f3 la invitaci\u00f3n para que, entre todos, sector p\u00fablico y privado, hagamos del turismo una prioridad para M\u00e9xico.<\/p>\n","protected":false},"excerpt":{"rendered":"<p>El presidente de la Uni\u00f3n de Secretarias y Secretarios de Turismo de M\u00e9xico (ASETUR), Bernardo Cueto Riestra, y el gobernador de Oaxaca, Salom\u00f3n Jara Cruz, encabezaron la 62 Asamblea de la Asociaci\u00f3n, en la que se estrecharon los lazos de cooperaci\u00f3n con autoridades de los tres \u00f3rdenes de gobierno y del sector privado, y se [&hellip;]<\/p>\n","protected":false},"author":17,"featured_media":82545,"comment_status":"closed","ping_status":"closed","sticky":false,"template":"","format":"standard","meta":{"footnotes":""},"categories":[12],"tags":[1118,5567,13931,906,93],"yoast_head":"<!-- This site is optimized with the Yoast SEO plugin v22.2 - https:\/\/yoast.com\/wordpress\/plugins\/seo\/ -->\n<title>ASETUR estrecha cooperaci\u00f3n con autoridades e IP para impulsar el turismo - Nitu - Noticias de la Industria Turistica<\/title>\n<meta name=\"robots\" content=\"index, follow, max-snippet:-1, max-image-preview:large, max-video-preview:-1\" \/>\n<link rel=\"canonical\" href=\"https:\/\/nitu.mx\/index.php\/2025\/07\/29\/asetur-estrecha-cooperacion-con-autoridades-e-ip-para-impulsar-el-turismo\/\" \/>\n<meta name=\"twitter:card\" content=\"summary_large_image\" \/>\n<meta name=\"twitter:title\" content=\"ASETUR estrecha cooperaci\u00f3n con autoridades e IP para impulsar el turismo - Nitu - Noticias de la Industria Turistica\" \/>\n<meta name=\"twitter:description\" content=\"El presidente de la Uni\u00f3n de Secretarias y Secretarios de Turismo de M\u00e9xico (ASETUR), Bernardo Cueto Riestra, y el gobernador de Oaxaca, Salom\u00f3n Jara Cruz, encabezaron la 62 Asamblea de la Asociaci\u00f3n, en la que se estrecharon los lazos de cooperaci\u00f3n con autoridades de los tres \u00f3rdenes de gobierno y del sector privado, y se [&hellip;]\" \/>\n<meta name=\"twitter:image\" content=\"https:\/\/nitu.mx\/wp-content\/uploads\/2025\/07\/Asetur-Asamblea-Oaxaca.jpg\" \/>\n<meta name=\"twitter:creator\" content=\"@NITUmx\" \/>\n<meta name=\"twitter:site\" content=\"@Arturo_Medina_G\" \/>\n<meta name=\"twitter:label1\" content=\"Escrito por\" \/>\n\t<meta name=\"twitter:data1\" content=\"Redacci\u00f3n\" \/>\n\t<meta name=\"twitter:label2\" content=\"Tiempo de lectura\" \/>\n\t<meta name=\"twitter:data2\" content=\"7 minutos\" \/>\n<script type=\"application\/ld+json\" class=\"yoast-schema-graph\">{\"@context\":\"https:\/\/schema.org\",\"@graph\":[{\"@type\":\"Article\",\"@id\":\"https:\/\/nitu.mx\/index.php\/2025\/07\/29\/asetur-estrecha-cooperacion-con-autoridades-e-ip-para-impulsar-el-turismo\/#article\",\"isPartOf\":{\"@id\":\"https:\/\/nitu.mx\/index.php\/2025\/07\/29\/asetur-estrecha-cooperacion-con-autoridades-e-ip-para-impulsar-el-turismo\/\"},\"author\":{\"name\":\"Redacci\u00f3n\",\"@id\":\"https:\/\/nitu.mx\/#\/schema\/person\/4a28fe9bd65924f7c90623773daf1b0b\"},\"headline\":\"ASETUR estrecha cooperaci\u00f3n con autoridades e IP para impulsar el turismo\",\"datePublished\":\"2025-07-30T02:00:00+00:00\",\"dateModified\":\"2025-07-30T01:26:22+00:00\",\"mainEntityOfPage\":{\"@id\":\"https:\/\/nitu.mx\/index.php\/2025\/07\/29\/asetur-estrecha-cooperacion-con-autoridades-e-ip-para-impulsar-el-turismo\/\"},\"wordCount\":1436,\"publisher\":{\"@id\":\"https:\/\/nitu.mx\/#\/schema\/person\/ae7a53426417292d3dd07b45a33e01bc\"},\"image\":{\"@id\":\"https:\/\/nitu.mx\/index.php\/2025\/07\/29\/asetur-estrecha-cooperacion-con-autoridades-e-ip-para-impulsar-el-turismo\/#primaryimage\"},\"thumbnailUrl\":\"https:\/\/nitu.mx\/wp-content\/uploads\/2025\/07\/Asetur-Asamblea-Oaxaca.jpg\",\"keywords\":[\"Asetur\",\"ATMEX\",\"Bernardo Cueto\",\"Oaxaca\",\"Sectur\"],\"articleSection\":[\"Marketing\"],\"inLanguage\":\"es-MX\"},{\"@type\":\"WebPage\",\"@id\":\"https:\/\/nitu.mx\/index.php\/2025\/07\/29\/asetur-estrecha-cooperacion-con-autoridades-e-ip-para-impulsar-el-turismo\/\",\"url\":\"https:\/\/nitu.mx\/index.php\/2025\/07\/29\/asetur-estrecha-cooperacion-con-autoridades-e-ip-para-impulsar-el-turismo\/\",\"name\":\"ASETUR estrecha cooperaci\u00f3n con autoridades e IP para impulsar el turismo - Nitu - Noticias de la Industria Turistica\",\"isPartOf\":{\"@id\":\"https:\/\/nitu.mx\/#website\"},\"primaryImageOfPage\":{\"@id\":\"https:\/\/nitu.mx\/index.php\/2025\/07\/29\/asetur-estrecha-cooperacion-con-autoridades-e-ip-para-impulsar-el-turismo\/#primaryimage\"},\"image\":{\"@id\":\"https:\/\/nitu.mx\/index.php\/2025\/07\/29\/asetur-estrecha-cooperacion-con-autoridades-e-ip-para-impulsar-el-turismo\/#primaryimage\"},\"thumbnailUrl\":\"https:\/\/nitu.mx\/wp-content\/uploads\/2025\/07\/Asetur-Asamblea-Oaxaca.jpg\",\"datePublished\":\"2025-07-30T02:00:00+00:00\",\"dateModified\":\"2025-07-30T01:26:22+00:00\",\"breadcrumb\":{\"@id\":\"https:\/\/nitu.mx\/index.php\/2025\/07\/29\/asetur-estrecha-cooperacion-con-autoridades-e-ip-para-impulsar-el-turismo\/#breadcrumb\"},\"inLanguage\":\"es-MX\",\"potentialAction\":[{\"@type\":\"ReadAction\",\"target\":[\"https:\/\/nitu.mx\/index.php\/2025\/07\/29\/asetur-estrecha-cooperacion-con-autoridades-e-ip-para-impulsar-el-turismo\/\"]}]},{\"@type\":\"ImageObject\",\"inLanguage\":\"es-MX\",\"@id\":\"https:\/\/nitu.mx\/index.php\/2025\/07\/29\/asetur-estrecha-cooperacion-con-autoridades-e-ip-para-impulsar-el-turismo\/#primaryimage\",\"url\":\"https:\/\/nitu.mx\/wp-content\/uploads\/2025\/07\/Asetur-Asamblea-Oaxaca.jpg\",\"contentUrl\":\"https:\/\/nitu.mx\/wp-content\/uploads\/2025\/07\/Asetur-Asamblea-Oaxaca.jpg\",\"width\":1200,\"height\":675,\"caption\":\"Asetur Asamblea Oaxaca\"},{\"@type\":\"BreadcrumbList\",\"@id\":\"https:\/\/nitu.mx\/index.php\/2025\/07\/29\/asetur-estrecha-cooperacion-con-autoridades-e-ip-para-impulsar-el-turismo\/#breadcrumb\",\"itemListElement\":[{\"@type\":\"ListItem\",\"position\":1,\"name\":\"Inicio\",\"item\":\"https:\/\/nitu.mx\/\"},{\"@type\":\"ListItem\",\"position\":2,\"name\":\"ASETUR estrecha cooperaci\u00f3n con autoridades e IP para impulsar el turismo\"}]},{\"@type\":\"WebSite\",\"@id\":\"https:\/\/nitu.mx\/#website\",\"url\":\"https:\/\/nitu.mx\/\",\"name\":\"Nitu - Noticias de la Industria Turistica\",\"description\":\"Noticias de la Industria Turistica\",\"publisher\":{\"@id\":\"https:\/\/nitu.mx\/#\/schema\/person\/ae7a53426417292d3dd07b45a33e01bc\"},\"alternateName\":\"Noticias de la Industria Turistica\",\"potentialAction\":[{\"@type\":\"SearchAction\",\"target\":{\"@type\":\"EntryPoint\",\"urlTemplate\":\"https:\/\/nitu.mx\/?s={search_term_string}\"},\"query-input\":\"required name=search_term_string\"}],\"inLanguage\":\"es-MX\"},{\"@type\":[\"Person\",\"Organization\"],\"@id\":\"https:\/\/nitu.mx\/#\/schema\/person\/ae7a53426417292d3dd07b45a33e01bc\",\"name\":\"Arturo Medina\",\"image\":{\"@type\":\"ImageObject\",\"inLanguage\":\"es-MX\",\"@id\":\"https:\/\/nitu.mx\/#\/schema\/person\/image\/\",\"url\":\"https:\/\/nitu.mx\/wp-content\/uploads\/2024\/04\/4A315622-1904-4D5C-B022-878CDC840E04-90x90-1.jpeg\",\"contentUrl\":\"https:\/\/nitu.mx\/wp-content\/uploads\/2024\/04\/4A315622-1904-4D5C-B022-878CDC840E04-90x90-1.jpeg\",\"width\":90,\"height\":90,\"caption\":\"Arturo Medina\"},\"logo\":{\"@id\":\"https:\/\/nitu.mx\/#\/schema\/person\/image\/\"},\"description\":\"Director NITU.mx, Egresado de la Escuela de Periodismo Carlos Septi\u00e9n Garc\u00eda. Periodista y analista especializado en turismo desde hace 35 a\u00f1os, radicado en Canc\u00fan Q.Roo. arturo@nitu.mx\",\"sameAs\":[\"https:\/\/nitu.mx\",\"https:\/\/www.facebook.com\/NITUmx\/\",\"medinacancun\",\"https:\/\/twitter.com\/@Arturo_Medina_G\"]},{\"@type\":\"Person\",\"@id\":\"https:\/\/nitu.mx\/#\/schema\/person\/4a28fe9bd65924f7c90623773daf1b0b\",\"name\":\"Redacci\u00f3n\",\"image\":{\"@type\":\"ImageObject\",\"inLanguage\":\"es-MX\",\"@id\":\"https:\/\/nitu.mx\/#\/schema\/person\/image\/\",\"url\":\"https:\/\/secure.gravatar.com\/avatar\/5dd011c8ccfc5cd7e4c81e42252aab38?s=96&d=mm&r=g\",\"contentUrl\":\"https:\/\/secure.gravatar.com\/avatar\/5dd011c8ccfc5cd7e4c81e42252aab38?s=96&d=mm&r=g\",\"caption\":\"Redacci\u00f3n\"},\"url\":\"https:\/\/nitu.mx\/index.php\/author\/redaccion\/\"}]}<\/script>\n<!-- \/ Yoast SEO plugin. -->","yoast_head_json":{"title":"ASETUR estrecha cooperaci\u00f3n con autoridades e IP para impulsar el turismo - Nitu - Noticias de la Industria Turistica","robots":{"index":"index","follow":"follow","max-snippet":"max-snippet:-1","max-image-preview":"max-image-preview:large","max-video-preview":"max-video-preview:-1"},"canonical":"https:\/\/nitu.mx\/index.php\/2025\/07\/29\/asetur-estrecha-cooperacion-con-autoridades-e-ip-para-impulsar-el-turismo\/","twitter_card":"summary_large_image","twitter_title":"ASETUR estrecha cooperaci\u00f3n con autoridades e IP para impulsar el turismo - Nitu - Noticias de la Industria Turistica","twitter_description":"El presidente de la Uni\u00f3n de Secretarias y Secretarios de Turismo de M\u00e9xico (ASETUR), Bernardo Cueto Riestra, y el gobernador de Oaxaca, Salom\u00f3n Jara Cruz, encabezaron la 62 Asamblea de la Asociaci\u00f3n, en la que se estrecharon los lazos de cooperaci\u00f3n con autoridades de los tres \u00f3rdenes de gobierno y del sector privado, y se [&hellip;]","twitter_image":"https:\/\/nitu.mx\/wp-content\/uploads\/2025\/07\/Asetur-Asamblea-Oaxaca.jpg","twitter_creator":"@NITUmx","twitter_site":"@Arturo_Medina_G","twitter_misc":{"Escrito por":"Redacci\u00f3n","Tiempo de lectura":"7 minutos"},"schema":{"@context":"https:\/\/schema.org","@graph":[{"@type":"Article","@id":"https:\/\/nitu.mx\/index.php\/2025\/07\/29\/asetur-estrecha-cooperacion-con-autoridades-e-ip-para-impulsar-el-turismo\/#article","isPartOf":{"@id":"https:\/\/nitu.mx\/index.php\/2025\/07\/29\/asetur-estrecha-cooperacion-con-autoridades-e-ip-para-impulsar-el-turismo\/"},"author":{"name":"Redacci\u00f3n","@id":"https:\/\/nitu.mx\/#\/schema\/person\/4a28fe9bd65924f7c90623773daf1b0b"},"headline":"ASETUR estrecha cooperaci\u00f3n con autoridades e IP para impulsar el turismo","datePublished":"2025-07-30T02:00:00+00:00","dateModified":"2025-07-30T01:26:22+00:00","mainEntityOfPage":{"@id":"https:\/\/nitu.mx\/index.php\/2025\/07\/29\/asetur-estrecha-cooperacion-con-autoridades-e-ip-para-impulsar-el-turismo\/"},"wordCount":1436,"publisher":{"@id":"https:\/\/nitu.mx\/#\/schema\/person\/ae7a53426417292d3dd07b45a33e01bc"},"image":{"@id":"https:\/\/nitu.mx\/index.php\/2025\/07\/29\/asetur-estrecha-cooperacion-con-autoridades-e-ip-para-impulsar-el-turismo\/#primaryimage"},"thumbnailUrl":"https:\/\/nitu.mx\/wp-content\/uploads\/2025\/07\/Asetur-Asamblea-Oaxaca.jpg","keywords":["Asetur","ATMEX","Bernardo Cueto","Oaxaca","Sectur"],"articleSection":["Marketing"],"inLanguage":"es-MX"},{"@type":"WebPage","@id":"https:\/\/nitu.mx\/index.php\/2025\/07\/29\/asetur-estrecha-cooperacion-con-autoridades-e-ip-para-impulsar-el-turismo\/","url":"https:\/\/nitu.mx\/index.php\/2025\/07\/29\/asetur-estrecha-cooperacion-con-autoridades-e-ip-para-impulsar-el-turismo\/","name":"ASETUR estrecha cooperaci\u00f3n con autoridades e IP para impulsar el turismo - Nitu - Noticias de la Industria Turistica","isPartOf":{"@id":"https:\/\/nitu.mx\/#website"},"primaryImageOfPage":{"@id":"https:\/\/nitu.mx\/index.php\/2025\/07\/29\/asetur-estrecha-cooperacion-con-autoridades-e-ip-para-impulsar-el-turismo\/#primaryimage"},"image":{"@id":"https:\/\/nitu.mx\/index.php\/2025\/07\/29\/asetur-estrecha-cooperacion-con-autoridades-e-ip-para-impulsar-el-turismo\/#primaryimage"},"thumbnailUrl":"https:\/\/nitu.mx\/wp-content\/uploads\/2025\/07\/Asetur-Asamblea-Oaxaca.jpg","datePublished":"2025-07-30T02:00:00+00:00","dateModified":"2025-07-30T01:26:22+00:00","breadcrumb":{"@id":"https:\/\/nitu.mx\/index.php\/2025\/07\/29\/asetur-estrecha-cooperacion-con-autoridades-e-ip-para-impulsar-el-turismo\/#breadcrumb"},"inLanguage":"es-MX","potentialAction":[{"@type":"ReadAction","target":["https:\/\/nitu.mx\/index.php\/2025\/07\/29\/asetur-estrecha-cooperacion-con-autoridades-e-ip-para-impulsar-el-turismo\/"]}]},{"@type":"ImageObject","inLanguage":"es-MX","@id":"https:\/\/nitu.mx\/index.php\/2025\/07\/29\/asetur-estrecha-cooperacion-con-autoridades-e-ip-para-impulsar-el-turismo\/#primaryimage","url":"https:\/\/nitu.mx\/wp-content\/uploads\/2025\/07\/Asetur-Asamblea-Oaxaca.jpg","contentUrl":"https:\/\/nitu.mx\/wp-content\/uploads\/2025\/07\/Asetur-Asamblea-Oaxaca.jpg","width":1200,"height":675,"caption":"Asetur Asamblea Oaxaca"},{"@type":"BreadcrumbList","@id":"https:\/\/nitu.mx\/index.php\/2025\/07\/29\/asetur-estrecha-cooperacion-con-autoridades-e-ip-para-impulsar-el-turismo\/#breadcrumb","itemListElement":[{"@type":"ListItem","position":1,"name":"Inicio","item":"https:\/\/nitu.mx\/"},{"@type":"ListItem","position":2,"name":"ASETUR estrecha cooperaci\u00f3n con autoridades e IP para impulsar el turismo"}]},{"@type":"WebSite","@id":"https:\/\/nitu.mx\/#website","url":"https:\/\/nitu.mx\/","name":"Nitu - Noticias de la Industria Turistica","description":"Noticias de la Industria Turistica","publisher":{"@id":"https:\/\/nitu.mx\/#\/schema\/person\/ae7a53426417292d3dd07b45a33e01bc"},"alternateName":"Noticias de la Industria Turistica","potentialAction":[{"@type":"SearchAction","target":{"@type":"EntryPoint","urlTemplate":"https:\/\/nitu.mx\/?s={search_term_string}"},"query-input":"required name=search_term_string"}],"inLanguage":"es-MX"},{"@type":["Person","Organization"],"@id":"https:\/\/nitu.mx\/#\/schema\/person\/ae7a53426417292d3dd07b45a33e01bc","name":"Arturo Medina","image":{"@type":"ImageObject","inLanguage":"es-MX","@id":"https:\/\/nitu.mx\/#\/schema\/person\/image\/","url":"https:\/\/nitu.mx\/wp-content\/uploads\/2024\/04\/4A315622-1904-4D5C-B022-878CDC840E04-90x90-1.jpeg","contentUrl":"https:\/\/nitu.mx\/wp-content\/uploads\/2024\/04\/4A315622-1904-4D5C-B022-878CDC840E04-90x90-1.jpeg","width":90,"height":90,"caption":"Arturo Medina"},"logo":{"@id":"https:\/\/nitu.mx\/#\/schema\/person\/image\/"},"description":"Director NITU.mx, Egresado de la Escuela de Periodismo Carlos Septi\u00e9n Garc\u00eda. Periodista y analista especializado en turismo desde hace 35 a\u00f1os, radicado en Canc\u00fan Q.Roo. arturo@nitu.mx","sameAs":["https:\/\/nitu.mx","https:\/\/www.facebook.com\/NITUmx\/","medinacancun","https:\/\/twitter.com\/@Arturo_Medina_G"]},{"@type":"Person","@id":"https:\/\/nitu.mx\/#\/schema\/person\/4a28fe9bd65924f7c90623773daf1b0b","name":"Redacci\u00f3n","image":{"@type":"ImageObject","inLanguage":"es-MX","@id":"https:\/\/nitu.mx\/#\/schema\/person\/image\/","url":"https:\/\/secure.gravatar.com\/avatar\/5dd011c8ccfc5cd7e4c81e42252aab38?s=96&d=mm&r=g","contentUrl":"https:\/\/secure.gravatar.com\/avatar\/5dd011c8ccfc5cd7e4c81e42252aab38?s=96&d=mm&r=g","caption":"Redacci\u00f3n"},"url":"https:\/\/nitu.mx\/index.php\/author\/redaccion\/"}]}},"views":537,"_links":{"self":[{"href":"https:\/\/nitu.mx\/index.php\/wp-json\/wp\/v2\/posts\/82542"}],"collection":[{"href":"https:\/\/nitu.mx\/index.php\/wp-json\/wp\/v2\/posts"}],"about":[{"href":"https:\/\/nitu.mx\/index.php\/wp-json\/wp\/v2\/types\/post"}],"author":[{"embeddable":true,"href":"https:\/\/nitu.mx\/index.php\/wp-json\/wp\/v2\/users\/17"}],"replies":[{"embeddable":true,"href":"https:\/\/nitu.mx\/index.php\/wp-json\/wp\/v2\/comments?post=82542"}],"version-history":[{"count":1,"href":"https:\/\/nitu.mx\/index.php\/wp-json\/wp\/v2\/posts\/82542\/revisions"}],"predecessor-version":[{"id":82544,"href":"https:\/\/nitu.mx\/index.php\/wp-json\/wp\/v2\/posts\/82542\/revisions\/82544"}],"wp:featuredmedia":[{"embeddable":true,"href":"https:\/\/nitu.mx\/index.php\/wp-json\/wp\/v2\/media\/82545"}],"wp:attachment":[{"href":"https:\/\/nitu.mx\/index.php\/wp-json\/wp\/v2\/media?parent=82542"}],"wp:term":[{"taxonomy":"category","embeddable":true,"href":"https:\/\/nitu.mx\/index.php\/wp-json\/wp\/v2\/categories?post=82542"},{"taxonomy":"post_tag","embeddable":true,"href":"https:\/\/nitu.mx\/index.php\/wp-json\/wp\/v2\/tags?post=82542"}],"curies":[{"name":"wp","href":"https:\/\/api.w.org\/{rel}","templated":true}]}}