{"id":82537,"date":"2025-07-29T19:00:00","date_gmt":"2025-07-30T01:00:00","guid":{"rendered":"https:\/\/nitu.mx\/?p=82537"},"modified":"2025-07-29T17:51:06","modified_gmt":"2025-07-29T23:51:06","slug":"iberostar-y-conalep-cierran-filas-para-impulsar-la-preparacion-de-profesionales-del-turismo","status":"publish","type":"post","link":"https:\/\/nitu.mx\/index.php\/2025\/07\/29\/iberostar-y-conalep-cierran-filas-para-impulsar-la-preparacion-de-profesionales-del-turismo\/","title":{"rendered":"Iberostar y Conalep cierran filas para impulsar la preparaci\u00f3n de profesionales del turismo"},"content":{"rendered":"\n<p>Con el objetivo de promover un modelo de formaci\u00f3n integral de calidad, que permita atraer y formar a los profesionales del sector hotelero del futuro, la compa\u00f1\u00eda hotelera\u00a0Iberostar\u00a0apuesta por un programa formaci\u00f3n profesional dual, que combina el contenido te\u00f3rico con la experiencia pr\u00e1ctica en entornos reales de trabajo.<\/p>\n\n\n\n<p>El convenio entre\u00a0Iberostar Hotels &amp; Resorts\u00a0y\u00a0Conalep tiene como objetivo fomentar la formaci\u00f3n profesional dual a lo largo de los 32 estados de la Rep\u00fablica Mexicana. <\/p>\n\n\n\n<p>Este acuerdo se enfoca en capacitar y certificar las competencias de los participantes en el programa, as\u00ed como promover oportunidades de calidad para impulsar sus carreras profesionales. <\/p>\n\n\n\n<p>Un reflejo de esta iniciativa ha sido la reciente ceremonia de graduaci\u00f3n celebrada en el\u00a0Teatro de la Ciudad de Playa del Carmen, donde\u00a0100 estudiantes del Plantel Conalep Playa del Carmen,\u00a0recibieron el diploma que acredita la finalizaci\u00f3n de su etapa formativa pr\u00e1ctica en distintos hoteles de Iberostar. La alianza con este plantel lleva casi cinco a\u00f1os, mientras que a nivel nacional se firm\u00f3 un convenio en 2024.<\/p>\n\n\n\n<p>Del grupo participante en esta promoci\u00f3n, 75 j\u00f3venes estuvieron en Iberostar Complejo Playa Para\u00edso y 25 en Iberostar Waves Tuc\u00e1n &amp; Iberostar Waves Quetzal, desarroll\u00e1ndose en \u00e1reas fundamentales de la operativa de un hotel como bares y restaurantes, cocina, spa, animaci\u00f3n, eventos, ama de llaves, Star Camp, departamento de 3R (reducir, reutilizar y reciclar), administraci\u00f3n, recursos humanos, sistemas y mantenimiento.<\/p>\n\n\n\n<p>Stephanie Johana Cabrera Dom\u00ednguez,\u00a0alumna de la carrera de Administraci\u00f3n, quien realiz\u00f3 su formaci\u00f3n pr\u00e1ctica en Recursos Humanos, comparti\u00f3:\u00a0\u201cLlegu\u00e9 sin saber nada, con miedo y emoci\u00f3n, pero hubo personas a mi lado en cada momento. Tuve la oportunidad de conocer cada departamento y relacionarme con colaboradores de distintas \u00e1reas. Esto me permiti\u00f3 desarrollarme a nivel laboral y despertar un inter\u00e9s sincero hacia la hoteler\u00eda. Sin duda, es una experiencia innovadora que volver\u00eda a vivir\u201d.<\/p>\n\n\n\n<p>Magda Flores, directora de Recursos Humanos de Iberostar en M\u00e9xico, coment\u00f3: \u201cAdem\u00e1s, a lo largo del periodo formativo, los participantes fueron guiados por un equipo de 30 Tutores de Iberostar con amplia experiencia en la operativa del hotel. Este acompa\u00f1amiento es un elemento diferenciador del modelo formativo que impulsa la compa\u00f1\u00eda&#8221;.<\/p>\n\n\n\n<p>\u201cLas y los j\u00f3venes participantes en este programa se benefician desde el inicio con un programa de formaci\u00f3n y desarrollan un plan de carrera dentro de una empresa global y fortalecen competencias t\u00e9cnicas y habilidades en un entorno de aprendizaje guiado\u201d, complet\u00f3 Flores.<\/p>\n\n\n\n<p>Este programa sigue creciendo: la generaci\u00f3n 2025-2026 del Conalep Playa del Carmen comenzar\u00e1 su formaci\u00f3n en agosto, con un total de 112 estudiantes \u201441 en Iberostar Waves Tuc\u00e1n &amp; Iberostar Waves Quetzal y 71 en el Complejo Iberostar Playa Para\u00edso\u2014, reforzando la visi\u00f3n estrat\u00e9gica de Iberostar de construir nuevas generaciones de profesionales a trav\u00e9s de una educaci\u00f3n de calidad y con prop\u00f3sito que combine conocimientos te\u00f3ricos y experiencia pr\u00e1ctica. (<a href=\"https:\/\/nitu.mx\/index.php\/2025\/04\/14\/iberostar-mexico-y-brasil-reportan-el-menor-crecimiento-en-america-latina\/\">Iberostar: M\u00e9xico y Brasil reportan el menor crecimiento en Am\u00e9rica Latina<\/a>).<\/p>\n\n\n\n<p>El evento cont\u00f3 con la presencia de autoridades y representantes institucionales, como:<\/p>\n\n\n\n<ul>\n<li>Lic. Yamili Dom\u00ednguez Chan, Subdirectora de Educaci\u00f3n<\/li>\n\n\n\n<li>Lilia In\u00e9s Mis Mart\u00ednez, Diputada de la Legislatura del estado de Quintana Roo<\/li>\n\n\n\n<li>An\u00edbal Montalvo P\u00e9rez, Director General de Conalep Quintana Roo<\/li>\n\n\n\n<li>Randy Joel Estrada Campos, Director T\u00e9cnico Acad\u00e9mico de la Direcci\u00f3n General de Conalep<\/li>\n\n\n\n<li>Mtro. Onoc\u00edfero Paredes, Representante de la Secretar\u00eda de Educaci\u00f3n en Quintana Roo<\/li>\n\n\n\n<li>Alfredo Adonay Nu\u00f1ez Cant\u00fa, Director del Conalep, plantel Playa del Carmen<\/li>\n\n\n\n<li>Lic. Magda Flores, Directora de Recursos Humanos de Iberostar en M\u00e9xico<\/li>\n<\/ul>\n","protected":false},"excerpt":{"rendered":"<p>Con el objetivo de promover un modelo de formaci\u00f3n integral de calidad, que permita atraer y formar a los profesionales del sector hotelero del futuro, la compa\u00f1\u00eda hotelera\u00a0Iberostar\u00a0apuesta por un programa formaci\u00f3n profesional dual, que combina el contenido te\u00f3rico con la experiencia pr\u00e1ctica en entornos reales de trabajo. El convenio entre\u00a0Iberostar Hotels &amp; Resorts\u00a0y\u00a0Conalep tiene [&hellip;]<\/p>\n","protected":false},"author":17,"featured_media":82541,"comment_status":"closed","ping_status":"closed","sticky":false,"template":"","format":"standard","meta":{"footnotes":""},"categories":[2],"tags":[24628,7769,1227,405,27574],"yoast_head":"<!-- This site is optimized with the Yoast SEO plugin v22.2 - https:\/\/yoast.com\/wordpress\/plugins\/seo\/ -->\n<title>Iberostar y Conalep cierran filas para impulsar la preparaci\u00f3n de profesionales del turismo - Nitu - Noticias de la Industria Turistica<\/title>\n<meta name=\"robots\" content=\"index, follow, max-snippet:-1, max-image-preview:large, max-video-preview:-1\" \/>\n<link rel=\"canonical\" href=\"https:\/\/nitu.mx\/index.php\/2025\/07\/29\/iberostar-y-conalep-cierran-filas-para-impulsar-la-preparacion-de-profesionales-del-turismo\/\" \/>\n<meta name=\"twitter:card\" content=\"summary_large_image\" \/>\n<meta name=\"twitter:title\" content=\"Iberostar y Conalep cierran filas para impulsar la preparaci\u00f3n de profesionales del turismo - Nitu - Noticias de la Industria Turistica\" \/>\n<meta name=\"twitter:description\" content=\"Con el objetivo de promover un modelo de formaci\u00f3n integral de calidad, que permita atraer y formar a los profesionales del sector hotelero del futuro, la compa\u00f1\u00eda hotelera\u00a0Iberostar\u00a0apuesta por un programa formaci\u00f3n profesional dual, que combina el contenido te\u00f3rico con la experiencia pr\u00e1ctica en entornos reales de trabajo. El convenio entre\u00a0Iberostar Hotels &amp; Resorts\u00a0y\u00a0Conalep tiene [&hellip;]\" \/>\n<meta name=\"twitter:image\" content=\"https:\/\/nitu.mx\/wp-content\/uploads\/2025\/07\/Iberostar-convenio-Conalep.jpg\" \/>\n<meta name=\"twitter:creator\" content=\"@NITUmx\" \/>\n<meta name=\"twitter:site\" content=\"@Arturo_Medina_G\" \/>\n<meta name=\"twitter:label1\" content=\"Escrito por\" \/>\n\t<meta name=\"twitter:data1\" content=\"Redacci\u00f3n\" \/>\n\t<meta name=\"twitter:label2\" content=\"Tiempo de lectura\" \/>\n\t<meta name=\"twitter:data2\" content=\"3 minutos\" \/>\n<script type=\"application\/ld+json\" class=\"yoast-schema-graph\">{\"@context\":\"https:\/\/schema.org\",\"@graph\":[{\"@type\":\"Article\",\"@id\":\"https:\/\/nitu.mx\/index.php\/2025\/07\/29\/iberostar-y-conalep-cierran-filas-para-impulsar-la-preparacion-de-profesionales-del-turismo\/#article\",\"isPartOf\":{\"@id\":\"https:\/\/nitu.mx\/index.php\/2025\/07\/29\/iberostar-y-conalep-cierran-filas-para-impulsar-la-preparacion-de-profesionales-del-turismo\/\"},\"author\":{\"name\":\"Redacci\u00f3n\",\"@id\":\"https:\/\/nitu.mx\/#\/schema\/person\/4a28fe9bd65924f7c90623773daf1b0b\"},\"headline\":\"Iberostar y Conalep cierran filas para impulsar la preparaci\u00f3n de profesionales del turismo\",\"datePublished\":\"2025-07-30T01:00:00+00:00\",\"dateModified\":\"2025-07-29T23:51:06+00:00\",\"mainEntityOfPage\":{\"@id\":\"https:\/\/nitu.mx\/index.php\/2025\/07\/29\/iberostar-y-conalep-cierran-filas-para-impulsar-la-preparacion-de-profesionales-del-turismo\/\"},\"wordCount\":636,\"publisher\":{\"@id\":\"https:\/\/nitu.mx\/#\/schema\/person\/ae7a53426417292d3dd07b45a33e01bc\"},\"image\":{\"@id\":\"https:\/\/nitu.mx\/index.php\/2025\/07\/29\/iberostar-y-conalep-cierran-filas-para-impulsar-la-preparacion-de-profesionales-del-turismo\/#primaryimage\"},\"thumbnailUrl\":\"https:\/\/nitu.mx\/wp-content\/uploads\/2025\/07\/Iberostar-convenio-Conalep.jpg\",\"keywords\":[\"Conalep\",\"Educaci\u00f3n\",\"Iberostar\",\"Playa del Carmen\",\"profesionales del turismo\"],\"articleSection\":[\"Hoteles\"],\"inLanguage\":\"es-MX\"},{\"@type\":\"WebPage\",\"@id\":\"https:\/\/nitu.mx\/index.php\/2025\/07\/29\/iberostar-y-conalep-cierran-filas-para-impulsar-la-preparacion-de-profesionales-del-turismo\/\",\"url\":\"https:\/\/nitu.mx\/index.php\/2025\/07\/29\/iberostar-y-conalep-cierran-filas-para-impulsar-la-preparacion-de-profesionales-del-turismo\/\",\"name\":\"Iberostar y Conalep cierran filas para impulsar la preparaci\u00f3n de profesionales del turismo - Nitu - Noticias de la Industria Turistica\",\"isPartOf\":{\"@id\":\"https:\/\/nitu.mx\/#website\"},\"primaryImageOfPage\":{\"@id\":\"https:\/\/nitu.mx\/index.php\/2025\/07\/29\/iberostar-y-conalep-cierran-filas-para-impulsar-la-preparacion-de-profesionales-del-turismo\/#primaryimage\"},\"image\":{\"@id\":\"https:\/\/nitu.mx\/index.php\/2025\/07\/29\/iberostar-y-conalep-cierran-filas-para-impulsar-la-preparacion-de-profesionales-del-turismo\/#primaryimage\"},\"thumbnailUrl\":\"https:\/\/nitu.mx\/wp-content\/uploads\/2025\/07\/Iberostar-convenio-Conalep.jpg\",\"datePublished\":\"2025-07-30T01:00:00+00:00\",\"dateModified\":\"2025-07-29T23:51:06+00:00\",\"breadcrumb\":{\"@id\":\"https:\/\/nitu.mx\/index.php\/2025\/07\/29\/iberostar-y-conalep-cierran-filas-para-impulsar-la-preparacion-de-profesionales-del-turismo\/#breadcrumb\"},\"inLanguage\":\"es-MX\",\"potentialAction\":[{\"@type\":\"ReadAction\",\"target\":[\"https:\/\/nitu.mx\/index.php\/2025\/07\/29\/iberostar-y-conalep-cierran-filas-para-impulsar-la-preparacion-de-profesionales-del-turismo\/\"]}]},{\"@type\":\"ImageObject\",\"inLanguage\":\"es-MX\",\"@id\":\"https:\/\/nitu.mx\/index.php\/2025\/07\/29\/iberostar-y-conalep-cierran-filas-para-impulsar-la-preparacion-de-profesionales-del-turismo\/#primaryimage\",\"url\":\"https:\/\/nitu.mx\/wp-content\/uploads\/2025\/07\/Iberostar-convenio-Conalep.jpg\",\"contentUrl\":\"https:\/\/nitu.mx\/wp-content\/uploads\/2025\/07\/Iberostar-convenio-Conalep.jpg\",\"width\":1200,\"height\":675,\"caption\":\"Iberostar convenio Conalep\"},{\"@type\":\"BreadcrumbList\",\"@id\":\"https:\/\/nitu.mx\/index.php\/2025\/07\/29\/iberostar-y-conalep-cierran-filas-para-impulsar-la-preparacion-de-profesionales-del-turismo\/#breadcrumb\",\"itemListElement\":[{\"@type\":\"ListItem\",\"position\":1,\"name\":\"Inicio\",\"item\":\"https:\/\/nitu.mx\/\"},{\"@type\":\"ListItem\",\"position\":2,\"name\":\"Iberostar y Conalep cierran filas para impulsar la preparaci\u00f3n de profesionales del turismo\"}]},{\"@type\":\"WebSite\",\"@id\":\"https:\/\/nitu.mx\/#website\",\"url\":\"https:\/\/nitu.mx\/\",\"name\":\"Nitu - Noticias de la Industria Turistica\",\"description\":\"Noticias de la Industria Turistica\",\"publisher\":{\"@id\":\"https:\/\/nitu.mx\/#\/schema\/person\/ae7a53426417292d3dd07b45a33e01bc\"},\"alternateName\":\"Noticias de la Industria Turistica\",\"potentialAction\":[{\"@type\":\"SearchAction\",\"target\":{\"@type\":\"EntryPoint\",\"urlTemplate\":\"https:\/\/nitu.mx\/?s={search_term_string}\"},\"query-input\":\"required name=search_term_string\"}],\"inLanguage\":\"es-MX\"},{\"@type\":[\"Person\",\"Organization\"],\"@id\":\"https:\/\/nitu.mx\/#\/schema\/person\/ae7a53426417292d3dd07b45a33e01bc\",\"name\":\"Arturo Medina\",\"image\":{\"@type\":\"ImageObject\",\"inLanguage\":\"es-MX\",\"@id\":\"https:\/\/nitu.mx\/#\/schema\/person\/image\/\",\"url\":\"https:\/\/nitu.mx\/wp-content\/uploads\/2024\/04\/4A315622-1904-4D5C-B022-878CDC840E04-90x90-1.jpeg\",\"contentUrl\":\"https:\/\/nitu.mx\/wp-content\/uploads\/2024\/04\/4A315622-1904-4D5C-B022-878CDC840E04-90x90-1.jpeg\",\"width\":90,\"height\":90,\"caption\":\"Arturo Medina\"},\"logo\":{\"@id\":\"https:\/\/nitu.mx\/#\/schema\/person\/image\/\"},\"description\":\"Director NITU.mx, Egresado de la Escuela de Periodismo Carlos Septi\u00e9n Garc\u00eda. Periodista y analista especializado en turismo desde hace 35 a\u00f1os, radicado en Canc\u00fan Q.Roo. arturo@nitu.mx\",\"sameAs\":[\"https:\/\/nitu.mx\",\"https:\/\/www.facebook.com\/NITUmx\/\",\"medinacancun\",\"https:\/\/twitter.com\/@Arturo_Medina_G\"]},{\"@type\":\"Person\",\"@id\":\"https:\/\/nitu.mx\/#\/schema\/person\/4a28fe9bd65924f7c90623773daf1b0b\",\"name\":\"Redacci\u00f3n\",\"image\":{\"@type\":\"ImageObject\",\"inLanguage\":\"es-MX\",\"@id\":\"https:\/\/nitu.mx\/#\/schema\/person\/image\/\",\"url\":\"https:\/\/secure.gravatar.com\/avatar\/5dd011c8ccfc5cd7e4c81e42252aab38?s=96&d=mm&r=g\",\"contentUrl\":\"https:\/\/secure.gravatar.com\/avatar\/5dd011c8ccfc5cd7e4c81e42252aab38?s=96&d=mm&r=g\",\"caption\":\"Redacci\u00f3n\"},\"url\":\"https:\/\/nitu.mx\/index.php\/author\/redaccion\/\"}]}<\/script>\n<!-- \/ Yoast SEO plugin. -->","yoast_head_json":{"title":"Iberostar y Conalep cierran filas para impulsar la preparaci\u00f3n de profesionales del turismo - Nitu - Noticias de la Industria Turistica","robots":{"index":"index","follow":"follow","max-snippet":"max-snippet:-1","max-image-preview":"max-image-preview:large","max-video-preview":"max-video-preview:-1"},"canonical":"https:\/\/nitu.mx\/index.php\/2025\/07\/29\/iberostar-y-conalep-cierran-filas-para-impulsar-la-preparacion-de-profesionales-del-turismo\/","twitter_card":"summary_large_image","twitter_title":"Iberostar y Conalep cierran filas para impulsar la preparaci\u00f3n de profesionales del turismo - Nitu - Noticias de la Industria Turistica","twitter_description":"Con el objetivo de promover un modelo de formaci\u00f3n integral de calidad, que permita atraer y formar a los profesionales del sector hotelero del futuro, la compa\u00f1\u00eda hotelera\u00a0Iberostar\u00a0apuesta por un programa formaci\u00f3n profesional dual, que combina el contenido te\u00f3rico con la experiencia pr\u00e1ctica en entornos reales de trabajo. El convenio entre\u00a0Iberostar Hotels &amp; Resorts\u00a0y\u00a0Conalep tiene [&hellip;]","twitter_image":"https:\/\/nitu.mx\/wp-content\/uploads\/2025\/07\/Iberostar-convenio-Conalep.jpg","twitter_creator":"@NITUmx","twitter_site":"@Arturo_Medina_G","twitter_misc":{"Escrito por":"Redacci\u00f3n","Tiempo de lectura":"3 minutos"},"schema":{"@context":"https:\/\/schema.org","@graph":[{"@type":"Article","@id":"https:\/\/nitu.mx\/index.php\/2025\/07\/29\/iberostar-y-conalep-cierran-filas-para-impulsar-la-preparacion-de-profesionales-del-turismo\/#article","isPartOf":{"@id":"https:\/\/nitu.mx\/index.php\/2025\/07\/29\/iberostar-y-conalep-cierran-filas-para-impulsar-la-preparacion-de-profesionales-del-turismo\/"},"author":{"name":"Redacci\u00f3n","@id":"https:\/\/nitu.mx\/#\/schema\/person\/4a28fe9bd65924f7c90623773daf1b0b"},"headline":"Iberostar y Conalep cierran filas para impulsar la preparaci\u00f3n de profesionales del turismo","datePublished":"2025-07-30T01:00:00+00:00","dateModified":"2025-07-29T23:51:06+00:00","mainEntityOfPage":{"@id":"https:\/\/nitu.mx\/index.php\/2025\/07\/29\/iberostar-y-conalep-cierran-filas-para-impulsar-la-preparacion-de-profesionales-del-turismo\/"},"wordCount":636,"publisher":{"@id":"https:\/\/nitu.mx\/#\/schema\/person\/ae7a53426417292d3dd07b45a33e01bc"},"image":{"@id":"https:\/\/nitu.mx\/index.php\/2025\/07\/29\/iberostar-y-conalep-cierran-filas-para-impulsar-la-preparacion-de-profesionales-del-turismo\/#primaryimage"},"thumbnailUrl":"https:\/\/nitu.mx\/wp-content\/uploads\/2025\/07\/Iberostar-convenio-Conalep.jpg","keywords":["Conalep","Educaci\u00f3n","Iberostar","Playa del Carmen","profesionales del turismo"],"articleSection":["Hoteles"],"inLanguage":"es-MX"},{"@type":"WebPage","@id":"https:\/\/nitu.mx\/index.php\/2025\/07\/29\/iberostar-y-conalep-cierran-filas-para-impulsar-la-preparacion-de-profesionales-del-turismo\/","url":"https:\/\/nitu.mx\/index.php\/2025\/07\/29\/iberostar-y-conalep-cierran-filas-para-impulsar-la-preparacion-de-profesionales-del-turismo\/","name":"Iberostar y Conalep cierran filas para impulsar la preparaci\u00f3n de profesionales del turismo - Nitu - Noticias de la Industria Turistica","isPartOf":{"@id":"https:\/\/nitu.mx\/#website"},"primaryImageOfPage":{"@id":"https:\/\/nitu.mx\/index.php\/2025\/07\/29\/iberostar-y-conalep-cierran-filas-para-impulsar-la-preparacion-de-profesionales-del-turismo\/#primaryimage"},"image":{"@id":"https:\/\/nitu.mx\/index.php\/2025\/07\/29\/iberostar-y-conalep-cierran-filas-para-impulsar-la-preparacion-de-profesionales-del-turismo\/#primaryimage"},"thumbnailUrl":"https:\/\/nitu.mx\/wp-content\/uploads\/2025\/07\/Iberostar-convenio-Conalep.jpg","datePublished":"2025-07-30T01:00:00+00:00","dateModified":"2025-07-29T23:51:06+00:00","breadcrumb":{"@id":"https:\/\/nitu.mx\/index.php\/2025\/07\/29\/iberostar-y-conalep-cierran-filas-para-impulsar-la-preparacion-de-profesionales-del-turismo\/#breadcrumb"},"inLanguage":"es-MX","potentialAction":[{"@type":"ReadAction","target":["https:\/\/nitu.mx\/index.php\/2025\/07\/29\/iberostar-y-conalep-cierran-filas-para-impulsar-la-preparacion-de-profesionales-del-turismo\/"]}]},{"@type":"ImageObject","inLanguage":"es-MX","@id":"https:\/\/nitu.mx\/index.php\/2025\/07\/29\/iberostar-y-conalep-cierran-filas-para-impulsar-la-preparacion-de-profesionales-del-turismo\/#primaryimage","url":"https:\/\/nitu.mx\/wp-content\/uploads\/2025\/07\/Iberostar-convenio-Conalep.jpg","contentUrl":"https:\/\/nitu.mx\/wp-content\/uploads\/2025\/07\/Iberostar-convenio-Conalep.jpg","width":1200,"height":675,"caption":"Iberostar convenio Conalep"},{"@type":"BreadcrumbList","@id":"https:\/\/nitu.mx\/index.php\/2025\/07\/29\/iberostar-y-conalep-cierran-filas-para-impulsar-la-preparacion-de-profesionales-del-turismo\/#breadcrumb","itemListElement":[{"@type":"ListItem","position":1,"name":"Inicio","item":"https:\/\/nitu.mx\/"},{"@type":"ListItem","position":2,"name":"Iberostar y Conalep cierran filas para impulsar la preparaci\u00f3n de profesionales del turismo"}]},{"@type":"WebSite","@id":"https:\/\/nitu.mx\/#website","url":"https:\/\/nitu.mx\/","name":"Nitu - Noticias de la Industria Turistica","description":"Noticias de la Industria Turistica","publisher":{"@id":"https:\/\/nitu.mx\/#\/schema\/person\/ae7a53426417292d3dd07b45a33e01bc"},"alternateName":"Noticias de la Industria Turistica","potentialAction":[{"@type":"SearchAction","target":{"@type":"EntryPoint","urlTemplate":"https:\/\/nitu.mx\/?s={search_term_string}"},"query-input":"required name=search_term_string"}],"inLanguage":"es-MX"},{"@type":["Person","Organization"],"@id":"https:\/\/nitu.mx\/#\/schema\/person\/ae7a53426417292d3dd07b45a33e01bc","name":"Arturo Medina","image":{"@type":"ImageObject","inLanguage":"es-MX","@id":"https:\/\/nitu.mx\/#\/schema\/person\/image\/","url":"https:\/\/nitu.mx\/wp-content\/uploads\/2024\/04\/4A315622-1904-4D5C-B022-878CDC840E04-90x90-1.jpeg","contentUrl":"https:\/\/nitu.mx\/wp-content\/uploads\/2024\/04\/4A315622-1904-4D5C-B022-878CDC840E04-90x90-1.jpeg","width":90,"height":90,"caption":"Arturo Medina"},"logo":{"@id":"https:\/\/nitu.mx\/#\/schema\/person\/image\/"},"description":"Director NITU.mx, Egresado de la Escuela de Periodismo Carlos Septi\u00e9n Garc\u00eda. Periodista y analista especializado en turismo desde hace 35 a\u00f1os, radicado en Canc\u00fan Q.Roo. arturo@nitu.mx","sameAs":["https:\/\/nitu.mx","https:\/\/www.facebook.com\/NITUmx\/","medinacancun","https:\/\/twitter.com\/@Arturo_Medina_G"]},{"@type":"Person","@id":"https:\/\/nitu.mx\/#\/schema\/person\/4a28fe9bd65924f7c90623773daf1b0b","name":"Redacci\u00f3n","image":{"@type":"ImageObject","inLanguage":"es-MX","@id":"https:\/\/nitu.mx\/#\/schema\/person\/image\/","url":"https:\/\/secure.gravatar.com\/avatar\/5dd011c8ccfc5cd7e4c81e42252aab38?s=96&d=mm&r=g","contentUrl":"https:\/\/secure.gravatar.com\/avatar\/5dd011c8ccfc5cd7e4c81e42252aab38?s=96&d=mm&r=g","caption":"Redacci\u00f3n"},"url":"https:\/\/nitu.mx\/index.php\/author\/redaccion\/"}]}},"views":886,"_links":{"self":[{"href":"https:\/\/nitu.mx\/index.php\/wp-json\/wp\/v2\/posts\/82537"}],"collection":[{"href":"https:\/\/nitu.mx\/index.php\/wp-json\/wp\/v2\/posts"}],"about":[{"href":"https:\/\/nitu.mx\/index.php\/wp-json\/wp\/v2\/types\/post"}],"author":[{"embeddable":true,"href":"https:\/\/nitu.mx\/index.php\/wp-json\/wp\/v2\/users\/17"}],"replies":[{"embeddable":true,"href":"https:\/\/nitu.mx\/index.php\/wp-json\/wp\/v2\/comments?post=82537"}],"version-history":[{"count":1,"href":"https:\/\/nitu.mx\/index.php\/wp-json\/wp\/v2\/posts\/82537\/revisions"}],"predecessor-version":[{"id":82540,"href":"https:\/\/nitu.mx\/index.php\/wp-json\/wp\/v2\/posts\/82537\/revisions\/82540"}],"wp:featuredmedia":[{"embeddable":true,"href":"https:\/\/nitu.mx\/index.php\/wp-json\/wp\/v2\/media\/82541"}],"wp:attachment":[{"href":"https:\/\/nitu.mx\/index.php\/wp-json\/wp\/v2\/media?parent=82537"}],"wp:term":[{"taxonomy":"category","embeddable":true,"href":"https:\/\/nitu.mx\/index.php\/wp-json\/wp\/v2\/categories?post=82537"},{"taxonomy":"post_tag","embeddable":true,"href":"https:\/\/nitu.mx\/index.php\/wp-json\/wp\/v2\/tags?post=82537"}],"curies":[{"name":"wp","href":"https:\/\/api.w.org\/{rel}","templated":true}]}}