{"id":82530,"date":"2025-07-29T14:26:50","date_gmt":"2025-07-29T20:26:50","guid":{"rendered":"https:\/\/nitu.mx\/?p=82530"},"modified":"2025-07-29T14:26:51","modified_gmt":"2025-07-29T20:26:51","slug":"crece-la-llegada-de-turistas-internacionales-a-quintana-roo","status":"publish","type":"post","link":"https:\/\/nitu.mx\/index.php\/2025\/07\/29\/crece-la-llegada-de-turistas-internacionales-a-quintana-roo\/","title":{"rendered":"Crece la llegada de turistas internacionales a Quintana Roo"},"content":{"rendered":"\n<p>De enero a mayo del 2025, la llegada de pasajeros internacionales a Quintana Roo registr\u00f3 un promedio de 928 mil personas, cantidad que supera el promedio de 859 mil registrado el a\u00f1o pasado, de acuerdo con datos de la Unidad de Pol\u00edtica Migratoria del Instituto Nacional de Migraci\u00f3n (INM).<\/p>\n\n\n\n<p>Este crecimiento refleja que Quintana Roo sigue conquistando al mundo con su belleza natural, infraestructura tur\u00edstica de primer nivel, la seguridad que se fortalece a diario, pero principalmente por la calidez de su gente.<\/p>\n\n\n\n<p>El incremento en la llegada de turistas internacionales reafirma a Quintana Roo como uno de los destinos favoritos a nivel global, lo que quedar\u00e1 consolidado en esta temporada vacacional de verano.<\/p>\n\n\n\n<p>Por otra parte, en el primer semestre de este a\u00f1o increment\u00f3 el arribo de cruceros a Quintana Roo. Cozumel recibi\u00f3 685 llegadas y 2.4 millones de pasajeros, en tanto que Mahahual tuvo 302 arribos y 1.2 millones de pasajeros, ambos por arriba de Los Cabos, Ensenada y Puerto Vallarta. (<a href=\"https:\/\/nitu.mx\/index.php\/2025\/07\/27\/mexico-recibe-5-6-millones-de-cruceristas-en-el-1er-semestre-del-ano\/\">M\u00e9xico recibe 5.6 millones de cruceristas en el 1er semestre del a\u00f1o<\/a>).<\/p>\n\n\n\n<p>\u201cEste resultado es una muestra clara de que el mundo quiere venir a Quintana Roo. Estamos trabajando de manera estrat\u00e9gica con gobiernos, aerol\u00edneas, navieras, agencias de viaje y touroperadores de distintos pa\u00edses para seguir atrayendo visitantes que valoran nuestra cultura, nuestras playas, nuestra gastronom\u00eda y, sobre todo, nuestra gente\u201d, afirm\u00f3 la gobernadora Mara Lezama.<\/p>\n\n\n\n<p>La diversificaci\u00f3n de mercados, la promoci\u00f3n internacional en ferias tur\u00edsticas, el fortalecimiento de rutas a\u00e9reas y la colaboraci\u00f3n institucional han sido pilares fundamentales para este logro. Pa\u00edses como Estados Unidos, Canad\u00e1, Colombia, Espa\u00f1a, Reino Unido, Alemania, Francia, Brasil, Argentina, entre otros, contin\u00faan siendo emisores clave de visitantes, y se han intensificado los esfuerzos para atraer nuevos mercados emergentes. <\/p>\n","protected":false},"excerpt":{"rendered":"<p>De enero a mayo del 2025, la llegada de pasajeros internacionales a Quintana Roo registr\u00f3 un promedio de 928 mil personas, cantidad que supera el promedio de 859 mil registrado el a\u00f1o pasado, de acuerdo con datos de la Unidad de Pol\u00edtica Migratoria del Instituto Nacional de Migraci\u00f3n (INM). Este crecimiento refleja que Quintana Roo [&hellip;]<\/p>\n","protected":false},"author":17,"featured_media":82532,"comment_status":"closed","ping_status":"closed","sticky":false,"template":"","format":"standard","meta":{"footnotes":""},"categories":[18475],"tags":[767,14028,260,4673],"yoast_head":"<!-- This site is optimized with the Yoast SEO plugin v22.2 - https:\/\/yoast.com\/wordpress\/plugins\/seo\/ -->\n<title>Crece la llegada de turistas internacionales a Quintana Roo - Nitu - Noticias de la Industria Turistica<\/title>\n<meta name=\"robots\" content=\"index, follow, max-snippet:-1, max-image-preview:large, max-video-preview:-1\" \/>\n<link rel=\"canonical\" href=\"https:\/\/nitu.mx\/index.php\/2025\/07\/29\/crece-la-llegada-de-turistas-internacionales-a-quintana-roo\/\" \/>\n<meta name=\"twitter:card\" content=\"summary_large_image\" \/>\n<meta name=\"twitter:title\" content=\"Crece la llegada de turistas internacionales a Quintana Roo - Nitu - Noticias de la Industria Turistica\" \/>\n<meta name=\"twitter:description\" content=\"De enero a mayo del 2025, la llegada de pasajeros internacionales a Quintana Roo registr\u00f3 un promedio de 928 mil personas, cantidad que supera el promedio de 859 mil registrado el a\u00f1o pasado, de acuerdo con datos de la Unidad de Pol\u00edtica Migratoria del Instituto Nacional de Migraci\u00f3n (INM). Este crecimiento refleja que Quintana Roo [&hellip;]\" \/>\n<meta name=\"twitter:image\" content=\"https:\/\/nitu.mx\/wp-content\/uploads\/2025\/07\/Quintana-Roo-turistas-internacionales-ene-jun.jpg\" \/>\n<meta name=\"twitter:creator\" content=\"@NITUmx\" \/>\n<meta name=\"twitter:site\" content=\"@Arturo_Medina_G\" \/>\n<meta name=\"twitter:label1\" content=\"Escrito por\" \/>\n\t<meta name=\"twitter:data1\" content=\"Redacci\u00f3n\" \/>\n\t<meta name=\"twitter:label2\" content=\"Tiempo de lectura\" \/>\n\t<meta name=\"twitter:data2\" content=\"1 minuto\" \/>\n<script type=\"application\/ld+json\" class=\"yoast-schema-graph\">{\"@context\":\"https:\/\/schema.org\",\"@graph\":[{\"@type\":\"Article\",\"@id\":\"https:\/\/nitu.mx\/index.php\/2025\/07\/29\/crece-la-llegada-de-turistas-internacionales-a-quintana-roo\/#article\",\"isPartOf\":{\"@id\":\"https:\/\/nitu.mx\/index.php\/2025\/07\/29\/crece-la-llegada-de-turistas-internacionales-a-quintana-roo\/\"},\"author\":{\"name\":\"Redacci\u00f3n\",\"@id\":\"https:\/\/nitu.mx\/#\/schema\/person\/4a28fe9bd65924f7c90623773daf1b0b\"},\"headline\":\"Crece la llegada de turistas internacionales a Quintana Roo\",\"datePublished\":\"2025-07-29T20:26:50+00:00\",\"dateModified\":\"2025-07-29T20:26:51+00:00\",\"mainEntityOfPage\":{\"@id\":\"https:\/\/nitu.mx\/index.php\/2025\/07\/29\/crece-la-llegada-de-turistas-internacionales-a-quintana-roo\/\"},\"wordCount\":307,\"publisher\":{\"@id\":\"https:\/\/nitu.mx\/#\/schema\/person\/ae7a53426417292d3dd07b45a33e01bc\"},\"image\":{\"@id\":\"https:\/\/nitu.mx\/index.php\/2025\/07\/29\/crece-la-llegada-de-turistas-internacionales-a-quintana-roo\/#primaryimage\"},\"thumbnailUrl\":\"https:\/\/nitu.mx\/wp-content\/uploads\/2025\/07\/Quintana-Roo-turistas-internacionales-ene-jun.jpg\",\"keywords\":[\"Cruceros\",\"Mara Lezama\",\"Quintana Roo\",\"turistas internacionales\"],\"articleSection\":[\"Caribe Mexicano\"],\"inLanguage\":\"es-MX\"},{\"@type\":\"WebPage\",\"@id\":\"https:\/\/nitu.mx\/index.php\/2025\/07\/29\/crece-la-llegada-de-turistas-internacionales-a-quintana-roo\/\",\"url\":\"https:\/\/nitu.mx\/index.php\/2025\/07\/29\/crece-la-llegada-de-turistas-internacionales-a-quintana-roo\/\",\"name\":\"Crece la llegada de turistas internacionales a Quintana Roo - Nitu - Noticias de la Industria Turistica\",\"isPartOf\":{\"@id\":\"https:\/\/nitu.mx\/#website\"},\"primaryImageOfPage\":{\"@id\":\"https:\/\/nitu.mx\/index.php\/2025\/07\/29\/crece-la-llegada-de-turistas-internacionales-a-quintana-roo\/#primaryimage\"},\"image\":{\"@id\":\"https:\/\/nitu.mx\/index.php\/2025\/07\/29\/crece-la-llegada-de-turistas-internacionales-a-quintana-roo\/#primaryimage\"},\"thumbnailUrl\":\"https:\/\/nitu.mx\/wp-content\/uploads\/2025\/07\/Quintana-Roo-turistas-internacionales-ene-jun.jpg\",\"datePublished\":\"2025-07-29T20:26:50+00:00\",\"dateModified\":\"2025-07-29T20:26:51+00:00\",\"breadcrumb\":{\"@id\":\"https:\/\/nitu.mx\/index.php\/2025\/07\/29\/crece-la-llegada-de-turistas-internacionales-a-quintana-roo\/#breadcrumb\"},\"inLanguage\":\"es-MX\",\"potentialAction\":[{\"@type\":\"ReadAction\",\"target\":[\"https:\/\/nitu.mx\/index.php\/2025\/07\/29\/crece-la-llegada-de-turistas-internacionales-a-quintana-roo\/\"]}]},{\"@type\":\"ImageObject\",\"inLanguage\":\"es-MX\",\"@id\":\"https:\/\/nitu.mx\/index.php\/2025\/07\/29\/crece-la-llegada-de-turistas-internacionales-a-quintana-roo\/#primaryimage\",\"url\":\"https:\/\/nitu.mx\/wp-content\/uploads\/2025\/07\/Quintana-Roo-turistas-internacionales-ene-jun.jpg\",\"contentUrl\":\"https:\/\/nitu.mx\/wp-content\/uploads\/2025\/07\/Quintana-Roo-turistas-internacionales-ene-jun.jpg\",\"width\":1200,\"height\":675,\"caption\":\"Quintana Roo turistas internacionales ene-jun\"},{\"@type\":\"BreadcrumbList\",\"@id\":\"https:\/\/nitu.mx\/index.php\/2025\/07\/29\/crece-la-llegada-de-turistas-internacionales-a-quintana-roo\/#breadcrumb\",\"itemListElement\":[{\"@type\":\"ListItem\",\"position\":1,\"name\":\"Inicio\",\"item\":\"https:\/\/nitu.mx\/\"},{\"@type\":\"ListItem\",\"position\":2,\"name\":\"Crece la llegada de turistas internacionales a Quintana Roo\"}]},{\"@type\":\"WebSite\",\"@id\":\"https:\/\/nitu.mx\/#website\",\"url\":\"https:\/\/nitu.mx\/\",\"name\":\"Nitu - Noticias de la Industria Turistica\",\"description\":\"Noticias de la Industria Turistica\",\"publisher\":{\"@id\":\"https:\/\/nitu.mx\/#\/schema\/person\/ae7a53426417292d3dd07b45a33e01bc\"},\"alternateName\":\"Noticias de la Industria Turistica\",\"potentialAction\":[{\"@type\":\"SearchAction\",\"target\":{\"@type\":\"EntryPoint\",\"urlTemplate\":\"https:\/\/nitu.mx\/?s={search_term_string}\"},\"query-input\":\"required name=search_term_string\"}],\"inLanguage\":\"es-MX\"},{\"@type\":[\"Person\",\"Organization\"],\"@id\":\"https:\/\/nitu.mx\/#\/schema\/person\/ae7a53426417292d3dd07b45a33e01bc\",\"name\":\"Arturo Medina\",\"image\":{\"@type\":\"ImageObject\",\"inLanguage\":\"es-MX\",\"@id\":\"https:\/\/nitu.mx\/#\/schema\/person\/image\/\",\"url\":\"https:\/\/nitu.mx\/wp-content\/uploads\/2024\/04\/4A315622-1904-4D5C-B022-878CDC840E04-90x90-1.jpeg\",\"contentUrl\":\"https:\/\/nitu.mx\/wp-content\/uploads\/2024\/04\/4A315622-1904-4D5C-B022-878CDC840E04-90x90-1.jpeg\",\"width\":90,\"height\":90,\"caption\":\"Arturo Medina\"},\"logo\":{\"@id\":\"https:\/\/nitu.mx\/#\/schema\/person\/image\/\"},\"description\":\"Director NITU.mx, Egresado de la Escuela de Periodismo Carlos Septi\u00e9n Garc\u00eda. Periodista y analista especializado en turismo desde hace 35 a\u00f1os, radicado en Canc\u00fan Q.Roo. arturo@nitu.mx\",\"sameAs\":[\"https:\/\/nitu.mx\",\"https:\/\/www.facebook.com\/NITUmx\/\",\"medinacancun\",\"https:\/\/twitter.com\/@Arturo_Medina_G\"]},{\"@type\":\"Person\",\"@id\":\"https:\/\/nitu.mx\/#\/schema\/person\/4a28fe9bd65924f7c90623773daf1b0b\",\"name\":\"Redacci\u00f3n\",\"image\":{\"@type\":\"ImageObject\",\"inLanguage\":\"es-MX\",\"@id\":\"https:\/\/nitu.mx\/#\/schema\/person\/image\/\",\"url\":\"https:\/\/secure.gravatar.com\/avatar\/5dd011c8ccfc5cd7e4c81e42252aab38?s=96&d=mm&r=g\",\"contentUrl\":\"https:\/\/secure.gravatar.com\/avatar\/5dd011c8ccfc5cd7e4c81e42252aab38?s=96&d=mm&r=g\",\"caption\":\"Redacci\u00f3n\"},\"url\":\"https:\/\/nitu.mx\/index.php\/author\/redaccion\/\"}]}<\/script>\n<!-- \/ Yoast SEO plugin. -->","yoast_head_json":{"title":"Crece la llegada de turistas internacionales a Quintana Roo - Nitu - Noticias de la Industria Turistica","robots":{"index":"index","follow":"follow","max-snippet":"max-snippet:-1","max-image-preview":"max-image-preview:large","max-video-preview":"max-video-preview:-1"},"canonical":"https:\/\/nitu.mx\/index.php\/2025\/07\/29\/crece-la-llegada-de-turistas-internacionales-a-quintana-roo\/","twitter_card":"summary_large_image","twitter_title":"Crece la llegada de turistas internacionales a Quintana Roo - Nitu - Noticias de la Industria Turistica","twitter_description":"De enero a mayo del 2025, la llegada de pasajeros internacionales a Quintana Roo registr\u00f3 un promedio de 928 mil personas, cantidad que supera el promedio de 859 mil registrado el a\u00f1o pasado, de acuerdo con datos de la Unidad de Pol\u00edtica Migratoria del Instituto Nacional de Migraci\u00f3n (INM). Este crecimiento refleja que Quintana Roo [&hellip;]","twitter_image":"https:\/\/nitu.mx\/wp-content\/uploads\/2025\/07\/Quintana-Roo-turistas-internacionales-ene-jun.jpg","twitter_creator":"@NITUmx","twitter_site":"@Arturo_Medina_G","twitter_misc":{"Escrito por":"Redacci\u00f3n","Tiempo de lectura":"1 minuto"},"schema":{"@context":"https:\/\/schema.org","@graph":[{"@type":"Article","@id":"https:\/\/nitu.mx\/index.php\/2025\/07\/29\/crece-la-llegada-de-turistas-internacionales-a-quintana-roo\/#article","isPartOf":{"@id":"https:\/\/nitu.mx\/index.php\/2025\/07\/29\/crece-la-llegada-de-turistas-internacionales-a-quintana-roo\/"},"author":{"name":"Redacci\u00f3n","@id":"https:\/\/nitu.mx\/#\/schema\/person\/4a28fe9bd65924f7c90623773daf1b0b"},"headline":"Crece la llegada de turistas internacionales a Quintana Roo","datePublished":"2025-07-29T20:26:50+00:00","dateModified":"2025-07-29T20:26:51+00:00","mainEntityOfPage":{"@id":"https:\/\/nitu.mx\/index.php\/2025\/07\/29\/crece-la-llegada-de-turistas-internacionales-a-quintana-roo\/"},"wordCount":307,"publisher":{"@id":"https:\/\/nitu.mx\/#\/schema\/person\/ae7a53426417292d3dd07b45a33e01bc"},"image":{"@id":"https:\/\/nitu.mx\/index.php\/2025\/07\/29\/crece-la-llegada-de-turistas-internacionales-a-quintana-roo\/#primaryimage"},"thumbnailUrl":"https:\/\/nitu.mx\/wp-content\/uploads\/2025\/07\/Quintana-Roo-turistas-internacionales-ene-jun.jpg","keywords":["Cruceros","Mara Lezama","Quintana Roo","turistas internacionales"],"articleSection":["Caribe Mexicano"],"inLanguage":"es-MX"},{"@type":"WebPage","@id":"https:\/\/nitu.mx\/index.php\/2025\/07\/29\/crece-la-llegada-de-turistas-internacionales-a-quintana-roo\/","url":"https:\/\/nitu.mx\/index.php\/2025\/07\/29\/crece-la-llegada-de-turistas-internacionales-a-quintana-roo\/","name":"Crece la llegada de turistas internacionales a Quintana Roo - Nitu - Noticias de la Industria Turistica","isPartOf":{"@id":"https:\/\/nitu.mx\/#website"},"primaryImageOfPage":{"@id":"https:\/\/nitu.mx\/index.php\/2025\/07\/29\/crece-la-llegada-de-turistas-internacionales-a-quintana-roo\/#primaryimage"},"image":{"@id":"https:\/\/nitu.mx\/index.php\/2025\/07\/29\/crece-la-llegada-de-turistas-internacionales-a-quintana-roo\/#primaryimage"},"thumbnailUrl":"https:\/\/nitu.mx\/wp-content\/uploads\/2025\/07\/Quintana-Roo-turistas-internacionales-ene-jun.jpg","datePublished":"2025-07-29T20:26:50+00:00","dateModified":"2025-07-29T20:26:51+00:00","breadcrumb":{"@id":"https:\/\/nitu.mx\/index.php\/2025\/07\/29\/crece-la-llegada-de-turistas-internacionales-a-quintana-roo\/#breadcrumb"},"inLanguage":"es-MX","potentialAction":[{"@type":"ReadAction","target":["https:\/\/nitu.mx\/index.php\/2025\/07\/29\/crece-la-llegada-de-turistas-internacionales-a-quintana-roo\/"]}]},{"@type":"ImageObject","inLanguage":"es-MX","@id":"https:\/\/nitu.mx\/index.php\/2025\/07\/29\/crece-la-llegada-de-turistas-internacionales-a-quintana-roo\/#primaryimage","url":"https:\/\/nitu.mx\/wp-content\/uploads\/2025\/07\/Quintana-Roo-turistas-internacionales-ene-jun.jpg","contentUrl":"https:\/\/nitu.mx\/wp-content\/uploads\/2025\/07\/Quintana-Roo-turistas-internacionales-ene-jun.jpg","width":1200,"height":675,"caption":"Quintana Roo turistas internacionales ene-jun"},{"@type":"BreadcrumbList","@id":"https:\/\/nitu.mx\/index.php\/2025\/07\/29\/crece-la-llegada-de-turistas-internacionales-a-quintana-roo\/#breadcrumb","itemListElement":[{"@type":"ListItem","position":1,"name":"Inicio","item":"https:\/\/nitu.mx\/"},{"@type":"ListItem","position":2,"name":"Crece la llegada de turistas internacionales a Quintana Roo"}]},{"@type":"WebSite","@id":"https:\/\/nitu.mx\/#website","url":"https:\/\/nitu.mx\/","name":"Nitu - Noticias de la Industria Turistica","description":"Noticias de la Industria Turistica","publisher":{"@id":"https:\/\/nitu.mx\/#\/schema\/person\/ae7a53426417292d3dd07b45a33e01bc"},"alternateName":"Noticias de la Industria Turistica","potentialAction":[{"@type":"SearchAction","target":{"@type":"EntryPoint","urlTemplate":"https:\/\/nitu.mx\/?s={search_term_string}"},"query-input":"required name=search_term_string"}],"inLanguage":"es-MX"},{"@type":["Person","Organization"],"@id":"https:\/\/nitu.mx\/#\/schema\/person\/ae7a53426417292d3dd07b45a33e01bc","name":"Arturo Medina","image":{"@type":"ImageObject","inLanguage":"es-MX","@id":"https:\/\/nitu.mx\/#\/schema\/person\/image\/","url":"https:\/\/nitu.mx\/wp-content\/uploads\/2024\/04\/4A315622-1904-4D5C-B022-878CDC840E04-90x90-1.jpeg","contentUrl":"https:\/\/nitu.mx\/wp-content\/uploads\/2024\/04\/4A315622-1904-4D5C-B022-878CDC840E04-90x90-1.jpeg","width":90,"height":90,"caption":"Arturo Medina"},"logo":{"@id":"https:\/\/nitu.mx\/#\/schema\/person\/image\/"},"description":"Director NITU.mx, Egresado de la Escuela de Periodismo Carlos Septi\u00e9n Garc\u00eda. Periodista y analista especializado en turismo desde hace 35 a\u00f1os, radicado en Canc\u00fan Q.Roo. arturo@nitu.mx","sameAs":["https:\/\/nitu.mx","https:\/\/www.facebook.com\/NITUmx\/","medinacancun","https:\/\/twitter.com\/@Arturo_Medina_G"]},{"@type":"Person","@id":"https:\/\/nitu.mx\/#\/schema\/person\/4a28fe9bd65924f7c90623773daf1b0b","name":"Redacci\u00f3n","image":{"@type":"ImageObject","inLanguage":"es-MX","@id":"https:\/\/nitu.mx\/#\/schema\/person\/image\/","url":"https:\/\/secure.gravatar.com\/avatar\/5dd011c8ccfc5cd7e4c81e42252aab38?s=96&d=mm&r=g","contentUrl":"https:\/\/secure.gravatar.com\/avatar\/5dd011c8ccfc5cd7e4c81e42252aab38?s=96&d=mm&r=g","caption":"Redacci\u00f3n"},"url":"https:\/\/nitu.mx\/index.php\/author\/redaccion\/"}]}},"views":518,"_links":{"self":[{"href":"https:\/\/nitu.mx\/index.php\/wp-json\/wp\/v2\/posts\/82530"}],"collection":[{"href":"https:\/\/nitu.mx\/index.php\/wp-json\/wp\/v2\/posts"}],"about":[{"href":"https:\/\/nitu.mx\/index.php\/wp-json\/wp\/v2\/types\/post"}],"author":[{"embeddable":true,"href":"https:\/\/nitu.mx\/index.php\/wp-json\/wp\/v2\/users\/17"}],"replies":[{"embeddable":true,"href":"https:\/\/nitu.mx\/index.php\/wp-json\/wp\/v2\/comments?post=82530"}],"version-history":[{"count":1,"href":"https:\/\/nitu.mx\/index.php\/wp-json\/wp\/v2\/posts\/82530\/revisions"}],"predecessor-version":[{"id":82533,"href":"https:\/\/nitu.mx\/index.php\/wp-json\/wp\/v2\/posts\/82530\/revisions\/82533"}],"wp:featuredmedia":[{"embeddable":true,"href":"https:\/\/nitu.mx\/index.php\/wp-json\/wp\/v2\/media\/82532"}],"wp:attachment":[{"href":"https:\/\/nitu.mx\/index.php\/wp-json\/wp\/v2\/media?parent=82530"}],"wp:term":[{"taxonomy":"category","embeddable":true,"href":"https:\/\/nitu.mx\/index.php\/wp-json\/wp\/v2\/categories?post=82530"},{"taxonomy":"post_tag","embeddable":true,"href":"https:\/\/nitu.mx\/index.php\/wp-json\/wp\/v2\/tags?post=82530"}],"curies":[{"name":"wp","href":"https:\/\/api.w.org\/{rel}","templated":true}]}}