{"id":82527,"date":"2025-07-28T17:00:00","date_gmt":"2025-07-28T23:00:00","guid":{"rendered":"https:\/\/nitu.mx\/?p=82527"},"modified":"2025-07-28T16:18:24","modified_gmt":"2025-07-28T22:18:24","slug":"profeco-recupera-mas-de-632-mil-pesos-para-los-viajeros-en-lo-que-va-del-verano","status":"publish","type":"post","link":"https:\/\/nitu.mx\/index.php\/2025\/07\/28\/profeco-recupera-mas-de-632-mil-pesos-para-los-viajeros-en-lo-que-va-del-verano\/","title":{"rendered":"Profeco recupera m\u00e1s de 632 mil pesos para los viajeros en lo que va del verano"},"content":{"rendered":"\n<p>En dos semanas, con el Operativo Vacaciones de Verano 2025, la Procuradur\u00eda Federal del Consumidor (Profeco), en coordinaci\u00f3n con la Secretar\u00eda de Turismo (Sectur), ha asesorado a 5 mil 809 personas viajeras que han tenido alguna duda o inconveniente, y se ha recuperado un monto a favor de las y los viajeros de 632 mil 896.13 pesos.\u00a0<\/p>\n\n\n\n<p>Esta acci\u00f3n interinstitucional, que dio inicio el pasado 11 de julio, tiene como fin proteger los derechos de las personas consumidoras durante este periodo, en el que, como lo dijo el titular de la Profeco, Iv\u00e1n Escalante Ruiz, \u201cqueremos que las vacaciones sean motivo de alegr\u00eda, no de abuso\u201d.\u00a0<\/p>\n\n\n\n<p>A trav\u00e9s de las 38 Oficinas de Defensa del Consumidor y los m\u00f3dulos ubicados en los aeropuertos, se han efectuado 176 conciliaciones, en las que se ha recuperado un monto a favor de las y los viajeros de $632,896.13 pesos.&nbsp;<\/p>\n\n\n\n<p>El principal motivo de conciliaci\u00f3n ha sido por la p\u00e9rdida de vuelo con 85 atenciones; le siguen 30 por la demora de vuelo; 14 por cambio de itinerario; por cancelaci\u00f3n de vuelo y cobro indebido se presentaron 11 conciliaciones respectivamente; y 10 por cancelaci\u00f3n del viaje en autob\u00fas, entre otras.&nbsp;<\/p>\n\n\n\n<p>En cuanto a las asesor\u00edas, se atendieron a mil 225 personas respecto a los derechos que tienen al viajar en avi\u00f3n; mil 073 sobre los derechos al viajar en autob\u00fas; mil 51 sobre los derechos en general; sobre los tr\u00e1mites y servicios que tiene la Profeco se orient\u00f3 a 820 personas; y en cuanto a los tr\u00e1mites en otras dependencias se asesor\u00f3 a 454, entre otras atenciones.&nbsp;<\/p>\n\n\n\n<p>La Profeco recuerda a la poblaci\u00f3n sus canales para presentar quejas y denuncias ante alg\u00fan inconveniente que se tenga con los proveedores, Tel\u00e9fono del Consumidor 55 5568 8722 y 800 468 8722, sus 38 Oficinas de Defensa del Consumidor (ODECO) en el pa\u00eds, m\u00f3dulos de atenci\u00f3n en los principales aeropuertos y las redes sociales X: @AtencionProfeco y @Profeco, y Facebook: ProfecoOficial.\u00a0(<a href=\"https:\/\/nitu.mx\/index.php\/2025\/07\/15\/profeco-exhibe-que-diputados-piden-ayuda-para-evitar-sanciones-en-sus-hoteles\/\">Profeco exhibe que diputados piden \u2018ayuda\u2019 para evitar sanciones en sus hoteles<\/a>).<\/p>\n","protected":false},"excerpt":{"rendered":"<p>En dos semanas, con el Operativo Vacaciones de Verano 2025, la Procuradur\u00eda Federal del Consumidor (Profeco), en coordinaci\u00f3n con la Secretar\u00eda de Turismo (Sectur), ha asesorado a 5 mil 809 personas viajeras que han tenido alguna duda o inconveniente, y se ha recuperado un monto a favor de las y los viajeros de 632 mil [&hellip;]<\/p>\n","protected":false},"author":17,"featured_media":76975,"comment_status":"closed","ping_status":"closed","sticky":false,"template":"","format":"standard","meta":{"footnotes":""},"categories":[12],"tags":[7032,31,93,3788],"yoast_head":"<!-- This site is optimized with the Yoast SEO plugin v22.2 - https:\/\/yoast.com\/wordpress\/plugins\/seo\/ -->\n<title>Profeco recupera m\u00e1s de 632 mil pesos para los viajeros en lo que va del verano - Nitu - Noticias de la Industria Turistica<\/title>\n<meta name=\"robots\" content=\"index, follow, max-snippet:-1, max-image-preview:large, max-video-preview:-1\" \/>\n<link rel=\"canonical\" href=\"https:\/\/nitu.mx\/index.php\/2025\/07\/28\/profeco-recupera-mas-de-632-mil-pesos-para-los-viajeros-en-lo-que-va-del-verano\/\" \/>\n<meta name=\"twitter:card\" content=\"summary_large_image\" \/>\n<meta name=\"twitter:title\" content=\"Profeco recupera m\u00e1s de 632 mil pesos para los viajeros en lo que va del verano - Nitu - Noticias de la Industria Turistica\" \/>\n<meta name=\"twitter:description\" content=\"En dos semanas, con el Operativo Vacaciones de Verano 2025, la Procuradur\u00eda Federal del Consumidor (Profeco), en coordinaci\u00f3n con la Secretar\u00eda de Turismo (Sectur), ha asesorado a 5 mil 809 personas viajeras que han tenido alguna duda o inconveniente, y se ha recuperado un monto a favor de las y los viajeros de 632 mil [&hellip;]\" \/>\n<meta name=\"twitter:image\" content=\"https:\/\/nitu.mx\/wp-content\/uploads\/2024\/11\/Aeropuerto-de-Cancun-pasajeros.jpg\" \/>\n<meta name=\"twitter:creator\" content=\"@NITUmx\" \/>\n<meta name=\"twitter:site\" content=\"@Arturo_Medina_G\" \/>\n<meta name=\"twitter:label1\" content=\"Escrito por\" \/>\n\t<meta name=\"twitter:data1\" content=\"Redacci\u00f3n\" \/>\n\t<meta name=\"twitter:label2\" content=\"Tiempo de lectura\" \/>\n\t<meta name=\"twitter:data2\" content=\"2 minutos\" \/>\n<script type=\"application\/ld+json\" class=\"yoast-schema-graph\">{\"@context\":\"https:\/\/schema.org\",\"@graph\":[{\"@type\":\"Article\",\"@id\":\"https:\/\/nitu.mx\/index.php\/2025\/07\/28\/profeco-recupera-mas-de-632-mil-pesos-para-los-viajeros-en-lo-que-va-del-verano\/#article\",\"isPartOf\":{\"@id\":\"https:\/\/nitu.mx\/index.php\/2025\/07\/28\/profeco-recupera-mas-de-632-mil-pesos-para-los-viajeros-en-lo-que-va-del-verano\/\"},\"author\":{\"name\":\"Redacci\u00f3n\",\"@id\":\"https:\/\/nitu.mx\/#\/schema\/person\/4a28fe9bd65924f7c90623773daf1b0b\"},\"headline\":\"Profeco recupera m\u00e1s de 632 mil pesos para los viajeros en lo que va del verano\",\"datePublished\":\"2025-07-28T23:00:00+00:00\",\"dateModified\":\"2025-07-28T22:18:24+00:00\",\"mainEntityOfPage\":{\"@id\":\"https:\/\/nitu.mx\/index.php\/2025\/07\/28\/profeco-recupera-mas-de-632-mil-pesos-para-los-viajeros-en-lo-que-va-del-verano\/\"},\"wordCount\":353,\"publisher\":{\"@id\":\"https:\/\/nitu.mx\/#\/schema\/person\/ae7a53426417292d3dd07b45a33e01bc\"},\"image\":{\"@id\":\"https:\/\/nitu.mx\/index.php\/2025\/07\/28\/profeco-recupera-mas-de-632-mil-pesos-para-los-viajeros-en-lo-que-va-del-verano\/#primaryimage\"},\"thumbnailUrl\":\"https:\/\/nitu.mx\/wp-content\/uploads\/2024\/11\/Aeropuerto-de-Cancun-pasajeros.jpg\",\"keywords\":[\"conciliaciones\",\"Profeco\",\"Sectur\",\"viajeros\"],\"articleSection\":[\"Marketing\"],\"inLanguage\":\"es-MX\"},{\"@type\":\"WebPage\",\"@id\":\"https:\/\/nitu.mx\/index.php\/2025\/07\/28\/profeco-recupera-mas-de-632-mil-pesos-para-los-viajeros-en-lo-que-va-del-verano\/\",\"url\":\"https:\/\/nitu.mx\/index.php\/2025\/07\/28\/profeco-recupera-mas-de-632-mil-pesos-para-los-viajeros-en-lo-que-va-del-verano\/\",\"name\":\"Profeco recupera m\u00e1s de 632 mil pesos para los viajeros en lo que va del verano - Nitu - Noticias de la Industria Turistica\",\"isPartOf\":{\"@id\":\"https:\/\/nitu.mx\/#website\"},\"primaryImageOfPage\":{\"@id\":\"https:\/\/nitu.mx\/index.php\/2025\/07\/28\/profeco-recupera-mas-de-632-mil-pesos-para-los-viajeros-en-lo-que-va-del-verano\/#primaryimage\"},\"image\":{\"@id\":\"https:\/\/nitu.mx\/index.php\/2025\/07\/28\/profeco-recupera-mas-de-632-mil-pesos-para-los-viajeros-en-lo-que-va-del-verano\/#primaryimage\"},\"thumbnailUrl\":\"https:\/\/nitu.mx\/wp-content\/uploads\/2024\/11\/Aeropuerto-de-Cancun-pasajeros.jpg\",\"datePublished\":\"2025-07-28T23:00:00+00:00\",\"dateModified\":\"2025-07-28T22:18:24+00:00\",\"breadcrumb\":{\"@id\":\"https:\/\/nitu.mx\/index.php\/2025\/07\/28\/profeco-recupera-mas-de-632-mil-pesos-para-los-viajeros-en-lo-que-va-del-verano\/#breadcrumb\"},\"inLanguage\":\"es-MX\",\"potentialAction\":[{\"@type\":\"ReadAction\",\"target\":[\"https:\/\/nitu.mx\/index.php\/2025\/07\/28\/profeco-recupera-mas-de-632-mil-pesos-para-los-viajeros-en-lo-que-va-del-verano\/\"]}]},{\"@type\":\"ImageObject\",\"inLanguage\":\"es-MX\",\"@id\":\"https:\/\/nitu.mx\/index.php\/2025\/07\/28\/profeco-recupera-mas-de-632-mil-pesos-para-los-viajeros-en-lo-que-va-del-verano\/#primaryimage\",\"url\":\"https:\/\/nitu.mx\/wp-content\/uploads\/2024\/11\/Aeropuerto-de-Cancun-pasajeros.jpg\",\"contentUrl\":\"https:\/\/nitu.mx\/wp-content\/uploads\/2024\/11\/Aeropuerto-de-Cancun-pasajeros.jpg\",\"width\":1200,\"height\":675,\"caption\":\"Aeropuerto de Canc\u00fan pasajeros\"},{\"@type\":\"BreadcrumbList\",\"@id\":\"https:\/\/nitu.mx\/index.php\/2025\/07\/28\/profeco-recupera-mas-de-632-mil-pesos-para-los-viajeros-en-lo-que-va-del-verano\/#breadcrumb\",\"itemListElement\":[{\"@type\":\"ListItem\",\"position\":1,\"name\":\"Inicio\",\"item\":\"https:\/\/nitu.mx\/\"},{\"@type\":\"ListItem\",\"position\":2,\"name\":\"Profeco recupera m\u00e1s de 632 mil pesos para los viajeros en lo que va del verano\"}]},{\"@type\":\"WebSite\",\"@id\":\"https:\/\/nitu.mx\/#website\",\"url\":\"https:\/\/nitu.mx\/\",\"name\":\"Nitu - Noticias de la Industria Turistica\",\"description\":\"Noticias de la Industria Turistica\",\"publisher\":{\"@id\":\"https:\/\/nitu.mx\/#\/schema\/person\/ae7a53426417292d3dd07b45a33e01bc\"},\"alternateName\":\"Noticias de la Industria Turistica\",\"potentialAction\":[{\"@type\":\"SearchAction\",\"target\":{\"@type\":\"EntryPoint\",\"urlTemplate\":\"https:\/\/nitu.mx\/?s={search_term_string}\"},\"query-input\":\"required name=search_term_string\"}],\"inLanguage\":\"es-MX\"},{\"@type\":[\"Person\",\"Organization\"],\"@id\":\"https:\/\/nitu.mx\/#\/schema\/person\/ae7a53426417292d3dd07b45a33e01bc\",\"name\":\"Arturo Medina\",\"image\":{\"@type\":\"ImageObject\",\"inLanguage\":\"es-MX\",\"@id\":\"https:\/\/nitu.mx\/#\/schema\/person\/image\/\",\"url\":\"https:\/\/nitu.mx\/wp-content\/uploads\/2024\/04\/4A315622-1904-4D5C-B022-878CDC840E04-90x90-1.jpeg\",\"contentUrl\":\"https:\/\/nitu.mx\/wp-content\/uploads\/2024\/04\/4A315622-1904-4D5C-B022-878CDC840E04-90x90-1.jpeg\",\"width\":90,\"height\":90,\"caption\":\"Arturo Medina\"},\"logo\":{\"@id\":\"https:\/\/nitu.mx\/#\/schema\/person\/image\/\"},\"description\":\"Director NITU.mx, Egresado de la Escuela de Periodismo Carlos Septi\u00e9n Garc\u00eda. Periodista y analista especializado en turismo desde hace 35 a\u00f1os, radicado en Canc\u00fan Q.Roo. arturo@nitu.mx\",\"sameAs\":[\"https:\/\/nitu.mx\",\"https:\/\/www.facebook.com\/NITUmx\/\",\"medinacancun\",\"https:\/\/twitter.com\/@Arturo_Medina_G\"]},{\"@type\":\"Person\",\"@id\":\"https:\/\/nitu.mx\/#\/schema\/person\/4a28fe9bd65924f7c90623773daf1b0b\",\"name\":\"Redacci\u00f3n\",\"image\":{\"@type\":\"ImageObject\",\"inLanguage\":\"es-MX\",\"@id\":\"https:\/\/nitu.mx\/#\/schema\/person\/image\/\",\"url\":\"https:\/\/secure.gravatar.com\/avatar\/5dd011c8ccfc5cd7e4c81e42252aab38?s=96&d=mm&r=g\",\"contentUrl\":\"https:\/\/secure.gravatar.com\/avatar\/5dd011c8ccfc5cd7e4c81e42252aab38?s=96&d=mm&r=g\",\"caption\":\"Redacci\u00f3n\"},\"url\":\"https:\/\/nitu.mx\/index.php\/author\/redaccion\/\"}]}<\/script>\n<!-- \/ Yoast SEO plugin. -->","yoast_head_json":{"title":"Profeco recupera m\u00e1s de 632 mil pesos para los viajeros en lo que va del verano - Nitu - Noticias de la Industria Turistica","robots":{"index":"index","follow":"follow","max-snippet":"max-snippet:-1","max-image-preview":"max-image-preview:large","max-video-preview":"max-video-preview:-1"},"canonical":"https:\/\/nitu.mx\/index.php\/2025\/07\/28\/profeco-recupera-mas-de-632-mil-pesos-para-los-viajeros-en-lo-que-va-del-verano\/","twitter_card":"summary_large_image","twitter_title":"Profeco recupera m\u00e1s de 632 mil pesos para los viajeros en lo que va del verano - Nitu - Noticias de la Industria Turistica","twitter_description":"En dos semanas, con el Operativo Vacaciones de Verano 2025, la Procuradur\u00eda Federal del Consumidor (Profeco), en coordinaci\u00f3n con la Secretar\u00eda de Turismo (Sectur), ha asesorado a 5 mil 809 personas viajeras que han tenido alguna duda o inconveniente, y se ha recuperado un monto a favor de las y los viajeros de 632 mil [&hellip;]","twitter_image":"https:\/\/nitu.mx\/wp-content\/uploads\/2024\/11\/Aeropuerto-de-Cancun-pasajeros.jpg","twitter_creator":"@NITUmx","twitter_site":"@Arturo_Medina_G","twitter_misc":{"Escrito por":"Redacci\u00f3n","Tiempo de lectura":"2 minutos"},"schema":{"@context":"https:\/\/schema.org","@graph":[{"@type":"Article","@id":"https:\/\/nitu.mx\/index.php\/2025\/07\/28\/profeco-recupera-mas-de-632-mil-pesos-para-los-viajeros-en-lo-que-va-del-verano\/#article","isPartOf":{"@id":"https:\/\/nitu.mx\/index.php\/2025\/07\/28\/profeco-recupera-mas-de-632-mil-pesos-para-los-viajeros-en-lo-que-va-del-verano\/"},"author":{"name":"Redacci\u00f3n","@id":"https:\/\/nitu.mx\/#\/schema\/person\/4a28fe9bd65924f7c90623773daf1b0b"},"headline":"Profeco recupera m\u00e1s de 632 mil pesos para los viajeros en lo que va del verano","datePublished":"2025-07-28T23:00:00+00:00","dateModified":"2025-07-28T22:18:24+00:00","mainEntityOfPage":{"@id":"https:\/\/nitu.mx\/index.php\/2025\/07\/28\/profeco-recupera-mas-de-632-mil-pesos-para-los-viajeros-en-lo-que-va-del-verano\/"},"wordCount":353,"publisher":{"@id":"https:\/\/nitu.mx\/#\/schema\/person\/ae7a53426417292d3dd07b45a33e01bc"},"image":{"@id":"https:\/\/nitu.mx\/index.php\/2025\/07\/28\/profeco-recupera-mas-de-632-mil-pesos-para-los-viajeros-en-lo-que-va-del-verano\/#primaryimage"},"thumbnailUrl":"https:\/\/nitu.mx\/wp-content\/uploads\/2024\/11\/Aeropuerto-de-Cancun-pasajeros.jpg","keywords":["conciliaciones","Profeco","Sectur","viajeros"],"articleSection":["Marketing"],"inLanguage":"es-MX"},{"@type":"WebPage","@id":"https:\/\/nitu.mx\/index.php\/2025\/07\/28\/profeco-recupera-mas-de-632-mil-pesos-para-los-viajeros-en-lo-que-va-del-verano\/","url":"https:\/\/nitu.mx\/index.php\/2025\/07\/28\/profeco-recupera-mas-de-632-mil-pesos-para-los-viajeros-en-lo-que-va-del-verano\/","name":"Profeco recupera m\u00e1s de 632 mil pesos para los viajeros en lo que va del verano - Nitu - Noticias de la Industria Turistica","isPartOf":{"@id":"https:\/\/nitu.mx\/#website"},"primaryImageOfPage":{"@id":"https:\/\/nitu.mx\/index.php\/2025\/07\/28\/profeco-recupera-mas-de-632-mil-pesos-para-los-viajeros-en-lo-que-va-del-verano\/#primaryimage"},"image":{"@id":"https:\/\/nitu.mx\/index.php\/2025\/07\/28\/profeco-recupera-mas-de-632-mil-pesos-para-los-viajeros-en-lo-que-va-del-verano\/#primaryimage"},"thumbnailUrl":"https:\/\/nitu.mx\/wp-content\/uploads\/2024\/11\/Aeropuerto-de-Cancun-pasajeros.jpg","datePublished":"2025-07-28T23:00:00+00:00","dateModified":"2025-07-28T22:18:24+00:00","breadcrumb":{"@id":"https:\/\/nitu.mx\/index.php\/2025\/07\/28\/profeco-recupera-mas-de-632-mil-pesos-para-los-viajeros-en-lo-que-va-del-verano\/#breadcrumb"},"inLanguage":"es-MX","potentialAction":[{"@type":"ReadAction","target":["https:\/\/nitu.mx\/index.php\/2025\/07\/28\/profeco-recupera-mas-de-632-mil-pesos-para-los-viajeros-en-lo-que-va-del-verano\/"]}]},{"@type":"ImageObject","inLanguage":"es-MX","@id":"https:\/\/nitu.mx\/index.php\/2025\/07\/28\/profeco-recupera-mas-de-632-mil-pesos-para-los-viajeros-en-lo-que-va-del-verano\/#primaryimage","url":"https:\/\/nitu.mx\/wp-content\/uploads\/2024\/11\/Aeropuerto-de-Cancun-pasajeros.jpg","contentUrl":"https:\/\/nitu.mx\/wp-content\/uploads\/2024\/11\/Aeropuerto-de-Cancun-pasajeros.jpg","width":1200,"height":675,"caption":"Aeropuerto de Canc\u00fan pasajeros"},{"@type":"BreadcrumbList","@id":"https:\/\/nitu.mx\/index.php\/2025\/07\/28\/profeco-recupera-mas-de-632-mil-pesos-para-los-viajeros-en-lo-que-va-del-verano\/#breadcrumb","itemListElement":[{"@type":"ListItem","position":1,"name":"Inicio","item":"https:\/\/nitu.mx\/"},{"@type":"ListItem","position":2,"name":"Profeco recupera m\u00e1s de 632 mil pesos para los viajeros en lo que va del verano"}]},{"@type":"WebSite","@id":"https:\/\/nitu.mx\/#website","url":"https:\/\/nitu.mx\/","name":"Nitu - Noticias de la Industria Turistica","description":"Noticias de la Industria Turistica","publisher":{"@id":"https:\/\/nitu.mx\/#\/schema\/person\/ae7a53426417292d3dd07b45a33e01bc"},"alternateName":"Noticias de la Industria Turistica","potentialAction":[{"@type":"SearchAction","target":{"@type":"EntryPoint","urlTemplate":"https:\/\/nitu.mx\/?s={search_term_string}"},"query-input":"required name=search_term_string"}],"inLanguage":"es-MX"},{"@type":["Person","Organization"],"@id":"https:\/\/nitu.mx\/#\/schema\/person\/ae7a53426417292d3dd07b45a33e01bc","name":"Arturo Medina","image":{"@type":"ImageObject","inLanguage":"es-MX","@id":"https:\/\/nitu.mx\/#\/schema\/person\/image\/","url":"https:\/\/nitu.mx\/wp-content\/uploads\/2024\/04\/4A315622-1904-4D5C-B022-878CDC840E04-90x90-1.jpeg","contentUrl":"https:\/\/nitu.mx\/wp-content\/uploads\/2024\/04\/4A315622-1904-4D5C-B022-878CDC840E04-90x90-1.jpeg","width":90,"height":90,"caption":"Arturo Medina"},"logo":{"@id":"https:\/\/nitu.mx\/#\/schema\/person\/image\/"},"description":"Director NITU.mx, Egresado de la Escuela de Periodismo Carlos Septi\u00e9n Garc\u00eda. Periodista y analista especializado en turismo desde hace 35 a\u00f1os, radicado en Canc\u00fan Q.Roo. arturo@nitu.mx","sameAs":["https:\/\/nitu.mx","https:\/\/www.facebook.com\/NITUmx\/","medinacancun","https:\/\/twitter.com\/@Arturo_Medina_G"]},{"@type":"Person","@id":"https:\/\/nitu.mx\/#\/schema\/person\/4a28fe9bd65924f7c90623773daf1b0b","name":"Redacci\u00f3n","image":{"@type":"ImageObject","inLanguage":"es-MX","@id":"https:\/\/nitu.mx\/#\/schema\/person\/image\/","url":"https:\/\/secure.gravatar.com\/avatar\/5dd011c8ccfc5cd7e4c81e42252aab38?s=96&d=mm&r=g","contentUrl":"https:\/\/secure.gravatar.com\/avatar\/5dd011c8ccfc5cd7e4c81e42252aab38?s=96&d=mm&r=g","caption":"Redacci\u00f3n"},"url":"https:\/\/nitu.mx\/index.php\/author\/redaccion\/"}]}},"views":509,"_links":{"self":[{"href":"https:\/\/nitu.mx\/index.php\/wp-json\/wp\/v2\/posts\/82527"}],"collection":[{"href":"https:\/\/nitu.mx\/index.php\/wp-json\/wp\/v2\/posts"}],"about":[{"href":"https:\/\/nitu.mx\/index.php\/wp-json\/wp\/v2\/types\/post"}],"author":[{"embeddable":true,"href":"https:\/\/nitu.mx\/index.php\/wp-json\/wp\/v2\/users\/17"}],"replies":[{"embeddable":true,"href":"https:\/\/nitu.mx\/index.php\/wp-json\/wp\/v2\/comments?post=82527"}],"version-history":[{"count":1,"href":"https:\/\/nitu.mx\/index.php\/wp-json\/wp\/v2\/posts\/82527\/revisions"}],"predecessor-version":[{"id":82529,"href":"https:\/\/nitu.mx\/index.php\/wp-json\/wp\/v2\/posts\/82527\/revisions\/82529"}],"wp:featuredmedia":[{"embeddable":true,"href":"https:\/\/nitu.mx\/index.php\/wp-json\/wp\/v2\/media\/76975"}],"wp:attachment":[{"href":"https:\/\/nitu.mx\/index.php\/wp-json\/wp\/v2\/media?parent=82527"}],"wp:term":[{"taxonomy":"category","embeddable":true,"href":"https:\/\/nitu.mx\/index.php\/wp-json\/wp\/v2\/categories?post=82527"},{"taxonomy":"post_tag","embeddable":true,"href":"https:\/\/nitu.mx\/index.php\/wp-json\/wp\/v2\/tags?post=82527"}],"curies":[{"name":"wp","href":"https:\/\/api.w.org\/{rel}","templated":true}]}}