{"id":82508,"date":"2025-07-28T00:12:09","date_gmt":"2025-07-28T06:12:09","guid":{"rendered":"https:\/\/nitu.mx\/?p=82508"},"modified":"2025-07-28T00:12:09","modified_gmt":"2025-07-28T06:12:09","slug":"mazatlan-fortalece-su-promocion-turistica-en-canada-para-el-invierno","status":"publish","type":"post","link":"https:\/\/nitu.mx\/index.php\/2025\/07\/28\/mazatlan-fortalece-su-promocion-turistica-en-canada-para-el-invierno\/","title":{"rendered":"Mazatl\u00e1n fortalece su promoci\u00f3n tur\u00edstica en Canad\u00e1 para el invierno"},"content":{"rendered":"\n<p>La Secretar\u00eda de Turismo de Sinaloa llev\u00f3 a cabo una gira de promoci\u00f3n por el noroeste de Canad\u00e1 y Estados Unidos, presentando a Mazatl\u00e1n como el destino ideal para el invierno.<\/p>\n\n\n\n<p>Mireya Sosa Osuna, secretaria de Turismo estatal, se\u00f1al\u00f3 que en esta semana se han capacitado a m\u00e1s de 300 agentes de viaje que conocieron las fortalezas tur\u00edsticas el puerto, como su clima c\u00e1lido, la conectividad a\u00e9rea, su gastronom\u00eda y hospitalidad.<\/p>\n\n\n\n<p>\u201cM\u00e1s de 300 agentes de viaje han sido los que hemos estado capacitando esta semana en el Road Show que hemos tenido en el noroeste de Canad\u00e1 y de Estados Unidos; estuvimos en Calgary, Edmonton, Kelowna, Vancouver, adem\u00e1s de Seattle y Portland, compartiendo la capacidad hotelera y todos los atractivos tur\u00edsticos que tiene el puerto de Mazatl\u00e1n, la deliciosa gastronom\u00eda, historia, que es el \u00fanico destino de sol y playa con Centro Hist\u00f3rico en el pa\u00eds y por supuesto un lugar en donde se pueden vivir un mar de historias\u201d, afirm\u00f3.<\/p>\n\n\n\n<p>Esta promoci\u00f3n, realizada en coordinaci\u00f3n con la Asociaci\u00f3n de Hoteles y Empresas Tur\u00edsticas de Mazatl\u00e1n, forma parte de una gira estrat\u00e9gica que incluye seis ciudades clave en la costa oeste de Canad\u00e1.<\/p>\n\n\n\n<p>De esta forma, se fortalece la promoci\u00f3n internacional para que esta temporada invernal miles de canadienses elijan Mazatl\u00e1n para vacacionar.<\/p>\n\n\n\n<p>\u201cEstamos muy contentos de estar trabajando de la mano con la Asociaci\u00f3n de Hoteles y Empresas Tur\u00edsticas de Mazatl\u00e1n, que son grandes aliados y por supuesto nuestros amigos de Sunwing y WestJet, que son las aerol\u00edneas principales que vuelan de Canad\u00e1 a Mazatl\u00e1n, son nueve rutas directas y este a\u00f1o van a empezar a volar antes de tiempo, lo que nos generar\u00e1 una mayor derrama econ\u00f3mica y un mayor n\u00famero de pasajeros\u201d,\u00a0apunt\u00f3. (<a href=\"https:\/\/nitu.mx\/index.php\/2025\/06\/01\/pueblo-bonito-vantage-nueva-marca-de-hoteles-boutique-de-lujo-abre-en-mazatlan-y-san-miguel-de-allende\/\">Pueblo Bonito Vantage, nueva marca de hoteles boutique de lujo abre en Mazatl\u00e1n y San Miguel de Allende<\/a>).<\/p>\n","protected":false},"excerpt":{"rendered":"<p>La Secretar\u00eda de Turismo de Sinaloa llev\u00f3 a cabo una gira de promoci\u00f3n por el noroeste de Canad\u00e1 y Estados Unidos, presentando a Mazatl\u00e1n como el destino ideal para el invierno. Mireya Sosa Osuna, secretaria de Turismo estatal, se\u00f1al\u00f3 que en esta semana se han capacitado a m\u00e1s de 300 agentes de viaje que conocieron [&hellip;]<\/p>\n","protected":false},"author":17,"featured_media":82513,"comment_status":"closed","ping_status":"closed","sticky":false,"template":"","format":"standard","meta":{"footnotes":""},"categories":[5],"tags":[443,26885,1152,93,2178],"yoast_head":"<!-- This site is optimized with the Yoast SEO plugin v22.2 - https:\/\/yoast.com\/wordpress\/plugins\/seo\/ -->\n<title>Mazatl\u00e1n fortalece su promoci\u00f3n tur\u00edstica en Canad\u00e1 para el invierno - Nitu - Noticias de la Industria Turistica<\/title>\n<meta name=\"robots\" content=\"index, follow, max-snippet:-1, max-image-preview:large, max-video-preview:-1\" \/>\n<link rel=\"canonical\" href=\"https:\/\/nitu.mx\/index.php\/2025\/07\/28\/mazatlan-fortalece-su-promocion-turistica-en-canada-para-el-invierno\/\" \/>\n<meta name=\"twitter:card\" content=\"summary_large_image\" \/>\n<meta name=\"twitter:title\" content=\"Mazatl\u00e1n fortalece su promoci\u00f3n tur\u00edstica en Canad\u00e1 para el invierno - Nitu - Noticias de la Industria Turistica\" \/>\n<meta name=\"twitter:description\" content=\"La Secretar\u00eda de Turismo de Sinaloa llev\u00f3 a cabo una gira de promoci\u00f3n por el noroeste de Canad\u00e1 y Estados Unidos, presentando a Mazatl\u00e1n como el destino ideal para el invierno. Mireya Sosa Osuna, secretaria de Turismo estatal, se\u00f1al\u00f3 que en esta semana se han capacitado a m\u00e1s de 300 agentes de viaje que conocieron [&hellip;]\" \/>\n<meta name=\"twitter:image\" content=\"https:\/\/nitu.mx\/wp-content\/uploads\/2025\/07\/Mazatlan-Promocion-en-Canada_Sectur-Sinaloa4.jpg\" \/>\n<meta name=\"twitter:creator\" content=\"@NITUmx\" \/>\n<meta name=\"twitter:site\" content=\"@Arturo_Medina_G\" \/>\n<meta name=\"twitter:label1\" content=\"Escrito por\" \/>\n\t<meta name=\"twitter:data1\" content=\"Redacci\u00f3n\" \/>\n\t<meta name=\"twitter:label2\" content=\"Tiempo de lectura\" \/>\n\t<meta name=\"twitter:data2\" content=\"2 minutos\" \/>\n<script type=\"application\/ld+json\" class=\"yoast-schema-graph\">{\"@context\":\"https:\/\/schema.org\",\"@graph\":[{\"@type\":\"Article\",\"@id\":\"https:\/\/nitu.mx\/index.php\/2025\/07\/28\/mazatlan-fortalece-su-promocion-turistica-en-canada-para-el-invierno\/#article\",\"isPartOf\":{\"@id\":\"https:\/\/nitu.mx\/index.php\/2025\/07\/28\/mazatlan-fortalece-su-promocion-turistica-en-canada-para-el-invierno\/\"},\"author\":{\"name\":\"Redacci\u00f3n\",\"@id\":\"https:\/\/nitu.mx\/#\/schema\/person\/4a28fe9bd65924f7c90623773daf1b0b\"},\"headline\":\"Mazatl\u00e1n fortalece su promoci\u00f3n tur\u00edstica en Canad\u00e1 para el invierno\",\"datePublished\":\"2025-07-28T06:12:09+00:00\",\"dateModified\":\"2025-07-28T06:12:09+00:00\",\"mainEntityOfPage\":{\"@id\":\"https:\/\/nitu.mx\/index.php\/2025\/07\/28\/mazatlan-fortalece-su-promocion-turistica-en-canada-para-el-invierno\/\"},\"wordCount\":349,\"publisher\":{\"@id\":\"https:\/\/nitu.mx\/#\/schema\/person\/ae7a53426417292d3dd07b45a33e01bc\"},\"image\":{\"@id\":\"https:\/\/nitu.mx\/index.php\/2025\/07\/28\/mazatlan-fortalece-su-promocion-turistica-en-canada-para-el-invierno\/#primaryimage\"},\"thumbnailUrl\":\"https:\/\/nitu.mx\/wp-content\/uploads\/2025\/07\/Mazatlan-Promocion-en-Canada_Sectur-Sinaloa4.jpg\",\"keywords\":[\"Mazatl\u00e1n\",\"Mireya Sosa\",\"Promoci\u00f3n Tur\u00edstica\",\"Sectur\",\"Sinaloa\"],\"articleSection\":[\"Destinos\"],\"inLanguage\":\"es-MX\"},{\"@type\":\"WebPage\",\"@id\":\"https:\/\/nitu.mx\/index.php\/2025\/07\/28\/mazatlan-fortalece-su-promocion-turistica-en-canada-para-el-invierno\/\",\"url\":\"https:\/\/nitu.mx\/index.php\/2025\/07\/28\/mazatlan-fortalece-su-promocion-turistica-en-canada-para-el-invierno\/\",\"name\":\"Mazatl\u00e1n fortalece su promoci\u00f3n tur\u00edstica en Canad\u00e1 para el invierno - Nitu - Noticias de la Industria Turistica\",\"isPartOf\":{\"@id\":\"https:\/\/nitu.mx\/#website\"},\"primaryImageOfPage\":{\"@id\":\"https:\/\/nitu.mx\/index.php\/2025\/07\/28\/mazatlan-fortalece-su-promocion-turistica-en-canada-para-el-invierno\/#primaryimage\"},\"image\":{\"@id\":\"https:\/\/nitu.mx\/index.php\/2025\/07\/28\/mazatlan-fortalece-su-promocion-turistica-en-canada-para-el-invierno\/#primaryimage\"},\"thumbnailUrl\":\"https:\/\/nitu.mx\/wp-content\/uploads\/2025\/07\/Mazatlan-Promocion-en-Canada_Sectur-Sinaloa4.jpg\",\"datePublished\":\"2025-07-28T06:12:09+00:00\",\"dateModified\":\"2025-07-28T06:12:09+00:00\",\"breadcrumb\":{\"@id\":\"https:\/\/nitu.mx\/index.php\/2025\/07\/28\/mazatlan-fortalece-su-promocion-turistica-en-canada-para-el-invierno\/#breadcrumb\"},\"inLanguage\":\"es-MX\",\"potentialAction\":[{\"@type\":\"ReadAction\",\"target\":[\"https:\/\/nitu.mx\/index.php\/2025\/07\/28\/mazatlan-fortalece-su-promocion-turistica-en-canada-para-el-invierno\/\"]}]},{\"@type\":\"ImageObject\",\"inLanguage\":\"es-MX\",\"@id\":\"https:\/\/nitu.mx\/index.php\/2025\/07\/28\/mazatlan-fortalece-su-promocion-turistica-en-canada-para-el-invierno\/#primaryimage\",\"url\":\"https:\/\/nitu.mx\/wp-content\/uploads\/2025\/07\/Mazatlan-Promocion-en-Canada_Sectur-Sinaloa4.jpg\",\"contentUrl\":\"https:\/\/nitu.mx\/wp-content\/uploads\/2025\/07\/Mazatlan-Promocion-en-Canada_Sectur-Sinaloa4.jpg\",\"width\":1200,\"height\":675,\"caption\":\"Mazatl\u00e1n Promoci\u00f3n en Canad\u00e1_Sectur Sinaloa\"},{\"@type\":\"BreadcrumbList\",\"@id\":\"https:\/\/nitu.mx\/index.php\/2025\/07\/28\/mazatlan-fortalece-su-promocion-turistica-en-canada-para-el-invierno\/#breadcrumb\",\"itemListElement\":[{\"@type\":\"ListItem\",\"position\":1,\"name\":\"Inicio\",\"item\":\"https:\/\/nitu.mx\/\"},{\"@type\":\"ListItem\",\"position\":2,\"name\":\"Mazatl\u00e1n fortalece su promoci\u00f3n tur\u00edstica en Canad\u00e1 para el invierno\"}]},{\"@type\":\"WebSite\",\"@id\":\"https:\/\/nitu.mx\/#website\",\"url\":\"https:\/\/nitu.mx\/\",\"name\":\"Nitu - Noticias de la Industria Turistica\",\"description\":\"Noticias de la Industria Turistica\",\"publisher\":{\"@id\":\"https:\/\/nitu.mx\/#\/schema\/person\/ae7a53426417292d3dd07b45a33e01bc\"},\"alternateName\":\"Noticias de la Industria Turistica\",\"potentialAction\":[{\"@type\":\"SearchAction\",\"target\":{\"@type\":\"EntryPoint\",\"urlTemplate\":\"https:\/\/nitu.mx\/?s={search_term_string}\"},\"query-input\":\"required name=search_term_string\"}],\"inLanguage\":\"es-MX\"},{\"@type\":[\"Person\",\"Organization\"],\"@id\":\"https:\/\/nitu.mx\/#\/schema\/person\/ae7a53426417292d3dd07b45a33e01bc\",\"name\":\"Arturo Medina\",\"image\":{\"@type\":\"ImageObject\",\"inLanguage\":\"es-MX\",\"@id\":\"https:\/\/nitu.mx\/#\/schema\/person\/image\/\",\"url\":\"https:\/\/nitu.mx\/wp-content\/uploads\/2024\/04\/4A315622-1904-4D5C-B022-878CDC840E04-90x90-1.jpeg\",\"contentUrl\":\"https:\/\/nitu.mx\/wp-content\/uploads\/2024\/04\/4A315622-1904-4D5C-B022-878CDC840E04-90x90-1.jpeg\",\"width\":90,\"height\":90,\"caption\":\"Arturo Medina\"},\"logo\":{\"@id\":\"https:\/\/nitu.mx\/#\/schema\/person\/image\/\"},\"description\":\"Director NITU.mx, Egresado de la Escuela de Periodismo Carlos Septi\u00e9n Garc\u00eda. Periodista y analista especializado en turismo desde hace 35 a\u00f1os, radicado en Canc\u00fan Q.Roo. arturo@nitu.mx\",\"sameAs\":[\"https:\/\/nitu.mx\",\"https:\/\/www.facebook.com\/NITUmx\/\",\"medinacancun\",\"https:\/\/twitter.com\/@Arturo_Medina_G\"]},{\"@type\":\"Person\",\"@id\":\"https:\/\/nitu.mx\/#\/schema\/person\/4a28fe9bd65924f7c90623773daf1b0b\",\"name\":\"Redacci\u00f3n\",\"image\":{\"@type\":\"ImageObject\",\"inLanguage\":\"es-MX\",\"@id\":\"https:\/\/nitu.mx\/#\/schema\/person\/image\/\",\"url\":\"https:\/\/secure.gravatar.com\/avatar\/5dd011c8ccfc5cd7e4c81e42252aab38?s=96&d=mm&r=g\",\"contentUrl\":\"https:\/\/secure.gravatar.com\/avatar\/5dd011c8ccfc5cd7e4c81e42252aab38?s=96&d=mm&r=g\",\"caption\":\"Redacci\u00f3n\"},\"url\":\"https:\/\/nitu.mx\/index.php\/author\/redaccion\/\"}]}<\/script>\n<!-- \/ Yoast SEO plugin. -->","yoast_head_json":{"title":"Mazatl\u00e1n fortalece su promoci\u00f3n tur\u00edstica en Canad\u00e1 para el invierno - Nitu - Noticias de la Industria Turistica","robots":{"index":"index","follow":"follow","max-snippet":"max-snippet:-1","max-image-preview":"max-image-preview:large","max-video-preview":"max-video-preview:-1"},"canonical":"https:\/\/nitu.mx\/index.php\/2025\/07\/28\/mazatlan-fortalece-su-promocion-turistica-en-canada-para-el-invierno\/","twitter_card":"summary_large_image","twitter_title":"Mazatl\u00e1n fortalece su promoci\u00f3n tur\u00edstica en Canad\u00e1 para el invierno - Nitu - Noticias de la Industria Turistica","twitter_description":"La Secretar\u00eda de Turismo de Sinaloa llev\u00f3 a cabo una gira de promoci\u00f3n por el noroeste de Canad\u00e1 y Estados Unidos, presentando a Mazatl\u00e1n como el destino ideal para el invierno. Mireya Sosa Osuna, secretaria de Turismo estatal, se\u00f1al\u00f3 que en esta semana se han capacitado a m\u00e1s de 300 agentes de viaje que conocieron [&hellip;]","twitter_image":"https:\/\/nitu.mx\/wp-content\/uploads\/2025\/07\/Mazatlan-Promocion-en-Canada_Sectur-Sinaloa4.jpg","twitter_creator":"@NITUmx","twitter_site":"@Arturo_Medina_G","twitter_misc":{"Escrito por":"Redacci\u00f3n","Tiempo de lectura":"2 minutos"},"schema":{"@context":"https:\/\/schema.org","@graph":[{"@type":"Article","@id":"https:\/\/nitu.mx\/index.php\/2025\/07\/28\/mazatlan-fortalece-su-promocion-turistica-en-canada-para-el-invierno\/#article","isPartOf":{"@id":"https:\/\/nitu.mx\/index.php\/2025\/07\/28\/mazatlan-fortalece-su-promocion-turistica-en-canada-para-el-invierno\/"},"author":{"name":"Redacci\u00f3n","@id":"https:\/\/nitu.mx\/#\/schema\/person\/4a28fe9bd65924f7c90623773daf1b0b"},"headline":"Mazatl\u00e1n fortalece su promoci\u00f3n tur\u00edstica en Canad\u00e1 para el invierno","datePublished":"2025-07-28T06:12:09+00:00","dateModified":"2025-07-28T06:12:09+00:00","mainEntityOfPage":{"@id":"https:\/\/nitu.mx\/index.php\/2025\/07\/28\/mazatlan-fortalece-su-promocion-turistica-en-canada-para-el-invierno\/"},"wordCount":349,"publisher":{"@id":"https:\/\/nitu.mx\/#\/schema\/person\/ae7a53426417292d3dd07b45a33e01bc"},"image":{"@id":"https:\/\/nitu.mx\/index.php\/2025\/07\/28\/mazatlan-fortalece-su-promocion-turistica-en-canada-para-el-invierno\/#primaryimage"},"thumbnailUrl":"https:\/\/nitu.mx\/wp-content\/uploads\/2025\/07\/Mazatlan-Promocion-en-Canada_Sectur-Sinaloa4.jpg","keywords":["Mazatl\u00e1n","Mireya Sosa","Promoci\u00f3n Tur\u00edstica","Sectur","Sinaloa"],"articleSection":["Destinos"],"inLanguage":"es-MX"},{"@type":"WebPage","@id":"https:\/\/nitu.mx\/index.php\/2025\/07\/28\/mazatlan-fortalece-su-promocion-turistica-en-canada-para-el-invierno\/","url":"https:\/\/nitu.mx\/index.php\/2025\/07\/28\/mazatlan-fortalece-su-promocion-turistica-en-canada-para-el-invierno\/","name":"Mazatl\u00e1n fortalece su promoci\u00f3n tur\u00edstica en Canad\u00e1 para el invierno - Nitu - Noticias de la Industria Turistica","isPartOf":{"@id":"https:\/\/nitu.mx\/#website"},"primaryImageOfPage":{"@id":"https:\/\/nitu.mx\/index.php\/2025\/07\/28\/mazatlan-fortalece-su-promocion-turistica-en-canada-para-el-invierno\/#primaryimage"},"image":{"@id":"https:\/\/nitu.mx\/index.php\/2025\/07\/28\/mazatlan-fortalece-su-promocion-turistica-en-canada-para-el-invierno\/#primaryimage"},"thumbnailUrl":"https:\/\/nitu.mx\/wp-content\/uploads\/2025\/07\/Mazatlan-Promocion-en-Canada_Sectur-Sinaloa4.jpg","datePublished":"2025-07-28T06:12:09+00:00","dateModified":"2025-07-28T06:12:09+00:00","breadcrumb":{"@id":"https:\/\/nitu.mx\/index.php\/2025\/07\/28\/mazatlan-fortalece-su-promocion-turistica-en-canada-para-el-invierno\/#breadcrumb"},"inLanguage":"es-MX","potentialAction":[{"@type":"ReadAction","target":["https:\/\/nitu.mx\/index.php\/2025\/07\/28\/mazatlan-fortalece-su-promocion-turistica-en-canada-para-el-invierno\/"]}]},{"@type":"ImageObject","inLanguage":"es-MX","@id":"https:\/\/nitu.mx\/index.php\/2025\/07\/28\/mazatlan-fortalece-su-promocion-turistica-en-canada-para-el-invierno\/#primaryimage","url":"https:\/\/nitu.mx\/wp-content\/uploads\/2025\/07\/Mazatlan-Promocion-en-Canada_Sectur-Sinaloa4.jpg","contentUrl":"https:\/\/nitu.mx\/wp-content\/uploads\/2025\/07\/Mazatlan-Promocion-en-Canada_Sectur-Sinaloa4.jpg","width":1200,"height":675,"caption":"Mazatl\u00e1n Promoci\u00f3n en Canad\u00e1_Sectur Sinaloa"},{"@type":"BreadcrumbList","@id":"https:\/\/nitu.mx\/index.php\/2025\/07\/28\/mazatlan-fortalece-su-promocion-turistica-en-canada-para-el-invierno\/#breadcrumb","itemListElement":[{"@type":"ListItem","position":1,"name":"Inicio","item":"https:\/\/nitu.mx\/"},{"@type":"ListItem","position":2,"name":"Mazatl\u00e1n fortalece su promoci\u00f3n tur\u00edstica en Canad\u00e1 para el invierno"}]},{"@type":"WebSite","@id":"https:\/\/nitu.mx\/#website","url":"https:\/\/nitu.mx\/","name":"Nitu - Noticias de la Industria Turistica","description":"Noticias de la Industria Turistica","publisher":{"@id":"https:\/\/nitu.mx\/#\/schema\/person\/ae7a53426417292d3dd07b45a33e01bc"},"alternateName":"Noticias de la Industria Turistica","potentialAction":[{"@type":"SearchAction","target":{"@type":"EntryPoint","urlTemplate":"https:\/\/nitu.mx\/?s={search_term_string}"},"query-input":"required name=search_term_string"}],"inLanguage":"es-MX"},{"@type":["Person","Organization"],"@id":"https:\/\/nitu.mx\/#\/schema\/person\/ae7a53426417292d3dd07b45a33e01bc","name":"Arturo Medina","image":{"@type":"ImageObject","inLanguage":"es-MX","@id":"https:\/\/nitu.mx\/#\/schema\/person\/image\/","url":"https:\/\/nitu.mx\/wp-content\/uploads\/2024\/04\/4A315622-1904-4D5C-B022-878CDC840E04-90x90-1.jpeg","contentUrl":"https:\/\/nitu.mx\/wp-content\/uploads\/2024\/04\/4A315622-1904-4D5C-B022-878CDC840E04-90x90-1.jpeg","width":90,"height":90,"caption":"Arturo Medina"},"logo":{"@id":"https:\/\/nitu.mx\/#\/schema\/person\/image\/"},"description":"Director NITU.mx, Egresado de la Escuela de Periodismo Carlos Septi\u00e9n Garc\u00eda. Periodista y analista especializado en turismo desde hace 35 a\u00f1os, radicado en Canc\u00fan Q.Roo. arturo@nitu.mx","sameAs":["https:\/\/nitu.mx","https:\/\/www.facebook.com\/NITUmx\/","medinacancun","https:\/\/twitter.com\/@Arturo_Medina_G"]},{"@type":"Person","@id":"https:\/\/nitu.mx\/#\/schema\/person\/4a28fe9bd65924f7c90623773daf1b0b","name":"Redacci\u00f3n","image":{"@type":"ImageObject","inLanguage":"es-MX","@id":"https:\/\/nitu.mx\/#\/schema\/person\/image\/","url":"https:\/\/secure.gravatar.com\/avatar\/5dd011c8ccfc5cd7e4c81e42252aab38?s=96&d=mm&r=g","contentUrl":"https:\/\/secure.gravatar.com\/avatar\/5dd011c8ccfc5cd7e4c81e42252aab38?s=96&d=mm&r=g","caption":"Redacci\u00f3n"},"url":"https:\/\/nitu.mx\/index.php\/author\/redaccion\/"}]}},"views":649,"_links":{"self":[{"href":"https:\/\/nitu.mx\/index.php\/wp-json\/wp\/v2\/posts\/82508"}],"collection":[{"href":"https:\/\/nitu.mx\/index.php\/wp-json\/wp\/v2\/posts"}],"about":[{"href":"https:\/\/nitu.mx\/index.php\/wp-json\/wp\/v2\/types\/post"}],"author":[{"embeddable":true,"href":"https:\/\/nitu.mx\/index.php\/wp-json\/wp\/v2\/users\/17"}],"replies":[{"embeddable":true,"href":"https:\/\/nitu.mx\/index.php\/wp-json\/wp\/v2\/comments?post=82508"}],"version-history":[{"count":1,"href":"https:\/\/nitu.mx\/index.php\/wp-json\/wp\/v2\/posts\/82508\/revisions"}],"predecessor-version":[{"id":82512,"href":"https:\/\/nitu.mx\/index.php\/wp-json\/wp\/v2\/posts\/82508\/revisions\/82512"}],"wp:featuredmedia":[{"embeddable":true,"href":"https:\/\/nitu.mx\/index.php\/wp-json\/wp\/v2\/media\/82513"}],"wp:attachment":[{"href":"https:\/\/nitu.mx\/index.php\/wp-json\/wp\/v2\/media?parent=82508"}],"wp:term":[{"taxonomy":"category","embeddable":true,"href":"https:\/\/nitu.mx\/index.php\/wp-json\/wp\/v2\/categories?post=82508"},{"taxonomy":"post_tag","embeddable":true,"href":"https:\/\/nitu.mx\/index.php\/wp-json\/wp\/v2\/tags?post=82508"}],"curies":[{"name":"wp","href":"https:\/\/api.w.org\/{rel}","templated":true}]}}