{"id":82495,"date":"2025-07-27T10:41:58","date_gmt":"2025-07-27T16:41:58","guid":{"rendered":"https:\/\/nitu.mx\/?p=82495"},"modified":"2025-07-27T10:41:58","modified_gmt":"2025-07-27T16:41:58","slug":"asetur-reactiva-la-campana-verifica-y-viaja-para-prevenir-fraudes-de-falsas-agencias","status":"publish","type":"post","link":"https:\/\/nitu.mx\/index.php\/2025\/07\/27\/asetur-reactiva-la-campana-verifica-y-viaja-para-prevenir-fraudes-de-falsas-agencias\/","title":{"rendered":"ASETUR reactiva la campa\u00f1a &#8220;Verifica y Viaja&#8221; para prevenir fraudes de falsas agencias"},"content":{"rendered":"\n<p>La Uni\u00f3n de Secretarias y Secretarios de Turismo de M\u00e9xico (ASETUR), bajo el liderazgo de su presidente, Bernardo Cueto Riestra, en conjunto con la Secretar\u00eda de Turismo federal, reactivan la campa\u00f1a nacional <strong>&#8220;Verifica y Viaja&#8221;. <\/strong>Esta iniciativa, enmarcada en el eje estrat\u00e9gico de <strong>Protecci\u00f3n al Turista de ASETUR<\/strong>, busca fomentar la compra informada de servicios tur\u00edsticos y prevenir el fraude en plataformas digitales, y se desplegar\u00e1 en las redes sociales de las Secretar\u00edas de Turismo estatales para asegurar un amplio alcance.<\/p>\n\n\n\n<p>Durante la temporada de vacaciones de verano 2025, seg\u00fan la Secretar\u00eda de Turismo federal (Sectur) se estima que m\u00e1s de 48 millones de turistas se movilicen por el pa\u00eds. Ante este flujo masivo, la prevenci\u00f3n es crucial, especialmente considerando que la incidencia de estafas relacionadas con viajes online est\u00e1 en la mira de las autoridades, por lo que la Procuradur\u00eda Federal del Consumidor (Profeco) emiti\u00f3 una alerta m\u00e1xima por los denominados &#8220;viajes fantasmas&#8221;, derivados del riesgo de fraude por viajes o paquetes vacacionales a trav\u00e9s de la red.<\/p>\n\n\n\n<h3 class=\"wp-block-heading\"><a><\/a>Protecci\u00f3n al Turista: Confianza como Prioridad Estrat\u00e9gica<\/h3>\n\n\n\n<p>&#8220;Verifica y Viaja&#8221;, una acci\u00f3n directa de la Comisi\u00f3n de Protecci\u00f3n al Turista de ASETUR, <strong>liderada por el estado de Colima,<\/strong> y con la participaci\u00f3n de las 32 Secretar\u00edas de Turismo estatales, tiene como enfoque central mejorar la percepci\u00f3n de seguridad para el turista, generando un intangible fundamental: la confianza en M\u00e9xico como anfitri\u00f3n.<\/p>\n\n\n\n<p><em>&#8220;Desde ASETUR, la protecci\u00f3n al turista es una prioridad innegociable. &#8216;Verifica y Viaja\u2019 es un compromiso con la confianza, esencial para que cada experiencia en M\u00e9xico sea segura y memorable&#8221;,<\/em><strong>afirm\u00f3 Bernardo Cueto Riestra, presidente de ASETUR, <\/strong>y secretario de Turismo de Quintana Roo. <em>&#8220;Trabajamos en coordinaci\u00f3n con el gobierno federal y las autoridades para promover entornos de confianza y paz. Cada acci\u00f3n de prevenci\u00f3n y cuidado impulsada a nivel nacional ser\u00e1 conocida por nacionales y extranjeros, fortaleciendo nuestra Marca Pa\u00eds, y de esta manera hagamos del turismo una prioridad para M\u00e9xico\u201d.<\/em><\/p>\n\n\n\n<p>Por su parte, <strong>Jorge Padilla Castillo, coordinador de la Comisi\u00f3n de Protecci\u00f3n al Turista de ASETUR<\/strong>, y subsecretario de Turismo de Colima, present\u00f3 los detalles de la campa\u00f1a &#8220;Verifica y Viaja&#8221;, la cual busca crear una <strong>cultura de COMPRA SEGURA entre los viajeros,<\/strong> ofreciendo recomendaciones pr\u00e1cticas con <strong>tres sencillos pasos para VERIFICAR <\/strong>antes de reservar un viaje online:<\/p>\n\n\n\n<ol type=\"1\" start=\"1\">\n<li>Validar con rese\u00f1as, referencias y comentarios acerca de la agencia de viajes.<\/li>\n\n\n\n<li>Validar en la Secretar\u00eda de Turismo del estado, que la agencia de viajes cuenta con el Registro Nacional y Estatal de Turismo (a trav\u00e9s de la p\u00e1gina web de cada entidad)<\/li>\n\n\n\n<li>Revisar los medios de pago disponibles, evitando siempre la presi\u00f3n para hacer dep\u00f3sitos inmediatos, transferencias o pagos en tiendas de conveniencia o por medios no identificables como links enviados por WhatsApp, por ejemplo.<\/li>\n<\/ol>\n\n\n\n<p><a><\/a>ASETUR, como articulador de la visi\u00f3n y gesti\u00f3n del turismo nacional y sus 32 estados, <strong>lidera estas iniciativas desde las recomendaciones,<\/strong> desarrollando campa\u00f1as y estableciendo protocolos con autoridades. Esta iniciativa, originada en Quintana Roo y ahora de alcance nacional desde ASETUR, es fundamental para los dem\u00e1s ejes estrat\u00e9gicos de la gesti\u00f3n tur\u00edstica.<\/p>\n\n\n\n<p><em>\u201cAl aumentar la confianza del turista, \u2018Verifica y Viaja\u2019 impacta directamente en un sector m\u00e1s competitivo, conectado y sustentable. La seguridad y la confianza son clave para la promoci\u00f3n efectiva de nuestros destinos, asegurando que el inmenso potencial y la diversidad inigualable del turismo mexicano se proyecten con la fuerza que merecen. Este compromiso refuerza las bases del sector y proyecta un legado duradero, fomentando una cultura de compra segura vital para el bienestar del viajero y la solidez de la industria\u201d<\/em><strong> <\/strong>afirm\u00f3 Cueto Riestra. (<a href=\"https:\/\/nitu.mx\/index.php\/2025\/07\/01\/asetur-fortalece-su-relacion-con-aliados-estrategicos-para-impulsar-el-desarrollo-turistico-de-mexico\/\">ASETUR fortalece su relaci\u00f3n con aliados estrat\u00e9gicos para impulsar el turismo de M\u00e9xico<\/a>).<\/p>\n\n\n\n<p>En la presentaci\u00f3n de la campa\u00f1a \u201cVerifica y Viaja\u201d tambi\u00e9n estuvieron presente las secretarias y secretarios de Turismo de Baja California Sur, Maribel Collins S\u00e1nchez; de Campeche, Mauricio Arceo Pi\u00f1a; de Hidalgo, Elizabeth Quintanar G\u00f3mez; de Morelos, Daniel Altafi Valladares; de Puebla, Carla L\u00f3pez-Malo Villal\u00f3n; de San Luis Potos\u00ed, Yolanda Cepeda Echavarr\u00eda; de Veracruz; Igor Roj\u00ed L\u00f3pez; as\u00ed como representantes de las Secretar\u00edas de Turismo de los 32 estados de M\u00e9xico.<\/p>\n","protected":false},"excerpt":{"rendered":"<p>La Uni\u00f3n de Secretarias y Secretarios de Turismo de M\u00e9xico (ASETUR), bajo el liderazgo de su presidente, Bernardo Cueto Riestra, en conjunto con la Secretar\u00eda de Turismo federal, reactivan la campa\u00f1a nacional &#8220;Verifica y Viaja&#8221;. Esta iniciativa, enmarcada en el eje estrat\u00e9gico de Protecci\u00f3n al Turista de ASETUR, busca fomentar la compra informada de servicios [&hellip;]<\/p>\n","protected":false},"author":18,"featured_media":82497,"comment_status":"closed","ping_status":"closed","sticky":false,"template":"","format":"standard","meta":{"footnotes":""},"categories":[3],"tags":[1118,13931,4090,22362,93],"yoast_head":"<!-- This site is optimized with the Yoast SEO plugin v22.2 - https:\/\/yoast.com\/wordpress\/plugins\/seo\/ -->\n<title>ASETUR reactiva la campa\u00f1a &quot;Verifica y Viaja&quot; para prevenir fraudes de falsas agencias - Nitu - Noticias de la Industria Turistica<\/title>\n<meta name=\"robots\" content=\"index, follow, max-snippet:-1, max-image-preview:large, max-video-preview:-1\" \/>\n<link rel=\"canonical\" href=\"https:\/\/nitu.mx\/index.php\/2025\/07\/27\/asetur-reactiva-la-campana-verifica-y-viaja-para-prevenir-fraudes-de-falsas-agencias\/\" \/>\n<meta name=\"twitter:card\" content=\"summary_large_image\" \/>\n<meta name=\"twitter:title\" content=\"ASETUR reactiva la campa\u00f1a &quot;Verifica y Viaja&quot; para prevenir fraudes de falsas agencias - Nitu - Noticias de la Industria Turistica\" \/>\n<meta name=\"twitter:description\" content=\"La Uni\u00f3n de Secretarias y Secretarios de Turismo de M\u00e9xico (ASETUR), bajo el liderazgo de su presidente, Bernardo Cueto Riestra, en conjunto con la Secretar\u00eda de Turismo federal, reactivan la campa\u00f1a nacional &#8220;Verifica y Viaja&#8221;. Esta iniciativa, enmarcada en el eje estrat\u00e9gico de Protecci\u00f3n al Turista de ASETUR, busca fomentar la compra informada de servicios [&hellip;]\" \/>\n<meta name=\"twitter:image\" content=\"https:\/\/nitu.mx\/wp-content\/uploads\/2025\/07\/ASETUR-Verifica-y-Viaja.jpg\" \/>\n<meta name=\"twitter:creator\" content=\"@NITUmx\" \/>\n<meta name=\"twitter:site\" content=\"@Arturo_Medina_G\" \/>\n<meta name=\"twitter:label1\" content=\"Escrito por\" \/>\n\t<meta name=\"twitter:data1\" content=\"Guadalupe Sixto\" \/>\n\t<meta name=\"twitter:label2\" content=\"Tiempo de lectura\" \/>\n\t<meta name=\"twitter:data2\" content=\"4 minutos\" \/>\n<script type=\"application\/ld+json\" class=\"yoast-schema-graph\">{\"@context\":\"https:\/\/schema.org\",\"@graph\":[{\"@type\":\"Article\",\"@id\":\"https:\/\/nitu.mx\/index.php\/2025\/07\/27\/asetur-reactiva-la-campana-verifica-y-viaja-para-prevenir-fraudes-de-falsas-agencias\/#article\",\"isPartOf\":{\"@id\":\"https:\/\/nitu.mx\/index.php\/2025\/07\/27\/asetur-reactiva-la-campana-verifica-y-viaja-para-prevenir-fraudes-de-falsas-agencias\/\"},\"author\":{\"name\":\"Guadalupe Sixto\",\"@id\":\"https:\/\/nitu.mx\/#\/schema\/person\/3df3082b5e46037e3f13614d28ee0b77\"},\"headline\":\"ASETUR reactiva la campa\u00f1a &#8220;Verifica y Viaja&#8221; para prevenir fraudes de falsas agencias\",\"datePublished\":\"2025-07-27T16:41:58+00:00\",\"dateModified\":\"2025-07-27T16:41:58+00:00\",\"mainEntityOfPage\":{\"@id\":\"https:\/\/nitu.mx\/index.php\/2025\/07\/27\/asetur-reactiva-la-campana-verifica-y-viaja-para-prevenir-fraudes-de-falsas-agencias\/\"},\"wordCount\":753,\"publisher\":{\"@id\":\"https:\/\/nitu.mx\/#\/schema\/person\/ae7a53426417292d3dd07b45a33e01bc\"},\"image\":{\"@id\":\"https:\/\/nitu.mx\/index.php\/2025\/07\/27\/asetur-reactiva-la-campana-verifica-y-viaja-para-prevenir-fraudes-de-falsas-agencias\/#primaryimage\"},\"thumbnailUrl\":\"https:\/\/nitu.mx\/wp-content\/uploads\/2025\/07\/ASETUR-Verifica-y-Viaja.jpg\",\"keywords\":[\"Asetur\",\"Bernardo Cueto\",\"fraudes\",\"RNT\",\"Sectur\"],\"articleSection\":[\"Agencias de Viajes\"],\"inLanguage\":\"es-MX\"},{\"@type\":\"WebPage\",\"@id\":\"https:\/\/nitu.mx\/index.php\/2025\/07\/27\/asetur-reactiva-la-campana-verifica-y-viaja-para-prevenir-fraudes-de-falsas-agencias\/\",\"url\":\"https:\/\/nitu.mx\/index.php\/2025\/07\/27\/asetur-reactiva-la-campana-verifica-y-viaja-para-prevenir-fraudes-de-falsas-agencias\/\",\"name\":\"ASETUR reactiva la campa\u00f1a \\\"Verifica y Viaja\\\" para prevenir fraudes de falsas agencias - Nitu - Noticias de la Industria Turistica\",\"isPartOf\":{\"@id\":\"https:\/\/nitu.mx\/#website\"},\"primaryImageOfPage\":{\"@id\":\"https:\/\/nitu.mx\/index.php\/2025\/07\/27\/asetur-reactiva-la-campana-verifica-y-viaja-para-prevenir-fraudes-de-falsas-agencias\/#primaryimage\"},\"image\":{\"@id\":\"https:\/\/nitu.mx\/index.php\/2025\/07\/27\/asetur-reactiva-la-campana-verifica-y-viaja-para-prevenir-fraudes-de-falsas-agencias\/#primaryimage\"},\"thumbnailUrl\":\"https:\/\/nitu.mx\/wp-content\/uploads\/2025\/07\/ASETUR-Verifica-y-Viaja.jpg\",\"datePublished\":\"2025-07-27T16:41:58+00:00\",\"dateModified\":\"2025-07-27T16:41:58+00:00\",\"breadcrumb\":{\"@id\":\"https:\/\/nitu.mx\/index.php\/2025\/07\/27\/asetur-reactiva-la-campana-verifica-y-viaja-para-prevenir-fraudes-de-falsas-agencias\/#breadcrumb\"},\"inLanguage\":\"es-MX\",\"potentialAction\":[{\"@type\":\"ReadAction\",\"target\":[\"https:\/\/nitu.mx\/index.php\/2025\/07\/27\/asetur-reactiva-la-campana-verifica-y-viaja-para-prevenir-fraudes-de-falsas-agencias\/\"]}]},{\"@type\":\"ImageObject\",\"inLanguage\":\"es-MX\",\"@id\":\"https:\/\/nitu.mx\/index.php\/2025\/07\/27\/asetur-reactiva-la-campana-verifica-y-viaja-para-prevenir-fraudes-de-falsas-agencias\/#primaryimage\",\"url\":\"https:\/\/nitu.mx\/wp-content\/uploads\/2025\/07\/ASETUR-Verifica-y-Viaja.jpg\",\"contentUrl\":\"https:\/\/nitu.mx\/wp-content\/uploads\/2025\/07\/ASETUR-Verifica-y-Viaja.jpg\",\"width\":1200,\"height\":675,\"caption\":\"ASETUR Verifica-y-Viaja\"},{\"@type\":\"BreadcrumbList\",\"@id\":\"https:\/\/nitu.mx\/index.php\/2025\/07\/27\/asetur-reactiva-la-campana-verifica-y-viaja-para-prevenir-fraudes-de-falsas-agencias\/#breadcrumb\",\"itemListElement\":[{\"@type\":\"ListItem\",\"position\":1,\"name\":\"Inicio\",\"item\":\"https:\/\/nitu.mx\/\"},{\"@type\":\"ListItem\",\"position\":2,\"name\":\"ASETUR reactiva la campa\u00f1a &#8220;Verifica y Viaja&#8221; para prevenir fraudes de falsas agencias\"}]},{\"@type\":\"WebSite\",\"@id\":\"https:\/\/nitu.mx\/#website\",\"url\":\"https:\/\/nitu.mx\/\",\"name\":\"Nitu - Noticias de la Industria Turistica\",\"description\":\"Noticias de la Industria Turistica\",\"publisher\":{\"@id\":\"https:\/\/nitu.mx\/#\/schema\/person\/ae7a53426417292d3dd07b45a33e01bc\"},\"alternateName\":\"Noticias de la Industria Turistica\",\"potentialAction\":[{\"@type\":\"SearchAction\",\"target\":{\"@type\":\"EntryPoint\",\"urlTemplate\":\"https:\/\/nitu.mx\/?s={search_term_string}\"},\"query-input\":\"required name=search_term_string\"}],\"inLanguage\":\"es-MX\"},{\"@type\":[\"Person\",\"Organization\"],\"@id\":\"https:\/\/nitu.mx\/#\/schema\/person\/ae7a53426417292d3dd07b45a33e01bc\",\"name\":\"Arturo Medina\",\"image\":{\"@type\":\"ImageObject\",\"inLanguage\":\"es-MX\",\"@id\":\"https:\/\/nitu.mx\/#\/schema\/person\/image\/\",\"url\":\"https:\/\/nitu.mx\/wp-content\/uploads\/2024\/04\/4A315622-1904-4D5C-B022-878CDC840E04-90x90-1.jpeg\",\"contentUrl\":\"https:\/\/nitu.mx\/wp-content\/uploads\/2024\/04\/4A315622-1904-4D5C-B022-878CDC840E04-90x90-1.jpeg\",\"width\":90,\"height\":90,\"caption\":\"Arturo Medina\"},\"logo\":{\"@id\":\"https:\/\/nitu.mx\/#\/schema\/person\/image\/\"},\"description\":\"Director NITU.mx, Egresado de la Escuela de Periodismo Carlos Septi\u00e9n Garc\u00eda. Periodista y analista especializado en turismo desde hace 35 a\u00f1os, radicado en Canc\u00fan Q.Roo. arturo@nitu.mx\",\"sameAs\":[\"https:\/\/nitu.mx\",\"https:\/\/www.facebook.com\/NITUmx\/\",\"medinacancun\",\"https:\/\/twitter.com\/@Arturo_Medina_G\"]},{\"@type\":\"Person\",\"@id\":\"https:\/\/nitu.mx\/#\/schema\/person\/3df3082b5e46037e3f13614d28ee0b77\",\"name\":\"Guadalupe Sixto\",\"image\":{\"@type\":\"ImageObject\",\"inLanguage\":\"es-MX\",\"@id\":\"https:\/\/nitu.mx\/#\/schema\/person\/image\/\",\"url\":\"https:\/\/secure.gravatar.com\/avatar\/13914e1b0e1919e91f9539de4dc584c4?s=96&d=mm&r=g\",\"contentUrl\":\"https:\/\/secure.gravatar.com\/avatar\/13914e1b0e1919e91f9539de4dc584c4?s=96&d=mm&r=g\",\"caption\":\"Guadalupe Sixto\"},\"url\":\"https:\/\/nitu.mx\/index.php\/author\/gsixto\/\"}]}<\/script>\n<!-- \/ Yoast SEO plugin. -->","yoast_head_json":{"title":"ASETUR reactiva la campa\u00f1a \"Verifica y Viaja\" para prevenir fraudes de falsas agencias - Nitu - Noticias de la Industria Turistica","robots":{"index":"index","follow":"follow","max-snippet":"max-snippet:-1","max-image-preview":"max-image-preview:large","max-video-preview":"max-video-preview:-1"},"canonical":"https:\/\/nitu.mx\/index.php\/2025\/07\/27\/asetur-reactiva-la-campana-verifica-y-viaja-para-prevenir-fraudes-de-falsas-agencias\/","twitter_card":"summary_large_image","twitter_title":"ASETUR reactiva la campa\u00f1a \"Verifica y Viaja\" para prevenir fraudes de falsas agencias - Nitu - Noticias de la Industria Turistica","twitter_description":"La Uni\u00f3n de Secretarias y Secretarios de Turismo de M\u00e9xico (ASETUR), bajo el liderazgo de su presidente, Bernardo Cueto Riestra, en conjunto con la Secretar\u00eda de Turismo federal, reactivan la campa\u00f1a nacional &#8220;Verifica y Viaja&#8221;. Esta iniciativa, enmarcada en el eje estrat\u00e9gico de Protecci\u00f3n al Turista de ASETUR, busca fomentar la compra informada de servicios [&hellip;]","twitter_image":"https:\/\/nitu.mx\/wp-content\/uploads\/2025\/07\/ASETUR-Verifica-y-Viaja.jpg","twitter_creator":"@NITUmx","twitter_site":"@Arturo_Medina_G","twitter_misc":{"Escrito por":"Guadalupe Sixto","Tiempo de lectura":"4 minutos"},"schema":{"@context":"https:\/\/schema.org","@graph":[{"@type":"Article","@id":"https:\/\/nitu.mx\/index.php\/2025\/07\/27\/asetur-reactiva-la-campana-verifica-y-viaja-para-prevenir-fraudes-de-falsas-agencias\/#article","isPartOf":{"@id":"https:\/\/nitu.mx\/index.php\/2025\/07\/27\/asetur-reactiva-la-campana-verifica-y-viaja-para-prevenir-fraudes-de-falsas-agencias\/"},"author":{"name":"Guadalupe Sixto","@id":"https:\/\/nitu.mx\/#\/schema\/person\/3df3082b5e46037e3f13614d28ee0b77"},"headline":"ASETUR reactiva la campa\u00f1a &#8220;Verifica y Viaja&#8221; para prevenir fraudes de falsas agencias","datePublished":"2025-07-27T16:41:58+00:00","dateModified":"2025-07-27T16:41:58+00:00","mainEntityOfPage":{"@id":"https:\/\/nitu.mx\/index.php\/2025\/07\/27\/asetur-reactiva-la-campana-verifica-y-viaja-para-prevenir-fraudes-de-falsas-agencias\/"},"wordCount":753,"publisher":{"@id":"https:\/\/nitu.mx\/#\/schema\/person\/ae7a53426417292d3dd07b45a33e01bc"},"image":{"@id":"https:\/\/nitu.mx\/index.php\/2025\/07\/27\/asetur-reactiva-la-campana-verifica-y-viaja-para-prevenir-fraudes-de-falsas-agencias\/#primaryimage"},"thumbnailUrl":"https:\/\/nitu.mx\/wp-content\/uploads\/2025\/07\/ASETUR-Verifica-y-Viaja.jpg","keywords":["Asetur","Bernardo Cueto","fraudes","RNT","Sectur"],"articleSection":["Agencias de Viajes"],"inLanguage":"es-MX"},{"@type":"WebPage","@id":"https:\/\/nitu.mx\/index.php\/2025\/07\/27\/asetur-reactiva-la-campana-verifica-y-viaja-para-prevenir-fraudes-de-falsas-agencias\/","url":"https:\/\/nitu.mx\/index.php\/2025\/07\/27\/asetur-reactiva-la-campana-verifica-y-viaja-para-prevenir-fraudes-de-falsas-agencias\/","name":"ASETUR reactiva la campa\u00f1a \"Verifica y Viaja\" para prevenir fraudes de falsas agencias - Nitu - Noticias de la Industria Turistica","isPartOf":{"@id":"https:\/\/nitu.mx\/#website"},"primaryImageOfPage":{"@id":"https:\/\/nitu.mx\/index.php\/2025\/07\/27\/asetur-reactiva-la-campana-verifica-y-viaja-para-prevenir-fraudes-de-falsas-agencias\/#primaryimage"},"image":{"@id":"https:\/\/nitu.mx\/index.php\/2025\/07\/27\/asetur-reactiva-la-campana-verifica-y-viaja-para-prevenir-fraudes-de-falsas-agencias\/#primaryimage"},"thumbnailUrl":"https:\/\/nitu.mx\/wp-content\/uploads\/2025\/07\/ASETUR-Verifica-y-Viaja.jpg","datePublished":"2025-07-27T16:41:58+00:00","dateModified":"2025-07-27T16:41:58+00:00","breadcrumb":{"@id":"https:\/\/nitu.mx\/index.php\/2025\/07\/27\/asetur-reactiva-la-campana-verifica-y-viaja-para-prevenir-fraudes-de-falsas-agencias\/#breadcrumb"},"inLanguage":"es-MX","potentialAction":[{"@type":"ReadAction","target":["https:\/\/nitu.mx\/index.php\/2025\/07\/27\/asetur-reactiva-la-campana-verifica-y-viaja-para-prevenir-fraudes-de-falsas-agencias\/"]}]},{"@type":"ImageObject","inLanguage":"es-MX","@id":"https:\/\/nitu.mx\/index.php\/2025\/07\/27\/asetur-reactiva-la-campana-verifica-y-viaja-para-prevenir-fraudes-de-falsas-agencias\/#primaryimage","url":"https:\/\/nitu.mx\/wp-content\/uploads\/2025\/07\/ASETUR-Verifica-y-Viaja.jpg","contentUrl":"https:\/\/nitu.mx\/wp-content\/uploads\/2025\/07\/ASETUR-Verifica-y-Viaja.jpg","width":1200,"height":675,"caption":"ASETUR Verifica-y-Viaja"},{"@type":"BreadcrumbList","@id":"https:\/\/nitu.mx\/index.php\/2025\/07\/27\/asetur-reactiva-la-campana-verifica-y-viaja-para-prevenir-fraudes-de-falsas-agencias\/#breadcrumb","itemListElement":[{"@type":"ListItem","position":1,"name":"Inicio","item":"https:\/\/nitu.mx\/"},{"@type":"ListItem","position":2,"name":"ASETUR reactiva la campa\u00f1a &#8220;Verifica y Viaja&#8221; para prevenir fraudes de falsas agencias"}]},{"@type":"WebSite","@id":"https:\/\/nitu.mx\/#website","url":"https:\/\/nitu.mx\/","name":"Nitu - Noticias de la Industria Turistica","description":"Noticias de la Industria Turistica","publisher":{"@id":"https:\/\/nitu.mx\/#\/schema\/person\/ae7a53426417292d3dd07b45a33e01bc"},"alternateName":"Noticias de la Industria Turistica","potentialAction":[{"@type":"SearchAction","target":{"@type":"EntryPoint","urlTemplate":"https:\/\/nitu.mx\/?s={search_term_string}"},"query-input":"required name=search_term_string"}],"inLanguage":"es-MX"},{"@type":["Person","Organization"],"@id":"https:\/\/nitu.mx\/#\/schema\/person\/ae7a53426417292d3dd07b45a33e01bc","name":"Arturo Medina","image":{"@type":"ImageObject","inLanguage":"es-MX","@id":"https:\/\/nitu.mx\/#\/schema\/person\/image\/","url":"https:\/\/nitu.mx\/wp-content\/uploads\/2024\/04\/4A315622-1904-4D5C-B022-878CDC840E04-90x90-1.jpeg","contentUrl":"https:\/\/nitu.mx\/wp-content\/uploads\/2024\/04\/4A315622-1904-4D5C-B022-878CDC840E04-90x90-1.jpeg","width":90,"height":90,"caption":"Arturo Medina"},"logo":{"@id":"https:\/\/nitu.mx\/#\/schema\/person\/image\/"},"description":"Director NITU.mx, Egresado de la Escuela de Periodismo Carlos Septi\u00e9n Garc\u00eda. Periodista y analista especializado en turismo desde hace 35 a\u00f1os, radicado en Canc\u00fan Q.Roo. arturo@nitu.mx","sameAs":["https:\/\/nitu.mx","https:\/\/www.facebook.com\/NITUmx\/","medinacancun","https:\/\/twitter.com\/@Arturo_Medina_G"]},{"@type":"Person","@id":"https:\/\/nitu.mx\/#\/schema\/person\/3df3082b5e46037e3f13614d28ee0b77","name":"Guadalupe Sixto","image":{"@type":"ImageObject","inLanguage":"es-MX","@id":"https:\/\/nitu.mx\/#\/schema\/person\/image\/","url":"https:\/\/secure.gravatar.com\/avatar\/13914e1b0e1919e91f9539de4dc584c4?s=96&d=mm&r=g","contentUrl":"https:\/\/secure.gravatar.com\/avatar\/13914e1b0e1919e91f9539de4dc584c4?s=96&d=mm&r=g","caption":"Guadalupe Sixto"},"url":"https:\/\/nitu.mx\/index.php\/author\/gsixto\/"}]}},"views":705,"_links":{"self":[{"href":"https:\/\/nitu.mx\/index.php\/wp-json\/wp\/v2\/posts\/82495"}],"collection":[{"href":"https:\/\/nitu.mx\/index.php\/wp-json\/wp\/v2\/posts"}],"about":[{"href":"https:\/\/nitu.mx\/index.php\/wp-json\/wp\/v2\/types\/post"}],"author":[{"embeddable":true,"href":"https:\/\/nitu.mx\/index.php\/wp-json\/wp\/v2\/users\/18"}],"replies":[{"embeddable":true,"href":"https:\/\/nitu.mx\/index.php\/wp-json\/wp\/v2\/comments?post=82495"}],"version-history":[{"count":1,"href":"https:\/\/nitu.mx\/index.php\/wp-json\/wp\/v2\/posts\/82495\/revisions"}],"predecessor-version":[{"id":82498,"href":"https:\/\/nitu.mx\/index.php\/wp-json\/wp\/v2\/posts\/82495\/revisions\/82498"}],"wp:featuredmedia":[{"embeddable":true,"href":"https:\/\/nitu.mx\/index.php\/wp-json\/wp\/v2\/media\/82497"}],"wp:attachment":[{"href":"https:\/\/nitu.mx\/index.php\/wp-json\/wp\/v2\/media?parent=82495"}],"wp:term":[{"taxonomy":"category","embeddable":true,"href":"https:\/\/nitu.mx\/index.php\/wp-json\/wp\/v2\/categories?post=82495"},{"taxonomy":"post_tag","embeddable":true,"href":"https:\/\/nitu.mx\/index.php\/wp-json\/wp\/v2\/tags?post=82495"}],"curies":[{"name":"wp","href":"https:\/\/api.w.org\/{rel}","templated":true}]}}