{"id":82439,"date":"2025-07-22T22:11:54","date_gmt":"2025-07-23T04:11:54","guid":{"rendered":"https:\/\/nitu.mx\/?p=82439"},"modified":"2025-07-22T22:11:55","modified_gmt":"2025-07-23T04:11:55","slug":"nayarit-consagra-su-legado-ante-la-unesco-con-la-ruta-wixarika-como-patrimonio-mundial","status":"publish","type":"post","link":"https:\/\/nitu.mx\/index.php\/2025\/07\/22\/nayarit-consagra-su-legado-ante-la-unesco-con-la-ruta-wixarika-como-patrimonio-mundial\/","title":{"rendered":"Nayarit consagra su legado ante la Unesco con la Ruta Wix\u00e1rika como Patrimonio Mundial"},"content":{"rendered":"\n<p>La secretar\u00eda de Turismo del estado de Nayarit por instrucci\u00f3n del gobernador, Miguel \u00c1ngel Navarro Quintero, implement\u00f3 acciones estrat\u00e9gicas que fueron de vital importancia para lo que hoy se convierte en legado mundial.<\/p>\n\n\n\n<p>Tras su inscripci\u00f3n en la lista tentativa desde 2004, Nayarit, en coordinaci\u00f3n con la UNESCO, el INAH, SEMARNAT, CONANP y el INPI, recuper\u00f3 el expediente y cataliz\u00f3 su avance, siendo un gran aporte este 2025 para la declaratoria hist\u00f3rica que honra no s\u00f3lo a nuestro estado, sino a toda la humanidad.<\/p>\n\n\n\n<p>Este hito internacional refleja el compromiso firme del Gobierno de Nayarit con el turismo cultural sostenible, la inclusi\u00f3n de los pueblos originarios en la agenda de desarrollo y el fortalecimiento del orgullo identitario como base del futuro. (<a href=\"https:\/\/nitu.mx\/index.php\/2025\/07\/13\/mexico-tiene-nuevo-patrimonio-de-la-humanidad-la-ruta-wixarika\/\">M\u00e9xico tiene nuevo Patrimonio de la Humanidad: La Ruta Wix\u00e1rika<\/a>).<\/p>\n\n\n\n<p>Entre otras acciones que se han emprendido en Nayarit destaca el fortalecimiento y la vinculaci\u00f3n del sector cultural con el sector tur\u00edstico y empresarial mediante la formalizaci\u00f3n de relaciones estrat\u00e9gicas que permitieron posicionar al estado como un referente de turismo cultural al rescatar, preservar y divulgar el patrimonio cultural del estado como una expresi\u00f3n de identidad, pertenencia, dignidad y memoria de nuestra sociedad.<\/p>\n\n\n\n<p>M\u00e1s de 64 familias pertenecientes a los pueblos originarios Wix\u00e1rika, Na\u2019ayeri, O\u2019dam y Meshikan, de diferentes localidades de los municipios de Huajicori, Acaponeta, Del Nayar, La Yesca, Tepic, San Blas y Compostela, se integraron por periodos mensuales rotativos para atender puntos de venta y talleres vivenciales en el Pueblo M\u00e1gico Puerto Balleto.<\/p>\n\n\n\n<p>Derivado de esto, se consolid\u00f3 la operaci\u00f3n del modelo rotativo de artesanos en Islas Mar\u00edas mediante una vinculaci\u00f3n m\u00e1s estrecha, lo que fortaleci\u00f3 la log\u00edstica, selecci\u00f3n y condiciones de estancia para los artesanos nayaritas.<\/p>\n\n\n\n<p>Se capacit\u00f3 a m\u00e1s de 170 personas de comunidades originarias en cultura tur\u00edstica, atenci\u00f3n al visitante, uso de lenguas extranjeras y desarrollo artesanal, como parte de una pol\u00edtica transversal de inclusi\u00f3n, autosuficiencia y desarrollo comunitario.<\/p>\n\n\n\n<p>Este modelo foment\u00f3 un comercio justo, impuls\u00f3 el turismo cultural responsable y posicion\u00f3 el arte originario como parte central de la experiencia tur\u00edstica del destino, cambiado la vida de los artesanos que participaron, permiti\u00e9ndoles llevar ingresos importantes para sus localidades y conociendo a consumidores con quienes mantienen contacto para comercializar sus piezas, esto permiti\u00f3 no solo expandir su arte, sino transmitir orgullo, visibilidad, dignificaci\u00f3n y promoci\u00f3n a la preservaci\u00f3n activa de saberes ancestrales.<\/p>\n\n\n\n<p>Tambi\u00e9n se fortaleci\u00f3 la presencia de artesanos y artesan\u00edas por medio de exposiciones en eventos de gran relevancia, lo que permiti\u00f3 la promoci\u00f3n y proyecci\u00f3n de la cultura Wix\u00e1rika.<\/p>\n\n\n\n<p>Entre estos eventos destaca el Tianguis Tur\u00edstico en las ediciones del 2023 al 2025, Houston Travel Fest, Gran Premio De F\u00f3rmula 1, Mexicanizando El Mundo Madrid y Mexicanizando El Mundo Barcelona, adem\u00e1s de importantes colaboraciones con Estudio Menchaca del reconocido maestro artesano y promotor del Arte Wix\u00e1rika, Cesar Menchaca, sobresaliendo el proyecto \u201cDe la Basura al Arte\u201d, que impulsa el arte, la cultura y la sustentabilidad aprovechando los pl\u00e1sticos recolectados en las playas para convertirlo en obras de arte y arraigar identidad cultural en el destino.<\/p>\n\n\n\n<p>Este esfuerzo dignific\u00f3 su rol dentro del ecosistema tur\u00edstico reconociendo y revalorizando su identidad cultural en un destino con sentido humano, adem\u00e1s de la mejora progresiva en la calidad del servicio tur\u00edstico comunitario y la generaci\u00f3n de ingresos que coadyuv\u00f3 en la preparaci\u00f3n para relacionarse e interactuar con visitantes nacionales e internacionales.<\/p>\n\n\n\n<p>En Nayarit, el turismo no s\u00f3lo genera ingresos: transforma vidas, honra ra\u00edces y conecta al mundo con lo sagrado.<\/p>\n","protected":false},"excerpt":{"rendered":"<p>La secretar\u00eda de Turismo del estado de Nayarit por instrucci\u00f3n del gobernador, Miguel \u00c1ngel Navarro Quintero, implement\u00f3 acciones estrat\u00e9gicas que fueron de vital importancia para lo que hoy se convierte en legado mundial. Tras su inscripci\u00f3n en la lista tentativa desde 2004, Nayarit, en coordinaci\u00f3n con la UNESCO, el INAH, SEMARNAT, CONANP y el INPI, [&hellip;]<\/p>\n","protected":false},"author":17,"featured_media":82441,"comment_status":"closed","ping_status":"closed","sticky":false,"template":"","format":"standard","meta":{"footnotes":""},"categories":[5],"tags":[1431,27541,93,1529],"yoast_head":"<!-- This site is optimized with the Yoast SEO plugin v22.2 - https:\/\/yoast.com\/wordpress\/plugins\/seo\/ -->\n<title>Nayarit consagra su legado ante la Unesco con la Ruta Wix\u00e1rika como Patrimonio Mundial - Nitu - Noticias de la Industria Turistica<\/title>\n<meta name=\"robots\" content=\"index, follow, max-snippet:-1, max-image-preview:large, max-video-preview:-1\" \/>\n<link rel=\"canonical\" href=\"https:\/\/nitu.mx\/index.php\/2025\/07\/22\/nayarit-consagra-su-legado-ante-la-unesco-con-la-ruta-wixarika-como-patrimonio-mundial\/\" \/>\n<meta name=\"twitter:card\" content=\"summary_large_image\" \/>\n<meta name=\"twitter:title\" content=\"Nayarit consagra su legado ante la Unesco con la Ruta Wix\u00e1rika como Patrimonio Mundial - Nitu - Noticias de la Industria Turistica\" \/>\n<meta name=\"twitter:description\" content=\"La secretar\u00eda de Turismo del estado de Nayarit por instrucci\u00f3n del gobernador, Miguel \u00c1ngel Navarro Quintero, implement\u00f3 acciones estrat\u00e9gicas que fueron de vital importancia para lo que hoy se convierte en legado mundial. Tras su inscripci\u00f3n en la lista tentativa desde 2004, Nayarit, en coordinaci\u00f3n con la UNESCO, el INAH, SEMARNAT, CONANP y el INPI, [&hellip;]\" \/>\n<meta name=\"twitter:image\" content=\"https:\/\/nitu.mx\/wp-content\/uploads\/2025\/07\/Con-la-declaratoria-de-La-Ruta-Wixarika-como-Patrimonio-Mundial-Nayarit-consagra-su-legado-ante-la-UNESCO-1.jpg\" \/>\n<meta name=\"twitter:creator\" content=\"@NITUmx\" \/>\n<meta name=\"twitter:site\" content=\"@Arturo_Medina_G\" \/>\n<meta name=\"twitter:label1\" content=\"Escrito por\" \/>\n\t<meta name=\"twitter:data1\" content=\"Redacci\u00f3n\" \/>\n\t<meta name=\"twitter:label2\" content=\"Tiempo de lectura\" \/>\n\t<meta name=\"twitter:data2\" content=\"3 minutos\" \/>\n<script type=\"application\/ld+json\" class=\"yoast-schema-graph\">{\"@context\":\"https:\/\/schema.org\",\"@graph\":[{\"@type\":\"Article\",\"@id\":\"https:\/\/nitu.mx\/index.php\/2025\/07\/22\/nayarit-consagra-su-legado-ante-la-unesco-con-la-ruta-wixarika-como-patrimonio-mundial\/#article\",\"isPartOf\":{\"@id\":\"https:\/\/nitu.mx\/index.php\/2025\/07\/22\/nayarit-consagra-su-legado-ante-la-unesco-con-la-ruta-wixarika-como-patrimonio-mundial\/\"},\"author\":{\"name\":\"Redacci\u00f3n\",\"@id\":\"https:\/\/nitu.mx\/#\/schema\/person\/4a28fe9bd65924f7c90623773daf1b0b\"},\"headline\":\"Nayarit consagra su legado ante la Unesco con la Ruta Wix\u00e1rika como Patrimonio Mundial\",\"datePublished\":\"2025-07-23T04:11:54+00:00\",\"dateModified\":\"2025-07-23T04:11:55+00:00\",\"mainEntityOfPage\":{\"@id\":\"https:\/\/nitu.mx\/index.php\/2025\/07\/22\/nayarit-consagra-su-legado-ante-la-unesco-con-la-ruta-wixarika-como-patrimonio-mundial\/\"},\"wordCount\":635,\"publisher\":{\"@id\":\"https:\/\/nitu.mx\/#\/schema\/person\/ae7a53426417292d3dd07b45a33e01bc\"},\"image\":{\"@id\":\"https:\/\/nitu.mx\/index.php\/2025\/07\/22\/nayarit-consagra-su-legado-ante-la-unesco-con-la-ruta-wixarika-como-patrimonio-mundial\/#primaryimage\"},\"thumbnailUrl\":\"https:\/\/nitu.mx\/wp-content\/uploads\/2025\/07\/Con-la-declaratoria-de-La-Ruta-Wixarika-como-Patrimonio-Mundial-Nayarit-consagra-su-legado-ante-la-UNESCO-1.jpg\",\"keywords\":[\"Nayarit\",\"Ruta Wix\u00e1rika\",\"Sectur\",\"UNESCO\"],\"articleSection\":[\"Destinos\"],\"inLanguage\":\"es-MX\"},{\"@type\":\"WebPage\",\"@id\":\"https:\/\/nitu.mx\/index.php\/2025\/07\/22\/nayarit-consagra-su-legado-ante-la-unesco-con-la-ruta-wixarika-como-patrimonio-mundial\/\",\"url\":\"https:\/\/nitu.mx\/index.php\/2025\/07\/22\/nayarit-consagra-su-legado-ante-la-unesco-con-la-ruta-wixarika-como-patrimonio-mundial\/\",\"name\":\"Nayarit consagra su legado ante la Unesco con la Ruta Wix\u00e1rika como Patrimonio Mundial - Nitu - Noticias de la Industria Turistica\",\"isPartOf\":{\"@id\":\"https:\/\/nitu.mx\/#website\"},\"primaryImageOfPage\":{\"@id\":\"https:\/\/nitu.mx\/index.php\/2025\/07\/22\/nayarit-consagra-su-legado-ante-la-unesco-con-la-ruta-wixarika-como-patrimonio-mundial\/#primaryimage\"},\"image\":{\"@id\":\"https:\/\/nitu.mx\/index.php\/2025\/07\/22\/nayarit-consagra-su-legado-ante-la-unesco-con-la-ruta-wixarika-como-patrimonio-mundial\/#primaryimage\"},\"thumbnailUrl\":\"https:\/\/nitu.mx\/wp-content\/uploads\/2025\/07\/Con-la-declaratoria-de-La-Ruta-Wixarika-como-Patrimonio-Mundial-Nayarit-consagra-su-legado-ante-la-UNESCO-1.jpg\",\"datePublished\":\"2025-07-23T04:11:54+00:00\",\"dateModified\":\"2025-07-23T04:11:55+00:00\",\"breadcrumb\":{\"@id\":\"https:\/\/nitu.mx\/index.php\/2025\/07\/22\/nayarit-consagra-su-legado-ante-la-unesco-con-la-ruta-wixarika-como-patrimonio-mundial\/#breadcrumb\"},\"inLanguage\":\"es-MX\",\"potentialAction\":[{\"@type\":\"ReadAction\",\"target\":[\"https:\/\/nitu.mx\/index.php\/2025\/07\/22\/nayarit-consagra-su-legado-ante-la-unesco-con-la-ruta-wixarika-como-patrimonio-mundial\/\"]}]},{\"@type\":\"ImageObject\",\"inLanguage\":\"es-MX\",\"@id\":\"https:\/\/nitu.mx\/index.php\/2025\/07\/22\/nayarit-consagra-su-legado-ante-la-unesco-con-la-ruta-wixarika-como-patrimonio-mundial\/#primaryimage\",\"url\":\"https:\/\/nitu.mx\/wp-content\/uploads\/2025\/07\/Con-la-declaratoria-de-La-Ruta-Wixarika-como-Patrimonio-Mundial-Nayarit-consagra-su-legado-ante-la-UNESCO-1.jpg\",\"contentUrl\":\"https:\/\/nitu.mx\/wp-content\/uploads\/2025\/07\/Con-la-declaratoria-de-La-Ruta-Wixarika-como-Patrimonio-Mundial-Nayarit-consagra-su-legado-ante-la-UNESCO-1.jpg\",\"width\":1200,\"height\":675,\"caption\":\"Con la declaratoria de La Ruta Wixa\u0301rika como Patrimonio Mundial, Nayarit consagra su legado ante la UNESCO 1\"},{\"@type\":\"BreadcrumbList\",\"@id\":\"https:\/\/nitu.mx\/index.php\/2025\/07\/22\/nayarit-consagra-su-legado-ante-la-unesco-con-la-ruta-wixarika-como-patrimonio-mundial\/#breadcrumb\",\"itemListElement\":[{\"@type\":\"ListItem\",\"position\":1,\"name\":\"Inicio\",\"item\":\"https:\/\/nitu.mx\/\"},{\"@type\":\"ListItem\",\"position\":2,\"name\":\"Nayarit consagra su legado ante la Unesco con la Ruta Wix\u00e1rika como Patrimonio Mundial\"}]},{\"@type\":\"WebSite\",\"@id\":\"https:\/\/nitu.mx\/#website\",\"url\":\"https:\/\/nitu.mx\/\",\"name\":\"Nitu - Noticias de la Industria Turistica\",\"description\":\"Noticias de la Industria Turistica\",\"publisher\":{\"@id\":\"https:\/\/nitu.mx\/#\/schema\/person\/ae7a53426417292d3dd07b45a33e01bc\"},\"alternateName\":\"Noticias de la Industria Turistica\",\"potentialAction\":[{\"@type\":\"SearchAction\",\"target\":{\"@type\":\"EntryPoint\",\"urlTemplate\":\"https:\/\/nitu.mx\/?s={search_term_string}\"},\"query-input\":\"required name=search_term_string\"}],\"inLanguage\":\"es-MX\"},{\"@type\":[\"Person\",\"Organization\"],\"@id\":\"https:\/\/nitu.mx\/#\/schema\/person\/ae7a53426417292d3dd07b45a33e01bc\",\"name\":\"Arturo Medina\",\"image\":{\"@type\":\"ImageObject\",\"inLanguage\":\"es-MX\",\"@id\":\"https:\/\/nitu.mx\/#\/schema\/person\/image\/\",\"url\":\"https:\/\/nitu.mx\/wp-content\/uploads\/2024\/04\/4A315622-1904-4D5C-B022-878CDC840E04-90x90-1.jpeg\",\"contentUrl\":\"https:\/\/nitu.mx\/wp-content\/uploads\/2024\/04\/4A315622-1904-4D5C-B022-878CDC840E04-90x90-1.jpeg\",\"width\":90,\"height\":90,\"caption\":\"Arturo Medina\"},\"logo\":{\"@id\":\"https:\/\/nitu.mx\/#\/schema\/person\/image\/\"},\"description\":\"Director NITU.mx, Egresado de la Escuela de Periodismo Carlos Septi\u00e9n Garc\u00eda. Periodista y analista especializado en turismo desde hace 35 a\u00f1os, radicado en Canc\u00fan Q.Roo. arturo@nitu.mx\",\"sameAs\":[\"https:\/\/nitu.mx\",\"https:\/\/www.facebook.com\/NITUmx\/\",\"medinacancun\",\"https:\/\/twitter.com\/@Arturo_Medina_G\"]},{\"@type\":\"Person\",\"@id\":\"https:\/\/nitu.mx\/#\/schema\/person\/4a28fe9bd65924f7c90623773daf1b0b\",\"name\":\"Redacci\u00f3n\",\"image\":{\"@type\":\"ImageObject\",\"inLanguage\":\"es-MX\",\"@id\":\"https:\/\/nitu.mx\/#\/schema\/person\/image\/\",\"url\":\"https:\/\/secure.gravatar.com\/avatar\/5dd011c8ccfc5cd7e4c81e42252aab38?s=96&d=mm&r=g\",\"contentUrl\":\"https:\/\/secure.gravatar.com\/avatar\/5dd011c8ccfc5cd7e4c81e42252aab38?s=96&d=mm&r=g\",\"caption\":\"Redacci\u00f3n\"},\"url\":\"https:\/\/nitu.mx\/index.php\/author\/redaccion\/\"}]}<\/script>\n<!-- \/ Yoast SEO plugin. -->","yoast_head_json":{"title":"Nayarit consagra su legado ante la Unesco con la Ruta Wix\u00e1rika como Patrimonio Mundial - Nitu - Noticias de la Industria Turistica","robots":{"index":"index","follow":"follow","max-snippet":"max-snippet:-1","max-image-preview":"max-image-preview:large","max-video-preview":"max-video-preview:-1"},"canonical":"https:\/\/nitu.mx\/index.php\/2025\/07\/22\/nayarit-consagra-su-legado-ante-la-unesco-con-la-ruta-wixarika-como-patrimonio-mundial\/","twitter_card":"summary_large_image","twitter_title":"Nayarit consagra su legado ante la Unesco con la Ruta Wix\u00e1rika como Patrimonio Mundial - Nitu - Noticias de la Industria Turistica","twitter_description":"La secretar\u00eda de Turismo del estado de Nayarit por instrucci\u00f3n del gobernador, Miguel \u00c1ngel Navarro Quintero, implement\u00f3 acciones estrat\u00e9gicas que fueron de vital importancia para lo que hoy se convierte en legado mundial. Tras su inscripci\u00f3n en la lista tentativa desde 2004, Nayarit, en coordinaci\u00f3n con la UNESCO, el INAH, SEMARNAT, CONANP y el INPI, [&hellip;]","twitter_image":"https:\/\/nitu.mx\/wp-content\/uploads\/2025\/07\/Con-la-declaratoria-de-La-Ruta-Wixarika-como-Patrimonio-Mundial-Nayarit-consagra-su-legado-ante-la-UNESCO-1.jpg","twitter_creator":"@NITUmx","twitter_site":"@Arturo_Medina_G","twitter_misc":{"Escrito por":"Redacci\u00f3n","Tiempo de lectura":"3 minutos"},"schema":{"@context":"https:\/\/schema.org","@graph":[{"@type":"Article","@id":"https:\/\/nitu.mx\/index.php\/2025\/07\/22\/nayarit-consagra-su-legado-ante-la-unesco-con-la-ruta-wixarika-como-patrimonio-mundial\/#article","isPartOf":{"@id":"https:\/\/nitu.mx\/index.php\/2025\/07\/22\/nayarit-consagra-su-legado-ante-la-unesco-con-la-ruta-wixarika-como-patrimonio-mundial\/"},"author":{"name":"Redacci\u00f3n","@id":"https:\/\/nitu.mx\/#\/schema\/person\/4a28fe9bd65924f7c90623773daf1b0b"},"headline":"Nayarit consagra su legado ante la Unesco con la Ruta Wix\u00e1rika como Patrimonio Mundial","datePublished":"2025-07-23T04:11:54+00:00","dateModified":"2025-07-23T04:11:55+00:00","mainEntityOfPage":{"@id":"https:\/\/nitu.mx\/index.php\/2025\/07\/22\/nayarit-consagra-su-legado-ante-la-unesco-con-la-ruta-wixarika-como-patrimonio-mundial\/"},"wordCount":635,"publisher":{"@id":"https:\/\/nitu.mx\/#\/schema\/person\/ae7a53426417292d3dd07b45a33e01bc"},"image":{"@id":"https:\/\/nitu.mx\/index.php\/2025\/07\/22\/nayarit-consagra-su-legado-ante-la-unesco-con-la-ruta-wixarika-como-patrimonio-mundial\/#primaryimage"},"thumbnailUrl":"https:\/\/nitu.mx\/wp-content\/uploads\/2025\/07\/Con-la-declaratoria-de-La-Ruta-Wixarika-como-Patrimonio-Mundial-Nayarit-consagra-su-legado-ante-la-UNESCO-1.jpg","keywords":["Nayarit","Ruta Wix\u00e1rika","Sectur","UNESCO"],"articleSection":["Destinos"],"inLanguage":"es-MX"},{"@type":"WebPage","@id":"https:\/\/nitu.mx\/index.php\/2025\/07\/22\/nayarit-consagra-su-legado-ante-la-unesco-con-la-ruta-wixarika-como-patrimonio-mundial\/","url":"https:\/\/nitu.mx\/index.php\/2025\/07\/22\/nayarit-consagra-su-legado-ante-la-unesco-con-la-ruta-wixarika-como-patrimonio-mundial\/","name":"Nayarit consagra su legado ante la Unesco con la Ruta Wix\u00e1rika como Patrimonio Mundial - Nitu - Noticias de la Industria Turistica","isPartOf":{"@id":"https:\/\/nitu.mx\/#website"},"primaryImageOfPage":{"@id":"https:\/\/nitu.mx\/index.php\/2025\/07\/22\/nayarit-consagra-su-legado-ante-la-unesco-con-la-ruta-wixarika-como-patrimonio-mundial\/#primaryimage"},"image":{"@id":"https:\/\/nitu.mx\/index.php\/2025\/07\/22\/nayarit-consagra-su-legado-ante-la-unesco-con-la-ruta-wixarika-como-patrimonio-mundial\/#primaryimage"},"thumbnailUrl":"https:\/\/nitu.mx\/wp-content\/uploads\/2025\/07\/Con-la-declaratoria-de-La-Ruta-Wixarika-como-Patrimonio-Mundial-Nayarit-consagra-su-legado-ante-la-UNESCO-1.jpg","datePublished":"2025-07-23T04:11:54+00:00","dateModified":"2025-07-23T04:11:55+00:00","breadcrumb":{"@id":"https:\/\/nitu.mx\/index.php\/2025\/07\/22\/nayarit-consagra-su-legado-ante-la-unesco-con-la-ruta-wixarika-como-patrimonio-mundial\/#breadcrumb"},"inLanguage":"es-MX","potentialAction":[{"@type":"ReadAction","target":["https:\/\/nitu.mx\/index.php\/2025\/07\/22\/nayarit-consagra-su-legado-ante-la-unesco-con-la-ruta-wixarika-como-patrimonio-mundial\/"]}]},{"@type":"ImageObject","inLanguage":"es-MX","@id":"https:\/\/nitu.mx\/index.php\/2025\/07\/22\/nayarit-consagra-su-legado-ante-la-unesco-con-la-ruta-wixarika-como-patrimonio-mundial\/#primaryimage","url":"https:\/\/nitu.mx\/wp-content\/uploads\/2025\/07\/Con-la-declaratoria-de-La-Ruta-Wixarika-como-Patrimonio-Mundial-Nayarit-consagra-su-legado-ante-la-UNESCO-1.jpg","contentUrl":"https:\/\/nitu.mx\/wp-content\/uploads\/2025\/07\/Con-la-declaratoria-de-La-Ruta-Wixarika-como-Patrimonio-Mundial-Nayarit-consagra-su-legado-ante-la-UNESCO-1.jpg","width":1200,"height":675,"caption":"Con la declaratoria de La Ruta Wixa\u0301rika como Patrimonio Mundial, Nayarit consagra su legado ante la UNESCO 1"},{"@type":"BreadcrumbList","@id":"https:\/\/nitu.mx\/index.php\/2025\/07\/22\/nayarit-consagra-su-legado-ante-la-unesco-con-la-ruta-wixarika-como-patrimonio-mundial\/#breadcrumb","itemListElement":[{"@type":"ListItem","position":1,"name":"Inicio","item":"https:\/\/nitu.mx\/"},{"@type":"ListItem","position":2,"name":"Nayarit consagra su legado ante la Unesco con la Ruta Wix\u00e1rika como Patrimonio Mundial"}]},{"@type":"WebSite","@id":"https:\/\/nitu.mx\/#website","url":"https:\/\/nitu.mx\/","name":"Nitu - Noticias de la Industria Turistica","description":"Noticias de la Industria Turistica","publisher":{"@id":"https:\/\/nitu.mx\/#\/schema\/person\/ae7a53426417292d3dd07b45a33e01bc"},"alternateName":"Noticias de la Industria Turistica","potentialAction":[{"@type":"SearchAction","target":{"@type":"EntryPoint","urlTemplate":"https:\/\/nitu.mx\/?s={search_term_string}"},"query-input":"required name=search_term_string"}],"inLanguage":"es-MX"},{"@type":["Person","Organization"],"@id":"https:\/\/nitu.mx\/#\/schema\/person\/ae7a53426417292d3dd07b45a33e01bc","name":"Arturo Medina","image":{"@type":"ImageObject","inLanguage":"es-MX","@id":"https:\/\/nitu.mx\/#\/schema\/person\/image\/","url":"https:\/\/nitu.mx\/wp-content\/uploads\/2024\/04\/4A315622-1904-4D5C-B022-878CDC840E04-90x90-1.jpeg","contentUrl":"https:\/\/nitu.mx\/wp-content\/uploads\/2024\/04\/4A315622-1904-4D5C-B022-878CDC840E04-90x90-1.jpeg","width":90,"height":90,"caption":"Arturo Medina"},"logo":{"@id":"https:\/\/nitu.mx\/#\/schema\/person\/image\/"},"description":"Director NITU.mx, Egresado de la Escuela de Periodismo Carlos Septi\u00e9n Garc\u00eda. Periodista y analista especializado en turismo desde hace 35 a\u00f1os, radicado en Canc\u00fan Q.Roo. arturo@nitu.mx","sameAs":["https:\/\/nitu.mx","https:\/\/www.facebook.com\/NITUmx\/","medinacancun","https:\/\/twitter.com\/@Arturo_Medina_G"]},{"@type":"Person","@id":"https:\/\/nitu.mx\/#\/schema\/person\/4a28fe9bd65924f7c90623773daf1b0b","name":"Redacci\u00f3n","image":{"@type":"ImageObject","inLanguage":"es-MX","@id":"https:\/\/nitu.mx\/#\/schema\/person\/image\/","url":"https:\/\/secure.gravatar.com\/avatar\/5dd011c8ccfc5cd7e4c81e42252aab38?s=96&d=mm&r=g","contentUrl":"https:\/\/secure.gravatar.com\/avatar\/5dd011c8ccfc5cd7e4c81e42252aab38?s=96&d=mm&r=g","caption":"Redacci\u00f3n"},"url":"https:\/\/nitu.mx\/index.php\/author\/redaccion\/"}]}},"views":463,"_links":{"self":[{"href":"https:\/\/nitu.mx\/index.php\/wp-json\/wp\/v2\/posts\/82439"}],"collection":[{"href":"https:\/\/nitu.mx\/index.php\/wp-json\/wp\/v2\/posts"}],"about":[{"href":"https:\/\/nitu.mx\/index.php\/wp-json\/wp\/v2\/types\/post"}],"author":[{"embeddable":true,"href":"https:\/\/nitu.mx\/index.php\/wp-json\/wp\/v2\/users\/17"}],"replies":[{"embeddable":true,"href":"https:\/\/nitu.mx\/index.php\/wp-json\/wp\/v2\/comments?post=82439"}],"version-history":[{"count":1,"href":"https:\/\/nitu.mx\/index.php\/wp-json\/wp\/v2\/posts\/82439\/revisions"}],"predecessor-version":[{"id":82442,"href":"https:\/\/nitu.mx\/index.php\/wp-json\/wp\/v2\/posts\/82439\/revisions\/82442"}],"wp:featuredmedia":[{"embeddable":true,"href":"https:\/\/nitu.mx\/index.php\/wp-json\/wp\/v2\/media\/82441"}],"wp:attachment":[{"href":"https:\/\/nitu.mx\/index.php\/wp-json\/wp\/v2\/media?parent=82439"}],"wp:term":[{"taxonomy":"category","embeddable":true,"href":"https:\/\/nitu.mx\/index.php\/wp-json\/wp\/v2\/categories?post=82439"},{"taxonomy":"post_tag","embeddable":true,"href":"https:\/\/nitu.mx\/index.php\/wp-json\/wp\/v2\/tags?post=82439"}],"curies":[{"name":"wp","href":"https:\/\/api.w.org\/{rel}","templated":true}]}}