{"id":82435,"date":"2025-07-22T21:52:21","date_gmt":"2025-07-23T03:52:21","guid":{"rendered":"https:\/\/nitu.mx\/?p=82435"},"modified":"2025-07-22T21:52:22","modified_gmt":"2025-07-23T03:52:22","slug":"expomayoristas-suma-a-brand-usa-como-aliado-para-la-segunda-mitad-de-2025","status":"publish","type":"post","link":"https:\/\/nitu.mx\/index.php\/2025\/07\/22\/expomayoristas-suma-a-brand-usa-como-aliado-para-la-segunda-mitad-de-2025\/","title":{"rendered":"ExpoMayoristas suma a Brand USA como aliado para la segunda mitad de 2025"},"content":{"rendered":"\n<p>ExpoMayoristas se complace en anunciar que Brand USA, la organizaci\u00f3n oficial de promoci\u00f3n tur\u00edstica de Estados Unidos, se incorpora<br>como aliado estrat\u00e9gico para esta segunda mitad del a\u00f1o. <\/p>\n\n\n\n<p>Esta alianza representa un paso significativo en el fortalecimiento de las relaciones internacionales y en la promoci\u00f3n de experiencias de viaje de alto valor para los agentes del mercado mexicano.<\/p>\n\n\n\n<p>Brand USA ha sido un referente global en la industria del turismo, encargada de promover los destinos, experiencias y atractivos de Estados Unidos en todo el mundo. Su enfoque en generar campa\u00f1as inspiradoras, contenido innovador y estrategias colaborativas lo convierte en un aliado ideal para ExpoMayoristas y sus operadores mayoristas.<\/p>\n\n\n\n<p>La incorporaci\u00f3n de Brand USA permitir\u00e1 a los socios de la asociaci\u00f3n acceder a herramientas de promoci\u00f3n, capacitaci\u00f3n y visibilidad de gran impacto, que facilitar\u00e1n la comercializaci\u00f3n de viajes a destinos estadounidenses, alineados con la tendencia de experiencias FIT, culturales, deportivas y de lujo que ExpoMayoristas impulsa.<\/p>\n\n\n\n<p>\u201cNos entusiasma profundamente contar con la participaci\u00f3n de una marca tan relevante como Brand USA. Compartimos una visi\u00f3n clara: fortalecer al agente de viajes a trav\u00e9s del conocimiento, la conexi\u00f3n y el acceso a productos diferenciados. Esta alianza sin duda enriquecer\u00e1 nuestras iniciativas y ofrecer\u00e1 nuevas oportunidades de negocio para todos nuestros miembros\u201d, coment\u00f3 Antonio<br>Taverna, vocal y director del Comit\u00e9 Capitulo Destinos de ExpoMayoristas.<\/p>\n\n\n\n<p>Con esta incorporaci\u00f3n, ExpoMayoristas contin\u00faa consolid\u00e1ndose como un punto de encuentro estrat\u00e9gico entre operadores mayoristas, destinos y marcas internacionales, enfocados en la profesionalizaci\u00f3n y evoluci\u00f3n constante del sector tur\u00edstico. (<a href=\"https:\/\/nitu.mx\/index.php\/2025\/06\/25\/monterrey-recibe-el-foro-expomayoristas-2025-con-mas-de-100-agentes-de-viajes\/\">Monterrey recibe el Foro ExpoMayoristas 2025 con m\u00e1s de 100 agentes de viajes<\/a>).<\/p>\n","protected":false},"excerpt":{"rendered":"<p>ExpoMayoristas se complace en anunciar que Brand USA, la organizaci\u00f3n oficial de promoci\u00f3n tur\u00edstica de Estados Unidos, se incorporacomo aliado estrat\u00e9gico para esta segunda mitad del a\u00f1o. Esta alianza representa un paso significativo en el fortalecimiento de las relaciones internacionales y en la promoci\u00f3n de experiencias de viaje de alto valor para los agentes del [&hellip;]<\/p>\n","protected":false},"author":17,"featured_media":82437,"comment_status":"closed","ping_status":"closed","sticky":false,"template":"","format":"standard","meta":{"footnotes":""},"categories":[3],"tags":[18990,1619,1360],"yoast_head":"<!-- This site is optimized with the Yoast SEO plugin v22.2 - https:\/\/yoast.com\/wordpress\/plugins\/seo\/ -->\n<title>ExpoMayoristas suma a Brand USA como aliado para la segunda mitad de 2025 - Nitu - Noticias de la Industria Turistica<\/title>\n<meta name=\"robots\" content=\"index, follow, max-snippet:-1, max-image-preview:large, max-video-preview:-1\" \/>\n<link rel=\"canonical\" href=\"https:\/\/nitu.mx\/index.php\/2025\/07\/22\/expomayoristas-suma-a-brand-usa-como-aliado-para-la-segunda-mitad-de-2025\/\" \/>\n<meta name=\"twitter:card\" content=\"summary_large_image\" \/>\n<meta name=\"twitter:title\" content=\"ExpoMayoristas suma a Brand USA como aliado para la segunda mitad de 2025 - Nitu - Noticias de la Industria Turistica\" \/>\n<meta name=\"twitter:description\" content=\"ExpoMayoristas se complace en anunciar que Brand USA, la organizaci\u00f3n oficial de promoci\u00f3n tur\u00edstica de Estados Unidos, se incorporacomo aliado estrat\u00e9gico para esta segunda mitad del a\u00f1o. Esta alianza representa un paso significativo en el fortalecimiento de las relaciones internacionales y en la promoci\u00f3n de experiencias de viaje de alto valor para los agentes del [&hellip;]\" \/>\n<meta name=\"twitter:image\" content=\"https:\/\/nitu.mx\/wp-content\/uploads\/2025\/07\/Brand-USA.jpg\" \/>\n<meta name=\"twitter:creator\" content=\"@NITUmx\" \/>\n<meta name=\"twitter:site\" content=\"@Arturo_Medina_G\" \/>\n<meta name=\"twitter:label1\" content=\"Escrito por\" \/>\n\t<meta name=\"twitter:data1\" content=\"Redacci\u00f3n\" \/>\n\t<meta name=\"twitter:label2\" content=\"Tiempo de lectura\" \/>\n\t<meta name=\"twitter:data2\" content=\"1 minuto\" \/>\n<script type=\"application\/ld+json\" class=\"yoast-schema-graph\">{\"@context\":\"https:\/\/schema.org\",\"@graph\":[{\"@type\":\"Article\",\"@id\":\"https:\/\/nitu.mx\/index.php\/2025\/07\/22\/expomayoristas-suma-a-brand-usa-como-aliado-para-la-segunda-mitad-de-2025\/#article\",\"isPartOf\":{\"@id\":\"https:\/\/nitu.mx\/index.php\/2025\/07\/22\/expomayoristas-suma-a-brand-usa-como-aliado-para-la-segunda-mitad-de-2025\/\"},\"author\":{\"name\":\"Redacci\u00f3n\",\"@id\":\"https:\/\/nitu.mx\/#\/schema\/person\/4a28fe9bd65924f7c90623773daf1b0b\"},\"headline\":\"ExpoMayoristas suma a Brand USA como aliado para la segunda mitad de 2025\",\"datePublished\":\"2025-07-23T03:52:21+00:00\",\"dateModified\":\"2025-07-23T03:52:22+00:00\",\"mainEntityOfPage\":{\"@id\":\"https:\/\/nitu.mx\/index.php\/2025\/07\/22\/expomayoristas-suma-a-brand-usa-como-aliado-para-la-segunda-mitad-de-2025\/\"},\"wordCount\":295,\"publisher\":{\"@id\":\"https:\/\/nitu.mx\/#\/schema\/person\/ae7a53426417292d3dd07b45a33e01bc\"},\"image\":{\"@id\":\"https:\/\/nitu.mx\/index.php\/2025\/07\/22\/expomayoristas-suma-a-brand-usa-como-aliado-para-la-segunda-mitad-de-2025\/#primaryimage\"},\"thumbnailUrl\":\"https:\/\/nitu.mx\/wp-content\/uploads\/2025\/07\/Brand-USA.jpg\",\"keywords\":[\"Antonio Taverna\",\"Brand USA\",\"Expomayoristas\"],\"articleSection\":[\"Agencias de Viajes\"],\"inLanguage\":\"es-MX\"},{\"@type\":\"WebPage\",\"@id\":\"https:\/\/nitu.mx\/index.php\/2025\/07\/22\/expomayoristas-suma-a-brand-usa-como-aliado-para-la-segunda-mitad-de-2025\/\",\"url\":\"https:\/\/nitu.mx\/index.php\/2025\/07\/22\/expomayoristas-suma-a-brand-usa-como-aliado-para-la-segunda-mitad-de-2025\/\",\"name\":\"ExpoMayoristas suma a Brand USA como aliado para la segunda mitad de 2025 - Nitu - Noticias de la Industria Turistica\",\"isPartOf\":{\"@id\":\"https:\/\/nitu.mx\/#website\"},\"primaryImageOfPage\":{\"@id\":\"https:\/\/nitu.mx\/index.php\/2025\/07\/22\/expomayoristas-suma-a-brand-usa-como-aliado-para-la-segunda-mitad-de-2025\/#primaryimage\"},\"image\":{\"@id\":\"https:\/\/nitu.mx\/index.php\/2025\/07\/22\/expomayoristas-suma-a-brand-usa-como-aliado-para-la-segunda-mitad-de-2025\/#primaryimage\"},\"thumbnailUrl\":\"https:\/\/nitu.mx\/wp-content\/uploads\/2025\/07\/Brand-USA.jpg\",\"datePublished\":\"2025-07-23T03:52:21+00:00\",\"dateModified\":\"2025-07-23T03:52:22+00:00\",\"breadcrumb\":{\"@id\":\"https:\/\/nitu.mx\/index.php\/2025\/07\/22\/expomayoristas-suma-a-brand-usa-como-aliado-para-la-segunda-mitad-de-2025\/#breadcrumb\"},\"inLanguage\":\"es-MX\",\"potentialAction\":[{\"@type\":\"ReadAction\",\"target\":[\"https:\/\/nitu.mx\/index.php\/2025\/07\/22\/expomayoristas-suma-a-brand-usa-como-aliado-para-la-segunda-mitad-de-2025\/\"]}]},{\"@type\":\"ImageObject\",\"inLanguage\":\"es-MX\",\"@id\":\"https:\/\/nitu.mx\/index.php\/2025\/07\/22\/expomayoristas-suma-a-brand-usa-como-aliado-para-la-segunda-mitad-de-2025\/#primaryimage\",\"url\":\"https:\/\/nitu.mx\/wp-content\/uploads\/2025\/07\/Brand-USA.jpg\",\"contentUrl\":\"https:\/\/nitu.mx\/wp-content\/uploads\/2025\/07\/Brand-USA.jpg\",\"width\":1200,\"height\":675,\"caption\":\"Brand USA\"},{\"@type\":\"BreadcrumbList\",\"@id\":\"https:\/\/nitu.mx\/index.php\/2025\/07\/22\/expomayoristas-suma-a-brand-usa-como-aliado-para-la-segunda-mitad-de-2025\/#breadcrumb\",\"itemListElement\":[{\"@type\":\"ListItem\",\"position\":1,\"name\":\"Inicio\",\"item\":\"https:\/\/nitu.mx\/\"},{\"@type\":\"ListItem\",\"position\":2,\"name\":\"ExpoMayoristas suma a Brand USA como aliado para la segunda mitad de 2025\"}]},{\"@type\":\"WebSite\",\"@id\":\"https:\/\/nitu.mx\/#website\",\"url\":\"https:\/\/nitu.mx\/\",\"name\":\"Nitu - Noticias de la Industria Turistica\",\"description\":\"Noticias de la Industria Turistica\",\"publisher\":{\"@id\":\"https:\/\/nitu.mx\/#\/schema\/person\/ae7a53426417292d3dd07b45a33e01bc\"},\"alternateName\":\"Noticias de la Industria Turistica\",\"potentialAction\":[{\"@type\":\"SearchAction\",\"target\":{\"@type\":\"EntryPoint\",\"urlTemplate\":\"https:\/\/nitu.mx\/?s={search_term_string}\"},\"query-input\":\"required name=search_term_string\"}],\"inLanguage\":\"es-MX\"},{\"@type\":[\"Person\",\"Organization\"],\"@id\":\"https:\/\/nitu.mx\/#\/schema\/person\/ae7a53426417292d3dd07b45a33e01bc\",\"name\":\"Arturo Medina\",\"image\":{\"@type\":\"ImageObject\",\"inLanguage\":\"es-MX\",\"@id\":\"https:\/\/nitu.mx\/#\/schema\/person\/image\/\",\"url\":\"https:\/\/nitu.mx\/wp-content\/uploads\/2024\/04\/4A315622-1904-4D5C-B022-878CDC840E04-90x90-1.jpeg\",\"contentUrl\":\"https:\/\/nitu.mx\/wp-content\/uploads\/2024\/04\/4A315622-1904-4D5C-B022-878CDC840E04-90x90-1.jpeg\",\"width\":90,\"height\":90,\"caption\":\"Arturo Medina\"},\"logo\":{\"@id\":\"https:\/\/nitu.mx\/#\/schema\/person\/image\/\"},\"description\":\"Director NITU.mx, Egresado de la Escuela de Periodismo Carlos Septi\u00e9n Garc\u00eda. Periodista y analista especializado en turismo desde hace 35 a\u00f1os, radicado en Canc\u00fan Q.Roo. arturo@nitu.mx\",\"sameAs\":[\"https:\/\/nitu.mx\",\"https:\/\/www.facebook.com\/NITUmx\/\",\"medinacancun\",\"https:\/\/twitter.com\/@Arturo_Medina_G\"]},{\"@type\":\"Person\",\"@id\":\"https:\/\/nitu.mx\/#\/schema\/person\/4a28fe9bd65924f7c90623773daf1b0b\",\"name\":\"Redacci\u00f3n\",\"image\":{\"@type\":\"ImageObject\",\"inLanguage\":\"es-MX\",\"@id\":\"https:\/\/nitu.mx\/#\/schema\/person\/image\/\",\"url\":\"https:\/\/secure.gravatar.com\/avatar\/5dd011c8ccfc5cd7e4c81e42252aab38?s=96&d=mm&r=g\",\"contentUrl\":\"https:\/\/secure.gravatar.com\/avatar\/5dd011c8ccfc5cd7e4c81e42252aab38?s=96&d=mm&r=g\",\"caption\":\"Redacci\u00f3n\"},\"url\":\"https:\/\/nitu.mx\/index.php\/author\/redaccion\/\"}]}<\/script>\n<!-- \/ Yoast SEO plugin. -->","yoast_head_json":{"title":"ExpoMayoristas suma a Brand USA como aliado para la segunda mitad de 2025 - Nitu - Noticias de la Industria Turistica","robots":{"index":"index","follow":"follow","max-snippet":"max-snippet:-1","max-image-preview":"max-image-preview:large","max-video-preview":"max-video-preview:-1"},"canonical":"https:\/\/nitu.mx\/index.php\/2025\/07\/22\/expomayoristas-suma-a-brand-usa-como-aliado-para-la-segunda-mitad-de-2025\/","twitter_card":"summary_large_image","twitter_title":"ExpoMayoristas suma a Brand USA como aliado para la segunda mitad de 2025 - Nitu - Noticias de la Industria Turistica","twitter_description":"ExpoMayoristas se complace en anunciar que Brand USA, la organizaci\u00f3n oficial de promoci\u00f3n tur\u00edstica de Estados Unidos, se incorporacomo aliado estrat\u00e9gico para esta segunda mitad del a\u00f1o. Esta alianza representa un paso significativo en el fortalecimiento de las relaciones internacionales y en la promoci\u00f3n de experiencias de viaje de alto valor para los agentes del [&hellip;]","twitter_image":"https:\/\/nitu.mx\/wp-content\/uploads\/2025\/07\/Brand-USA.jpg","twitter_creator":"@NITUmx","twitter_site":"@Arturo_Medina_G","twitter_misc":{"Escrito por":"Redacci\u00f3n","Tiempo de lectura":"1 minuto"},"schema":{"@context":"https:\/\/schema.org","@graph":[{"@type":"Article","@id":"https:\/\/nitu.mx\/index.php\/2025\/07\/22\/expomayoristas-suma-a-brand-usa-como-aliado-para-la-segunda-mitad-de-2025\/#article","isPartOf":{"@id":"https:\/\/nitu.mx\/index.php\/2025\/07\/22\/expomayoristas-suma-a-brand-usa-como-aliado-para-la-segunda-mitad-de-2025\/"},"author":{"name":"Redacci\u00f3n","@id":"https:\/\/nitu.mx\/#\/schema\/person\/4a28fe9bd65924f7c90623773daf1b0b"},"headline":"ExpoMayoristas suma a Brand USA como aliado para la segunda mitad de 2025","datePublished":"2025-07-23T03:52:21+00:00","dateModified":"2025-07-23T03:52:22+00:00","mainEntityOfPage":{"@id":"https:\/\/nitu.mx\/index.php\/2025\/07\/22\/expomayoristas-suma-a-brand-usa-como-aliado-para-la-segunda-mitad-de-2025\/"},"wordCount":295,"publisher":{"@id":"https:\/\/nitu.mx\/#\/schema\/person\/ae7a53426417292d3dd07b45a33e01bc"},"image":{"@id":"https:\/\/nitu.mx\/index.php\/2025\/07\/22\/expomayoristas-suma-a-brand-usa-como-aliado-para-la-segunda-mitad-de-2025\/#primaryimage"},"thumbnailUrl":"https:\/\/nitu.mx\/wp-content\/uploads\/2025\/07\/Brand-USA.jpg","keywords":["Antonio Taverna","Brand USA","Expomayoristas"],"articleSection":["Agencias de Viajes"],"inLanguage":"es-MX"},{"@type":"WebPage","@id":"https:\/\/nitu.mx\/index.php\/2025\/07\/22\/expomayoristas-suma-a-brand-usa-como-aliado-para-la-segunda-mitad-de-2025\/","url":"https:\/\/nitu.mx\/index.php\/2025\/07\/22\/expomayoristas-suma-a-brand-usa-como-aliado-para-la-segunda-mitad-de-2025\/","name":"ExpoMayoristas suma a Brand USA como aliado para la segunda mitad de 2025 - Nitu - Noticias de la Industria Turistica","isPartOf":{"@id":"https:\/\/nitu.mx\/#website"},"primaryImageOfPage":{"@id":"https:\/\/nitu.mx\/index.php\/2025\/07\/22\/expomayoristas-suma-a-brand-usa-como-aliado-para-la-segunda-mitad-de-2025\/#primaryimage"},"image":{"@id":"https:\/\/nitu.mx\/index.php\/2025\/07\/22\/expomayoristas-suma-a-brand-usa-como-aliado-para-la-segunda-mitad-de-2025\/#primaryimage"},"thumbnailUrl":"https:\/\/nitu.mx\/wp-content\/uploads\/2025\/07\/Brand-USA.jpg","datePublished":"2025-07-23T03:52:21+00:00","dateModified":"2025-07-23T03:52:22+00:00","breadcrumb":{"@id":"https:\/\/nitu.mx\/index.php\/2025\/07\/22\/expomayoristas-suma-a-brand-usa-como-aliado-para-la-segunda-mitad-de-2025\/#breadcrumb"},"inLanguage":"es-MX","potentialAction":[{"@type":"ReadAction","target":["https:\/\/nitu.mx\/index.php\/2025\/07\/22\/expomayoristas-suma-a-brand-usa-como-aliado-para-la-segunda-mitad-de-2025\/"]}]},{"@type":"ImageObject","inLanguage":"es-MX","@id":"https:\/\/nitu.mx\/index.php\/2025\/07\/22\/expomayoristas-suma-a-brand-usa-como-aliado-para-la-segunda-mitad-de-2025\/#primaryimage","url":"https:\/\/nitu.mx\/wp-content\/uploads\/2025\/07\/Brand-USA.jpg","contentUrl":"https:\/\/nitu.mx\/wp-content\/uploads\/2025\/07\/Brand-USA.jpg","width":1200,"height":675,"caption":"Brand USA"},{"@type":"BreadcrumbList","@id":"https:\/\/nitu.mx\/index.php\/2025\/07\/22\/expomayoristas-suma-a-brand-usa-como-aliado-para-la-segunda-mitad-de-2025\/#breadcrumb","itemListElement":[{"@type":"ListItem","position":1,"name":"Inicio","item":"https:\/\/nitu.mx\/"},{"@type":"ListItem","position":2,"name":"ExpoMayoristas suma a Brand USA como aliado para la segunda mitad de 2025"}]},{"@type":"WebSite","@id":"https:\/\/nitu.mx\/#website","url":"https:\/\/nitu.mx\/","name":"Nitu - Noticias de la Industria Turistica","description":"Noticias de la Industria Turistica","publisher":{"@id":"https:\/\/nitu.mx\/#\/schema\/person\/ae7a53426417292d3dd07b45a33e01bc"},"alternateName":"Noticias de la Industria Turistica","potentialAction":[{"@type":"SearchAction","target":{"@type":"EntryPoint","urlTemplate":"https:\/\/nitu.mx\/?s={search_term_string}"},"query-input":"required name=search_term_string"}],"inLanguage":"es-MX"},{"@type":["Person","Organization"],"@id":"https:\/\/nitu.mx\/#\/schema\/person\/ae7a53426417292d3dd07b45a33e01bc","name":"Arturo Medina","image":{"@type":"ImageObject","inLanguage":"es-MX","@id":"https:\/\/nitu.mx\/#\/schema\/person\/image\/","url":"https:\/\/nitu.mx\/wp-content\/uploads\/2024\/04\/4A315622-1904-4D5C-B022-878CDC840E04-90x90-1.jpeg","contentUrl":"https:\/\/nitu.mx\/wp-content\/uploads\/2024\/04\/4A315622-1904-4D5C-B022-878CDC840E04-90x90-1.jpeg","width":90,"height":90,"caption":"Arturo Medina"},"logo":{"@id":"https:\/\/nitu.mx\/#\/schema\/person\/image\/"},"description":"Director NITU.mx, Egresado de la Escuela de Periodismo Carlos Septi\u00e9n Garc\u00eda. Periodista y analista especializado en turismo desde hace 35 a\u00f1os, radicado en Canc\u00fan Q.Roo. arturo@nitu.mx","sameAs":["https:\/\/nitu.mx","https:\/\/www.facebook.com\/NITUmx\/","medinacancun","https:\/\/twitter.com\/@Arturo_Medina_G"]},{"@type":"Person","@id":"https:\/\/nitu.mx\/#\/schema\/person\/4a28fe9bd65924f7c90623773daf1b0b","name":"Redacci\u00f3n","image":{"@type":"ImageObject","inLanguage":"es-MX","@id":"https:\/\/nitu.mx\/#\/schema\/person\/image\/","url":"https:\/\/secure.gravatar.com\/avatar\/5dd011c8ccfc5cd7e4c81e42252aab38?s=96&d=mm&r=g","contentUrl":"https:\/\/secure.gravatar.com\/avatar\/5dd011c8ccfc5cd7e4c81e42252aab38?s=96&d=mm&r=g","caption":"Redacci\u00f3n"},"url":"https:\/\/nitu.mx\/index.php\/author\/redaccion\/"}]}},"views":709,"_links":{"self":[{"href":"https:\/\/nitu.mx\/index.php\/wp-json\/wp\/v2\/posts\/82435"}],"collection":[{"href":"https:\/\/nitu.mx\/index.php\/wp-json\/wp\/v2\/posts"}],"about":[{"href":"https:\/\/nitu.mx\/index.php\/wp-json\/wp\/v2\/types\/post"}],"author":[{"embeddable":true,"href":"https:\/\/nitu.mx\/index.php\/wp-json\/wp\/v2\/users\/17"}],"replies":[{"embeddable":true,"href":"https:\/\/nitu.mx\/index.php\/wp-json\/wp\/v2\/comments?post=82435"}],"version-history":[{"count":1,"href":"https:\/\/nitu.mx\/index.php\/wp-json\/wp\/v2\/posts\/82435\/revisions"}],"predecessor-version":[{"id":82438,"href":"https:\/\/nitu.mx\/index.php\/wp-json\/wp\/v2\/posts\/82435\/revisions\/82438"}],"wp:featuredmedia":[{"embeddable":true,"href":"https:\/\/nitu.mx\/index.php\/wp-json\/wp\/v2\/media\/82437"}],"wp:attachment":[{"href":"https:\/\/nitu.mx\/index.php\/wp-json\/wp\/v2\/media?parent=82435"}],"wp:term":[{"taxonomy":"category","embeddable":true,"href":"https:\/\/nitu.mx\/index.php\/wp-json\/wp\/v2\/categories?post=82435"},{"taxonomy":"post_tag","embeddable":true,"href":"https:\/\/nitu.mx\/index.php\/wp-json\/wp\/v2\/tags?post=82435"}],"curies":[{"name":"wp","href":"https:\/\/api.w.org\/{rel}","templated":true}]}}