{"id":82408,"date":"2025-07-21T21:25:24","date_gmt":"2025-07-22T03:25:24","guid":{"rendered":"https:\/\/nitu.mx\/?p=82408"},"modified":"2025-07-21T21:25:24","modified_gmt":"2025-07-22T03:25:24","slug":"iata-insta-a-eeuu-y-mexico-privilegiar-dialogo-para-resolver-acuerdo-de-aviacion","status":"publish","type":"post","link":"https:\/\/nitu.mx\/index.php\/2025\/07\/21\/iata-insta-a-eeuu-y-mexico-privilegiar-dialogo-para-resolver-acuerdo-de-aviacion\/","title":{"rendered":"IATA insta a EEUU y M\u00e9xico privilegiar di\u00e1logo para resolver acuerdo de aviaci\u00f3n"},"content":{"rendered":"\n<p>La Asociaci\u00f3n de Transporte A\u00e9reo Internacional (IATA, por sus siglas en ingl\u00e9s) inst\u00f3 a los gobiernos de Estados Unidos y M\u00e9xico a entablar un di\u00e1logo directo que permita resolver los problemas actuales relacionados con el acuerdo bilateral de servicios a\u00e9reos<br>entre ambos pa\u00edses. <\/p>\n\n\n\n<p>El exhorto llega despu\u00e9s de que el Departamento de Transporte de EE.UU. (DOT, por sus siglas en ingl\u00e9s), emitiera el 19 de julio de 2025 una declaraci\u00f3n en la que se\u00f1ala lo que considera un abuso del acuerdo actual y pr\u00e1cticas anticompetitivas. (<a href=\"https:\/\/nitu.mx\/index.php\/2025\/07\/20\/acusa-eu-a-mexico-de-incumplir-acuerdo-aereo-amenaza-romper-alianza-delta-aeromexico\/\">Acusa EU a M\u00e9xico de incumplir acuerdo a\u00e9reo, amenaza romper alianza Delta-Aerom\u00e9xico<\/a>).<\/p>\n\n\n\n<p>&#8220;El mercado de la aviaci\u00f3n entre EE. UU. y M\u00e9xico es uno de los mayores del mundo entre pa\u00edses vecinos y un motor clave para ambas econom\u00edas. Esperamos que ambas partes entablen un di\u00e1logo directo entre gobiernos para buscar soluciones equilibradas y constructivas para todos los implicados&#8221;, declar\u00f3 Peter Cerd\u00e1, vicepresidente Regional de IATA para las Am\u00e9ricas.<\/p>\n\n\n\n<p>IATA ha mantenido contacto con las autoridades mexicanas durante muchos a\u00f1os, promoviendo la adhesi\u00f3n a las Directrices Mundiales sobre Franjas Horarias Aeroportuarias (WASG), aceptadas a nivel mundial. Este trabajo sigue siendo prioritario, dado que varios aeropuertos del pa\u00eds, especialmente el Aeropuerto Internacional de la Ciudad de M\u00e9xico (AICM), siguen enfrent\u00e1ndose a<br>limitaciones de capacidad.<\/p>\n\n\n\n<p>La cadena de valor de la aviaci\u00f3n en general, incluyendo el gasto de los empleados y las actividades tur\u00edsticas, contribuye con un total de 88.3 mil millones de d\u00f3lares al Producto Interno Bruto de M\u00e9xico (4.8%) y respalda 1.8 millones de empleos. <\/p>\n\n\n\n<p>De este total, el sector de la aviaci\u00f3n, incluidas las aerol\u00edneas, los operadores aeroportuarios y negocios en las instalaciones, los proveedores de servicios de navegaci\u00f3n a\u00e9rea (ANSP) y los fabricantes, emplea directamente a 202.600 personas en M\u00e9xico, generando unos 33.300 millones de d\u00f3lares de producci\u00f3n econ\u00f3mica, equivalente al 1.9% del PIB total.<\/p>\n","protected":false},"excerpt":{"rendered":"<p>La Asociaci\u00f3n de Transporte A\u00e9reo Internacional (IATA, por sus siglas en ingl\u00e9s) inst\u00f3 a los gobiernos de Estados Unidos y M\u00e9xico a entablar un di\u00e1logo directo que permita resolver los problemas actuales relacionados con el acuerdo bilateral de servicios a\u00e9reosentre ambos pa\u00edses. El exhorto llega despu\u00e9s de que el Departamento de Transporte de EE.UU. (DOT, [&hellip;]<\/p>\n","protected":false},"author":17,"featured_media":18011,"comment_status":"closed","ping_status":"closed","sticky":false,"template":"","format":"standard","meta":{"footnotes":""},"categories":[19462],"tags":[294,5868,1737,1734,25319],"yoast_head":"<!-- This site is optimized with the Yoast SEO plugin v22.2 - https:\/\/yoast.com\/wordpress\/plugins\/seo\/ -->\n<title>IATA insta a EEUU y M\u00e9xico privilegiar di\u00e1logo para resolver acuerdo de aviaci\u00f3n - Nitu - Noticias de la Industria Turistica<\/title>\n<meta name=\"robots\" content=\"index, follow, max-snippet:-1, max-image-preview:large, max-video-preview:-1\" \/>\n<link rel=\"canonical\" href=\"https:\/\/nitu.mx\/index.php\/2025\/07\/21\/iata-insta-a-eeuu-y-mexico-privilegiar-dialogo-para-resolver-acuerdo-de-aviacion\/\" \/>\n<meta name=\"twitter:card\" content=\"summary_large_image\" \/>\n<meta name=\"twitter:title\" content=\"IATA insta a EEUU y M\u00e9xico privilegiar di\u00e1logo para resolver acuerdo de aviaci\u00f3n - Nitu - Noticias de la Industria Turistica\" \/>\n<meta name=\"twitter:description\" content=\"La Asociaci\u00f3n de Transporte A\u00e9reo Internacional (IATA, por sus siglas en ingl\u00e9s) inst\u00f3 a los gobiernos de Estados Unidos y M\u00e9xico a entablar un di\u00e1logo directo que permita resolver los problemas actuales relacionados con el acuerdo bilateral de servicios a\u00e9reosentre ambos pa\u00edses. El exhorto llega despu\u00e9s de que el Departamento de Transporte de EE.UU. (DOT, [&hellip;]\" \/>\n<meta name=\"twitter:image\" content=\"https:\/\/nitu.mx\/wp-content\/uploads\/2018\/02\/avion.jpg\" \/>\n<meta name=\"twitter:creator\" content=\"@NITUmx\" \/>\n<meta name=\"twitter:site\" content=\"@Arturo_Medina_G\" \/>\n<meta name=\"twitter:label1\" content=\"Escrito por\" \/>\n\t<meta name=\"twitter:data1\" content=\"Redacci\u00f3n\" \/>\n\t<meta name=\"twitter:label2\" content=\"Tiempo de lectura\" \/>\n\t<meta name=\"twitter:data2\" content=\"2 minutos\" \/>\n<script type=\"application\/ld+json\" class=\"yoast-schema-graph\">{\"@context\":\"https:\/\/schema.org\",\"@graph\":[{\"@type\":\"Article\",\"@id\":\"https:\/\/nitu.mx\/index.php\/2025\/07\/21\/iata-insta-a-eeuu-y-mexico-privilegiar-dialogo-para-resolver-acuerdo-de-aviacion\/#article\",\"isPartOf\":{\"@id\":\"https:\/\/nitu.mx\/index.php\/2025\/07\/21\/iata-insta-a-eeuu-y-mexico-privilegiar-dialogo-para-resolver-acuerdo-de-aviacion\/\"},\"author\":{\"name\":\"Redacci\u00f3n\",\"@id\":\"https:\/\/nitu.mx\/#\/schema\/person\/4a28fe9bd65924f7c90623773daf1b0b\"},\"headline\":\"IATA insta a EEUU y M\u00e9xico privilegiar di\u00e1logo para resolver acuerdo de aviaci\u00f3n\",\"datePublished\":\"2025-07-22T03:25:24+00:00\",\"dateModified\":\"2025-07-22T03:25:24+00:00\",\"mainEntityOfPage\":{\"@id\":\"https:\/\/nitu.mx\/index.php\/2025\/07\/21\/iata-insta-a-eeuu-y-mexico-privilegiar-dialogo-para-resolver-acuerdo-de-aviacion\/\"},\"wordCount\":347,\"publisher\":{\"@id\":\"https:\/\/nitu.mx\/#\/schema\/person\/ae7a53426417292d3dd07b45a33e01bc\"},\"image\":{\"@id\":\"https:\/\/nitu.mx\/index.php\/2025\/07\/21\/iata-insta-a-eeuu-y-mexico-privilegiar-dialogo-para-resolver-acuerdo-de-aviacion\/#primaryimage\"},\"thumbnailUrl\":\"https:\/\/nitu.mx\/wp-content\/uploads\/2018\/02\/avion.jpg\",\"keywords\":[\"AICM\",\"aviaci\u00f3n\",\"DOT\",\"IATA\",\"Peter Cerd\u00e1\"],\"articleSection\":[\"Aeropuertos\"],\"inLanguage\":\"es-MX\"},{\"@type\":\"WebPage\",\"@id\":\"https:\/\/nitu.mx\/index.php\/2025\/07\/21\/iata-insta-a-eeuu-y-mexico-privilegiar-dialogo-para-resolver-acuerdo-de-aviacion\/\",\"url\":\"https:\/\/nitu.mx\/index.php\/2025\/07\/21\/iata-insta-a-eeuu-y-mexico-privilegiar-dialogo-para-resolver-acuerdo-de-aviacion\/\",\"name\":\"IATA insta a EEUU y M\u00e9xico privilegiar di\u00e1logo para resolver acuerdo de aviaci\u00f3n - Nitu - Noticias de la Industria Turistica\",\"isPartOf\":{\"@id\":\"https:\/\/nitu.mx\/#website\"},\"primaryImageOfPage\":{\"@id\":\"https:\/\/nitu.mx\/index.php\/2025\/07\/21\/iata-insta-a-eeuu-y-mexico-privilegiar-dialogo-para-resolver-acuerdo-de-aviacion\/#primaryimage\"},\"image\":{\"@id\":\"https:\/\/nitu.mx\/index.php\/2025\/07\/21\/iata-insta-a-eeuu-y-mexico-privilegiar-dialogo-para-resolver-acuerdo-de-aviacion\/#primaryimage\"},\"thumbnailUrl\":\"https:\/\/nitu.mx\/wp-content\/uploads\/2018\/02\/avion.jpg\",\"datePublished\":\"2025-07-22T03:25:24+00:00\",\"dateModified\":\"2025-07-22T03:25:24+00:00\",\"breadcrumb\":{\"@id\":\"https:\/\/nitu.mx\/index.php\/2025\/07\/21\/iata-insta-a-eeuu-y-mexico-privilegiar-dialogo-para-resolver-acuerdo-de-aviacion\/#breadcrumb\"},\"inLanguage\":\"es-MX\",\"potentialAction\":[{\"@type\":\"ReadAction\",\"target\":[\"https:\/\/nitu.mx\/index.php\/2025\/07\/21\/iata-insta-a-eeuu-y-mexico-privilegiar-dialogo-para-resolver-acuerdo-de-aviacion\/\"]}]},{\"@type\":\"ImageObject\",\"inLanguage\":\"es-MX\",\"@id\":\"https:\/\/nitu.mx\/index.php\/2025\/07\/21\/iata-insta-a-eeuu-y-mexico-privilegiar-dialogo-para-resolver-acuerdo-de-aviacion\/#primaryimage\",\"url\":\"https:\/\/nitu.mx\/wp-content\/uploads\/2018\/02\/avion.jpg\",\"contentUrl\":\"https:\/\/nitu.mx\/wp-content\/uploads\/2018\/02\/avion.jpg\",\"width\":850,\"height\":480,\"caption\":\"santa lucia avion aci canaero iata ALTA Categor\u00eda 1\"},{\"@type\":\"BreadcrumbList\",\"@id\":\"https:\/\/nitu.mx\/index.php\/2025\/07\/21\/iata-insta-a-eeuu-y-mexico-privilegiar-dialogo-para-resolver-acuerdo-de-aviacion\/#breadcrumb\",\"itemListElement\":[{\"@type\":\"ListItem\",\"position\":1,\"name\":\"Inicio\",\"item\":\"https:\/\/nitu.mx\/\"},{\"@type\":\"ListItem\",\"position\":2,\"name\":\"IATA insta a EEUU y M\u00e9xico privilegiar di\u00e1logo para resolver acuerdo de aviaci\u00f3n\"}]},{\"@type\":\"WebSite\",\"@id\":\"https:\/\/nitu.mx\/#website\",\"url\":\"https:\/\/nitu.mx\/\",\"name\":\"Nitu - Noticias de la Industria Turistica\",\"description\":\"Noticias de la Industria Turistica\",\"publisher\":{\"@id\":\"https:\/\/nitu.mx\/#\/schema\/person\/ae7a53426417292d3dd07b45a33e01bc\"},\"alternateName\":\"Noticias de la Industria Turistica\",\"potentialAction\":[{\"@type\":\"SearchAction\",\"target\":{\"@type\":\"EntryPoint\",\"urlTemplate\":\"https:\/\/nitu.mx\/?s={search_term_string}\"},\"query-input\":\"required name=search_term_string\"}],\"inLanguage\":\"es-MX\"},{\"@type\":[\"Person\",\"Organization\"],\"@id\":\"https:\/\/nitu.mx\/#\/schema\/person\/ae7a53426417292d3dd07b45a33e01bc\",\"name\":\"Arturo Medina\",\"image\":{\"@type\":\"ImageObject\",\"inLanguage\":\"es-MX\",\"@id\":\"https:\/\/nitu.mx\/#\/schema\/person\/image\/\",\"url\":\"https:\/\/nitu.mx\/wp-content\/uploads\/2024\/04\/4A315622-1904-4D5C-B022-878CDC840E04-90x90-1.jpeg\",\"contentUrl\":\"https:\/\/nitu.mx\/wp-content\/uploads\/2024\/04\/4A315622-1904-4D5C-B022-878CDC840E04-90x90-1.jpeg\",\"width\":90,\"height\":90,\"caption\":\"Arturo Medina\"},\"logo\":{\"@id\":\"https:\/\/nitu.mx\/#\/schema\/person\/image\/\"},\"description\":\"Director NITU.mx, Egresado de la Escuela de Periodismo Carlos Septi\u00e9n Garc\u00eda. Periodista y analista especializado en turismo desde hace 35 a\u00f1os, radicado en Canc\u00fan Q.Roo. arturo@nitu.mx\",\"sameAs\":[\"https:\/\/nitu.mx\",\"https:\/\/www.facebook.com\/NITUmx\/\",\"medinacancun\",\"https:\/\/twitter.com\/@Arturo_Medina_G\"]},{\"@type\":\"Person\",\"@id\":\"https:\/\/nitu.mx\/#\/schema\/person\/4a28fe9bd65924f7c90623773daf1b0b\",\"name\":\"Redacci\u00f3n\",\"image\":{\"@type\":\"ImageObject\",\"inLanguage\":\"es-MX\",\"@id\":\"https:\/\/nitu.mx\/#\/schema\/person\/image\/\",\"url\":\"https:\/\/secure.gravatar.com\/avatar\/5dd011c8ccfc5cd7e4c81e42252aab38?s=96&d=mm&r=g\",\"contentUrl\":\"https:\/\/secure.gravatar.com\/avatar\/5dd011c8ccfc5cd7e4c81e42252aab38?s=96&d=mm&r=g\",\"caption\":\"Redacci\u00f3n\"},\"url\":\"https:\/\/nitu.mx\/index.php\/author\/redaccion\/\"}]}<\/script>\n<!-- \/ Yoast SEO plugin. -->","yoast_head_json":{"title":"IATA insta a EEUU y M\u00e9xico privilegiar di\u00e1logo para resolver acuerdo de aviaci\u00f3n - Nitu - Noticias de la Industria Turistica","robots":{"index":"index","follow":"follow","max-snippet":"max-snippet:-1","max-image-preview":"max-image-preview:large","max-video-preview":"max-video-preview:-1"},"canonical":"https:\/\/nitu.mx\/index.php\/2025\/07\/21\/iata-insta-a-eeuu-y-mexico-privilegiar-dialogo-para-resolver-acuerdo-de-aviacion\/","twitter_card":"summary_large_image","twitter_title":"IATA insta a EEUU y M\u00e9xico privilegiar di\u00e1logo para resolver acuerdo de aviaci\u00f3n - Nitu - Noticias de la Industria Turistica","twitter_description":"La Asociaci\u00f3n de Transporte A\u00e9reo Internacional (IATA, por sus siglas en ingl\u00e9s) inst\u00f3 a los gobiernos de Estados Unidos y M\u00e9xico a entablar un di\u00e1logo directo que permita resolver los problemas actuales relacionados con el acuerdo bilateral de servicios a\u00e9reosentre ambos pa\u00edses. El exhorto llega despu\u00e9s de que el Departamento de Transporte de EE.UU. (DOT, [&hellip;]","twitter_image":"https:\/\/nitu.mx\/wp-content\/uploads\/2018\/02\/avion.jpg","twitter_creator":"@NITUmx","twitter_site":"@Arturo_Medina_G","twitter_misc":{"Escrito por":"Redacci\u00f3n","Tiempo de lectura":"2 minutos"},"schema":{"@context":"https:\/\/schema.org","@graph":[{"@type":"Article","@id":"https:\/\/nitu.mx\/index.php\/2025\/07\/21\/iata-insta-a-eeuu-y-mexico-privilegiar-dialogo-para-resolver-acuerdo-de-aviacion\/#article","isPartOf":{"@id":"https:\/\/nitu.mx\/index.php\/2025\/07\/21\/iata-insta-a-eeuu-y-mexico-privilegiar-dialogo-para-resolver-acuerdo-de-aviacion\/"},"author":{"name":"Redacci\u00f3n","@id":"https:\/\/nitu.mx\/#\/schema\/person\/4a28fe9bd65924f7c90623773daf1b0b"},"headline":"IATA insta a EEUU y M\u00e9xico privilegiar di\u00e1logo para resolver acuerdo de aviaci\u00f3n","datePublished":"2025-07-22T03:25:24+00:00","dateModified":"2025-07-22T03:25:24+00:00","mainEntityOfPage":{"@id":"https:\/\/nitu.mx\/index.php\/2025\/07\/21\/iata-insta-a-eeuu-y-mexico-privilegiar-dialogo-para-resolver-acuerdo-de-aviacion\/"},"wordCount":347,"publisher":{"@id":"https:\/\/nitu.mx\/#\/schema\/person\/ae7a53426417292d3dd07b45a33e01bc"},"image":{"@id":"https:\/\/nitu.mx\/index.php\/2025\/07\/21\/iata-insta-a-eeuu-y-mexico-privilegiar-dialogo-para-resolver-acuerdo-de-aviacion\/#primaryimage"},"thumbnailUrl":"https:\/\/nitu.mx\/wp-content\/uploads\/2018\/02\/avion.jpg","keywords":["AICM","aviaci\u00f3n","DOT","IATA","Peter Cerd\u00e1"],"articleSection":["Aeropuertos"],"inLanguage":"es-MX"},{"@type":"WebPage","@id":"https:\/\/nitu.mx\/index.php\/2025\/07\/21\/iata-insta-a-eeuu-y-mexico-privilegiar-dialogo-para-resolver-acuerdo-de-aviacion\/","url":"https:\/\/nitu.mx\/index.php\/2025\/07\/21\/iata-insta-a-eeuu-y-mexico-privilegiar-dialogo-para-resolver-acuerdo-de-aviacion\/","name":"IATA insta a EEUU y M\u00e9xico privilegiar di\u00e1logo para resolver acuerdo de aviaci\u00f3n - Nitu - Noticias de la Industria Turistica","isPartOf":{"@id":"https:\/\/nitu.mx\/#website"},"primaryImageOfPage":{"@id":"https:\/\/nitu.mx\/index.php\/2025\/07\/21\/iata-insta-a-eeuu-y-mexico-privilegiar-dialogo-para-resolver-acuerdo-de-aviacion\/#primaryimage"},"image":{"@id":"https:\/\/nitu.mx\/index.php\/2025\/07\/21\/iata-insta-a-eeuu-y-mexico-privilegiar-dialogo-para-resolver-acuerdo-de-aviacion\/#primaryimage"},"thumbnailUrl":"https:\/\/nitu.mx\/wp-content\/uploads\/2018\/02\/avion.jpg","datePublished":"2025-07-22T03:25:24+00:00","dateModified":"2025-07-22T03:25:24+00:00","breadcrumb":{"@id":"https:\/\/nitu.mx\/index.php\/2025\/07\/21\/iata-insta-a-eeuu-y-mexico-privilegiar-dialogo-para-resolver-acuerdo-de-aviacion\/#breadcrumb"},"inLanguage":"es-MX","potentialAction":[{"@type":"ReadAction","target":["https:\/\/nitu.mx\/index.php\/2025\/07\/21\/iata-insta-a-eeuu-y-mexico-privilegiar-dialogo-para-resolver-acuerdo-de-aviacion\/"]}]},{"@type":"ImageObject","inLanguage":"es-MX","@id":"https:\/\/nitu.mx\/index.php\/2025\/07\/21\/iata-insta-a-eeuu-y-mexico-privilegiar-dialogo-para-resolver-acuerdo-de-aviacion\/#primaryimage","url":"https:\/\/nitu.mx\/wp-content\/uploads\/2018\/02\/avion.jpg","contentUrl":"https:\/\/nitu.mx\/wp-content\/uploads\/2018\/02\/avion.jpg","width":850,"height":480,"caption":"santa lucia avion aci canaero iata ALTA Categor\u00eda 1"},{"@type":"BreadcrumbList","@id":"https:\/\/nitu.mx\/index.php\/2025\/07\/21\/iata-insta-a-eeuu-y-mexico-privilegiar-dialogo-para-resolver-acuerdo-de-aviacion\/#breadcrumb","itemListElement":[{"@type":"ListItem","position":1,"name":"Inicio","item":"https:\/\/nitu.mx\/"},{"@type":"ListItem","position":2,"name":"IATA insta a EEUU y M\u00e9xico privilegiar di\u00e1logo para resolver acuerdo de aviaci\u00f3n"}]},{"@type":"WebSite","@id":"https:\/\/nitu.mx\/#website","url":"https:\/\/nitu.mx\/","name":"Nitu - Noticias de la Industria Turistica","description":"Noticias de la Industria Turistica","publisher":{"@id":"https:\/\/nitu.mx\/#\/schema\/person\/ae7a53426417292d3dd07b45a33e01bc"},"alternateName":"Noticias de la Industria Turistica","potentialAction":[{"@type":"SearchAction","target":{"@type":"EntryPoint","urlTemplate":"https:\/\/nitu.mx\/?s={search_term_string}"},"query-input":"required name=search_term_string"}],"inLanguage":"es-MX"},{"@type":["Person","Organization"],"@id":"https:\/\/nitu.mx\/#\/schema\/person\/ae7a53426417292d3dd07b45a33e01bc","name":"Arturo Medina","image":{"@type":"ImageObject","inLanguage":"es-MX","@id":"https:\/\/nitu.mx\/#\/schema\/person\/image\/","url":"https:\/\/nitu.mx\/wp-content\/uploads\/2024\/04\/4A315622-1904-4D5C-B022-878CDC840E04-90x90-1.jpeg","contentUrl":"https:\/\/nitu.mx\/wp-content\/uploads\/2024\/04\/4A315622-1904-4D5C-B022-878CDC840E04-90x90-1.jpeg","width":90,"height":90,"caption":"Arturo Medina"},"logo":{"@id":"https:\/\/nitu.mx\/#\/schema\/person\/image\/"},"description":"Director NITU.mx, Egresado de la Escuela de Periodismo Carlos Septi\u00e9n Garc\u00eda. Periodista y analista especializado en turismo desde hace 35 a\u00f1os, radicado en Canc\u00fan Q.Roo. arturo@nitu.mx","sameAs":["https:\/\/nitu.mx","https:\/\/www.facebook.com\/NITUmx\/","medinacancun","https:\/\/twitter.com\/@Arturo_Medina_G"]},{"@type":"Person","@id":"https:\/\/nitu.mx\/#\/schema\/person\/4a28fe9bd65924f7c90623773daf1b0b","name":"Redacci\u00f3n","image":{"@type":"ImageObject","inLanguage":"es-MX","@id":"https:\/\/nitu.mx\/#\/schema\/person\/image\/","url":"https:\/\/secure.gravatar.com\/avatar\/5dd011c8ccfc5cd7e4c81e42252aab38?s=96&d=mm&r=g","contentUrl":"https:\/\/secure.gravatar.com\/avatar\/5dd011c8ccfc5cd7e4c81e42252aab38?s=96&d=mm&r=g","caption":"Redacci\u00f3n"},"url":"https:\/\/nitu.mx\/index.php\/author\/redaccion\/"}]}},"views":480,"_links":{"self":[{"href":"https:\/\/nitu.mx\/index.php\/wp-json\/wp\/v2\/posts\/82408"}],"collection":[{"href":"https:\/\/nitu.mx\/index.php\/wp-json\/wp\/v2\/posts"}],"about":[{"href":"https:\/\/nitu.mx\/index.php\/wp-json\/wp\/v2\/types\/post"}],"author":[{"embeddable":true,"href":"https:\/\/nitu.mx\/index.php\/wp-json\/wp\/v2\/users\/17"}],"replies":[{"embeddable":true,"href":"https:\/\/nitu.mx\/index.php\/wp-json\/wp\/v2\/comments?post=82408"}],"version-history":[{"count":1,"href":"https:\/\/nitu.mx\/index.php\/wp-json\/wp\/v2\/posts\/82408\/revisions"}],"predecessor-version":[{"id":82410,"href":"https:\/\/nitu.mx\/index.php\/wp-json\/wp\/v2\/posts\/82408\/revisions\/82410"}],"wp:featuredmedia":[{"embeddable":true,"href":"https:\/\/nitu.mx\/index.php\/wp-json\/wp\/v2\/media\/18011"}],"wp:attachment":[{"href":"https:\/\/nitu.mx\/index.php\/wp-json\/wp\/v2\/media?parent=82408"}],"wp:term":[{"taxonomy":"category","embeddable":true,"href":"https:\/\/nitu.mx\/index.php\/wp-json\/wp\/v2\/categories?post=82408"},{"taxonomy":"post_tag","embeddable":true,"href":"https:\/\/nitu.mx\/index.php\/wp-json\/wp\/v2\/tags?post=82408"}],"curies":[{"name":"wp","href":"https:\/\/api.w.org\/{rel}","templated":true}]}}