{"id":82399,"date":"2025-07-21T21:19:27","date_gmt":"2025-07-22T03:19:27","guid":{"rendered":"https:\/\/nitu.mx\/?p=82399"},"modified":"2025-07-21T21:19:28","modified_gmt":"2025-07-22T03:19:28","slug":"guelaguetza-2025-brilla-oaxaca-con-la-fiesta-maxima-de-mexico","status":"publish","type":"post","link":"https:\/\/nitu.mx\/index.php\/2025\/07\/21\/guelaguetza-2025-brilla-oaxaca-con-la-fiesta-maxima-de-mexico\/","title":{"rendered":"Guelaguetza 2025: Brilla Oaxaca con la fiesta m\u00e1xima de M\u00e9xico"},"content":{"rendered":"\n<p>La secretaria de Turismo federal, Josefina Rodr\u00edguez Zamora, asisti\u00f3 al primer\u00a0Lunes del Cerro\u00a0como parte de la celebraci\u00f3n de la\u00a0Guelaguetza 2025, donde destac\u00f3 el papel de\u00a0esta festividad, la m\u00e1s\u00a0importante\u00a0en t\u00e9rminos culturales,\u00a0para fortalecer la actividad tur\u00edstica en Oaxaca.<\/p>\n\n\n\n<p>Acompa\u00f1ada por el gobernador de Oaxaca, Salom\u00f3n Jara Cruz, y por su hom\u00f3loga de la entidad, Saymi Pineda Velasco, la titular de la Secretar\u00eda de Turismo (Sectur), destac\u00f3 que la Guelaguetza\u00a0re\u00fane la diversidad cultural de las ocho regiones del estado e\u00a0impulsa la llegada de turistas nacionales e internacionales.<\/p>\n\n\n\n<p>\u201cEs la fiesta m\u00e1xima de M\u00e9xico,&nbsp;que hay que llevar a todas partes del mundo. Refleja lo que&nbsp;somos&nbsp;los mexicanos: estos colores, esta alegr\u00eda y nuestra gente. As\u00ed que, pues, Oaxaca est\u00e1 de fiesta. \u00a1Viva la Guelaguetza y de verdad vivan nuestros pueblos, nuestras culturas! Diecis\u00e9is&nbsp;culturas en un solo estado. Siempre he dicho que es el crisol de las culturas\u201d,&nbsp;coment\u00f3.<\/p>\n\n\n\n<p>Se\u00f1al\u00f3 que,\u00a0en coordinaci\u00f3n\u00a0con el gobierno\u00a0estatal\u00a0y el cuerpo diplom\u00e1tico de M\u00e9xico en el exterior, se\u00a0continuar\u00e1 trabajando para promover\u00a0Oaxaca y esta fiesta de diversidad cultural y \u00e9tnica a nivel internacional. En entrevista con <strong><em>NITU.mx<\/em><\/strong> y otros medios, refiri\u00f3 el trabajo que se hace con las Embajadas y Consulados para impulsar la promoci\u00f3n de M\u00e9xico en el exterior. <\/p>\n\n\n\n<p>Celebr\u00f3 que, de acuerdo con la\u00a0Secretar\u00eda\u00a0de Turismo de Oaxaca, se estima una\u00a0ocupaci\u00f3n hotelera del 83 por ciento,\u00a0con el arribo de m\u00e1s de\u00a0138 mil turistas\u00a0y una derrama econ\u00f3mica superior a los 614 millones de pesos, que beneficia a m\u00e1s de 181 mil personas que viven del turismo y se emplean\u00a0en esta actividad.<\/p>\n\n\n\n<p>Durante la jornada,\u00a058 delegaciones\u00a0provenientes de las ocho regiones del estado,\u00a0as\u00ed como\u00a0 representantes de las 16 culturas ind\u00edgenas y afromexicanas,\u00a0presentaron sus danzas, vestimentas, coreograf\u00edas y ofrendas en el Auditorio del Cerro del Fort\u00edn, en un despliegue de tradici\u00f3n, bailes, m\u00fasica, trajes t\u00edpicos y gastronom\u00eda.<\/p>\n\n\n\n<p>Los Lunes del Cerro se celebran cada a\u00f1o durante los dos \u00faltimos lunes del mes de julio en la ciudad de Oaxaca de Ju\u00e1rez, y constituyen uno de los eventos culturales y art\u00edsticos m\u00e1s importantes de Am\u00e9rica Latina.<\/p>\n\n\n\n<p>Rodr\u00edguez Zamora invit\u00f3 a las y los visitantes a conocer y disfrutar la\u00a0agenda tur\u00edstica del mes de julio, que incluye m\u00e1s de\u00a0140 actividades,\u00a0entre las que destacan\u00a0la\u00a0Feria del Mezcal, la\u00a0Feria de los Hongos, el\u00a0Festival Gastron\u00f3mica Oaxaca de Mil Sabores, la\u00a0Feria del Huarache, la\u00a0Feria del Textil Oaxaque\u00f1o, entre otros. (<a href=\"https:\/\/nitu.mx\/index.php\/2025\/07\/20\/guelaguetza-2025-hoy-es-el-primer-lunes-del-cerro-de-la-gran-fiesta-de-oaxaca\/\">Guelaguetza 2025: Hoy es el primer Lunes del Cerro de la gran fiesta de Oaxaca<\/a>).<\/p>\n\n\n\n<p>Asimismo, invit\u00f3 a deleitarse con el pr\u00f3ximo\u00a0Desfile de las Delegaciones, que se llevar\u00e1 a cabo el 26 de julio, donde las y los visitantes podr\u00e1n disfrutar de la m\u00fasica, trajes regionales, la cultura, el color y la calidez de la gente que hace de M\u00e9xico una potencia tur\u00edstica.<\/p>\n\n\n\n<p>\u201cOaxaca tienen todo, es una potencia tur\u00edstica que hay\u00a0mostrar cada vez m\u00e1s\u00a0al mundo:\u00a0tienen gastronom\u00eda, playa, tienen cultura, as\u00ed que, vengan a Oaxaca\u00a0todo\u00a0este\u00a0mes\u201d,\u00a0asever\u00f3.<\/p>\n\n\n<div class=\"wp-block-image\">\n<figure class=\"aligncenter size-large is-resized\"><img decoding=\"async\" loading=\"lazy\" width=\"1024\" height=\"576\" src=\"https:\/\/nitu.mx\/wp-content\/uploads\/2025\/07\/Guelaguetza-2025-lunes-del-cerro-2-1024x576.jpg\" alt=\"\" class=\"wp-image-82406\" style=\"aspect-ratio:1.7777777777777777;width:572px;height:auto\" srcset=\"https:\/\/nitu.mx\/wp-content\/uploads\/2025\/07\/Guelaguetza-2025-lunes-del-cerro-2-1024x576.jpg 1024w, https:\/\/nitu.mx\/wp-content\/uploads\/2025\/07\/Guelaguetza-2025-lunes-del-cerro-2-300x168.jpg 300w, https:\/\/nitu.mx\/wp-content\/uploads\/2025\/07\/Guelaguetza-2025-lunes-del-cerro-2-768x432.jpg 768w, https:\/\/nitu.mx\/wp-content\/uploads\/2025\/07\/Guelaguetza-2025-lunes-del-cerro-2-990x557.jpg 990w, https:\/\/nitu.mx\/wp-content\/uploads\/2025\/07\/Guelaguetza-2025-lunes-del-cerro-2-470x264.jpg 470w, https:\/\/nitu.mx\/wp-content\/uploads\/2025\/07\/Guelaguetza-2025-lunes-del-cerro-2-640x360.jpg 640w, https:\/\/nitu.mx\/wp-content\/uploads\/2025\/07\/Guelaguetza-2025-lunes-del-cerro-2-215x120.jpg 215w, https:\/\/nitu.mx\/wp-content\/uploads\/2025\/07\/Guelaguetza-2025-lunes-del-cerro-2-414x232.jpg 414w, https:\/\/nitu.mx\/wp-content\/uploads\/2025\/07\/Guelaguetza-2025-lunes-del-cerro-2.jpg 1200w\" sizes=\"(max-width: 1024px) 100vw, 1024px\" \/><\/figure><\/div>\n\n\n<p>El gobernador del estado asever\u00f3 que &#8220;no hay nada m\u00e1s emocionante que ver a miles de oaxaque\u00f1as y oaxaque\u00f1os, junto con visitantes de todo el mundo, disfrutar del legado ancestral y tradiciones de las delegaciones que se presentaron en el Lunes del Cerro. La Guelaguetza 2025 es un encuentro de hermandad, memoria y orgullo, que fortalece nuestra identidad como el coraz\u00f3n cultural de M\u00e9xico&#8221;.<\/p>\n\n\n\n<p>Por su parte, la titular de Sectur Oaxaca, reiter\u00f3 que la Guelaguetza es la m\u00e1xima expresi\u00f3n cultural de M\u00e9xico, y \u00fanica en el mundo. Se\u00f1al\u00f3 que este evento ha evolucionado gracias a los pueblos que son los protagonistas de estas historias. &#8220;Nos enorgullece ver a toda nuestra gente que disfruta la algarab\u00eda de esta fiesta&#8221;. <\/p>\n","protected":false},"excerpt":{"rendered":"<p>La secretaria de Turismo federal, Josefina Rodr\u00edguez Zamora, asisti\u00f3 al primer\u00a0Lunes del Cerro\u00a0como parte de la celebraci\u00f3n de la\u00a0Guelaguetza 2025, donde destac\u00f3 el papel de\u00a0esta festividad, la m\u00e1s\u00a0importante\u00a0en t\u00e9rminos culturales,\u00a0para fortalecer la actividad tur\u00edstica en Oaxaca. Acompa\u00f1ada por el gobernador de Oaxaca, Salom\u00f3n Jara Cruz, y por su hom\u00f3loga de la entidad, Saymi Pineda Velasco, [&hellip;]<\/p>\n","protected":false},"author":17,"featured_media":82404,"comment_status":"closed","ping_status":"closed","sticky":false,"template":"","format":"standard","meta":{"footnotes":""},"categories":[5],"tags":[13142,25659,27098,93],"yoast_head":"<!-- This site is optimized with the Yoast SEO plugin v22.2 - https:\/\/yoast.com\/wordpress\/plugins\/seo\/ -->\n<title>Guelaguetza 2025: Brilla Oaxaca con la fiesta m\u00e1xima de M\u00e9xico - Nitu - Noticias de la Industria Turistica<\/title>\n<meta name=\"robots\" content=\"index, follow, max-snippet:-1, max-image-preview:large, max-video-preview:-1\" \/>\n<link rel=\"canonical\" href=\"https:\/\/nitu.mx\/index.php\/2025\/07\/21\/guelaguetza-2025-brilla-oaxaca-con-la-fiesta-maxima-de-mexico\/\" \/>\n<meta name=\"twitter:card\" content=\"summary_large_image\" \/>\n<meta name=\"twitter:title\" content=\"Guelaguetza 2025: Brilla Oaxaca con la fiesta m\u00e1xima de M\u00e9xico - Nitu - Noticias de la Industria Turistica\" \/>\n<meta name=\"twitter:description\" content=\"La secretaria de Turismo federal, Josefina Rodr\u00edguez Zamora, asisti\u00f3 al primer\u00a0Lunes del Cerro\u00a0como parte de la celebraci\u00f3n de la\u00a0Guelaguetza 2025, donde destac\u00f3 el papel de\u00a0esta festividad, la m\u00e1s\u00a0importante\u00a0en t\u00e9rminos culturales,\u00a0para fortalecer la actividad tur\u00edstica en Oaxaca. Acompa\u00f1ada por el gobernador de Oaxaca, Salom\u00f3n Jara Cruz, y por su hom\u00f3loga de la entidad, Saymi Pineda Velasco, [&hellip;]\" \/>\n<meta name=\"twitter:image\" content=\"https:\/\/nitu.mx\/wp-content\/uploads\/2025\/07\/Guelaguetza-2025-lunes-del-cerro.jpg\" \/>\n<meta name=\"twitter:creator\" content=\"@NITUmx\" \/>\n<meta name=\"twitter:site\" content=\"@Arturo_Medina_G\" \/>\n<meta name=\"twitter:label1\" content=\"Escrito por\" \/>\n\t<meta name=\"twitter:data1\" content=\"Redacci\u00f3n\" \/>\n\t<meta name=\"twitter:label2\" content=\"Tiempo de lectura\" \/>\n\t<meta name=\"twitter:data2\" content=\"3 minutos\" \/>\n<script type=\"application\/ld+json\" class=\"yoast-schema-graph\">{\"@context\":\"https:\/\/schema.org\",\"@graph\":[{\"@type\":\"Article\",\"@id\":\"https:\/\/nitu.mx\/index.php\/2025\/07\/21\/guelaguetza-2025-brilla-oaxaca-con-la-fiesta-maxima-de-mexico\/#article\",\"isPartOf\":{\"@id\":\"https:\/\/nitu.mx\/index.php\/2025\/07\/21\/guelaguetza-2025-brilla-oaxaca-con-la-fiesta-maxima-de-mexico\/\"},\"author\":{\"name\":\"Redacci\u00f3n\",\"@id\":\"https:\/\/nitu.mx\/#\/schema\/person\/4a28fe9bd65924f7c90623773daf1b0b\"},\"headline\":\"Guelaguetza 2025: Brilla Oaxaca con la fiesta m\u00e1xima de M\u00e9xico\",\"datePublished\":\"2025-07-22T03:19:27+00:00\",\"dateModified\":\"2025-07-22T03:19:28+00:00\",\"mainEntityOfPage\":{\"@id\":\"https:\/\/nitu.mx\/index.php\/2025\/07\/21\/guelaguetza-2025-brilla-oaxaca-con-la-fiesta-maxima-de-mexico\/\"},\"wordCount\":694,\"publisher\":{\"@id\":\"https:\/\/nitu.mx\/#\/schema\/person\/ae7a53426417292d3dd07b45a33e01bc\"},\"image\":{\"@id\":\"https:\/\/nitu.mx\/index.php\/2025\/07\/21\/guelaguetza-2025-brilla-oaxaca-con-la-fiesta-maxima-de-mexico\/#primaryimage\"},\"thumbnailUrl\":\"https:\/\/nitu.mx\/wp-content\/uploads\/2025\/07\/Guelaguetza-2025-lunes-del-cerro.jpg\",\"keywords\":[\"Guelaguetza\",\"Josefina Rodr\u00edguez\",\"Saymi Pineda\",\"Sectur\"],\"articleSection\":[\"Destinos\"],\"inLanguage\":\"es-MX\"},{\"@type\":\"WebPage\",\"@id\":\"https:\/\/nitu.mx\/index.php\/2025\/07\/21\/guelaguetza-2025-brilla-oaxaca-con-la-fiesta-maxima-de-mexico\/\",\"url\":\"https:\/\/nitu.mx\/index.php\/2025\/07\/21\/guelaguetza-2025-brilla-oaxaca-con-la-fiesta-maxima-de-mexico\/\",\"name\":\"Guelaguetza 2025: Brilla Oaxaca con la fiesta m\u00e1xima de M\u00e9xico - Nitu - Noticias de la Industria Turistica\",\"isPartOf\":{\"@id\":\"https:\/\/nitu.mx\/#website\"},\"primaryImageOfPage\":{\"@id\":\"https:\/\/nitu.mx\/index.php\/2025\/07\/21\/guelaguetza-2025-brilla-oaxaca-con-la-fiesta-maxima-de-mexico\/#primaryimage\"},\"image\":{\"@id\":\"https:\/\/nitu.mx\/index.php\/2025\/07\/21\/guelaguetza-2025-brilla-oaxaca-con-la-fiesta-maxima-de-mexico\/#primaryimage\"},\"thumbnailUrl\":\"https:\/\/nitu.mx\/wp-content\/uploads\/2025\/07\/Guelaguetza-2025-lunes-del-cerro.jpg\",\"datePublished\":\"2025-07-22T03:19:27+00:00\",\"dateModified\":\"2025-07-22T03:19:28+00:00\",\"breadcrumb\":{\"@id\":\"https:\/\/nitu.mx\/index.php\/2025\/07\/21\/guelaguetza-2025-brilla-oaxaca-con-la-fiesta-maxima-de-mexico\/#breadcrumb\"},\"inLanguage\":\"es-MX\",\"potentialAction\":[{\"@type\":\"ReadAction\",\"target\":[\"https:\/\/nitu.mx\/index.php\/2025\/07\/21\/guelaguetza-2025-brilla-oaxaca-con-la-fiesta-maxima-de-mexico\/\"]}]},{\"@type\":\"ImageObject\",\"inLanguage\":\"es-MX\",\"@id\":\"https:\/\/nitu.mx\/index.php\/2025\/07\/21\/guelaguetza-2025-brilla-oaxaca-con-la-fiesta-maxima-de-mexico\/#primaryimage\",\"url\":\"https:\/\/nitu.mx\/wp-content\/uploads\/2025\/07\/Guelaguetza-2025-lunes-del-cerro.jpg\",\"contentUrl\":\"https:\/\/nitu.mx\/wp-content\/uploads\/2025\/07\/Guelaguetza-2025-lunes-del-cerro.jpg\",\"width\":1200,\"height\":675,\"caption\":\"Guelaguetza 2025 lunes del cerro\"},{\"@type\":\"BreadcrumbList\",\"@id\":\"https:\/\/nitu.mx\/index.php\/2025\/07\/21\/guelaguetza-2025-brilla-oaxaca-con-la-fiesta-maxima-de-mexico\/#breadcrumb\",\"itemListElement\":[{\"@type\":\"ListItem\",\"position\":1,\"name\":\"Inicio\",\"item\":\"https:\/\/nitu.mx\/\"},{\"@type\":\"ListItem\",\"position\":2,\"name\":\"Guelaguetza 2025: Brilla Oaxaca con la fiesta m\u00e1xima de M\u00e9xico\"}]},{\"@type\":\"WebSite\",\"@id\":\"https:\/\/nitu.mx\/#website\",\"url\":\"https:\/\/nitu.mx\/\",\"name\":\"Nitu - Noticias de la Industria Turistica\",\"description\":\"Noticias de la Industria Turistica\",\"publisher\":{\"@id\":\"https:\/\/nitu.mx\/#\/schema\/person\/ae7a53426417292d3dd07b45a33e01bc\"},\"alternateName\":\"Noticias de la Industria Turistica\",\"potentialAction\":[{\"@type\":\"SearchAction\",\"target\":{\"@type\":\"EntryPoint\",\"urlTemplate\":\"https:\/\/nitu.mx\/?s={search_term_string}\"},\"query-input\":\"required name=search_term_string\"}],\"inLanguage\":\"es-MX\"},{\"@type\":[\"Person\",\"Organization\"],\"@id\":\"https:\/\/nitu.mx\/#\/schema\/person\/ae7a53426417292d3dd07b45a33e01bc\",\"name\":\"Arturo Medina\",\"image\":{\"@type\":\"ImageObject\",\"inLanguage\":\"es-MX\",\"@id\":\"https:\/\/nitu.mx\/#\/schema\/person\/image\/\",\"url\":\"https:\/\/nitu.mx\/wp-content\/uploads\/2024\/04\/4A315622-1904-4D5C-B022-878CDC840E04-90x90-1.jpeg\",\"contentUrl\":\"https:\/\/nitu.mx\/wp-content\/uploads\/2024\/04\/4A315622-1904-4D5C-B022-878CDC840E04-90x90-1.jpeg\",\"width\":90,\"height\":90,\"caption\":\"Arturo Medina\"},\"logo\":{\"@id\":\"https:\/\/nitu.mx\/#\/schema\/person\/image\/\"},\"description\":\"Director NITU.mx, Egresado de la Escuela de Periodismo Carlos Septi\u00e9n Garc\u00eda. Periodista y analista especializado en turismo desde hace 35 a\u00f1os, radicado en Canc\u00fan Q.Roo. arturo@nitu.mx\",\"sameAs\":[\"https:\/\/nitu.mx\",\"https:\/\/www.facebook.com\/NITUmx\/\",\"medinacancun\",\"https:\/\/twitter.com\/@Arturo_Medina_G\"]},{\"@type\":\"Person\",\"@id\":\"https:\/\/nitu.mx\/#\/schema\/person\/4a28fe9bd65924f7c90623773daf1b0b\",\"name\":\"Redacci\u00f3n\",\"image\":{\"@type\":\"ImageObject\",\"inLanguage\":\"es-MX\",\"@id\":\"https:\/\/nitu.mx\/#\/schema\/person\/image\/\",\"url\":\"https:\/\/secure.gravatar.com\/avatar\/5dd011c8ccfc5cd7e4c81e42252aab38?s=96&d=mm&r=g\",\"contentUrl\":\"https:\/\/secure.gravatar.com\/avatar\/5dd011c8ccfc5cd7e4c81e42252aab38?s=96&d=mm&r=g\",\"caption\":\"Redacci\u00f3n\"},\"url\":\"https:\/\/nitu.mx\/index.php\/author\/redaccion\/\"}]}<\/script>\n<!-- \/ Yoast SEO plugin. -->","yoast_head_json":{"title":"Guelaguetza 2025: Brilla Oaxaca con la fiesta m\u00e1xima de M\u00e9xico - Nitu - Noticias de la Industria Turistica","robots":{"index":"index","follow":"follow","max-snippet":"max-snippet:-1","max-image-preview":"max-image-preview:large","max-video-preview":"max-video-preview:-1"},"canonical":"https:\/\/nitu.mx\/index.php\/2025\/07\/21\/guelaguetza-2025-brilla-oaxaca-con-la-fiesta-maxima-de-mexico\/","twitter_card":"summary_large_image","twitter_title":"Guelaguetza 2025: Brilla Oaxaca con la fiesta m\u00e1xima de M\u00e9xico - Nitu - Noticias de la Industria Turistica","twitter_description":"La secretaria de Turismo federal, Josefina Rodr\u00edguez Zamora, asisti\u00f3 al primer\u00a0Lunes del Cerro\u00a0como parte de la celebraci\u00f3n de la\u00a0Guelaguetza 2025, donde destac\u00f3 el papel de\u00a0esta festividad, la m\u00e1s\u00a0importante\u00a0en t\u00e9rminos culturales,\u00a0para fortalecer la actividad tur\u00edstica en Oaxaca. Acompa\u00f1ada por el gobernador de Oaxaca, Salom\u00f3n Jara Cruz, y por su hom\u00f3loga de la entidad, Saymi Pineda Velasco, [&hellip;]","twitter_image":"https:\/\/nitu.mx\/wp-content\/uploads\/2025\/07\/Guelaguetza-2025-lunes-del-cerro.jpg","twitter_creator":"@NITUmx","twitter_site":"@Arturo_Medina_G","twitter_misc":{"Escrito por":"Redacci\u00f3n","Tiempo de lectura":"3 minutos"},"schema":{"@context":"https:\/\/schema.org","@graph":[{"@type":"Article","@id":"https:\/\/nitu.mx\/index.php\/2025\/07\/21\/guelaguetza-2025-brilla-oaxaca-con-la-fiesta-maxima-de-mexico\/#article","isPartOf":{"@id":"https:\/\/nitu.mx\/index.php\/2025\/07\/21\/guelaguetza-2025-brilla-oaxaca-con-la-fiesta-maxima-de-mexico\/"},"author":{"name":"Redacci\u00f3n","@id":"https:\/\/nitu.mx\/#\/schema\/person\/4a28fe9bd65924f7c90623773daf1b0b"},"headline":"Guelaguetza 2025: Brilla Oaxaca con la fiesta m\u00e1xima de M\u00e9xico","datePublished":"2025-07-22T03:19:27+00:00","dateModified":"2025-07-22T03:19:28+00:00","mainEntityOfPage":{"@id":"https:\/\/nitu.mx\/index.php\/2025\/07\/21\/guelaguetza-2025-brilla-oaxaca-con-la-fiesta-maxima-de-mexico\/"},"wordCount":694,"publisher":{"@id":"https:\/\/nitu.mx\/#\/schema\/person\/ae7a53426417292d3dd07b45a33e01bc"},"image":{"@id":"https:\/\/nitu.mx\/index.php\/2025\/07\/21\/guelaguetza-2025-brilla-oaxaca-con-la-fiesta-maxima-de-mexico\/#primaryimage"},"thumbnailUrl":"https:\/\/nitu.mx\/wp-content\/uploads\/2025\/07\/Guelaguetza-2025-lunes-del-cerro.jpg","keywords":["Guelaguetza","Josefina Rodr\u00edguez","Saymi Pineda","Sectur"],"articleSection":["Destinos"],"inLanguage":"es-MX"},{"@type":"WebPage","@id":"https:\/\/nitu.mx\/index.php\/2025\/07\/21\/guelaguetza-2025-brilla-oaxaca-con-la-fiesta-maxima-de-mexico\/","url":"https:\/\/nitu.mx\/index.php\/2025\/07\/21\/guelaguetza-2025-brilla-oaxaca-con-la-fiesta-maxima-de-mexico\/","name":"Guelaguetza 2025: Brilla Oaxaca con la fiesta m\u00e1xima de M\u00e9xico - Nitu - Noticias de la Industria Turistica","isPartOf":{"@id":"https:\/\/nitu.mx\/#website"},"primaryImageOfPage":{"@id":"https:\/\/nitu.mx\/index.php\/2025\/07\/21\/guelaguetza-2025-brilla-oaxaca-con-la-fiesta-maxima-de-mexico\/#primaryimage"},"image":{"@id":"https:\/\/nitu.mx\/index.php\/2025\/07\/21\/guelaguetza-2025-brilla-oaxaca-con-la-fiesta-maxima-de-mexico\/#primaryimage"},"thumbnailUrl":"https:\/\/nitu.mx\/wp-content\/uploads\/2025\/07\/Guelaguetza-2025-lunes-del-cerro.jpg","datePublished":"2025-07-22T03:19:27+00:00","dateModified":"2025-07-22T03:19:28+00:00","breadcrumb":{"@id":"https:\/\/nitu.mx\/index.php\/2025\/07\/21\/guelaguetza-2025-brilla-oaxaca-con-la-fiesta-maxima-de-mexico\/#breadcrumb"},"inLanguage":"es-MX","potentialAction":[{"@type":"ReadAction","target":["https:\/\/nitu.mx\/index.php\/2025\/07\/21\/guelaguetza-2025-brilla-oaxaca-con-la-fiesta-maxima-de-mexico\/"]}]},{"@type":"ImageObject","inLanguage":"es-MX","@id":"https:\/\/nitu.mx\/index.php\/2025\/07\/21\/guelaguetza-2025-brilla-oaxaca-con-la-fiesta-maxima-de-mexico\/#primaryimage","url":"https:\/\/nitu.mx\/wp-content\/uploads\/2025\/07\/Guelaguetza-2025-lunes-del-cerro.jpg","contentUrl":"https:\/\/nitu.mx\/wp-content\/uploads\/2025\/07\/Guelaguetza-2025-lunes-del-cerro.jpg","width":1200,"height":675,"caption":"Guelaguetza 2025 lunes del cerro"},{"@type":"BreadcrumbList","@id":"https:\/\/nitu.mx\/index.php\/2025\/07\/21\/guelaguetza-2025-brilla-oaxaca-con-la-fiesta-maxima-de-mexico\/#breadcrumb","itemListElement":[{"@type":"ListItem","position":1,"name":"Inicio","item":"https:\/\/nitu.mx\/"},{"@type":"ListItem","position":2,"name":"Guelaguetza 2025: Brilla Oaxaca con la fiesta m\u00e1xima de M\u00e9xico"}]},{"@type":"WebSite","@id":"https:\/\/nitu.mx\/#website","url":"https:\/\/nitu.mx\/","name":"Nitu - Noticias de la Industria Turistica","description":"Noticias de la Industria Turistica","publisher":{"@id":"https:\/\/nitu.mx\/#\/schema\/person\/ae7a53426417292d3dd07b45a33e01bc"},"alternateName":"Noticias de la Industria Turistica","potentialAction":[{"@type":"SearchAction","target":{"@type":"EntryPoint","urlTemplate":"https:\/\/nitu.mx\/?s={search_term_string}"},"query-input":"required name=search_term_string"}],"inLanguage":"es-MX"},{"@type":["Person","Organization"],"@id":"https:\/\/nitu.mx\/#\/schema\/person\/ae7a53426417292d3dd07b45a33e01bc","name":"Arturo Medina","image":{"@type":"ImageObject","inLanguage":"es-MX","@id":"https:\/\/nitu.mx\/#\/schema\/person\/image\/","url":"https:\/\/nitu.mx\/wp-content\/uploads\/2024\/04\/4A315622-1904-4D5C-B022-878CDC840E04-90x90-1.jpeg","contentUrl":"https:\/\/nitu.mx\/wp-content\/uploads\/2024\/04\/4A315622-1904-4D5C-B022-878CDC840E04-90x90-1.jpeg","width":90,"height":90,"caption":"Arturo Medina"},"logo":{"@id":"https:\/\/nitu.mx\/#\/schema\/person\/image\/"},"description":"Director NITU.mx, Egresado de la Escuela de Periodismo Carlos Septi\u00e9n Garc\u00eda. Periodista y analista especializado en turismo desde hace 35 a\u00f1os, radicado en Canc\u00fan Q.Roo. arturo@nitu.mx","sameAs":["https:\/\/nitu.mx","https:\/\/www.facebook.com\/NITUmx\/","medinacancun","https:\/\/twitter.com\/@Arturo_Medina_G"]},{"@type":"Person","@id":"https:\/\/nitu.mx\/#\/schema\/person\/4a28fe9bd65924f7c90623773daf1b0b","name":"Redacci\u00f3n","image":{"@type":"ImageObject","inLanguage":"es-MX","@id":"https:\/\/nitu.mx\/#\/schema\/person\/image\/","url":"https:\/\/secure.gravatar.com\/avatar\/5dd011c8ccfc5cd7e4c81e42252aab38?s=96&d=mm&r=g","contentUrl":"https:\/\/secure.gravatar.com\/avatar\/5dd011c8ccfc5cd7e4c81e42252aab38?s=96&d=mm&r=g","caption":"Redacci\u00f3n"},"url":"https:\/\/nitu.mx\/index.php\/author\/redaccion\/"}]}},"views":355,"_links":{"self":[{"href":"https:\/\/nitu.mx\/index.php\/wp-json\/wp\/v2\/posts\/82399"}],"collection":[{"href":"https:\/\/nitu.mx\/index.php\/wp-json\/wp\/v2\/posts"}],"about":[{"href":"https:\/\/nitu.mx\/index.php\/wp-json\/wp\/v2\/types\/post"}],"author":[{"embeddable":true,"href":"https:\/\/nitu.mx\/index.php\/wp-json\/wp\/v2\/users\/17"}],"replies":[{"embeddable":true,"href":"https:\/\/nitu.mx\/index.php\/wp-json\/wp\/v2\/comments?post=82399"}],"version-history":[{"count":3,"href":"https:\/\/nitu.mx\/index.php\/wp-json\/wp\/v2\/posts\/82399\/revisions"}],"predecessor-version":[{"id":82407,"href":"https:\/\/nitu.mx\/index.php\/wp-json\/wp\/v2\/posts\/82399\/revisions\/82407"}],"wp:featuredmedia":[{"embeddable":true,"href":"https:\/\/nitu.mx\/index.php\/wp-json\/wp\/v2\/media\/82404"}],"wp:attachment":[{"href":"https:\/\/nitu.mx\/index.php\/wp-json\/wp\/v2\/media?parent=82399"}],"wp:term":[{"taxonomy":"category","embeddable":true,"href":"https:\/\/nitu.mx\/index.php\/wp-json\/wp\/v2\/categories?post=82399"},{"taxonomy":"post_tag","embeddable":true,"href":"https:\/\/nitu.mx\/index.php\/wp-json\/wp\/v2\/tags?post=82399"}],"curies":[{"name":"wp","href":"https:\/\/api.w.org\/{rel}","templated":true}]}}