{"id":82354,"date":"2025-07-17T23:23:24","date_gmt":"2025-07-18T05:23:24","guid":{"rendered":"https:\/\/nitu.mx\/?p=82354"},"modified":"2025-07-17T23:23:24","modified_gmt":"2025-07-18T05:23:24","slug":"ecume-revoluciona-la-alta-cocina-en-merida-con-una-fusion-franco-maya-liderada-por-el-chef-sylvain-desbois","status":"publish","type":"post","link":"https:\/\/nitu.mx\/index.php\/2025\/07\/17\/ecume-revoluciona-la-alta-cocina-en-merida-con-una-fusion-franco-maya-liderada-por-el-chef-sylvain-desbois\/","title":{"rendered":"\u00c9CUME revoluciona la alta cocina en M\u00e9rida con una fusi\u00f3n franco-maya liderada por el chef Sylvain Desbois"},"content":{"rendered":"<p>Un nuevo cap\u00edtulo se escribe con la oferta gastron\u00f3mica del sureste con la apertura de \u00c9CUME Design Cuisine, un espacio que fusiona la elegancia de la alta cocina francesa con los sabores aut\u00e9nticos de la regi\u00f3n maya.<\/p>\n<p>Ubicado dentro del hotel Las Brisas M\u00e9rida, en el n\u00famero 508 de la Avenida Col\u00f3n, \u00c9CUME ha captado la atenci\u00f3n de sibaritas locales, hu\u00e9spedes y viajeros nacionales e internacionales desde su apertura en abril. El concepto est\u00e1 liderado por el reconocido Ma\u00eetre Cuisinier de France, Sylvain Desbois, quien imprime su sello personal a una cocina que equilibra t\u00e9cnica, est\u00e9tica y tradici\u00f3n.<img decoding=\"async\" loading=\"lazy\" class=\"size-medium wp-image-82356 alignright\" src=\"https:\/\/nitu.mx\/wp-content\/uploads\/2025\/07\/WhatsApp-Image-2025-07-17-at-11.34.03-PM-1-225x300.jpeg\" alt=\"\" width=\"225\" height=\"300\" srcset=\"https:\/\/nitu.mx\/wp-content\/uploads\/2025\/07\/WhatsApp-Image-2025-07-17-at-11.34.03-PM-1-225x300.jpeg 225w, https:\/\/nitu.mx\/wp-content\/uploads\/2025\/07\/WhatsApp-Image-2025-07-17-at-11.34.03-PM-1-768x1024.jpeg 768w, https:\/\/nitu.mx\/wp-content\/uploads\/2025\/07\/WhatsApp-Image-2025-07-17-at-11.34.03-PM-1.jpeg 960w\" sizes=\"(max-width: 225px) 100vw, 225px\" \/><\/p>\n<p>Con m\u00e1s de dos d\u00e9cadas de trayectoria en M\u00e9xico y actual chef ejecutivo del NIZUC Resort &amp; Spa, Desbois propone en \u00c9CUME una carta que rinde homenaje a su herencia bretona y a la riqueza gastron\u00f3mica de la pen\u00ednsula. El men\u00fa incluye opciones como Pinza de Cangrejo de Campeche, Raviole de Camar\u00f3n, Pulpo Maya, Camarones al Kari-Gosse, adem\u00e1s de pizzas, carnes, mariscos y pastas artesanales. (<a href=\"https:\/\/nitu.mx\/index.php\/2025\/02\/26\/nizuc-busca-la-excelencia-para-cumplir-con-expectivas-de-clientes-ricardo-suarez\/\">Nizuc busca la excelencia para cumplir con expectivas de clientes: Ricardo Su\u00e1rez<\/a>).<\/p>\n<p>El nombre del restaurante \u2014que en franc\u00e9s significa &#8220;espuma de mar&#8221;\u2014 alude a la inspiraci\u00f3n marina de su cocina, as\u00ed como a una propuesta est\u00e9tica y sensorial. La experiencia se complementa con un dise\u00f1o contempor\u00e1neo, una terraza al aire libre y un servicio que busca sorprender desde el primer bocado.<img decoding=\"async\" loading=\"lazy\" class=\" wp-image-82357 alignleft\" src=\"https:\/\/nitu.mx\/wp-content\/uploads\/2025\/07\/WhatsApp-Image-2025-07-17-at-11.34.03-PM-2-225x300.jpeg\" alt=\"\" width=\"176\" height=\"235\" srcset=\"https:\/\/nitu.mx\/wp-content\/uploads\/2025\/07\/WhatsApp-Image-2025-07-17-at-11.34.03-PM-2-225x300.jpeg 225w, https:\/\/nitu.mx\/wp-content\/uploads\/2025\/07\/WhatsApp-Image-2025-07-17-at-11.34.03-PM-2-768x1024.jpeg 768w, https:\/\/nitu.mx\/wp-content\/uploads\/2025\/07\/WhatsApp-Image-2025-07-17-at-11.34.03-PM-2.jpeg 960w\" sizes=\"(max-width: 176px) 100vw, 176px\" \/><\/p>\n<p>\u201cEn \u00c9CUME, la est\u00e9tica y la creatividad tienen el mismo peso que el sabor y la calidad de los ingredientes. Nuestro objetivo es emocionar, sorprender y dejar una huella inolvidable en cada visita\u201d, afirm\u00f3 el chef Desbois.<\/p>\n<p>Con un enfoque que combina sofisticaci\u00f3n, identidad local y visi\u00f3n global, \u00c9CUME se posiciona como uno de los nuevos referentes gastron\u00f3micos de Yucat\u00e1n.<\/p>\n","protected":false},"excerpt":{"rendered":"<p>Un nuevo cap\u00edtulo se escribe con la oferta gastron\u00f3mica del sureste con la apertura de \u00c9CUME Design Cuisine, un espacio que fusiona la elegancia de la alta cocina francesa con los sabores aut\u00e9nticos de la regi\u00f3n maya. Ubicado dentro del hotel Las Brisas M\u00e9rida, en el n\u00famero 508 de la Avenida Col\u00f3n, \u00c9CUME ha captado [&hellip;]<\/p>\n","protected":false},"author":3,"featured_media":82355,"comment_status":"closed","ping_status":"closed","sticky":false,"template":"","format":"standard","meta":{"footnotes":""},"categories":[24336,2],"tags":[27557,27554,27376,301,11948],"yoast_head":"<!-- This site is optimized with the Yoast SEO plugin v22.2 - https:\/\/yoast.com\/wordpress\/plugins\/seo\/ -->\n<title>\u00c9CUME revoluciona la alta cocina en M\u00e9rida con una fusi\u00f3n franco-maya liderada por el chef Sylvain Desbois - Nitu - Noticias de la Industria Turistica<\/title>\n<meta name=\"robots\" content=\"index, follow, max-snippet:-1, max-image-preview:large, max-video-preview:-1\" \/>\n<link rel=\"canonical\" href=\"https:\/\/nitu.mx\/index.php\/2025\/07\/17\/ecume-revoluciona-la-alta-cocina-en-merida-con-una-fusion-franco-maya-liderada-por-el-chef-sylvain-desbois\/\" \/>\n<meta name=\"twitter:card\" content=\"summary_large_image\" \/>\n<meta name=\"twitter:title\" content=\"\u00c9CUME revoluciona la alta cocina en M\u00e9rida con una fusi\u00f3n franco-maya liderada por el chef Sylvain Desbois - Nitu - Noticias de la Industria Turistica\" \/>\n<meta name=\"twitter:description\" content=\"Un nuevo cap\u00edtulo se escribe con la oferta gastron\u00f3mica del sureste con la apertura de \u00c9CUME Design Cuisine, un espacio que fusiona la elegancia de la alta cocina francesa con los sabores aut\u00e9nticos de la regi\u00f3n maya. Ubicado dentro del hotel Las Brisas M\u00e9rida, en el n\u00famero 508 de la Avenida Col\u00f3n, \u00c9CUME ha captado [&hellip;]\" \/>\n<meta name=\"twitter:image\" content=\"https:\/\/nitu.mx\/wp-content\/uploads\/2025\/07\/ECUME-scaled.jpeg\" \/>\n<meta name=\"twitter:creator\" content=\"@NITUmx\" \/>\n<meta name=\"twitter:site\" content=\"@Arturo_Medina_G\" \/>\n<meta name=\"twitter:label1\" content=\"Escrito por\" \/>\n\t<meta name=\"twitter:data1\" content=\"Alejandra Moncisbays\" \/>\n\t<meta name=\"twitter:label2\" content=\"Tiempo de lectura\" \/>\n\t<meta name=\"twitter:data2\" content=\"2 minutos\" \/>\n<script type=\"application\/ld+json\" class=\"yoast-schema-graph\">{\"@context\":\"https:\/\/schema.org\",\"@graph\":[{\"@type\":\"Article\",\"@id\":\"https:\/\/nitu.mx\/index.php\/2025\/07\/17\/ecume-revoluciona-la-alta-cocina-en-merida-con-una-fusion-franco-maya-liderada-por-el-chef-sylvain-desbois\/#article\",\"isPartOf\":{\"@id\":\"https:\/\/nitu.mx\/index.php\/2025\/07\/17\/ecume-revoluciona-la-alta-cocina-en-merida-con-una-fusion-franco-maya-liderada-por-el-chef-sylvain-desbois\/\"},\"author\":{\"name\":\"Alejandra Moncisbays\",\"@id\":\"https:\/\/nitu.mx\/#\/schema\/person\/2ecd887b19dfd3382d1f14fc5acf24a8\"},\"headline\":\"\u00c9CUME revoluciona la alta cocina en M\u00e9rida con una fusi\u00f3n franco-maya liderada por el chef Sylvain Desbois\",\"datePublished\":\"2025-07-18T05:23:24+00:00\",\"dateModified\":\"2025-07-18T05:23:24+00:00\",\"mainEntityOfPage\":{\"@id\":\"https:\/\/nitu.mx\/index.php\/2025\/07\/17\/ecume-revoluciona-la-alta-cocina-en-merida-con-una-fusion-franco-maya-liderada-por-el-chef-sylvain-desbois\/\"},\"wordCount\":334,\"publisher\":{\"@id\":\"https:\/\/nitu.mx\/#\/schema\/person\/ae7a53426417292d3dd07b45a33e01bc\"},\"image\":{\"@id\":\"https:\/\/nitu.mx\/index.php\/2025\/07\/17\/ecume-revoluciona-la-alta-cocina-en-merida-con-una-fusion-franco-maya-liderada-por-el-chef-sylvain-desbois\/#primaryimage\"},\"thumbnailUrl\":\"https:\/\/nitu.mx\/wp-content\/uploads\/2025\/07\/ECUME-scaled.jpeg\",\"keywords\":[\"chef Sylvain Desbois\",\"\u00c9CUME\",\"Las Brisas M\u00e9rida\",\"M\u00e9rida\",\"NIZUC Resort &amp; Spa\"],\"articleSection\":[\"Food &amp; Drinks\",\"Hoteles\"],\"inLanguage\":\"es-MX\"},{\"@type\":\"WebPage\",\"@id\":\"https:\/\/nitu.mx\/index.php\/2025\/07\/17\/ecume-revoluciona-la-alta-cocina-en-merida-con-una-fusion-franco-maya-liderada-por-el-chef-sylvain-desbois\/\",\"url\":\"https:\/\/nitu.mx\/index.php\/2025\/07\/17\/ecume-revoluciona-la-alta-cocina-en-merida-con-una-fusion-franco-maya-liderada-por-el-chef-sylvain-desbois\/\",\"name\":\"\u00c9CUME revoluciona la alta cocina en M\u00e9rida con una fusi\u00f3n franco-maya liderada por el chef Sylvain Desbois - Nitu - Noticias de la Industria Turistica\",\"isPartOf\":{\"@id\":\"https:\/\/nitu.mx\/#website\"},\"primaryImageOfPage\":{\"@id\":\"https:\/\/nitu.mx\/index.php\/2025\/07\/17\/ecume-revoluciona-la-alta-cocina-en-merida-con-una-fusion-franco-maya-liderada-por-el-chef-sylvain-desbois\/#primaryimage\"},\"image\":{\"@id\":\"https:\/\/nitu.mx\/index.php\/2025\/07\/17\/ecume-revoluciona-la-alta-cocina-en-merida-con-una-fusion-franco-maya-liderada-por-el-chef-sylvain-desbois\/#primaryimage\"},\"thumbnailUrl\":\"https:\/\/nitu.mx\/wp-content\/uploads\/2025\/07\/ECUME-scaled.jpeg\",\"datePublished\":\"2025-07-18T05:23:24+00:00\",\"dateModified\":\"2025-07-18T05:23:24+00:00\",\"breadcrumb\":{\"@id\":\"https:\/\/nitu.mx\/index.php\/2025\/07\/17\/ecume-revoluciona-la-alta-cocina-en-merida-con-una-fusion-franco-maya-liderada-por-el-chef-sylvain-desbois\/#breadcrumb\"},\"inLanguage\":\"es-MX\",\"potentialAction\":[{\"@type\":\"ReadAction\",\"target\":[\"https:\/\/nitu.mx\/index.php\/2025\/07\/17\/ecume-revoluciona-la-alta-cocina-en-merida-con-una-fusion-franco-maya-liderada-por-el-chef-sylvain-desbois\/\"]}]},{\"@type\":\"ImageObject\",\"inLanguage\":\"es-MX\",\"@id\":\"https:\/\/nitu.mx\/index.php\/2025\/07\/17\/ecume-revoluciona-la-alta-cocina-en-merida-con-una-fusion-franco-maya-liderada-por-el-chef-sylvain-desbois\/#primaryimage\",\"url\":\"https:\/\/nitu.mx\/wp-content\/uploads\/2025\/07\/ECUME-scaled.jpeg\",\"contentUrl\":\"https:\/\/nitu.mx\/wp-content\/uploads\/2025\/07\/ECUME-scaled.jpeg\",\"width\":1920,\"height\":2560},{\"@type\":\"BreadcrumbList\",\"@id\":\"https:\/\/nitu.mx\/index.php\/2025\/07\/17\/ecume-revoluciona-la-alta-cocina-en-merida-con-una-fusion-franco-maya-liderada-por-el-chef-sylvain-desbois\/#breadcrumb\",\"itemListElement\":[{\"@type\":\"ListItem\",\"position\":1,\"name\":\"Inicio\",\"item\":\"https:\/\/nitu.mx\/\"},{\"@type\":\"ListItem\",\"position\":2,\"name\":\"\u00c9CUME revoluciona la alta cocina en M\u00e9rida con una fusi\u00f3n franco-maya liderada por el chef Sylvain Desbois\"}]},{\"@type\":\"WebSite\",\"@id\":\"https:\/\/nitu.mx\/#website\",\"url\":\"https:\/\/nitu.mx\/\",\"name\":\"Nitu - Noticias de la Industria Turistica\",\"description\":\"Noticias de la Industria Turistica\",\"publisher\":{\"@id\":\"https:\/\/nitu.mx\/#\/schema\/person\/ae7a53426417292d3dd07b45a33e01bc\"},\"alternateName\":\"Noticias de la Industria Turistica\",\"potentialAction\":[{\"@type\":\"SearchAction\",\"target\":{\"@type\":\"EntryPoint\",\"urlTemplate\":\"https:\/\/nitu.mx\/?s={search_term_string}\"},\"query-input\":\"required name=search_term_string\"}],\"inLanguage\":\"es-MX\"},{\"@type\":[\"Person\",\"Organization\"],\"@id\":\"https:\/\/nitu.mx\/#\/schema\/person\/ae7a53426417292d3dd07b45a33e01bc\",\"name\":\"Arturo Medina\",\"image\":{\"@type\":\"ImageObject\",\"inLanguage\":\"es-MX\",\"@id\":\"https:\/\/nitu.mx\/#\/schema\/person\/image\/\",\"url\":\"https:\/\/nitu.mx\/wp-content\/uploads\/2024\/04\/4A315622-1904-4D5C-B022-878CDC840E04-90x90-1.jpeg\",\"contentUrl\":\"https:\/\/nitu.mx\/wp-content\/uploads\/2024\/04\/4A315622-1904-4D5C-B022-878CDC840E04-90x90-1.jpeg\",\"width\":90,\"height\":90,\"caption\":\"Arturo Medina\"},\"logo\":{\"@id\":\"https:\/\/nitu.mx\/#\/schema\/person\/image\/\"},\"description\":\"Director NITU.mx, Egresado de la Escuela de Periodismo Carlos Septi\u00e9n Garc\u00eda. Periodista y analista especializado en turismo desde hace 35 a\u00f1os, radicado en Canc\u00fan Q.Roo. arturo@nitu.mx\",\"sameAs\":[\"https:\/\/nitu.mx\",\"https:\/\/www.facebook.com\/NITUmx\/\",\"medinacancun\",\"https:\/\/twitter.com\/@Arturo_Medina_G\"]},{\"@type\":\"Person\",\"@id\":\"https:\/\/nitu.mx\/#\/schema\/person\/2ecd887b19dfd3382d1f14fc5acf24a8\",\"name\":\"Alejandra Moncisbays\",\"image\":{\"@type\":\"ImageObject\",\"inLanguage\":\"es-MX\",\"@id\":\"https:\/\/nitu.mx\/#\/schema\/person\/image\/\",\"url\":\"https:\/\/secure.gravatar.com\/avatar\/e74f7af0be172b7804dacfd0bfbef787?s=96&d=mm&r=g\",\"contentUrl\":\"https:\/\/secure.gravatar.com\/avatar\/e74f7af0be172b7804dacfd0bfbef787?s=96&d=mm&r=g\",\"caption\":\"Alejandra Moncisbays\"},\"description\":\"Curs\u00e9 la carrera de Periodismo y Comunicaci\u00f3n en la Facultad de Estudios Profesionales Acatl\u00e1n. Vivo en Canc\u00fan desde hace 24 a\u00f1os. Fui reportera de La Tarde de Canc\u00fan, y Novedades de Quintana Roo, colabor\u00e9 en TVCUN, edit\u00e9 Cancun\u00edssimo y colabor\u00e9 en las revistas Latitud21, entre otras, con principal enfoque en los sectores empresarial y tur\u00edstico. Desde hace varios a\u00f1os soy Agente de Seguros con c\u00e9dula de la Comisi\u00f3n Nacional de Seguros y Fianzas. Actualmente, me desarrollo en los \u00e1mbitos del periodismo y el sector asegurador.\",\"sameAs\":[\"https:\/\/nitu.mx\"],\"url\":\"https:\/\/nitu.mx\/index.php\/author\/alejandra\/\"}]}<\/script>\n<!-- \/ Yoast SEO plugin. -->","yoast_head_json":{"title":"\u00c9CUME revoluciona la alta cocina en M\u00e9rida con una fusi\u00f3n franco-maya liderada por el chef Sylvain Desbois - Nitu - Noticias de la Industria Turistica","robots":{"index":"index","follow":"follow","max-snippet":"max-snippet:-1","max-image-preview":"max-image-preview:large","max-video-preview":"max-video-preview:-1"},"canonical":"https:\/\/nitu.mx\/index.php\/2025\/07\/17\/ecume-revoluciona-la-alta-cocina-en-merida-con-una-fusion-franco-maya-liderada-por-el-chef-sylvain-desbois\/","twitter_card":"summary_large_image","twitter_title":"\u00c9CUME revoluciona la alta cocina en M\u00e9rida con una fusi\u00f3n franco-maya liderada por el chef Sylvain Desbois - Nitu - Noticias de la Industria Turistica","twitter_description":"Un nuevo cap\u00edtulo se escribe con la oferta gastron\u00f3mica del sureste con la apertura de \u00c9CUME Design Cuisine, un espacio que fusiona la elegancia de la alta cocina francesa con los sabores aut\u00e9nticos de la regi\u00f3n maya. Ubicado dentro del hotel Las Brisas M\u00e9rida, en el n\u00famero 508 de la Avenida Col\u00f3n, \u00c9CUME ha captado [&hellip;]","twitter_image":"https:\/\/nitu.mx\/wp-content\/uploads\/2025\/07\/ECUME-scaled.jpeg","twitter_creator":"@NITUmx","twitter_site":"@Arturo_Medina_G","twitter_misc":{"Escrito por":"Alejandra Moncisbays","Tiempo de lectura":"2 minutos"},"schema":{"@context":"https:\/\/schema.org","@graph":[{"@type":"Article","@id":"https:\/\/nitu.mx\/index.php\/2025\/07\/17\/ecume-revoluciona-la-alta-cocina-en-merida-con-una-fusion-franco-maya-liderada-por-el-chef-sylvain-desbois\/#article","isPartOf":{"@id":"https:\/\/nitu.mx\/index.php\/2025\/07\/17\/ecume-revoluciona-la-alta-cocina-en-merida-con-una-fusion-franco-maya-liderada-por-el-chef-sylvain-desbois\/"},"author":{"name":"Alejandra Moncisbays","@id":"https:\/\/nitu.mx\/#\/schema\/person\/2ecd887b19dfd3382d1f14fc5acf24a8"},"headline":"\u00c9CUME revoluciona la alta cocina en M\u00e9rida con una fusi\u00f3n franco-maya liderada por el chef Sylvain Desbois","datePublished":"2025-07-18T05:23:24+00:00","dateModified":"2025-07-18T05:23:24+00:00","mainEntityOfPage":{"@id":"https:\/\/nitu.mx\/index.php\/2025\/07\/17\/ecume-revoluciona-la-alta-cocina-en-merida-con-una-fusion-franco-maya-liderada-por-el-chef-sylvain-desbois\/"},"wordCount":334,"publisher":{"@id":"https:\/\/nitu.mx\/#\/schema\/person\/ae7a53426417292d3dd07b45a33e01bc"},"image":{"@id":"https:\/\/nitu.mx\/index.php\/2025\/07\/17\/ecume-revoluciona-la-alta-cocina-en-merida-con-una-fusion-franco-maya-liderada-por-el-chef-sylvain-desbois\/#primaryimage"},"thumbnailUrl":"https:\/\/nitu.mx\/wp-content\/uploads\/2025\/07\/ECUME-scaled.jpeg","keywords":["chef Sylvain Desbois","\u00c9CUME","Las Brisas M\u00e9rida","M\u00e9rida","NIZUC Resort &amp; Spa"],"articleSection":["Food &amp; Drinks","Hoteles"],"inLanguage":"es-MX"},{"@type":"WebPage","@id":"https:\/\/nitu.mx\/index.php\/2025\/07\/17\/ecume-revoluciona-la-alta-cocina-en-merida-con-una-fusion-franco-maya-liderada-por-el-chef-sylvain-desbois\/","url":"https:\/\/nitu.mx\/index.php\/2025\/07\/17\/ecume-revoluciona-la-alta-cocina-en-merida-con-una-fusion-franco-maya-liderada-por-el-chef-sylvain-desbois\/","name":"\u00c9CUME revoluciona la alta cocina en M\u00e9rida con una fusi\u00f3n franco-maya liderada por el chef Sylvain Desbois - Nitu - Noticias de la Industria Turistica","isPartOf":{"@id":"https:\/\/nitu.mx\/#website"},"primaryImageOfPage":{"@id":"https:\/\/nitu.mx\/index.php\/2025\/07\/17\/ecume-revoluciona-la-alta-cocina-en-merida-con-una-fusion-franco-maya-liderada-por-el-chef-sylvain-desbois\/#primaryimage"},"image":{"@id":"https:\/\/nitu.mx\/index.php\/2025\/07\/17\/ecume-revoluciona-la-alta-cocina-en-merida-con-una-fusion-franco-maya-liderada-por-el-chef-sylvain-desbois\/#primaryimage"},"thumbnailUrl":"https:\/\/nitu.mx\/wp-content\/uploads\/2025\/07\/ECUME-scaled.jpeg","datePublished":"2025-07-18T05:23:24+00:00","dateModified":"2025-07-18T05:23:24+00:00","breadcrumb":{"@id":"https:\/\/nitu.mx\/index.php\/2025\/07\/17\/ecume-revoluciona-la-alta-cocina-en-merida-con-una-fusion-franco-maya-liderada-por-el-chef-sylvain-desbois\/#breadcrumb"},"inLanguage":"es-MX","potentialAction":[{"@type":"ReadAction","target":["https:\/\/nitu.mx\/index.php\/2025\/07\/17\/ecume-revoluciona-la-alta-cocina-en-merida-con-una-fusion-franco-maya-liderada-por-el-chef-sylvain-desbois\/"]}]},{"@type":"ImageObject","inLanguage":"es-MX","@id":"https:\/\/nitu.mx\/index.php\/2025\/07\/17\/ecume-revoluciona-la-alta-cocina-en-merida-con-una-fusion-franco-maya-liderada-por-el-chef-sylvain-desbois\/#primaryimage","url":"https:\/\/nitu.mx\/wp-content\/uploads\/2025\/07\/ECUME-scaled.jpeg","contentUrl":"https:\/\/nitu.mx\/wp-content\/uploads\/2025\/07\/ECUME-scaled.jpeg","width":1920,"height":2560},{"@type":"BreadcrumbList","@id":"https:\/\/nitu.mx\/index.php\/2025\/07\/17\/ecume-revoluciona-la-alta-cocina-en-merida-con-una-fusion-franco-maya-liderada-por-el-chef-sylvain-desbois\/#breadcrumb","itemListElement":[{"@type":"ListItem","position":1,"name":"Inicio","item":"https:\/\/nitu.mx\/"},{"@type":"ListItem","position":2,"name":"\u00c9CUME revoluciona la alta cocina en M\u00e9rida con una fusi\u00f3n franco-maya liderada por el chef Sylvain Desbois"}]},{"@type":"WebSite","@id":"https:\/\/nitu.mx\/#website","url":"https:\/\/nitu.mx\/","name":"Nitu - Noticias de la Industria Turistica","description":"Noticias de la Industria Turistica","publisher":{"@id":"https:\/\/nitu.mx\/#\/schema\/person\/ae7a53426417292d3dd07b45a33e01bc"},"alternateName":"Noticias de la Industria Turistica","potentialAction":[{"@type":"SearchAction","target":{"@type":"EntryPoint","urlTemplate":"https:\/\/nitu.mx\/?s={search_term_string}"},"query-input":"required name=search_term_string"}],"inLanguage":"es-MX"},{"@type":["Person","Organization"],"@id":"https:\/\/nitu.mx\/#\/schema\/person\/ae7a53426417292d3dd07b45a33e01bc","name":"Arturo Medina","image":{"@type":"ImageObject","inLanguage":"es-MX","@id":"https:\/\/nitu.mx\/#\/schema\/person\/image\/","url":"https:\/\/nitu.mx\/wp-content\/uploads\/2024\/04\/4A315622-1904-4D5C-B022-878CDC840E04-90x90-1.jpeg","contentUrl":"https:\/\/nitu.mx\/wp-content\/uploads\/2024\/04\/4A315622-1904-4D5C-B022-878CDC840E04-90x90-1.jpeg","width":90,"height":90,"caption":"Arturo Medina"},"logo":{"@id":"https:\/\/nitu.mx\/#\/schema\/person\/image\/"},"description":"Director NITU.mx, Egresado de la Escuela de Periodismo Carlos Septi\u00e9n Garc\u00eda. Periodista y analista especializado en turismo desde hace 35 a\u00f1os, radicado en Canc\u00fan Q.Roo. arturo@nitu.mx","sameAs":["https:\/\/nitu.mx","https:\/\/www.facebook.com\/NITUmx\/","medinacancun","https:\/\/twitter.com\/@Arturo_Medina_G"]},{"@type":"Person","@id":"https:\/\/nitu.mx\/#\/schema\/person\/2ecd887b19dfd3382d1f14fc5acf24a8","name":"Alejandra Moncisbays","image":{"@type":"ImageObject","inLanguage":"es-MX","@id":"https:\/\/nitu.mx\/#\/schema\/person\/image\/","url":"https:\/\/secure.gravatar.com\/avatar\/e74f7af0be172b7804dacfd0bfbef787?s=96&d=mm&r=g","contentUrl":"https:\/\/secure.gravatar.com\/avatar\/e74f7af0be172b7804dacfd0bfbef787?s=96&d=mm&r=g","caption":"Alejandra Moncisbays"},"description":"Curs\u00e9 la carrera de Periodismo y Comunicaci\u00f3n en la Facultad de Estudios Profesionales Acatl\u00e1n. Vivo en Canc\u00fan desde hace 24 a\u00f1os. Fui reportera de La Tarde de Canc\u00fan, y Novedades de Quintana Roo, colabor\u00e9 en TVCUN, edit\u00e9 Cancun\u00edssimo y colabor\u00e9 en las revistas Latitud21, entre otras, con principal enfoque en los sectores empresarial y tur\u00edstico. Desde hace varios a\u00f1os soy Agente de Seguros con c\u00e9dula de la Comisi\u00f3n Nacional de Seguros y Fianzas. Actualmente, me desarrollo en los \u00e1mbitos del periodismo y el sector asegurador.","sameAs":["https:\/\/nitu.mx"],"url":"https:\/\/nitu.mx\/index.php\/author\/alejandra\/"}]}},"views":1105,"_links":{"self":[{"href":"https:\/\/nitu.mx\/index.php\/wp-json\/wp\/v2\/posts\/82354"}],"collection":[{"href":"https:\/\/nitu.mx\/index.php\/wp-json\/wp\/v2\/posts"}],"about":[{"href":"https:\/\/nitu.mx\/index.php\/wp-json\/wp\/v2\/types\/post"}],"author":[{"embeddable":true,"href":"https:\/\/nitu.mx\/index.php\/wp-json\/wp\/v2\/users\/3"}],"replies":[{"embeddable":true,"href":"https:\/\/nitu.mx\/index.php\/wp-json\/wp\/v2\/comments?post=82354"}],"version-history":[{"count":2,"href":"https:\/\/nitu.mx\/index.php\/wp-json\/wp\/v2\/posts\/82354\/revisions"}],"predecessor-version":[{"id":82371,"href":"https:\/\/nitu.mx\/index.php\/wp-json\/wp\/v2\/posts\/82354\/revisions\/82371"}],"wp:featuredmedia":[{"embeddable":true,"href":"https:\/\/nitu.mx\/index.php\/wp-json\/wp\/v2\/media\/82355"}],"wp:attachment":[{"href":"https:\/\/nitu.mx\/index.php\/wp-json\/wp\/v2\/media?parent=82354"}],"wp:term":[{"taxonomy":"category","embeddable":true,"href":"https:\/\/nitu.mx\/index.php\/wp-json\/wp\/v2\/categories?post=82354"},{"taxonomy":"post_tag","embeddable":true,"href":"https:\/\/nitu.mx\/index.php\/wp-json\/wp\/v2\/tags?post=82354"}],"curies":[{"name":"wp","href":"https:\/\/api.w.org\/{rel}","templated":true}]}}