{"id":82329,"date":"2025-07-16T21:00:00","date_gmt":"2025-07-17T03:00:00","guid":{"rendered":"https:\/\/nitu.mx\/?p=82329"},"modified":"2025-07-16T20:25:43","modified_gmt":"2025-07-17T02:25:43","slug":"altitude-by-volaris-el-nuevo-programa-de-lealtad-de-la-aerolinea","status":"publish","type":"post","link":"https:\/\/nitu.mx\/index.php\/2025\/07\/16\/altitude-by-volaris-el-nuevo-programa-de-lealtad-de-la-aerolinea\/","title":{"rendered":"&#8220;altitude by Volaris&#8221;, el nuevo programa de lealtad de la aerol\u00ednea"},"content":{"rendered":"\n<p>Volaris, la aerol\u00ednea mexicana de ultra bajo costo, anunci\u00f3 el lanzamiento de\u00a0\u201caltitude by Volaris\u201d, su nuevo programa de lealtad que recompensar\u00e1 a sus clientes por cada compra que realicen.<\/p>\n\n\n\n<p>La l\u00ednea a\u00e9rea, que promete estar siempre a la vanguardia y en la b\u00fasqueda constante para mejorar su servicio a trav\u00e9s de las distintas ofertas de valor en beneficio de sus pasajeros, da a conocer esta opci\u00f3n de\u00a0recompensas, acumulando puntos por cada compra que realicen, mismos que podr\u00e1n\u00a0redimir de manera parcial o total en sus siguientes reservaciones.<\/p>\n\n\n\n<p>\u201cQueremos que nuestros clientes sientan que cada vuelo suma y que su preferencia tiene recompensas tangibles y \u00fatiles para seguir viajando m\u00e1s y mejor con Volaris. Fuimos los primeros en democratizar el cielo y ahora estamos comprometidos con mejorar su experiencia y hacer de este programa de lealtad su compa\u00f1ero de viaje,\u201d dijo Holger Blankenstein, vicepresidente Ejecutivo de Volaris.<\/p>\n\n\n\n<p>Los&nbsp;puntos altitude se acumulan en la compra de los boletos de avi\u00f3n para viajar en cualquiera de las 221 rutas que Volaris opera actualmente&nbsp;a destinos nacionales o internacionales, as\u00ed como de cualquier producto adicional que se agregue a las reservas.<\/p>\n\n\n\n<p>De este modo, Volaris se mantiene a\u00fan m\u00e1s cerca de sus clientes, con un programa de lealtad que simplemente funciona. Conociendo sus preferencias de viaje al mismo tiempo que los lleva a conseguir recompensas y vivir las mejores experiencias, que inician desde su reservaci\u00f3n. (<a href=\"https:\/\/nitu.mx\/index.php\/2025\/07\/10\/volaris-inicia-su-ruta-los-cabos-a-ontario-california\/\">Volaris inicia su ruta Los Cabos a Ontario, California<\/a>).<\/p>\n\n\n\n<p>El registro al programa es totalmente gratis y se puede realizar ingresando\u00a0a\u00a0la p\u00e1gina de internet\u00a0<a rel=\"noreferrer noopener\" href=\"https:\/\/guerracastellanosasociados-my.sharepoint.com\/personal\/ialvarez_gcya_net\/Documents\/Documentos\/VOLARIS\/2015\/EVENTOS\/2025\/07.10.2025.%20PROGRAMA%20DE%20LEALTAD%20ALTITUDE\/FINALES\/%20https:\/www.volaris.com\/\" target=\"_blank\">volaris.com<\/a>.\u00a0<\/p>\n","protected":false},"excerpt":{"rendered":"<p>Volaris, la aerol\u00ednea mexicana de ultra bajo costo, anunci\u00f3 el lanzamiento de\u00a0\u201caltitude by Volaris\u201d, su nuevo programa de lealtad que recompensar\u00e1 a sus clientes por cada compra que realicen. La l\u00ednea a\u00e9rea, que promete estar siempre a la vanguardia y en la b\u00fasqueda constante para mejorar su servicio a trav\u00e9s de las distintas ofertas de [&hellip;]<\/p>\n","protected":false},"author":17,"featured_media":82331,"comment_status":"closed","ping_status":"closed","sticky":false,"template":"","format":"standard","meta":{"footnotes":""},"categories":[29],"tags":[27548,807,10298,131],"yoast_head":"<!-- This site is optimized with the Yoast SEO plugin v22.2 - https:\/\/yoast.com\/wordpress\/plugins\/seo\/ -->\n<title>&quot;altitude by Volaris&quot;, el nuevo programa de lealtad de la aerol\u00ednea - Nitu - Noticias de la Industria Turistica<\/title>\n<meta name=\"robots\" content=\"index, follow, max-snippet:-1, max-image-preview:large, max-video-preview:-1\" \/>\n<link rel=\"canonical\" href=\"https:\/\/nitu.mx\/index.php\/2025\/07\/16\/altitude-by-volaris-el-nuevo-programa-de-lealtad-de-la-aerolinea\/\" \/>\n<meta name=\"twitter:card\" content=\"summary_large_image\" \/>\n<meta name=\"twitter:title\" content=\"&quot;altitude by Volaris&quot;, el nuevo programa de lealtad de la aerol\u00ednea - Nitu - Noticias de la Industria Turistica\" \/>\n<meta name=\"twitter:description\" content=\"Volaris, la aerol\u00ednea mexicana de ultra bajo costo, anunci\u00f3 el lanzamiento de\u00a0\u201caltitude by Volaris\u201d, su nuevo programa de lealtad que recompensar\u00e1 a sus clientes por cada compra que realicen. La l\u00ednea a\u00e9rea, que promete estar siempre a la vanguardia y en la b\u00fasqueda constante para mejorar su servicio a trav\u00e9s de las distintas ofertas de [&hellip;]\" \/>\n<meta name=\"twitter:image\" content=\"https:\/\/nitu.mx\/wp-content\/uploads\/2025\/07\/Altitude-by-Volaris.jpg\" \/>\n<meta name=\"twitter:creator\" content=\"@NITUmx\" \/>\n<meta name=\"twitter:site\" content=\"@Arturo_Medina_G\" \/>\n<meta name=\"twitter:label1\" content=\"Escrito por\" \/>\n\t<meta name=\"twitter:data1\" content=\"Redacci\u00f3n\" \/>\n\t<meta name=\"twitter:label2\" content=\"Tiempo de lectura\" \/>\n\t<meta name=\"twitter:data2\" content=\"1 minuto\" \/>\n<script type=\"application\/ld+json\" class=\"yoast-schema-graph\">{\"@context\":\"https:\/\/schema.org\",\"@graph\":[{\"@type\":\"Article\",\"@id\":\"https:\/\/nitu.mx\/index.php\/2025\/07\/16\/altitude-by-volaris-el-nuevo-programa-de-lealtad-de-la-aerolinea\/#article\",\"isPartOf\":{\"@id\":\"https:\/\/nitu.mx\/index.php\/2025\/07\/16\/altitude-by-volaris-el-nuevo-programa-de-lealtad-de-la-aerolinea\/\"},\"author\":{\"name\":\"Redacci\u00f3n\",\"@id\":\"https:\/\/nitu.mx\/#\/schema\/person\/4a28fe9bd65924f7c90623773daf1b0b\"},\"headline\":\"&#8220;altitude by Volaris&#8221;, el nuevo programa de lealtad de la aerol\u00ednea\",\"datePublished\":\"2025-07-17T03:00:00+00:00\",\"dateModified\":\"2025-07-17T02:25:43+00:00\",\"mainEntityOfPage\":{\"@id\":\"https:\/\/nitu.mx\/index.php\/2025\/07\/16\/altitude-by-volaris-el-nuevo-programa-de-lealtad-de-la-aerolinea\/\"},\"wordCount\":289,\"publisher\":{\"@id\":\"https:\/\/nitu.mx\/#\/schema\/person\/ae7a53426417292d3dd07b45a33e01bc\"},\"image\":{\"@id\":\"https:\/\/nitu.mx\/index.php\/2025\/07\/16\/altitude-by-volaris-el-nuevo-programa-de-lealtad-de-la-aerolinea\/#primaryimage\"},\"thumbnailUrl\":\"https:\/\/nitu.mx\/wp-content\/uploads\/2025\/07\/Altitude-by-Volaris.jpg\",\"keywords\":[\"altitude by Volaris\",\"Holger Blankenstein\",\"programa de lealtad\",\"Volaris\"],\"articleSection\":[\"Aerol\u00edneas\"],\"inLanguage\":\"es-MX\"},{\"@type\":\"WebPage\",\"@id\":\"https:\/\/nitu.mx\/index.php\/2025\/07\/16\/altitude-by-volaris-el-nuevo-programa-de-lealtad-de-la-aerolinea\/\",\"url\":\"https:\/\/nitu.mx\/index.php\/2025\/07\/16\/altitude-by-volaris-el-nuevo-programa-de-lealtad-de-la-aerolinea\/\",\"name\":\"\\\"altitude by Volaris\\\", el nuevo programa de lealtad de la aerol\u00ednea - Nitu - Noticias de la Industria Turistica\",\"isPartOf\":{\"@id\":\"https:\/\/nitu.mx\/#website\"},\"primaryImageOfPage\":{\"@id\":\"https:\/\/nitu.mx\/index.php\/2025\/07\/16\/altitude-by-volaris-el-nuevo-programa-de-lealtad-de-la-aerolinea\/#primaryimage\"},\"image\":{\"@id\":\"https:\/\/nitu.mx\/index.php\/2025\/07\/16\/altitude-by-volaris-el-nuevo-programa-de-lealtad-de-la-aerolinea\/#primaryimage\"},\"thumbnailUrl\":\"https:\/\/nitu.mx\/wp-content\/uploads\/2025\/07\/Altitude-by-Volaris.jpg\",\"datePublished\":\"2025-07-17T03:00:00+00:00\",\"dateModified\":\"2025-07-17T02:25:43+00:00\",\"breadcrumb\":{\"@id\":\"https:\/\/nitu.mx\/index.php\/2025\/07\/16\/altitude-by-volaris-el-nuevo-programa-de-lealtad-de-la-aerolinea\/#breadcrumb\"},\"inLanguage\":\"es-MX\",\"potentialAction\":[{\"@type\":\"ReadAction\",\"target\":[\"https:\/\/nitu.mx\/index.php\/2025\/07\/16\/altitude-by-volaris-el-nuevo-programa-de-lealtad-de-la-aerolinea\/\"]}]},{\"@type\":\"ImageObject\",\"inLanguage\":\"es-MX\",\"@id\":\"https:\/\/nitu.mx\/index.php\/2025\/07\/16\/altitude-by-volaris-el-nuevo-programa-de-lealtad-de-la-aerolinea\/#primaryimage\",\"url\":\"https:\/\/nitu.mx\/wp-content\/uploads\/2025\/07\/Altitude-by-Volaris.jpg\",\"contentUrl\":\"https:\/\/nitu.mx\/wp-content\/uploads\/2025\/07\/Altitude-by-Volaris.jpg\",\"width\":1200,\"height\":675,\"caption\":\"Altitude by Volaris\"},{\"@type\":\"BreadcrumbList\",\"@id\":\"https:\/\/nitu.mx\/index.php\/2025\/07\/16\/altitude-by-volaris-el-nuevo-programa-de-lealtad-de-la-aerolinea\/#breadcrumb\",\"itemListElement\":[{\"@type\":\"ListItem\",\"position\":1,\"name\":\"Inicio\",\"item\":\"https:\/\/nitu.mx\/\"},{\"@type\":\"ListItem\",\"position\":2,\"name\":\"&#8220;altitude by Volaris&#8221;, el nuevo programa de lealtad de la aerol\u00ednea\"}]},{\"@type\":\"WebSite\",\"@id\":\"https:\/\/nitu.mx\/#website\",\"url\":\"https:\/\/nitu.mx\/\",\"name\":\"Nitu - Noticias de la Industria Turistica\",\"description\":\"Noticias de la Industria Turistica\",\"publisher\":{\"@id\":\"https:\/\/nitu.mx\/#\/schema\/person\/ae7a53426417292d3dd07b45a33e01bc\"},\"alternateName\":\"Noticias de la Industria Turistica\",\"potentialAction\":[{\"@type\":\"SearchAction\",\"target\":{\"@type\":\"EntryPoint\",\"urlTemplate\":\"https:\/\/nitu.mx\/?s={search_term_string}\"},\"query-input\":\"required name=search_term_string\"}],\"inLanguage\":\"es-MX\"},{\"@type\":[\"Person\",\"Organization\"],\"@id\":\"https:\/\/nitu.mx\/#\/schema\/person\/ae7a53426417292d3dd07b45a33e01bc\",\"name\":\"Arturo Medina\",\"image\":{\"@type\":\"ImageObject\",\"inLanguage\":\"es-MX\",\"@id\":\"https:\/\/nitu.mx\/#\/schema\/person\/image\/\",\"url\":\"https:\/\/nitu.mx\/wp-content\/uploads\/2024\/04\/4A315622-1904-4D5C-B022-878CDC840E04-90x90-1.jpeg\",\"contentUrl\":\"https:\/\/nitu.mx\/wp-content\/uploads\/2024\/04\/4A315622-1904-4D5C-B022-878CDC840E04-90x90-1.jpeg\",\"width\":90,\"height\":90,\"caption\":\"Arturo Medina\"},\"logo\":{\"@id\":\"https:\/\/nitu.mx\/#\/schema\/person\/image\/\"},\"description\":\"Director NITU.mx, Egresado de la Escuela de Periodismo Carlos Septi\u00e9n Garc\u00eda. Periodista y analista especializado en turismo desde hace 35 a\u00f1os, radicado en Canc\u00fan Q.Roo. arturo@nitu.mx\",\"sameAs\":[\"https:\/\/nitu.mx\",\"https:\/\/www.facebook.com\/NITUmx\/\",\"medinacancun\",\"https:\/\/twitter.com\/@Arturo_Medina_G\"]},{\"@type\":\"Person\",\"@id\":\"https:\/\/nitu.mx\/#\/schema\/person\/4a28fe9bd65924f7c90623773daf1b0b\",\"name\":\"Redacci\u00f3n\",\"image\":{\"@type\":\"ImageObject\",\"inLanguage\":\"es-MX\",\"@id\":\"https:\/\/nitu.mx\/#\/schema\/person\/image\/\",\"url\":\"https:\/\/secure.gravatar.com\/avatar\/5dd011c8ccfc5cd7e4c81e42252aab38?s=96&d=mm&r=g\",\"contentUrl\":\"https:\/\/secure.gravatar.com\/avatar\/5dd011c8ccfc5cd7e4c81e42252aab38?s=96&d=mm&r=g\",\"caption\":\"Redacci\u00f3n\"},\"url\":\"https:\/\/nitu.mx\/index.php\/author\/redaccion\/\"}]}<\/script>\n<!-- \/ Yoast SEO plugin. -->","yoast_head_json":{"title":"\"altitude by Volaris\", el nuevo programa de lealtad de la aerol\u00ednea - Nitu - Noticias de la Industria Turistica","robots":{"index":"index","follow":"follow","max-snippet":"max-snippet:-1","max-image-preview":"max-image-preview:large","max-video-preview":"max-video-preview:-1"},"canonical":"https:\/\/nitu.mx\/index.php\/2025\/07\/16\/altitude-by-volaris-el-nuevo-programa-de-lealtad-de-la-aerolinea\/","twitter_card":"summary_large_image","twitter_title":"\"altitude by Volaris\", el nuevo programa de lealtad de la aerol\u00ednea - Nitu - Noticias de la Industria Turistica","twitter_description":"Volaris, la aerol\u00ednea mexicana de ultra bajo costo, anunci\u00f3 el lanzamiento de\u00a0\u201caltitude by Volaris\u201d, su nuevo programa de lealtad que recompensar\u00e1 a sus clientes por cada compra que realicen. La l\u00ednea a\u00e9rea, que promete estar siempre a la vanguardia y en la b\u00fasqueda constante para mejorar su servicio a trav\u00e9s de las distintas ofertas de [&hellip;]","twitter_image":"https:\/\/nitu.mx\/wp-content\/uploads\/2025\/07\/Altitude-by-Volaris.jpg","twitter_creator":"@NITUmx","twitter_site":"@Arturo_Medina_G","twitter_misc":{"Escrito por":"Redacci\u00f3n","Tiempo de lectura":"1 minuto"},"schema":{"@context":"https:\/\/schema.org","@graph":[{"@type":"Article","@id":"https:\/\/nitu.mx\/index.php\/2025\/07\/16\/altitude-by-volaris-el-nuevo-programa-de-lealtad-de-la-aerolinea\/#article","isPartOf":{"@id":"https:\/\/nitu.mx\/index.php\/2025\/07\/16\/altitude-by-volaris-el-nuevo-programa-de-lealtad-de-la-aerolinea\/"},"author":{"name":"Redacci\u00f3n","@id":"https:\/\/nitu.mx\/#\/schema\/person\/4a28fe9bd65924f7c90623773daf1b0b"},"headline":"&#8220;altitude by Volaris&#8221;, el nuevo programa de lealtad de la aerol\u00ednea","datePublished":"2025-07-17T03:00:00+00:00","dateModified":"2025-07-17T02:25:43+00:00","mainEntityOfPage":{"@id":"https:\/\/nitu.mx\/index.php\/2025\/07\/16\/altitude-by-volaris-el-nuevo-programa-de-lealtad-de-la-aerolinea\/"},"wordCount":289,"publisher":{"@id":"https:\/\/nitu.mx\/#\/schema\/person\/ae7a53426417292d3dd07b45a33e01bc"},"image":{"@id":"https:\/\/nitu.mx\/index.php\/2025\/07\/16\/altitude-by-volaris-el-nuevo-programa-de-lealtad-de-la-aerolinea\/#primaryimage"},"thumbnailUrl":"https:\/\/nitu.mx\/wp-content\/uploads\/2025\/07\/Altitude-by-Volaris.jpg","keywords":["altitude by Volaris","Holger Blankenstein","programa de lealtad","Volaris"],"articleSection":["Aerol\u00edneas"],"inLanguage":"es-MX"},{"@type":"WebPage","@id":"https:\/\/nitu.mx\/index.php\/2025\/07\/16\/altitude-by-volaris-el-nuevo-programa-de-lealtad-de-la-aerolinea\/","url":"https:\/\/nitu.mx\/index.php\/2025\/07\/16\/altitude-by-volaris-el-nuevo-programa-de-lealtad-de-la-aerolinea\/","name":"\"altitude by Volaris\", el nuevo programa de lealtad de la aerol\u00ednea - Nitu - Noticias de la Industria Turistica","isPartOf":{"@id":"https:\/\/nitu.mx\/#website"},"primaryImageOfPage":{"@id":"https:\/\/nitu.mx\/index.php\/2025\/07\/16\/altitude-by-volaris-el-nuevo-programa-de-lealtad-de-la-aerolinea\/#primaryimage"},"image":{"@id":"https:\/\/nitu.mx\/index.php\/2025\/07\/16\/altitude-by-volaris-el-nuevo-programa-de-lealtad-de-la-aerolinea\/#primaryimage"},"thumbnailUrl":"https:\/\/nitu.mx\/wp-content\/uploads\/2025\/07\/Altitude-by-Volaris.jpg","datePublished":"2025-07-17T03:00:00+00:00","dateModified":"2025-07-17T02:25:43+00:00","breadcrumb":{"@id":"https:\/\/nitu.mx\/index.php\/2025\/07\/16\/altitude-by-volaris-el-nuevo-programa-de-lealtad-de-la-aerolinea\/#breadcrumb"},"inLanguage":"es-MX","potentialAction":[{"@type":"ReadAction","target":["https:\/\/nitu.mx\/index.php\/2025\/07\/16\/altitude-by-volaris-el-nuevo-programa-de-lealtad-de-la-aerolinea\/"]}]},{"@type":"ImageObject","inLanguage":"es-MX","@id":"https:\/\/nitu.mx\/index.php\/2025\/07\/16\/altitude-by-volaris-el-nuevo-programa-de-lealtad-de-la-aerolinea\/#primaryimage","url":"https:\/\/nitu.mx\/wp-content\/uploads\/2025\/07\/Altitude-by-Volaris.jpg","contentUrl":"https:\/\/nitu.mx\/wp-content\/uploads\/2025\/07\/Altitude-by-Volaris.jpg","width":1200,"height":675,"caption":"Altitude by Volaris"},{"@type":"BreadcrumbList","@id":"https:\/\/nitu.mx\/index.php\/2025\/07\/16\/altitude-by-volaris-el-nuevo-programa-de-lealtad-de-la-aerolinea\/#breadcrumb","itemListElement":[{"@type":"ListItem","position":1,"name":"Inicio","item":"https:\/\/nitu.mx\/"},{"@type":"ListItem","position":2,"name":"&#8220;altitude by Volaris&#8221;, el nuevo programa de lealtad de la aerol\u00ednea"}]},{"@type":"WebSite","@id":"https:\/\/nitu.mx\/#website","url":"https:\/\/nitu.mx\/","name":"Nitu - Noticias de la Industria Turistica","description":"Noticias de la Industria Turistica","publisher":{"@id":"https:\/\/nitu.mx\/#\/schema\/person\/ae7a53426417292d3dd07b45a33e01bc"},"alternateName":"Noticias de la Industria Turistica","potentialAction":[{"@type":"SearchAction","target":{"@type":"EntryPoint","urlTemplate":"https:\/\/nitu.mx\/?s={search_term_string}"},"query-input":"required name=search_term_string"}],"inLanguage":"es-MX"},{"@type":["Person","Organization"],"@id":"https:\/\/nitu.mx\/#\/schema\/person\/ae7a53426417292d3dd07b45a33e01bc","name":"Arturo Medina","image":{"@type":"ImageObject","inLanguage":"es-MX","@id":"https:\/\/nitu.mx\/#\/schema\/person\/image\/","url":"https:\/\/nitu.mx\/wp-content\/uploads\/2024\/04\/4A315622-1904-4D5C-B022-878CDC840E04-90x90-1.jpeg","contentUrl":"https:\/\/nitu.mx\/wp-content\/uploads\/2024\/04\/4A315622-1904-4D5C-B022-878CDC840E04-90x90-1.jpeg","width":90,"height":90,"caption":"Arturo Medina"},"logo":{"@id":"https:\/\/nitu.mx\/#\/schema\/person\/image\/"},"description":"Director NITU.mx, Egresado de la Escuela de Periodismo Carlos Septi\u00e9n Garc\u00eda. Periodista y analista especializado en turismo desde hace 35 a\u00f1os, radicado en Canc\u00fan Q.Roo. arturo@nitu.mx","sameAs":["https:\/\/nitu.mx","https:\/\/www.facebook.com\/NITUmx\/","medinacancun","https:\/\/twitter.com\/@Arturo_Medina_G"]},{"@type":"Person","@id":"https:\/\/nitu.mx\/#\/schema\/person\/4a28fe9bd65924f7c90623773daf1b0b","name":"Redacci\u00f3n","image":{"@type":"ImageObject","inLanguage":"es-MX","@id":"https:\/\/nitu.mx\/#\/schema\/person\/image\/","url":"https:\/\/secure.gravatar.com\/avatar\/5dd011c8ccfc5cd7e4c81e42252aab38?s=96&d=mm&r=g","contentUrl":"https:\/\/secure.gravatar.com\/avatar\/5dd011c8ccfc5cd7e4c81e42252aab38?s=96&d=mm&r=g","caption":"Redacci\u00f3n"},"url":"https:\/\/nitu.mx\/index.php\/author\/redaccion\/"}]}},"views":777,"_links":{"self":[{"href":"https:\/\/nitu.mx\/index.php\/wp-json\/wp\/v2\/posts\/82329"}],"collection":[{"href":"https:\/\/nitu.mx\/index.php\/wp-json\/wp\/v2\/posts"}],"about":[{"href":"https:\/\/nitu.mx\/index.php\/wp-json\/wp\/v2\/types\/post"}],"author":[{"embeddable":true,"href":"https:\/\/nitu.mx\/index.php\/wp-json\/wp\/v2\/users\/17"}],"replies":[{"embeddable":true,"href":"https:\/\/nitu.mx\/index.php\/wp-json\/wp\/v2\/comments?post=82329"}],"version-history":[{"count":2,"href":"https:\/\/nitu.mx\/index.php\/wp-json\/wp\/v2\/posts\/82329\/revisions"}],"predecessor-version":[{"id":82333,"href":"https:\/\/nitu.mx\/index.php\/wp-json\/wp\/v2\/posts\/82329\/revisions\/82333"}],"wp:featuredmedia":[{"embeddable":true,"href":"https:\/\/nitu.mx\/index.php\/wp-json\/wp\/v2\/media\/82331"}],"wp:attachment":[{"href":"https:\/\/nitu.mx\/index.php\/wp-json\/wp\/v2\/media?parent=82329"}],"wp:term":[{"taxonomy":"category","embeddable":true,"href":"https:\/\/nitu.mx\/index.php\/wp-json\/wp\/v2\/categories?post=82329"},{"taxonomy":"post_tag","embeddable":true,"href":"https:\/\/nitu.mx\/index.php\/wp-json\/wp\/v2\/tags?post=82329"}],"curies":[{"name":"wp","href":"https:\/\/api.w.org\/{rel}","templated":true}]}}