{"id":82307,"date":"2025-07-15T22:23:17","date_gmt":"2025-07-16T04:23:17","guid":{"rendered":"https:\/\/nitu.mx\/?p=82307"},"modified":"2025-07-15T22:23:17","modified_gmt":"2025-07-16T04:23:17","slug":"pricetravel-holding-anuncia-alianza-con-choice-hotels-international","status":"publish","type":"post","link":"https:\/\/nitu.mx\/index.php\/2025\/07\/15\/pricetravel-holding-anuncia-alianza-con-choice-hotels-international\/","title":{"rendered":"PriceTravel Holding anuncia alianza con Choice Hotels International"},"content":{"rendered":"\n<p>PriceTravel Holding, l\u00edder en soluciones de distribuci\u00f3n de productos de viaje en Latinoam\u00e9rica, anunci\u00f3 una alianza comercial con Choice Hotels International, Inc.\u00a0<br>\u00a0<br>Gracias a esta colaboraci\u00f3n, PriceTravel Holding asegura la distribuci\u00f3n del contenido de Choice Hotels International, lo que brinda a sus m\u00e1s de 195 mercados de origen acceso a una oferta de hospedaje diversa y de alto valor.<br>\u00a0<br>\u201cEste acuerdo fortalece nuestro compromiso de brindar una oferta hotelera global. La incorporaci\u00f3n del inventario de Choice Hotels International ampl\u00eda significativamente nuestro contenido y nos permite seguir brindando soluciones de valor a nuestros clientes a trav\u00e9s de las distintas unidades de negocio de la compa\u00f1\u00eda\u201d, coment\u00f3 Rafael Durand, COO de PriceTravel Holding.<br>\u00a0<br>Esta alianza representa un hito para ambas compa\u00f1\u00edas, Choice Hotels Internacional aporta su amplia trayectoria en la industria y un amplio portafolio y\u00a0 por su parte, PriceTravel Holding complementa esta colaboraci\u00f3n con una propuesta de valor sustentada en un modelo de distribuci\u00f3n eficiente, infraestructura tecnol\u00f3gica avanzada, escalabilidad y un servicio de atenci\u00f3n al cliente especializado. Sin duda, esta alianza representa una oportunidad estrat\u00e9gica con alto potencial de crecimiento global.<br>\u00a0<br>\u201cEstamos entusiasmados por colaborar con un socio tan estrat\u00e9gico como PriceTravel Holding. Su alcance global, y su fuerte presencia en Latinoam\u00e9rica, as\u00ed como su enfoque tecnol\u00f3gico son clave para continuar creciendo a nivel internacional y posicionar nuestras marcas en nuevos mercados de manera eficiente y \u00e1gil\u201d, se\u00f1al\u00f3 Ricardo Mondrag\u00f3n,\u00a0Senior Director M\u00e9xico y Centro Am\u00e9rica de Choice Hotels International.<br>\u00a0<br>Este acuerdo representa m\u00e1s que una integraci\u00f3n tecnol\u00f3gica: es una apuesta conjunta por el crecimiento sostenible del turismo a nivel internacional. (<a href=\"https:\/\/nitu.mx\/index.php\/2025\/07\/09\/pricetravel-sella-alianza-comercial-con-sandals-resorts-grupo-lider-en-el-caribe\/\">PriceTravel Holding sella alianza comercial con Sandals Resorts, grupo l\u00edder en el Caribe<\/a>).<\/p>\n","protected":false},"excerpt":{"rendered":"<p>PriceTravel Holding, l\u00edder en soluciones de distribuci\u00f3n de productos de viaje en Latinoam\u00e9rica, anunci\u00f3 una alianza comercial con Choice Hotels International, Inc.\u00a0\u00a0Gracias a esta colaboraci\u00f3n, PriceTravel Holding asegura la distribuci\u00f3n del contenido de Choice Hotels International, lo que brinda a sus m\u00e1s de 195 mercados de origen acceso a una oferta de hospedaje diversa y [&hellip;]<\/p>\n","protected":false},"author":17,"featured_media":82309,"comment_status":"closed","ping_status":"closed","sticky":false,"template":"","format":"standard","meta":{"footnotes":""},"categories":[3],"tags":[7050,822,2840,3088,27544],"yoast_head":"<!-- This site is optimized with the Yoast SEO plugin v22.2 - https:\/\/yoast.com\/wordpress\/plugins\/seo\/ -->\n<title>PriceTravel Holding anuncia alianza con Choice Hotels International - Nitu - Noticias de la Industria Turistica<\/title>\n<meta name=\"robots\" content=\"index, follow, max-snippet:-1, max-image-preview:large, max-video-preview:-1\" \/>\n<link rel=\"canonical\" href=\"https:\/\/nitu.mx\/index.php\/2025\/07\/15\/pricetravel-holding-anuncia-alianza-con-choice-hotels-international\/\" \/>\n<meta name=\"twitter:card\" content=\"summary_large_image\" \/>\n<meta name=\"twitter:title\" content=\"PriceTravel Holding anuncia alianza con Choice Hotels International - Nitu - Noticias de la Industria Turistica\" \/>\n<meta name=\"twitter:description\" content=\"PriceTravel Holding, l\u00edder en soluciones de distribuci\u00f3n de productos de viaje en Latinoam\u00e9rica, anunci\u00f3 una alianza comercial con Choice Hotels International, Inc.\u00a0\u00a0Gracias a esta colaboraci\u00f3n, PriceTravel Holding asegura la distribuci\u00f3n del contenido de Choice Hotels International, lo que brinda a sus m\u00e1s de 195 mercados de origen acceso a una oferta de hospedaje diversa y [&hellip;]\" \/>\n<meta name=\"twitter:image\" content=\"https:\/\/nitu.mx\/wp-content\/uploads\/2025\/07\/PriceTravel-Holding-alianza-Choice-Hotels.jpg\" \/>\n<meta name=\"twitter:creator\" content=\"@NITUmx\" \/>\n<meta name=\"twitter:site\" content=\"@Arturo_Medina_G\" \/>\n<meta name=\"twitter:label1\" content=\"Escrito por\" \/>\n\t<meta name=\"twitter:data1\" content=\"Redacci\u00f3n\" \/>\n\t<meta name=\"twitter:label2\" content=\"Tiempo de lectura\" \/>\n\t<meta name=\"twitter:data2\" content=\"1 minuto\" \/>\n<script type=\"application\/ld+json\" class=\"yoast-schema-graph\">{\"@context\":\"https:\/\/schema.org\",\"@graph\":[{\"@type\":\"Article\",\"@id\":\"https:\/\/nitu.mx\/index.php\/2025\/07\/15\/pricetravel-holding-anuncia-alianza-con-choice-hotels-international\/#article\",\"isPartOf\":{\"@id\":\"https:\/\/nitu.mx\/index.php\/2025\/07\/15\/pricetravel-holding-anuncia-alianza-con-choice-hotels-international\/\"},\"author\":{\"name\":\"Redacci\u00f3n\",\"@id\":\"https:\/\/nitu.mx\/#\/schema\/person\/4a28fe9bd65924f7c90623773daf1b0b\"},\"headline\":\"PriceTravel Holding anuncia alianza con Choice Hotels International\",\"datePublished\":\"2025-07-16T04:23:17+00:00\",\"dateModified\":\"2025-07-16T04:23:17+00:00\",\"mainEntityOfPage\":{\"@id\":\"https:\/\/nitu.mx\/index.php\/2025\/07\/15\/pricetravel-holding-anuncia-alianza-con-choice-hotels-international\/\"},\"wordCount\":307,\"publisher\":{\"@id\":\"https:\/\/nitu.mx\/#\/schema\/person\/ae7a53426417292d3dd07b45a33e01bc\"},\"image\":{\"@id\":\"https:\/\/nitu.mx\/index.php\/2025\/07\/15\/pricetravel-holding-anuncia-alianza-con-choice-hotels-international\/#primaryimage\"},\"thumbnailUrl\":\"https:\/\/nitu.mx\/wp-content\/uploads\/2025\/07\/PriceTravel-Holding-alianza-Choice-Hotels.jpg\",\"keywords\":[\"alianza\",\"Choice Hotels International\",\"PriceTravel Holding\",\"Rafael Durand\",\"Ricardo Mondrag\u00f3n\"],\"articleSection\":[\"Agencias de Viajes\"],\"inLanguage\":\"es-MX\"},{\"@type\":\"WebPage\",\"@id\":\"https:\/\/nitu.mx\/index.php\/2025\/07\/15\/pricetravel-holding-anuncia-alianza-con-choice-hotels-international\/\",\"url\":\"https:\/\/nitu.mx\/index.php\/2025\/07\/15\/pricetravel-holding-anuncia-alianza-con-choice-hotels-international\/\",\"name\":\"PriceTravel Holding anuncia alianza con Choice Hotels International - Nitu - Noticias de la Industria Turistica\",\"isPartOf\":{\"@id\":\"https:\/\/nitu.mx\/#website\"},\"primaryImageOfPage\":{\"@id\":\"https:\/\/nitu.mx\/index.php\/2025\/07\/15\/pricetravel-holding-anuncia-alianza-con-choice-hotels-international\/#primaryimage\"},\"image\":{\"@id\":\"https:\/\/nitu.mx\/index.php\/2025\/07\/15\/pricetravel-holding-anuncia-alianza-con-choice-hotels-international\/#primaryimage\"},\"thumbnailUrl\":\"https:\/\/nitu.mx\/wp-content\/uploads\/2025\/07\/PriceTravel-Holding-alianza-Choice-Hotels.jpg\",\"datePublished\":\"2025-07-16T04:23:17+00:00\",\"dateModified\":\"2025-07-16T04:23:17+00:00\",\"breadcrumb\":{\"@id\":\"https:\/\/nitu.mx\/index.php\/2025\/07\/15\/pricetravel-holding-anuncia-alianza-con-choice-hotels-international\/#breadcrumb\"},\"inLanguage\":\"es-MX\",\"potentialAction\":[{\"@type\":\"ReadAction\",\"target\":[\"https:\/\/nitu.mx\/index.php\/2025\/07\/15\/pricetravel-holding-anuncia-alianza-con-choice-hotels-international\/\"]}]},{\"@type\":\"ImageObject\",\"inLanguage\":\"es-MX\",\"@id\":\"https:\/\/nitu.mx\/index.php\/2025\/07\/15\/pricetravel-holding-anuncia-alianza-con-choice-hotels-international\/#primaryimage\",\"url\":\"https:\/\/nitu.mx\/wp-content\/uploads\/2025\/07\/PriceTravel-Holding-alianza-Choice-Hotels.jpg\",\"contentUrl\":\"https:\/\/nitu.mx\/wp-content\/uploads\/2025\/07\/PriceTravel-Holding-alianza-Choice-Hotels.jpg\",\"width\":1200,\"height\":675,\"caption\":\"PriceTravel Holding alianza Choice Hotels\"},{\"@type\":\"BreadcrumbList\",\"@id\":\"https:\/\/nitu.mx\/index.php\/2025\/07\/15\/pricetravel-holding-anuncia-alianza-con-choice-hotels-international\/#breadcrumb\",\"itemListElement\":[{\"@type\":\"ListItem\",\"position\":1,\"name\":\"Inicio\",\"item\":\"https:\/\/nitu.mx\/\"},{\"@type\":\"ListItem\",\"position\":2,\"name\":\"PriceTravel Holding anuncia alianza con Choice Hotels International\"}]},{\"@type\":\"WebSite\",\"@id\":\"https:\/\/nitu.mx\/#website\",\"url\":\"https:\/\/nitu.mx\/\",\"name\":\"Nitu - Noticias de la Industria Turistica\",\"description\":\"Noticias de la Industria Turistica\",\"publisher\":{\"@id\":\"https:\/\/nitu.mx\/#\/schema\/person\/ae7a53426417292d3dd07b45a33e01bc\"},\"alternateName\":\"Noticias de la Industria Turistica\",\"potentialAction\":[{\"@type\":\"SearchAction\",\"target\":{\"@type\":\"EntryPoint\",\"urlTemplate\":\"https:\/\/nitu.mx\/?s={search_term_string}\"},\"query-input\":\"required name=search_term_string\"}],\"inLanguage\":\"es-MX\"},{\"@type\":[\"Person\",\"Organization\"],\"@id\":\"https:\/\/nitu.mx\/#\/schema\/person\/ae7a53426417292d3dd07b45a33e01bc\",\"name\":\"Arturo Medina\",\"image\":{\"@type\":\"ImageObject\",\"inLanguage\":\"es-MX\",\"@id\":\"https:\/\/nitu.mx\/#\/schema\/person\/image\/\",\"url\":\"https:\/\/nitu.mx\/wp-content\/uploads\/2024\/04\/4A315622-1904-4D5C-B022-878CDC840E04-90x90-1.jpeg\",\"contentUrl\":\"https:\/\/nitu.mx\/wp-content\/uploads\/2024\/04\/4A315622-1904-4D5C-B022-878CDC840E04-90x90-1.jpeg\",\"width\":90,\"height\":90,\"caption\":\"Arturo Medina\"},\"logo\":{\"@id\":\"https:\/\/nitu.mx\/#\/schema\/person\/image\/\"},\"description\":\"Director NITU.mx, Egresado de la Escuela de Periodismo Carlos Septi\u00e9n Garc\u00eda. Periodista y analista especializado en turismo desde hace 35 a\u00f1os, radicado en Canc\u00fan Q.Roo. arturo@nitu.mx\",\"sameAs\":[\"https:\/\/nitu.mx\",\"https:\/\/www.facebook.com\/NITUmx\/\",\"medinacancun\",\"https:\/\/twitter.com\/@Arturo_Medina_G\"]},{\"@type\":\"Person\",\"@id\":\"https:\/\/nitu.mx\/#\/schema\/person\/4a28fe9bd65924f7c90623773daf1b0b\",\"name\":\"Redacci\u00f3n\",\"image\":{\"@type\":\"ImageObject\",\"inLanguage\":\"es-MX\",\"@id\":\"https:\/\/nitu.mx\/#\/schema\/person\/image\/\",\"url\":\"https:\/\/secure.gravatar.com\/avatar\/5dd011c8ccfc5cd7e4c81e42252aab38?s=96&d=mm&r=g\",\"contentUrl\":\"https:\/\/secure.gravatar.com\/avatar\/5dd011c8ccfc5cd7e4c81e42252aab38?s=96&d=mm&r=g\",\"caption\":\"Redacci\u00f3n\"},\"url\":\"https:\/\/nitu.mx\/index.php\/author\/redaccion\/\"}]}<\/script>\n<!-- \/ Yoast SEO plugin. -->","yoast_head_json":{"title":"PriceTravel Holding anuncia alianza con Choice Hotels International - Nitu - Noticias de la Industria Turistica","robots":{"index":"index","follow":"follow","max-snippet":"max-snippet:-1","max-image-preview":"max-image-preview:large","max-video-preview":"max-video-preview:-1"},"canonical":"https:\/\/nitu.mx\/index.php\/2025\/07\/15\/pricetravel-holding-anuncia-alianza-con-choice-hotels-international\/","twitter_card":"summary_large_image","twitter_title":"PriceTravel Holding anuncia alianza con Choice Hotels International - Nitu - Noticias de la Industria Turistica","twitter_description":"PriceTravel Holding, l\u00edder en soluciones de distribuci\u00f3n de productos de viaje en Latinoam\u00e9rica, anunci\u00f3 una alianza comercial con Choice Hotels International, Inc.\u00a0\u00a0Gracias a esta colaboraci\u00f3n, PriceTravel Holding asegura la distribuci\u00f3n del contenido de Choice Hotels International, lo que brinda a sus m\u00e1s de 195 mercados de origen acceso a una oferta de hospedaje diversa y [&hellip;]","twitter_image":"https:\/\/nitu.mx\/wp-content\/uploads\/2025\/07\/PriceTravel-Holding-alianza-Choice-Hotels.jpg","twitter_creator":"@NITUmx","twitter_site":"@Arturo_Medina_G","twitter_misc":{"Escrito por":"Redacci\u00f3n","Tiempo de lectura":"1 minuto"},"schema":{"@context":"https:\/\/schema.org","@graph":[{"@type":"Article","@id":"https:\/\/nitu.mx\/index.php\/2025\/07\/15\/pricetravel-holding-anuncia-alianza-con-choice-hotels-international\/#article","isPartOf":{"@id":"https:\/\/nitu.mx\/index.php\/2025\/07\/15\/pricetravel-holding-anuncia-alianza-con-choice-hotels-international\/"},"author":{"name":"Redacci\u00f3n","@id":"https:\/\/nitu.mx\/#\/schema\/person\/4a28fe9bd65924f7c90623773daf1b0b"},"headline":"PriceTravel Holding anuncia alianza con Choice Hotels International","datePublished":"2025-07-16T04:23:17+00:00","dateModified":"2025-07-16T04:23:17+00:00","mainEntityOfPage":{"@id":"https:\/\/nitu.mx\/index.php\/2025\/07\/15\/pricetravel-holding-anuncia-alianza-con-choice-hotels-international\/"},"wordCount":307,"publisher":{"@id":"https:\/\/nitu.mx\/#\/schema\/person\/ae7a53426417292d3dd07b45a33e01bc"},"image":{"@id":"https:\/\/nitu.mx\/index.php\/2025\/07\/15\/pricetravel-holding-anuncia-alianza-con-choice-hotels-international\/#primaryimage"},"thumbnailUrl":"https:\/\/nitu.mx\/wp-content\/uploads\/2025\/07\/PriceTravel-Holding-alianza-Choice-Hotels.jpg","keywords":["alianza","Choice Hotels International","PriceTravel Holding","Rafael Durand","Ricardo Mondrag\u00f3n"],"articleSection":["Agencias de Viajes"],"inLanguage":"es-MX"},{"@type":"WebPage","@id":"https:\/\/nitu.mx\/index.php\/2025\/07\/15\/pricetravel-holding-anuncia-alianza-con-choice-hotels-international\/","url":"https:\/\/nitu.mx\/index.php\/2025\/07\/15\/pricetravel-holding-anuncia-alianza-con-choice-hotels-international\/","name":"PriceTravel Holding anuncia alianza con Choice Hotels International - Nitu - Noticias de la Industria Turistica","isPartOf":{"@id":"https:\/\/nitu.mx\/#website"},"primaryImageOfPage":{"@id":"https:\/\/nitu.mx\/index.php\/2025\/07\/15\/pricetravel-holding-anuncia-alianza-con-choice-hotels-international\/#primaryimage"},"image":{"@id":"https:\/\/nitu.mx\/index.php\/2025\/07\/15\/pricetravel-holding-anuncia-alianza-con-choice-hotels-international\/#primaryimage"},"thumbnailUrl":"https:\/\/nitu.mx\/wp-content\/uploads\/2025\/07\/PriceTravel-Holding-alianza-Choice-Hotels.jpg","datePublished":"2025-07-16T04:23:17+00:00","dateModified":"2025-07-16T04:23:17+00:00","breadcrumb":{"@id":"https:\/\/nitu.mx\/index.php\/2025\/07\/15\/pricetravel-holding-anuncia-alianza-con-choice-hotels-international\/#breadcrumb"},"inLanguage":"es-MX","potentialAction":[{"@type":"ReadAction","target":["https:\/\/nitu.mx\/index.php\/2025\/07\/15\/pricetravel-holding-anuncia-alianza-con-choice-hotels-international\/"]}]},{"@type":"ImageObject","inLanguage":"es-MX","@id":"https:\/\/nitu.mx\/index.php\/2025\/07\/15\/pricetravel-holding-anuncia-alianza-con-choice-hotels-international\/#primaryimage","url":"https:\/\/nitu.mx\/wp-content\/uploads\/2025\/07\/PriceTravel-Holding-alianza-Choice-Hotels.jpg","contentUrl":"https:\/\/nitu.mx\/wp-content\/uploads\/2025\/07\/PriceTravel-Holding-alianza-Choice-Hotels.jpg","width":1200,"height":675,"caption":"PriceTravel Holding alianza Choice Hotels"},{"@type":"BreadcrumbList","@id":"https:\/\/nitu.mx\/index.php\/2025\/07\/15\/pricetravel-holding-anuncia-alianza-con-choice-hotels-international\/#breadcrumb","itemListElement":[{"@type":"ListItem","position":1,"name":"Inicio","item":"https:\/\/nitu.mx\/"},{"@type":"ListItem","position":2,"name":"PriceTravel Holding anuncia alianza con Choice Hotels International"}]},{"@type":"WebSite","@id":"https:\/\/nitu.mx\/#website","url":"https:\/\/nitu.mx\/","name":"Nitu - Noticias de la Industria Turistica","description":"Noticias de la Industria Turistica","publisher":{"@id":"https:\/\/nitu.mx\/#\/schema\/person\/ae7a53426417292d3dd07b45a33e01bc"},"alternateName":"Noticias de la Industria Turistica","potentialAction":[{"@type":"SearchAction","target":{"@type":"EntryPoint","urlTemplate":"https:\/\/nitu.mx\/?s={search_term_string}"},"query-input":"required name=search_term_string"}],"inLanguage":"es-MX"},{"@type":["Person","Organization"],"@id":"https:\/\/nitu.mx\/#\/schema\/person\/ae7a53426417292d3dd07b45a33e01bc","name":"Arturo Medina","image":{"@type":"ImageObject","inLanguage":"es-MX","@id":"https:\/\/nitu.mx\/#\/schema\/person\/image\/","url":"https:\/\/nitu.mx\/wp-content\/uploads\/2024\/04\/4A315622-1904-4D5C-B022-878CDC840E04-90x90-1.jpeg","contentUrl":"https:\/\/nitu.mx\/wp-content\/uploads\/2024\/04\/4A315622-1904-4D5C-B022-878CDC840E04-90x90-1.jpeg","width":90,"height":90,"caption":"Arturo Medina"},"logo":{"@id":"https:\/\/nitu.mx\/#\/schema\/person\/image\/"},"description":"Director NITU.mx, Egresado de la Escuela de Periodismo Carlos Septi\u00e9n Garc\u00eda. Periodista y analista especializado en turismo desde hace 35 a\u00f1os, radicado en Canc\u00fan Q.Roo. arturo@nitu.mx","sameAs":["https:\/\/nitu.mx","https:\/\/www.facebook.com\/NITUmx\/","medinacancun","https:\/\/twitter.com\/@Arturo_Medina_G"]},{"@type":"Person","@id":"https:\/\/nitu.mx\/#\/schema\/person\/4a28fe9bd65924f7c90623773daf1b0b","name":"Redacci\u00f3n","image":{"@type":"ImageObject","inLanguage":"es-MX","@id":"https:\/\/nitu.mx\/#\/schema\/person\/image\/","url":"https:\/\/secure.gravatar.com\/avatar\/5dd011c8ccfc5cd7e4c81e42252aab38?s=96&d=mm&r=g","contentUrl":"https:\/\/secure.gravatar.com\/avatar\/5dd011c8ccfc5cd7e4c81e42252aab38?s=96&d=mm&r=g","caption":"Redacci\u00f3n"},"url":"https:\/\/nitu.mx\/index.php\/author\/redaccion\/"}]}},"views":783,"_links":{"self":[{"href":"https:\/\/nitu.mx\/index.php\/wp-json\/wp\/v2\/posts\/82307"}],"collection":[{"href":"https:\/\/nitu.mx\/index.php\/wp-json\/wp\/v2\/posts"}],"about":[{"href":"https:\/\/nitu.mx\/index.php\/wp-json\/wp\/v2\/types\/post"}],"author":[{"embeddable":true,"href":"https:\/\/nitu.mx\/index.php\/wp-json\/wp\/v2\/users\/17"}],"replies":[{"embeddable":true,"href":"https:\/\/nitu.mx\/index.php\/wp-json\/wp\/v2\/comments?post=82307"}],"version-history":[{"count":1,"href":"https:\/\/nitu.mx\/index.php\/wp-json\/wp\/v2\/posts\/82307\/revisions"}],"predecessor-version":[{"id":82310,"href":"https:\/\/nitu.mx\/index.php\/wp-json\/wp\/v2\/posts\/82307\/revisions\/82310"}],"wp:featuredmedia":[{"embeddable":true,"href":"https:\/\/nitu.mx\/index.php\/wp-json\/wp\/v2\/media\/82309"}],"wp:attachment":[{"href":"https:\/\/nitu.mx\/index.php\/wp-json\/wp\/v2\/media?parent=82307"}],"wp:term":[{"taxonomy":"category","embeddable":true,"href":"https:\/\/nitu.mx\/index.php\/wp-json\/wp\/v2\/categories?post=82307"},{"taxonomy":"post_tag","embeddable":true,"href":"https:\/\/nitu.mx\/index.php\/wp-json\/wp\/v2\/tags?post=82307"}],"curies":[{"name":"wp","href":"https:\/\/api.w.org\/{rel}","templated":true}]}}