{"id":82274,"date":"2025-07-13T22:33:38","date_gmt":"2025-07-14T04:33:38","guid":{"rendered":"https:\/\/nitu.mx\/?p=82274"},"modified":"2025-07-13T22:33:39","modified_gmt":"2025-07-14T04:33:39","slug":"evita-fraudes-y-viaja-con-tranquilidad-nueva-campana-de-sectur-y-profeco","status":"publish","type":"post","link":"https:\/\/nitu.mx\/index.php\/2025\/07\/13\/evita-fraudes-y-viaja-con-tranquilidad-nueva-campana-de-sectur-y-profeco\/","title":{"rendered":"Evita fraudes y viaja con tranquilidad, nueva campa\u00f1a de Sectur y Profeco"},"content":{"rendered":"\n<p>La Secretar\u00eda de Turismo federal (Sectur) y la Procuradur\u00eda Federal del Consumidor (Profeco) presentaron la campa\u00f1a de prevenci\u00f3n\u00a0<strong>Evita fraudes y viaja con tranquilidad<\/strong>\u00a0para el periodo vacacional de verano 2025.<\/p>\n\n\n\n<p>En este tenor, la titular de Sectur, Josefina Rodr\u00edguez Zamora, y el procurador federal del Consumidor, Iv\u00e1n Escalante Ruiz, hicieron un respetuoso exhorto al p\u00fablico para tener en cuenta las siguientes recomendaciones, antes de adquirir servicios tur\u00edsticos como vuelos, hoteles, tours o gu\u00edas, en agencias de viaje f\u00edsicas y digitales.<\/p>\n\n\n\n<p>\u25cf&nbsp;&nbsp;&nbsp;&nbsp;&nbsp;&nbsp;&nbsp;&nbsp;Tener cuidado con las agencias fantasma, ofrecen paquetes atractivos y a precios muy bajos.<\/p>\n\n\n\n<p>\u25cf\u00a0\u00a0\u00a0\u00a0\u00a0\u00a0\u00a0\u00a0Comprobar que la agencia est\u00e9 incorporada en el Registro Nacional de Turismo (RNT)\u00a0<a rel=\"noreferrer noopener\" href=\"https:\/\/www.gob.mx\/sectur\/articulos\/registro-nacional-de-turismo-25058\" target=\"_blank\">https:\/\/www.gob.mx\/sectur\/articulos\/registro-nacional-de-turismo-25058<\/a>.<\/p>\n\n\n\n<p>\u25cf&nbsp;&nbsp;&nbsp;&nbsp;&nbsp;&nbsp;&nbsp;&nbsp;Consultar en el Bur\u00f3 Comercial si la agencia tiene quejas&nbsp;&nbsp;<a href=\"https:\/\/burocomercial.profeco.gob.mx\/\" target=\"_blank\" rel=\"noreferrer noopener\">https:\/\/burocomercial.profeco.gob.mx\/<\/a>.<\/p>\n\n\n\n<p>\u25cf&nbsp;&nbsp;&nbsp;&nbsp;&nbsp;&nbsp;&nbsp;&nbsp;Verificar que los precios est\u00e9n a la vista y en moneda nacional.<\/p>\n\n\n\n<p>Asimismo, invitaron a las y los viajeros a seguir las siguientes recomendaciones previo al inicio de sus viajes:<\/p>\n\n\n\n<p>\u25cf&nbsp;&nbsp;&nbsp;&nbsp;&nbsp;&nbsp;&nbsp;&nbsp;Planear sus gastos y actividades.<\/p>\n\n\n\n<p>\u25cf&nbsp;&nbsp;&nbsp;&nbsp;&nbsp;&nbsp;&nbsp;&nbsp;Hacer con antelaci\u00f3n las reservaciones de hospedaje, transporte o contrataci\u00f3n de paseos.<\/p>\n\n\n\n<p>\u25cf&nbsp;&nbsp;&nbsp;&nbsp;&nbsp;&nbsp;&nbsp;&nbsp;Tener a la mano documentos oficiales.<\/p>\n\n\n\n<p>\u25cf&nbsp;&nbsp;&nbsp;&nbsp;&nbsp;&nbsp;&nbsp;&nbsp;Llevar el carro a revisi\u00f3n, en caso de que el viaje sea por carretera.<\/p>\n\n\n\n<p>Rodr\u00edguez Zamora expuso que el RNT, disponible en l\u00ednea y de acceso gratuito, es el cat\u00e1logo p\u00fablico oficial de prestadores de servicios tur\u00edsticos en M\u00e9xico, y brinda certidumbre a las y los turistas al hacer su compra.<\/p>\n\n\n\n<p>Record\u00f3 que para este periodo vacacional se espera una derrama econ\u00f3mica de 818 mil 208 millones de pesos (mdp) por consumo tur\u00edstico y un flujo de 48 millones 348 mil turistas, a quienes record\u00f3 que, en caso de incumplimiento de alg\u00fan proveedor:<\/p>\n\n\n\n<p>\u25cf&nbsp;&nbsp;&nbsp;&nbsp;&nbsp;&nbsp;&nbsp;&nbsp;Pueden acudir a la Oficina de Defensa del Consumidor de Profeco m\u00e1s cercana a su domicilio, hay 38 en todo el pa\u00eds.<\/p>\n\n\n\n<p>\u25cf&nbsp;&nbsp;&nbsp;&nbsp;&nbsp;&nbsp;&nbsp;&nbsp;Comunicarse al Tel\u00e9fono del Consumidor 55 5568 8722 o al 800 468 8722, de lunes a viernes de 09:00 a 19:00 horas; s\u00e1bados, domingos y d\u00edas festivos de 10:00 a 18:00 horas.<\/p>\n\n\n\n<p>\u25cf&nbsp;&nbsp;&nbsp;&nbsp;&nbsp;&nbsp;&nbsp;&nbsp;Por medio de redes sociales X:&nbsp;<a href=\"https:\/\/x.com\/atencionprofeco?lang=es\" target=\"_blank\" rel=\"noreferrer noopener\">@AtencionProfeco<\/a>&nbsp;y&nbsp;<a href=\"https:\/\/x.com\/Profeco\" target=\"_blank\" rel=\"noreferrer noopener\">@Profeco<\/a>, y Facebook:&nbsp;<a href=\"https:\/\/www.facebook.com\/ProfecoOficial\" target=\"_blank\" rel=\"noreferrer noopener\">ProfecoOficial<\/a>.<\/p>\n\n\n\n<p>\u25cf&nbsp;&nbsp;&nbsp;&nbsp;&nbsp;&nbsp;&nbsp;&nbsp;Denunciar p\u00e1ginas web sospechas en&nbsp;<a href=\"https:\/\/www.gob.mx\/gncertmx\" target=\"_blank\" rel=\"noreferrer noopener\">https:\/\/www.gob.mx\/gncertmx<\/a><\/p>\n\n\n\n<p>Por su parte, Escalante Ruiz record\u00f3 que es muy importante que las personas consumidoras conozcan sus derechos frente a las y los proveedores de servicios de transporte, hospedaje, restaurantes y centros de esparcimiento.<\/p>\n\n\n<div class=\"wp-block-image\">\n<figure class=\"aligncenter size-full is-resized\"><img decoding=\"async\" loading=\"lazy\" width=\"675\" height=\"674\" src=\"https:\/\/nitu.mx\/wp-content\/uploads\/2025\/07\/Sectur-y-Profeco-campana-fraudes-2.jpg\" alt=\"\" class=\"wp-image-82276\" style=\"aspect-ratio:1.0014836795252227;width:711px;height:auto\" srcset=\"https:\/\/nitu.mx\/wp-content\/uploads\/2025\/07\/Sectur-y-Profeco-campana-fraudes-2.jpg 675w, https:\/\/nitu.mx\/wp-content\/uploads\/2025\/07\/Sectur-y-Profeco-campana-fraudes-2-300x300.jpg 300w, https:\/\/nitu.mx\/wp-content\/uploads\/2025\/07\/Sectur-y-Profeco-campana-fraudes-2-150x150.jpg 150w, https:\/\/nitu.mx\/wp-content\/uploads\/2025\/07\/Sectur-y-Profeco-campana-fraudes-2-65x65.jpg 65w\" sizes=\"(max-width: 675px) 100vw, 675px\" \/><\/figure><\/div>\n\n\n<p>Resalt\u00f3 que el consumidor tiene siete derechos b\u00e1sicos: derecho a la informaci\u00f3n, a la educaci\u00f3n, a elegir, a la seguridad y calidad, a no ser discriminada o discriminado, a la compensaci\u00f3n y a la protecci\u00f3n.<\/p>\n\n\n\n<p>Subray\u00f3 que, si alguna agencia de viajes o proveedor de productos o servicios tur\u00edsticos, incumple lo que ofrece, las personas consumidoras pueden acudir a la Oficina de Defensa del Consumidor de Profeco m\u00e1s cercana a su domicilio. (<a href=\"https:\/\/nitu.mx\/index.php\/2025\/03\/19\/quintana-roo-refuerza-regulacion-turistica-y-estrategias-contra-fraudes-en-linea\/\">Quintana Roo refuerza regulaci\u00f3n tur\u00edstica y estrategias contra fraudes en l\u00ednea<\/a>).<\/p>\n","protected":false},"excerpt":{"rendered":"<p>La Secretar\u00eda de Turismo federal (Sectur) y la Procuradur\u00eda Federal del Consumidor (Profeco) presentaron la campa\u00f1a de prevenci\u00f3n\u00a0Evita fraudes y viaja con tranquilidad\u00a0para el periodo vacacional de verano 2025. En este tenor, la titular de Sectur, Josefina Rodr\u00edguez Zamora, y el procurador federal del Consumidor, Iv\u00e1n Escalante Ruiz, hicieron un respetuoso exhorto al p\u00fablico para [&hellip;]<\/p>\n","protected":false},"author":17,"featured_media":82277,"comment_status":"closed","ping_status":"closed","sticky":false,"template":"","format":"standard","meta":{"footnotes":""},"categories":[12],"tags":[4090,25659,31,22362,93],"yoast_head":"<!-- This site is optimized with the Yoast SEO plugin v22.2 - https:\/\/yoast.com\/wordpress\/plugins\/seo\/ -->\n<title>Evita fraudes y viaja con tranquilidad, nueva campa\u00f1a de Sectur y Profeco - Nitu - Noticias de la Industria Turistica<\/title>\n<meta name=\"robots\" content=\"index, follow, max-snippet:-1, max-image-preview:large, max-video-preview:-1\" \/>\n<link rel=\"canonical\" href=\"https:\/\/nitu.mx\/index.php\/2025\/07\/13\/evita-fraudes-y-viaja-con-tranquilidad-nueva-campana-de-sectur-y-profeco\/\" \/>\n<meta name=\"twitter:card\" content=\"summary_large_image\" \/>\n<meta name=\"twitter:title\" content=\"Evita fraudes y viaja con tranquilidad, nueva campa\u00f1a de Sectur y Profeco - Nitu - Noticias de la Industria Turistica\" \/>\n<meta name=\"twitter:description\" content=\"La Secretar\u00eda de Turismo federal (Sectur) y la Procuradur\u00eda Federal del Consumidor (Profeco) presentaron la campa\u00f1a de prevenci\u00f3n\u00a0Evita fraudes y viaja con tranquilidad\u00a0para el periodo vacacional de verano 2025. En este tenor, la titular de Sectur, Josefina Rodr\u00edguez Zamora, y el procurador federal del Consumidor, Iv\u00e1n Escalante Ruiz, hicieron un respetuoso exhorto al p\u00fablico para [&hellip;]\" \/>\n<meta name=\"twitter:image\" content=\"https:\/\/nitu.mx\/wp-content\/uploads\/2025\/07\/Sectur-y-Profeco-campana-fraudes.jpg\" \/>\n<meta name=\"twitter:creator\" content=\"@NITUmx\" \/>\n<meta name=\"twitter:site\" content=\"@Arturo_Medina_G\" \/>\n<meta name=\"twitter:label1\" content=\"Escrito por\" \/>\n\t<meta name=\"twitter:data1\" content=\"Redacci\u00f3n\" \/>\n\t<meta name=\"twitter:label2\" content=\"Tiempo de lectura\" \/>\n\t<meta name=\"twitter:data2\" content=\"3 minutos\" \/>\n<script type=\"application\/ld+json\" class=\"yoast-schema-graph\">{\"@context\":\"https:\/\/schema.org\",\"@graph\":[{\"@type\":\"Article\",\"@id\":\"https:\/\/nitu.mx\/index.php\/2025\/07\/13\/evita-fraudes-y-viaja-con-tranquilidad-nueva-campana-de-sectur-y-profeco\/#article\",\"isPartOf\":{\"@id\":\"https:\/\/nitu.mx\/index.php\/2025\/07\/13\/evita-fraudes-y-viaja-con-tranquilidad-nueva-campana-de-sectur-y-profeco\/\"},\"author\":{\"name\":\"Redacci\u00f3n\",\"@id\":\"https:\/\/nitu.mx\/#\/schema\/person\/4a28fe9bd65924f7c90623773daf1b0b\"},\"headline\":\"Evita fraudes y viaja con tranquilidad, nueva campa\u00f1a de Sectur y Profeco\",\"datePublished\":\"2025-07-14T04:33:38+00:00\",\"dateModified\":\"2025-07-14T04:33:39+00:00\",\"mainEntityOfPage\":{\"@id\":\"https:\/\/nitu.mx\/index.php\/2025\/07\/13\/evita-fraudes-y-viaja-con-tranquilidad-nueva-campana-de-sectur-y-profeco\/\"},\"wordCount\":599,\"publisher\":{\"@id\":\"https:\/\/nitu.mx\/#\/schema\/person\/ae7a53426417292d3dd07b45a33e01bc\"},\"image\":{\"@id\":\"https:\/\/nitu.mx\/index.php\/2025\/07\/13\/evita-fraudes-y-viaja-con-tranquilidad-nueva-campana-de-sectur-y-profeco\/#primaryimage\"},\"thumbnailUrl\":\"https:\/\/nitu.mx\/wp-content\/uploads\/2025\/07\/Sectur-y-Profeco-campana-fraudes.jpg\",\"keywords\":[\"fraudes\",\"Josefina Rodr\u00edguez\",\"Profeco\",\"RNT\",\"Sectur\"],\"articleSection\":[\"Marketing\"],\"inLanguage\":\"es-MX\"},{\"@type\":\"WebPage\",\"@id\":\"https:\/\/nitu.mx\/index.php\/2025\/07\/13\/evita-fraudes-y-viaja-con-tranquilidad-nueva-campana-de-sectur-y-profeco\/\",\"url\":\"https:\/\/nitu.mx\/index.php\/2025\/07\/13\/evita-fraudes-y-viaja-con-tranquilidad-nueva-campana-de-sectur-y-profeco\/\",\"name\":\"Evita fraudes y viaja con tranquilidad, nueva campa\u00f1a de Sectur y Profeco - Nitu - Noticias de la Industria Turistica\",\"isPartOf\":{\"@id\":\"https:\/\/nitu.mx\/#website\"},\"primaryImageOfPage\":{\"@id\":\"https:\/\/nitu.mx\/index.php\/2025\/07\/13\/evita-fraudes-y-viaja-con-tranquilidad-nueva-campana-de-sectur-y-profeco\/#primaryimage\"},\"image\":{\"@id\":\"https:\/\/nitu.mx\/index.php\/2025\/07\/13\/evita-fraudes-y-viaja-con-tranquilidad-nueva-campana-de-sectur-y-profeco\/#primaryimage\"},\"thumbnailUrl\":\"https:\/\/nitu.mx\/wp-content\/uploads\/2025\/07\/Sectur-y-Profeco-campana-fraudes.jpg\",\"datePublished\":\"2025-07-14T04:33:38+00:00\",\"dateModified\":\"2025-07-14T04:33:39+00:00\",\"breadcrumb\":{\"@id\":\"https:\/\/nitu.mx\/index.php\/2025\/07\/13\/evita-fraudes-y-viaja-con-tranquilidad-nueva-campana-de-sectur-y-profeco\/#breadcrumb\"},\"inLanguage\":\"es-MX\",\"potentialAction\":[{\"@type\":\"ReadAction\",\"target\":[\"https:\/\/nitu.mx\/index.php\/2025\/07\/13\/evita-fraudes-y-viaja-con-tranquilidad-nueva-campana-de-sectur-y-profeco\/\"]}]},{\"@type\":\"ImageObject\",\"inLanguage\":\"es-MX\",\"@id\":\"https:\/\/nitu.mx\/index.php\/2025\/07\/13\/evita-fraudes-y-viaja-con-tranquilidad-nueva-campana-de-sectur-y-profeco\/#primaryimage\",\"url\":\"https:\/\/nitu.mx\/wp-content\/uploads\/2025\/07\/Sectur-y-Profeco-campana-fraudes.jpg\",\"contentUrl\":\"https:\/\/nitu.mx\/wp-content\/uploads\/2025\/07\/Sectur-y-Profeco-campana-fraudes.jpg\",\"width\":675,\"height\":674,\"caption\":\"Sectur y Profeco campa\u00f1a fraudes\"},{\"@type\":\"BreadcrumbList\",\"@id\":\"https:\/\/nitu.mx\/index.php\/2025\/07\/13\/evita-fraudes-y-viaja-con-tranquilidad-nueva-campana-de-sectur-y-profeco\/#breadcrumb\",\"itemListElement\":[{\"@type\":\"ListItem\",\"position\":1,\"name\":\"Inicio\",\"item\":\"https:\/\/nitu.mx\/\"},{\"@type\":\"ListItem\",\"position\":2,\"name\":\"Evita fraudes y viaja con tranquilidad, nueva campa\u00f1a de Sectur y Profeco\"}]},{\"@type\":\"WebSite\",\"@id\":\"https:\/\/nitu.mx\/#website\",\"url\":\"https:\/\/nitu.mx\/\",\"name\":\"Nitu - Noticias de la Industria Turistica\",\"description\":\"Noticias de la Industria Turistica\",\"publisher\":{\"@id\":\"https:\/\/nitu.mx\/#\/schema\/person\/ae7a53426417292d3dd07b45a33e01bc\"},\"alternateName\":\"Noticias de la Industria Turistica\",\"potentialAction\":[{\"@type\":\"SearchAction\",\"target\":{\"@type\":\"EntryPoint\",\"urlTemplate\":\"https:\/\/nitu.mx\/?s={search_term_string}\"},\"query-input\":\"required name=search_term_string\"}],\"inLanguage\":\"es-MX\"},{\"@type\":[\"Person\",\"Organization\"],\"@id\":\"https:\/\/nitu.mx\/#\/schema\/person\/ae7a53426417292d3dd07b45a33e01bc\",\"name\":\"Arturo Medina\",\"image\":{\"@type\":\"ImageObject\",\"inLanguage\":\"es-MX\",\"@id\":\"https:\/\/nitu.mx\/#\/schema\/person\/image\/\",\"url\":\"https:\/\/nitu.mx\/wp-content\/uploads\/2024\/04\/4A315622-1904-4D5C-B022-878CDC840E04-90x90-1.jpeg\",\"contentUrl\":\"https:\/\/nitu.mx\/wp-content\/uploads\/2024\/04\/4A315622-1904-4D5C-B022-878CDC840E04-90x90-1.jpeg\",\"width\":90,\"height\":90,\"caption\":\"Arturo Medina\"},\"logo\":{\"@id\":\"https:\/\/nitu.mx\/#\/schema\/person\/image\/\"},\"description\":\"Director NITU.mx, Egresado de la Escuela de Periodismo Carlos Septi\u00e9n Garc\u00eda. Periodista y analista especializado en turismo desde hace 35 a\u00f1os, radicado en Canc\u00fan Q.Roo. arturo@nitu.mx\",\"sameAs\":[\"https:\/\/nitu.mx\",\"https:\/\/www.facebook.com\/NITUmx\/\",\"medinacancun\",\"https:\/\/twitter.com\/@Arturo_Medina_G\"]},{\"@type\":\"Person\",\"@id\":\"https:\/\/nitu.mx\/#\/schema\/person\/4a28fe9bd65924f7c90623773daf1b0b\",\"name\":\"Redacci\u00f3n\",\"image\":{\"@type\":\"ImageObject\",\"inLanguage\":\"es-MX\",\"@id\":\"https:\/\/nitu.mx\/#\/schema\/person\/image\/\",\"url\":\"https:\/\/secure.gravatar.com\/avatar\/5dd011c8ccfc5cd7e4c81e42252aab38?s=96&d=mm&r=g\",\"contentUrl\":\"https:\/\/secure.gravatar.com\/avatar\/5dd011c8ccfc5cd7e4c81e42252aab38?s=96&d=mm&r=g\",\"caption\":\"Redacci\u00f3n\"},\"url\":\"https:\/\/nitu.mx\/index.php\/author\/redaccion\/\"}]}<\/script>\n<!-- \/ Yoast SEO plugin. -->","yoast_head_json":{"title":"Evita fraudes y viaja con tranquilidad, nueva campa\u00f1a de Sectur y Profeco - Nitu - Noticias de la Industria Turistica","robots":{"index":"index","follow":"follow","max-snippet":"max-snippet:-1","max-image-preview":"max-image-preview:large","max-video-preview":"max-video-preview:-1"},"canonical":"https:\/\/nitu.mx\/index.php\/2025\/07\/13\/evita-fraudes-y-viaja-con-tranquilidad-nueva-campana-de-sectur-y-profeco\/","twitter_card":"summary_large_image","twitter_title":"Evita fraudes y viaja con tranquilidad, nueva campa\u00f1a de Sectur y Profeco - Nitu - Noticias de la Industria Turistica","twitter_description":"La Secretar\u00eda de Turismo federal (Sectur) y la Procuradur\u00eda Federal del Consumidor (Profeco) presentaron la campa\u00f1a de prevenci\u00f3n\u00a0Evita fraudes y viaja con tranquilidad\u00a0para el periodo vacacional de verano 2025. En este tenor, la titular de Sectur, Josefina Rodr\u00edguez Zamora, y el procurador federal del Consumidor, Iv\u00e1n Escalante Ruiz, hicieron un respetuoso exhorto al p\u00fablico para [&hellip;]","twitter_image":"https:\/\/nitu.mx\/wp-content\/uploads\/2025\/07\/Sectur-y-Profeco-campana-fraudes.jpg","twitter_creator":"@NITUmx","twitter_site":"@Arturo_Medina_G","twitter_misc":{"Escrito por":"Redacci\u00f3n","Tiempo de lectura":"3 minutos"},"schema":{"@context":"https:\/\/schema.org","@graph":[{"@type":"Article","@id":"https:\/\/nitu.mx\/index.php\/2025\/07\/13\/evita-fraudes-y-viaja-con-tranquilidad-nueva-campana-de-sectur-y-profeco\/#article","isPartOf":{"@id":"https:\/\/nitu.mx\/index.php\/2025\/07\/13\/evita-fraudes-y-viaja-con-tranquilidad-nueva-campana-de-sectur-y-profeco\/"},"author":{"name":"Redacci\u00f3n","@id":"https:\/\/nitu.mx\/#\/schema\/person\/4a28fe9bd65924f7c90623773daf1b0b"},"headline":"Evita fraudes y viaja con tranquilidad, nueva campa\u00f1a de Sectur y Profeco","datePublished":"2025-07-14T04:33:38+00:00","dateModified":"2025-07-14T04:33:39+00:00","mainEntityOfPage":{"@id":"https:\/\/nitu.mx\/index.php\/2025\/07\/13\/evita-fraudes-y-viaja-con-tranquilidad-nueva-campana-de-sectur-y-profeco\/"},"wordCount":599,"publisher":{"@id":"https:\/\/nitu.mx\/#\/schema\/person\/ae7a53426417292d3dd07b45a33e01bc"},"image":{"@id":"https:\/\/nitu.mx\/index.php\/2025\/07\/13\/evita-fraudes-y-viaja-con-tranquilidad-nueva-campana-de-sectur-y-profeco\/#primaryimage"},"thumbnailUrl":"https:\/\/nitu.mx\/wp-content\/uploads\/2025\/07\/Sectur-y-Profeco-campana-fraudes.jpg","keywords":["fraudes","Josefina Rodr\u00edguez","Profeco","RNT","Sectur"],"articleSection":["Marketing"],"inLanguage":"es-MX"},{"@type":"WebPage","@id":"https:\/\/nitu.mx\/index.php\/2025\/07\/13\/evita-fraudes-y-viaja-con-tranquilidad-nueva-campana-de-sectur-y-profeco\/","url":"https:\/\/nitu.mx\/index.php\/2025\/07\/13\/evita-fraudes-y-viaja-con-tranquilidad-nueva-campana-de-sectur-y-profeco\/","name":"Evita fraudes y viaja con tranquilidad, nueva campa\u00f1a de Sectur y Profeco - Nitu - Noticias de la Industria Turistica","isPartOf":{"@id":"https:\/\/nitu.mx\/#website"},"primaryImageOfPage":{"@id":"https:\/\/nitu.mx\/index.php\/2025\/07\/13\/evita-fraudes-y-viaja-con-tranquilidad-nueva-campana-de-sectur-y-profeco\/#primaryimage"},"image":{"@id":"https:\/\/nitu.mx\/index.php\/2025\/07\/13\/evita-fraudes-y-viaja-con-tranquilidad-nueva-campana-de-sectur-y-profeco\/#primaryimage"},"thumbnailUrl":"https:\/\/nitu.mx\/wp-content\/uploads\/2025\/07\/Sectur-y-Profeco-campana-fraudes.jpg","datePublished":"2025-07-14T04:33:38+00:00","dateModified":"2025-07-14T04:33:39+00:00","breadcrumb":{"@id":"https:\/\/nitu.mx\/index.php\/2025\/07\/13\/evita-fraudes-y-viaja-con-tranquilidad-nueva-campana-de-sectur-y-profeco\/#breadcrumb"},"inLanguage":"es-MX","potentialAction":[{"@type":"ReadAction","target":["https:\/\/nitu.mx\/index.php\/2025\/07\/13\/evita-fraudes-y-viaja-con-tranquilidad-nueva-campana-de-sectur-y-profeco\/"]}]},{"@type":"ImageObject","inLanguage":"es-MX","@id":"https:\/\/nitu.mx\/index.php\/2025\/07\/13\/evita-fraudes-y-viaja-con-tranquilidad-nueva-campana-de-sectur-y-profeco\/#primaryimage","url":"https:\/\/nitu.mx\/wp-content\/uploads\/2025\/07\/Sectur-y-Profeco-campana-fraudes.jpg","contentUrl":"https:\/\/nitu.mx\/wp-content\/uploads\/2025\/07\/Sectur-y-Profeco-campana-fraudes.jpg","width":675,"height":674,"caption":"Sectur y Profeco campa\u00f1a fraudes"},{"@type":"BreadcrumbList","@id":"https:\/\/nitu.mx\/index.php\/2025\/07\/13\/evita-fraudes-y-viaja-con-tranquilidad-nueva-campana-de-sectur-y-profeco\/#breadcrumb","itemListElement":[{"@type":"ListItem","position":1,"name":"Inicio","item":"https:\/\/nitu.mx\/"},{"@type":"ListItem","position":2,"name":"Evita fraudes y viaja con tranquilidad, nueva campa\u00f1a de Sectur y Profeco"}]},{"@type":"WebSite","@id":"https:\/\/nitu.mx\/#website","url":"https:\/\/nitu.mx\/","name":"Nitu - Noticias de la Industria Turistica","description":"Noticias de la Industria Turistica","publisher":{"@id":"https:\/\/nitu.mx\/#\/schema\/person\/ae7a53426417292d3dd07b45a33e01bc"},"alternateName":"Noticias de la Industria Turistica","potentialAction":[{"@type":"SearchAction","target":{"@type":"EntryPoint","urlTemplate":"https:\/\/nitu.mx\/?s={search_term_string}"},"query-input":"required name=search_term_string"}],"inLanguage":"es-MX"},{"@type":["Person","Organization"],"@id":"https:\/\/nitu.mx\/#\/schema\/person\/ae7a53426417292d3dd07b45a33e01bc","name":"Arturo Medina","image":{"@type":"ImageObject","inLanguage":"es-MX","@id":"https:\/\/nitu.mx\/#\/schema\/person\/image\/","url":"https:\/\/nitu.mx\/wp-content\/uploads\/2024\/04\/4A315622-1904-4D5C-B022-878CDC840E04-90x90-1.jpeg","contentUrl":"https:\/\/nitu.mx\/wp-content\/uploads\/2024\/04\/4A315622-1904-4D5C-B022-878CDC840E04-90x90-1.jpeg","width":90,"height":90,"caption":"Arturo Medina"},"logo":{"@id":"https:\/\/nitu.mx\/#\/schema\/person\/image\/"},"description":"Director NITU.mx, Egresado de la Escuela de Periodismo Carlos Septi\u00e9n Garc\u00eda. Periodista y analista especializado en turismo desde hace 35 a\u00f1os, radicado en Canc\u00fan Q.Roo. arturo@nitu.mx","sameAs":["https:\/\/nitu.mx","https:\/\/www.facebook.com\/NITUmx\/","medinacancun","https:\/\/twitter.com\/@Arturo_Medina_G"]},{"@type":"Person","@id":"https:\/\/nitu.mx\/#\/schema\/person\/4a28fe9bd65924f7c90623773daf1b0b","name":"Redacci\u00f3n","image":{"@type":"ImageObject","inLanguage":"es-MX","@id":"https:\/\/nitu.mx\/#\/schema\/person\/image\/","url":"https:\/\/secure.gravatar.com\/avatar\/5dd011c8ccfc5cd7e4c81e42252aab38?s=96&d=mm&r=g","contentUrl":"https:\/\/secure.gravatar.com\/avatar\/5dd011c8ccfc5cd7e4c81e42252aab38?s=96&d=mm&r=g","caption":"Redacci\u00f3n"},"url":"https:\/\/nitu.mx\/index.php\/author\/redaccion\/"}]}},"views":452,"_links":{"self":[{"href":"https:\/\/nitu.mx\/index.php\/wp-json\/wp\/v2\/posts\/82274"}],"collection":[{"href":"https:\/\/nitu.mx\/index.php\/wp-json\/wp\/v2\/posts"}],"about":[{"href":"https:\/\/nitu.mx\/index.php\/wp-json\/wp\/v2\/types\/post"}],"author":[{"embeddable":true,"href":"https:\/\/nitu.mx\/index.php\/wp-json\/wp\/v2\/users\/17"}],"replies":[{"embeddable":true,"href":"https:\/\/nitu.mx\/index.php\/wp-json\/wp\/v2\/comments?post=82274"}],"version-history":[{"count":1,"href":"https:\/\/nitu.mx\/index.php\/wp-json\/wp\/v2\/posts\/82274\/revisions"}],"predecessor-version":[{"id":82278,"href":"https:\/\/nitu.mx\/index.php\/wp-json\/wp\/v2\/posts\/82274\/revisions\/82278"}],"wp:featuredmedia":[{"embeddable":true,"href":"https:\/\/nitu.mx\/index.php\/wp-json\/wp\/v2\/media\/82277"}],"wp:attachment":[{"href":"https:\/\/nitu.mx\/index.php\/wp-json\/wp\/v2\/media?parent=82274"}],"wp:term":[{"taxonomy":"category","embeddable":true,"href":"https:\/\/nitu.mx\/index.php\/wp-json\/wp\/v2\/categories?post=82274"},{"taxonomy":"post_tag","embeddable":true,"href":"https:\/\/nitu.mx\/index.php\/wp-json\/wp\/v2\/tags?post=82274"}],"curies":[{"name":"wp","href":"https:\/\/api.w.org\/{rel}","templated":true}]}}