{"id":82083,"date":"2025-07-01T21:30:00","date_gmt":"2025-07-02T03:30:00","guid":{"rendered":"https:\/\/nitu.mx\/?p=82083"},"modified":"2025-07-01T21:35:35","modified_gmt":"2025-07-02T03:35:35","slug":"asetur-fortalece-su-relacion-con-aliados-estrategicos-para-impulsar-el-desarrollo-turistico-de-mexico","status":"publish","type":"post","link":"https:\/\/nitu.mx\/index.php\/2025\/07\/01\/asetur-fortalece-su-relacion-con-aliados-estrategicos-para-impulsar-el-desarrollo-turistico-de-mexico\/","title":{"rendered":"ASETUR fortalece su relaci\u00f3n con aliados estrat\u00e9gicos para impulsar el turismo de M\u00e9xico"},"content":{"rendered":"\n<p>El presidente de la Uni\u00f3n de Secretarias y Secretarios de Turismo de M\u00e9xico (ASETUR), Bernardo Cueto Riestra, encabez\u00f3 una reuni\u00f3n de trabajo con la Mesa Directiva de la Asociaci\u00f3n, en donde se fortaleci\u00f3 la relaci\u00f3n con los aliados estrat\u00e9gicos que contribuir\u00e1n a impulsar el desarrollo del sector tur\u00edstico de M\u00e9xico.<\/p>\n\n\n\n<p>En ese tenor, se present\u00f3 el trabajo coordinado con Global Nexus, como aliado en la estrategia para consolidar a M\u00e9xico como potencia tur\u00edstica internacional a trav\u00e9s de la colaboraci\u00f3n con importantes organismos internacionales. Como ejemplo, cabe destacar la relevante presencia de ASETUR en la reciente elecci\u00f3n de la Secretar\u00eda General de ONU Turismo.<\/p>\n\n\n\n<p>Cueto Riestra resalt\u00f3 tambi\u00e9n la importancia de estrechar los lazos con Estados Unidos como el principal mercado emisor de turistas internacionales hacia nuestro pa\u00eds, e indic\u00f3 que existe un inter\u00e9s del sector tur\u00edstico del pa\u00eds vecino, para trabajar en conjunto de cara a la Copa Mundial de la FIFA 2026, al ser anfitriones junto con Canad\u00e1; lo que representa una gran \u00e1rea de oportunidad para la industria de viajes en los tres pa\u00edses.<\/p>\n\n\n\n<p>As\u00ed mismo, se se\u00f1al\u00f3 que se trabaja en la estrategia para impulsar el turismo internacional de mercados clave de Latinoam\u00e9rica, como Colombia y Brasil, por mencionar algunos, en coordinaci\u00f3n con las autoridades del Gobierno de M\u00e9xico, y de ah\u00ed proyectar hacia Europa y el resto del mundo.<\/p>\n\n\n\n<p>Con Rub\u00e9n Olmos y Miren Berganza, CEO y vicepresidenta de Global Nexus, respectivamente, se analizaron las perspectivas globales del turismo, la visi\u00f3n estrat\u00e9gica para M\u00e9xico, especialmente su relaci\u00f3n con Estados Unidos, y destacaron la buena percepci\u00f3n que tiene nuestro pa\u00eds en el orbe como destino tur\u00edstico.<\/p>\n\n\n\n<p>Durante la reuni\u00f3n, realizada en modalidad h\u00edbrida (presencial\/virtual), el presidente de ASETUR subray\u00f3 tambi\u00e9n el estrecho v\u00ednculo con el Banco Interamericano de Desarrollo (BID) con el que se exploran oportunidades de colaboraci\u00f3n para fortalecer la infraestructura tur\u00edstica, la digitalizaci\u00f3n y la capacitaci\u00f3n, entre otros temas, a trav\u00e9s de sinergias con el Gobierno de M\u00e9xico.<\/p>\n\n\n\n<p>Con Irasema Infante Barbosa, especialista l\u00edder de Sector para la Unidad de Integraci\u00f3n del BID, se puntualizaron parte de las acciones emprendidas como el impulso a la innovaci\u00f3n, la competitividad, el desarrollo rural, la formaci\u00f3n de talento y particularmente lo que se trabaja con Acapulco en temas de infraestructura y el manejo sustentable del destino; adem\u00e1s del aprovechamiento que puede obtenerse de la llegada de turistas que asistir\u00e1n a la Copa Mundial de la FIFA 2026.<\/p>\n\n\n<div class=\"wp-block-image\">\n<figure class=\"alignleft size-large is-resized\"><img decoding=\"async\" loading=\"lazy\" width=\"1024\" height=\"576\" src=\"https:\/\/nitu.mx\/wp-content\/uploads\/2025\/07\/Asetur-alianzas-estrategicas-2-1024x576.jpg\" alt=\"\" class=\"wp-image-82085\" style=\"aspect-ratio:1.7777777777777777;width:578px;height:auto\" srcset=\"https:\/\/nitu.mx\/wp-content\/uploads\/2025\/07\/Asetur-alianzas-estrategicas-2-1024x576.jpg 1024w, https:\/\/nitu.mx\/wp-content\/uploads\/2025\/07\/Asetur-alianzas-estrategicas-2-300x168.jpg 300w, https:\/\/nitu.mx\/wp-content\/uploads\/2025\/07\/Asetur-alianzas-estrategicas-2-768x432.jpg 768w, https:\/\/nitu.mx\/wp-content\/uploads\/2025\/07\/Asetur-alianzas-estrategicas-2-990x557.jpg 990w, https:\/\/nitu.mx\/wp-content\/uploads\/2025\/07\/Asetur-alianzas-estrategicas-2-470x264.jpg 470w, https:\/\/nitu.mx\/wp-content\/uploads\/2025\/07\/Asetur-alianzas-estrategicas-2-640x360.jpg 640w, https:\/\/nitu.mx\/wp-content\/uploads\/2025\/07\/Asetur-alianzas-estrategicas-2-215x120.jpg 215w, https:\/\/nitu.mx\/wp-content\/uploads\/2025\/07\/Asetur-alianzas-estrategicas-2-414x232.jpg 414w, https:\/\/nitu.mx\/wp-content\/uploads\/2025\/07\/Asetur-alianzas-estrategicas-2.jpg 1200w\" sizes=\"(max-width: 1024px) 100vw, 1024px\" \/><\/figure><\/div>\n\n\n<p>Cueto Riestra reiter\u00f3 el compromiso de la Asociaci\u00f3n para hacer el acompa\u00f1amiento a los proyectos que lleva a cabo el BID en coordinaci\u00f3n con la Secretar\u00eda de Turismo del Gobierno de M\u00e9xico, encabezada por Josefina Rodr\u00edguez Zamora.<\/p>\n\n\n\n<p>Destac\u00f3 la importancia de los esfuerzos articulares y alineales desde ASETUR con estas acciones para trabajar estrechamente con las 32 entidades federativas en los aspectos que corresponden a los gobiernos estatales.<\/p>\n\n\n\n<p>El presidente de ASETUR precis\u00f3 que las encaminadas con estos organismos y las autoridades federales forman parte del plan de acciones de trabajo de la actual Mesa Directiva, organizada bajo las cinco nuevas Comisiones: Promoci\u00f3n, Competitividad, Conectividad, Sustentabilidad y Protecci\u00f3n al Turista.<\/p>\n\n\n\n<p>\u201cEn ASETUR hay gran unidad entre las 32 secretar\u00edas y secretarios de Turismo, quienes estamos trabajando en la agenda para que el turismo sea prioridad nacional, al ser un motor de desarrollo econ\u00f3mico y social que beneficia directamente en las comunidades\u201d, concluy\u00f3.<\/p>\n\n\n\n<p>En esta reuni\u00f3n tambi\u00e9n participaron, la secretaria de Turismo de Nuevo Le\u00f3n, Maricarmen Mart\u00ednez Villarreal; los subsecretarios de Turismo de Sonora, Eugenio Aguirre Maldonado; de Durango, Olivia Margarita Fern\u00e1ndez; as\u00ed como los representantes de las Secretar\u00edas de Turismo de Quer\u00e9taro y Michoac\u00e1n, entre otros. (<a href=\"https:\/\/nitu.mx\/index.php\/2025\/06\/12\/asetur-traza-ruta-para-colocar-a-mexico-en-el-top-5-del-turismo-mundial\/\">ASETUR traza ruta para colocar a M\u00e9xico en el Top 5 del turismo mundial<\/a>).<\/p>\n","protected":false},"excerpt":{"rendered":"<p>El presidente de la Uni\u00f3n de Secretarias y Secretarios de Turismo de M\u00e9xico (ASETUR), Bernardo Cueto Riestra, encabez\u00f3 una reuni\u00f3n de trabajo con la Mesa Directiva de la Asociaci\u00f3n, en donde se fortaleci\u00f3 la relaci\u00f3n con los aliados estrat\u00e9gicos que contribuir\u00e1n a impulsar el desarrollo del sector tur\u00edstico de M\u00e9xico. En ese tenor, se present\u00f3 [&hellip;]<\/p>\n","protected":false},"author":17,"featured_media":82086,"comment_status":"closed","ping_status":"closed","sticky":false,"template":"","format":"standard","meta":{"footnotes":""},"categories":[12],"tags":[1118,13931,27526,27528,24717],"yoast_head":"<!-- This site is optimized with the Yoast SEO plugin v22.2 - https:\/\/yoast.com\/wordpress\/plugins\/seo\/ -->\n<title>ASETUR fortalece su relaci\u00f3n con aliados estrat\u00e9gicos para impulsar el turismo de M\u00e9xico - Nitu - Noticias de la Industria Turistica<\/title>\n<meta name=\"robots\" content=\"index, follow, max-snippet:-1, max-image-preview:large, max-video-preview:-1\" \/>\n<link rel=\"canonical\" href=\"https:\/\/nitu.mx\/index.php\/2025\/07\/01\/asetur-fortalece-su-relacion-con-aliados-estrategicos-para-impulsar-el-desarrollo-turistico-de-mexico\/\" \/>\n<meta name=\"twitter:card\" content=\"summary_large_image\" \/>\n<meta name=\"twitter:title\" content=\"ASETUR fortalece su relaci\u00f3n con aliados estrat\u00e9gicos para impulsar el turismo de M\u00e9xico - Nitu - Noticias de la Industria Turistica\" \/>\n<meta name=\"twitter:description\" content=\"El presidente de la Uni\u00f3n de Secretarias y Secretarios de Turismo de M\u00e9xico (ASETUR), Bernardo Cueto Riestra, encabez\u00f3 una reuni\u00f3n de trabajo con la Mesa Directiva de la Asociaci\u00f3n, en donde se fortaleci\u00f3 la relaci\u00f3n con los aliados estrat\u00e9gicos que contribuir\u00e1n a impulsar el desarrollo del sector tur\u00edstico de M\u00e9xico. En ese tenor, se present\u00f3 [&hellip;]\" \/>\n<meta name=\"twitter:image\" content=\"https:\/\/nitu.mx\/wp-content\/uploads\/2025\/07\/Asetur-alianzas-estrategicas.jpg\" \/>\n<meta name=\"twitter:creator\" content=\"@NITUmx\" \/>\n<meta name=\"twitter:site\" content=\"@Arturo_Medina_G\" \/>\n<meta name=\"twitter:label1\" content=\"Escrito por\" \/>\n\t<meta name=\"twitter:data1\" content=\"Redacci\u00f3n\" \/>\n\t<meta name=\"twitter:label2\" content=\"Tiempo de lectura\" \/>\n\t<meta name=\"twitter:data2\" content=\"3 minutos\" \/>\n<script type=\"application\/ld+json\" class=\"yoast-schema-graph\">{\"@context\":\"https:\/\/schema.org\",\"@graph\":[{\"@type\":\"Article\",\"@id\":\"https:\/\/nitu.mx\/index.php\/2025\/07\/01\/asetur-fortalece-su-relacion-con-aliados-estrategicos-para-impulsar-el-desarrollo-turistico-de-mexico\/#article\",\"isPartOf\":{\"@id\":\"https:\/\/nitu.mx\/index.php\/2025\/07\/01\/asetur-fortalece-su-relacion-con-aliados-estrategicos-para-impulsar-el-desarrollo-turistico-de-mexico\/\"},\"author\":{\"name\":\"Redacci\u00f3n\",\"@id\":\"https:\/\/nitu.mx\/#\/schema\/person\/4a28fe9bd65924f7c90623773daf1b0b\"},\"headline\":\"ASETUR fortalece su relaci\u00f3n con aliados estrat\u00e9gicos para impulsar el turismo de M\u00e9xico\",\"datePublished\":\"2025-07-02T03:30:00+00:00\",\"dateModified\":\"2025-07-02T03:35:35+00:00\",\"mainEntityOfPage\":{\"@id\":\"https:\/\/nitu.mx\/index.php\/2025\/07\/01\/asetur-fortalece-su-relacion-con-aliados-estrategicos-para-impulsar-el-desarrollo-turistico-de-mexico\/\"},\"wordCount\":689,\"publisher\":{\"@id\":\"https:\/\/nitu.mx\/#\/schema\/person\/ae7a53426417292d3dd07b45a33e01bc\"},\"image\":{\"@id\":\"https:\/\/nitu.mx\/index.php\/2025\/07\/01\/asetur-fortalece-su-relacion-con-aliados-estrategicos-para-impulsar-el-desarrollo-turistico-de-mexico\/#primaryimage\"},\"thumbnailUrl\":\"https:\/\/nitu.mx\/wp-content\/uploads\/2025\/07\/Asetur-alianzas-estrategicas.jpg\",\"keywords\":[\"Asetur\",\"Bernardo Cueto\",\"BID\",\"Global Nexus\",\"ONU Turismo\"],\"articleSection\":[\"Marketing\"],\"inLanguage\":\"es-MX\"},{\"@type\":\"WebPage\",\"@id\":\"https:\/\/nitu.mx\/index.php\/2025\/07\/01\/asetur-fortalece-su-relacion-con-aliados-estrategicos-para-impulsar-el-desarrollo-turistico-de-mexico\/\",\"url\":\"https:\/\/nitu.mx\/index.php\/2025\/07\/01\/asetur-fortalece-su-relacion-con-aliados-estrategicos-para-impulsar-el-desarrollo-turistico-de-mexico\/\",\"name\":\"ASETUR fortalece su relaci\u00f3n con aliados estrat\u00e9gicos para impulsar el turismo de M\u00e9xico - Nitu - Noticias de la Industria Turistica\",\"isPartOf\":{\"@id\":\"https:\/\/nitu.mx\/#website\"},\"primaryImageOfPage\":{\"@id\":\"https:\/\/nitu.mx\/index.php\/2025\/07\/01\/asetur-fortalece-su-relacion-con-aliados-estrategicos-para-impulsar-el-desarrollo-turistico-de-mexico\/#primaryimage\"},\"image\":{\"@id\":\"https:\/\/nitu.mx\/index.php\/2025\/07\/01\/asetur-fortalece-su-relacion-con-aliados-estrategicos-para-impulsar-el-desarrollo-turistico-de-mexico\/#primaryimage\"},\"thumbnailUrl\":\"https:\/\/nitu.mx\/wp-content\/uploads\/2025\/07\/Asetur-alianzas-estrategicas.jpg\",\"datePublished\":\"2025-07-02T03:30:00+00:00\",\"dateModified\":\"2025-07-02T03:35:35+00:00\",\"breadcrumb\":{\"@id\":\"https:\/\/nitu.mx\/index.php\/2025\/07\/01\/asetur-fortalece-su-relacion-con-aliados-estrategicos-para-impulsar-el-desarrollo-turistico-de-mexico\/#breadcrumb\"},\"inLanguage\":\"es-MX\",\"potentialAction\":[{\"@type\":\"ReadAction\",\"target\":[\"https:\/\/nitu.mx\/index.php\/2025\/07\/01\/asetur-fortalece-su-relacion-con-aliados-estrategicos-para-impulsar-el-desarrollo-turistico-de-mexico\/\"]}]},{\"@type\":\"ImageObject\",\"inLanguage\":\"es-MX\",\"@id\":\"https:\/\/nitu.mx\/index.php\/2025\/07\/01\/asetur-fortalece-su-relacion-con-aliados-estrategicos-para-impulsar-el-desarrollo-turistico-de-mexico\/#primaryimage\",\"url\":\"https:\/\/nitu.mx\/wp-content\/uploads\/2025\/07\/Asetur-alianzas-estrategicas.jpg\",\"contentUrl\":\"https:\/\/nitu.mx\/wp-content\/uploads\/2025\/07\/Asetur-alianzas-estrategicas.jpg\",\"width\":1200,\"height\":675,\"caption\":\"Asetur alianzas estrat\u00e9gicas\"},{\"@type\":\"BreadcrumbList\",\"@id\":\"https:\/\/nitu.mx\/index.php\/2025\/07\/01\/asetur-fortalece-su-relacion-con-aliados-estrategicos-para-impulsar-el-desarrollo-turistico-de-mexico\/#breadcrumb\",\"itemListElement\":[{\"@type\":\"ListItem\",\"position\":1,\"name\":\"Inicio\",\"item\":\"https:\/\/nitu.mx\/\"},{\"@type\":\"ListItem\",\"position\":2,\"name\":\"ASETUR fortalece su relaci\u00f3n con aliados estrat\u00e9gicos para impulsar el turismo de M\u00e9xico\"}]},{\"@type\":\"WebSite\",\"@id\":\"https:\/\/nitu.mx\/#website\",\"url\":\"https:\/\/nitu.mx\/\",\"name\":\"Nitu - Noticias de la Industria Turistica\",\"description\":\"Noticias de la Industria Turistica\",\"publisher\":{\"@id\":\"https:\/\/nitu.mx\/#\/schema\/person\/ae7a53426417292d3dd07b45a33e01bc\"},\"alternateName\":\"Noticias de la Industria Turistica\",\"potentialAction\":[{\"@type\":\"SearchAction\",\"target\":{\"@type\":\"EntryPoint\",\"urlTemplate\":\"https:\/\/nitu.mx\/?s={search_term_string}\"},\"query-input\":\"required name=search_term_string\"}],\"inLanguage\":\"es-MX\"},{\"@type\":[\"Person\",\"Organization\"],\"@id\":\"https:\/\/nitu.mx\/#\/schema\/person\/ae7a53426417292d3dd07b45a33e01bc\",\"name\":\"Arturo Medina\",\"image\":{\"@type\":\"ImageObject\",\"inLanguage\":\"es-MX\",\"@id\":\"https:\/\/nitu.mx\/#\/schema\/person\/image\/\",\"url\":\"https:\/\/nitu.mx\/wp-content\/uploads\/2024\/04\/4A315622-1904-4D5C-B022-878CDC840E04-90x90-1.jpeg\",\"contentUrl\":\"https:\/\/nitu.mx\/wp-content\/uploads\/2024\/04\/4A315622-1904-4D5C-B022-878CDC840E04-90x90-1.jpeg\",\"width\":90,\"height\":90,\"caption\":\"Arturo Medina\"},\"logo\":{\"@id\":\"https:\/\/nitu.mx\/#\/schema\/person\/image\/\"},\"description\":\"Director NITU.mx, Egresado de la Escuela de Periodismo Carlos Septi\u00e9n Garc\u00eda. Periodista y analista especializado en turismo desde hace 35 a\u00f1os, radicado en Canc\u00fan Q.Roo. arturo@nitu.mx\",\"sameAs\":[\"https:\/\/nitu.mx\",\"https:\/\/www.facebook.com\/NITUmx\/\",\"medinacancun\",\"https:\/\/twitter.com\/@Arturo_Medina_G\"]},{\"@type\":\"Person\",\"@id\":\"https:\/\/nitu.mx\/#\/schema\/person\/4a28fe9bd65924f7c90623773daf1b0b\",\"name\":\"Redacci\u00f3n\",\"image\":{\"@type\":\"ImageObject\",\"inLanguage\":\"es-MX\",\"@id\":\"https:\/\/nitu.mx\/#\/schema\/person\/image\/\",\"url\":\"https:\/\/secure.gravatar.com\/avatar\/5dd011c8ccfc5cd7e4c81e42252aab38?s=96&d=mm&r=g\",\"contentUrl\":\"https:\/\/secure.gravatar.com\/avatar\/5dd011c8ccfc5cd7e4c81e42252aab38?s=96&d=mm&r=g\",\"caption\":\"Redacci\u00f3n\"},\"url\":\"https:\/\/nitu.mx\/index.php\/author\/redaccion\/\"}]}<\/script>\n<!-- \/ Yoast SEO plugin. -->","yoast_head_json":{"title":"ASETUR fortalece su relaci\u00f3n con aliados estrat\u00e9gicos para impulsar el turismo de M\u00e9xico - Nitu - Noticias de la Industria Turistica","robots":{"index":"index","follow":"follow","max-snippet":"max-snippet:-1","max-image-preview":"max-image-preview:large","max-video-preview":"max-video-preview:-1"},"canonical":"https:\/\/nitu.mx\/index.php\/2025\/07\/01\/asetur-fortalece-su-relacion-con-aliados-estrategicos-para-impulsar-el-desarrollo-turistico-de-mexico\/","twitter_card":"summary_large_image","twitter_title":"ASETUR fortalece su relaci\u00f3n con aliados estrat\u00e9gicos para impulsar el turismo de M\u00e9xico - Nitu - Noticias de la Industria Turistica","twitter_description":"El presidente de la Uni\u00f3n de Secretarias y Secretarios de Turismo de M\u00e9xico (ASETUR), Bernardo Cueto Riestra, encabez\u00f3 una reuni\u00f3n de trabajo con la Mesa Directiva de la Asociaci\u00f3n, en donde se fortaleci\u00f3 la relaci\u00f3n con los aliados estrat\u00e9gicos que contribuir\u00e1n a impulsar el desarrollo del sector tur\u00edstico de M\u00e9xico. En ese tenor, se present\u00f3 [&hellip;]","twitter_image":"https:\/\/nitu.mx\/wp-content\/uploads\/2025\/07\/Asetur-alianzas-estrategicas.jpg","twitter_creator":"@NITUmx","twitter_site":"@Arturo_Medina_G","twitter_misc":{"Escrito por":"Redacci\u00f3n","Tiempo de lectura":"3 minutos"},"schema":{"@context":"https:\/\/schema.org","@graph":[{"@type":"Article","@id":"https:\/\/nitu.mx\/index.php\/2025\/07\/01\/asetur-fortalece-su-relacion-con-aliados-estrategicos-para-impulsar-el-desarrollo-turistico-de-mexico\/#article","isPartOf":{"@id":"https:\/\/nitu.mx\/index.php\/2025\/07\/01\/asetur-fortalece-su-relacion-con-aliados-estrategicos-para-impulsar-el-desarrollo-turistico-de-mexico\/"},"author":{"name":"Redacci\u00f3n","@id":"https:\/\/nitu.mx\/#\/schema\/person\/4a28fe9bd65924f7c90623773daf1b0b"},"headline":"ASETUR fortalece su relaci\u00f3n con aliados estrat\u00e9gicos para impulsar el turismo de M\u00e9xico","datePublished":"2025-07-02T03:30:00+00:00","dateModified":"2025-07-02T03:35:35+00:00","mainEntityOfPage":{"@id":"https:\/\/nitu.mx\/index.php\/2025\/07\/01\/asetur-fortalece-su-relacion-con-aliados-estrategicos-para-impulsar-el-desarrollo-turistico-de-mexico\/"},"wordCount":689,"publisher":{"@id":"https:\/\/nitu.mx\/#\/schema\/person\/ae7a53426417292d3dd07b45a33e01bc"},"image":{"@id":"https:\/\/nitu.mx\/index.php\/2025\/07\/01\/asetur-fortalece-su-relacion-con-aliados-estrategicos-para-impulsar-el-desarrollo-turistico-de-mexico\/#primaryimage"},"thumbnailUrl":"https:\/\/nitu.mx\/wp-content\/uploads\/2025\/07\/Asetur-alianzas-estrategicas.jpg","keywords":["Asetur","Bernardo Cueto","BID","Global Nexus","ONU Turismo"],"articleSection":["Marketing"],"inLanguage":"es-MX"},{"@type":"WebPage","@id":"https:\/\/nitu.mx\/index.php\/2025\/07\/01\/asetur-fortalece-su-relacion-con-aliados-estrategicos-para-impulsar-el-desarrollo-turistico-de-mexico\/","url":"https:\/\/nitu.mx\/index.php\/2025\/07\/01\/asetur-fortalece-su-relacion-con-aliados-estrategicos-para-impulsar-el-desarrollo-turistico-de-mexico\/","name":"ASETUR fortalece su relaci\u00f3n con aliados estrat\u00e9gicos para impulsar el turismo de M\u00e9xico - Nitu - Noticias de la Industria Turistica","isPartOf":{"@id":"https:\/\/nitu.mx\/#website"},"primaryImageOfPage":{"@id":"https:\/\/nitu.mx\/index.php\/2025\/07\/01\/asetur-fortalece-su-relacion-con-aliados-estrategicos-para-impulsar-el-desarrollo-turistico-de-mexico\/#primaryimage"},"image":{"@id":"https:\/\/nitu.mx\/index.php\/2025\/07\/01\/asetur-fortalece-su-relacion-con-aliados-estrategicos-para-impulsar-el-desarrollo-turistico-de-mexico\/#primaryimage"},"thumbnailUrl":"https:\/\/nitu.mx\/wp-content\/uploads\/2025\/07\/Asetur-alianzas-estrategicas.jpg","datePublished":"2025-07-02T03:30:00+00:00","dateModified":"2025-07-02T03:35:35+00:00","breadcrumb":{"@id":"https:\/\/nitu.mx\/index.php\/2025\/07\/01\/asetur-fortalece-su-relacion-con-aliados-estrategicos-para-impulsar-el-desarrollo-turistico-de-mexico\/#breadcrumb"},"inLanguage":"es-MX","potentialAction":[{"@type":"ReadAction","target":["https:\/\/nitu.mx\/index.php\/2025\/07\/01\/asetur-fortalece-su-relacion-con-aliados-estrategicos-para-impulsar-el-desarrollo-turistico-de-mexico\/"]}]},{"@type":"ImageObject","inLanguage":"es-MX","@id":"https:\/\/nitu.mx\/index.php\/2025\/07\/01\/asetur-fortalece-su-relacion-con-aliados-estrategicos-para-impulsar-el-desarrollo-turistico-de-mexico\/#primaryimage","url":"https:\/\/nitu.mx\/wp-content\/uploads\/2025\/07\/Asetur-alianzas-estrategicas.jpg","contentUrl":"https:\/\/nitu.mx\/wp-content\/uploads\/2025\/07\/Asetur-alianzas-estrategicas.jpg","width":1200,"height":675,"caption":"Asetur alianzas estrat\u00e9gicas"},{"@type":"BreadcrumbList","@id":"https:\/\/nitu.mx\/index.php\/2025\/07\/01\/asetur-fortalece-su-relacion-con-aliados-estrategicos-para-impulsar-el-desarrollo-turistico-de-mexico\/#breadcrumb","itemListElement":[{"@type":"ListItem","position":1,"name":"Inicio","item":"https:\/\/nitu.mx\/"},{"@type":"ListItem","position":2,"name":"ASETUR fortalece su relaci\u00f3n con aliados estrat\u00e9gicos para impulsar el turismo de M\u00e9xico"}]},{"@type":"WebSite","@id":"https:\/\/nitu.mx\/#website","url":"https:\/\/nitu.mx\/","name":"Nitu - Noticias de la Industria Turistica","description":"Noticias de la Industria Turistica","publisher":{"@id":"https:\/\/nitu.mx\/#\/schema\/person\/ae7a53426417292d3dd07b45a33e01bc"},"alternateName":"Noticias de la Industria Turistica","potentialAction":[{"@type":"SearchAction","target":{"@type":"EntryPoint","urlTemplate":"https:\/\/nitu.mx\/?s={search_term_string}"},"query-input":"required name=search_term_string"}],"inLanguage":"es-MX"},{"@type":["Person","Organization"],"@id":"https:\/\/nitu.mx\/#\/schema\/person\/ae7a53426417292d3dd07b45a33e01bc","name":"Arturo Medina","image":{"@type":"ImageObject","inLanguage":"es-MX","@id":"https:\/\/nitu.mx\/#\/schema\/person\/image\/","url":"https:\/\/nitu.mx\/wp-content\/uploads\/2024\/04\/4A315622-1904-4D5C-B022-878CDC840E04-90x90-1.jpeg","contentUrl":"https:\/\/nitu.mx\/wp-content\/uploads\/2024\/04\/4A315622-1904-4D5C-B022-878CDC840E04-90x90-1.jpeg","width":90,"height":90,"caption":"Arturo Medina"},"logo":{"@id":"https:\/\/nitu.mx\/#\/schema\/person\/image\/"},"description":"Director NITU.mx, Egresado de la Escuela de Periodismo Carlos Septi\u00e9n Garc\u00eda. Periodista y analista especializado en turismo desde hace 35 a\u00f1os, radicado en Canc\u00fan Q.Roo. arturo@nitu.mx","sameAs":["https:\/\/nitu.mx","https:\/\/www.facebook.com\/NITUmx\/","medinacancun","https:\/\/twitter.com\/@Arturo_Medina_G"]},{"@type":"Person","@id":"https:\/\/nitu.mx\/#\/schema\/person\/4a28fe9bd65924f7c90623773daf1b0b","name":"Redacci\u00f3n","image":{"@type":"ImageObject","inLanguage":"es-MX","@id":"https:\/\/nitu.mx\/#\/schema\/person\/image\/","url":"https:\/\/secure.gravatar.com\/avatar\/5dd011c8ccfc5cd7e4c81e42252aab38?s=96&d=mm&r=g","contentUrl":"https:\/\/secure.gravatar.com\/avatar\/5dd011c8ccfc5cd7e4c81e42252aab38?s=96&d=mm&r=g","caption":"Redacci\u00f3n"},"url":"https:\/\/nitu.mx\/index.php\/author\/redaccion\/"}]}},"views":630,"_links":{"self":[{"href":"https:\/\/nitu.mx\/index.php\/wp-json\/wp\/v2\/posts\/82083"}],"collection":[{"href":"https:\/\/nitu.mx\/index.php\/wp-json\/wp\/v2\/posts"}],"about":[{"href":"https:\/\/nitu.mx\/index.php\/wp-json\/wp\/v2\/types\/post"}],"author":[{"embeddable":true,"href":"https:\/\/nitu.mx\/index.php\/wp-json\/wp\/v2\/users\/17"}],"replies":[{"embeddable":true,"href":"https:\/\/nitu.mx\/index.php\/wp-json\/wp\/v2\/comments?post=82083"}],"version-history":[{"count":2,"href":"https:\/\/nitu.mx\/index.php\/wp-json\/wp\/v2\/posts\/82083\/revisions"}],"predecessor-version":[{"id":82093,"href":"https:\/\/nitu.mx\/index.php\/wp-json\/wp\/v2\/posts\/82083\/revisions\/82093"}],"wp:featuredmedia":[{"embeddable":true,"href":"https:\/\/nitu.mx\/index.php\/wp-json\/wp\/v2\/media\/82086"}],"wp:attachment":[{"href":"https:\/\/nitu.mx\/index.php\/wp-json\/wp\/v2\/media?parent=82083"}],"wp:term":[{"taxonomy":"category","embeddable":true,"href":"https:\/\/nitu.mx\/index.php\/wp-json\/wp\/v2\/categories?post=82083"},{"taxonomy":"post_tag","embeddable":true,"href":"https:\/\/nitu.mx\/index.php\/wp-json\/wp\/v2\/tags?post=82083"}],"curies":[{"name":"wp","href":"https:\/\/api.w.org\/{rel}","templated":true}]}}