{"id":81995,"date":"2025-06-25T23:28:03","date_gmt":"2025-06-26T05:28:03","guid":{"rendered":"https:\/\/nitu.mx\/?p=81995"},"modified":"2025-06-25T23:28:03","modified_gmt":"2025-06-26T05:28:03","slug":"monterrey-recibe-el-foro-expomayoristas-2025-con-mas-de-100-agentes-de-viajes","status":"publish","type":"post","link":"https:\/\/nitu.mx\/index.php\/2025\/06\/25\/monterrey-recibe-el-foro-expomayoristas-2025-con-mas-de-100-agentes-de-viajes\/","title":{"rendered":"Monterrey recibe el Foro ExpoMayoristas 2025 con m\u00e1s de 100 agentes de viajes"},"content":{"rendered":"\n<p>ExpoMayoristas celebr\u00f3 con \u00e9xito su Foro Monterrey 2025 en las instalaciones del Hotel Camino Real, consolidando una jornada de alto nivel educativo, comercial y de vinculaci\u00f3n profesional para la industria tur\u00edstica nacional.<\/p>\n\n\n\n<p>Con la participaci\u00f3n de m\u00e1s de 100 agentes de viaje, as\u00ed como 10 socios de la asociaci\u00f3n, 16 patrocinadores y representantes de medios de comunicaci\u00f3n, el foro reafirm\u00f3 el papel clave de Monterrey como un mercado estrat\u00e9gico para la industria tur\u00edstica mexicana.<\/p>\n\n\n\n<p>La jornada abri\u00f3 con palabras de bienvenida a cargo de Javier Galicia, presidente de ExpoMayoristas, quien destac\u00f3 la importancia de fortalecer las alianzas con los agentes de viaje de la regi\u00f3n y seguir impulsando su profesionalizaci\u00f3n.<\/p>\n\n\n\n<h2 class=\"wp-block-heading\"><a><\/a>Paneles Educativos de Alto Nivel:<\/h2>\n\n\n\n<p>El foro incluy\u00f3 cuatro paneles educativos con expertos nacionales e internacionales del sector. El Panel 1, <em>\u201cExperiencias globales que inspiran al viajero\u201d<\/em>, fue moderado por Javier Galicia y cont\u00f3 con la participaci\u00f3n de Roberto Ayala y Gabriela Ibarra, representante de Jordania.<\/p>\n\n\n\n<p>En el Panel 2, moderado por Antonio Shafer, Director General de Prisma Operadora, participaron Jes\u00fas Mart\u00ednez, Director General de Dream Destinations; Fernanda Rosas, representante de Visit Austin; y Ertan Alpay, Director General en M\u00e9xico de Turkish Airlines.<\/p>\n\n\n\n<p>El Panel 3, <em>\u201cLa evoluci\u00f3n de los viajes de lujo: nuevas experiencias exclusivas\u201d<\/em>, fue moderado por Tony Taverna de Viajes Fama y reuni\u00f3 a Renzo Benavente de PromPer\u00fa, Xiomara Mart\u00ednez de Enjoy Travel, Lizzie Cole, Subsecretaria de Promoci\u00f3n Tur\u00edstica del Estado de Yucat\u00e1n, y Gustavo Cant\u00fa, Director General de Euromundo.<\/p>\n\n\n\n<p>Finalmente, el Panel 4, moderado por Fernando Fiscaro de iUmira Travel, cont\u00f3 con la participaci\u00f3n de Ana Paola Dur\u00f3n de Grupo Tije, Lilia \u00c1lvaro de Julia Tours y Pepus Trauwitz, Director de Petra.<\/p>\n\n\n\n<p>El programa acad\u00e9mico se complement\u00f3 con ponencias individuales a cargo de Gala S\u00e1nchez, representante de Costa Rica, y Lorena Pereda, representante de Visit Orlando, quienes compartieron novedades y estrategias clave para el mercado mexicano.<\/p>\n\n\n\n<p>La jornada concluy\u00f3 con una ronda de negocios uno a uno, donde agentes, socios y patrocinadores generaron nuevos v\u00ednculos y oportunidades comerciales en un ambiente profesional y colaborativo.<\/p>\n\n\n\n<h3 class=\"wp-block-heading\"><a><\/a>Patrocinadores y Reconocimiento<\/h3>\n\n\n\n<p>ExpoMayoristas agradeci\u00f3 el respaldo de: Universal Assistance, Visit Orlando, PromPer\u00fa, Kissimmee, Costa Rica, Embratur, M\u00e1s Servicios, Civitatis, Meli\u00e1, Turkish Airlines, Fideicomiso \u00a1Ah Chihuahua!, Grupo Tije, Terrawind, Jordania, Yucat\u00e1n Travel y Visit Austin.<\/p>\n\n\n\n<p>Gracias al apoyo de socios y patrocinadores, se llevaron a cabo rifas con atractivos premios, incluyendo estancias y productos de Azabache, Enjoy Travel, Euromundo, Universal Assistance, Yucat\u00e1n Travel, Turkish Airlines, Meli\u00e1 Hotels, Jordania, Visit Austin y Visit Orlando.<\/p>\n\n\n\n<p>El foro concluy\u00f3 a las 3:00 p.m., consolidando una vez m\u00e1s el compromiso de ExpoMayoristas con la profesionalizaci\u00f3n, promoci\u00f3n y fortalecimiento del turismo en M\u00e9xico. (<a href=\"https:\/\/nitu.mx\/index.php\/2025\/06\/02\/expomayoristas-anuncia-su-proximo-foro-en-monterrey-2025\/\">ExpoMayoristas anuncia su pr\u00f3ximo Foro en Monterrey 2025<\/a>).<\/p>\n","protected":false},"excerpt":{"rendered":"<p>ExpoMayoristas celebr\u00f3 con \u00e9xito su Foro Monterrey 2025 en las instalaciones del Hotel Camino Real, consolidando una jornada de alto nivel educativo, comercial y de vinculaci\u00f3n profesional para la industria tur\u00edstica nacional. Con la participaci\u00f3n de m\u00e1s de 100 agentes de viaje, as\u00ed como 10 socios de la asociaci\u00f3n, 16 patrocinadores y representantes de medios [&hellip;]<\/p>\n","protected":false},"author":17,"featured_media":81997,"comment_status":"closed","ping_status":"closed","sticky":false,"template":"","format":"standard","meta":{"footnotes":""},"categories":[3],"tags":[5826,1360,23170,491],"yoast_head":"<!-- This site is optimized with the Yoast SEO plugin v22.2 - https:\/\/yoast.com\/wordpress\/plugins\/seo\/ -->\n<title>Monterrey recibe el Foro ExpoMayoristas 2025 con m\u00e1s de 100 agentes de viajes - Nitu - Noticias de la Industria Turistica<\/title>\n<meta name=\"robots\" content=\"index, follow, max-snippet:-1, max-image-preview:large, max-video-preview:-1\" \/>\n<link rel=\"canonical\" href=\"https:\/\/nitu.mx\/index.php\/2025\/06\/25\/monterrey-recibe-el-foro-expomayoristas-2025-con-mas-de-100-agentes-de-viajes\/\" \/>\n<meta name=\"twitter:card\" content=\"summary_large_image\" \/>\n<meta name=\"twitter:title\" content=\"Monterrey recibe el Foro ExpoMayoristas 2025 con m\u00e1s de 100 agentes de viajes - Nitu - Noticias de la Industria Turistica\" \/>\n<meta name=\"twitter:description\" content=\"ExpoMayoristas celebr\u00f3 con \u00e9xito su Foro Monterrey 2025 en las instalaciones del Hotel Camino Real, consolidando una jornada de alto nivel educativo, comercial y de vinculaci\u00f3n profesional para la industria tur\u00edstica nacional. Con la participaci\u00f3n de m\u00e1s de 100 agentes de viaje, as\u00ed como 10 socios de la asociaci\u00f3n, 16 patrocinadores y representantes de medios [&hellip;]\" \/>\n<meta name=\"twitter:image\" content=\"https:\/\/nitu.mx\/wp-content\/uploads\/2025\/06\/Expo-Mayoristas-Monterrey.jpg\" \/>\n<meta name=\"twitter:creator\" content=\"@NITUmx\" \/>\n<meta name=\"twitter:site\" content=\"@Arturo_Medina_G\" \/>\n<meta name=\"twitter:label1\" content=\"Escrito por\" \/>\n\t<meta name=\"twitter:data1\" content=\"Redacci\u00f3n\" \/>\n\t<meta name=\"twitter:label2\" content=\"Tiempo de lectura\" \/>\n\t<meta name=\"twitter:data2\" content=\"2 minutos\" \/>\n<script type=\"application\/ld+json\" class=\"yoast-schema-graph\">{\"@context\":\"https:\/\/schema.org\",\"@graph\":[{\"@type\":\"Article\",\"@id\":\"https:\/\/nitu.mx\/index.php\/2025\/06\/25\/monterrey-recibe-el-foro-expomayoristas-2025-con-mas-de-100-agentes-de-viajes\/#article\",\"isPartOf\":{\"@id\":\"https:\/\/nitu.mx\/index.php\/2025\/06\/25\/monterrey-recibe-el-foro-expomayoristas-2025-con-mas-de-100-agentes-de-viajes\/\"},\"author\":{\"name\":\"Redacci\u00f3n\",\"@id\":\"https:\/\/nitu.mx\/#\/schema\/person\/4a28fe9bd65924f7c90623773daf1b0b\"},\"headline\":\"Monterrey recibe el Foro ExpoMayoristas 2025 con m\u00e1s de 100 agentes de viajes\",\"datePublished\":\"2025-06-26T05:28:03+00:00\",\"dateModified\":\"2025-06-26T05:28:03+00:00\",\"mainEntityOfPage\":{\"@id\":\"https:\/\/nitu.mx\/index.php\/2025\/06\/25\/monterrey-recibe-el-foro-expomayoristas-2025-con-mas-de-100-agentes-de-viajes\/\"},\"wordCount\":479,\"publisher\":{\"@id\":\"https:\/\/nitu.mx\/#\/schema\/person\/ae7a53426417292d3dd07b45a33e01bc\"},\"image\":{\"@id\":\"https:\/\/nitu.mx\/index.php\/2025\/06\/25\/monterrey-recibe-el-foro-expomayoristas-2025-con-mas-de-100-agentes-de-viajes\/#primaryimage\"},\"thumbnailUrl\":\"https:\/\/nitu.mx\/wp-content\/uploads\/2025\/06\/Expo-Mayoristas-Monterrey.jpg\",\"keywords\":[\"agentes de viajes\",\"Expomayoristas\",\"Javier Galicia\",\"Monterrey\"],\"articleSection\":[\"Agencias de Viajes\"],\"inLanguage\":\"es-MX\"},{\"@type\":\"WebPage\",\"@id\":\"https:\/\/nitu.mx\/index.php\/2025\/06\/25\/monterrey-recibe-el-foro-expomayoristas-2025-con-mas-de-100-agentes-de-viajes\/\",\"url\":\"https:\/\/nitu.mx\/index.php\/2025\/06\/25\/monterrey-recibe-el-foro-expomayoristas-2025-con-mas-de-100-agentes-de-viajes\/\",\"name\":\"Monterrey recibe el Foro ExpoMayoristas 2025 con m\u00e1s de 100 agentes de viajes - Nitu - Noticias de la Industria Turistica\",\"isPartOf\":{\"@id\":\"https:\/\/nitu.mx\/#website\"},\"primaryImageOfPage\":{\"@id\":\"https:\/\/nitu.mx\/index.php\/2025\/06\/25\/monterrey-recibe-el-foro-expomayoristas-2025-con-mas-de-100-agentes-de-viajes\/#primaryimage\"},\"image\":{\"@id\":\"https:\/\/nitu.mx\/index.php\/2025\/06\/25\/monterrey-recibe-el-foro-expomayoristas-2025-con-mas-de-100-agentes-de-viajes\/#primaryimage\"},\"thumbnailUrl\":\"https:\/\/nitu.mx\/wp-content\/uploads\/2025\/06\/Expo-Mayoristas-Monterrey.jpg\",\"datePublished\":\"2025-06-26T05:28:03+00:00\",\"dateModified\":\"2025-06-26T05:28:03+00:00\",\"breadcrumb\":{\"@id\":\"https:\/\/nitu.mx\/index.php\/2025\/06\/25\/monterrey-recibe-el-foro-expomayoristas-2025-con-mas-de-100-agentes-de-viajes\/#breadcrumb\"},\"inLanguage\":\"es-MX\",\"potentialAction\":[{\"@type\":\"ReadAction\",\"target\":[\"https:\/\/nitu.mx\/index.php\/2025\/06\/25\/monterrey-recibe-el-foro-expomayoristas-2025-con-mas-de-100-agentes-de-viajes\/\"]}]},{\"@type\":\"ImageObject\",\"inLanguage\":\"es-MX\",\"@id\":\"https:\/\/nitu.mx\/index.php\/2025\/06\/25\/monterrey-recibe-el-foro-expomayoristas-2025-con-mas-de-100-agentes-de-viajes\/#primaryimage\",\"url\":\"https:\/\/nitu.mx\/wp-content\/uploads\/2025\/06\/Expo-Mayoristas-Monterrey.jpg\",\"contentUrl\":\"https:\/\/nitu.mx\/wp-content\/uploads\/2025\/06\/Expo-Mayoristas-Monterrey.jpg\",\"width\":1200,\"height\":675,\"caption\":\"Expo Mayoristas Monterrey\"},{\"@type\":\"BreadcrumbList\",\"@id\":\"https:\/\/nitu.mx\/index.php\/2025\/06\/25\/monterrey-recibe-el-foro-expomayoristas-2025-con-mas-de-100-agentes-de-viajes\/#breadcrumb\",\"itemListElement\":[{\"@type\":\"ListItem\",\"position\":1,\"name\":\"Inicio\",\"item\":\"https:\/\/nitu.mx\/\"},{\"@type\":\"ListItem\",\"position\":2,\"name\":\"Monterrey recibe el Foro ExpoMayoristas 2025 con m\u00e1s de 100 agentes de viajes\"}]},{\"@type\":\"WebSite\",\"@id\":\"https:\/\/nitu.mx\/#website\",\"url\":\"https:\/\/nitu.mx\/\",\"name\":\"Nitu - Noticias de la Industria Turistica\",\"description\":\"Noticias de la Industria Turistica\",\"publisher\":{\"@id\":\"https:\/\/nitu.mx\/#\/schema\/person\/ae7a53426417292d3dd07b45a33e01bc\"},\"alternateName\":\"Noticias de la Industria Turistica\",\"potentialAction\":[{\"@type\":\"SearchAction\",\"target\":{\"@type\":\"EntryPoint\",\"urlTemplate\":\"https:\/\/nitu.mx\/?s={search_term_string}\"},\"query-input\":\"required name=search_term_string\"}],\"inLanguage\":\"es-MX\"},{\"@type\":[\"Person\",\"Organization\"],\"@id\":\"https:\/\/nitu.mx\/#\/schema\/person\/ae7a53426417292d3dd07b45a33e01bc\",\"name\":\"Arturo Medina\",\"image\":{\"@type\":\"ImageObject\",\"inLanguage\":\"es-MX\",\"@id\":\"https:\/\/nitu.mx\/#\/schema\/person\/image\/\",\"url\":\"https:\/\/nitu.mx\/wp-content\/uploads\/2024\/04\/4A315622-1904-4D5C-B022-878CDC840E04-90x90-1.jpeg\",\"contentUrl\":\"https:\/\/nitu.mx\/wp-content\/uploads\/2024\/04\/4A315622-1904-4D5C-B022-878CDC840E04-90x90-1.jpeg\",\"width\":90,\"height\":90,\"caption\":\"Arturo Medina\"},\"logo\":{\"@id\":\"https:\/\/nitu.mx\/#\/schema\/person\/image\/\"},\"description\":\"Director NITU.mx, Egresado de la Escuela de Periodismo Carlos Septi\u00e9n Garc\u00eda. Periodista y analista especializado en turismo desde hace 35 a\u00f1os, radicado en Canc\u00fan Q.Roo. arturo@nitu.mx\",\"sameAs\":[\"https:\/\/nitu.mx\",\"https:\/\/www.facebook.com\/NITUmx\/\",\"medinacancun\",\"https:\/\/twitter.com\/@Arturo_Medina_G\"]},{\"@type\":\"Person\",\"@id\":\"https:\/\/nitu.mx\/#\/schema\/person\/4a28fe9bd65924f7c90623773daf1b0b\",\"name\":\"Redacci\u00f3n\",\"image\":{\"@type\":\"ImageObject\",\"inLanguage\":\"es-MX\",\"@id\":\"https:\/\/nitu.mx\/#\/schema\/person\/image\/\",\"url\":\"https:\/\/secure.gravatar.com\/avatar\/5dd011c8ccfc5cd7e4c81e42252aab38?s=96&d=mm&r=g\",\"contentUrl\":\"https:\/\/secure.gravatar.com\/avatar\/5dd011c8ccfc5cd7e4c81e42252aab38?s=96&d=mm&r=g\",\"caption\":\"Redacci\u00f3n\"},\"url\":\"https:\/\/nitu.mx\/index.php\/author\/redaccion\/\"}]}<\/script>\n<!-- \/ Yoast SEO plugin. -->","yoast_head_json":{"title":"Monterrey recibe el Foro ExpoMayoristas 2025 con m\u00e1s de 100 agentes de viajes - Nitu - Noticias de la Industria Turistica","robots":{"index":"index","follow":"follow","max-snippet":"max-snippet:-1","max-image-preview":"max-image-preview:large","max-video-preview":"max-video-preview:-1"},"canonical":"https:\/\/nitu.mx\/index.php\/2025\/06\/25\/monterrey-recibe-el-foro-expomayoristas-2025-con-mas-de-100-agentes-de-viajes\/","twitter_card":"summary_large_image","twitter_title":"Monterrey recibe el Foro ExpoMayoristas 2025 con m\u00e1s de 100 agentes de viajes - Nitu - Noticias de la Industria Turistica","twitter_description":"ExpoMayoristas celebr\u00f3 con \u00e9xito su Foro Monterrey 2025 en las instalaciones del Hotel Camino Real, consolidando una jornada de alto nivel educativo, comercial y de vinculaci\u00f3n profesional para la industria tur\u00edstica nacional. Con la participaci\u00f3n de m\u00e1s de 100 agentes de viaje, as\u00ed como 10 socios de la asociaci\u00f3n, 16 patrocinadores y representantes de medios [&hellip;]","twitter_image":"https:\/\/nitu.mx\/wp-content\/uploads\/2025\/06\/Expo-Mayoristas-Monterrey.jpg","twitter_creator":"@NITUmx","twitter_site":"@Arturo_Medina_G","twitter_misc":{"Escrito por":"Redacci\u00f3n","Tiempo de lectura":"2 minutos"},"schema":{"@context":"https:\/\/schema.org","@graph":[{"@type":"Article","@id":"https:\/\/nitu.mx\/index.php\/2025\/06\/25\/monterrey-recibe-el-foro-expomayoristas-2025-con-mas-de-100-agentes-de-viajes\/#article","isPartOf":{"@id":"https:\/\/nitu.mx\/index.php\/2025\/06\/25\/monterrey-recibe-el-foro-expomayoristas-2025-con-mas-de-100-agentes-de-viajes\/"},"author":{"name":"Redacci\u00f3n","@id":"https:\/\/nitu.mx\/#\/schema\/person\/4a28fe9bd65924f7c90623773daf1b0b"},"headline":"Monterrey recibe el Foro ExpoMayoristas 2025 con m\u00e1s de 100 agentes de viajes","datePublished":"2025-06-26T05:28:03+00:00","dateModified":"2025-06-26T05:28:03+00:00","mainEntityOfPage":{"@id":"https:\/\/nitu.mx\/index.php\/2025\/06\/25\/monterrey-recibe-el-foro-expomayoristas-2025-con-mas-de-100-agentes-de-viajes\/"},"wordCount":479,"publisher":{"@id":"https:\/\/nitu.mx\/#\/schema\/person\/ae7a53426417292d3dd07b45a33e01bc"},"image":{"@id":"https:\/\/nitu.mx\/index.php\/2025\/06\/25\/monterrey-recibe-el-foro-expomayoristas-2025-con-mas-de-100-agentes-de-viajes\/#primaryimage"},"thumbnailUrl":"https:\/\/nitu.mx\/wp-content\/uploads\/2025\/06\/Expo-Mayoristas-Monterrey.jpg","keywords":["agentes de viajes","Expomayoristas","Javier Galicia","Monterrey"],"articleSection":["Agencias de Viajes"],"inLanguage":"es-MX"},{"@type":"WebPage","@id":"https:\/\/nitu.mx\/index.php\/2025\/06\/25\/monterrey-recibe-el-foro-expomayoristas-2025-con-mas-de-100-agentes-de-viajes\/","url":"https:\/\/nitu.mx\/index.php\/2025\/06\/25\/monterrey-recibe-el-foro-expomayoristas-2025-con-mas-de-100-agentes-de-viajes\/","name":"Monterrey recibe el Foro ExpoMayoristas 2025 con m\u00e1s de 100 agentes de viajes - Nitu - Noticias de la Industria Turistica","isPartOf":{"@id":"https:\/\/nitu.mx\/#website"},"primaryImageOfPage":{"@id":"https:\/\/nitu.mx\/index.php\/2025\/06\/25\/monterrey-recibe-el-foro-expomayoristas-2025-con-mas-de-100-agentes-de-viajes\/#primaryimage"},"image":{"@id":"https:\/\/nitu.mx\/index.php\/2025\/06\/25\/monterrey-recibe-el-foro-expomayoristas-2025-con-mas-de-100-agentes-de-viajes\/#primaryimage"},"thumbnailUrl":"https:\/\/nitu.mx\/wp-content\/uploads\/2025\/06\/Expo-Mayoristas-Monterrey.jpg","datePublished":"2025-06-26T05:28:03+00:00","dateModified":"2025-06-26T05:28:03+00:00","breadcrumb":{"@id":"https:\/\/nitu.mx\/index.php\/2025\/06\/25\/monterrey-recibe-el-foro-expomayoristas-2025-con-mas-de-100-agentes-de-viajes\/#breadcrumb"},"inLanguage":"es-MX","potentialAction":[{"@type":"ReadAction","target":["https:\/\/nitu.mx\/index.php\/2025\/06\/25\/monterrey-recibe-el-foro-expomayoristas-2025-con-mas-de-100-agentes-de-viajes\/"]}]},{"@type":"ImageObject","inLanguage":"es-MX","@id":"https:\/\/nitu.mx\/index.php\/2025\/06\/25\/monterrey-recibe-el-foro-expomayoristas-2025-con-mas-de-100-agentes-de-viajes\/#primaryimage","url":"https:\/\/nitu.mx\/wp-content\/uploads\/2025\/06\/Expo-Mayoristas-Monterrey.jpg","contentUrl":"https:\/\/nitu.mx\/wp-content\/uploads\/2025\/06\/Expo-Mayoristas-Monterrey.jpg","width":1200,"height":675,"caption":"Expo Mayoristas Monterrey"},{"@type":"BreadcrumbList","@id":"https:\/\/nitu.mx\/index.php\/2025\/06\/25\/monterrey-recibe-el-foro-expomayoristas-2025-con-mas-de-100-agentes-de-viajes\/#breadcrumb","itemListElement":[{"@type":"ListItem","position":1,"name":"Inicio","item":"https:\/\/nitu.mx\/"},{"@type":"ListItem","position":2,"name":"Monterrey recibe el Foro ExpoMayoristas 2025 con m\u00e1s de 100 agentes de viajes"}]},{"@type":"WebSite","@id":"https:\/\/nitu.mx\/#website","url":"https:\/\/nitu.mx\/","name":"Nitu - Noticias de la Industria Turistica","description":"Noticias de la Industria Turistica","publisher":{"@id":"https:\/\/nitu.mx\/#\/schema\/person\/ae7a53426417292d3dd07b45a33e01bc"},"alternateName":"Noticias de la Industria Turistica","potentialAction":[{"@type":"SearchAction","target":{"@type":"EntryPoint","urlTemplate":"https:\/\/nitu.mx\/?s={search_term_string}"},"query-input":"required name=search_term_string"}],"inLanguage":"es-MX"},{"@type":["Person","Organization"],"@id":"https:\/\/nitu.mx\/#\/schema\/person\/ae7a53426417292d3dd07b45a33e01bc","name":"Arturo Medina","image":{"@type":"ImageObject","inLanguage":"es-MX","@id":"https:\/\/nitu.mx\/#\/schema\/person\/image\/","url":"https:\/\/nitu.mx\/wp-content\/uploads\/2024\/04\/4A315622-1904-4D5C-B022-878CDC840E04-90x90-1.jpeg","contentUrl":"https:\/\/nitu.mx\/wp-content\/uploads\/2024\/04\/4A315622-1904-4D5C-B022-878CDC840E04-90x90-1.jpeg","width":90,"height":90,"caption":"Arturo Medina"},"logo":{"@id":"https:\/\/nitu.mx\/#\/schema\/person\/image\/"},"description":"Director NITU.mx, Egresado de la Escuela de Periodismo Carlos Septi\u00e9n Garc\u00eda. Periodista y analista especializado en turismo desde hace 35 a\u00f1os, radicado en Canc\u00fan Q.Roo. arturo@nitu.mx","sameAs":["https:\/\/nitu.mx","https:\/\/www.facebook.com\/NITUmx\/","medinacancun","https:\/\/twitter.com\/@Arturo_Medina_G"]},{"@type":"Person","@id":"https:\/\/nitu.mx\/#\/schema\/person\/4a28fe9bd65924f7c90623773daf1b0b","name":"Redacci\u00f3n","image":{"@type":"ImageObject","inLanguage":"es-MX","@id":"https:\/\/nitu.mx\/#\/schema\/person\/image\/","url":"https:\/\/secure.gravatar.com\/avatar\/5dd011c8ccfc5cd7e4c81e42252aab38?s=96&d=mm&r=g","contentUrl":"https:\/\/secure.gravatar.com\/avatar\/5dd011c8ccfc5cd7e4c81e42252aab38?s=96&d=mm&r=g","caption":"Redacci\u00f3n"},"url":"https:\/\/nitu.mx\/index.php\/author\/redaccion\/"}]}},"views":1410,"_links":{"self":[{"href":"https:\/\/nitu.mx\/index.php\/wp-json\/wp\/v2\/posts\/81995"}],"collection":[{"href":"https:\/\/nitu.mx\/index.php\/wp-json\/wp\/v2\/posts"}],"about":[{"href":"https:\/\/nitu.mx\/index.php\/wp-json\/wp\/v2\/types\/post"}],"author":[{"embeddable":true,"href":"https:\/\/nitu.mx\/index.php\/wp-json\/wp\/v2\/users\/17"}],"replies":[{"embeddable":true,"href":"https:\/\/nitu.mx\/index.php\/wp-json\/wp\/v2\/comments?post=81995"}],"version-history":[{"count":1,"href":"https:\/\/nitu.mx\/index.php\/wp-json\/wp\/v2\/posts\/81995\/revisions"}],"predecessor-version":[{"id":81998,"href":"https:\/\/nitu.mx\/index.php\/wp-json\/wp\/v2\/posts\/81995\/revisions\/81998"}],"wp:featuredmedia":[{"embeddable":true,"href":"https:\/\/nitu.mx\/index.php\/wp-json\/wp\/v2\/media\/81997"}],"wp:attachment":[{"href":"https:\/\/nitu.mx\/index.php\/wp-json\/wp\/v2\/media?parent=81995"}],"wp:term":[{"taxonomy":"category","embeddable":true,"href":"https:\/\/nitu.mx\/index.php\/wp-json\/wp\/v2\/categories?post=81995"},{"taxonomy":"post_tag","embeddable":true,"href":"https:\/\/nitu.mx\/index.php\/wp-json\/wp\/v2\/tags?post=81995"}],"curies":[{"name":"wp","href":"https:\/\/api.w.org\/{rel}","templated":true}]}}