{"id":81938,"date":"2025-06-23T15:12:36","date_gmt":"2025-06-23T21:12:36","guid":{"rendered":"https:\/\/nitu.mx\/?p=81938"},"modified":"2025-06-23T15:15:11","modified_gmt":"2025-06-23T21:15:11","slug":"aeromexico-anuncia-nueva-ruta-directa-entre-mexico-y-puerto-rico","status":"publish","type":"post","link":"https:\/\/nitu.mx\/index.php\/2025\/06\/23\/aeromexico-anuncia-nueva-ruta-directa-entre-mexico-y-puerto-rico\/","title":{"rendered":"Aerom\u00e9xico anuncia nueva ruta directa entre M\u00e9xico y Puerto Rico"},"content":{"rendered":"\n<p>A partir del pr\u00f3ximo 29 de octubre, Aerom\u00e9xico comenzar\u00e1 a operar vuelos directos desde la Ciudad de M\u00e9xico hacia San Juan, Puerto Rico, con cuatro frecuencias semanales, aunque en la temporada alta, del 18 de diciembre al 4 de enero, la ruta operar\u00e1 un vuelo diario. <\/p>\n\n\n\n<p>La alianza Aerom\u00e9xico-Delta inform\u00f3 que esta ruta representar\u00e1 una oferta semanal de m\u00e1s de mil 300 asientos y ser\u00e1 operada a bordo de equipos 737 MAX-8, los cuales cuentan con capacidad para 166 pasajeros: 16 en cabina premier, 18 en AM Plus y 132 en cabina turista.<\/p>\n\n\n\n<p>Giancarlo Mulinelli, vicepresidente Senior de Ventas Globales en Aerom\u00e9xico expres\u00f3:\u00a0\u201cEstamos muy emocionados de anunciar nuestra ruta directa hacia San Juan, Puerto Rico, un destino que destaca por su belleza tropical y vibrante cultura. Con ello, la alianza Aerom\u00e9xico-Delta se sigue fortaleciendo y conectando m\u00e1s destinos clave entre M\u00e9xico y Estados Unidos\u201d.<\/p>\n\n\n\n<p>Puerto Rico se destaca por la calidez de su gente, deliciosa gastronom\u00eda y playas paradisiacas. Algunos de los principales puntos tur\u00edsticos incluyen el Viejo San Juan, Playa Flamenco y el Bosque Nacional El Yunque.<\/p>\n\n\n\n<p>En tanto, Jenniffer Gonz\u00e1lez Col\u00f3n, gobernadora de Puerto Rico coment\u00f3: \u201cPuerto Rico contin\u00faa posicion\u00e1ndose como el destino id\u00f3neo del Caribe. La apertura de una nueva conexi\u00f3n directa expande el panorama para la inversi\u00f3n y nos permite seguir dando a conocer los m\u00faltiples atributivos tur\u00edsticos y oportunidades de negocios que ofrecemos&#8221;. <\/p>\n\n\n\n<p>La mandataria agreg\u00f3 &#8220;Esta ruta, cuyo impacto econ\u00f3mico directo se estima en $13.5 millones al a\u00f1o, viene a fortalecer a\u00fan m\u00e1s los lazos comerciales entre M\u00e9xico y Puerto Rico que hoy superan los $1.5 billones anuales. Me complace ver hecha realidad esta nueva ruta que por a\u00f1os se intent\u00f3 concretar y que nosotros pudimos poner en marcha. Este anuncio es producto de nuestras primeras gestiones como gobernadora, la visita a FITUR gener\u00f3 no solo esta nueva ruta sino otras grandes iniciativas que conocer\u00e1n&#8221;.<\/p>\n\n\n\n<p>Este nuevo servicio se suma a la serie de aperturas que Aerom\u00e9xico ha realizado desde 2024 y en lo que va de 2025, a trav\u00e9s de las cuales ha logrado llegar a nuevos destinos en Estados Unidos como Atlanta, Boston, Washington DC, Tampa, Phoenix, Filadelfia, entre muchos otro m\u00e1s. San Juan, Puerto Rico se convertir\u00e1 en el destino n\u00famero 27 de Aerom\u00e9xico en los Estados Unidos.<\/p>\n\n\n\n<p>Actualmente, la alianza Aerom\u00e9xico-Delta opera en conjunto m\u00e1s de 60 rutas entre ambos pa\u00edses, a trav\u00e9s de m\u00e1s de 90 operaciones diarias, y ha transportado a m\u00e1s de 50 millones de pasajeros desde 2017.&nbsp;&nbsp;<\/p>\n\n\n\n<p>La venta de boletos ya se encuentra disponible a trav\u00e9s de los sitios web de Aerom\u00e9xico y Delta. Los pasajeros podr\u00e1n acumular y redimir puntos al volar con Aerom\u00e9xico o Delta a trav\u00e9s de los programas de lealtad Aerom\u00e9xico Rewards y SkyMiles. Adicionalmente, tendr\u00e1n acceso a las 53 salas Delta Sky Club en los Estados Unidos y a 9 Salones Premier en M\u00e9xico. (<a href=\"https:\/\/nitu.mx\/index.php\/2025\/06\/17\/aeromexico-anuncia-ruta-directa-mexico-a-punta-cana-su-estacion-100\/\">Aerom\u00e9xico anuncia ruta directa M\u00e9xico a Punta Cana, su estaci\u00f3n #100<\/a>).<\/p>\n\n\n\n<p>La ruta entre CDMX y San Juan operar\u00e1 en los siguientes horarios:<\/p>\n\n\n\n<figure class=\"wp-block-table\"><table><tbody><tr><td><strong>RUTA<\/strong><\/td><td><strong>D\u00cdAS<\/strong><\/td><td><strong>SALIDA<\/strong><\/td><td><strong>LLEGADA<\/strong><\/td><\/tr><tr><td><strong>Ciudad de M\u00e9xico \u2013<br>San Juan<\/strong><\/td><td>Mi\u00e9rcoles, jueves, viernes y s\u00e1bado<\/td><td>12:00 h<\/td><td>18:55 h<\/td><\/tr><tr><td><strong>San Juan \u2013 Ciudad de M\u00e9xico<\/strong><\/td><td>&nbsp;Jueves, viernes, s\u00e1bado y domingo<\/td><td>13:02 h<\/td><td>16:15 h<\/td><\/tr><\/tbody><\/table><\/figure>\n","protected":false},"excerpt":{"rendered":"<p>A partir del pr\u00f3ximo 29 de octubre, Aerom\u00e9xico comenzar\u00e1 a operar vuelos directos desde la Ciudad de M\u00e9xico hacia San Juan, Puerto Rico, con cuatro frecuencias semanales, aunque en la temporada alta, del 18 de diciembre al 4 de enero, la ruta operar\u00e1 un vuelo diario. La alianza Aerom\u00e9xico-Delta inform\u00f3 que esta ruta representar\u00e1 una [&hellip;]<\/p>\n","protected":false},"author":17,"featured_media":29995,"comment_status":"closed","ping_status":"closed","sticky":false,"template":"","format":"standard","meta":{"footnotes":""},"categories":[29],"tags":[30,587,4049,1383,11625],"yoast_head":"<!-- This site is optimized with the Yoast SEO plugin v22.2 - https:\/\/yoast.com\/wordpress\/plugins\/seo\/ -->\n<title>Aerom\u00e9xico anuncia nueva ruta directa entre M\u00e9xico y Puerto Rico - Nitu - Noticias de la Industria Turistica<\/title>\n<meta name=\"robots\" content=\"index, follow, max-snippet:-1, max-image-preview:large, max-video-preview:-1\" \/>\n<link rel=\"canonical\" href=\"https:\/\/nitu.mx\/index.php\/2025\/06\/23\/aeromexico-anuncia-nueva-ruta-directa-entre-mexico-y-puerto-rico\/\" \/>\n<meta name=\"twitter:card\" content=\"summary_large_image\" \/>\n<meta name=\"twitter:title\" content=\"Aerom\u00e9xico anuncia nueva ruta directa entre M\u00e9xico y Puerto Rico - Nitu - Noticias de la Industria Turistica\" \/>\n<meta name=\"twitter:description\" content=\"A partir del pr\u00f3ximo 29 de octubre, Aerom\u00e9xico comenzar\u00e1 a operar vuelos directos desde la Ciudad de M\u00e9xico hacia San Juan, Puerto Rico, con cuatro frecuencias semanales, aunque en la temporada alta, del 18 de diciembre al 4 de enero, la ruta operar\u00e1 un vuelo diario. La alianza Aerom\u00e9xico-Delta inform\u00f3 que esta ruta representar\u00e1 una [&hellip;]\" \/>\n<meta name=\"twitter:image\" content=\"https:\/\/nitu.mx\/wp-content\/uploads\/2019\/03\/aeromexico-737-MAX.jpg\" \/>\n<meta name=\"twitter:creator\" content=\"@NITUmx\" \/>\n<meta name=\"twitter:site\" content=\"@Arturo_Medina_G\" \/>\n<meta name=\"twitter:label1\" content=\"Escrito por\" \/>\n\t<meta name=\"twitter:data1\" content=\"Redacci\u00f3n\" \/>\n\t<meta name=\"twitter:label2\" content=\"Tiempo de lectura\" \/>\n\t<meta name=\"twitter:data2\" content=\"3 minutos\" \/>\n<script type=\"application\/ld+json\" class=\"yoast-schema-graph\">{\"@context\":\"https:\/\/schema.org\",\"@graph\":[{\"@type\":\"Article\",\"@id\":\"https:\/\/nitu.mx\/index.php\/2025\/06\/23\/aeromexico-anuncia-nueva-ruta-directa-entre-mexico-y-puerto-rico\/#article\",\"isPartOf\":{\"@id\":\"https:\/\/nitu.mx\/index.php\/2025\/06\/23\/aeromexico-anuncia-nueva-ruta-directa-entre-mexico-y-puerto-rico\/\"},\"author\":{\"name\":\"Redacci\u00f3n\",\"@id\":\"https:\/\/nitu.mx\/#\/schema\/person\/4a28fe9bd65924f7c90623773daf1b0b\"},\"headline\":\"Aerom\u00e9xico anuncia nueva ruta directa entre M\u00e9xico y Puerto Rico\",\"datePublished\":\"2025-06-23T21:12:36+00:00\",\"dateModified\":\"2025-06-23T21:15:11+00:00\",\"mainEntityOfPage\":{\"@id\":\"https:\/\/nitu.mx\/index.php\/2025\/06\/23\/aeromexico-anuncia-nueva-ruta-directa-entre-mexico-y-puerto-rico\/\"},\"wordCount\":575,\"publisher\":{\"@id\":\"https:\/\/nitu.mx\/#\/schema\/person\/ae7a53426417292d3dd07b45a33e01bc\"},\"image\":{\"@id\":\"https:\/\/nitu.mx\/index.php\/2025\/06\/23\/aeromexico-anuncia-nueva-ruta-directa-entre-mexico-y-puerto-rico\/#primaryimage\"},\"thumbnailUrl\":\"https:\/\/nitu.mx\/wp-content\/uploads\/2019\/03\/aeromexico-737-MAX.jpg\",\"keywords\":[\"Aerom\u00e9xico\",\"CDMX\",\"Giancarlo Mulinelli\",\"Puerto Rico\",\"San Juan\"],\"articleSection\":[\"Aerol\u00edneas\"],\"inLanguage\":\"es-MX\"},{\"@type\":\"WebPage\",\"@id\":\"https:\/\/nitu.mx\/index.php\/2025\/06\/23\/aeromexico-anuncia-nueva-ruta-directa-entre-mexico-y-puerto-rico\/\",\"url\":\"https:\/\/nitu.mx\/index.php\/2025\/06\/23\/aeromexico-anuncia-nueva-ruta-directa-entre-mexico-y-puerto-rico\/\",\"name\":\"Aerom\u00e9xico anuncia nueva ruta directa entre M\u00e9xico y Puerto Rico - Nitu - Noticias de la Industria Turistica\",\"isPartOf\":{\"@id\":\"https:\/\/nitu.mx\/#website\"},\"primaryImageOfPage\":{\"@id\":\"https:\/\/nitu.mx\/index.php\/2025\/06\/23\/aeromexico-anuncia-nueva-ruta-directa-entre-mexico-y-puerto-rico\/#primaryimage\"},\"image\":{\"@id\":\"https:\/\/nitu.mx\/index.php\/2025\/06\/23\/aeromexico-anuncia-nueva-ruta-directa-entre-mexico-y-puerto-rico\/#primaryimage\"},\"thumbnailUrl\":\"https:\/\/nitu.mx\/wp-content\/uploads\/2019\/03\/aeromexico-737-MAX.jpg\",\"datePublished\":\"2025-06-23T21:12:36+00:00\",\"dateModified\":\"2025-06-23T21:15:11+00:00\",\"breadcrumb\":{\"@id\":\"https:\/\/nitu.mx\/index.php\/2025\/06\/23\/aeromexico-anuncia-nueva-ruta-directa-entre-mexico-y-puerto-rico\/#breadcrumb\"},\"inLanguage\":\"es-MX\",\"potentialAction\":[{\"@type\":\"ReadAction\",\"target\":[\"https:\/\/nitu.mx\/index.php\/2025\/06\/23\/aeromexico-anuncia-nueva-ruta-directa-entre-mexico-y-puerto-rico\/\"]}]},{\"@type\":\"ImageObject\",\"inLanguage\":\"es-MX\",\"@id\":\"https:\/\/nitu.mx\/index.php\/2025\/06\/23\/aeromexico-anuncia-nueva-ruta-directa-entre-mexico-y-puerto-rico\/#primaryimage\",\"url\":\"https:\/\/nitu.mx\/wp-content\/uploads\/2019\/03\/aeromexico-737-MAX.jpg\",\"contentUrl\":\"https:\/\/nitu.mx\/wp-content\/uploads\/2019\/03\/aeromexico-737-MAX.jpg\",\"width\":850,\"height\":480,\"caption\":\"aeromexico 737 MAX izzi\"},{\"@type\":\"BreadcrumbList\",\"@id\":\"https:\/\/nitu.mx\/index.php\/2025\/06\/23\/aeromexico-anuncia-nueva-ruta-directa-entre-mexico-y-puerto-rico\/#breadcrumb\",\"itemListElement\":[{\"@type\":\"ListItem\",\"position\":1,\"name\":\"Inicio\",\"item\":\"https:\/\/nitu.mx\/\"},{\"@type\":\"ListItem\",\"position\":2,\"name\":\"Aerom\u00e9xico anuncia nueva ruta directa entre M\u00e9xico y Puerto Rico\"}]},{\"@type\":\"WebSite\",\"@id\":\"https:\/\/nitu.mx\/#website\",\"url\":\"https:\/\/nitu.mx\/\",\"name\":\"Nitu - Noticias de la Industria Turistica\",\"description\":\"Noticias de la Industria Turistica\",\"publisher\":{\"@id\":\"https:\/\/nitu.mx\/#\/schema\/person\/ae7a53426417292d3dd07b45a33e01bc\"},\"alternateName\":\"Noticias de la Industria Turistica\",\"potentialAction\":[{\"@type\":\"SearchAction\",\"target\":{\"@type\":\"EntryPoint\",\"urlTemplate\":\"https:\/\/nitu.mx\/?s={search_term_string}\"},\"query-input\":\"required name=search_term_string\"}],\"inLanguage\":\"es-MX\"},{\"@type\":[\"Person\",\"Organization\"],\"@id\":\"https:\/\/nitu.mx\/#\/schema\/person\/ae7a53426417292d3dd07b45a33e01bc\",\"name\":\"Arturo Medina\",\"image\":{\"@type\":\"ImageObject\",\"inLanguage\":\"es-MX\",\"@id\":\"https:\/\/nitu.mx\/#\/schema\/person\/image\/\",\"url\":\"https:\/\/nitu.mx\/wp-content\/uploads\/2024\/04\/4A315622-1904-4D5C-B022-878CDC840E04-90x90-1.jpeg\",\"contentUrl\":\"https:\/\/nitu.mx\/wp-content\/uploads\/2024\/04\/4A315622-1904-4D5C-B022-878CDC840E04-90x90-1.jpeg\",\"width\":90,\"height\":90,\"caption\":\"Arturo Medina\"},\"logo\":{\"@id\":\"https:\/\/nitu.mx\/#\/schema\/person\/image\/\"},\"description\":\"Director NITU.mx, Egresado de la Escuela de Periodismo Carlos Septi\u00e9n Garc\u00eda. Periodista y analista especializado en turismo desde hace 35 a\u00f1os, radicado en Canc\u00fan Q.Roo. arturo@nitu.mx\",\"sameAs\":[\"https:\/\/nitu.mx\",\"https:\/\/www.facebook.com\/NITUmx\/\",\"medinacancun\",\"https:\/\/twitter.com\/@Arturo_Medina_G\"]},{\"@type\":\"Person\",\"@id\":\"https:\/\/nitu.mx\/#\/schema\/person\/4a28fe9bd65924f7c90623773daf1b0b\",\"name\":\"Redacci\u00f3n\",\"image\":{\"@type\":\"ImageObject\",\"inLanguage\":\"es-MX\",\"@id\":\"https:\/\/nitu.mx\/#\/schema\/person\/image\/\",\"url\":\"https:\/\/secure.gravatar.com\/avatar\/5dd011c8ccfc5cd7e4c81e42252aab38?s=96&d=mm&r=g\",\"contentUrl\":\"https:\/\/secure.gravatar.com\/avatar\/5dd011c8ccfc5cd7e4c81e42252aab38?s=96&d=mm&r=g\",\"caption\":\"Redacci\u00f3n\"},\"url\":\"https:\/\/nitu.mx\/index.php\/author\/redaccion\/\"}]}<\/script>\n<!-- \/ Yoast SEO plugin. -->","yoast_head_json":{"title":"Aerom\u00e9xico anuncia nueva ruta directa entre M\u00e9xico y Puerto Rico - Nitu - Noticias de la Industria Turistica","robots":{"index":"index","follow":"follow","max-snippet":"max-snippet:-1","max-image-preview":"max-image-preview:large","max-video-preview":"max-video-preview:-1"},"canonical":"https:\/\/nitu.mx\/index.php\/2025\/06\/23\/aeromexico-anuncia-nueva-ruta-directa-entre-mexico-y-puerto-rico\/","twitter_card":"summary_large_image","twitter_title":"Aerom\u00e9xico anuncia nueva ruta directa entre M\u00e9xico y Puerto Rico - Nitu - Noticias de la Industria Turistica","twitter_description":"A partir del pr\u00f3ximo 29 de octubre, Aerom\u00e9xico comenzar\u00e1 a operar vuelos directos desde la Ciudad de M\u00e9xico hacia San Juan, Puerto Rico, con cuatro frecuencias semanales, aunque en la temporada alta, del 18 de diciembre al 4 de enero, la ruta operar\u00e1 un vuelo diario. La alianza Aerom\u00e9xico-Delta inform\u00f3 que esta ruta representar\u00e1 una [&hellip;]","twitter_image":"https:\/\/nitu.mx\/wp-content\/uploads\/2019\/03\/aeromexico-737-MAX.jpg","twitter_creator":"@NITUmx","twitter_site":"@Arturo_Medina_G","twitter_misc":{"Escrito por":"Redacci\u00f3n","Tiempo de lectura":"3 minutos"},"schema":{"@context":"https:\/\/schema.org","@graph":[{"@type":"Article","@id":"https:\/\/nitu.mx\/index.php\/2025\/06\/23\/aeromexico-anuncia-nueva-ruta-directa-entre-mexico-y-puerto-rico\/#article","isPartOf":{"@id":"https:\/\/nitu.mx\/index.php\/2025\/06\/23\/aeromexico-anuncia-nueva-ruta-directa-entre-mexico-y-puerto-rico\/"},"author":{"name":"Redacci\u00f3n","@id":"https:\/\/nitu.mx\/#\/schema\/person\/4a28fe9bd65924f7c90623773daf1b0b"},"headline":"Aerom\u00e9xico anuncia nueva ruta directa entre M\u00e9xico y Puerto Rico","datePublished":"2025-06-23T21:12:36+00:00","dateModified":"2025-06-23T21:15:11+00:00","mainEntityOfPage":{"@id":"https:\/\/nitu.mx\/index.php\/2025\/06\/23\/aeromexico-anuncia-nueva-ruta-directa-entre-mexico-y-puerto-rico\/"},"wordCount":575,"publisher":{"@id":"https:\/\/nitu.mx\/#\/schema\/person\/ae7a53426417292d3dd07b45a33e01bc"},"image":{"@id":"https:\/\/nitu.mx\/index.php\/2025\/06\/23\/aeromexico-anuncia-nueva-ruta-directa-entre-mexico-y-puerto-rico\/#primaryimage"},"thumbnailUrl":"https:\/\/nitu.mx\/wp-content\/uploads\/2019\/03\/aeromexico-737-MAX.jpg","keywords":["Aerom\u00e9xico","CDMX","Giancarlo Mulinelli","Puerto Rico","San Juan"],"articleSection":["Aerol\u00edneas"],"inLanguage":"es-MX"},{"@type":"WebPage","@id":"https:\/\/nitu.mx\/index.php\/2025\/06\/23\/aeromexico-anuncia-nueva-ruta-directa-entre-mexico-y-puerto-rico\/","url":"https:\/\/nitu.mx\/index.php\/2025\/06\/23\/aeromexico-anuncia-nueva-ruta-directa-entre-mexico-y-puerto-rico\/","name":"Aerom\u00e9xico anuncia nueva ruta directa entre M\u00e9xico y Puerto Rico - Nitu - Noticias de la Industria Turistica","isPartOf":{"@id":"https:\/\/nitu.mx\/#website"},"primaryImageOfPage":{"@id":"https:\/\/nitu.mx\/index.php\/2025\/06\/23\/aeromexico-anuncia-nueva-ruta-directa-entre-mexico-y-puerto-rico\/#primaryimage"},"image":{"@id":"https:\/\/nitu.mx\/index.php\/2025\/06\/23\/aeromexico-anuncia-nueva-ruta-directa-entre-mexico-y-puerto-rico\/#primaryimage"},"thumbnailUrl":"https:\/\/nitu.mx\/wp-content\/uploads\/2019\/03\/aeromexico-737-MAX.jpg","datePublished":"2025-06-23T21:12:36+00:00","dateModified":"2025-06-23T21:15:11+00:00","breadcrumb":{"@id":"https:\/\/nitu.mx\/index.php\/2025\/06\/23\/aeromexico-anuncia-nueva-ruta-directa-entre-mexico-y-puerto-rico\/#breadcrumb"},"inLanguage":"es-MX","potentialAction":[{"@type":"ReadAction","target":["https:\/\/nitu.mx\/index.php\/2025\/06\/23\/aeromexico-anuncia-nueva-ruta-directa-entre-mexico-y-puerto-rico\/"]}]},{"@type":"ImageObject","inLanguage":"es-MX","@id":"https:\/\/nitu.mx\/index.php\/2025\/06\/23\/aeromexico-anuncia-nueva-ruta-directa-entre-mexico-y-puerto-rico\/#primaryimage","url":"https:\/\/nitu.mx\/wp-content\/uploads\/2019\/03\/aeromexico-737-MAX.jpg","contentUrl":"https:\/\/nitu.mx\/wp-content\/uploads\/2019\/03\/aeromexico-737-MAX.jpg","width":850,"height":480,"caption":"aeromexico 737 MAX izzi"},{"@type":"BreadcrumbList","@id":"https:\/\/nitu.mx\/index.php\/2025\/06\/23\/aeromexico-anuncia-nueva-ruta-directa-entre-mexico-y-puerto-rico\/#breadcrumb","itemListElement":[{"@type":"ListItem","position":1,"name":"Inicio","item":"https:\/\/nitu.mx\/"},{"@type":"ListItem","position":2,"name":"Aerom\u00e9xico anuncia nueva ruta directa entre M\u00e9xico y Puerto Rico"}]},{"@type":"WebSite","@id":"https:\/\/nitu.mx\/#website","url":"https:\/\/nitu.mx\/","name":"Nitu - Noticias de la Industria Turistica","description":"Noticias de la Industria Turistica","publisher":{"@id":"https:\/\/nitu.mx\/#\/schema\/person\/ae7a53426417292d3dd07b45a33e01bc"},"alternateName":"Noticias de la Industria Turistica","potentialAction":[{"@type":"SearchAction","target":{"@type":"EntryPoint","urlTemplate":"https:\/\/nitu.mx\/?s={search_term_string}"},"query-input":"required name=search_term_string"}],"inLanguage":"es-MX"},{"@type":["Person","Organization"],"@id":"https:\/\/nitu.mx\/#\/schema\/person\/ae7a53426417292d3dd07b45a33e01bc","name":"Arturo Medina","image":{"@type":"ImageObject","inLanguage":"es-MX","@id":"https:\/\/nitu.mx\/#\/schema\/person\/image\/","url":"https:\/\/nitu.mx\/wp-content\/uploads\/2024\/04\/4A315622-1904-4D5C-B022-878CDC840E04-90x90-1.jpeg","contentUrl":"https:\/\/nitu.mx\/wp-content\/uploads\/2024\/04\/4A315622-1904-4D5C-B022-878CDC840E04-90x90-1.jpeg","width":90,"height":90,"caption":"Arturo Medina"},"logo":{"@id":"https:\/\/nitu.mx\/#\/schema\/person\/image\/"},"description":"Director NITU.mx, Egresado de la Escuela de Periodismo Carlos Septi\u00e9n Garc\u00eda. Periodista y analista especializado en turismo desde hace 35 a\u00f1os, radicado en Canc\u00fan Q.Roo. arturo@nitu.mx","sameAs":["https:\/\/nitu.mx","https:\/\/www.facebook.com\/NITUmx\/","medinacancun","https:\/\/twitter.com\/@Arturo_Medina_G"]},{"@type":"Person","@id":"https:\/\/nitu.mx\/#\/schema\/person\/4a28fe9bd65924f7c90623773daf1b0b","name":"Redacci\u00f3n","image":{"@type":"ImageObject","inLanguage":"es-MX","@id":"https:\/\/nitu.mx\/#\/schema\/person\/image\/","url":"https:\/\/secure.gravatar.com\/avatar\/5dd011c8ccfc5cd7e4c81e42252aab38?s=96&d=mm&r=g","contentUrl":"https:\/\/secure.gravatar.com\/avatar\/5dd011c8ccfc5cd7e4c81e42252aab38?s=96&d=mm&r=g","caption":"Redacci\u00f3n"},"url":"https:\/\/nitu.mx\/index.php\/author\/redaccion\/"}]}},"views":562,"_links":{"self":[{"href":"https:\/\/nitu.mx\/index.php\/wp-json\/wp\/v2\/posts\/81938"}],"collection":[{"href":"https:\/\/nitu.mx\/index.php\/wp-json\/wp\/v2\/posts"}],"about":[{"href":"https:\/\/nitu.mx\/index.php\/wp-json\/wp\/v2\/types\/post"}],"author":[{"embeddable":true,"href":"https:\/\/nitu.mx\/index.php\/wp-json\/wp\/v2\/users\/17"}],"replies":[{"embeddable":true,"href":"https:\/\/nitu.mx\/index.php\/wp-json\/wp\/v2\/comments?post=81938"}],"version-history":[{"count":2,"href":"https:\/\/nitu.mx\/index.php\/wp-json\/wp\/v2\/posts\/81938\/revisions"}],"predecessor-version":[{"id":81942,"href":"https:\/\/nitu.mx\/index.php\/wp-json\/wp\/v2\/posts\/81938\/revisions\/81942"}],"wp:featuredmedia":[{"embeddable":true,"href":"https:\/\/nitu.mx\/index.php\/wp-json\/wp\/v2\/media\/29995"}],"wp:attachment":[{"href":"https:\/\/nitu.mx\/index.php\/wp-json\/wp\/v2\/media?parent=81938"}],"wp:term":[{"taxonomy":"category","embeddable":true,"href":"https:\/\/nitu.mx\/index.php\/wp-json\/wp\/v2\/categories?post=81938"},{"taxonomy":"post_tag","embeddable":true,"href":"https:\/\/nitu.mx\/index.php\/wp-json\/wp\/v2\/tags?post=81938"}],"curies":[{"name":"wp","href":"https:\/\/api.w.org\/{rel}","templated":true}]}}