{"id":81932,"date":"2025-06-22T22:30:00","date_gmt":"2025-06-23T04:30:00","guid":{"rendered":"https:\/\/nitu.mx\/?p=81932"},"modified":"2025-06-22T22:06:22","modified_gmt":"2025-06-23T04:06:22","slug":"sectur-y-visa-unen-fuerzas-para-impulsar-el-turismo-mediante-analisis-de-datos","status":"publish","type":"post","link":"https:\/\/nitu.mx\/index.php\/2025\/06\/22\/sectur-y-visa-unen-fuerzas-para-impulsar-el-turismo-mediante-analisis-de-datos\/","title":{"rendered":"Sectur y Visa unen fuerzas para impulsar el turismo mediante an\u00e1lisis de datos"},"content":{"rendered":"\n<p>La Secretar\u00eda de Turismo federal (Sectur) y Visa, firmaron un Convenio de Colaboraci\u00f3n con el prop\u00f3sito de fortalecer la estrategia tur\u00edstica nacional mediante el uso de datos agregados del gasto de los turistas internacionales que visitan M\u00e9xico.<\/p>\n\n\n\n<p>Esta alianza voluntaria y sin fines de lucro representa un modelo de colaboraci\u00f3n que aprovecha las fortalezas de ambas instituciones con un objetivo com\u00fan: impulsar el desarrollo tur\u00edstico y econ\u00f3mico del pa\u00eds.<\/p>\n\n\n\n<p>El convenio tambi\u00e9n establece que Sectur y Visa analizar\u00e1n datos sobre el impacto econ\u00f3mico del turismo internacional en M\u00e9xico en momentos clave como la Copa Mundial de la FIFA 26, de la cual M\u00e9xico ser\u00e1 uno de los pa\u00edses anfitriones. La meta es que los beneficios derivados de este evento hist\u00f3rico se extiendan a diversos destinos del pa\u00eds y generen impactos sostenibles a largo plazo.<\/p>\n\n\n\n<p>La Copa Mundial de la FIFA 26 se perfila como el torneo m\u00e1s grande en la historia de la FIFA, con 104 partidos y 48 equipos participantes. Se estima que millones de personas visitar\u00e1n el pa\u00eds durante el evento, generando una significativa derrama econ\u00f3mica. <\/p>\n\n\n\n<p>A trav\u00e9s del an\u00e1lisis de transacciones digitales, Visa proporcionar\u00e1 a Sectur datos valiosos que contribuir\u00e1n a mejorar la atenci\u00f3n del turista en nuestro pa\u00eds.<\/p>\n\n\n\n<p>La titular de Sectur, Josefina Rodr\u00edguez Zamora, destac\u00f3 que contar con informaci\u00f3n clara fortalece la capacidad de dise\u00f1o e implementaci\u00f3n de pol\u00edticas p\u00fablicas m\u00e1s efectivas, lo que deriva en un turismo m\u00e1s competitivo, inclusivo y sostenible. <\/p>\n\n\n\n<p>La Copa Mundial de la FIFA 26 representa un momento clave para posicionar a M\u00e9xico en el escenario internacional, y este convenio nos permite maximizar los beneficios de este evento en distintos destinos del pa\u00eds.<\/p>\n\n\n\n<p>\u201cDesde la Secretar\u00eda de Turismo reconocemos que la colaboraci\u00f3n estrat\u00e9gica entre el sector p\u00fablico y privado es fundamental para fortalecer el desarrollo tur\u00edstico del pa\u00eds. Esta alianza con Visa representa una valiosa oportunidad para aprovechar herramientas tecnol\u00f3gicas que nos permitan comprender mejor los comportamientos de viaje y orientar nuestras acciones con mayor precisi\u00f3n\u201d, se\u00f1al\u00f3.<\/p>\n\n\n\n<p>Por su parte, el director general de Visa en M\u00e9xico, Francisco Valdivia, coment\u00f3, \u201cuno de nuestros objetivos es fortalecer las oportunidades econ\u00f3micas para personas, negocios y comunidades a trav\u00e9s del acceso a pagos digitales. El turismo es un sector clave para ello, y la Copa Mundial de la FIFA 26 ofrece el contexto ideal para esta colaboraci\u00f3n con SECTUR. Como socio oficial de servicios de pagos de la Copa Mundial de la FIFA\u00a0en Visa queremos contribuir a expandir los beneficios del turismo, maximizando su impacto mediante herramientas tecnol\u00f3gicas y datos \u00fatiles\u201d.<\/p>\n\n\n\n<p>Los integrantes indicaron que este convenio refleja el compromiso de ambas partes para trabajar en conjunto en favor del turismo en M\u00e9xico, con una visi\u00f3n de largo plazo que trascienda el evento deportivo y potencie al pa\u00eds como un destino competitivo, innovador y sostenible. (<a href=\"https:\/\/nitu.mx\/index.php\/2025\/03\/28\/sectur-y-bbva-mexico-impulsaran-la-digitalizacion-y-promocion-de-los-pueblos-magicos\/\">Sectur y BBVA M\u00e9xico impulsar\u00e1n la digitalizaci\u00f3n y promoci\u00f3n de los Pueblos M\u00e1gicos<\/a>).<\/p>\n","protected":false},"excerpt":{"rendered":"<p>La Secretar\u00eda de Turismo federal (Sectur) y Visa, firmaron un Convenio de Colaboraci\u00f3n con el prop\u00f3sito de fortalecer la estrategia tur\u00edstica nacional mediante el uso de datos agregados del gasto de los turistas internacionales que visitan M\u00e9xico. Esta alianza voluntaria y sin fines de lucro representa un modelo de colaboraci\u00f3n que aprovecha las fortalezas de [&hellip;]<\/p>\n","protected":false},"author":17,"featured_media":81937,"comment_status":"closed","ping_status":"closed","sticky":false,"template":"","format":"standard","meta":{"footnotes":""},"categories":[12],"tags":[23624,27507,25659,93,3010],"yoast_head":"<!-- This site is optimized with the Yoast SEO plugin v22.2 - https:\/\/yoast.com\/wordpress\/plugins\/seo\/ -->\n<title>Sectur y Visa unen fuerzas para impulsar el turismo mediante an\u00e1lisis de datos - Nitu - Noticias de la Industria Turistica<\/title>\n<meta name=\"robots\" content=\"index, follow, max-snippet:-1, max-image-preview:large, max-video-preview:-1\" \/>\n<link rel=\"canonical\" href=\"https:\/\/nitu.mx\/index.php\/2025\/06\/22\/sectur-y-visa-unen-fuerzas-para-impulsar-el-turismo-mediante-analisis-de-datos\/\" \/>\n<meta name=\"twitter:card\" content=\"summary_large_image\" \/>\n<meta name=\"twitter:title\" content=\"Sectur y Visa unen fuerzas para impulsar el turismo mediante an\u00e1lisis de datos - Nitu - Noticias de la Industria Turistica\" \/>\n<meta name=\"twitter:description\" content=\"La Secretar\u00eda de Turismo federal (Sectur) y Visa, firmaron un Convenio de Colaboraci\u00f3n con el prop\u00f3sito de fortalecer la estrategia tur\u00edstica nacional mediante el uso de datos agregados del gasto de los turistas internacionales que visitan M\u00e9xico. Esta alianza voluntaria y sin fines de lucro representa un modelo de colaboraci\u00f3n que aprovecha las fortalezas de [&hellip;]\" \/>\n<meta name=\"twitter:image\" content=\"https:\/\/nitu.mx\/wp-content\/uploads\/2025\/06\/Sectur-convenio-Visa.jpg\" \/>\n<meta name=\"twitter:creator\" content=\"@NITUmx\" \/>\n<meta name=\"twitter:site\" content=\"@Arturo_Medina_G\" \/>\n<meta name=\"twitter:label1\" content=\"Escrito por\" \/>\n\t<meta name=\"twitter:data1\" content=\"Redacci\u00f3n\" \/>\n\t<meta name=\"twitter:label2\" content=\"Tiempo de lectura\" \/>\n\t<meta name=\"twitter:data2\" content=\"3 minutos\" \/>\n<script type=\"application\/ld+json\" class=\"yoast-schema-graph\">{\"@context\":\"https:\/\/schema.org\",\"@graph\":[{\"@type\":\"Article\",\"@id\":\"https:\/\/nitu.mx\/index.php\/2025\/06\/22\/sectur-y-visa-unen-fuerzas-para-impulsar-el-turismo-mediante-analisis-de-datos\/#article\",\"isPartOf\":{\"@id\":\"https:\/\/nitu.mx\/index.php\/2025\/06\/22\/sectur-y-visa-unen-fuerzas-para-impulsar-el-turismo-mediante-analisis-de-datos\/\"},\"author\":{\"name\":\"Redacci\u00f3n\",\"@id\":\"https:\/\/nitu.mx\/#\/schema\/person\/4a28fe9bd65924f7c90623773daf1b0b\"},\"headline\":\"Sectur y Visa unen fuerzas para impulsar el turismo mediante an\u00e1lisis de datos\",\"datePublished\":\"2025-06-23T04:30:00+00:00\",\"dateModified\":\"2025-06-23T04:06:22+00:00\",\"mainEntityOfPage\":{\"@id\":\"https:\/\/nitu.mx\/index.php\/2025\/06\/22\/sectur-y-visa-unen-fuerzas-para-impulsar-el-turismo-mediante-analisis-de-datos\/\"},\"wordCount\":543,\"publisher\":{\"@id\":\"https:\/\/nitu.mx\/#\/schema\/person\/ae7a53426417292d3dd07b45a33e01bc\"},\"image\":{\"@id\":\"https:\/\/nitu.mx\/index.php\/2025\/06\/22\/sectur-y-visa-unen-fuerzas-para-impulsar-el-turismo-mediante-analisis-de-datos\/#primaryimage\"},\"thumbnailUrl\":\"https:\/\/nitu.mx\/wp-content\/uploads\/2025\/06\/Sectur-convenio-Visa.jpg\",\"keywords\":[\"Copa Mundial de Futbol\",\"Francisco Valdivia\",\"Josefina Rodr\u00edguez\",\"Sectur\",\"Visa\"],\"articleSection\":[\"Marketing\"],\"inLanguage\":\"es-MX\"},{\"@type\":\"WebPage\",\"@id\":\"https:\/\/nitu.mx\/index.php\/2025\/06\/22\/sectur-y-visa-unen-fuerzas-para-impulsar-el-turismo-mediante-analisis-de-datos\/\",\"url\":\"https:\/\/nitu.mx\/index.php\/2025\/06\/22\/sectur-y-visa-unen-fuerzas-para-impulsar-el-turismo-mediante-analisis-de-datos\/\",\"name\":\"Sectur y Visa unen fuerzas para impulsar el turismo mediante an\u00e1lisis de datos - Nitu - Noticias de la Industria Turistica\",\"isPartOf\":{\"@id\":\"https:\/\/nitu.mx\/#website\"},\"primaryImageOfPage\":{\"@id\":\"https:\/\/nitu.mx\/index.php\/2025\/06\/22\/sectur-y-visa-unen-fuerzas-para-impulsar-el-turismo-mediante-analisis-de-datos\/#primaryimage\"},\"image\":{\"@id\":\"https:\/\/nitu.mx\/index.php\/2025\/06\/22\/sectur-y-visa-unen-fuerzas-para-impulsar-el-turismo-mediante-analisis-de-datos\/#primaryimage\"},\"thumbnailUrl\":\"https:\/\/nitu.mx\/wp-content\/uploads\/2025\/06\/Sectur-convenio-Visa.jpg\",\"datePublished\":\"2025-06-23T04:30:00+00:00\",\"dateModified\":\"2025-06-23T04:06:22+00:00\",\"breadcrumb\":{\"@id\":\"https:\/\/nitu.mx\/index.php\/2025\/06\/22\/sectur-y-visa-unen-fuerzas-para-impulsar-el-turismo-mediante-analisis-de-datos\/#breadcrumb\"},\"inLanguage\":\"es-MX\",\"potentialAction\":[{\"@type\":\"ReadAction\",\"target\":[\"https:\/\/nitu.mx\/index.php\/2025\/06\/22\/sectur-y-visa-unen-fuerzas-para-impulsar-el-turismo-mediante-analisis-de-datos\/\"]}]},{\"@type\":\"ImageObject\",\"inLanguage\":\"es-MX\",\"@id\":\"https:\/\/nitu.mx\/index.php\/2025\/06\/22\/sectur-y-visa-unen-fuerzas-para-impulsar-el-turismo-mediante-analisis-de-datos\/#primaryimage\",\"url\":\"https:\/\/nitu.mx\/wp-content\/uploads\/2025\/06\/Sectur-convenio-Visa.jpg\",\"contentUrl\":\"https:\/\/nitu.mx\/wp-content\/uploads\/2025\/06\/Sectur-convenio-Visa.jpg\",\"width\":1200,\"height\":675,\"caption\":\"Sectur convenio Visa\"},{\"@type\":\"BreadcrumbList\",\"@id\":\"https:\/\/nitu.mx\/index.php\/2025\/06\/22\/sectur-y-visa-unen-fuerzas-para-impulsar-el-turismo-mediante-analisis-de-datos\/#breadcrumb\",\"itemListElement\":[{\"@type\":\"ListItem\",\"position\":1,\"name\":\"Inicio\",\"item\":\"https:\/\/nitu.mx\/\"},{\"@type\":\"ListItem\",\"position\":2,\"name\":\"Sectur y Visa unen fuerzas para impulsar el turismo mediante an\u00e1lisis de datos\"}]},{\"@type\":\"WebSite\",\"@id\":\"https:\/\/nitu.mx\/#website\",\"url\":\"https:\/\/nitu.mx\/\",\"name\":\"Nitu - Noticias de la Industria Turistica\",\"description\":\"Noticias de la Industria Turistica\",\"publisher\":{\"@id\":\"https:\/\/nitu.mx\/#\/schema\/person\/ae7a53426417292d3dd07b45a33e01bc\"},\"alternateName\":\"Noticias de la Industria Turistica\",\"potentialAction\":[{\"@type\":\"SearchAction\",\"target\":{\"@type\":\"EntryPoint\",\"urlTemplate\":\"https:\/\/nitu.mx\/?s={search_term_string}\"},\"query-input\":\"required name=search_term_string\"}],\"inLanguage\":\"es-MX\"},{\"@type\":[\"Person\",\"Organization\"],\"@id\":\"https:\/\/nitu.mx\/#\/schema\/person\/ae7a53426417292d3dd07b45a33e01bc\",\"name\":\"Arturo Medina\",\"image\":{\"@type\":\"ImageObject\",\"inLanguage\":\"es-MX\",\"@id\":\"https:\/\/nitu.mx\/#\/schema\/person\/image\/\",\"url\":\"https:\/\/nitu.mx\/wp-content\/uploads\/2024\/04\/4A315622-1904-4D5C-B022-878CDC840E04-90x90-1.jpeg\",\"contentUrl\":\"https:\/\/nitu.mx\/wp-content\/uploads\/2024\/04\/4A315622-1904-4D5C-B022-878CDC840E04-90x90-1.jpeg\",\"width\":90,\"height\":90,\"caption\":\"Arturo Medina\"},\"logo\":{\"@id\":\"https:\/\/nitu.mx\/#\/schema\/person\/image\/\"},\"description\":\"Director NITU.mx, Egresado de la Escuela de Periodismo Carlos Septi\u00e9n Garc\u00eda. Periodista y analista especializado en turismo desde hace 35 a\u00f1os, radicado en Canc\u00fan Q.Roo. arturo@nitu.mx\",\"sameAs\":[\"https:\/\/nitu.mx\",\"https:\/\/www.facebook.com\/NITUmx\/\",\"medinacancun\",\"https:\/\/twitter.com\/@Arturo_Medina_G\"]},{\"@type\":\"Person\",\"@id\":\"https:\/\/nitu.mx\/#\/schema\/person\/4a28fe9bd65924f7c90623773daf1b0b\",\"name\":\"Redacci\u00f3n\",\"image\":{\"@type\":\"ImageObject\",\"inLanguage\":\"es-MX\",\"@id\":\"https:\/\/nitu.mx\/#\/schema\/person\/image\/\",\"url\":\"https:\/\/secure.gravatar.com\/avatar\/5dd011c8ccfc5cd7e4c81e42252aab38?s=96&d=mm&r=g\",\"contentUrl\":\"https:\/\/secure.gravatar.com\/avatar\/5dd011c8ccfc5cd7e4c81e42252aab38?s=96&d=mm&r=g\",\"caption\":\"Redacci\u00f3n\"},\"url\":\"https:\/\/nitu.mx\/index.php\/author\/redaccion\/\"}]}<\/script>\n<!-- \/ Yoast SEO plugin. -->","yoast_head_json":{"title":"Sectur y Visa unen fuerzas para impulsar el turismo mediante an\u00e1lisis de datos - Nitu - Noticias de la Industria Turistica","robots":{"index":"index","follow":"follow","max-snippet":"max-snippet:-1","max-image-preview":"max-image-preview:large","max-video-preview":"max-video-preview:-1"},"canonical":"https:\/\/nitu.mx\/index.php\/2025\/06\/22\/sectur-y-visa-unen-fuerzas-para-impulsar-el-turismo-mediante-analisis-de-datos\/","twitter_card":"summary_large_image","twitter_title":"Sectur y Visa unen fuerzas para impulsar el turismo mediante an\u00e1lisis de datos - Nitu - Noticias de la Industria Turistica","twitter_description":"La Secretar\u00eda de Turismo federal (Sectur) y Visa, firmaron un Convenio de Colaboraci\u00f3n con el prop\u00f3sito de fortalecer la estrategia tur\u00edstica nacional mediante el uso de datos agregados del gasto de los turistas internacionales que visitan M\u00e9xico. Esta alianza voluntaria y sin fines de lucro representa un modelo de colaboraci\u00f3n que aprovecha las fortalezas de [&hellip;]","twitter_image":"https:\/\/nitu.mx\/wp-content\/uploads\/2025\/06\/Sectur-convenio-Visa.jpg","twitter_creator":"@NITUmx","twitter_site":"@Arturo_Medina_G","twitter_misc":{"Escrito por":"Redacci\u00f3n","Tiempo de lectura":"3 minutos"},"schema":{"@context":"https:\/\/schema.org","@graph":[{"@type":"Article","@id":"https:\/\/nitu.mx\/index.php\/2025\/06\/22\/sectur-y-visa-unen-fuerzas-para-impulsar-el-turismo-mediante-analisis-de-datos\/#article","isPartOf":{"@id":"https:\/\/nitu.mx\/index.php\/2025\/06\/22\/sectur-y-visa-unen-fuerzas-para-impulsar-el-turismo-mediante-analisis-de-datos\/"},"author":{"name":"Redacci\u00f3n","@id":"https:\/\/nitu.mx\/#\/schema\/person\/4a28fe9bd65924f7c90623773daf1b0b"},"headline":"Sectur y Visa unen fuerzas para impulsar el turismo mediante an\u00e1lisis de datos","datePublished":"2025-06-23T04:30:00+00:00","dateModified":"2025-06-23T04:06:22+00:00","mainEntityOfPage":{"@id":"https:\/\/nitu.mx\/index.php\/2025\/06\/22\/sectur-y-visa-unen-fuerzas-para-impulsar-el-turismo-mediante-analisis-de-datos\/"},"wordCount":543,"publisher":{"@id":"https:\/\/nitu.mx\/#\/schema\/person\/ae7a53426417292d3dd07b45a33e01bc"},"image":{"@id":"https:\/\/nitu.mx\/index.php\/2025\/06\/22\/sectur-y-visa-unen-fuerzas-para-impulsar-el-turismo-mediante-analisis-de-datos\/#primaryimage"},"thumbnailUrl":"https:\/\/nitu.mx\/wp-content\/uploads\/2025\/06\/Sectur-convenio-Visa.jpg","keywords":["Copa Mundial de Futbol","Francisco Valdivia","Josefina Rodr\u00edguez","Sectur","Visa"],"articleSection":["Marketing"],"inLanguage":"es-MX"},{"@type":"WebPage","@id":"https:\/\/nitu.mx\/index.php\/2025\/06\/22\/sectur-y-visa-unen-fuerzas-para-impulsar-el-turismo-mediante-analisis-de-datos\/","url":"https:\/\/nitu.mx\/index.php\/2025\/06\/22\/sectur-y-visa-unen-fuerzas-para-impulsar-el-turismo-mediante-analisis-de-datos\/","name":"Sectur y Visa unen fuerzas para impulsar el turismo mediante an\u00e1lisis de datos - Nitu - Noticias de la Industria Turistica","isPartOf":{"@id":"https:\/\/nitu.mx\/#website"},"primaryImageOfPage":{"@id":"https:\/\/nitu.mx\/index.php\/2025\/06\/22\/sectur-y-visa-unen-fuerzas-para-impulsar-el-turismo-mediante-analisis-de-datos\/#primaryimage"},"image":{"@id":"https:\/\/nitu.mx\/index.php\/2025\/06\/22\/sectur-y-visa-unen-fuerzas-para-impulsar-el-turismo-mediante-analisis-de-datos\/#primaryimage"},"thumbnailUrl":"https:\/\/nitu.mx\/wp-content\/uploads\/2025\/06\/Sectur-convenio-Visa.jpg","datePublished":"2025-06-23T04:30:00+00:00","dateModified":"2025-06-23T04:06:22+00:00","breadcrumb":{"@id":"https:\/\/nitu.mx\/index.php\/2025\/06\/22\/sectur-y-visa-unen-fuerzas-para-impulsar-el-turismo-mediante-analisis-de-datos\/#breadcrumb"},"inLanguage":"es-MX","potentialAction":[{"@type":"ReadAction","target":["https:\/\/nitu.mx\/index.php\/2025\/06\/22\/sectur-y-visa-unen-fuerzas-para-impulsar-el-turismo-mediante-analisis-de-datos\/"]}]},{"@type":"ImageObject","inLanguage":"es-MX","@id":"https:\/\/nitu.mx\/index.php\/2025\/06\/22\/sectur-y-visa-unen-fuerzas-para-impulsar-el-turismo-mediante-analisis-de-datos\/#primaryimage","url":"https:\/\/nitu.mx\/wp-content\/uploads\/2025\/06\/Sectur-convenio-Visa.jpg","contentUrl":"https:\/\/nitu.mx\/wp-content\/uploads\/2025\/06\/Sectur-convenio-Visa.jpg","width":1200,"height":675,"caption":"Sectur convenio Visa"},{"@type":"BreadcrumbList","@id":"https:\/\/nitu.mx\/index.php\/2025\/06\/22\/sectur-y-visa-unen-fuerzas-para-impulsar-el-turismo-mediante-analisis-de-datos\/#breadcrumb","itemListElement":[{"@type":"ListItem","position":1,"name":"Inicio","item":"https:\/\/nitu.mx\/"},{"@type":"ListItem","position":2,"name":"Sectur y Visa unen fuerzas para impulsar el turismo mediante an\u00e1lisis de datos"}]},{"@type":"WebSite","@id":"https:\/\/nitu.mx\/#website","url":"https:\/\/nitu.mx\/","name":"Nitu - Noticias de la Industria Turistica","description":"Noticias de la Industria Turistica","publisher":{"@id":"https:\/\/nitu.mx\/#\/schema\/person\/ae7a53426417292d3dd07b45a33e01bc"},"alternateName":"Noticias de la Industria Turistica","potentialAction":[{"@type":"SearchAction","target":{"@type":"EntryPoint","urlTemplate":"https:\/\/nitu.mx\/?s={search_term_string}"},"query-input":"required name=search_term_string"}],"inLanguage":"es-MX"},{"@type":["Person","Organization"],"@id":"https:\/\/nitu.mx\/#\/schema\/person\/ae7a53426417292d3dd07b45a33e01bc","name":"Arturo Medina","image":{"@type":"ImageObject","inLanguage":"es-MX","@id":"https:\/\/nitu.mx\/#\/schema\/person\/image\/","url":"https:\/\/nitu.mx\/wp-content\/uploads\/2024\/04\/4A315622-1904-4D5C-B022-878CDC840E04-90x90-1.jpeg","contentUrl":"https:\/\/nitu.mx\/wp-content\/uploads\/2024\/04\/4A315622-1904-4D5C-B022-878CDC840E04-90x90-1.jpeg","width":90,"height":90,"caption":"Arturo Medina"},"logo":{"@id":"https:\/\/nitu.mx\/#\/schema\/person\/image\/"},"description":"Director NITU.mx, Egresado de la Escuela de Periodismo Carlos Septi\u00e9n Garc\u00eda. Periodista y analista especializado en turismo desde hace 35 a\u00f1os, radicado en Canc\u00fan Q.Roo. arturo@nitu.mx","sameAs":["https:\/\/nitu.mx","https:\/\/www.facebook.com\/NITUmx\/","medinacancun","https:\/\/twitter.com\/@Arturo_Medina_G"]},{"@type":"Person","@id":"https:\/\/nitu.mx\/#\/schema\/person\/4a28fe9bd65924f7c90623773daf1b0b","name":"Redacci\u00f3n","image":{"@type":"ImageObject","inLanguage":"es-MX","@id":"https:\/\/nitu.mx\/#\/schema\/person\/image\/","url":"https:\/\/secure.gravatar.com\/avatar\/5dd011c8ccfc5cd7e4c81e42252aab38?s=96&d=mm&r=g","contentUrl":"https:\/\/secure.gravatar.com\/avatar\/5dd011c8ccfc5cd7e4c81e42252aab38?s=96&d=mm&r=g","caption":"Redacci\u00f3n"},"url":"https:\/\/nitu.mx\/index.php\/author\/redaccion\/"}]}},"views":461,"_links":{"self":[{"href":"https:\/\/nitu.mx\/index.php\/wp-json\/wp\/v2\/posts\/81932"}],"collection":[{"href":"https:\/\/nitu.mx\/index.php\/wp-json\/wp\/v2\/posts"}],"about":[{"href":"https:\/\/nitu.mx\/index.php\/wp-json\/wp\/v2\/types\/post"}],"author":[{"embeddable":true,"href":"https:\/\/nitu.mx\/index.php\/wp-json\/wp\/v2\/users\/17"}],"replies":[{"embeddable":true,"href":"https:\/\/nitu.mx\/index.php\/wp-json\/wp\/v2\/comments?post=81932"}],"version-history":[{"count":2,"href":"https:\/\/nitu.mx\/index.php\/wp-json\/wp\/v2\/posts\/81932\/revisions"}],"predecessor-version":[{"id":81936,"href":"https:\/\/nitu.mx\/index.php\/wp-json\/wp\/v2\/posts\/81932\/revisions\/81936"}],"wp:featuredmedia":[{"embeddable":true,"href":"https:\/\/nitu.mx\/index.php\/wp-json\/wp\/v2\/media\/81937"}],"wp:attachment":[{"href":"https:\/\/nitu.mx\/index.php\/wp-json\/wp\/v2\/media?parent=81932"}],"wp:term":[{"taxonomy":"category","embeddable":true,"href":"https:\/\/nitu.mx\/index.php\/wp-json\/wp\/v2\/categories?post=81932"},{"taxonomy":"post_tag","embeddable":true,"href":"https:\/\/nitu.mx\/index.php\/wp-json\/wp\/v2\/tags?post=81932"}],"curies":[{"name":"wp","href":"https:\/\/api.w.org\/{rel}","templated":true}]}}