{"id":81905,"date":"2025-06-19T22:41:46","date_gmt":"2025-06-20T04:41:46","guid":{"rendered":"https:\/\/nitu.mx\/?p=81905"},"modified":"2025-06-19T22:41:46","modified_gmt":"2025-06-20T04:41:46","slug":"summit-afeet-trends-reune-a-generaciones-para-hablar-de-innovacion-en-turismo-digital","status":"publish","type":"post","link":"https:\/\/nitu.mx\/index.php\/2025\/06\/19\/summit-afeet-trends-reune-a-generaciones-para-hablar-de-innovacion-en-turismo-digital\/","title":{"rendered":"Summit AFEET Trends re\u00fane a generaciones para hablar de innovaci\u00f3n en turismo digital"},"content":{"rendered":"<p>La Asociaci\u00f3n Femenil de Ejecutivas de Empresas Tur\u00edsticas (AFEET), cap\u00edtulo Quintana Roo, celebr\u00f3 con \u00e9xito la primera edici\u00f3n del \u201cSummit AFEET Trends: Turismo Digital, Conectando Generaciones\u201d, un encuentro dise\u00f1ado para analizar las principales tendencias tecnol\u00f3gicas del sector y fomentar el intercambio intergeneracional de conocimientos.<\/p>\n<p>El evento reuni\u00f3 a cerca de 200 participantes, entre profesionales, emprendedores y estudiantes de turismo, quienes asistieron a conferencias impartidas por expertos nacionales e internacionales.<\/p>\n<p>Entre los ponentes destacados estuvieron Carrie Wilder, Senior Director de M\u00e9xico, Centroam\u00e9rica y el Caribe en Expedia Group; Mario Molina, Director de Ventas en Amadeus; Gerardo de la Vega, CEO de Sargento Pimienta; y Mario Sp\u00edndola, Director de Estrategia de Use the Force. Las exposiciones abordaron temas como innovaci\u00f3n digital, marketing tur\u00edstico, inteligencia artificial y los retos del turismo ante nuevas generaciones de viajeros.<\/p>\n<p>Durante su intervenci\u00f3n, Mario Molina (Amadeus) subray\u00f3 la creciente importancia del seguro de viaje, especialmente en mercados como el estadounidense, donde su ausencia representa una p\u00e9rdida econ\u00f3mica significativa para los turistas.<\/p>\n<p>Mencion\u00f3 adem\u00e1s que algunas agencias han comenzado a integrar estos seguros en el proceso de reservaci\u00f3n. Tambi\u00e9n destac\u00f3 que la inteligencia artificial est\u00e1 siendo adoptada principalmente en procesos administrativos, mientras que el servicio al cliente sigue requiriendo un trato humano.<\/p>\n<p>Por su parte, Carrie Wilder (Expedia Group) comparti\u00f3 los resultados del \u00cdndice del Viajero 2025, basado en entrevistas a 11 mil personas en 11 pa\u00edses. El estudio revel\u00f3 que m\u00e1s del 50 % de los encuestados planea realizar m\u00e1s viajes y est\u00e1 dispuesto a gastar m\u00e1s, siempre cuidando los precios.<\/p>\n<p>En ese contexto, Canc\u00fan contin\u00faa como uno de los destinos m\u00e1s buscados en el mercado nacional e internacional. La ejecutiva tambi\u00e9n reconoci\u00f3 que el boicot de turistas canadienses, derivado de tensiones pol\u00edticas con Estados Unidos, impact\u00f3 la temporada de invierno en el Caribe Mexicano.<\/p>\n<p>\u201cEstamos muy orgullosas de los resultados obtenidos en este primer Summit AFEET Trends. Ha sido un espacio enriquecedor para compartir conocimiento, generar sinergias y fortalecer la profesionalizaci\u00f3n del turismo en nuestra regi\u00f3n\u201d, expres\u00f3 Mar\u00eda Eugenia Su\u00e1rez, presidenta de AFEET Quintana Roo.<\/p>\n<p>Con esta primera edici\u00f3n, AFEET inaugura una nueva etapa de encuentros que buscan fortalecer el turismo con una visi\u00f3n moderna, inclusiva y de largo plazo. (<a href=\"https:\/\/nitu.mx\/index.php\/2025\/06\/02\/afeet-quintana-roo-organiza-primer-summit-sobre-turismo-digital-enfocado-en-conectar-generaciones\/\">AFEET Quintana Roo organiza primer summit sobre turismo digital enfocado en conectar generaciones<\/a>).<\/p>\n","protected":false},"excerpt":{"rendered":"<p>La Asociaci\u00f3n Femenil de Ejecutivas de Empresas Tur\u00edsticas (AFEET), cap\u00edtulo Quintana Roo, celebr\u00f3 con \u00e9xito la primera edici\u00f3n del \u201cSummit AFEET Trends: Turismo Digital, Conectando Generaciones\u201d, un encuentro dise\u00f1ado para analizar las principales tendencias tecnol\u00f3gicas del sector y fomentar el intercambio intergeneracional de conocimientos. El evento reuni\u00f3 a cerca de 200 participantes, entre profesionales, emprendedores [&hellip;]<\/p>\n","protected":false},"author":3,"featured_media":81906,"comment_status":"closed","ping_status":"closed","sticky":false,"template":"","format":"standard","meta":{"footnotes":""},"categories":[18475,12],"tags":[2078,17477,27099,27465],"yoast_head":"<!-- This site is optimized with the Yoast SEO plugin v22.2 - https:\/\/yoast.com\/wordpress\/plugins\/seo\/ -->\n<title>Summit AFEET Trends re\u00fane a generaciones para hablar de innovaci\u00f3n en turismo digital - Nitu - Noticias de la Industria Turistica<\/title>\n<meta name=\"robots\" content=\"index, follow, max-snippet:-1, max-image-preview:large, max-video-preview:-1\" \/>\n<link rel=\"canonical\" href=\"https:\/\/nitu.mx\/index.php\/2025\/06\/19\/summit-afeet-trends-reune-a-generaciones-para-hablar-de-innovacion-en-turismo-digital\/\" \/>\n<meta name=\"twitter:card\" content=\"summary_large_image\" \/>\n<meta name=\"twitter:title\" content=\"Summit AFEET Trends re\u00fane a generaciones para hablar de innovaci\u00f3n en turismo digital - Nitu - Noticias de la Industria Turistica\" \/>\n<meta name=\"twitter:description\" content=\"La Asociaci\u00f3n Femenil de Ejecutivas de Empresas Tur\u00edsticas (AFEET), cap\u00edtulo Quintana Roo, celebr\u00f3 con \u00e9xito la primera edici\u00f3n del \u201cSummit AFEET Trends: Turismo Digital, Conectando Generaciones\u201d, un encuentro dise\u00f1ado para analizar las principales tendencias tecnol\u00f3gicas del sector y fomentar el intercambio intergeneracional de conocimientos. El evento reuni\u00f3 a cerca de 200 participantes, entre profesionales, emprendedores [&hellip;]\" \/>\n<meta name=\"twitter:image\" content=\"https:\/\/nitu.mx\/wp-content\/uploads\/2025\/06\/AFFETSUMMIT.jpeg\" \/>\n<meta name=\"twitter:creator\" content=\"@NITUmx\" \/>\n<meta name=\"twitter:site\" content=\"@Arturo_Medina_G\" \/>\n<meta name=\"twitter:label1\" content=\"Escrito por\" \/>\n\t<meta name=\"twitter:data1\" content=\"Alejandra Moncisbays\" \/>\n\t<meta name=\"twitter:label2\" content=\"Tiempo de lectura\" \/>\n\t<meta name=\"twitter:data2\" content=\"2 minutos\" \/>\n<script type=\"application\/ld+json\" class=\"yoast-schema-graph\">{\"@context\":\"https:\/\/schema.org\",\"@graph\":[{\"@type\":\"Article\",\"@id\":\"https:\/\/nitu.mx\/index.php\/2025\/06\/19\/summit-afeet-trends-reune-a-generaciones-para-hablar-de-innovacion-en-turismo-digital\/#article\",\"isPartOf\":{\"@id\":\"https:\/\/nitu.mx\/index.php\/2025\/06\/19\/summit-afeet-trends-reune-a-generaciones-para-hablar-de-innovacion-en-turismo-digital\/\"},\"author\":{\"name\":\"Alejandra Moncisbays\",\"@id\":\"https:\/\/nitu.mx\/#\/schema\/person\/2ecd887b19dfd3382d1f14fc5acf24a8\"},\"headline\":\"Summit AFEET Trends re\u00fane a generaciones para hablar de innovaci\u00f3n en turismo digital\",\"datePublished\":\"2025-06-20T04:41:46+00:00\",\"dateModified\":\"2025-06-20T04:41:46+00:00\",\"mainEntityOfPage\":{\"@id\":\"https:\/\/nitu.mx\/index.php\/2025\/06\/19\/summit-afeet-trends-reune-a-generaciones-para-hablar-de-innovacion-en-turismo-digital\/\"},\"wordCount\":418,\"publisher\":{\"@id\":\"https:\/\/nitu.mx\/#\/schema\/person\/ae7a53426417292d3dd07b45a33e01bc\"},\"image\":{\"@id\":\"https:\/\/nitu.mx\/index.php\/2025\/06\/19\/summit-afeet-trends-reune-a-generaciones-para-hablar-de-innovacion-en-turismo-digital\/#primaryimage\"},\"thumbnailUrl\":\"https:\/\/nitu.mx\/wp-content\/uploads\/2025\/06\/AFFETSUMMIT.jpeg\",\"keywords\":[\"AFEET\",\"innovaci\u00f3n\",\"Maria Eugenia Su\u00e1rez del Valle\",\"Summit AFEET Trends\"],\"articleSection\":[\"Caribe Mexicano\",\"Marketing\"],\"inLanguage\":\"es-MX\"},{\"@type\":\"WebPage\",\"@id\":\"https:\/\/nitu.mx\/index.php\/2025\/06\/19\/summit-afeet-trends-reune-a-generaciones-para-hablar-de-innovacion-en-turismo-digital\/\",\"url\":\"https:\/\/nitu.mx\/index.php\/2025\/06\/19\/summit-afeet-trends-reune-a-generaciones-para-hablar-de-innovacion-en-turismo-digital\/\",\"name\":\"Summit AFEET Trends re\u00fane a generaciones para hablar de innovaci\u00f3n en turismo digital - Nitu - Noticias de la Industria Turistica\",\"isPartOf\":{\"@id\":\"https:\/\/nitu.mx\/#website\"},\"primaryImageOfPage\":{\"@id\":\"https:\/\/nitu.mx\/index.php\/2025\/06\/19\/summit-afeet-trends-reune-a-generaciones-para-hablar-de-innovacion-en-turismo-digital\/#primaryimage\"},\"image\":{\"@id\":\"https:\/\/nitu.mx\/index.php\/2025\/06\/19\/summit-afeet-trends-reune-a-generaciones-para-hablar-de-innovacion-en-turismo-digital\/#primaryimage\"},\"thumbnailUrl\":\"https:\/\/nitu.mx\/wp-content\/uploads\/2025\/06\/AFFETSUMMIT.jpeg\",\"datePublished\":\"2025-06-20T04:41:46+00:00\",\"dateModified\":\"2025-06-20T04:41:46+00:00\",\"breadcrumb\":{\"@id\":\"https:\/\/nitu.mx\/index.php\/2025\/06\/19\/summit-afeet-trends-reune-a-generaciones-para-hablar-de-innovacion-en-turismo-digital\/#breadcrumb\"},\"inLanguage\":\"es-MX\",\"potentialAction\":[{\"@type\":\"ReadAction\",\"target\":[\"https:\/\/nitu.mx\/index.php\/2025\/06\/19\/summit-afeet-trends-reune-a-generaciones-para-hablar-de-innovacion-en-turismo-digital\/\"]}]},{\"@type\":\"ImageObject\",\"inLanguage\":\"es-MX\",\"@id\":\"https:\/\/nitu.mx\/index.php\/2025\/06\/19\/summit-afeet-trends-reune-a-generaciones-para-hablar-de-innovacion-en-turismo-digital\/#primaryimage\",\"url\":\"https:\/\/nitu.mx\/wp-content\/uploads\/2025\/06\/AFFETSUMMIT.jpeg\",\"contentUrl\":\"https:\/\/nitu.mx\/wp-content\/uploads\/2025\/06\/AFFETSUMMIT.jpeg\",\"width\":1600,\"height\":1200,\"caption\":\"AFFET SUMMIT\"},{\"@type\":\"BreadcrumbList\",\"@id\":\"https:\/\/nitu.mx\/index.php\/2025\/06\/19\/summit-afeet-trends-reune-a-generaciones-para-hablar-de-innovacion-en-turismo-digital\/#breadcrumb\",\"itemListElement\":[{\"@type\":\"ListItem\",\"position\":1,\"name\":\"Inicio\",\"item\":\"https:\/\/nitu.mx\/\"},{\"@type\":\"ListItem\",\"position\":2,\"name\":\"Summit AFEET Trends re\u00fane a generaciones para hablar de innovaci\u00f3n en turismo digital\"}]},{\"@type\":\"WebSite\",\"@id\":\"https:\/\/nitu.mx\/#website\",\"url\":\"https:\/\/nitu.mx\/\",\"name\":\"Nitu - Noticias de la Industria Turistica\",\"description\":\"Noticias de la Industria Turistica\",\"publisher\":{\"@id\":\"https:\/\/nitu.mx\/#\/schema\/person\/ae7a53426417292d3dd07b45a33e01bc\"},\"alternateName\":\"Noticias de la Industria Turistica\",\"potentialAction\":[{\"@type\":\"SearchAction\",\"target\":{\"@type\":\"EntryPoint\",\"urlTemplate\":\"https:\/\/nitu.mx\/?s={search_term_string}\"},\"query-input\":\"required name=search_term_string\"}],\"inLanguage\":\"es-MX\"},{\"@type\":[\"Person\",\"Organization\"],\"@id\":\"https:\/\/nitu.mx\/#\/schema\/person\/ae7a53426417292d3dd07b45a33e01bc\",\"name\":\"Arturo Medina\",\"image\":{\"@type\":\"ImageObject\",\"inLanguage\":\"es-MX\",\"@id\":\"https:\/\/nitu.mx\/#\/schema\/person\/image\/\",\"url\":\"https:\/\/nitu.mx\/wp-content\/uploads\/2024\/04\/4A315622-1904-4D5C-B022-878CDC840E04-90x90-1.jpeg\",\"contentUrl\":\"https:\/\/nitu.mx\/wp-content\/uploads\/2024\/04\/4A315622-1904-4D5C-B022-878CDC840E04-90x90-1.jpeg\",\"width\":90,\"height\":90,\"caption\":\"Arturo Medina\"},\"logo\":{\"@id\":\"https:\/\/nitu.mx\/#\/schema\/person\/image\/\"},\"description\":\"Director NITU.mx, Egresado de la Escuela de Periodismo Carlos Septi\u00e9n Garc\u00eda. Periodista y analista especializado en turismo desde hace 35 a\u00f1os, radicado en Canc\u00fan Q.Roo. arturo@nitu.mx\",\"sameAs\":[\"https:\/\/nitu.mx\",\"https:\/\/www.facebook.com\/NITUmx\/\",\"medinacancun\",\"https:\/\/twitter.com\/@Arturo_Medina_G\"]},{\"@type\":\"Person\",\"@id\":\"https:\/\/nitu.mx\/#\/schema\/person\/2ecd887b19dfd3382d1f14fc5acf24a8\",\"name\":\"Alejandra Moncisbays\",\"image\":{\"@type\":\"ImageObject\",\"inLanguage\":\"es-MX\",\"@id\":\"https:\/\/nitu.mx\/#\/schema\/person\/image\/\",\"url\":\"https:\/\/secure.gravatar.com\/avatar\/e74f7af0be172b7804dacfd0bfbef787?s=96&d=mm&r=g\",\"contentUrl\":\"https:\/\/secure.gravatar.com\/avatar\/e74f7af0be172b7804dacfd0bfbef787?s=96&d=mm&r=g\",\"caption\":\"Alejandra Moncisbays\"},\"description\":\"Curs\u00e9 la carrera de Periodismo y Comunicaci\u00f3n en la Facultad de Estudios Profesionales Acatl\u00e1n. Vivo en Canc\u00fan desde hace 24 a\u00f1os. Fui reportera de La Tarde de Canc\u00fan, y Novedades de Quintana Roo, colabor\u00e9 en TVCUN, edit\u00e9 Cancun\u00edssimo y colabor\u00e9 en las revistas Latitud21, entre otras, con principal enfoque en los sectores empresarial y tur\u00edstico. Desde hace varios a\u00f1os soy Agente de Seguros con c\u00e9dula de la Comisi\u00f3n Nacional de Seguros y Fianzas. Actualmente, me desarrollo en los \u00e1mbitos del periodismo y el sector asegurador.\",\"sameAs\":[\"https:\/\/nitu.mx\"],\"url\":\"https:\/\/nitu.mx\/index.php\/author\/alejandra\/\"}]}<\/script>\n<!-- \/ Yoast SEO plugin. -->","yoast_head_json":{"title":"Summit AFEET Trends re\u00fane a generaciones para hablar de innovaci\u00f3n en turismo digital - Nitu - Noticias de la Industria Turistica","robots":{"index":"index","follow":"follow","max-snippet":"max-snippet:-1","max-image-preview":"max-image-preview:large","max-video-preview":"max-video-preview:-1"},"canonical":"https:\/\/nitu.mx\/index.php\/2025\/06\/19\/summit-afeet-trends-reune-a-generaciones-para-hablar-de-innovacion-en-turismo-digital\/","twitter_card":"summary_large_image","twitter_title":"Summit AFEET Trends re\u00fane a generaciones para hablar de innovaci\u00f3n en turismo digital - Nitu - Noticias de la Industria Turistica","twitter_description":"La Asociaci\u00f3n Femenil de Ejecutivas de Empresas Tur\u00edsticas (AFEET), cap\u00edtulo Quintana Roo, celebr\u00f3 con \u00e9xito la primera edici\u00f3n del \u201cSummit AFEET Trends: Turismo Digital, Conectando Generaciones\u201d, un encuentro dise\u00f1ado para analizar las principales tendencias tecnol\u00f3gicas del sector y fomentar el intercambio intergeneracional de conocimientos. El evento reuni\u00f3 a cerca de 200 participantes, entre profesionales, emprendedores [&hellip;]","twitter_image":"https:\/\/nitu.mx\/wp-content\/uploads\/2025\/06\/AFFETSUMMIT.jpeg","twitter_creator":"@NITUmx","twitter_site":"@Arturo_Medina_G","twitter_misc":{"Escrito por":"Alejandra Moncisbays","Tiempo de lectura":"2 minutos"},"schema":{"@context":"https:\/\/schema.org","@graph":[{"@type":"Article","@id":"https:\/\/nitu.mx\/index.php\/2025\/06\/19\/summit-afeet-trends-reune-a-generaciones-para-hablar-de-innovacion-en-turismo-digital\/#article","isPartOf":{"@id":"https:\/\/nitu.mx\/index.php\/2025\/06\/19\/summit-afeet-trends-reune-a-generaciones-para-hablar-de-innovacion-en-turismo-digital\/"},"author":{"name":"Alejandra Moncisbays","@id":"https:\/\/nitu.mx\/#\/schema\/person\/2ecd887b19dfd3382d1f14fc5acf24a8"},"headline":"Summit AFEET Trends re\u00fane a generaciones para hablar de innovaci\u00f3n en turismo digital","datePublished":"2025-06-20T04:41:46+00:00","dateModified":"2025-06-20T04:41:46+00:00","mainEntityOfPage":{"@id":"https:\/\/nitu.mx\/index.php\/2025\/06\/19\/summit-afeet-trends-reune-a-generaciones-para-hablar-de-innovacion-en-turismo-digital\/"},"wordCount":418,"publisher":{"@id":"https:\/\/nitu.mx\/#\/schema\/person\/ae7a53426417292d3dd07b45a33e01bc"},"image":{"@id":"https:\/\/nitu.mx\/index.php\/2025\/06\/19\/summit-afeet-trends-reune-a-generaciones-para-hablar-de-innovacion-en-turismo-digital\/#primaryimage"},"thumbnailUrl":"https:\/\/nitu.mx\/wp-content\/uploads\/2025\/06\/AFFETSUMMIT.jpeg","keywords":["AFEET","innovaci\u00f3n","Maria Eugenia Su\u00e1rez del Valle","Summit AFEET Trends"],"articleSection":["Caribe Mexicano","Marketing"],"inLanguage":"es-MX"},{"@type":"WebPage","@id":"https:\/\/nitu.mx\/index.php\/2025\/06\/19\/summit-afeet-trends-reune-a-generaciones-para-hablar-de-innovacion-en-turismo-digital\/","url":"https:\/\/nitu.mx\/index.php\/2025\/06\/19\/summit-afeet-trends-reune-a-generaciones-para-hablar-de-innovacion-en-turismo-digital\/","name":"Summit AFEET Trends re\u00fane a generaciones para hablar de innovaci\u00f3n en turismo digital - Nitu - Noticias de la Industria Turistica","isPartOf":{"@id":"https:\/\/nitu.mx\/#website"},"primaryImageOfPage":{"@id":"https:\/\/nitu.mx\/index.php\/2025\/06\/19\/summit-afeet-trends-reune-a-generaciones-para-hablar-de-innovacion-en-turismo-digital\/#primaryimage"},"image":{"@id":"https:\/\/nitu.mx\/index.php\/2025\/06\/19\/summit-afeet-trends-reune-a-generaciones-para-hablar-de-innovacion-en-turismo-digital\/#primaryimage"},"thumbnailUrl":"https:\/\/nitu.mx\/wp-content\/uploads\/2025\/06\/AFFETSUMMIT.jpeg","datePublished":"2025-06-20T04:41:46+00:00","dateModified":"2025-06-20T04:41:46+00:00","breadcrumb":{"@id":"https:\/\/nitu.mx\/index.php\/2025\/06\/19\/summit-afeet-trends-reune-a-generaciones-para-hablar-de-innovacion-en-turismo-digital\/#breadcrumb"},"inLanguage":"es-MX","potentialAction":[{"@type":"ReadAction","target":["https:\/\/nitu.mx\/index.php\/2025\/06\/19\/summit-afeet-trends-reune-a-generaciones-para-hablar-de-innovacion-en-turismo-digital\/"]}]},{"@type":"ImageObject","inLanguage":"es-MX","@id":"https:\/\/nitu.mx\/index.php\/2025\/06\/19\/summit-afeet-trends-reune-a-generaciones-para-hablar-de-innovacion-en-turismo-digital\/#primaryimage","url":"https:\/\/nitu.mx\/wp-content\/uploads\/2025\/06\/AFFETSUMMIT.jpeg","contentUrl":"https:\/\/nitu.mx\/wp-content\/uploads\/2025\/06\/AFFETSUMMIT.jpeg","width":1600,"height":1200,"caption":"AFFET SUMMIT"},{"@type":"BreadcrumbList","@id":"https:\/\/nitu.mx\/index.php\/2025\/06\/19\/summit-afeet-trends-reune-a-generaciones-para-hablar-de-innovacion-en-turismo-digital\/#breadcrumb","itemListElement":[{"@type":"ListItem","position":1,"name":"Inicio","item":"https:\/\/nitu.mx\/"},{"@type":"ListItem","position":2,"name":"Summit AFEET Trends re\u00fane a generaciones para hablar de innovaci\u00f3n en turismo digital"}]},{"@type":"WebSite","@id":"https:\/\/nitu.mx\/#website","url":"https:\/\/nitu.mx\/","name":"Nitu - Noticias de la Industria Turistica","description":"Noticias de la Industria Turistica","publisher":{"@id":"https:\/\/nitu.mx\/#\/schema\/person\/ae7a53426417292d3dd07b45a33e01bc"},"alternateName":"Noticias de la Industria Turistica","potentialAction":[{"@type":"SearchAction","target":{"@type":"EntryPoint","urlTemplate":"https:\/\/nitu.mx\/?s={search_term_string}"},"query-input":"required name=search_term_string"}],"inLanguage":"es-MX"},{"@type":["Person","Organization"],"@id":"https:\/\/nitu.mx\/#\/schema\/person\/ae7a53426417292d3dd07b45a33e01bc","name":"Arturo Medina","image":{"@type":"ImageObject","inLanguage":"es-MX","@id":"https:\/\/nitu.mx\/#\/schema\/person\/image\/","url":"https:\/\/nitu.mx\/wp-content\/uploads\/2024\/04\/4A315622-1904-4D5C-B022-878CDC840E04-90x90-1.jpeg","contentUrl":"https:\/\/nitu.mx\/wp-content\/uploads\/2024\/04\/4A315622-1904-4D5C-B022-878CDC840E04-90x90-1.jpeg","width":90,"height":90,"caption":"Arturo Medina"},"logo":{"@id":"https:\/\/nitu.mx\/#\/schema\/person\/image\/"},"description":"Director NITU.mx, Egresado de la Escuela de Periodismo Carlos Septi\u00e9n Garc\u00eda. Periodista y analista especializado en turismo desde hace 35 a\u00f1os, radicado en Canc\u00fan Q.Roo. arturo@nitu.mx","sameAs":["https:\/\/nitu.mx","https:\/\/www.facebook.com\/NITUmx\/","medinacancun","https:\/\/twitter.com\/@Arturo_Medina_G"]},{"@type":"Person","@id":"https:\/\/nitu.mx\/#\/schema\/person\/2ecd887b19dfd3382d1f14fc5acf24a8","name":"Alejandra Moncisbays","image":{"@type":"ImageObject","inLanguage":"es-MX","@id":"https:\/\/nitu.mx\/#\/schema\/person\/image\/","url":"https:\/\/secure.gravatar.com\/avatar\/e74f7af0be172b7804dacfd0bfbef787?s=96&d=mm&r=g","contentUrl":"https:\/\/secure.gravatar.com\/avatar\/e74f7af0be172b7804dacfd0bfbef787?s=96&d=mm&r=g","caption":"Alejandra Moncisbays"},"description":"Curs\u00e9 la carrera de Periodismo y Comunicaci\u00f3n en la Facultad de Estudios Profesionales Acatl\u00e1n. Vivo en Canc\u00fan desde hace 24 a\u00f1os. Fui reportera de La Tarde de Canc\u00fan, y Novedades de Quintana Roo, colabor\u00e9 en TVCUN, edit\u00e9 Cancun\u00edssimo y colabor\u00e9 en las revistas Latitud21, entre otras, con principal enfoque en los sectores empresarial y tur\u00edstico. Desde hace varios a\u00f1os soy Agente de Seguros con c\u00e9dula de la Comisi\u00f3n Nacional de Seguros y Fianzas. Actualmente, me desarrollo en los \u00e1mbitos del periodismo y el sector asegurador.","sameAs":["https:\/\/nitu.mx"],"url":"https:\/\/nitu.mx\/index.php\/author\/alejandra\/"}]}},"views":855,"_links":{"self":[{"href":"https:\/\/nitu.mx\/index.php\/wp-json\/wp\/v2\/posts\/81905"}],"collection":[{"href":"https:\/\/nitu.mx\/index.php\/wp-json\/wp\/v2\/posts"}],"about":[{"href":"https:\/\/nitu.mx\/index.php\/wp-json\/wp\/v2\/types\/post"}],"author":[{"embeddable":true,"href":"https:\/\/nitu.mx\/index.php\/wp-json\/wp\/v2\/users\/3"}],"replies":[{"embeddable":true,"href":"https:\/\/nitu.mx\/index.php\/wp-json\/wp\/v2\/comments?post=81905"}],"version-history":[{"count":2,"href":"https:\/\/nitu.mx\/index.php\/wp-json\/wp\/v2\/posts\/81905\/revisions"}],"predecessor-version":[{"id":81909,"href":"https:\/\/nitu.mx\/index.php\/wp-json\/wp\/v2\/posts\/81905\/revisions\/81909"}],"wp:featuredmedia":[{"embeddable":true,"href":"https:\/\/nitu.mx\/index.php\/wp-json\/wp\/v2\/media\/81906"}],"wp:attachment":[{"href":"https:\/\/nitu.mx\/index.php\/wp-json\/wp\/v2\/media?parent=81905"}],"wp:term":[{"taxonomy":"category","embeddable":true,"href":"https:\/\/nitu.mx\/index.php\/wp-json\/wp\/v2\/categories?post=81905"},{"taxonomy":"post_tag","embeddable":true,"href":"https:\/\/nitu.mx\/index.php\/wp-json\/wp\/v2\/tags?post=81905"}],"curies":[{"name":"wp","href":"https:\/\/api.w.org\/{rel}","templated":true}]}}