{"id":81863,"date":"2025-06-18T21:50:13","date_gmt":"2025-06-19T03:50:13","guid":{"rendered":"https:\/\/nitu.mx\/?p=81863"},"modified":"2025-06-18T21:50:14","modified_gmt":"2025-06-19T03:50:14","slug":"grupo-lomas-preve-una-solida-temporada-de-verano-va-tras-turismo-canadiense","status":"publish","type":"post","link":"https:\/\/nitu.mx\/index.php\/2025\/06\/18\/grupo-lomas-preve-una-solida-temporada-de-verano-va-tras-turismo-canadiense\/","title":{"rendered":"Grupo Lomas prev\u00e9 una s\u00f3lida temporada de verano, va tras turismo canadiense"},"content":{"rendered":"<p>Grupo Lomas prev\u00e9 una s\u00f3lida temporada de verano tras registrar un crecimiento sostenido en los primeros seis meses del a\u00f1o, impulsado por un aumento del 22 % en el turismo canadiense y del 6 % en el estadounidense. Durante este periodo, su agencia de viajes transport\u00f3 a m\u00e1s de 228 mil clientes y sus hoteles recibieron a casi 80 mil hu\u00e9spedes.<\/p>\n<p>Con una ocupaci\u00f3n promedio del 70 % en el primer semestre, el corporativo tur\u00edstico report\u00f3 un alza del 5 % respecto al mismo periodo de 2024, a pesar de una mayor competencia y variaciones en la conectividad a\u00e9rea. La presidenta del Consejo de Administraci\u00f3n, Dolores L\u00f3pez Lira, destac\u00f3 que nueve de cada diez visitantes provienen del extranjero, siendo Estados Unidos su principal mercado (57 %), seguido por Europa (16 %), Canad\u00e1 (14 %) y M\u00e9xico (12.6 %).<\/p>\n<p>El segmento nacional se concentra en turistas de Guadalajara, Ciudad de M\u00e9xico, Monterrey, Baj\u00edo y Tijuana. Adem\u00e1s, ha crecido el inter\u00e9s por experiencias personalizadas, lo que favoreci\u00f3 un incremento superior al 7 % en las reservas del club vacacional Exotic Traveler, as\u00ed como una mayor demanda en bodas y viajes familiares.<\/p>\n<p>La segmentaci\u00f3n actual del turismo que recibe Grupo Lomas se compone de un 36 % de familias, 26 % de bodas, 24 % de parejas y lunamieleros, 8 % de socios Exotic y 6 % de grupos.<\/p>\n<p>En cuanto al turismo receptivo, su DMC Lomas Travel report\u00f3 un incremento del 24 % en traslados, equivalentes al 3 % del total de llegadas al aeropuerto de Canc\u00fan. El 81 % de los viajeros fueron extranjeros y el 36 % se dirigieron a hoteles de Grupo Lomas, mientras que el resto opt\u00f3 por otros alojamientos del Caribe Mexicano, con un crecimiento notable hacia Costa Mujeres.<\/p>\n<p>De cara al verano, la CEO y vicepresidenta del Consejo, Samantha Frachey, reconoci\u00f3 que ser\u00e1 una temporada altamente competitiva, pero confi\u00f3 en la fortaleza del programa More Inclusive, que ofrece experiencias adicionales como paseos en catamar\u00e1n, tirolesas, cavernas subterr\u00e1neas, actividades acu\u00e1ticas, brunch tem\u00e1ticos y parques de aventura.<\/p>\n<p>Entre los logros destacados del semestre se encuentran el premio internacional otorgado al parque acu\u00e1tico Aqua Nick por la IAAPA, el distintivo de Empresa Socialmente Responsable, los Cuatro Diamantes de la AAA para el hotel El Cielo en Valle de Guadalupe y la insignia VERIFIED Responsible Hospitality de Forbes para Palafitos Overwater Bungalows. Adem\u00e1s, AMEXME reconoci\u00f3 a Dolores L\u00f3pez Lira por su trayectoria de m\u00e1s de cinco d\u00e9cadas en la industria.<\/p>\n<p>Para el segundo semestre, Grupo Lomas proyecta una ocupaci\u00f3n consolidada y un crecimiento del 10 % en su agencia de viajes. Para ello, activar\u00e1 campa\u00f1as en mercados internacionales, fortalecer\u00e1 su relaci\u00f3n con socios y agencias, y apostar\u00e1 por el segmento de bodas y grupos con propuestas diferenciadas.<\/p>\n<p>Finalmente, se anunci\u00f3 el nombramiento de Alejandro L\u00f3pez Dom\u00ednguez como nuevo Director Corporativo de Operaciones Hoteleras, con la misi\u00f3n de elevar la eficiencia y mantener los est\u00e1ndares de calidad a nivel mundial. (<a href=\"https:\/\/nitu.mx\/index.php\/2025\/05\/20\/forbes-travel-guide-reconoce-a-grupo-lomas-por-su-compromiso-con-la-hospitalidad-responsable\/\">Forbes Travel Guide reconoce a Grupo Lomas por su compromiso con la hospitalidad responsable<\/a>).<\/p>\n","protected":false},"excerpt":{"rendered":"<p>Grupo Lomas prev\u00e9 una s\u00f3lida temporada de verano tras registrar un crecimiento sostenido en los primeros seis meses del a\u00f1o, impulsado por un aumento del 22 % en el turismo canadiense y del 6 % en el estadounidense. Durante este periodo, su agencia de viajes transport\u00f3 a m\u00e1s de 228 mil clientes y sus hoteles [&hellip;]<\/p>\n","protected":false},"author":3,"featured_media":81866,"comment_status":"closed","ping_status":"closed","sticky":false,"template":"","format":"standard","meta":{"footnotes":""},"categories":[18475,2],"tags":[2758,5920,2096],"yoast_head":"<!-- This site is optimized with the Yoast SEO plugin v22.2 - https:\/\/yoast.com\/wordpress\/plugins\/seo\/ -->\n<title>Grupo Lomas prev\u00e9 una s\u00f3lida temporada de verano, va tras turismo canadiense - Nitu - Noticias de la Industria Turistica<\/title>\n<meta name=\"robots\" content=\"index, follow, max-snippet:-1, max-image-preview:large, max-video-preview:-1\" \/>\n<link rel=\"canonical\" href=\"https:\/\/nitu.mx\/index.php\/2025\/06\/18\/grupo-lomas-preve-una-solida-temporada-de-verano-va-tras-turismo-canadiense\/\" \/>\n<meta name=\"twitter:card\" content=\"summary_large_image\" \/>\n<meta name=\"twitter:title\" content=\"Grupo Lomas prev\u00e9 una s\u00f3lida temporada de verano, va tras turismo canadiense - Nitu - Noticias de la Industria Turistica\" \/>\n<meta name=\"twitter:description\" content=\"Grupo Lomas prev\u00e9 una s\u00f3lida temporada de verano tras registrar un crecimiento sostenido en los primeros seis meses del a\u00f1o, impulsado por un aumento del 22 % en el turismo canadiense y del 6 % en el estadounidense. Durante este periodo, su agencia de viajes transport\u00f3 a m\u00e1s de 228 mil clientes y sus hoteles [&hellip;]\" \/>\n<meta name=\"twitter:image\" content=\"https:\/\/nitu.mx\/wp-content\/uploads\/2025\/06\/LOMASTRAVELJUNIO25.jpeg\" \/>\n<meta name=\"twitter:creator\" content=\"@NITUmx\" \/>\n<meta name=\"twitter:site\" content=\"@Arturo_Medina_G\" \/>\n<meta name=\"twitter:label1\" content=\"Escrito por\" \/>\n\t<meta name=\"twitter:data1\" content=\"Alejandra Moncisbays\" \/>\n\t<meta name=\"twitter:label2\" content=\"Tiempo de lectura\" \/>\n\t<meta name=\"twitter:data2\" content=\"2 minutos\" \/>\n<script type=\"application\/ld+json\" class=\"yoast-schema-graph\">{\"@context\":\"https:\/\/schema.org\",\"@graph\":[{\"@type\":\"Article\",\"@id\":\"https:\/\/nitu.mx\/index.php\/2025\/06\/18\/grupo-lomas-preve-una-solida-temporada-de-verano-va-tras-turismo-canadiense\/#article\",\"isPartOf\":{\"@id\":\"https:\/\/nitu.mx\/index.php\/2025\/06\/18\/grupo-lomas-preve-una-solida-temporada-de-verano-va-tras-turismo-canadiense\/\"},\"author\":{\"name\":\"Alejandra Moncisbays\",\"@id\":\"https:\/\/nitu.mx\/#\/schema\/person\/2ecd887b19dfd3382d1f14fc5acf24a8\"},\"headline\":\"Grupo Lomas prev\u00e9 una s\u00f3lida temporada de verano, va tras turismo canadiense\",\"datePublished\":\"2025-06-19T03:50:13+00:00\",\"dateModified\":\"2025-06-19T03:50:14+00:00\",\"mainEntityOfPage\":{\"@id\":\"https:\/\/nitu.mx\/index.php\/2025\/06\/18\/grupo-lomas-preve-una-solida-temporada-de-verano-va-tras-turismo-canadiense\/\"},\"wordCount\":507,\"publisher\":{\"@id\":\"https:\/\/nitu.mx\/#\/schema\/person\/ae7a53426417292d3dd07b45a33e01bc\"},\"image\":{\"@id\":\"https:\/\/nitu.mx\/index.php\/2025\/06\/18\/grupo-lomas-preve-una-solida-temporada-de-verano-va-tras-turismo-canadiense\/#primaryimage\"},\"thumbnailUrl\":\"https:\/\/nitu.mx\/wp-content\/uploads\/2025\/06\/LOMASTRAVELJUNIO25.jpeg\",\"keywords\":[\"canadienses\",\"Dolores L\u00f3pez Lira\",\"Grupo Lomas\"],\"articleSection\":[\"Caribe Mexicano\",\"Hoteles\"],\"inLanguage\":\"es-MX\"},{\"@type\":\"WebPage\",\"@id\":\"https:\/\/nitu.mx\/index.php\/2025\/06\/18\/grupo-lomas-preve-una-solida-temporada-de-verano-va-tras-turismo-canadiense\/\",\"url\":\"https:\/\/nitu.mx\/index.php\/2025\/06\/18\/grupo-lomas-preve-una-solida-temporada-de-verano-va-tras-turismo-canadiense\/\",\"name\":\"Grupo Lomas prev\u00e9 una s\u00f3lida temporada de verano, va tras turismo canadiense - Nitu - Noticias de la Industria Turistica\",\"isPartOf\":{\"@id\":\"https:\/\/nitu.mx\/#website\"},\"primaryImageOfPage\":{\"@id\":\"https:\/\/nitu.mx\/index.php\/2025\/06\/18\/grupo-lomas-preve-una-solida-temporada-de-verano-va-tras-turismo-canadiense\/#primaryimage\"},\"image\":{\"@id\":\"https:\/\/nitu.mx\/index.php\/2025\/06\/18\/grupo-lomas-preve-una-solida-temporada-de-verano-va-tras-turismo-canadiense\/#primaryimage\"},\"thumbnailUrl\":\"https:\/\/nitu.mx\/wp-content\/uploads\/2025\/06\/LOMASTRAVELJUNIO25.jpeg\",\"datePublished\":\"2025-06-19T03:50:13+00:00\",\"dateModified\":\"2025-06-19T03:50:14+00:00\",\"breadcrumb\":{\"@id\":\"https:\/\/nitu.mx\/index.php\/2025\/06\/18\/grupo-lomas-preve-una-solida-temporada-de-verano-va-tras-turismo-canadiense\/#breadcrumb\"},\"inLanguage\":\"es-MX\",\"potentialAction\":[{\"@type\":\"ReadAction\",\"target\":[\"https:\/\/nitu.mx\/index.php\/2025\/06\/18\/grupo-lomas-preve-una-solida-temporada-de-verano-va-tras-turismo-canadiense\/\"]}]},{\"@type\":\"ImageObject\",\"inLanguage\":\"es-MX\",\"@id\":\"https:\/\/nitu.mx\/index.php\/2025\/06\/18\/grupo-lomas-preve-una-solida-temporada-de-verano-va-tras-turismo-canadiense\/#primaryimage\",\"url\":\"https:\/\/nitu.mx\/wp-content\/uploads\/2025\/06\/LOMASTRAVELJUNIO25.jpeg\",\"contentUrl\":\"https:\/\/nitu.mx\/wp-content\/uploads\/2025\/06\/LOMASTRAVELJUNIO25.jpeg\",\"width\":1280,\"height\":853,\"caption\":\"LOMAS TRAVEL JUNIO 25\"},{\"@type\":\"BreadcrumbList\",\"@id\":\"https:\/\/nitu.mx\/index.php\/2025\/06\/18\/grupo-lomas-preve-una-solida-temporada-de-verano-va-tras-turismo-canadiense\/#breadcrumb\",\"itemListElement\":[{\"@type\":\"ListItem\",\"position\":1,\"name\":\"Inicio\",\"item\":\"https:\/\/nitu.mx\/\"},{\"@type\":\"ListItem\",\"position\":2,\"name\":\"Grupo Lomas prev\u00e9 una s\u00f3lida temporada de verano, va tras turismo canadiense\"}]},{\"@type\":\"WebSite\",\"@id\":\"https:\/\/nitu.mx\/#website\",\"url\":\"https:\/\/nitu.mx\/\",\"name\":\"Nitu - Noticias de la Industria Turistica\",\"description\":\"Noticias de la Industria Turistica\",\"publisher\":{\"@id\":\"https:\/\/nitu.mx\/#\/schema\/person\/ae7a53426417292d3dd07b45a33e01bc\"},\"alternateName\":\"Noticias de la Industria Turistica\",\"potentialAction\":[{\"@type\":\"SearchAction\",\"target\":{\"@type\":\"EntryPoint\",\"urlTemplate\":\"https:\/\/nitu.mx\/?s={search_term_string}\"},\"query-input\":\"required name=search_term_string\"}],\"inLanguage\":\"es-MX\"},{\"@type\":[\"Person\",\"Organization\"],\"@id\":\"https:\/\/nitu.mx\/#\/schema\/person\/ae7a53426417292d3dd07b45a33e01bc\",\"name\":\"Arturo Medina\",\"image\":{\"@type\":\"ImageObject\",\"inLanguage\":\"es-MX\",\"@id\":\"https:\/\/nitu.mx\/#\/schema\/person\/image\/\",\"url\":\"https:\/\/nitu.mx\/wp-content\/uploads\/2024\/04\/4A315622-1904-4D5C-B022-878CDC840E04-90x90-1.jpeg\",\"contentUrl\":\"https:\/\/nitu.mx\/wp-content\/uploads\/2024\/04\/4A315622-1904-4D5C-B022-878CDC840E04-90x90-1.jpeg\",\"width\":90,\"height\":90,\"caption\":\"Arturo Medina\"},\"logo\":{\"@id\":\"https:\/\/nitu.mx\/#\/schema\/person\/image\/\"},\"description\":\"Director NITU.mx, Egresado de la Escuela de Periodismo Carlos Septi\u00e9n Garc\u00eda. Periodista y analista especializado en turismo desde hace 35 a\u00f1os, radicado en Canc\u00fan Q.Roo. arturo@nitu.mx\",\"sameAs\":[\"https:\/\/nitu.mx\",\"https:\/\/www.facebook.com\/NITUmx\/\",\"medinacancun\",\"https:\/\/twitter.com\/@Arturo_Medina_G\"]},{\"@type\":\"Person\",\"@id\":\"https:\/\/nitu.mx\/#\/schema\/person\/2ecd887b19dfd3382d1f14fc5acf24a8\",\"name\":\"Alejandra Moncisbays\",\"image\":{\"@type\":\"ImageObject\",\"inLanguage\":\"es-MX\",\"@id\":\"https:\/\/nitu.mx\/#\/schema\/person\/image\/\",\"url\":\"https:\/\/secure.gravatar.com\/avatar\/e74f7af0be172b7804dacfd0bfbef787?s=96&d=mm&r=g\",\"contentUrl\":\"https:\/\/secure.gravatar.com\/avatar\/e74f7af0be172b7804dacfd0bfbef787?s=96&d=mm&r=g\",\"caption\":\"Alejandra Moncisbays\"},\"description\":\"Curs\u00e9 la carrera de Periodismo y Comunicaci\u00f3n en la Facultad de Estudios Profesionales Acatl\u00e1n. Vivo en Canc\u00fan desde hace 24 a\u00f1os. Fui reportera de La Tarde de Canc\u00fan, y Novedades de Quintana Roo, colabor\u00e9 en TVCUN, edit\u00e9 Cancun\u00edssimo y colabor\u00e9 en las revistas Latitud21, entre otras, con principal enfoque en los sectores empresarial y tur\u00edstico. Desde hace varios a\u00f1os soy Agente de Seguros con c\u00e9dula de la Comisi\u00f3n Nacional de Seguros y Fianzas. Actualmente, me desarrollo en los \u00e1mbitos del periodismo y el sector asegurador.\",\"sameAs\":[\"https:\/\/nitu.mx\"],\"url\":\"https:\/\/nitu.mx\/index.php\/author\/alejandra\/\"}]}<\/script>\n<!-- \/ Yoast SEO plugin. -->","yoast_head_json":{"title":"Grupo Lomas prev\u00e9 una s\u00f3lida temporada de verano, va tras turismo canadiense - Nitu - Noticias de la Industria Turistica","robots":{"index":"index","follow":"follow","max-snippet":"max-snippet:-1","max-image-preview":"max-image-preview:large","max-video-preview":"max-video-preview:-1"},"canonical":"https:\/\/nitu.mx\/index.php\/2025\/06\/18\/grupo-lomas-preve-una-solida-temporada-de-verano-va-tras-turismo-canadiense\/","twitter_card":"summary_large_image","twitter_title":"Grupo Lomas prev\u00e9 una s\u00f3lida temporada de verano, va tras turismo canadiense - Nitu - Noticias de la Industria Turistica","twitter_description":"Grupo Lomas prev\u00e9 una s\u00f3lida temporada de verano tras registrar un crecimiento sostenido en los primeros seis meses del a\u00f1o, impulsado por un aumento del 22 % en el turismo canadiense y del 6 % en el estadounidense. Durante este periodo, su agencia de viajes transport\u00f3 a m\u00e1s de 228 mil clientes y sus hoteles [&hellip;]","twitter_image":"https:\/\/nitu.mx\/wp-content\/uploads\/2025\/06\/LOMASTRAVELJUNIO25.jpeg","twitter_creator":"@NITUmx","twitter_site":"@Arturo_Medina_G","twitter_misc":{"Escrito por":"Alejandra Moncisbays","Tiempo de lectura":"2 minutos"},"schema":{"@context":"https:\/\/schema.org","@graph":[{"@type":"Article","@id":"https:\/\/nitu.mx\/index.php\/2025\/06\/18\/grupo-lomas-preve-una-solida-temporada-de-verano-va-tras-turismo-canadiense\/#article","isPartOf":{"@id":"https:\/\/nitu.mx\/index.php\/2025\/06\/18\/grupo-lomas-preve-una-solida-temporada-de-verano-va-tras-turismo-canadiense\/"},"author":{"name":"Alejandra Moncisbays","@id":"https:\/\/nitu.mx\/#\/schema\/person\/2ecd887b19dfd3382d1f14fc5acf24a8"},"headline":"Grupo Lomas prev\u00e9 una s\u00f3lida temporada de verano, va tras turismo canadiense","datePublished":"2025-06-19T03:50:13+00:00","dateModified":"2025-06-19T03:50:14+00:00","mainEntityOfPage":{"@id":"https:\/\/nitu.mx\/index.php\/2025\/06\/18\/grupo-lomas-preve-una-solida-temporada-de-verano-va-tras-turismo-canadiense\/"},"wordCount":507,"publisher":{"@id":"https:\/\/nitu.mx\/#\/schema\/person\/ae7a53426417292d3dd07b45a33e01bc"},"image":{"@id":"https:\/\/nitu.mx\/index.php\/2025\/06\/18\/grupo-lomas-preve-una-solida-temporada-de-verano-va-tras-turismo-canadiense\/#primaryimage"},"thumbnailUrl":"https:\/\/nitu.mx\/wp-content\/uploads\/2025\/06\/LOMASTRAVELJUNIO25.jpeg","keywords":["canadienses","Dolores L\u00f3pez Lira","Grupo Lomas"],"articleSection":["Caribe Mexicano","Hoteles"],"inLanguage":"es-MX"},{"@type":"WebPage","@id":"https:\/\/nitu.mx\/index.php\/2025\/06\/18\/grupo-lomas-preve-una-solida-temporada-de-verano-va-tras-turismo-canadiense\/","url":"https:\/\/nitu.mx\/index.php\/2025\/06\/18\/grupo-lomas-preve-una-solida-temporada-de-verano-va-tras-turismo-canadiense\/","name":"Grupo Lomas prev\u00e9 una s\u00f3lida temporada de verano, va tras turismo canadiense - Nitu - Noticias de la Industria Turistica","isPartOf":{"@id":"https:\/\/nitu.mx\/#website"},"primaryImageOfPage":{"@id":"https:\/\/nitu.mx\/index.php\/2025\/06\/18\/grupo-lomas-preve-una-solida-temporada-de-verano-va-tras-turismo-canadiense\/#primaryimage"},"image":{"@id":"https:\/\/nitu.mx\/index.php\/2025\/06\/18\/grupo-lomas-preve-una-solida-temporada-de-verano-va-tras-turismo-canadiense\/#primaryimage"},"thumbnailUrl":"https:\/\/nitu.mx\/wp-content\/uploads\/2025\/06\/LOMASTRAVELJUNIO25.jpeg","datePublished":"2025-06-19T03:50:13+00:00","dateModified":"2025-06-19T03:50:14+00:00","breadcrumb":{"@id":"https:\/\/nitu.mx\/index.php\/2025\/06\/18\/grupo-lomas-preve-una-solida-temporada-de-verano-va-tras-turismo-canadiense\/#breadcrumb"},"inLanguage":"es-MX","potentialAction":[{"@type":"ReadAction","target":["https:\/\/nitu.mx\/index.php\/2025\/06\/18\/grupo-lomas-preve-una-solida-temporada-de-verano-va-tras-turismo-canadiense\/"]}]},{"@type":"ImageObject","inLanguage":"es-MX","@id":"https:\/\/nitu.mx\/index.php\/2025\/06\/18\/grupo-lomas-preve-una-solida-temporada-de-verano-va-tras-turismo-canadiense\/#primaryimage","url":"https:\/\/nitu.mx\/wp-content\/uploads\/2025\/06\/LOMASTRAVELJUNIO25.jpeg","contentUrl":"https:\/\/nitu.mx\/wp-content\/uploads\/2025\/06\/LOMASTRAVELJUNIO25.jpeg","width":1280,"height":853,"caption":"LOMAS TRAVEL JUNIO 25"},{"@type":"BreadcrumbList","@id":"https:\/\/nitu.mx\/index.php\/2025\/06\/18\/grupo-lomas-preve-una-solida-temporada-de-verano-va-tras-turismo-canadiense\/#breadcrumb","itemListElement":[{"@type":"ListItem","position":1,"name":"Inicio","item":"https:\/\/nitu.mx\/"},{"@type":"ListItem","position":2,"name":"Grupo Lomas prev\u00e9 una s\u00f3lida temporada de verano, va tras turismo canadiense"}]},{"@type":"WebSite","@id":"https:\/\/nitu.mx\/#website","url":"https:\/\/nitu.mx\/","name":"Nitu - Noticias de la Industria Turistica","description":"Noticias de la Industria Turistica","publisher":{"@id":"https:\/\/nitu.mx\/#\/schema\/person\/ae7a53426417292d3dd07b45a33e01bc"},"alternateName":"Noticias de la Industria Turistica","potentialAction":[{"@type":"SearchAction","target":{"@type":"EntryPoint","urlTemplate":"https:\/\/nitu.mx\/?s={search_term_string}"},"query-input":"required name=search_term_string"}],"inLanguage":"es-MX"},{"@type":["Person","Organization"],"@id":"https:\/\/nitu.mx\/#\/schema\/person\/ae7a53426417292d3dd07b45a33e01bc","name":"Arturo Medina","image":{"@type":"ImageObject","inLanguage":"es-MX","@id":"https:\/\/nitu.mx\/#\/schema\/person\/image\/","url":"https:\/\/nitu.mx\/wp-content\/uploads\/2024\/04\/4A315622-1904-4D5C-B022-878CDC840E04-90x90-1.jpeg","contentUrl":"https:\/\/nitu.mx\/wp-content\/uploads\/2024\/04\/4A315622-1904-4D5C-B022-878CDC840E04-90x90-1.jpeg","width":90,"height":90,"caption":"Arturo Medina"},"logo":{"@id":"https:\/\/nitu.mx\/#\/schema\/person\/image\/"},"description":"Director NITU.mx, Egresado de la Escuela de Periodismo Carlos Septi\u00e9n Garc\u00eda. Periodista y analista especializado en turismo desde hace 35 a\u00f1os, radicado en Canc\u00fan Q.Roo. arturo@nitu.mx","sameAs":["https:\/\/nitu.mx","https:\/\/www.facebook.com\/NITUmx\/","medinacancun","https:\/\/twitter.com\/@Arturo_Medina_G"]},{"@type":"Person","@id":"https:\/\/nitu.mx\/#\/schema\/person\/2ecd887b19dfd3382d1f14fc5acf24a8","name":"Alejandra Moncisbays","image":{"@type":"ImageObject","inLanguage":"es-MX","@id":"https:\/\/nitu.mx\/#\/schema\/person\/image\/","url":"https:\/\/secure.gravatar.com\/avatar\/e74f7af0be172b7804dacfd0bfbef787?s=96&d=mm&r=g","contentUrl":"https:\/\/secure.gravatar.com\/avatar\/e74f7af0be172b7804dacfd0bfbef787?s=96&d=mm&r=g","caption":"Alejandra Moncisbays"},"description":"Curs\u00e9 la carrera de Periodismo y Comunicaci\u00f3n en la Facultad de Estudios Profesionales Acatl\u00e1n. Vivo en Canc\u00fan desde hace 24 a\u00f1os. Fui reportera de La Tarde de Canc\u00fan, y Novedades de Quintana Roo, colabor\u00e9 en TVCUN, edit\u00e9 Cancun\u00edssimo y colabor\u00e9 en las revistas Latitud21, entre otras, con principal enfoque en los sectores empresarial y tur\u00edstico. Desde hace varios a\u00f1os soy Agente de Seguros con c\u00e9dula de la Comisi\u00f3n Nacional de Seguros y Fianzas. Actualmente, me desarrollo en los \u00e1mbitos del periodismo y el sector asegurador.","sameAs":["https:\/\/nitu.mx"],"url":"https:\/\/nitu.mx\/index.php\/author\/alejandra\/"}]}},"views":1063,"_links":{"self":[{"href":"https:\/\/nitu.mx\/index.php\/wp-json\/wp\/v2\/posts\/81863"}],"collection":[{"href":"https:\/\/nitu.mx\/index.php\/wp-json\/wp\/v2\/posts"}],"about":[{"href":"https:\/\/nitu.mx\/index.php\/wp-json\/wp\/v2\/types\/post"}],"author":[{"embeddable":true,"href":"https:\/\/nitu.mx\/index.php\/wp-json\/wp\/v2\/users\/3"}],"replies":[{"embeddable":true,"href":"https:\/\/nitu.mx\/index.php\/wp-json\/wp\/v2\/comments?post=81863"}],"version-history":[{"count":2,"href":"https:\/\/nitu.mx\/index.php\/wp-json\/wp\/v2\/posts\/81863\/revisions"}],"predecessor-version":[{"id":81871,"href":"https:\/\/nitu.mx\/index.php\/wp-json\/wp\/v2\/posts\/81863\/revisions\/81871"}],"wp:featuredmedia":[{"embeddable":true,"href":"https:\/\/nitu.mx\/index.php\/wp-json\/wp\/v2\/media\/81866"}],"wp:attachment":[{"href":"https:\/\/nitu.mx\/index.php\/wp-json\/wp\/v2\/media?parent=81863"}],"wp:term":[{"taxonomy":"category","embeddable":true,"href":"https:\/\/nitu.mx\/index.php\/wp-json\/wp\/v2\/categories?post=81863"},{"taxonomy":"post_tag","embeddable":true,"href":"https:\/\/nitu.mx\/index.php\/wp-json\/wp\/v2\/tags?post=81863"}],"curies":[{"name":"wp","href":"https:\/\/api.w.org\/{rel}","templated":true}]}}