{"id":81710,"date":"2025-06-12T21:48:07","date_gmt":"2025-06-13T03:48:07","guid":{"rendered":"https:\/\/nitu.mx\/?p=81710"},"modified":"2025-06-12T21:48:08","modified_gmt":"2025-06-13T03:48:08","slug":"asetur-traza-ruta-para-colocar-a-mexico-en-el-top-5-del-turismo-mundial","status":"publish","type":"post","link":"https:\/\/nitu.mx\/index.php\/2025\/06\/12\/asetur-traza-ruta-para-colocar-a-mexico-en-el-top-5-del-turismo-mundial\/","title":{"rendered":"ASETUR traza ruta para colocar a M\u00e9xico en el Top 5 del turismo mundial"},"content":{"rendered":"\n<p>La Uni\u00f3n de Secretarias y Secretarios de Turismo de M\u00e9xico (ASETUR) lanza una nueva etapa estrat\u00e9gica para posicionar al turismo mexicano en el top 5 global . Bajo el liderazgo de su presidente, Bernardo Cueto Riestra , y la Mesa Directiva 2025-2026, ASETUR se reafirma como el articulador clave para fortalecer el sector a nivel nacional, alineando los esfuerzos estatales con las pol\u00edticas federales de forma \u00e1gil y proactiva. La r\u00e1pida implementaci\u00f3n de su agenda prioritaria subraya este dinamismo.<\/p>\n\n\n\n<p>La nueva estrategia de ASETUR se centra en resultados tangibles, materializados en cinco comisiones que operan coordinadamente para desatar el potencial tur\u00edstico del pa\u00eds:<\/p>\n\n\n\n<p>\u25cf Promoci\u00f3n: ASETUR amplifica la &#8220;Marca M\u00e9xico&#8221;, impulsando el liderazgo global. Sus acciones buscan la integraci\u00f3n de esfuerzos y mensajes, logrando que cada promoci\u00f3n estatal, evento y feria (como la pr\u00f3xima participaci\u00f3n de M\u00e9xico como pa\u00eds invitado en FITUR 2026 ) fortalezca la proyecci\u00f3n conjunta y la Marca Pa\u00eds robusta.<\/p>\n\n\n\n<p>\u25cf Competitividad: La comisi\u00f3n eleva est\u00e1ndares, potencia la infraestructura y diversifica la oferta tur\u00edstica en segmentos de alto valor, mejorando la calidad y profesionalizaci\u00f3n del sector.<\/p>\n\n\n\n<p>\u25cf Conectividad: La comisi\u00f3n trabaja para unir a M\u00e9xico con el mundo, habilitando nuevas rutas e impulsando la infraestructura de transporte. Recientes giras de trabajo en Estados Unidos han consolidado la cooperaci\u00f3n, e impulsa un grupo trilateral para la Copa Mundial de la FIFA 2026 .<\/p>\n\n\n\n<p>\u25cf Sustentabilidad: Como pilar transversal, ASETUR promueve el turismo responsable y regenerativo, asegurando la conservaci\u00f3n del patrimonio y el desarrollo sostenible. Proyectos estrat\u00e9gicos ante el BID, enfocados en infraestructura y sostenibilidad, demuestran este compromiso.<\/p>\n\n\n\n<p>\u25cf Protecci\u00f3n al Turista: El enfoque es mejorar la percepci\u00f3n de seguridad, generando confianza. ASETUR lidera campa\u00f1as como &#8220;Verifica y Viaja&#8221; e impulsa la extensi\u00f3n nacional de herramientas digitales de seguridad tur\u00edstica probadas con \u00e9xito.<\/p>\n\n\n\n<h2 class=\"wp-block-heading\">Alineaci\u00f3n Federal e Impacto Social<\/h2>\n\n\n\n<p>La renovada visi\u00f3n de ASETUR se alinea directamente con los objetivos de la pol\u00edtica tur\u00edstica nacional, asegurando una sinergia que maximiza el impacto. ASETUR demuestra su diligencia a trav\u00e9s de alianzas estrat\u00e9gicas y apoyo a iniciativas de infraestructura clave, buscando que los beneficios del turismo permeen en todas las regiones y comunidades.<\/p>\n\n\n\n<p>M\u00e9xico, actualmente sexto pa\u00eds en llegadas de turistas internacionales (2023), busca ascender al top 5, enfoc\u00e1ndose en el valor generado por cada visitante m\u00e1s all\u00e1 del volumen. De acuerdo con la Secretar\u00eda de Turismo del Gobierno de M\u00e9xico, el PIB Tur\u00edstico mostr\u00f3 un crecimiento del 7.2% en el primer trimestre de 2024 , y el empleo tur\u00edstico ascendi\u00f3 a 4 millones 970 mil personas empleadas durante el primer trimestre de 2025 , datos que demuestran la resiliencia y el dinamismo sobre los que ASETUR construir\u00e1 su fortalecimiento.<\/p>\n\n\n\n<p>&#8220;Desde ASETUR, nuestra visi\u00f3n es clara: impulsar a M\u00e9xico como una experiencia global de alto valor, segura y sostenible&#8221;, coment\u00f3 Bernardo Cueto Riestra, presidente de ASETUR. &#8220;Estamos comprometidos con una gesti\u00f3n proactiva que alinee los esfuerzos estatales y federales, forje alianzas y asegure que cada inversi\u00f3n se traduzca en prosperidad compartida para las y los mexicanos. La renovaci\u00f3n de ASETUR potencia una nueva era para un turismo m\u00e1s fuerte, conectado y sostenible\u201d.<\/p>\n\n\n\n<p>ASETUR invita a todos los actores del sector a sumar a esta visi\u00f3n transformadora para construir un futuro tur\u00edstico m\u00e1s pr\u00f3spero e inclusivo para M\u00e9xico. (<a href=\"https:\/\/nitu.mx\/index.php\/2025\/05\/19\/asetur-fortalece-su-relacion-con-estados-unidos-para-impulsar-la-actividad-turistica-hacia-mexico\/\">ASETUR fortalece su relaci\u00f3n con Estados Unidos para impulsar la actividad tur\u00edstica hacia M\u00e9xico<\/a>).<\/p>\n","protected":false},"excerpt":{"rendered":"<p>La Uni\u00f3n de Secretarias y Secretarios de Turismo de M\u00e9xico (ASETUR) lanza una nueva etapa estrat\u00e9gica para posicionar al turismo mexicano en el top 5 global . Bajo el liderazgo de su presidente, Bernardo Cueto Riestra , y la Mesa Directiva 2025-2026, ASETUR se reafirma como el articulador clave para fortalecer el sector a nivel [&hellip;]<\/p>\n","protected":false},"author":17,"featured_media":81712,"comment_status":"open","ping_status":"open","sticky":false,"template":"","format":"standard","meta":{"footnotes":""},"categories":[12],"tags":[1118,13931,93],"yoast_head":"<!-- This site is optimized with the Yoast SEO plugin v22.2 - https:\/\/yoast.com\/wordpress\/plugins\/seo\/ -->\n<title>ASETUR traza ruta para colocar a M\u00e9xico en el Top 5 del turismo mundial - Nitu - Noticias de la Industria Turistica<\/title>\n<meta name=\"robots\" content=\"index, follow, max-snippet:-1, max-image-preview:large, max-video-preview:-1\" \/>\n<link rel=\"canonical\" href=\"https:\/\/nitu.mx\/index.php\/2025\/06\/12\/asetur-traza-ruta-para-colocar-a-mexico-en-el-top-5-del-turismo-mundial\/\" \/>\n<meta name=\"twitter:card\" content=\"summary_large_image\" \/>\n<meta name=\"twitter:title\" content=\"ASETUR traza ruta para colocar a M\u00e9xico en el Top 5 del turismo mundial - Nitu - Noticias de la Industria Turistica\" \/>\n<meta name=\"twitter:description\" content=\"La Uni\u00f3n de Secretarias y Secretarios de Turismo de M\u00e9xico (ASETUR) lanza una nueva etapa estrat\u00e9gica para posicionar al turismo mexicano en el top 5 global . Bajo el liderazgo de su presidente, Bernardo Cueto Riestra , y la Mesa Directiva 2025-2026, ASETUR se reafirma como el articulador clave para fortalecer el sector a nivel [&hellip;]\" \/>\n<meta name=\"twitter:image\" content=\"https:\/\/nitu.mx\/wp-content\/uploads\/2025\/06\/ASETUR-RED-NACIONAL-DE-ALCALDES.jpeg\" \/>\n<meta name=\"twitter:creator\" content=\"@NITUmx\" \/>\n<meta name=\"twitter:site\" content=\"@Arturo_Medina_G\" \/>\n<meta name=\"twitter:label1\" content=\"Escrito por\" \/>\n\t<meta name=\"twitter:data1\" content=\"Redacci\u00f3n\" \/>\n\t<meta name=\"twitter:label2\" content=\"Tiempo de lectura\" \/>\n\t<meta name=\"twitter:data2\" content=\"3 minutos\" \/>\n<script type=\"application\/ld+json\" class=\"yoast-schema-graph\">{\"@context\":\"https:\/\/schema.org\",\"@graph\":[{\"@type\":\"Article\",\"@id\":\"https:\/\/nitu.mx\/index.php\/2025\/06\/12\/asetur-traza-ruta-para-colocar-a-mexico-en-el-top-5-del-turismo-mundial\/#article\",\"isPartOf\":{\"@id\":\"https:\/\/nitu.mx\/index.php\/2025\/06\/12\/asetur-traza-ruta-para-colocar-a-mexico-en-el-top-5-del-turismo-mundial\/\"},\"author\":{\"name\":\"Redacci\u00f3n\",\"@id\":\"https:\/\/nitu.mx\/#\/schema\/person\/4a28fe9bd65924f7c90623773daf1b0b\"},\"headline\":\"ASETUR traza ruta para colocar a M\u00e9xico en el Top 5 del turismo mundial\",\"datePublished\":\"2025-06-13T03:48:07+00:00\",\"dateModified\":\"2025-06-13T03:48:08+00:00\",\"mainEntityOfPage\":{\"@id\":\"https:\/\/nitu.mx\/index.php\/2025\/06\/12\/asetur-traza-ruta-para-colocar-a-mexico-en-el-top-5-del-turismo-mundial\/\"},\"wordCount\":602,\"commentCount\":0,\"publisher\":{\"@id\":\"https:\/\/nitu.mx\/#\/schema\/person\/ae7a53426417292d3dd07b45a33e01bc\"},\"image\":{\"@id\":\"https:\/\/nitu.mx\/index.php\/2025\/06\/12\/asetur-traza-ruta-para-colocar-a-mexico-en-el-top-5-del-turismo-mundial\/#primaryimage\"},\"thumbnailUrl\":\"https:\/\/nitu.mx\/wp-content\/uploads\/2025\/06\/ASETUR-RED-NACIONAL-DE-ALCALDES.jpeg\",\"keywords\":[\"Asetur\",\"Bernardo Cueto\",\"Sectur\"],\"articleSection\":[\"Marketing\"],\"inLanguage\":\"es-MX\",\"potentialAction\":[{\"@type\":\"CommentAction\",\"name\":\"Comment\",\"target\":[\"https:\/\/nitu.mx\/index.php\/2025\/06\/12\/asetur-traza-ruta-para-colocar-a-mexico-en-el-top-5-del-turismo-mundial\/#respond\"]}]},{\"@type\":\"WebPage\",\"@id\":\"https:\/\/nitu.mx\/index.php\/2025\/06\/12\/asetur-traza-ruta-para-colocar-a-mexico-en-el-top-5-del-turismo-mundial\/\",\"url\":\"https:\/\/nitu.mx\/index.php\/2025\/06\/12\/asetur-traza-ruta-para-colocar-a-mexico-en-el-top-5-del-turismo-mundial\/\",\"name\":\"ASETUR traza ruta para colocar a M\u00e9xico en el Top 5 del turismo mundial - Nitu - Noticias de la Industria Turistica\",\"isPartOf\":{\"@id\":\"https:\/\/nitu.mx\/#website\"},\"primaryImageOfPage\":{\"@id\":\"https:\/\/nitu.mx\/index.php\/2025\/06\/12\/asetur-traza-ruta-para-colocar-a-mexico-en-el-top-5-del-turismo-mundial\/#primaryimage\"},\"image\":{\"@id\":\"https:\/\/nitu.mx\/index.php\/2025\/06\/12\/asetur-traza-ruta-para-colocar-a-mexico-en-el-top-5-del-turismo-mundial\/#primaryimage\"},\"thumbnailUrl\":\"https:\/\/nitu.mx\/wp-content\/uploads\/2025\/06\/ASETUR-RED-NACIONAL-DE-ALCALDES.jpeg\",\"datePublished\":\"2025-06-13T03:48:07+00:00\",\"dateModified\":\"2025-06-13T03:48:08+00:00\",\"breadcrumb\":{\"@id\":\"https:\/\/nitu.mx\/index.php\/2025\/06\/12\/asetur-traza-ruta-para-colocar-a-mexico-en-el-top-5-del-turismo-mundial\/#breadcrumb\"},\"inLanguage\":\"es-MX\",\"potentialAction\":[{\"@type\":\"ReadAction\",\"target\":[\"https:\/\/nitu.mx\/index.php\/2025\/06\/12\/asetur-traza-ruta-para-colocar-a-mexico-en-el-top-5-del-turismo-mundial\/\"]}]},{\"@type\":\"ImageObject\",\"inLanguage\":\"es-MX\",\"@id\":\"https:\/\/nitu.mx\/index.php\/2025\/06\/12\/asetur-traza-ruta-para-colocar-a-mexico-en-el-top-5-del-turismo-mundial\/#primaryimage\",\"url\":\"https:\/\/nitu.mx\/wp-content\/uploads\/2025\/06\/ASETUR-RED-NACIONAL-DE-ALCALDES.jpeg\",\"contentUrl\":\"https:\/\/nitu.mx\/wp-content\/uploads\/2025\/06\/ASETUR-RED-NACIONAL-DE-ALCALDES.jpeg\",\"width\":1280,\"height\":853,\"caption\":\"Asetur\"},{\"@type\":\"BreadcrumbList\",\"@id\":\"https:\/\/nitu.mx\/index.php\/2025\/06\/12\/asetur-traza-ruta-para-colocar-a-mexico-en-el-top-5-del-turismo-mundial\/#breadcrumb\",\"itemListElement\":[{\"@type\":\"ListItem\",\"position\":1,\"name\":\"Inicio\",\"item\":\"https:\/\/nitu.mx\/\"},{\"@type\":\"ListItem\",\"position\":2,\"name\":\"ASETUR traza ruta para colocar a M\u00e9xico en el Top 5 del turismo mundial\"}]},{\"@type\":\"WebSite\",\"@id\":\"https:\/\/nitu.mx\/#website\",\"url\":\"https:\/\/nitu.mx\/\",\"name\":\"Nitu - Noticias de la Industria Turistica\",\"description\":\"Noticias de la Industria Turistica\",\"publisher\":{\"@id\":\"https:\/\/nitu.mx\/#\/schema\/person\/ae7a53426417292d3dd07b45a33e01bc\"},\"alternateName\":\"Noticias de la Industria Turistica\",\"potentialAction\":[{\"@type\":\"SearchAction\",\"target\":{\"@type\":\"EntryPoint\",\"urlTemplate\":\"https:\/\/nitu.mx\/?s={search_term_string}\"},\"query-input\":\"required name=search_term_string\"}],\"inLanguage\":\"es-MX\"},{\"@type\":[\"Person\",\"Organization\"],\"@id\":\"https:\/\/nitu.mx\/#\/schema\/person\/ae7a53426417292d3dd07b45a33e01bc\",\"name\":\"Arturo Medina\",\"image\":{\"@type\":\"ImageObject\",\"inLanguage\":\"es-MX\",\"@id\":\"https:\/\/nitu.mx\/#\/schema\/person\/image\/\",\"url\":\"https:\/\/nitu.mx\/wp-content\/uploads\/2024\/04\/4A315622-1904-4D5C-B022-878CDC840E04-90x90-1.jpeg\",\"contentUrl\":\"https:\/\/nitu.mx\/wp-content\/uploads\/2024\/04\/4A315622-1904-4D5C-B022-878CDC840E04-90x90-1.jpeg\",\"width\":90,\"height\":90,\"caption\":\"Arturo Medina\"},\"logo\":{\"@id\":\"https:\/\/nitu.mx\/#\/schema\/person\/image\/\"},\"description\":\"Director NITU.mx, Egresado de la Escuela de Periodismo Carlos Septi\u00e9n Garc\u00eda. Periodista y analista especializado en turismo desde hace 35 a\u00f1os, radicado en Canc\u00fan Q.Roo. arturo@nitu.mx\",\"sameAs\":[\"https:\/\/nitu.mx\",\"https:\/\/www.facebook.com\/NITUmx\/\",\"medinacancun\",\"https:\/\/twitter.com\/@Arturo_Medina_G\"]},{\"@type\":\"Person\",\"@id\":\"https:\/\/nitu.mx\/#\/schema\/person\/4a28fe9bd65924f7c90623773daf1b0b\",\"name\":\"Redacci\u00f3n\",\"image\":{\"@type\":\"ImageObject\",\"inLanguage\":\"es-MX\",\"@id\":\"https:\/\/nitu.mx\/#\/schema\/person\/image\/\",\"url\":\"https:\/\/secure.gravatar.com\/avatar\/5dd011c8ccfc5cd7e4c81e42252aab38?s=96&d=mm&r=g\",\"contentUrl\":\"https:\/\/secure.gravatar.com\/avatar\/5dd011c8ccfc5cd7e4c81e42252aab38?s=96&d=mm&r=g\",\"caption\":\"Redacci\u00f3n\"},\"url\":\"https:\/\/nitu.mx\/index.php\/author\/redaccion\/\"}]}<\/script>\n<!-- \/ Yoast SEO plugin. -->","yoast_head_json":{"title":"ASETUR traza ruta para colocar a M\u00e9xico en el Top 5 del turismo mundial - Nitu - Noticias de la Industria Turistica","robots":{"index":"index","follow":"follow","max-snippet":"max-snippet:-1","max-image-preview":"max-image-preview:large","max-video-preview":"max-video-preview:-1"},"canonical":"https:\/\/nitu.mx\/index.php\/2025\/06\/12\/asetur-traza-ruta-para-colocar-a-mexico-en-el-top-5-del-turismo-mundial\/","twitter_card":"summary_large_image","twitter_title":"ASETUR traza ruta para colocar a M\u00e9xico en el Top 5 del turismo mundial - Nitu - Noticias de la Industria Turistica","twitter_description":"La Uni\u00f3n de Secretarias y Secretarios de Turismo de M\u00e9xico (ASETUR) lanza una nueva etapa estrat\u00e9gica para posicionar al turismo mexicano en el top 5 global . Bajo el liderazgo de su presidente, Bernardo Cueto Riestra , y la Mesa Directiva 2025-2026, ASETUR se reafirma como el articulador clave para fortalecer el sector a nivel [&hellip;]","twitter_image":"https:\/\/nitu.mx\/wp-content\/uploads\/2025\/06\/ASETUR-RED-NACIONAL-DE-ALCALDES.jpeg","twitter_creator":"@NITUmx","twitter_site":"@Arturo_Medina_G","twitter_misc":{"Escrito por":"Redacci\u00f3n","Tiempo de lectura":"3 minutos"},"schema":{"@context":"https:\/\/schema.org","@graph":[{"@type":"Article","@id":"https:\/\/nitu.mx\/index.php\/2025\/06\/12\/asetur-traza-ruta-para-colocar-a-mexico-en-el-top-5-del-turismo-mundial\/#article","isPartOf":{"@id":"https:\/\/nitu.mx\/index.php\/2025\/06\/12\/asetur-traza-ruta-para-colocar-a-mexico-en-el-top-5-del-turismo-mundial\/"},"author":{"name":"Redacci\u00f3n","@id":"https:\/\/nitu.mx\/#\/schema\/person\/4a28fe9bd65924f7c90623773daf1b0b"},"headline":"ASETUR traza ruta para colocar a M\u00e9xico en el Top 5 del turismo mundial","datePublished":"2025-06-13T03:48:07+00:00","dateModified":"2025-06-13T03:48:08+00:00","mainEntityOfPage":{"@id":"https:\/\/nitu.mx\/index.php\/2025\/06\/12\/asetur-traza-ruta-para-colocar-a-mexico-en-el-top-5-del-turismo-mundial\/"},"wordCount":602,"commentCount":0,"publisher":{"@id":"https:\/\/nitu.mx\/#\/schema\/person\/ae7a53426417292d3dd07b45a33e01bc"},"image":{"@id":"https:\/\/nitu.mx\/index.php\/2025\/06\/12\/asetur-traza-ruta-para-colocar-a-mexico-en-el-top-5-del-turismo-mundial\/#primaryimage"},"thumbnailUrl":"https:\/\/nitu.mx\/wp-content\/uploads\/2025\/06\/ASETUR-RED-NACIONAL-DE-ALCALDES.jpeg","keywords":["Asetur","Bernardo Cueto","Sectur"],"articleSection":["Marketing"],"inLanguage":"es-MX","potentialAction":[{"@type":"CommentAction","name":"Comment","target":["https:\/\/nitu.mx\/index.php\/2025\/06\/12\/asetur-traza-ruta-para-colocar-a-mexico-en-el-top-5-del-turismo-mundial\/#respond"]}]},{"@type":"WebPage","@id":"https:\/\/nitu.mx\/index.php\/2025\/06\/12\/asetur-traza-ruta-para-colocar-a-mexico-en-el-top-5-del-turismo-mundial\/","url":"https:\/\/nitu.mx\/index.php\/2025\/06\/12\/asetur-traza-ruta-para-colocar-a-mexico-en-el-top-5-del-turismo-mundial\/","name":"ASETUR traza ruta para colocar a M\u00e9xico en el Top 5 del turismo mundial - Nitu - Noticias de la Industria Turistica","isPartOf":{"@id":"https:\/\/nitu.mx\/#website"},"primaryImageOfPage":{"@id":"https:\/\/nitu.mx\/index.php\/2025\/06\/12\/asetur-traza-ruta-para-colocar-a-mexico-en-el-top-5-del-turismo-mundial\/#primaryimage"},"image":{"@id":"https:\/\/nitu.mx\/index.php\/2025\/06\/12\/asetur-traza-ruta-para-colocar-a-mexico-en-el-top-5-del-turismo-mundial\/#primaryimage"},"thumbnailUrl":"https:\/\/nitu.mx\/wp-content\/uploads\/2025\/06\/ASETUR-RED-NACIONAL-DE-ALCALDES.jpeg","datePublished":"2025-06-13T03:48:07+00:00","dateModified":"2025-06-13T03:48:08+00:00","breadcrumb":{"@id":"https:\/\/nitu.mx\/index.php\/2025\/06\/12\/asetur-traza-ruta-para-colocar-a-mexico-en-el-top-5-del-turismo-mundial\/#breadcrumb"},"inLanguage":"es-MX","potentialAction":[{"@type":"ReadAction","target":["https:\/\/nitu.mx\/index.php\/2025\/06\/12\/asetur-traza-ruta-para-colocar-a-mexico-en-el-top-5-del-turismo-mundial\/"]}]},{"@type":"ImageObject","inLanguage":"es-MX","@id":"https:\/\/nitu.mx\/index.php\/2025\/06\/12\/asetur-traza-ruta-para-colocar-a-mexico-en-el-top-5-del-turismo-mundial\/#primaryimage","url":"https:\/\/nitu.mx\/wp-content\/uploads\/2025\/06\/ASETUR-RED-NACIONAL-DE-ALCALDES.jpeg","contentUrl":"https:\/\/nitu.mx\/wp-content\/uploads\/2025\/06\/ASETUR-RED-NACIONAL-DE-ALCALDES.jpeg","width":1280,"height":853,"caption":"Asetur"},{"@type":"BreadcrumbList","@id":"https:\/\/nitu.mx\/index.php\/2025\/06\/12\/asetur-traza-ruta-para-colocar-a-mexico-en-el-top-5-del-turismo-mundial\/#breadcrumb","itemListElement":[{"@type":"ListItem","position":1,"name":"Inicio","item":"https:\/\/nitu.mx\/"},{"@type":"ListItem","position":2,"name":"ASETUR traza ruta para colocar a M\u00e9xico en el Top 5 del turismo mundial"}]},{"@type":"WebSite","@id":"https:\/\/nitu.mx\/#website","url":"https:\/\/nitu.mx\/","name":"Nitu - Noticias de la Industria Turistica","description":"Noticias de la Industria Turistica","publisher":{"@id":"https:\/\/nitu.mx\/#\/schema\/person\/ae7a53426417292d3dd07b45a33e01bc"},"alternateName":"Noticias de la Industria Turistica","potentialAction":[{"@type":"SearchAction","target":{"@type":"EntryPoint","urlTemplate":"https:\/\/nitu.mx\/?s={search_term_string}"},"query-input":"required name=search_term_string"}],"inLanguage":"es-MX"},{"@type":["Person","Organization"],"@id":"https:\/\/nitu.mx\/#\/schema\/person\/ae7a53426417292d3dd07b45a33e01bc","name":"Arturo Medina","image":{"@type":"ImageObject","inLanguage":"es-MX","@id":"https:\/\/nitu.mx\/#\/schema\/person\/image\/","url":"https:\/\/nitu.mx\/wp-content\/uploads\/2024\/04\/4A315622-1904-4D5C-B022-878CDC840E04-90x90-1.jpeg","contentUrl":"https:\/\/nitu.mx\/wp-content\/uploads\/2024\/04\/4A315622-1904-4D5C-B022-878CDC840E04-90x90-1.jpeg","width":90,"height":90,"caption":"Arturo Medina"},"logo":{"@id":"https:\/\/nitu.mx\/#\/schema\/person\/image\/"},"description":"Director NITU.mx, Egresado de la Escuela de Periodismo Carlos Septi\u00e9n Garc\u00eda. Periodista y analista especializado en turismo desde hace 35 a\u00f1os, radicado en Canc\u00fan Q.Roo. arturo@nitu.mx","sameAs":["https:\/\/nitu.mx","https:\/\/www.facebook.com\/NITUmx\/","medinacancun","https:\/\/twitter.com\/@Arturo_Medina_G"]},{"@type":"Person","@id":"https:\/\/nitu.mx\/#\/schema\/person\/4a28fe9bd65924f7c90623773daf1b0b","name":"Redacci\u00f3n","image":{"@type":"ImageObject","inLanguage":"es-MX","@id":"https:\/\/nitu.mx\/#\/schema\/person\/image\/","url":"https:\/\/secure.gravatar.com\/avatar\/5dd011c8ccfc5cd7e4c81e42252aab38?s=96&d=mm&r=g","contentUrl":"https:\/\/secure.gravatar.com\/avatar\/5dd011c8ccfc5cd7e4c81e42252aab38?s=96&d=mm&r=g","caption":"Redacci\u00f3n"},"url":"https:\/\/nitu.mx\/index.php\/author\/redaccion\/"}]}},"views":540,"_links":{"self":[{"href":"https:\/\/nitu.mx\/index.php\/wp-json\/wp\/v2\/posts\/81710"}],"collection":[{"href":"https:\/\/nitu.mx\/index.php\/wp-json\/wp\/v2\/posts"}],"about":[{"href":"https:\/\/nitu.mx\/index.php\/wp-json\/wp\/v2\/types\/post"}],"author":[{"embeddable":true,"href":"https:\/\/nitu.mx\/index.php\/wp-json\/wp\/v2\/users\/17"}],"replies":[{"embeddable":true,"href":"https:\/\/nitu.mx\/index.php\/wp-json\/wp\/v2\/comments?post=81710"}],"version-history":[{"count":1,"href":"https:\/\/nitu.mx\/index.php\/wp-json\/wp\/v2\/posts\/81710\/revisions"}],"predecessor-version":[{"id":81713,"href":"https:\/\/nitu.mx\/index.php\/wp-json\/wp\/v2\/posts\/81710\/revisions\/81713"}],"wp:featuredmedia":[{"embeddable":true,"href":"https:\/\/nitu.mx\/index.php\/wp-json\/wp\/v2\/media\/81712"}],"wp:attachment":[{"href":"https:\/\/nitu.mx\/index.php\/wp-json\/wp\/v2\/media?parent=81710"}],"wp:term":[{"taxonomy":"category","embeddable":true,"href":"https:\/\/nitu.mx\/index.php\/wp-json\/wp\/v2\/categories?post=81710"},{"taxonomy":"post_tag","embeddable":true,"href":"https:\/\/nitu.mx\/index.php\/wp-json\/wp\/v2\/tags?post=81710"}],"curies":[{"name":"wp","href":"https:\/\/api.w.org\/{rel}","templated":true}]}}