{"id":81490,"date":"2025-06-02T16:22:00","date_gmt":"2025-06-02T22:22:00","guid":{"rendered":"https:\/\/nitu.mx\/?p=81490"},"modified":"2025-06-02T16:22:01","modified_gmt":"2025-06-02T22:22:01","slug":"afeet-quintana-roo-organiza-primer-summit-sobre-turismo-digital-enfocado-en-conectar-generaciones","status":"publish","type":"post","link":"https:\/\/nitu.mx\/index.php\/2025\/06\/02\/afeet-quintana-roo-organiza-primer-summit-sobre-turismo-digital-enfocado-en-conectar-generaciones\/","title":{"rendered":"AFEET Quintana Roo organiza primer summit sobre turismo digital enfocado en conectar generaciones"},"content":{"rendered":"<p>La Asociaci\u00f3n Femenil de Ejecutivas de Empresas Tur\u00edsticas (AFEET), cap\u00edtulo Quintana Roo, ha anunciado la realizaci\u00f3n del primer \u201cSummit AFEET Trends: Turismo Digital Conectando Generaciones\u201d, un encuentro dirigido a profesionales y estudiantes del sector tur\u00edstico, tecnol\u00f3gico, de ventas y mercadotecnia, que se llevar\u00e1 a cabo el pr\u00f3ximo 19 de junio en Canc\u00fan.<\/p>\n<p>El evento tendr\u00e1 lugar en el Teatro de la Ciudad, de 8:00 a 14:00 horas, y reunir\u00e1 a especialistas en innovaci\u00f3n digital, ventas estrat\u00e9gicas y transformaci\u00f3n tecnol\u00f3gica, con el objetivo de analizar las tendencias que est\u00e1n marcando el rumbo de la industria tur\u00edstica. De acuerdo con los organizadores, el summit busca generar un di\u00e1logo intergeneracional que permita entender mejor los nuevos perfiles de viajeros y el impacto de las herramientas digitales en la forma de consumir experiencias tur\u00edsticas.<\/p>\n<p>El programa incluir\u00e1 conferencias y presentaciones orientadas a brindar conocimientos aplicables a la realidad del mercado, tanto para quienes ya operan en el sector como para quienes est\u00e1n en proceso de formaci\u00f3n profesional. Desde la organizaci\u00f3n destacan que el foro ser\u00e1 tambi\u00e9n una plataforma para el networking entre distintos actores de la cadena tur\u00edstica.<\/p>\n<p>AFEET ha informado que el acceso general al evento tendr\u00e1 un costo de 799 pesos, con descuentos disponibles por compra anticipada, as\u00ed como promociones especiales para estudiantes, asociaciones y organizaciones. Los boletos pueden adquirirse en l\u00ednea a trav\u00e9s del sitio oficial: <a href=\"https:\/\/afeetsummit.com\/compra-tu-acceso\">https:\/\/afeetsummit.com\/compra-tu-acceso.<\/a><\/p>\n<p>La presidenta de AFEET Quintana Roo, Mar\u00eda Eugenia Su\u00e1rez, indic\u00f3 que este summit \u201csurge como un espacio de aprendizaje, an\u00e1lisis y conexi\u00f3n\u201d en torno a las transformaciones tecnol\u00f3gicas del sector. Tambi\u00e9n subray\u00f3 la importancia de tender puentes entre generaciones para fortalecer al turismo como uno de los motores econ\u00f3micos del estado. (<a href=\"https:\/\/nitu.mx\/index.php\/2025\/03\/24\/afeet-impulsa-certificacion-y-capacitacion-para-fortalecer-el-turismo-en-quintana-roo\/\">AFEET impulsa certificaci\u00f3n y capacitaci\u00f3n para fortalecer el turismo en Quintana Roo<\/a>).<\/p>\n","protected":false},"excerpt":{"rendered":"<p>La Asociaci\u00f3n Femenil de Ejecutivas de Empresas Tur\u00edsticas (AFEET), cap\u00edtulo Quintana Roo, ha anunciado la realizaci\u00f3n del primer \u201cSummit AFEET Trends: Turismo Digital Conectando Generaciones\u201d, un encuentro dirigido a profesionales y estudiantes del sector tur\u00edstico, tecnol\u00f3gico, de ventas y mercadotecnia, que se llevar\u00e1 a cabo el pr\u00f3ximo 19 de junio en Canc\u00fan. El evento tendr\u00e1 [&hellip;]<\/p>\n","protected":false},"author":3,"featured_media":81491,"comment_status":"open","ping_status":"open","sticky":false,"template":"","format":"standard","meta":{"footnotes":""},"categories":[21403,24505],"tags":[2078,21727,27099,27465],"yoast_head":"<!-- This site is optimized with the Yoast SEO plugin v22.2 - https:\/\/yoast.com\/wordpress\/plugins\/seo\/ -->\n<title>AFEET Quintana Roo organiza primer summit sobre turismo digital enfocado en conectar generaciones - Nitu - Noticias de la Industria Turistica<\/title>\n<meta name=\"robots\" content=\"index, follow, max-snippet:-1, max-image-preview:large, max-video-preview:-1\" \/>\n<link rel=\"canonical\" href=\"https:\/\/nitu.mx\/index.php\/2025\/06\/02\/afeet-quintana-roo-organiza-primer-summit-sobre-turismo-digital-enfocado-en-conectar-generaciones\/\" \/>\n<meta name=\"twitter:card\" content=\"summary_large_image\" \/>\n<meta name=\"twitter:title\" content=\"AFEET Quintana Roo organiza primer summit sobre turismo digital enfocado en conectar generaciones - Nitu - Noticias de la Industria Turistica\" \/>\n<meta name=\"twitter:description\" content=\"La Asociaci\u00f3n Femenil de Ejecutivas de Empresas Tur\u00edsticas (AFEET), cap\u00edtulo Quintana Roo, ha anunciado la realizaci\u00f3n del primer \u201cSummit AFEET Trends: Turismo Digital Conectando Generaciones\u201d, un encuentro dirigido a profesionales y estudiantes del sector tur\u00edstico, tecnol\u00f3gico, de ventas y mercadotecnia, que se llevar\u00e1 a cabo el pr\u00f3ximo 19 de junio en Canc\u00fan. El evento tendr\u00e1 [&hellip;]\" \/>\n<meta name=\"twitter:image\" content=\"https:\/\/nitu.mx\/wp-content\/uploads\/2025\/06\/AFFETEVENTO.jpeg\" \/>\n<meta name=\"twitter:creator\" content=\"@NITUmx\" \/>\n<meta name=\"twitter:site\" content=\"@Arturo_Medina_G\" \/>\n<meta name=\"twitter:label1\" content=\"Escrito por\" \/>\n\t<meta name=\"twitter:data1\" content=\"Alejandra Moncisbays\" \/>\n\t<meta name=\"twitter:label2\" content=\"Tiempo de lectura\" \/>\n\t<meta name=\"twitter:data2\" content=\"2 minutos\" \/>\n<script type=\"application\/ld+json\" class=\"yoast-schema-graph\">{\"@context\":\"https:\/\/schema.org\",\"@graph\":[{\"@type\":\"Article\",\"@id\":\"https:\/\/nitu.mx\/index.php\/2025\/06\/02\/afeet-quintana-roo-organiza-primer-summit-sobre-turismo-digital-enfocado-en-conectar-generaciones\/#article\",\"isPartOf\":{\"@id\":\"https:\/\/nitu.mx\/index.php\/2025\/06\/02\/afeet-quintana-roo-organiza-primer-summit-sobre-turismo-digital-enfocado-en-conectar-generaciones\/\"},\"author\":{\"name\":\"Alejandra Moncisbays\",\"@id\":\"https:\/\/nitu.mx\/#\/schema\/person\/2ecd887b19dfd3382d1f14fc5acf24a8\"},\"headline\":\"AFEET Quintana Roo organiza primer summit sobre turismo digital enfocado en conectar generaciones\",\"datePublished\":\"2025-06-02T22:22:00+00:00\",\"dateModified\":\"2025-06-02T22:22:01+00:00\",\"mainEntityOfPage\":{\"@id\":\"https:\/\/nitu.mx\/index.php\/2025\/06\/02\/afeet-quintana-roo-organiza-primer-summit-sobre-turismo-digital-enfocado-en-conectar-generaciones\/\"},\"wordCount\":333,\"commentCount\":0,\"publisher\":{\"@id\":\"https:\/\/nitu.mx\/#\/schema\/person\/ae7a53426417292d3dd07b45a33e01bc\"},\"image\":{\"@id\":\"https:\/\/nitu.mx\/index.php\/2025\/06\/02\/afeet-quintana-roo-organiza-primer-summit-sobre-turismo-digital-enfocado-en-conectar-generaciones\/#primaryimage\"},\"thumbnailUrl\":\"https:\/\/nitu.mx\/wp-content\/uploads\/2025\/06\/AFFETEVENTO.jpeg\",\"keywords\":[\"AFEET\",\"AFEET Quintana Roo\",\"Maria Eugenia Su\u00e1rez del Valle\",\"Summit AFEET Trends\"],\"articleSection\":[\"Canc\u00fan\",\"Destacados\"],\"inLanguage\":\"es-MX\",\"potentialAction\":[{\"@type\":\"CommentAction\",\"name\":\"Comment\",\"target\":[\"https:\/\/nitu.mx\/index.php\/2025\/06\/02\/afeet-quintana-roo-organiza-primer-summit-sobre-turismo-digital-enfocado-en-conectar-generaciones\/#respond\"]}]},{\"@type\":\"WebPage\",\"@id\":\"https:\/\/nitu.mx\/index.php\/2025\/06\/02\/afeet-quintana-roo-organiza-primer-summit-sobre-turismo-digital-enfocado-en-conectar-generaciones\/\",\"url\":\"https:\/\/nitu.mx\/index.php\/2025\/06\/02\/afeet-quintana-roo-organiza-primer-summit-sobre-turismo-digital-enfocado-en-conectar-generaciones\/\",\"name\":\"AFEET Quintana Roo organiza primer summit sobre turismo digital enfocado en conectar generaciones - Nitu - Noticias de la Industria Turistica\",\"isPartOf\":{\"@id\":\"https:\/\/nitu.mx\/#website\"},\"primaryImageOfPage\":{\"@id\":\"https:\/\/nitu.mx\/index.php\/2025\/06\/02\/afeet-quintana-roo-organiza-primer-summit-sobre-turismo-digital-enfocado-en-conectar-generaciones\/#primaryimage\"},\"image\":{\"@id\":\"https:\/\/nitu.mx\/index.php\/2025\/06\/02\/afeet-quintana-roo-organiza-primer-summit-sobre-turismo-digital-enfocado-en-conectar-generaciones\/#primaryimage\"},\"thumbnailUrl\":\"https:\/\/nitu.mx\/wp-content\/uploads\/2025\/06\/AFFETEVENTO.jpeg\",\"datePublished\":\"2025-06-02T22:22:00+00:00\",\"dateModified\":\"2025-06-02T22:22:01+00:00\",\"breadcrumb\":{\"@id\":\"https:\/\/nitu.mx\/index.php\/2025\/06\/02\/afeet-quintana-roo-organiza-primer-summit-sobre-turismo-digital-enfocado-en-conectar-generaciones\/#breadcrumb\"},\"inLanguage\":\"es-MX\",\"potentialAction\":[{\"@type\":\"ReadAction\",\"target\":[\"https:\/\/nitu.mx\/index.php\/2025\/06\/02\/afeet-quintana-roo-organiza-primer-summit-sobre-turismo-digital-enfocado-en-conectar-generaciones\/\"]}]},{\"@type\":\"ImageObject\",\"inLanguage\":\"es-MX\",\"@id\":\"https:\/\/nitu.mx\/index.php\/2025\/06\/02\/afeet-quintana-roo-organiza-primer-summit-sobre-turismo-digital-enfocado-en-conectar-generaciones\/#primaryimage\",\"url\":\"https:\/\/nitu.mx\/wp-content\/uploads\/2025\/06\/AFFETEVENTO.jpeg\",\"contentUrl\":\"https:\/\/nitu.mx\/wp-content\/uploads\/2025\/06\/AFFETEVENTO.jpeg\",\"width\":1600,\"height\":1200},{\"@type\":\"BreadcrumbList\",\"@id\":\"https:\/\/nitu.mx\/index.php\/2025\/06\/02\/afeet-quintana-roo-organiza-primer-summit-sobre-turismo-digital-enfocado-en-conectar-generaciones\/#breadcrumb\",\"itemListElement\":[{\"@type\":\"ListItem\",\"position\":1,\"name\":\"Inicio\",\"item\":\"https:\/\/nitu.mx\/\"},{\"@type\":\"ListItem\",\"position\":2,\"name\":\"AFEET Quintana Roo organiza primer summit sobre turismo digital enfocado en conectar generaciones\"}]},{\"@type\":\"WebSite\",\"@id\":\"https:\/\/nitu.mx\/#website\",\"url\":\"https:\/\/nitu.mx\/\",\"name\":\"Nitu - Noticias de la Industria Turistica\",\"description\":\"Noticias de la Industria Turistica\",\"publisher\":{\"@id\":\"https:\/\/nitu.mx\/#\/schema\/person\/ae7a53426417292d3dd07b45a33e01bc\"},\"alternateName\":\"Noticias de la Industria Turistica\",\"potentialAction\":[{\"@type\":\"SearchAction\",\"target\":{\"@type\":\"EntryPoint\",\"urlTemplate\":\"https:\/\/nitu.mx\/?s={search_term_string}\"},\"query-input\":\"required name=search_term_string\"}],\"inLanguage\":\"es-MX\"},{\"@type\":[\"Person\",\"Organization\"],\"@id\":\"https:\/\/nitu.mx\/#\/schema\/person\/ae7a53426417292d3dd07b45a33e01bc\",\"name\":\"Arturo Medina\",\"image\":{\"@type\":\"ImageObject\",\"inLanguage\":\"es-MX\",\"@id\":\"https:\/\/nitu.mx\/#\/schema\/person\/image\/\",\"url\":\"https:\/\/nitu.mx\/wp-content\/uploads\/2024\/04\/4A315622-1904-4D5C-B022-878CDC840E04-90x90-1.jpeg\",\"contentUrl\":\"https:\/\/nitu.mx\/wp-content\/uploads\/2024\/04\/4A315622-1904-4D5C-B022-878CDC840E04-90x90-1.jpeg\",\"width\":90,\"height\":90,\"caption\":\"Arturo Medina\"},\"logo\":{\"@id\":\"https:\/\/nitu.mx\/#\/schema\/person\/image\/\"},\"description\":\"Director NITU.mx, Egresado de la Escuela de Periodismo Carlos Septi\u00e9n Garc\u00eda. Periodista y analista especializado en turismo desde hace 35 a\u00f1os, radicado en Canc\u00fan Q.Roo. arturo@nitu.mx\",\"sameAs\":[\"https:\/\/nitu.mx\",\"https:\/\/www.facebook.com\/NITUmx\/\",\"medinacancun\",\"https:\/\/twitter.com\/@Arturo_Medina_G\"]},{\"@type\":\"Person\",\"@id\":\"https:\/\/nitu.mx\/#\/schema\/person\/2ecd887b19dfd3382d1f14fc5acf24a8\",\"name\":\"Alejandra Moncisbays\",\"image\":{\"@type\":\"ImageObject\",\"inLanguage\":\"es-MX\",\"@id\":\"https:\/\/nitu.mx\/#\/schema\/person\/image\/\",\"url\":\"https:\/\/secure.gravatar.com\/avatar\/e74f7af0be172b7804dacfd0bfbef787?s=96&d=mm&r=g\",\"contentUrl\":\"https:\/\/secure.gravatar.com\/avatar\/e74f7af0be172b7804dacfd0bfbef787?s=96&d=mm&r=g\",\"caption\":\"Alejandra Moncisbays\"},\"description\":\"Curs\u00e9 la carrera de Periodismo y Comunicaci\u00f3n en la Facultad de Estudios Profesionales Acatl\u00e1n. Vivo en Canc\u00fan desde hace 24 a\u00f1os. Fui reportera de La Tarde de Canc\u00fan, y Novedades de Quintana Roo, colabor\u00e9 en TVCUN, edit\u00e9 Cancun\u00edssimo y colabor\u00e9 en las revistas Latitud21, entre otras, con principal enfoque en los sectores empresarial y tur\u00edstico. Desde hace varios a\u00f1os soy Agente de Seguros con c\u00e9dula de la Comisi\u00f3n Nacional de Seguros y Fianzas. Actualmente, me desarrollo en los \u00e1mbitos del periodismo y el sector asegurador.\",\"sameAs\":[\"https:\/\/nitu.mx\"],\"url\":\"https:\/\/nitu.mx\/index.php\/author\/alejandra\/\"}]}<\/script>\n<!-- \/ Yoast SEO plugin. -->","yoast_head_json":{"title":"AFEET Quintana Roo organiza primer summit sobre turismo digital enfocado en conectar generaciones - Nitu - Noticias de la Industria Turistica","robots":{"index":"index","follow":"follow","max-snippet":"max-snippet:-1","max-image-preview":"max-image-preview:large","max-video-preview":"max-video-preview:-1"},"canonical":"https:\/\/nitu.mx\/index.php\/2025\/06\/02\/afeet-quintana-roo-organiza-primer-summit-sobre-turismo-digital-enfocado-en-conectar-generaciones\/","twitter_card":"summary_large_image","twitter_title":"AFEET Quintana Roo organiza primer summit sobre turismo digital enfocado en conectar generaciones - Nitu - Noticias de la Industria Turistica","twitter_description":"La Asociaci\u00f3n Femenil de Ejecutivas de Empresas Tur\u00edsticas (AFEET), cap\u00edtulo Quintana Roo, ha anunciado la realizaci\u00f3n del primer \u201cSummit AFEET Trends: Turismo Digital Conectando Generaciones\u201d, un encuentro dirigido a profesionales y estudiantes del sector tur\u00edstico, tecnol\u00f3gico, de ventas y mercadotecnia, que se llevar\u00e1 a cabo el pr\u00f3ximo 19 de junio en Canc\u00fan. El evento tendr\u00e1 [&hellip;]","twitter_image":"https:\/\/nitu.mx\/wp-content\/uploads\/2025\/06\/AFFETEVENTO.jpeg","twitter_creator":"@NITUmx","twitter_site":"@Arturo_Medina_G","twitter_misc":{"Escrito por":"Alejandra Moncisbays","Tiempo de lectura":"2 minutos"},"schema":{"@context":"https:\/\/schema.org","@graph":[{"@type":"Article","@id":"https:\/\/nitu.mx\/index.php\/2025\/06\/02\/afeet-quintana-roo-organiza-primer-summit-sobre-turismo-digital-enfocado-en-conectar-generaciones\/#article","isPartOf":{"@id":"https:\/\/nitu.mx\/index.php\/2025\/06\/02\/afeet-quintana-roo-organiza-primer-summit-sobre-turismo-digital-enfocado-en-conectar-generaciones\/"},"author":{"name":"Alejandra Moncisbays","@id":"https:\/\/nitu.mx\/#\/schema\/person\/2ecd887b19dfd3382d1f14fc5acf24a8"},"headline":"AFEET Quintana Roo organiza primer summit sobre turismo digital enfocado en conectar generaciones","datePublished":"2025-06-02T22:22:00+00:00","dateModified":"2025-06-02T22:22:01+00:00","mainEntityOfPage":{"@id":"https:\/\/nitu.mx\/index.php\/2025\/06\/02\/afeet-quintana-roo-organiza-primer-summit-sobre-turismo-digital-enfocado-en-conectar-generaciones\/"},"wordCount":333,"commentCount":0,"publisher":{"@id":"https:\/\/nitu.mx\/#\/schema\/person\/ae7a53426417292d3dd07b45a33e01bc"},"image":{"@id":"https:\/\/nitu.mx\/index.php\/2025\/06\/02\/afeet-quintana-roo-organiza-primer-summit-sobre-turismo-digital-enfocado-en-conectar-generaciones\/#primaryimage"},"thumbnailUrl":"https:\/\/nitu.mx\/wp-content\/uploads\/2025\/06\/AFFETEVENTO.jpeg","keywords":["AFEET","AFEET Quintana Roo","Maria Eugenia Su\u00e1rez del Valle","Summit AFEET Trends"],"articleSection":["Canc\u00fan","Destacados"],"inLanguage":"es-MX","potentialAction":[{"@type":"CommentAction","name":"Comment","target":["https:\/\/nitu.mx\/index.php\/2025\/06\/02\/afeet-quintana-roo-organiza-primer-summit-sobre-turismo-digital-enfocado-en-conectar-generaciones\/#respond"]}]},{"@type":"WebPage","@id":"https:\/\/nitu.mx\/index.php\/2025\/06\/02\/afeet-quintana-roo-organiza-primer-summit-sobre-turismo-digital-enfocado-en-conectar-generaciones\/","url":"https:\/\/nitu.mx\/index.php\/2025\/06\/02\/afeet-quintana-roo-organiza-primer-summit-sobre-turismo-digital-enfocado-en-conectar-generaciones\/","name":"AFEET Quintana Roo organiza primer summit sobre turismo digital enfocado en conectar generaciones - Nitu - Noticias de la Industria Turistica","isPartOf":{"@id":"https:\/\/nitu.mx\/#website"},"primaryImageOfPage":{"@id":"https:\/\/nitu.mx\/index.php\/2025\/06\/02\/afeet-quintana-roo-organiza-primer-summit-sobre-turismo-digital-enfocado-en-conectar-generaciones\/#primaryimage"},"image":{"@id":"https:\/\/nitu.mx\/index.php\/2025\/06\/02\/afeet-quintana-roo-organiza-primer-summit-sobre-turismo-digital-enfocado-en-conectar-generaciones\/#primaryimage"},"thumbnailUrl":"https:\/\/nitu.mx\/wp-content\/uploads\/2025\/06\/AFFETEVENTO.jpeg","datePublished":"2025-06-02T22:22:00+00:00","dateModified":"2025-06-02T22:22:01+00:00","breadcrumb":{"@id":"https:\/\/nitu.mx\/index.php\/2025\/06\/02\/afeet-quintana-roo-organiza-primer-summit-sobre-turismo-digital-enfocado-en-conectar-generaciones\/#breadcrumb"},"inLanguage":"es-MX","potentialAction":[{"@type":"ReadAction","target":["https:\/\/nitu.mx\/index.php\/2025\/06\/02\/afeet-quintana-roo-organiza-primer-summit-sobre-turismo-digital-enfocado-en-conectar-generaciones\/"]}]},{"@type":"ImageObject","inLanguage":"es-MX","@id":"https:\/\/nitu.mx\/index.php\/2025\/06\/02\/afeet-quintana-roo-organiza-primer-summit-sobre-turismo-digital-enfocado-en-conectar-generaciones\/#primaryimage","url":"https:\/\/nitu.mx\/wp-content\/uploads\/2025\/06\/AFFETEVENTO.jpeg","contentUrl":"https:\/\/nitu.mx\/wp-content\/uploads\/2025\/06\/AFFETEVENTO.jpeg","width":1600,"height":1200},{"@type":"BreadcrumbList","@id":"https:\/\/nitu.mx\/index.php\/2025\/06\/02\/afeet-quintana-roo-organiza-primer-summit-sobre-turismo-digital-enfocado-en-conectar-generaciones\/#breadcrumb","itemListElement":[{"@type":"ListItem","position":1,"name":"Inicio","item":"https:\/\/nitu.mx\/"},{"@type":"ListItem","position":2,"name":"AFEET Quintana Roo organiza primer summit sobre turismo digital enfocado en conectar generaciones"}]},{"@type":"WebSite","@id":"https:\/\/nitu.mx\/#website","url":"https:\/\/nitu.mx\/","name":"Nitu - Noticias de la Industria Turistica","description":"Noticias de la Industria Turistica","publisher":{"@id":"https:\/\/nitu.mx\/#\/schema\/person\/ae7a53426417292d3dd07b45a33e01bc"},"alternateName":"Noticias de la Industria Turistica","potentialAction":[{"@type":"SearchAction","target":{"@type":"EntryPoint","urlTemplate":"https:\/\/nitu.mx\/?s={search_term_string}"},"query-input":"required name=search_term_string"}],"inLanguage":"es-MX"},{"@type":["Person","Organization"],"@id":"https:\/\/nitu.mx\/#\/schema\/person\/ae7a53426417292d3dd07b45a33e01bc","name":"Arturo Medina","image":{"@type":"ImageObject","inLanguage":"es-MX","@id":"https:\/\/nitu.mx\/#\/schema\/person\/image\/","url":"https:\/\/nitu.mx\/wp-content\/uploads\/2024\/04\/4A315622-1904-4D5C-B022-878CDC840E04-90x90-1.jpeg","contentUrl":"https:\/\/nitu.mx\/wp-content\/uploads\/2024\/04\/4A315622-1904-4D5C-B022-878CDC840E04-90x90-1.jpeg","width":90,"height":90,"caption":"Arturo Medina"},"logo":{"@id":"https:\/\/nitu.mx\/#\/schema\/person\/image\/"},"description":"Director NITU.mx, Egresado de la Escuela de Periodismo Carlos Septi\u00e9n Garc\u00eda. Periodista y analista especializado en turismo desde hace 35 a\u00f1os, radicado en Canc\u00fan Q.Roo. arturo@nitu.mx","sameAs":["https:\/\/nitu.mx","https:\/\/www.facebook.com\/NITUmx\/","medinacancun","https:\/\/twitter.com\/@Arturo_Medina_G"]},{"@type":"Person","@id":"https:\/\/nitu.mx\/#\/schema\/person\/2ecd887b19dfd3382d1f14fc5acf24a8","name":"Alejandra Moncisbays","image":{"@type":"ImageObject","inLanguage":"es-MX","@id":"https:\/\/nitu.mx\/#\/schema\/person\/image\/","url":"https:\/\/secure.gravatar.com\/avatar\/e74f7af0be172b7804dacfd0bfbef787?s=96&d=mm&r=g","contentUrl":"https:\/\/secure.gravatar.com\/avatar\/e74f7af0be172b7804dacfd0bfbef787?s=96&d=mm&r=g","caption":"Alejandra Moncisbays"},"description":"Curs\u00e9 la carrera de Periodismo y Comunicaci\u00f3n en la Facultad de Estudios Profesionales Acatl\u00e1n. Vivo en Canc\u00fan desde hace 24 a\u00f1os. Fui reportera de La Tarde de Canc\u00fan, y Novedades de Quintana Roo, colabor\u00e9 en TVCUN, edit\u00e9 Cancun\u00edssimo y colabor\u00e9 en las revistas Latitud21, entre otras, con principal enfoque en los sectores empresarial y tur\u00edstico. Desde hace varios a\u00f1os soy Agente de Seguros con c\u00e9dula de la Comisi\u00f3n Nacional de Seguros y Fianzas. Actualmente, me desarrollo en los \u00e1mbitos del periodismo y el sector asegurador.","sameAs":["https:\/\/nitu.mx"],"url":"https:\/\/nitu.mx\/index.php\/author\/alejandra\/"}]}},"views":587,"_links":{"self":[{"href":"https:\/\/nitu.mx\/index.php\/wp-json\/wp\/v2\/posts\/81490"}],"collection":[{"href":"https:\/\/nitu.mx\/index.php\/wp-json\/wp\/v2\/posts"}],"about":[{"href":"https:\/\/nitu.mx\/index.php\/wp-json\/wp\/v2\/types\/post"}],"author":[{"embeddable":true,"href":"https:\/\/nitu.mx\/index.php\/wp-json\/wp\/v2\/users\/3"}],"replies":[{"embeddable":true,"href":"https:\/\/nitu.mx\/index.php\/wp-json\/wp\/v2\/comments?post=81490"}],"version-history":[{"count":2,"href":"https:\/\/nitu.mx\/index.php\/wp-json\/wp\/v2\/posts\/81490\/revisions"}],"predecessor-version":[{"id":81497,"href":"https:\/\/nitu.mx\/index.php\/wp-json\/wp\/v2\/posts\/81490\/revisions\/81497"}],"wp:featuredmedia":[{"embeddable":true,"href":"https:\/\/nitu.mx\/index.php\/wp-json\/wp\/v2\/media\/81491"}],"wp:attachment":[{"href":"https:\/\/nitu.mx\/index.php\/wp-json\/wp\/v2\/media?parent=81490"}],"wp:term":[{"taxonomy":"category","embeddable":true,"href":"https:\/\/nitu.mx\/index.php\/wp-json\/wp\/v2\/categories?post=81490"},{"taxonomy":"post_tag","embeddable":true,"href":"https:\/\/nitu.mx\/index.php\/wp-json\/wp\/v2\/tags?post=81490"}],"curies":[{"name":"wp","href":"https:\/\/api.w.org\/{rel}","templated":true}]}}