{"id":81469,"date":"2025-06-01T22:17:48","date_gmt":"2025-06-02T04:17:48","guid":{"rendered":"https:\/\/nitu.mx\/?p=81469"},"modified":"2025-06-01T22:17:48","modified_gmt":"2025-06-02T04:17:48","slug":"volaris-incrementa-su-flota-a-146-aviones","status":"publish","type":"post","link":"https:\/\/nitu.mx\/index.php\/2025\/06\/01\/volaris-incrementa-su-flota-a-146-aviones\/","title":{"rendered":"Volaris incrementa su flota a 146 aviones"},"content":{"rendered":"\n<p>Volaris, la aerol\u00ednea mexicana de ultra bajo costo que opera en M\u00e9xico, Estados Unidos, Centro y Sudam\u00e9rica,\u00a0anunci\u00f3 la incorporaci\u00f3n del avi\u00f3n 146 a su flota, lo que le permitir\u00e1 fortalecer su operaci\u00f3n y la conectividad en favor de sus pasajeros en rutas desde y hacia Tijuana.<\/p>\n\n\n\n<p>La aeronave 146, modelo A320neo, con\u00a0matr\u00edcula XA-VVE y\u00a0una capacidad para 186 personas, fortalecer\u00e1 la conectividad que brinda Volaris hacia importantes destinos nacionales que opera desde Tijuana a las ciudades de Culiac\u00e1n, La Paz, Mazatl\u00e1n, San Luis Potos\u00ed y Tepic.<\/p>\n\n\n\n<p>\u201cEsta nueva incorporaci\u00f3n de la aeronave 146, adem\u00e1s de incrementar nuestra flota y capacidad para ofrecer al mercado un mayor n\u00famero de asientos disponibles, tambi\u00e9n representa amplios beneficios para nuestros clientes, quienes constantemente buscan las mejores y m\u00e1s variadas opciones para viajar de manera m\u00e1s eficiente, accesible y con los mejores servicios, cualidades que distinguen a la competitiva oferta de Volaris&#8221;, se\u00f1al\u00f3 Enrique Beltranena, presidente y director general de Volaris.<\/p>\n\n\n\n<p>Esta\u00a0aeronave con capacidad para atender una amplia demanda de pasajeros garantiza una operaci\u00f3n eficiente y amigable con el medio ambiente. Este compromiso permite a Volaris seguir brindando experiencias de viaje de calidad, impulsando su crecimiento en todos los mercados donde opera. (<a href=\"https:\/\/nitu.mx\/index.php\/2025\/05\/25\/ixtapa-zihuatanejo-y-morelia-estaran-conectados-con-ruta-de-volaris\/\">Ixtapa Zihuatanejo y Morelia estar\u00e1n conectados con ruta de Volaris<\/a>).<\/p>\n","protected":false},"excerpt":{"rendered":"<p>Volaris, la aerol\u00ednea mexicana de ultra bajo costo que opera en M\u00e9xico, Estados Unidos, Centro y Sudam\u00e9rica,\u00a0anunci\u00f3 la incorporaci\u00f3n del avi\u00f3n 146 a su flota, lo que le permitir\u00e1 fortalecer su operaci\u00f3n y la conectividad en favor de sus pasajeros en rutas desde y hacia Tijuana. La aeronave 146, modelo A320neo, con\u00a0matr\u00edcula XA-VVE y\u00a0una capacidad [&hellip;]<\/p>\n","protected":false},"author":17,"featured_media":81471,"comment_status":"open","ping_status":"open","sticky":false,"template":"","format":"standard","meta":{"footnotes":""},"categories":[29],"tags":[435,6114,131],"yoast_head":"<!-- This site is optimized with the Yoast SEO plugin v22.2 - https:\/\/yoast.com\/wordpress\/plugins\/seo\/ -->\n<title>Volaris incrementa su flota a 146 aviones - Nitu - Noticias de la Industria Turistica<\/title>\n<meta name=\"robots\" content=\"index, follow, max-snippet:-1, max-image-preview:large, max-video-preview:-1\" \/>\n<link rel=\"canonical\" href=\"https:\/\/nitu.mx\/index.php\/2025\/06\/01\/volaris-incrementa-su-flota-a-146-aviones\/\" \/>\n<meta name=\"twitter:card\" content=\"summary_large_image\" \/>\n<meta name=\"twitter:title\" content=\"Volaris incrementa su flota a 146 aviones - Nitu - Noticias de la Industria Turistica\" \/>\n<meta name=\"twitter:description\" content=\"Volaris, la aerol\u00ednea mexicana de ultra bajo costo que opera en M\u00e9xico, Estados Unidos, Centro y Sudam\u00e9rica,\u00a0anunci\u00f3 la incorporaci\u00f3n del avi\u00f3n 146 a su flota, lo que le permitir\u00e1 fortalecer su operaci\u00f3n y la conectividad en favor de sus pasajeros en rutas desde y hacia Tijuana. La aeronave 146, modelo A320neo, con\u00a0matr\u00edcula XA-VVE y\u00a0una capacidad [&hellip;]\" \/>\n<meta name=\"twitter:image\" content=\"https:\/\/nitu.mx\/wp-content\/uploads\/2025\/06\/Volaris-Avion-146.jpg\" \/>\n<meta name=\"twitter:creator\" content=\"@NITUmx\" \/>\n<meta name=\"twitter:site\" content=\"@Arturo_Medina_G\" \/>\n<meta name=\"twitter:label1\" content=\"Escrito por\" \/>\n\t<meta name=\"twitter:data1\" content=\"Redacci\u00f3n\" \/>\n\t<meta name=\"twitter:label2\" content=\"Tiempo de lectura\" \/>\n\t<meta name=\"twitter:data2\" content=\"1 minuto\" \/>\n<script type=\"application\/ld+json\" class=\"yoast-schema-graph\">{\"@context\":\"https:\/\/schema.org\",\"@graph\":[{\"@type\":\"Article\",\"@id\":\"https:\/\/nitu.mx\/index.php\/2025\/06\/01\/volaris-incrementa-su-flota-a-146-aviones\/#article\",\"isPartOf\":{\"@id\":\"https:\/\/nitu.mx\/index.php\/2025\/06\/01\/volaris-incrementa-su-flota-a-146-aviones\/\"},\"author\":{\"name\":\"Redacci\u00f3n\",\"@id\":\"https:\/\/nitu.mx\/#\/schema\/person\/4a28fe9bd65924f7c90623773daf1b0b\"},\"headline\":\"Volaris incrementa su flota a 146 aviones\",\"datePublished\":\"2025-06-02T04:17:48+00:00\",\"dateModified\":\"2025-06-02T04:17:48+00:00\",\"mainEntityOfPage\":{\"@id\":\"https:\/\/nitu.mx\/index.php\/2025\/06\/01\/volaris-incrementa-su-flota-a-146-aviones\/\"},\"wordCount\":231,\"commentCount\":0,\"publisher\":{\"@id\":\"https:\/\/nitu.mx\/#\/schema\/person\/ae7a53426417292d3dd07b45a33e01bc\"},\"image\":{\"@id\":\"https:\/\/nitu.mx\/index.php\/2025\/06\/01\/volaris-incrementa-su-flota-a-146-aviones\/#primaryimage\"},\"thumbnailUrl\":\"https:\/\/nitu.mx\/wp-content\/uploads\/2025\/06\/Volaris-Avion-146.jpg\",\"keywords\":[\"Enrique Beltranena\",\"flota\",\"Volaris\"],\"articleSection\":[\"Aerol\u00edneas\"],\"inLanguage\":\"es-MX\",\"potentialAction\":[{\"@type\":\"CommentAction\",\"name\":\"Comment\",\"target\":[\"https:\/\/nitu.mx\/index.php\/2025\/06\/01\/volaris-incrementa-su-flota-a-146-aviones\/#respond\"]}]},{\"@type\":\"WebPage\",\"@id\":\"https:\/\/nitu.mx\/index.php\/2025\/06\/01\/volaris-incrementa-su-flota-a-146-aviones\/\",\"url\":\"https:\/\/nitu.mx\/index.php\/2025\/06\/01\/volaris-incrementa-su-flota-a-146-aviones\/\",\"name\":\"Volaris incrementa su flota a 146 aviones - Nitu - Noticias de la Industria Turistica\",\"isPartOf\":{\"@id\":\"https:\/\/nitu.mx\/#website\"},\"primaryImageOfPage\":{\"@id\":\"https:\/\/nitu.mx\/index.php\/2025\/06\/01\/volaris-incrementa-su-flota-a-146-aviones\/#primaryimage\"},\"image\":{\"@id\":\"https:\/\/nitu.mx\/index.php\/2025\/06\/01\/volaris-incrementa-su-flota-a-146-aviones\/#primaryimage\"},\"thumbnailUrl\":\"https:\/\/nitu.mx\/wp-content\/uploads\/2025\/06\/Volaris-Avion-146.jpg\",\"datePublished\":\"2025-06-02T04:17:48+00:00\",\"dateModified\":\"2025-06-02T04:17:48+00:00\",\"breadcrumb\":{\"@id\":\"https:\/\/nitu.mx\/index.php\/2025\/06\/01\/volaris-incrementa-su-flota-a-146-aviones\/#breadcrumb\"},\"inLanguage\":\"es-MX\",\"potentialAction\":[{\"@type\":\"ReadAction\",\"target\":[\"https:\/\/nitu.mx\/index.php\/2025\/06\/01\/volaris-incrementa-su-flota-a-146-aviones\/\"]}]},{\"@type\":\"ImageObject\",\"inLanguage\":\"es-MX\",\"@id\":\"https:\/\/nitu.mx\/index.php\/2025\/06\/01\/volaris-incrementa-su-flota-a-146-aviones\/#primaryimage\",\"url\":\"https:\/\/nitu.mx\/wp-content\/uploads\/2025\/06\/Volaris-Avion-146.jpg\",\"contentUrl\":\"https:\/\/nitu.mx\/wp-content\/uploads\/2025\/06\/Volaris-Avion-146.jpg\",\"width\":1200,\"height\":675,\"caption\":\"Volaris Avi\u00f3n 146\"},{\"@type\":\"BreadcrumbList\",\"@id\":\"https:\/\/nitu.mx\/index.php\/2025\/06\/01\/volaris-incrementa-su-flota-a-146-aviones\/#breadcrumb\",\"itemListElement\":[{\"@type\":\"ListItem\",\"position\":1,\"name\":\"Inicio\",\"item\":\"https:\/\/nitu.mx\/\"},{\"@type\":\"ListItem\",\"position\":2,\"name\":\"Volaris incrementa su flota a 146 aviones\"}]},{\"@type\":\"WebSite\",\"@id\":\"https:\/\/nitu.mx\/#website\",\"url\":\"https:\/\/nitu.mx\/\",\"name\":\"Nitu - Noticias de la Industria Turistica\",\"description\":\"Noticias de la Industria Turistica\",\"publisher\":{\"@id\":\"https:\/\/nitu.mx\/#\/schema\/person\/ae7a53426417292d3dd07b45a33e01bc\"},\"alternateName\":\"Noticias de la Industria Turistica\",\"potentialAction\":[{\"@type\":\"SearchAction\",\"target\":{\"@type\":\"EntryPoint\",\"urlTemplate\":\"https:\/\/nitu.mx\/?s={search_term_string}\"},\"query-input\":\"required name=search_term_string\"}],\"inLanguage\":\"es-MX\"},{\"@type\":[\"Person\",\"Organization\"],\"@id\":\"https:\/\/nitu.mx\/#\/schema\/person\/ae7a53426417292d3dd07b45a33e01bc\",\"name\":\"Arturo Medina\",\"image\":{\"@type\":\"ImageObject\",\"inLanguage\":\"es-MX\",\"@id\":\"https:\/\/nitu.mx\/#\/schema\/person\/image\/\",\"url\":\"https:\/\/nitu.mx\/wp-content\/uploads\/2024\/04\/4A315622-1904-4D5C-B022-878CDC840E04-90x90-1.jpeg\",\"contentUrl\":\"https:\/\/nitu.mx\/wp-content\/uploads\/2024\/04\/4A315622-1904-4D5C-B022-878CDC840E04-90x90-1.jpeg\",\"width\":90,\"height\":90,\"caption\":\"Arturo Medina\"},\"logo\":{\"@id\":\"https:\/\/nitu.mx\/#\/schema\/person\/image\/\"},\"description\":\"Director NITU.mx, Egresado de la Escuela de Periodismo Carlos Septi\u00e9n Garc\u00eda. Periodista y analista especializado en turismo desde hace 35 a\u00f1os, radicado en Canc\u00fan Q.Roo. arturo@nitu.mx\",\"sameAs\":[\"https:\/\/nitu.mx\",\"https:\/\/www.facebook.com\/NITUmx\/\",\"medinacancun\",\"https:\/\/twitter.com\/@Arturo_Medina_G\"]},{\"@type\":\"Person\",\"@id\":\"https:\/\/nitu.mx\/#\/schema\/person\/4a28fe9bd65924f7c90623773daf1b0b\",\"name\":\"Redacci\u00f3n\",\"image\":{\"@type\":\"ImageObject\",\"inLanguage\":\"es-MX\",\"@id\":\"https:\/\/nitu.mx\/#\/schema\/person\/image\/\",\"url\":\"https:\/\/secure.gravatar.com\/avatar\/5dd011c8ccfc5cd7e4c81e42252aab38?s=96&d=mm&r=g\",\"contentUrl\":\"https:\/\/secure.gravatar.com\/avatar\/5dd011c8ccfc5cd7e4c81e42252aab38?s=96&d=mm&r=g\",\"caption\":\"Redacci\u00f3n\"},\"url\":\"https:\/\/nitu.mx\/index.php\/author\/redaccion\/\"}]}<\/script>\n<!-- \/ Yoast SEO plugin. -->","yoast_head_json":{"title":"Volaris incrementa su flota a 146 aviones - Nitu - Noticias de la Industria Turistica","robots":{"index":"index","follow":"follow","max-snippet":"max-snippet:-1","max-image-preview":"max-image-preview:large","max-video-preview":"max-video-preview:-1"},"canonical":"https:\/\/nitu.mx\/index.php\/2025\/06\/01\/volaris-incrementa-su-flota-a-146-aviones\/","twitter_card":"summary_large_image","twitter_title":"Volaris incrementa su flota a 146 aviones - Nitu - Noticias de la Industria Turistica","twitter_description":"Volaris, la aerol\u00ednea mexicana de ultra bajo costo que opera en M\u00e9xico, Estados Unidos, Centro y Sudam\u00e9rica,\u00a0anunci\u00f3 la incorporaci\u00f3n del avi\u00f3n 146 a su flota, lo que le permitir\u00e1 fortalecer su operaci\u00f3n y la conectividad en favor de sus pasajeros en rutas desde y hacia Tijuana. La aeronave 146, modelo A320neo, con\u00a0matr\u00edcula XA-VVE y\u00a0una capacidad [&hellip;]","twitter_image":"https:\/\/nitu.mx\/wp-content\/uploads\/2025\/06\/Volaris-Avion-146.jpg","twitter_creator":"@NITUmx","twitter_site":"@Arturo_Medina_G","twitter_misc":{"Escrito por":"Redacci\u00f3n","Tiempo de lectura":"1 minuto"},"schema":{"@context":"https:\/\/schema.org","@graph":[{"@type":"Article","@id":"https:\/\/nitu.mx\/index.php\/2025\/06\/01\/volaris-incrementa-su-flota-a-146-aviones\/#article","isPartOf":{"@id":"https:\/\/nitu.mx\/index.php\/2025\/06\/01\/volaris-incrementa-su-flota-a-146-aviones\/"},"author":{"name":"Redacci\u00f3n","@id":"https:\/\/nitu.mx\/#\/schema\/person\/4a28fe9bd65924f7c90623773daf1b0b"},"headline":"Volaris incrementa su flota a 146 aviones","datePublished":"2025-06-02T04:17:48+00:00","dateModified":"2025-06-02T04:17:48+00:00","mainEntityOfPage":{"@id":"https:\/\/nitu.mx\/index.php\/2025\/06\/01\/volaris-incrementa-su-flota-a-146-aviones\/"},"wordCount":231,"commentCount":0,"publisher":{"@id":"https:\/\/nitu.mx\/#\/schema\/person\/ae7a53426417292d3dd07b45a33e01bc"},"image":{"@id":"https:\/\/nitu.mx\/index.php\/2025\/06\/01\/volaris-incrementa-su-flota-a-146-aviones\/#primaryimage"},"thumbnailUrl":"https:\/\/nitu.mx\/wp-content\/uploads\/2025\/06\/Volaris-Avion-146.jpg","keywords":["Enrique Beltranena","flota","Volaris"],"articleSection":["Aerol\u00edneas"],"inLanguage":"es-MX","potentialAction":[{"@type":"CommentAction","name":"Comment","target":["https:\/\/nitu.mx\/index.php\/2025\/06\/01\/volaris-incrementa-su-flota-a-146-aviones\/#respond"]}]},{"@type":"WebPage","@id":"https:\/\/nitu.mx\/index.php\/2025\/06\/01\/volaris-incrementa-su-flota-a-146-aviones\/","url":"https:\/\/nitu.mx\/index.php\/2025\/06\/01\/volaris-incrementa-su-flota-a-146-aviones\/","name":"Volaris incrementa su flota a 146 aviones - Nitu - Noticias de la Industria Turistica","isPartOf":{"@id":"https:\/\/nitu.mx\/#website"},"primaryImageOfPage":{"@id":"https:\/\/nitu.mx\/index.php\/2025\/06\/01\/volaris-incrementa-su-flota-a-146-aviones\/#primaryimage"},"image":{"@id":"https:\/\/nitu.mx\/index.php\/2025\/06\/01\/volaris-incrementa-su-flota-a-146-aviones\/#primaryimage"},"thumbnailUrl":"https:\/\/nitu.mx\/wp-content\/uploads\/2025\/06\/Volaris-Avion-146.jpg","datePublished":"2025-06-02T04:17:48+00:00","dateModified":"2025-06-02T04:17:48+00:00","breadcrumb":{"@id":"https:\/\/nitu.mx\/index.php\/2025\/06\/01\/volaris-incrementa-su-flota-a-146-aviones\/#breadcrumb"},"inLanguage":"es-MX","potentialAction":[{"@type":"ReadAction","target":["https:\/\/nitu.mx\/index.php\/2025\/06\/01\/volaris-incrementa-su-flota-a-146-aviones\/"]}]},{"@type":"ImageObject","inLanguage":"es-MX","@id":"https:\/\/nitu.mx\/index.php\/2025\/06\/01\/volaris-incrementa-su-flota-a-146-aviones\/#primaryimage","url":"https:\/\/nitu.mx\/wp-content\/uploads\/2025\/06\/Volaris-Avion-146.jpg","contentUrl":"https:\/\/nitu.mx\/wp-content\/uploads\/2025\/06\/Volaris-Avion-146.jpg","width":1200,"height":675,"caption":"Volaris Avi\u00f3n 146"},{"@type":"BreadcrumbList","@id":"https:\/\/nitu.mx\/index.php\/2025\/06\/01\/volaris-incrementa-su-flota-a-146-aviones\/#breadcrumb","itemListElement":[{"@type":"ListItem","position":1,"name":"Inicio","item":"https:\/\/nitu.mx\/"},{"@type":"ListItem","position":2,"name":"Volaris incrementa su flota a 146 aviones"}]},{"@type":"WebSite","@id":"https:\/\/nitu.mx\/#website","url":"https:\/\/nitu.mx\/","name":"Nitu - Noticias de la Industria Turistica","description":"Noticias de la Industria Turistica","publisher":{"@id":"https:\/\/nitu.mx\/#\/schema\/person\/ae7a53426417292d3dd07b45a33e01bc"},"alternateName":"Noticias de la Industria Turistica","potentialAction":[{"@type":"SearchAction","target":{"@type":"EntryPoint","urlTemplate":"https:\/\/nitu.mx\/?s={search_term_string}"},"query-input":"required name=search_term_string"}],"inLanguage":"es-MX"},{"@type":["Person","Organization"],"@id":"https:\/\/nitu.mx\/#\/schema\/person\/ae7a53426417292d3dd07b45a33e01bc","name":"Arturo Medina","image":{"@type":"ImageObject","inLanguage":"es-MX","@id":"https:\/\/nitu.mx\/#\/schema\/person\/image\/","url":"https:\/\/nitu.mx\/wp-content\/uploads\/2024\/04\/4A315622-1904-4D5C-B022-878CDC840E04-90x90-1.jpeg","contentUrl":"https:\/\/nitu.mx\/wp-content\/uploads\/2024\/04\/4A315622-1904-4D5C-B022-878CDC840E04-90x90-1.jpeg","width":90,"height":90,"caption":"Arturo Medina"},"logo":{"@id":"https:\/\/nitu.mx\/#\/schema\/person\/image\/"},"description":"Director NITU.mx, Egresado de la Escuela de Periodismo Carlos Septi\u00e9n Garc\u00eda. Periodista y analista especializado en turismo desde hace 35 a\u00f1os, radicado en Canc\u00fan Q.Roo. arturo@nitu.mx","sameAs":["https:\/\/nitu.mx","https:\/\/www.facebook.com\/NITUmx\/","medinacancun","https:\/\/twitter.com\/@Arturo_Medina_G"]},{"@type":"Person","@id":"https:\/\/nitu.mx\/#\/schema\/person\/4a28fe9bd65924f7c90623773daf1b0b","name":"Redacci\u00f3n","image":{"@type":"ImageObject","inLanguage":"es-MX","@id":"https:\/\/nitu.mx\/#\/schema\/person\/image\/","url":"https:\/\/secure.gravatar.com\/avatar\/5dd011c8ccfc5cd7e4c81e42252aab38?s=96&d=mm&r=g","contentUrl":"https:\/\/secure.gravatar.com\/avatar\/5dd011c8ccfc5cd7e4c81e42252aab38?s=96&d=mm&r=g","caption":"Redacci\u00f3n"},"url":"https:\/\/nitu.mx\/index.php\/author\/redaccion\/"}]}},"views":592,"_links":{"self":[{"href":"https:\/\/nitu.mx\/index.php\/wp-json\/wp\/v2\/posts\/81469"}],"collection":[{"href":"https:\/\/nitu.mx\/index.php\/wp-json\/wp\/v2\/posts"}],"about":[{"href":"https:\/\/nitu.mx\/index.php\/wp-json\/wp\/v2\/types\/post"}],"author":[{"embeddable":true,"href":"https:\/\/nitu.mx\/index.php\/wp-json\/wp\/v2\/users\/17"}],"replies":[{"embeddable":true,"href":"https:\/\/nitu.mx\/index.php\/wp-json\/wp\/v2\/comments?post=81469"}],"version-history":[{"count":1,"href":"https:\/\/nitu.mx\/index.php\/wp-json\/wp\/v2\/posts\/81469\/revisions"}],"predecessor-version":[{"id":81472,"href":"https:\/\/nitu.mx\/index.php\/wp-json\/wp\/v2\/posts\/81469\/revisions\/81472"}],"wp:featuredmedia":[{"embeddable":true,"href":"https:\/\/nitu.mx\/index.php\/wp-json\/wp\/v2\/media\/81471"}],"wp:attachment":[{"href":"https:\/\/nitu.mx\/index.php\/wp-json\/wp\/v2\/media?parent=81469"}],"wp:term":[{"taxonomy":"category","embeddable":true,"href":"https:\/\/nitu.mx\/index.php\/wp-json\/wp\/v2\/categories?post=81469"},{"taxonomy":"post_tag","embeddable":true,"href":"https:\/\/nitu.mx\/index.php\/wp-json\/wp\/v2\/tags?post=81469"}],"curies":[{"name":"wp","href":"https:\/\/api.w.org\/{rel}","templated":true}]}}