{"id":81452,"date":"2025-05-29T22:56:30","date_gmt":"2025-05-30T04:56:30","guid":{"rendered":"https:\/\/nitu.mx\/?p=81452"},"modified":"2025-05-29T22:56:31","modified_gmt":"2025-05-30T04:56:31","slug":"tulum-celebra-su-17-aniversario-con-exito-turistico-e-identidad-propia","status":"publish","type":"post","link":"https:\/\/nitu.mx\/index.php\/2025\/05\/29\/tulum-celebra-su-17-aniversario-con-exito-turistico-e-identidad-propia\/","title":{"rendered":"Tulum celebra su 17 aniversario con \u00e9xito tur\u00edstico e identidad propia"},"content":{"rendered":"\n<p>En el marco del 17 aniversario de Tulum como municipio, la gobernadora de Quintana Roo, Mara Lezama Espinosa, afirm\u00f3 que en la entidad juntas y juntos estamos construyendo una nueva historia, haciendo valer los derechos del pueblo, con justicia social y que la prosperidad compartida llegue a todas las mesas, por m\u00e1s peque\u00f1a que sea.<\/p>\n\n\n\n<p>Despu\u00e9s de la sesi\u00f3n solemne de aniversario, encabezada por el presidente municipal Diego Casta\u00f1\u00f3n y con la presencia de los representantes de los tres poderes, la gobernadora afirm\u00f3 que con pleno respeto a la autonom\u00eda municipal se trabaja de forma coordinada, juntas y juntos, en equipo.<\/p>\n\n\n\n<p>Convoc\u00f3 a la unidad, para que los beneficios de la prosperidad compartida se reflejen en universidades, equipamiento, mobiliario, servicios de salud, etc., para que nadie se quede fuera ni nadie se quede atr\u00e1s.<\/p>\n\n\n\n<p>\u201cEsta tierra est\u00e1 hecha de resistencia, lucha y tambi\u00e9n con una profunda esperanza, con anhelos. La grandeza de nuestra ra\u00edz, la belleza de nuestra selva, la fuerza de nuestra gente, siga guiando nuestro camino\u201d indic\u00f3 Mara Lezama.<\/p>\n\n\n\n<p>Reiter\u00f3 que este gobierno diferente trabaja en saldar las deudas generadas en gobiernos anteriores, como los mil 109 domos que se construir\u00e1n en esta administraci\u00f3n en todas las escuelas p\u00fablicas, porque es un derecho de la ni\u00f1ez.<\/p>\n\n\n\n<p>\u201cSeguiremos trabajando por el pueblo y para el pueblo, porque somos un gobierno humanista con coraz\u00f3n feminista que tiene muy claro que cuando se combate la corrupci\u00f3n el dinero alcanza para m\u00e1s\u201d afirm\u00f3 la titular del Ejecutivo.<\/p>\n\n\n\n<p>Por su parte, el presidente municipal, Diego Casta\u00f1\u00f3n se dirigi\u00f3 a sus conciudadanos para reconocer el trabajo de quienes han hecho posible que el municipio de Tulum siga creciendo y se posicione como un referente en el turismo de aventura. (<a href=\"https:\/\/nitu.mx\/index.php\/2025\/05\/25\/ampi-tulum-entregan-licencias-sedetus-y-refuerzan-legalidad-en-el-sector-inmobiliario\/\">AMPI Tulum: entregan licencias SEDETUS y refuerzan legalidad en el sector inmobiliario<\/a>).<\/p>\n","protected":false},"excerpt":{"rendered":"<p>En el marco del 17 aniversario de Tulum como municipio, la gobernadora de Quintana Roo, Mara Lezama Espinosa, afirm\u00f3 que en la entidad juntas y juntos estamos construyendo una nueva historia, haciendo valer los derechos del pueblo, con justicia social y que la prosperidad compartida llegue a todas las mesas, por m\u00e1s peque\u00f1a que sea. [&hellip;]<\/p>\n","protected":false},"author":17,"featured_media":81454,"comment_status":"open","ping_status":"open","sticky":false,"template":"","format":"standard","meta":{"footnotes":""},"categories":[18475],"tags":[6511,14028,260,390],"yoast_head":"<!-- This site is optimized with the Yoast SEO plugin v22.2 - https:\/\/yoast.com\/wordpress\/plugins\/seo\/ -->\n<title>Tulum celebra su 17 aniversario con \u00e9xito tur\u00edstico e identidad propia - Nitu - Noticias de la Industria Turistica<\/title>\n<meta name=\"robots\" content=\"index, follow, max-snippet:-1, max-image-preview:large, max-video-preview:-1\" \/>\n<link rel=\"canonical\" href=\"https:\/\/nitu.mx\/index.php\/2025\/05\/29\/tulum-celebra-su-17-aniversario-con-exito-turistico-e-identidad-propia\/\" \/>\n<meta name=\"twitter:card\" content=\"summary_large_image\" \/>\n<meta name=\"twitter:title\" content=\"Tulum celebra su 17 aniversario con \u00e9xito tur\u00edstico e identidad propia - Nitu - Noticias de la Industria Turistica\" \/>\n<meta name=\"twitter:description\" content=\"En el marco del 17 aniversario de Tulum como municipio, la gobernadora de Quintana Roo, Mara Lezama Espinosa, afirm\u00f3 que en la entidad juntas y juntos estamos construyendo una nueva historia, haciendo valer los derechos del pueblo, con justicia social y que la prosperidad compartida llegue a todas las mesas, por m\u00e1s peque\u00f1a que sea. [&hellip;]\" \/>\n<meta name=\"twitter:image\" content=\"https:\/\/nitu.mx\/wp-content\/uploads\/2025\/05\/Tulum-17-aniversario.jpg\" \/>\n<meta name=\"twitter:creator\" content=\"@NITUmx\" \/>\n<meta name=\"twitter:site\" content=\"@Arturo_Medina_G\" \/>\n<meta name=\"twitter:label1\" content=\"Escrito por\" \/>\n\t<meta name=\"twitter:data1\" content=\"Redacci\u00f3n\" \/>\n\t<meta name=\"twitter:label2\" content=\"Tiempo de lectura\" \/>\n\t<meta name=\"twitter:data2\" content=\"2 minutos\" \/>\n<script type=\"application\/ld+json\" class=\"yoast-schema-graph\">{\"@context\":\"https:\/\/schema.org\",\"@graph\":[{\"@type\":\"Article\",\"@id\":\"https:\/\/nitu.mx\/index.php\/2025\/05\/29\/tulum-celebra-su-17-aniversario-con-exito-turistico-e-identidad-propia\/#article\",\"isPartOf\":{\"@id\":\"https:\/\/nitu.mx\/index.php\/2025\/05\/29\/tulum-celebra-su-17-aniversario-con-exito-turistico-e-identidad-propia\/\"},\"author\":{\"name\":\"Redacci\u00f3n\",\"@id\":\"https:\/\/nitu.mx\/#\/schema\/person\/4a28fe9bd65924f7c90623773daf1b0b\"},\"headline\":\"Tulum celebra su 17 aniversario con \u00e9xito tur\u00edstico e identidad propia\",\"datePublished\":\"2025-05-30T04:56:30+00:00\",\"dateModified\":\"2025-05-30T04:56:31+00:00\",\"mainEntityOfPage\":{\"@id\":\"https:\/\/nitu.mx\/index.php\/2025\/05\/29\/tulum-celebra-su-17-aniversario-con-exito-turistico-e-identidad-propia\/\"},\"wordCount\":323,\"commentCount\":0,\"publisher\":{\"@id\":\"https:\/\/nitu.mx\/#\/schema\/person\/ae7a53426417292d3dd07b45a33e01bc\"},\"image\":{\"@id\":\"https:\/\/nitu.mx\/index.php\/2025\/05\/29\/tulum-celebra-su-17-aniversario-con-exito-turistico-e-identidad-propia\/#primaryimage\"},\"thumbnailUrl\":\"https:\/\/nitu.mx\/wp-content\/uploads\/2025\/05\/Tulum-17-aniversario.jpg\",\"keywords\":[\"Aniversario\",\"Mara Lezama\",\"Quintana Roo\",\"Tulum\"],\"articleSection\":[\"Caribe Mexicano\"],\"inLanguage\":\"es-MX\",\"potentialAction\":[{\"@type\":\"CommentAction\",\"name\":\"Comment\",\"target\":[\"https:\/\/nitu.mx\/index.php\/2025\/05\/29\/tulum-celebra-su-17-aniversario-con-exito-turistico-e-identidad-propia\/#respond\"]}]},{\"@type\":\"WebPage\",\"@id\":\"https:\/\/nitu.mx\/index.php\/2025\/05\/29\/tulum-celebra-su-17-aniversario-con-exito-turistico-e-identidad-propia\/\",\"url\":\"https:\/\/nitu.mx\/index.php\/2025\/05\/29\/tulum-celebra-su-17-aniversario-con-exito-turistico-e-identidad-propia\/\",\"name\":\"Tulum celebra su 17 aniversario con \u00e9xito tur\u00edstico e identidad propia - Nitu - Noticias de la Industria Turistica\",\"isPartOf\":{\"@id\":\"https:\/\/nitu.mx\/#website\"},\"primaryImageOfPage\":{\"@id\":\"https:\/\/nitu.mx\/index.php\/2025\/05\/29\/tulum-celebra-su-17-aniversario-con-exito-turistico-e-identidad-propia\/#primaryimage\"},\"image\":{\"@id\":\"https:\/\/nitu.mx\/index.php\/2025\/05\/29\/tulum-celebra-su-17-aniversario-con-exito-turistico-e-identidad-propia\/#primaryimage\"},\"thumbnailUrl\":\"https:\/\/nitu.mx\/wp-content\/uploads\/2025\/05\/Tulum-17-aniversario.jpg\",\"datePublished\":\"2025-05-30T04:56:30+00:00\",\"dateModified\":\"2025-05-30T04:56:31+00:00\",\"breadcrumb\":{\"@id\":\"https:\/\/nitu.mx\/index.php\/2025\/05\/29\/tulum-celebra-su-17-aniversario-con-exito-turistico-e-identidad-propia\/#breadcrumb\"},\"inLanguage\":\"es-MX\",\"potentialAction\":[{\"@type\":\"ReadAction\",\"target\":[\"https:\/\/nitu.mx\/index.php\/2025\/05\/29\/tulum-celebra-su-17-aniversario-con-exito-turistico-e-identidad-propia\/\"]}]},{\"@type\":\"ImageObject\",\"inLanguage\":\"es-MX\",\"@id\":\"https:\/\/nitu.mx\/index.php\/2025\/05\/29\/tulum-celebra-su-17-aniversario-con-exito-turistico-e-identidad-propia\/#primaryimage\",\"url\":\"https:\/\/nitu.mx\/wp-content\/uploads\/2025\/05\/Tulum-17-aniversario.jpg\",\"contentUrl\":\"https:\/\/nitu.mx\/wp-content\/uploads\/2025\/05\/Tulum-17-aniversario.jpg\",\"width\":1200,\"height\":675,\"caption\":\"Tulum 17 aniversario\"},{\"@type\":\"BreadcrumbList\",\"@id\":\"https:\/\/nitu.mx\/index.php\/2025\/05\/29\/tulum-celebra-su-17-aniversario-con-exito-turistico-e-identidad-propia\/#breadcrumb\",\"itemListElement\":[{\"@type\":\"ListItem\",\"position\":1,\"name\":\"Inicio\",\"item\":\"https:\/\/nitu.mx\/\"},{\"@type\":\"ListItem\",\"position\":2,\"name\":\"Tulum celebra su 17 aniversario con \u00e9xito tur\u00edstico e identidad propia\"}]},{\"@type\":\"WebSite\",\"@id\":\"https:\/\/nitu.mx\/#website\",\"url\":\"https:\/\/nitu.mx\/\",\"name\":\"Nitu - Noticias de la Industria Turistica\",\"description\":\"Noticias de la Industria Turistica\",\"publisher\":{\"@id\":\"https:\/\/nitu.mx\/#\/schema\/person\/ae7a53426417292d3dd07b45a33e01bc\"},\"alternateName\":\"Noticias de la Industria Turistica\",\"potentialAction\":[{\"@type\":\"SearchAction\",\"target\":{\"@type\":\"EntryPoint\",\"urlTemplate\":\"https:\/\/nitu.mx\/?s={search_term_string}\"},\"query-input\":\"required name=search_term_string\"}],\"inLanguage\":\"es-MX\"},{\"@type\":[\"Person\",\"Organization\"],\"@id\":\"https:\/\/nitu.mx\/#\/schema\/person\/ae7a53426417292d3dd07b45a33e01bc\",\"name\":\"Arturo Medina\",\"image\":{\"@type\":\"ImageObject\",\"inLanguage\":\"es-MX\",\"@id\":\"https:\/\/nitu.mx\/#\/schema\/person\/image\/\",\"url\":\"https:\/\/nitu.mx\/wp-content\/uploads\/2024\/04\/4A315622-1904-4D5C-B022-878CDC840E04-90x90-1.jpeg\",\"contentUrl\":\"https:\/\/nitu.mx\/wp-content\/uploads\/2024\/04\/4A315622-1904-4D5C-B022-878CDC840E04-90x90-1.jpeg\",\"width\":90,\"height\":90,\"caption\":\"Arturo Medina\"},\"logo\":{\"@id\":\"https:\/\/nitu.mx\/#\/schema\/person\/image\/\"},\"description\":\"Director NITU.mx, Egresado de la Escuela de Periodismo Carlos Septi\u00e9n Garc\u00eda. Periodista y analista especializado en turismo desde hace 35 a\u00f1os, radicado en Canc\u00fan Q.Roo. arturo@nitu.mx\",\"sameAs\":[\"https:\/\/nitu.mx\",\"https:\/\/www.facebook.com\/NITUmx\/\",\"medinacancun\",\"https:\/\/twitter.com\/@Arturo_Medina_G\"]},{\"@type\":\"Person\",\"@id\":\"https:\/\/nitu.mx\/#\/schema\/person\/4a28fe9bd65924f7c90623773daf1b0b\",\"name\":\"Redacci\u00f3n\",\"image\":{\"@type\":\"ImageObject\",\"inLanguage\":\"es-MX\",\"@id\":\"https:\/\/nitu.mx\/#\/schema\/person\/image\/\",\"url\":\"https:\/\/secure.gravatar.com\/avatar\/5dd011c8ccfc5cd7e4c81e42252aab38?s=96&d=mm&r=g\",\"contentUrl\":\"https:\/\/secure.gravatar.com\/avatar\/5dd011c8ccfc5cd7e4c81e42252aab38?s=96&d=mm&r=g\",\"caption\":\"Redacci\u00f3n\"},\"url\":\"https:\/\/nitu.mx\/index.php\/author\/redaccion\/\"}]}<\/script>\n<!-- \/ Yoast SEO plugin. -->","yoast_head_json":{"title":"Tulum celebra su 17 aniversario con \u00e9xito tur\u00edstico e identidad propia - Nitu - Noticias de la Industria Turistica","robots":{"index":"index","follow":"follow","max-snippet":"max-snippet:-1","max-image-preview":"max-image-preview:large","max-video-preview":"max-video-preview:-1"},"canonical":"https:\/\/nitu.mx\/index.php\/2025\/05\/29\/tulum-celebra-su-17-aniversario-con-exito-turistico-e-identidad-propia\/","twitter_card":"summary_large_image","twitter_title":"Tulum celebra su 17 aniversario con \u00e9xito tur\u00edstico e identidad propia - Nitu - Noticias de la Industria Turistica","twitter_description":"En el marco del 17 aniversario de Tulum como municipio, la gobernadora de Quintana Roo, Mara Lezama Espinosa, afirm\u00f3 que en la entidad juntas y juntos estamos construyendo una nueva historia, haciendo valer los derechos del pueblo, con justicia social y que la prosperidad compartida llegue a todas las mesas, por m\u00e1s peque\u00f1a que sea. [&hellip;]","twitter_image":"https:\/\/nitu.mx\/wp-content\/uploads\/2025\/05\/Tulum-17-aniversario.jpg","twitter_creator":"@NITUmx","twitter_site":"@Arturo_Medina_G","twitter_misc":{"Escrito por":"Redacci\u00f3n","Tiempo de lectura":"2 minutos"},"schema":{"@context":"https:\/\/schema.org","@graph":[{"@type":"Article","@id":"https:\/\/nitu.mx\/index.php\/2025\/05\/29\/tulum-celebra-su-17-aniversario-con-exito-turistico-e-identidad-propia\/#article","isPartOf":{"@id":"https:\/\/nitu.mx\/index.php\/2025\/05\/29\/tulum-celebra-su-17-aniversario-con-exito-turistico-e-identidad-propia\/"},"author":{"name":"Redacci\u00f3n","@id":"https:\/\/nitu.mx\/#\/schema\/person\/4a28fe9bd65924f7c90623773daf1b0b"},"headline":"Tulum celebra su 17 aniversario con \u00e9xito tur\u00edstico e identidad propia","datePublished":"2025-05-30T04:56:30+00:00","dateModified":"2025-05-30T04:56:31+00:00","mainEntityOfPage":{"@id":"https:\/\/nitu.mx\/index.php\/2025\/05\/29\/tulum-celebra-su-17-aniversario-con-exito-turistico-e-identidad-propia\/"},"wordCount":323,"commentCount":0,"publisher":{"@id":"https:\/\/nitu.mx\/#\/schema\/person\/ae7a53426417292d3dd07b45a33e01bc"},"image":{"@id":"https:\/\/nitu.mx\/index.php\/2025\/05\/29\/tulum-celebra-su-17-aniversario-con-exito-turistico-e-identidad-propia\/#primaryimage"},"thumbnailUrl":"https:\/\/nitu.mx\/wp-content\/uploads\/2025\/05\/Tulum-17-aniversario.jpg","keywords":["Aniversario","Mara Lezama","Quintana Roo","Tulum"],"articleSection":["Caribe Mexicano"],"inLanguage":"es-MX","potentialAction":[{"@type":"CommentAction","name":"Comment","target":["https:\/\/nitu.mx\/index.php\/2025\/05\/29\/tulum-celebra-su-17-aniversario-con-exito-turistico-e-identidad-propia\/#respond"]}]},{"@type":"WebPage","@id":"https:\/\/nitu.mx\/index.php\/2025\/05\/29\/tulum-celebra-su-17-aniversario-con-exito-turistico-e-identidad-propia\/","url":"https:\/\/nitu.mx\/index.php\/2025\/05\/29\/tulum-celebra-su-17-aniversario-con-exito-turistico-e-identidad-propia\/","name":"Tulum celebra su 17 aniversario con \u00e9xito tur\u00edstico e identidad propia - Nitu - Noticias de la Industria Turistica","isPartOf":{"@id":"https:\/\/nitu.mx\/#website"},"primaryImageOfPage":{"@id":"https:\/\/nitu.mx\/index.php\/2025\/05\/29\/tulum-celebra-su-17-aniversario-con-exito-turistico-e-identidad-propia\/#primaryimage"},"image":{"@id":"https:\/\/nitu.mx\/index.php\/2025\/05\/29\/tulum-celebra-su-17-aniversario-con-exito-turistico-e-identidad-propia\/#primaryimage"},"thumbnailUrl":"https:\/\/nitu.mx\/wp-content\/uploads\/2025\/05\/Tulum-17-aniversario.jpg","datePublished":"2025-05-30T04:56:30+00:00","dateModified":"2025-05-30T04:56:31+00:00","breadcrumb":{"@id":"https:\/\/nitu.mx\/index.php\/2025\/05\/29\/tulum-celebra-su-17-aniversario-con-exito-turistico-e-identidad-propia\/#breadcrumb"},"inLanguage":"es-MX","potentialAction":[{"@type":"ReadAction","target":["https:\/\/nitu.mx\/index.php\/2025\/05\/29\/tulum-celebra-su-17-aniversario-con-exito-turistico-e-identidad-propia\/"]}]},{"@type":"ImageObject","inLanguage":"es-MX","@id":"https:\/\/nitu.mx\/index.php\/2025\/05\/29\/tulum-celebra-su-17-aniversario-con-exito-turistico-e-identidad-propia\/#primaryimage","url":"https:\/\/nitu.mx\/wp-content\/uploads\/2025\/05\/Tulum-17-aniversario.jpg","contentUrl":"https:\/\/nitu.mx\/wp-content\/uploads\/2025\/05\/Tulum-17-aniversario.jpg","width":1200,"height":675,"caption":"Tulum 17 aniversario"},{"@type":"BreadcrumbList","@id":"https:\/\/nitu.mx\/index.php\/2025\/05\/29\/tulum-celebra-su-17-aniversario-con-exito-turistico-e-identidad-propia\/#breadcrumb","itemListElement":[{"@type":"ListItem","position":1,"name":"Inicio","item":"https:\/\/nitu.mx\/"},{"@type":"ListItem","position":2,"name":"Tulum celebra su 17 aniversario con \u00e9xito tur\u00edstico e identidad propia"}]},{"@type":"WebSite","@id":"https:\/\/nitu.mx\/#website","url":"https:\/\/nitu.mx\/","name":"Nitu - Noticias de la Industria Turistica","description":"Noticias de la Industria Turistica","publisher":{"@id":"https:\/\/nitu.mx\/#\/schema\/person\/ae7a53426417292d3dd07b45a33e01bc"},"alternateName":"Noticias de la Industria Turistica","potentialAction":[{"@type":"SearchAction","target":{"@type":"EntryPoint","urlTemplate":"https:\/\/nitu.mx\/?s={search_term_string}"},"query-input":"required name=search_term_string"}],"inLanguage":"es-MX"},{"@type":["Person","Organization"],"@id":"https:\/\/nitu.mx\/#\/schema\/person\/ae7a53426417292d3dd07b45a33e01bc","name":"Arturo Medina","image":{"@type":"ImageObject","inLanguage":"es-MX","@id":"https:\/\/nitu.mx\/#\/schema\/person\/image\/","url":"https:\/\/nitu.mx\/wp-content\/uploads\/2024\/04\/4A315622-1904-4D5C-B022-878CDC840E04-90x90-1.jpeg","contentUrl":"https:\/\/nitu.mx\/wp-content\/uploads\/2024\/04\/4A315622-1904-4D5C-B022-878CDC840E04-90x90-1.jpeg","width":90,"height":90,"caption":"Arturo Medina"},"logo":{"@id":"https:\/\/nitu.mx\/#\/schema\/person\/image\/"},"description":"Director NITU.mx, Egresado de la Escuela de Periodismo Carlos Septi\u00e9n Garc\u00eda. Periodista y analista especializado en turismo desde hace 35 a\u00f1os, radicado en Canc\u00fan Q.Roo. arturo@nitu.mx","sameAs":["https:\/\/nitu.mx","https:\/\/www.facebook.com\/NITUmx\/","medinacancun","https:\/\/twitter.com\/@Arturo_Medina_G"]},{"@type":"Person","@id":"https:\/\/nitu.mx\/#\/schema\/person\/4a28fe9bd65924f7c90623773daf1b0b","name":"Redacci\u00f3n","image":{"@type":"ImageObject","inLanguage":"es-MX","@id":"https:\/\/nitu.mx\/#\/schema\/person\/image\/","url":"https:\/\/secure.gravatar.com\/avatar\/5dd011c8ccfc5cd7e4c81e42252aab38?s=96&d=mm&r=g","contentUrl":"https:\/\/secure.gravatar.com\/avatar\/5dd011c8ccfc5cd7e4c81e42252aab38?s=96&d=mm&r=g","caption":"Redacci\u00f3n"},"url":"https:\/\/nitu.mx\/index.php\/author\/redaccion\/"}]}},"views":480,"_links":{"self":[{"href":"https:\/\/nitu.mx\/index.php\/wp-json\/wp\/v2\/posts\/81452"}],"collection":[{"href":"https:\/\/nitu.mx\/index.php\/wp-json\/wp\/v2\/posts"}],"about":[{"href":"https:\/\/nitu.mx\/index.php\/wp-json\/wp\/v2\/types\/post"}],"author":[{"embeddable":true,"href":"https:\/\/nitu.mx\/index.php\/wp-json\/wp\/v2\/users\/17"}],"replies":[{"embeddable":true,"href":"https:\/\/nitu.mx\/index.php\/wp-json\/wp\/v2\/comments?post=81452"}],"version-history":[{"count":1,"href":"https:\/\/nitu.mx\/index.php\/wp-json\/wp\/v2\/posts\/81452\/revisions"}],"predecessor-version":[{"id":81455,"href":"https:\/\/nitu.mx\/index.php\/wp-json\/wp\/v2\/posts\/81452\/revisions\/81455"}],"wp:featuredmedia":[{"embeddable":true,"href":"https:\/\/nitu.mx\/index.php\/wp-json\/wp\/v2\/media\/81454"}],"wp:attachment":[{"href":"https:\/\/nitu.mx\/index.php\/wp-json\/wp\/v2\/media?parent=81452"}],"wp:term":[{"taxonomy":"category","embeddable":true,"href":"https:\/\/nitu.mx\/index.php\/wp-json\/wp\/v2\/categories?post=81452"},{"taxonomy":"post_tag","embeddable":true,"href":"https:\/\/nitu.mx\/index.php\/wp-json\/wp\/v2\/tags?post=81452"}],"curies":[{"name":"wp","href":"https:\/\/api.w.org\/{rel}","templated":true}]}}