{"id":81262,"date":"2025-05-19T23:42:16","date_gmt":"2025-05-20T05:42:16","guid":{"rendered":"https:\/\/nitu.mx\/?p=81262"},"modified":"2025-05-19T23:42:17","modified_gmt":"2025-05-20T05:42:17","slug":"avanza-la-construccion-de-la-nueva-catedral-de-cancun","status":"publish","type":"post","link":"https:\/\/nitu.mx\/index.php\/2025\/05\/19\/avanza-la-construccion-de-la-nueva-catedral-de-cancun\/","title":{"rendered":"Avanza la construcci\u00f3n de la nueva\u00a0Catedral de Canc\u00fan"},"content":{"rendered":"\n<p>La Di\u00f3cesis de Canc\u00fan-Chetumal comparti\u00f3 que la construcci\u00f3n de la nuevaCatedral de Canc\u00fan, iniciada en el mes de abril de este a\u00f1o 2025, avanza con paso firme, guiada por la &#8220;oraci\u00f3n, la generosidad de los fieles y el deseo com\u00fan de edificar un espacio donde habite el amor de Dios y florezca la vida comunitaria&#8221;.<\/p>\n\n\n\n<p>Este proyecto nace como una expresi\u00f3n de fe viva, un acto de gratitud al Se\u00f1or por los dones recibidos y una respuesta al llamado de construir un lugar que acoja a todos: familias, j\u00f3venes, ni\u00f1os, ancianos, y todo aquel que busque consuelo, esperanza y encuentro.<\/p>\n\n\n\n<p>Desde sus cimientos, la obra ha sido concebida con profundo respeto y amor por la creaci\u00f3n, reconociendo que la tierra que pisamos es tambi\u00e9n obra de Dios. <\/p>\n\n\n\n<p>Por ello, se han cuidado con especial atenci\u00f3n todos los aspectos ambientales: se cuenta con los permisos correspondientes, se han seguido estrictamente las regulaciones ecol\u00f3gicas y se han incorporado pr\u00e1cticas constructivas que permiten una intervenci\u00f3n m\u00ednima al entorno. Cada \u00e1rbol, cada sendero natural y cada rinc\u00f3n de vegetaci\u00f3n ha sido valorado como parte esencial del esp\u00edritu del proyecto. <\/p>\n\n\n\n<p>&#8220;Esta no es solo una catedral en medio de la selva: es una catedral que abraza a la selva y camina con ella, dando testimonio de una espiritualidad ecol\u00f3gica coherente con los principios de la Casa Com\u00fan que el Papa Leon XIV nos ha llamado a cuidar&#8221;, indica el mensaje.<\/p>\n\n\n\n<p>Adem\u00e1s del templo, la construcci\u00f3n contempla un centro comunitario inspirado en los valores cristianos, que tendr\u00e1 como misi\u00f3n servir con amor a quienes m\u00e1s lo necesitan. Este espacio ser\u00e1 lugar de acogida y acompa\u00f1amiento, donde se ofrecer\u00e1n talleres formativos, servicios de ayuda solidaria, actividades para j\u00f3venes y espacios de escucha y orientaci\u00f3n familiar. <\/p>\n\n\n\n<p>&#8220;Queremos que esta obra sea tambi\u00e9n una respuesta concreta a las necesidades sociales de nuestra ciudad, y que refleje el rostro cercano y misericordioso de la Iglesia&#8221;.<\/p>\n\n\n\n<p>La catedral ser\u00e1 un faro de luz, un s\u00edmbolo de unidad y un hogar espiritual para todos los que habitan y visitan Canc\u00fan. Su arquitectura y su misi\u00f3n buscan integrarse a la vida de nuestra comunidad no solo como un templo, sino como un coraz\u00f3n que late al ritmo de la fe, la esperanza y la caridad.<\/p>\n\n\n\n<p>La Di\u00f3cesis de Canc\u00fan-Chetumal agradeci\u00f3 profundamente a todas las personas, familias y benefactores que est\u00e1n haciendo posible esta obra, y reitera su compromiso de construir con transparencia, con conciencia ecol\u00f3gica y con profundo sentido pastoral. <a href=\"https:\/\/nitu.mx\/index.php\/2025\/05\/05\/cancun-acapara-atencion-en-times-square\/\">(Canc\u00fan acapara atenci\u00f3n en Times Square<\/a>).<\/p>\n","protected":false},"excerpt":{"rendered":"<p>La Di\u00f3cesis de Canc\u00fan-Chetumal comparti\u00f3 que la construcci\u00f3n de la nuevaCatedral de Canc\u00fan, iniciada en el mes de abril de este a\u00f1o 2025, avanza con paso firme, guiada por la &#8220;oraci\u00f3n, la generosidad de los fieles y el deseo com\u00fan de edificar un espacio donde habite el amor de Dios y florezca la vida comunitaria&#8221;. [&hellip;]<\/p>\n","protected":false},"author":17,"featured_media":81264,"comment_status":"open","ping_status":"open","sticky":false,"template":"","format":"standard","meta":{"footnotes":""},"categories":[21403],"tags":[43,27439,27440],"yoast_head":"<!-- This site is optimized with the Yoast SEO plugin v22.2 - https:\/\/yoast.com\/wordpress\/plugins\/seo\/ -->\n<title>Avanza la construcci\u00f3n de la nueva\u00a0Catedral de Canc\u00fan - Nitu - Noticias de la Industria Turistica<\/title>\n<meta name=\"robots\" content=\"index, follow, max-snippet:-1, max-image-preview:large, max-video-preview:-1\" \/>\n<link rel=\"canonical\" href=\"https:\/\/nitu.mx\/index.php\/2025\/05\/19\/avanza-la-construccion-de-la-nueva-catedral-de-cancun\/\" \/>\n<meta name=\"twitter:card\" content=\"summary_large_image\" \/>\n<meta name=\"twitter:title\" content=\"Avanza la construcci\u00f3n de la nueva\u00a0Catedral de Canc\u00fan - Nitu - Noticias de la Industria Turistica\" \/>\n<meta name=\"twitter:description\" content=\"La Di\u00f3cesis de Canc\u00fan-Chetumal comparti\u00f3 que la construcci\u00f3n de la nuevaCatedral de Canc\u00fan, iniciada en el mes de abril de este a\u00f1o 2025, avanza con paso firme, guiada por la &#8220;oraci\u00f3n, la generosidad de los fieles y el deseo com\u00fan de edificar un espacio donde habite el amor de Dios y florezca la vida comunitaria&#8221;. [&hellip;]\" \/>\n<meta name=\"twitter:image\" content=\"https:\/\/nitu.mx\/wp-content\/uploads\/2025\/05\/Catedral-de-Cancun.jpg\" \/>\n<meta name=\"twitter:creator\" content=\"@NITUmx\" \/>\n<meta name=\"twitter:site\" content=\"@Arturo_Medina_G\" \/>\n<meta name=\"twitter:label1\" content=\"Escrito por\" \/>\n\t<meta name=\"twitter:data1\" content=\"Redacci\u00f3n\" \/>\n\t<meta name=\"twitter:label2\" content=\"Tiempo de lectura\" \/>\n\t<meta name=\"twitter:data2\" content=\"2 minutos\" \/>\n<script type=\"application\/ld+json\" class=\"yoast-schema-graph\">{\"@context\":\"https:\/\/schema.org\",\"@graph\":[{\"@type\":\"Article\",\"@id\":\"https:\/\/nitu.mx\/index.php\/2025\/05\/19\/avanza-la-construccion-de-la-nueva-catedral-de-cancun\/#article\",\"isPartOf\":{\"@id\":\"https:\/\/nitu.mx\/index.php\/2025\/05\/19\/avanza-la-construccion-de-la-nueva-catedral-de-cancun\/\"},\"author\":{\"name\":\"Redacci\u00f3n\",\"@id\":\"https:\/\/nitu.mx\/#\/schema\/person\/4a28fe9bd65924f7c90623773daf1b0b\"},\"headline\":\"Avanza la construcci\u00f3n de la nueva\u00a0Catedral de Canc\u00fan\",\"datePublished\":\"2025-05-20T05:42:16+00:00\",\"dateModified\":\"2025-05-20T05:42:17+00:00\",\"mainEntityOfPage\":{\"@id\":\"https:\/\/nitu.mx\/index.php\/2025\/05\/19\/avanza-la-construccion-de-la-nueva-catedral-de-cancun\/\"},\"wordCount\":465,\"commentCount\":0,\"publisher\":{\"@id\":\"https:\/\/nitu.mx\/#\/schema\/person\/ae7a53426417292d3dd07b45a33e01bc\"},\"image\":{\"@id\":\"https:\/\/nitu.mx\/index.php\/2025\/05\/19\/avanza-la-construccion-de-la-nueva-catedral-de-cancun\/#primaryimage\"},\"thumbnailUrl\":\"https:\/\/nitu.mx\/wp-content\/uploads\/2025\/05\/Catedral-de-Cancun.jpg\",\"keywords\":[\"Canc\u00fan\",\"Catedral de Canc\u00fan\",\"Di\u00f3cesis de Canc\u00fan-Chetumal\"],\"articleSection\":[\"Canc\u00fan\"],\"inLanguage\":\"es-MX\",\"potentialAction\":[{\"@type\":\"CommentAction\",\"name\":\"Comment\",\"target\":[\"https:\/\/nitu.mx\/index.php\/2025\/05\/19\/avanza-la-construccion-de-la-nueva-catedral-de-cancun\/#respond\"]}]},{\"@type\":\"WebPage\",\"@id\":\"https:\/\/nitu.mx\/index.php\/2025\/05\/19\/avanza-la-construccion-de-la-nueva-catedral-de-cancun\/\",\"url\":\"https:\/\/nitu.mx\/index.php\/2025\/05\/19\/avanza-la-construccion-de-la-nueva-catedral-de-cancun\/\",\"name\":\"Avanza la construcci\u00f3n de la nueva\u00a0Catedral de Canc\u00fan - Nitu - Noticias de la Industria Turistica\",\"isPartOf\":{\"@id\":\"https:\/\/nitu.mx\/#website\"},\"primaryImageOfPage\":{\"@id\":\"https:\/\/nitu.mx\/index.php\/2025\/05\/19\/avanza-la-construccion-de-la-nueva-catedral-de-cancun\/#primaryimage\"},\"image\":{\"@id\":\"https:\/\/nitu.mx\/index.php\/2025\/05\/19\/avanza-la-construccion-de-la-nueva-catedral-de-cancun\/#primaryimage\"},\"thumbnailUrl\":\"https:\/\/nitu.mx\/wp-content\/uploads\/2025\/05\/Catedral-de-Cancun.jpg\",\"datePublished\":\"2025-05-20T05:42:16+00:00\",\"dateModified\":\"2025-05-20T05:42:17+00:00\",\"breadcrumb\":{\"@id\":\"https:\/\/nitu.mx\/index.php\/2025\/05\/19\/avanza-la-construccion-de-la-nueva-catedral-de-cancun\/#breadcrumb\"},\"inLanguage\":\"es-MX\",\"potentialAction\":[{\"@type\":\"ReadAction\",\"target\":[\"https:\/\/nitu.mx\/index.php\/2025\/05\/19\/avanza-la-construccion-de-la-nueva-catedral-de-cancun\/\"]}]},{\"@type\":\"ImageObject\",\"inLanguage\":\"es-MX\",\"@id\":\"https:\/\/nitu.mx\/index.php\/2025\/05\/19\/avanza-la-construccion-de-la-nueva-catedral-de-cancun\/#primaryimage\",\"url\":\"https:\/\/nitu.mx\/wp-content\/uploads\/2025\/05\/Catedral-de-Cancun.jpg\",\"contentUrl\":\"https:\/\/nitu.mx\/wp-content\/uploads\/2025\/05\/Catedral-de-Cancun.jpg\",\"width\":1200,\"height\":675,\"caption\":\"Catedral de Canc\u00fan\"},{\"@type\":\"BreadcrumbList\",\"@id\":\"https:\/\/nitu.mx\/index.php\/2025\/05\/19\/avanza-la-construccion-de-la-nueva-catedral-de-cancun\/#breadcrumb\",\"itemListElement\":[{\"@type\":\"ListItem\",\"position\":1,\"name\":\"Inicio\",\"item\":\"https:\/\/nitu.mx\/\"},{\"@type\":\"ListItem\",\"position\":2,\"name\":\"Avanza la construcci\u00f3n de la nueva\u00a0Catedral de Canc\u00fan\"}]},{\"@type\":\"WebSite\",\"@id\":\"https:\/\/nitu.mx\/#website\",\"url\":\"https:\/\/nitu.mx\/\",\"name\":\"Nitu - Noticias de la Industria Turistica\",\"description\":\"Noticias de la Industria Turistica\",\"publisher\":{\"@id\":\"https:\/\/nitu.mx\/#\/schema\/person\/ae7a53426417292d3dd07b45a33e01bc\"},\"alternateName\":\"Noticias de la Industria Turistica\",\"potentialAction\":[{\"@type\":\"SearchAction\",\"target\":{\"@type\":\"EntryPoint\",\"urlTemplate\":\"https:\/\/nitu.mx\/?s={search_term_string}\"},\"query-input\":\"required name=search_term_string\"}],\"inLanguage\":\"es-MX\"},{\"@type\":[\"Person\",\"Organization\"],\"@id\":\"https:\/\/nitu.mx\/#\/schema\/person\/ae7a53426417292d3dd07b45a33e01bc\",\"name\":\"Arturo Medina\",\"image\":{\"@type\":\"ImageObject\",\"inLanguage\":\"es-MX\",\"@id\":\"https:\/\/nitu.mx\/#\/schema\/person\/image\/\",\"url\":\"https:\/\/nitu.mx\/wp-content\/uploads\/2024\/04\/4A315622-1904-4D5C-B022-878CDC840E04-90x90-1.jpeg\",\"contentUrl\":\"https:\/\/nitu.mx\/wp-content\/uploads\/2024\/04\/4A315622-1904-4D5C-B022-878CDC840E04-90x90-1.jpeg\",\"width\":90,\"height\":90,\"caption\":\"Arturo Medina\"},\"logo\":{\"@id\":\"https:\/\/nitu.mx\/#\/schema\/person\/image\/\"},\"description\":\"Director NITU.mx, Egresado de la Escuela de Periodismo Carlos Septi\u00e9n Garc\u00eda. Periodista y analista especializado en turismo desde hace 35 a\u00f1os, radicado en Canc\u00fan Q.Roo. arturo@nitu.mx\",\"sameAs\":[\"https:\/\/nitu.mx\",\"https:\/\/www.facebook.com\/NITUmx\/\",\"medinacancun\",\"https:\/\/twitter.com\/@Arturo_Medina_G\"]},{\"@type\":\"Person\",\"@id\":\"https:\/\/nitu.mx\/#\/schema\/person\/4a28fe9bd65924f7c90623773daf1b0b\",\"name\":\"Redacci\u00f3n\",\"image\":{\"@type\":\"ImageObject\",\"inLanguage\":\"es-MX\",\"@id\":\"https:\/\/nitu.mx\/#\/schema\/person\/image\/\",\"url\":\"https:\/\/secure.gravatar.com\/avatar\/5dd011c8ccfc5cd7e4c81e42252aab38?s=96&d=mm&r=g\",\"contentUrl\":\"https:\/\/secure.gravatar.com\/avatar\/5dd011c8ccfc5cd7e4c81e42252aab38?s=96&d=mm&r=g\",\"caption\":\"Redacci\u00f3n\"},\"url\":\"https:\/\/nitu.mx\/index.php\/author\/redaccion\/\"}]}<\/script>\n<!-- \/ Yoast SEO plugin. -->","yoast_head_json":{"title":"Avanza la construcci\u00f3n de la nueva\u00a0Catedral de Canc\u00fan - Nitu - Noticias de la Industria Turistica","robots":{"index":"index","follow":"follow","max-snippet":"max-snippet:-1","max-image-preview":"max-image-preview:large","max-video-preview":"max-video-preview:-1"},"canonical":"https:\/\/nitu.mx\/index.php\/2025\/05\/19\/avanza-la-construccion-de-la-nueva-catedral-de-cancun\/","twitter_card":"summary_large_image","twitter_title":"Avanza la construcci\u00f3n de la nueva\u00a0Catedral de Canc\u00fan - Nitu - Noticias de la Industria Turistica","twitter_description":"La Di\u00f3cesis de Canc\u00fan-Chetumal comparti\u00f3 que la construcci\u00f3n de la nuevaCatedral de Canc\u00fan, iniciada en el mes de abril de este a\u00f1o 2025, avanza con paso firme, guiada por la &#8220;oraci\u00f3n, la generosidad de los fieles y el deseo com\u00fan de edificar un espacio donde habite el amor de Dios y florezca la vida comunitaria&#8221;. [&hellip;]","twitter_image":"https:\/\/nitu.mx\/wp-content\/uploads\/2025\/05\/Catedral-de-Cancun.jpg","twitter_creator":"@NITUmx","twitter_site":"@Arturo_Medina_G","twitter_misc":{"Escrito por":"Redacci\u00f3n","Tiempo de lectura":"2 minutos"},"schema":{"@context":"https:\/\/schema.org","@graph":[{"@type":"Article","@id":"https:\/\/nitu.mx\/index.php\/2025\/05\/19\/avanza-la-construccion-de-la-nueva-catedral-de-cancun\/#article","isPartOf":{"@id":"https:\/\/nitu.mx\/index.php\/2025\/05\/19\/avanza-la-construccion-de-la-nueva-catedral-de-cancun\/"},"author":{"name":"Redacci\u00f3n","@id":"https:\/\/nitu.mx\/#\/schema\/person\/4a28fe9bd65924f7c90623773daf1b0b"},"headline":"Avanza la construcci\u00f3n de la nueva\u00a0Catedral de Canc\u00fan","datePublished":"2025-05-20T05:42:16+00:00","dateModified":"2025-05-20T05:42:17+00:00","mainEntityOfPage":{"@id":"https:\/\/nitu.mx\/index.php\/2025\/05\/19\/avanza-la-construccion-de-la-nueva-catedral-de-cancun\/"},"wordCount":465,"commentCount":0,"publisher":{"@id":"https:\/\/nitu.mx\/#\/schema\/person\/ae7a53426417292d3dd07b45a33e01bc"},"image":{"@id":"https:\/\/nitu.mx\/index.php\/2025\/05\/19\/avanza-la-construccion-de-la-nueva-catedral-de-cancun\/#primaryimage"},"thumbnailUrl":"https:\/\/nitu.mx\/wp-content\/uploads\/2025\/05\/Catedral-de-Cancun.jpg","keywords":["Canc\u00fan","Catedral de Canc\u00fan","Di\u00f3cesis de Canc\u00fan-Chetumal"],"articleSection":["Canc\u00fan"],"inLanguage":"es-MX","potentialAction":[{"@type":"CommentAction","name":"Comment","target":["https:\/\/nitu.mx\/index.php\/2025\/05\/19\/avanza-la-construccion-de-la-nueva-catedral-de-cancun\/#respond"]}]},{"@type":"WebPage","@id":"https:\/\/nitu.mx\/index.php\/2025\/05\/19\/avanza-la-construccion-de-la-nueva-catedral-de-cancun\/","url":"https:\/\/nitu.mx\/index.php\/2025\/05\/19\/avanza-la-construccion-de-la-nueva-catedral-de-cancun\/","name":"Avanza la construcci\u00f3n de la nueva\u00a0Catedral de Canc\u00fan - Nitu - Noticias de la Industria Turistica","isPartOf":{"@id":"https:\/\/nitu.mx\/#website"},"primaryImageOfPage":{"@id":"https:\/\/nitu.mx\/index.php\/2025\/05\/19\/avanza-la-construccion-de-la-nueva-catedral-de-cancun\/#primaryimage"},"image":{"@id":"https:\/\/nitu.mx\/index.php\/2025\/05\/19\/avanza-la-construccion-de-la-nueva-catedral-de-cancun\/#primaryimage"},"thumbnailUrl":"https:\/\/nitu.mx\/wp-content\/uploads\/2025\/05\/Catedral-de-Cancun.jpg","datePublished":"2025-05-20T05:42:16+00:00","dateModified":"2025-05-20T05:42:17+00:00","breadcrumb":{"@id":"https:\/\/nitu.mx\/index.php\/2025\/05\/19\/avanza-la-construccion-de-la-nueva-catedral-de-cancun\/#breadcrumb"},"inLanguage":"es-MX","potentialAction":[{"@type":"ReadAction","target":["https:\/\/nitu.mx\/index.php\/2025\/05\/19\/avanza-la-construccion-de-la-nueva-catedral-de-cancun\/"]}]},{"@type":"ImageObject","inLanguage":"es-MX","@id":"https:\/\/nitu.mx\/index.php\/2025\/05\/19\/avanza-la-construccion-de-la-nueva-catedral-de-cancun\/#primaryimage","url":"https:\/\/nitu.mx\/wp-content\/uploads\/2025\/05\/Catedral-de-Cancun.jpg","contentUrl":"https:\/\/nitu.mx\/wp-content\/uploads\/2025\/05\/Catedral-de-Cancun.jpg","width":1200,"height":675,"caption":"Catedral de Canc\u00fan"},{"@type":"BreadcrumbList","@id":"https:\/\/nitu.mx\/index.php\/2025\/05\/19\/avanza-la-construccion-de-la-nueva-catedral-de-cancun\/#breadcrumb","itemListElement":[{"@type":"ListItem","position":1,"name":"Inicio","item":"https:\/\/nitu.mx\/"},{"@type":"ListItem","position":2,"name":"Avanza la construcci\u00f3n de la nueva\u00a0Catedral de Canc\u00fan"}]},{"@type":"WebSite","@id":"https:\/\/nitu.mx\/#website","url":"https:\/\/nitu.mx\/","name":"Nitu - Noticias de la Industria Turistica","description":"Noticias de la Industria Turistica","publisher":{"@id":"https:\/\/nitu.mx\/#\/schema\/person\/ae7a53426417292d3dd07b45a33e01bc"},"alternateName":"Noticias de la Industria Turistica","potentialAction":[{"@type":"SearchAction","target":{"@type":"EntryPoint","urlTemplate":"https:\/\/nitu.mx\/?s={search_term_string}"},"query-input":"required name=search_term_string"}],"inLanguage":"es-MX"},{"@type":["Person","Organization"],"@id":"https:\/\/nitu.mx\/#\/schema\/person\/ae7a53426417292d3dd07b45a33e01bc","name":"Arturo Medina","image":{"@type":"ImageObject","inLanguage":"es-MX","@id":"https:\/\/nitu.mx\/#\/schema\/person\/image\/","url":"https:\/\/nitu.mx\/wp-content\/uploads\/2024\/04\/4A315622-1904-4D5C-B022-878CDC840E04-90x90-1.jpeg","contentUrl":"https:\/\/nitu.mx\/wp-content\/uploads\/2024\/04\/4A315622-1904-4D5C-B022-878CDC840E04-90x90-1.jpeg","width":90,"height":90,"caption":"Arturo Medina"},"logo":{"@id":"https:\/\/nitu.mx\/#\/schema\/person\/image\/"},"description":"Director NITU.mx, Egresado de la Escuela de Periodismo Carlos Septi\u00e9n Garc\u00eda. Periodista y analista especializado en turismo desde hace 35 a\u00f1os, radicado en Canc\u00fan Q.Roo. arturo@nitu.mx","sameAs":["https:\/\/nitu.mx","https:\/\/www.facebook.com\/NITUmx\/","medinacancun","https:\/\/twitter.com\/@Arturo_Medina_G"]},{"@type":"Person","@id":"https:\/\/nitu.mx\/#\/schema\/person\/4a28fe9bd65924f7c90623773daf1b0b","name":"Redacci\u00f3n","image":{"@type":"ImageObject","inLanguage":"es-MX","@id":"https:\/\/nitu.mx\/#\/schema\/person\/image\/","url":"https:\/\/secure.gravatar.com\/avatar\/5dd011c8ccfc5cd7e4c81e42252aab38?s=96&d=mm&r=g","contentUrl":"https:\/\/secure.gravatar.com\/avatar\/5dd011c8ccfc5cd7e4c81e42252aab38?s=96&d=mm&r=g","caption":"Redacci\u00f3n"},"url":"https:\/\/nitu.mx\/index.php\/author\/redaccion\/"}]}},"views":591,"_links":{"self":[{"href":"https:\/\/nitu.mx\/index.php\/wp-json\/wp\/v2\/posts\/81262"}],"collection":[{"href":"https:\/\/nitu.mx\/index.php\/wp-json\/wp\/v2\/posts"}],"about":[{"href":"https:\/\/nitu.mx\/index.php\/wp-json\/wp\/v2\/types\/post"}],"author":[{"embeddable":true,"href":"https:\/\/nitu.mx\/index.php\/wp-json\/wp\/v2\/users\/17"}],"replies":[{"embeddable":true,"href":"https:\/\/nitu.mx\/index.php\/wp-json\/wp\/v2\/comments?post=81262"}],"version-history":[{"count":1,"href":"https:\/\/nitu.mx\/index.php\/wp-json\/wp\/v2\/posts\/81262\/revisions"}],"predecessor-version":[{"id":81265,"href":"https:\/\/nitu.mx\/index.php\/wp-json\/wp\/v2\/posts\/81262\/revisions\/81265"}],"wp:featuredmedia":[{"embeddable":true,"href":"https:\/\/nitu.mx\/index.php\/wp-json\/wp\/v2\/media\/81264"}],"wp:attachment":[{"href":"https:\/\/nitu.mx\/index.php\/wp-json\/wp\/v2\/media?parent=81262"}],"wp:term":[{"taxonomy":"category","embeddable":true,"href":"https:\/\/nitu.mx\/index.php\/wp-json\/wp\/v2\/categories?post=81262"},{"taxonomy":"post_tag","embeddable":true,"href":"https:\/\/nitu.mx\/index.php\/wp-json\/wp\/v2\/tags?post=81262"}],"curies":[{"name":"wp","href":"https:\/\/api.w.org\/{rel}","templated":true}]}}