{"id":81105,"date":"2025-05-12T00:40:02","date_gmt":"2025-05-12T06:40:02","guid":{"rendered":"https:\/\/nitu.mx\/?p=81105"},"modified":"2025-05-12T00:40:03","modified_gmt":"2025-05-12T06:40:03","slug":"paises-bajos-se-suma-al-combate-de-sargazo-y-tratamiento-de-aguas-residuales-en-cancun","status":"publish","type":"post","link":"https:\/\/nitu.mx\/index.php\/2025\/05\/12\/paises-bajos-se-suma-al-combate-de-sargazo-y-tratamiento-de-aguas-residuales-en-cancun\/","title":{"rendered":"Pa\u00edses Bajos se suma al combate de sargazo y tratamiento de aguas residuales en Canc\u00fan"},"content":{"rendered":"\n<p>Encabezado por la gobernadora de Quintana Roo, Mara Lezama Espinosa, y el embajador del Reino de los Pa\u00edses Bajos en M\u00e9xico, Wilfred Mohr, el gobierno de Quintana Roo present\u00f3 una propuesta de inversi\u00f3n para la construcci\u00f3n del Centro Integral de Saneamiento y Econom\u00eda Circular, mismo que eval\u00faa un comit\u00e9 t\u00e9cnico.<\/p>\n\n\n\n<p>Este Centro Integral contempla la implementaci\u00f3n de tecnolog\u00eda de punta holandesa y mexicana que permite dar soluci\u00f3n en el largo plazo a la gesti\u00f3n de sargazo en el norte de Quintana Roo y el tratamiento de las aguas residuales en la Zona Hotelera de Canc\u00fan, mitigando riesgos ambientales y de salud p\u00fablica, e incentivando la economia local y el desarrollo compartido.<\/p>\n\n\n\n<p>Durante el encuentro se cont\u00f3 con la participaci\u00f3n de Jacob Alexander Pielkenro, CEO de Dutch CleanTech, quien fue invitado con el objetivo de conocer de primera mano los retos y oportunidades del estado, as\u00ed como compartir el enfoque tecnol\u00f3gico de vanguardia que ha posicionado a Pa\u00edses Bajos como l\u00edder mundial en soluciones integrales para el manejo del agua y los oc\u00e9anos.<\/p>\n\n\n\n<p>Su presencia no implica un compromiso inmediato de desarrollo, sino que forma parte del proceso de evaluaci\u00f3n t\u00e9cnica y de cooperaci\u00f3n internacional que el Gobierno del Estado ha impulsado bajo una l\u00f3gica de transparencia y sostenibilidad.<\/p>\n\n\n\n<p>Presente en la reuni\u00f3n, el secretario de Ecolog\u00eda y Medio ambiente, \u00d3scar R\u00e9bora, explic\u00f3 que este proyecto se ha planteado para dar soluci\u00f3n integral a dos grandes amenazas ambientales que ponen en peligro a la econom\u00eda de Quintana Roo y en particular de Canc\u00fan: el arribo masivo de sargazo y el saneamiento de las aguas residuales generadas en la Zona Hotelera.<\/p>\n\n\n\n<p>Explic\u00f3 que el proyecto consta de monitoreo, gesti\u00f3n integral, recolecci\u00f3n y transporte de sargazo; implementaci\u00f3n de tres plantas de tratamiento de aguas residuales en la Zona Hotelera de Canc\u00fan; biodigesti\u00f3n de sargazo, residuos org\u00e1nicos y materia de poda; y la producci\u00f3n y comercializaci\u00f3n de biometano (gas natural).<\/p>\n\n\n\n<p>Los Pa\u00edses Bajos son uno de los m\u00e1s avanzados en gesti\u00f3n de agua y oc\u00e9anos. Como resultado del trabajo y colaboraci\u00f3n conjunta, y a la confianza que tienen a nuestro pa\u00eds y estado, se hizo notar la importancia de iniciar los trabajos conjuntos para la implementaci\u00f3n del Proyecto, el cual contempla el financiamiento, dise\u00f1o, construcci\u00f3n y operaci\u00f3n por parte de un consorcio holand\u00e9s constituido por Dutch CleanTech y Oceanus.<\/p>\n\n\n\n<p>La gobernadora Mara Lezama destac\u00f3 que este proyecto est\u00e1 alineado con el Nuevo Acuerdo por el Bienestar y Desarrollo de Quintana Roo, a trav\u00e9s del cual se trabaja para generar prosperidad compartida con acciones que mitiguen riesgos ambientales y de salud p\u00fablica, e incentivar la econom\u00eda local y el desarrollo compartido en el estado. (<a href=\"https:\/\/nitu.mx\/index.php\/2025\/04\/15\/mara-lezama-declara-el-inicio-oficial-de-la-temporada-de-sargazo-2025\/\">Mara Lezama declara el inicio oficial de la temporada de sargazo 2025<\/a>).<\/p>\n","protected":false},"excerpt":{"rendered":"<p>Encabezado por la gobernadora de Quintana Roo, Mara Lezama Espinosa, y el embajador del Reino de los Pa\u00edses Bajos en M\u00e9xico, Wilfred Mohr, el gobierno de Quintana Roo present\u00f3 una propuesta de inversi\u00f3n para la construcci\u00f3n del Centro Integral de Saneamiento y Econom\u00eda Circular, mismo que eval\u00faa un comit\u00e9 t\u00e9cnico. Este Centro Integral contempla la [&hellip;]<\/p>\n","protected":false},"author":17,"featured_media":81109,"comment_status":"open","ping_status":"open","sticky":false,"template":"","format":"standard","meta":{"footnotes":""},"categories":[21403],"tags":[27413,14028,389,10332,27412],"yoast_head":"<!-- This site is optimized with the Yoast SEO plugin v22.2 - https:\/\/yoast.com\/wordpress\/plugins\/seo\/ -->\n<title>Pa\u00edses Bajos se suma al combate de sargazo y tratamiento de aguas residuales en Canc\u00fan - Nitu - Noticias de la Industria Turistica<\/title>\n<meta name=\"robots\" content=\"index, follow, max-snippet:-1, max-image-preview:large, max-video-preview:-1\" \/>\n<link rel=\"canonical\" href=\"https:\/\/nitu.mx\/index.php\/2025\/05\/12\/paises-bajos-se-suma-al-combate-de-sargazo-y-tratamiento-de-aguas-residuales-en-cancun\/\" \/>\n<meta name=\"twitter:card\" content=\"summary_large_image\" \/>\n<meta name=\"twitter:title\" content=\"Pa\u00edses Bajos se suma al combate de sargazo y tratamiento de aguas residuales en Canc\u00fan - Nitu - Noticias de la Industria Turistica\" \/>\n<meta name=\"twitter:description\" content=\"Encabezado por la gobernadora de Quintana Roo, Mara Lezama Espinosa, y el embajador del Reino de los Pa\u00edses Bajos en M\u00e9xico, Wilfred Mohr, el gobierno de Quintana Roo present\u00f3 una propuesta de inversi\u00f3n para la construcci\u00f3n del Centro Integral de Saneamiento y Econom\u00eda Circular, mismo que eval\u00faa un comit\u00e9 t\u00e9cnico. Este Centro Integral contempla la [&hellip;]\" \/>\n<meta name=\"twitter:image\" content=\"https:\/\/nitu.mx\/wp-content\/uploads\/2025\/05\/Cancun-Paises-Bajos-sargazo-aguas-residuales.jpg\" \/>\n<meta name=\"twitter:creator\" content=\"@NITUmx\" \/>\n<meta name=\"twitter:site\" content=\"@Arturo_Medina_G\" \/>\n<meta name=\"twitter:label1\" content=\"Escrito por\" \/>\n\t<meta name=\"twitter:data1\" content=\"Redacci\u00f3n\" \/>\n\t<meta name=\"twitter:label2\" content=\"Tiempo de lectura\" \/>\n\t<meta name=\"twitter:data2\" content=\"3 minutos\" \/>\n<script type=\"application\/ld+json\" class=\"yoast-schema-graph\">{\"@context\":\"https:\/\/schema.org\",\"@graph\":[{\"@type\":\"Article\",\"@id\":\"https:\/\/nitu.mx\/index.php\/2025\/05\/12\/paises-bajos-se-suma-al-combate-de-sargazo-y-tratamiento-de-aguas-residuales-en-cancun\/#article\",\"isPartOf\":{\"@id\":\"https:\/\/nitu.mx\/index.php\/2025\/05\/12\/paises-bajos-se-suma-al-combate-de-sargazo-y-tratamiento-de-aguas-residuales-en-cancun\/\"},\"author\":{\"name\":\"Redacci\u00f3n\",\"@id\":\"https:\/\/nitu.mx\/#\/schema\/person\/4a28fe9bd65924f7c90623773daf1b0b\"},\"headline\":\"Pa\u00edses Bajos se suma al combate de sargazo y tratamiento de aguas residuales en Canc\u00fan\",\"datePublished\":\"2025-05-12T06:40:02+00:00\",\"dateModified\":\"2025-05-12T06:40:03+00:00\",\"mainEntityOfPage\":{\"@id\":\"https:\/\/nitu.mx\/index.php\/2025\/05\/12\/paises-bajos-se-suma-al-combate-de-sargazo-y-tratamiento-de-aguas-residuales-en-cancun\/\"},\"wordCount\":517,\"commentCount\":0,\"publisher\":{\"@id\":\"https:\/\/nitu.mx\/#\/schema\/person\/ae7a53426417292d3dd07b45a33e01bc\"},\"image\":{\"@id\":\"https:\/\/nitu.mx\/index.php\/2025\/05\/12\/paises-bajos-se-suma-al-combate-de-sargazo-y-tratamiento-de-aguas-residuales-en-cancun\/#primaryimage\"},\"thumbnailUrl\":\"https:\/\/nitu.mx\/wp-content\/uploads\/2025\/05\/Cancun-Paises-Bajos-sargazo-aguas-residuales.jpg\",\"keywords\":[\"aguas residuales\",\"Mara Lezama\",\"Pa\u00edses Bajos\",\"sargazo\",\"Wilfred Mohr\"],\"articleSection\":[\"Canc\u00fan\"],\"inLanguage\":\"es-MX\",\"potentialAction\":[{\"@type\":\"CommentAction\",\"name\":\"Comment\",\"target\":[\"https:\/\/nitu.mx\/index.php\/2025\/05\/12\/paises-bajos-se-suma-al-combate-de-sargazo-y-tratamiento-de-aguas-residuales-en-cancun\/#respond\"]}]},{\"@type\":\"WebPage\",\"@id\":\"https:\/\/nitu.mx\/index.php\/2025\/05\/12\/paises-bajos-se-suma-al-combate-de-sargazo-y-tratamiento-de-aguas-residuales-en-cancun\/\",\"url\":\"https:\/\/nitu.mx\/index.php\/2025\/05\/12\/paises-bajos-se-suma-al-combate-de-sargazo-y-tratamiento-de-aguas-residuales-en-cancun\/\",\"name\":\"Pa\u00edses Bajos se suma al combate de sargazo y tratamiento de aguas residuales en Canc\u00fan - Nitu - Noticias de la Industria Turistica\",\"isPartOf\":{\"@id\":\"https:\/\/nitu.mx\/#website\"},\"primaryImageOfPage\":{\"@id\":\"https:\/\/nitu.mx\/index.php\/2025\/05\/12\/paises-bajos-se-suma-al-combate-de-sargazo-y-tratamiento-de-aguas-residuales-en-cancun\/#primaryimage\"},\"image\":{\"@id\":\"https:\/\/nitu.mx\/index.php\/2025\/05\/12\/paises-bajos-se-suma-al-combate-de-sargazo-y-tratamiento-de-aguas-residuales-en-cancun\/#primaryimage\"},\"thumbnailUrl\":\"https:\/\/nitu.mx\/wp-content\/uploads\/2025\/05\/Cancun-Paises-Bajos-sargazo-aguas-residuales.jpg\",\"datePublished\":\"2025-05-12T06:40:02+00:00\",\"dateModified\":\"2025-05-12T06:40:03+00:00\",\"breadcrumb\":{\"@id\":\"https:\/\/nitu.mx\/index.php\/2025\/05\/12\/paises-bajos-se-suma-al-combate-de-sargazo-y-tratamiento-de-aguas-residuales-en-cancun\/#breadcrumb\"},\"inLanguage\":\"es-MX\",\"potentialAction\":[{\"@type\":\"ReadAction\",\"target\":[\"https:\/\/nitu.mx\/index.php\/2025\/05\/12\/paises-bajos-se-suma-al-combate-de-sargazo-y-tratamiento-de-aguas-residuales-en-cancun\/\"]}]},{\"@type\":\"ImageObject\",\"inLanguage\":\"es-MX\",\"@id\":\"https:\/\/nitu.mx\/index.php\/2025\/05\/12\/paises-bajos-se-suma-al-combate-de-sargazo-y-tratamiento-de-aguas-residuales-en-cancun\/#primaryimage\",\"url\":\"https:\/\/nitu.mx\/wp-content\/uploads\/2025\/05\/Cancun-Paises-Bajos-sargazo-aguas-residuales.jpg\",\"contentUrl\":\"https:\/\/nitu.mx\/wp-content\/uploads\/2025\/05\/Cancun-Paises-Bajos-sargazo-aguas-residuales.jpg\",\"width\":1200,\"height\":675,\"caption\":\"Canc\u00fan Pa\u00edses Bajos sargazo aguas residuales\"},{\"@type\":\"BreadcrumbList\",\"@id\":\"https:\/\/nitu.mx\/index.php\/2025\/05\/12\/paises-bajos-se-suma-al-combate-de-sargazo-y-tratamiento-de-aguas-residuales-en-cancun\/#breadcrumb\",\"itemListElement\":[{\"@type\":\"ListItem\",\"position\":1,\"name\":\"Inicio\",\"item\":\"https:\/\/nitu.mx\/\"},{\"@type\":\"ListItem\",\"position\":2,\"name\":\"Pa\u00edses Bajos se suma al combate de sargazo y tratamiento de aguas residuales en Canc\u00fan\"}]},{\"@type\":\"WebSite\",\"@id\":\"https:\/\/nitu.mx\/#website\",\"url\":\"https:\/\/nitu.mx\/\",\"name\":\"Nitu - Noticias de la Industria Turistica\",\"description\":\"Noticias de la Industria Turistica\",\"publisher\":{\"@id\":\"https:\/\/nitu.mx\/#\/schema\/person\/ae7a53426417292d3dd07b45a33e01bc\"},\"alternateName\":\"Noticias de la Industria Turistica\",\"potentialAction\":[{\"@type\":\"SearchAction\",\"target\":{\"@type\":\"EntryPoint\",\"urlTemplate\":\"https:\/\/nitu.mx\/?s={search_term_string}\"},\"query-input\":\"required name=search_term_string\"}],\"inLanguage\":\"es-MX\"},{\"@type\":[\"Person\",\"Organization\"],\"@id\":\"https:\/\/nitu.mx\/#\/schema\/person\/ae7a53426417292d3dd07b45a33e01bc\",\"name\":\"Arturo Medina\",\"image\":{\"@type\":\"ImageObject\",\"inLanguage\":\"es-MX\",\"@id\":\"https:\/\/nitu.mx\/#\/schema\/person\/image\/\",\"url\":\"https:\/\/nitu.mx\/wp-content\/uploads\/2024\/04\/4A315622-1904-4D5C-B022-878CDC840E04-90x90-1.jpeg\",\"contentUrl\":\"https:\/\/nitu.mx\/wp-content\/uploads\/2024\/04\/4A315622-1904-4D5C-B022-878CDC840E04-90x90-1.jpeg\",\"width\":90,\"height\":90,\"caption\":\"Arturo Medina\"},\"logo\":{\"@id\":\"https:\/\/nitu.mx\/#\/schema\/person\/image\/\"},\"description\":\"Director NITU.mx, Egresado de la Escuela de Periodismo Carlos Septi\u00e9n Garc\u00eda. Periodista y analista especializado en turismo desde hace 35 a\u00f1os, radicado en Canc\u00fan Q.Roo. arturo@nitu.mx\",\"sameAs\":[\"https:\/\/nitu.mx\",\"https:\/\/www.facebook.com\/NITUmx\/\",\"medinacancun\",\"https:\/\/twitter.com\/@Arturo_Medina_G\"]},{\"@type\":\"Person\",\"@id\":\"https:\/\/nitu.mx\/#\/schema\/person\/4a28fe9bd65924f7c90623773daf1b0b\",\"name\":\"Redacci\u00f3n\",\"image\":{\"@type\":\"ImageObject\",\"inLanguage\":\"es-MX\",\"@id\":\"https:\/\/nitu.mx\/#\/schema\/person\/image\/\",\"url\":\"https:\/\/secure.gravatar.com\/avatar\/5dd011c8ccfc5cd7e4c81e42252aab38?s=96&d=mm&r=g\",\"contentUrl\":\"https:\/\/secure.gravatar.com\/avatar\/5dd011c8ccfc5cd7e4c81e42252aab38?s=96&d=mm&r=g\",\"caption\":\"Redacci\u00f3n\"},\"url\":\"https:\/\/nitu.mx\/index.php\/author\/redaccion\/\"}]}<\/script>\n<!-- \/ Yoast SEO plugin. -->","yoast_head_json":{"title":"Pa\u00edses Bajos se suma al combate de sargazo y tratamiento de aguas residuales en Canc\u00fan - Nitu - Noticias de la Industria Turistica","robots":{"index":"index","follow":"follow","max-snippet":"max-snippet:-1","max-image-preview":"max-image-preview:large","max-video-preview":"max-video-preview:-1"},"canonical":"https:\/\/nitu.mx\/index.php\/2025\/05\/12\/paises-bajos-se-suma-al-combate-de-sargazo-y-tratamiento-de-aguas-residuales-en-cancun\/","twitter_card":"summary_large_image","twitter_title":"Pa\u00edses Bajos se suma al combate de sargazo y tratamiento de aguas residuales en Canc\u00fan - Nitu - Noticias de la Industria Turistica","twitter_description":"Encabezado por la gobernadora de Quintana Roo, Mara Lezama Espinosa, y el embajador del Reino de los Pa\u00edses Bajos en M\u00e9xico, Wilfred Mohr, el gobierno de Quintana Roo present\u00f3 una propuesta de inversi\u00f3n para la construcci\u00f3n del Centro Integral de Saneamiento y Econom\u00eda Circular, mismo que eval\u00faa un comit\u00e9 t\u00e9cnico. Este Centro Integral contempla la [&hellip;]","twitter_image":"https:\/\/nitu.mx\/wp-content\/uploads\/2025\/05\/Cancun-Paises-Bajos-sargazo-aguas-residuales.jpg","twitter_creator":"@NITUmx","twitter_site":"@Arturo_Medina_G","twitter_misc":{"Escrito por":"Redacci\u00f3n","Tiempo de lectura":"3 minutos"},"schema":{"@context":"https:\/\/schema.org","@graph":[{"@type":"Article","@id":"https:\/\/nitu.mx\/index.php\/2025\/05\/12\/paises-bajos-se-suma-al-combate-de-sargazo-y-tratamiento-de-aguas-residuales-en-cancun\/#article","isPartOf":{"@id":"https:\/\/nitu.mx\/index.php\/2025\/05\/12\/paises-bajos-se-suma-al-combate-de-sargazo-y-tratamiento-de-aguas-residuales-en-cancun\/"},"author":{"name":"Redacci\u00f3n","@id":"https:\/\/nitu.mx\/#\/schema\/person\/4a28fe9bd65924f7c90623773daf1b0b"},"headline":"Pa\u00edses Bajos se suma al combate de sargazo y tratamiento de aguas residuales en Canc\u00fan","datePublished":"2025-05-12T06:40:02+00:00","dateModified":"2025-05-12T06:40:03+00:00","mainEntityOfPage":{"@id":"https:\/\/nitu.mx\/index.php\/2025\/05\/12\/paises-bajos-se-suma-al-combate-de-sargazo-y-tratamiento-de-aguas-residuales-en-cancun\/"},"wordCount":517,"commentCount":0,"publisher":{"@id":"https:\/\/nitu.mx\/#\/schema\/person\/ae7a53426417292d3dd07b45a33e01bc"},"image":{"@id":"https:\/\/nitu.mx\/index.php\/2025\/05\/12\/paises-bajos-se-suma-al-combate-de-sargazo-y-tratamiento-de-aguas-residuales-en-cancun\/#primaryimage"},"thumbnailUrl":"https:\/\/nitu.mx\/wp-content\/uploads\/2025\/05\/Cancun-Paises-Bajos-sargazo-aguas-residuales.jpg","keywords":["aguas residuales","Mara Lezama","Pa\u00edses Bajos","sargazo","Wilfred Mohr"],"articleSection":["Canc\u00fan"],"inLanguage":"es-MX","potentialAction":[{"@type":"CommentAction","name":"Comment","target":["https:\/\/nitu.mx\/index.php\/2025\/05\/12\/paises-bajos-se-suma-al-combate-de-sargazo-y-tratamiento-de-aguas-residuales-en-cancun\/#respond"]}]},{"@type":"WebPage","@id":"https:\/\/nitu.mx\/index.php\/2025\/05\/12\/paises-bajos-se-suma-al-combate-de-sargazo-y-tratamiento-de-aguas-residuales-en-cancun\/","url":"https:\/\/nitu.mx\/index.php\/2025\/05\/12\/paises-bajos-se-suma-al-combate-de-sargazo-y-tratamiento-de-aguas-residuales-en-cancun\/","name":"Pa\u00edses Bajos se suma al combate de sargazo y tratamiento de aguas residuales en Canc\u00fan - Nitu - Noticias de la Industria Turistica","isPartOf":{"@id":"https:\/\/nitu.mx\/#website"},"primaryImageOfPage":{"@id":"https:\/\/nitu.mx\/index.php\/2025\/05\/12\/paises-bajos-se-suma-al-combate-de-sargazo-y-tratamiento-de-aguas-residuales-en-cancun\/#primaryimage"},"image":{"@id":"https:\/\/nitu.mx\/index.php\/2025\/05\/12\/paises-bajos-se-suma-al-combate-de-sargazo-y-tratamiento-de-aguas-residuales-en-cancun\/#primaryimage"},"thumbnailUrl":"https:\/\/nitu.mx\/wp-content\/uploads\/2025\/05\/Cancun-Paises-Bajos-sargazo-aguas-residuales.jpg","datePublished":"2025-05-12T06:40:02+00:00","dateModified":"2025-05-12T06:40:03+00:00","breadcrumb":{"@id":"https:\/\/nitu.mx\/index.php\/2025\/05\/12\/paises-bajos-se-suma-al-combate-de-sargazo-y-tratamiento-de-aguas-residuales-en-cancun\/#breadcrumb"},"inLanguage":"es-MX","potentialAction":[{"@type":"ReadAction","target":["https:\/\/nitu.mx\/index.php\/2025\/05\/12\/paises-bajos-se-suma-al-combate-de-sargazo-y-tratamiento-de-aguas-residuales-en-cancun\/"]}]},{"@type":"ImageObject","inLanguage":"es-MX","@id":"https:\/\/nitu.mx\/index.php\/2025\/05\/12\/paises-bajos-se-suma-al-combate-de-sargazo-y-tratamiento-de-aguas-residuales-en-cancun\/#primaryimage","url":"https:\/\/nitu.mx\/wp-content\/uploads\/2025\/05\/Cancun-Paises-Bajos-sargazo-aguas-residuales.jpg","contentUrl":"https:\/\/nitu.mx\/wp-content\/uploads\/2025\/05\/Cancun-Paises-Bajos-sargazo-aguas-residuales.jpg","width":1200,"height":675,"caption":"Canc\u00fan Pa\u00edses Bajos sargazo aguas residuales"},{"@type":"BreadcrumbList","@id":"https:\/\/nitu.mx\/index.php\/2025\/05\/12\/paises-bajos-se-suma-al-combate-de-sargazo-y-tratamiento-de-aguas-residuales-en-cancun\/#breadcrumb","itemListElement":[{"@type":"ListItem","position":1,"name":"Inicio","item":"https:\/\/nitu.mx\/"},{"@type":"ListItem","position":2,"name":"Pa\u00edses Bajos se suma al combate de sargazo y tratamiento de aguas residuales en Canc\u00fan"}]},{"@type":"WebSite","@id":"https:\/\/nitu.mx\/#website","url":"https:\/\/nitu.mx\/","name":"Nitu - Noticias de la Industria Turistica","description":"Noticias de la Industria Turistica","publisher":{"@id":"https:\/\/nitu.mx\/#\/schema\/person\/ae7a53426417292d3dd07b45a33e01bc"},"alternateName":"Noticias de la Industria Turistica","potentialAction":[{"@type":"SearchAction","target":{"@type":"EntryPoint","urlTemplate":"https:\/\/nitu.mx\/?s={search_term_string}"},"query-input":"required name=search_term_string"}],"inLanguage":"es-MX"},{"@type":["Person","Organization"],"@id":"https:\/\/nitu.mx\/#\/schema\/person\/ae7a53426417292d3dd07b45a33e01bc","name":"Arturo Medina","image":{"@type":"ImageObject","inLanguage":"es-MX","@id":"https:\/\/nitu.mx\/#\/schema\/person\/image\/","url":"https:\/\/nitu.mx\/wp-content\/uploads\/2024\/04\/4A315622-1904-4D5C-B022-878CDC840E04-90x90-1.jpeg","contentUrl":"https:\/\/nitu.mx\/wp-content\/uploads\/2024\/04\/4A315622-1904-4D5C-B022-878CDC840E04-90x90-1.jpeg","width":90,"height":90,"caption":"Arturo Medina"},"logo":{"@id":"https:\/\/nitu.mx\/#\/schema\/person\/image\/"},"description":"Director NITU.mx, Egresado de la Escuela de Periodismo Carlos Septi\u00e9n Garc\u00eda. Periodista y analista especializado en turismo desde hace 35 a\u00f1os, radicado en Canc\u00fan Q.Roo. arturo@nitu.mx","sameAs":["https:\/\/nitu.mx","https:\/\/www.facebook.com\/NITUmx\/","medinacancun","https:\/\/twitter.com\/@Arturo_Medina_G"]},{"@type":"Person","@id":"https:\/\/nitu.mx\/#\/schema\/person\/4a28fe9bd65924f7c90623773daf1b0b","name":"Redacci\u00f3n","image":{"@type":"ImageObject","inLanguage":"es-MX","@id":"https:\/\/nitu.mx\/#\/schema\/person\/image\/","url":"https:\/\/secure.gravatar.com\/avatar\/5dd011c8ccfc5cd7e4c81e42252aab38?s=96&d=mm&r=g","contentUrl":"https:\/\/secure.gravatar.com\/avatar\/5dd011c8ccfc5cd7e4c81e42252aab38?s=96&d=mm&r=g","caption":"Redacci\u00f3n"},"url":"https:\/\/nitu.mx\/index.php\/author\/redaccion\/"}]}},"views":530,"_links":{"self":[{"href":"https:\/\/nitu.mx\/index.php\/wp-json\/wp\/v2\/posts\/81105"}],"collection":[{"href":"https:\/\/nitu.mx\/index.php\/wp-json\/wp\/v2\/posts"}],"about":[{"href":"https:\/\/nitu.mx\/index.php\/wp-json\/wp\/v2\/types\/post"}],"author":[{"embeddable":true,"href":"https:\/\/nitu.mx\/index.php\/wp-json\/wp\/v2\/users\/17"}],"replies":[{"embeddable":true,"href":"https:\/\/nitu.mx\/index.php\/wp-json\/wp\/v2\/comments?post=81105"}],"version-history":[{"count":2,"href":"https:\/\/nitu.mx\/index.php\/wp-json\/wp\/v2\/posts\/81105\/revisions"}],"predecessor-version":[{"id":81110,"href":"https:\/\/nitu.mx\/index.php\/wp-json\/wp\/v2\/posts\/81105\/revisions\/81110"}],"wp:featuredmedia":[{"embeddable":true,"href":"https:\/\/nitu.mx\/index.php\/wp-json\/wp\/v2\/media\/81109"}],"wp:attachment":[{"href":"https:\/\/nitu.mx\/index.php\/wp-json\/wp\/v2\/media?parent=81105"}],"wp:term":[{"taxonomy":"category","embeddable":true,"href":"https:\/\/nitu.mx\/index.php\/wp-json\/wp\/v2\/categories?post=81105"},{"taxonomy":"post_tag","embeddable":true,"href":"https:\/\/nitu.mx\/index.php\/wp-json\/wp\/v2\/tags?post=81105"}],"curies":[{"name":"wp","href":"https:\/\/api.w.org\/{rel}","templated":true}]}}