{"id":80940,"date":"2025-05-05T00:03:06","date_gmt":"2025-05-05T06:03:06","guid":{"rendered":"https:\/\/nitu.mx\/?p=80940"},"modified":"2025-05-05T00:03:06","modified_gmt":"2025-05-05T06:03:06","slug":"semana-santa-y-pascua-generaron-mas-de-285-mil-mdp-por-turismo-sectur","status":"publish","type":"post","link":"https:\/\/nitu.mx\/index.php\/2025\/05\/05\/semana-santa-y-pascua-generaron-mas-de-285-mil-mdp-por-turismo-sectur\/","title":{"rendered":"Semana Santa y Pascua generaron m\u00e1s de 285 mil MDP por turismo: Sectur"},"content":{"rendered":"\n<p>La secretaria de Turismo federal, Josefina Rodr\u00edguez Zamora, inform\u00f3 que\u00a0durante el periodo vacacional de Semana Santa y Pascua, se gener\u00f3 una derrama econ\u00f3mica por consumo tur\u00edstico de 285 mil 606 millones de pesos, es decir, 5.7 por ciento m\u00e1s comparado con el mismo periodo de 2024.<\/p>\n\n\n\n<p>\u201cEl sector de las buenas noticias contin\u00faa fortaleciendo el desarrollo econ\u00f3mico nacional y llevando prosperidad compartida a las y los habitantes de las comunidades residentes; durante estas semanas Santa y de Pascua resalt\u00f3 la confianza de las y los turistas nacionales en los productos y servicios tur\u00edsticos de nuestros destinos,\u00a0lo que gener\u00f3 empleo y bienestar social para las y los mexicanos\u201d, manifest\u00f3.<\/p>\n\n\n\n<p>A\u00f1adi\u00f3 que, del s\u00e1bado 12 al 27 de abril, 14 millones 857 mil turistas se desplazaron por nuestro pa\u00eds, lo que representa un aumento del 2.7 por ciento en referencia con el mismo lapso del a\u00f1o previo.<\/p>\n\n\n\n<p>La titular de la Secretar\u00eda de Turismo (Sectur) dio a conocer que la llegada de turistas a hoteles fue de 6 millones 623 mil, \u20142.3 por ciento m\u00e1s que 2024&nbsp;\u2014, de los que, 73.8 por ciento fueron turistas nacionales y 26.2 por ciento internacionales.<\/p>\n\n\n\n<p>Asimismo, refiri\u00f3 que 8 millones 234 mil turistas eligieron otras formas de alojamiento, como segundas residencias, casas de familiares y amistades, o plataformas digitales. Lo anterior, signific\u00f3 un incremento de 3.1 por ciento en comparaci\u00f3n con 2024. <a href=\"https:\/\/nitu.mx\/index.php\/2025\/04\/21\/semana-santa-supera-las-expectativas-con-casi-145-mil-mdp-por-consumo-turistico-sectur\/\">(Semana Santa supera las expectativas con casi 145 mil MDP por consumo tur\u00edstico: Sectur<\/a>).<\/p>\n","protected":false},"excerpt":{"rendered":"<p>La secretaria de Turismo federal, Josefina Rodr\u00edguez Zamora, inform\u00f3 que\u00a0durante el periodo vacacional de Semana Santa y Pascua, se gener\u00f3 una derrama econ\u00f3mica por consumo tur\u00edstico de 285 mil 606 millones de pesos, es decir, 5.7 por ciento m\u00e1s comparado con el mismo periodo de 2024. \u201cEl sector de las buenas noticias contin\u00faa fortaleciendo el [&hellip;]<\/p>\n","protected":false},"author":17,"featured_media":69816,"comment_status":"open","ping_status":"open","sticky":false,"template":"","format":"standard","meta":{"footnotes":""},"categories":[5],"tags":[25659,93,3023,2203],"yoast_head":"<!-- This site is optimized with the Yoast SEO plugin v22.2 - https:\/\/yoast.com\/wordpress\/plugins\/seo\/ -->\n<title>Semana Santa y Pascua generaron m\u00e1s de 285 mil MDP por turismo: Sectur - Nitu - Noticias de la Industria Turistica<\/title>\n<meta name=\"robots\" content=\"index, follow, max-snippet:-1, max-image-preview:large, max-video-preview:-1\" \/>\n<link rel=\"canonical\" href=\"https:\/\/nitu.mx\/index.php\/2025\/05\/05\/semana-santa-y-pascua-generaron-mas-de-285-mil-mdp-por-turismo-sectur\/\" \/>\n<meta name=\"twitter:card\" content=\"summary_large_image\" \/>\n<meta name=\"twitter:title\" content=\"Semana Santa y Pascua generaron m\u00e1s de 285 mil MDP por turismo: Sectur - Nitu - Noticias de la Industria Turistica\" \/>\n<meta name=\"twitter:description\" content=\"La secretaria de Turismo federal, Josefina Rodr\u00edguez Zamora, inform\u00f3 que\u00a0durante el periodo vacacional de Semana Santa y Pascua, se gener\u00f3 una derrama econ\u00f3mica por consumo tur\u00edstico de 285 mil 606 millones de pesos, es decir, 5.7 por ciento m\u00e1s comparado con el mismo periodo de 2024. \u201cEl sector de las buenas noticias contin\u00faa fortaleciendo el [&hellip;]\" \/>\n<meta name=\"twitter:image\" content=\"https:\/\/nitu.mx\/wp-content\/uploads\/2024\/04\/Quintana-Roo-recibe-a-560-mil-turistas-en-una-semana.jpeg\" \/>\n<meta name=\"twitter:creator\" content=\"@NITUmx\" \/>\n<meta name=\"twitter:site\" content=\"@Arturo_Medina_G\" \/>\n<meta name=\"twitter:label1\" content=\"Escrito por\" \/>\n\t<meta name=\"twitter:data1\" content=\"Redacci\u00f3n\" \/>\n\t<meta name=\"twitter:label2\" content=\"Tiempo de lectura\" \/>\n\t<meta name=\"twitter:data2\" content=\"1 minuto\" \/>\n<script type=\"application\/ld+json\" class=\"yoast-schema-graph\">{\"@context\":\"https:\/\/schema.org\",\"@graph\":[{\"@type\":\"Article\",\"@id\":\"https:\/\/nitu.mx\/index.php\/2025\/05\/05\/semana-santa-y-pascua-generaron-mas-de-285-mil-mdp-por-turismo-sectur\/#article\",\"isPartOf\":{\"@id\":\"https:\/\/nitu.mx\/index.php\/2025\/05\/05\/semana-santa-y-pascua-generaron-mas-de-285-mil-mdp-por-turismo-sectur\/\"},\"author\":{\"name\":\"Redacci\u00f3n\",\"@id\":\"https:\/\/nitu.mx\/#\/schema\/person\/4a28fe9bd65924f7c90623773daf1b0b\"},\"headline\":\"Semana Santa y Pascua generaron m\u00e1s de 285 mil MDP por turismo: Sectur\",\"datePublished\":\"2025-05-05T06:03:06+00:00\",\"dateModified\":\"2025-05-05T06:03:06+00:00\",\"mainEntityOfPage\":{\"@id\":\"https:\/\/nitu.mx\/index.php\/2025\/05\/05\/semana-santa-y-pascua-generaron-mas-de-285-mil-mdp-por-turismo-sectur\/\"},\"wordCount\":251,\"commentCount\":0,\"publisher\":{\"@id\":\"https:\/\/nitu.mx\/#\/schema\/person\/ae7a53426417292d3dd07b45a33e01bc\"},\"image\":{\"@id\":\"https:\/\/nitu.mx\/index.php\/2025\/05\/05\/semana-santa-y-pascua-generaron-mas-de-285-mil-mdp-por-turismo-sectur\/#primaryimage\"},\"thumbnailUrl\":\"https:\/\/nitu.mx\/wp-content\/uploads\/2024\/04\/Quintana-Roo-recibe-a-560-mil-turistas-en-una-semana.jpeg\",\"keywords\":[\"Josefina Rodr\u00edguez\",\"Sectur\",\"semana Santa\",\"Vacaciones\"],\"articleSection\":[\"Destinos\"],\"inLanguage\":\"es-MX\",\"potentialAction\":[{\"@type\":\"CommentAction\",\"name\":\"Comment\",\"target\":[\"https:\/\/nitu.mx\/index.php\/2025\/05\/05\/semana-santa-y-pascua-generaron-mas-de-285-mil-mdp-por-turismo-sectur\/#respond\"]}]},{\"@type\":\"WebPage\",\"@id\":\"https:\/\/nitu.mx\/index.php\/2025\/05\/05\/semana-santa-y-pascua-generaron-mas-de-285-mil-mdp-por-turismo-sectur\/\",\"url\":\"https:\/\/nitu.mx\/index.php\/2025\/05\/05\/semana-santa-y-pascua-generaron-mas-de-285-mil-mdp-por-turismo-sectur\/\",\"name\":\"Semana Santa y Pascua generaron m\u00e1s de 285 mil MDP por turismo: Sectur - Nitu - Noticias de la Industria Turistica\",\"isPartOf\":{\"@id\":\"https:\/\/nitu.mx\/#website\"},\"primaryImageOfPage\":{\"@id\":\"https:\/\/nitu.mx\/index.php\/2025\/05\/05\/semana-santa-y-pascua-generaron-mas-de-285-mil-mdp-por-turismo-sectur\/#primaryimage\"},\"image\":{\"@id\":\"https:\/\/nitu.mx\/index.php\/2025\/05\/05\/semana-santa-y-pascua-generaron-mas-de-285-mil-mdp-por-turismo-sectur\/#primaryimage\"},\"thumbnailUrl\":\"https:\/\/nitu.mx\/wp-content\/uploads\/2024\/04\/Quintana-Roo-recibe-a-560-mil-turistas-en-una-semana.jpeg\",\"datePublished\":\"2025-05-05T06:03:06+00:00\",\"dateModified\":\"2025-05-05T06:03:06+00:00\",\"breadcrumb\":{\"@id\":\"https:\/\/nitu.mx\/index.php\/2025\/05\/05\/semana-santa-y-pascua-generaron-mas-de-285-mil-mdp-por-turismo-sectur\/#breadcrumb\"},\"inLanguage\":\"es-MX\",\"potentialAction\":[{\"@type\":\"ReadAction\",\"target\":[\"https:\/\/nitu.mx\/index.php\/2025\/05\/05\/semana-santa-y-pascua-generaron-mas-de-285-mil-mdp-por-turismo-sectur\/\"]}]},{\"@type\":\"ImageObject\",\"inLanguage\":\"es-MX\",\"@id\":\"https:\/\/nitu.mx\/index.php\/2025\/05\/05\/semana-santa-y-pascua-generaron-mas-de-285-mil-mdp-por-turismo-sectur\/#primaryimage\",\"url\":\"https:\/\/nitu.mx\/wp-content\/uploads\/2024\/04\/Quintana-Roo-recibe-a-560-mil-turistas-en-una-semana.jpeg\",\"contentUrl\":\"https:\/\/nitu.mx\/wp-content\/uploads\/2024\/04\/Quintana-Roo-recibe-a-560-mil-turistas-en-una-semana.jpeg\",\"width\":1200,\"height\":675,\"caption\":\"Quintana Roo recibe a 560 mil turistas en una semana\"},{\"@type\":\"BreadcrumbList\",\"@id\":\"https:\/\/nitu.mx\/index.php\/2025\/05\/05\/semana-santa-y-pascua-generaron-mas-de-285-mil-mdp-por-turismo-sectur\/#breadcrumb\",\"itemListElement\":[{\"@type\":\"ListItem\",\"position\":1,\"name\":\"Inicio\",\"item\":\"https:\/\/nitu.mx\/\"},{\"@type\":\"ListItem\",\"position\":2,\"name\":\"Semana Santa y Pascua generaron m\u00e1s de 285 mil MDP por turismo: Sectur\"}]},{\"@type\":\"WebSite\",\"@id\":\"https:\/\/nitu.mx\/#website\",\"url\":\"https:\/\/nitu.mx\/\",\"name\":\"Nitu - Noticias de la Industria Turistica\",\"description\":\"Noticias de la Industria Turistica\",\"publisher\":{\"@id\":\"https:\/\/nitu.mx\/#\/schema\/person\/ae7a53426417292d3dd07b45a33e01bc\"},\"alternateName\":\"Noticias de la Industria Turistica\",\"potentialAction\":[{\"@type\":\"SearchAction\",\"target\":{\"@type\":\"EntryPoint\",\"urlTemplate\":\"https:\/\/nitu.mx\/?s={search_term_string}\"},\"query-input\":\"required name=search_term_string\"}],\"inLanguage\":\"es-MX\"},{\"@type\":[\"Person\",\"Organization\"],\"@id\":\"https:\/\/nitu.mx\/#\/schema\/person\/ae7a53426417292d3dd07b45a33e01bc\",\"name\":\"Arturo Medina\",\"image\":{\"@type\":\"ImageObject\",\"inLanguage\":\"es-MX\",\"@id\":\"https:\/\/nitu.mx\/#\/schema\/person\/image\/\",\"url\":\"https:\/\/nitu.mx\/wp-content\/uploads\/2024\/04\/4A315622-1904-4D5C-B022-878CDC840E04-90x90-1.jpeg\",\"contentUrl\":\"https:\/\/nitu.mx\/wp-content\/uploads\/2024\/04\/4A315622-1904-4D5C-B022-878CDC840E04-90x90-1.jpeg\",\"width\":90,\"height\":90,\"caption\":\"Arturo Medina\"},\"logo\":{\"@id\":\"https:\/\/nitu.mx\/#\/schema\/person\/image\/\"},\"description\":\"Director NITU.mx, Egresado de la Escuela de Periodismo Carlos Septi\u00e9n Garc\u00eda. Periodista y analista especializado en turismo desde hace 35 a\u00f1os, radicado en Canc\u00fan Q.Roo. arturo@nitu.mx\",\"sameAs\":[\"https:\/\/nitu.mx\",\"https:\/\/www.facebook.com\/NITUmx\/\",\"medinacancun\",\"https:\/\/twitter.com\/@Arturo_Medina_G\"]},{\"@type\":\"Person\",\"@id\":\"https:\/\/nitu.mx\/#\/schema\/person\/4a28fe9bd65924f7c90623773daf1b0b\",\"name\":\"Redacci\u00f3n\",\"image\":{\"@type\":\"ImageObject\",\"inLanguage\":\"es-MX\",\"@id\":\"https:\/\/nitu.mx\/#\/schema\/person\/image\/\",\"url\":\"https:\/\/secure.gravatar.com\/avatar\/5dd011c8ccfc5cd7e4c81e42252aab38?s=96&d=mm&r=g\",\"contentUrl\":\"https:\/\/secure.gravatar.com\/avatar\/5dd011c8ccfc5cd7e4c81e42252aab38?s=96&d=mm&r=g\",\"caption\":\"Redacci\u00f3n\"},\"url\":\"https:\/\/nitu.mx\/index.php\/author\/redaccion\/\"}]}<\/script>\n<!-- \/ Yoast SEO plugin. -->","yoast_head_json":{"title":"Semana Santa y Pascua generaron m\u00e1s de 285 mil MDP por turismo: Sectur - Nitu - Noticias de la Industria Turistica","robots":{"index":"index","follow":"follow","max-snippet":"max-snippet:-1","max-image-preview":"max-image-preview:large","max-video-preview":"max-video-preview:-1"},"canonical":"https:\/\/nitu.mx\/index.php\/2025\/05\/05\/semana-santa-y-pascua-generaron-mas-de-285-mil-mdp-por-turismo-sectur\/","twitter_card":"summary_large_image","twitter_title":"Semana Santa y Pascua generaron m\u00e1s de 285 mil MDP por turismo: Sectur - Nitu - Noticias de la Industria Turistica","twitter_description":"La secretaria de Turismo federal, Josefina Rodr\u00edguez Zamora, inform\u00f3 que\u00a0durante el periodo vacacional de Semana Santa y Pascua, se gener\u00f3 una derrama econ\u00f3mica por consumo tur\u00edstico de 285 mil 606 millones de pesos, es decir, 5.7 por ciento m\u00e1s comparado con el mismo periodo de 2024. \u201cEl sector de las buenas noticias contin\u00faa fortaleciendo el [&hellip;]","twitter_image":"https:\/\/nitu.mx\/wp-content\/uploads\/2024\/04\/Quintana-Roo-recibe-a-560-mil-turistas-en-una-semana.jpeg","twitter_creator":"@NITUmx","twitter_site":"@Arturo_Medina_G","twitter_misc":{"Escrito por":"Redacci\u00f3n","Tiempo de lectura":"1 minuto"},"schema":{"@context":"https:\/\/schema.org","@graph":[{"@type":"Article","@id":"https:\/\/nitu.mx\/index.php\/2025\/05\/05\/semana-santa-y-pascua-generaron-mas-de-285-mil-mdp-por-turismo-sectur\/#article","isPartOf":{"@id":"https:\/\/nitu.mx\/index.php\/2025\/05\/05\/semana-santa-y-pascua-generaron-mas-de-285-mil-mdp-por-turismo-sectur\/"},"author":{"name":"Redacci\u00f3n","@id":"https:\/\/nitu.mx\/#\/schema\/person\/4a28fe9bd65924f7c90623773daf1b0b"},"headline":"Semana Santa y Pascua generaron m\u00e1s de 285 mil MDP por turismo: Sectur","datePublished":"2025-05-05T06:03:06+00:00","dateModified":"2025-05-05T06:03:06+00:00","mainEntityOfPage":{"@id":"https:\/\/nitu.mx\/index.php\/2025\/05\/05\/semana-santa-y-pascua-generaron-mas-de-285-mil-mdp-por-turismo-sectur\/"},"wordCount":251,"commentCount":0,"publisher":{"@id":"https:\/\/nitu.mx\/#\/schema\/person\/ae7a53426417292d3dd07b45a33e01bc"},"image":{"@id":"https:\/\/nitu.mx\/index.php\/2025\/05\/05\/semana-santa-y-pascua-generaron-mas-de-285-mil-mdp-por-turismo-sectur\/#primaryimage"},"thumbnailUrl":"https:\/\/nitu.mx\/wp-content\/uploads\/2024\/04\/Quintana-Roo-recibe-a-560-mil-turistas-en-una-semana.jpeg","keywords":["Josefina Rodr\u00edguez","Sectur","semana Santa","Vacaciones"],"articleSection":["Destinos"],"inLanguage":"es-MX","potentialAction":[{"@type":"CommentAction","name":"Comment","target":["https:\/\/nitu.mx\/index.php\/2025\/05\/05\/semana-santa-y-pascua-generaron-mas-de-285-mil-mdp-por-turismo-sectur\/#respond"]}]},{"@type":"WebPage","@id":"https:\/\/nitu.mx\/index.php\/2025\/05\/05\/semana-santa-y-pascua-generaron-mas-de-285-mil-mdp-por-turismo-sectur\/","url":"https:\/\/nitu.mx\/index.php\/2025\/05\/05\/semana-santa-y-pascua-generaron-mas-de-285-mil-mdp-por-turismo-sectur\/","name":"Semana Santa y Pascua generaron m\u00e1s de 285 mil MDP por turismo: Sectur - Nitu - Noticias de la Industria Turistica","isPartOf":{"@id":"https:\/\/nitu.mx\/#website"},"primaryImageOfPage":{"@id":"https:\/\/nitu.mx\/index.php\/2025\/05\/05\/semana-santa-y-pascua-generaron-mas-de-285-mil-mdp-por-turismo-sectur\/#primaryimage"},"image":{"@id":"https:\/\/nitu.mx\/index.php\/2025\/05\/05\/semana-santa-y-pascua-generaron-mas-de-285-mil-mdp-por-turismo-sectur\/#primaryimage"},"thumbnailUrl":"https:\/\/nitu.mx\/wp-content\/uploads\/2024\/04\/Quintana-Roo-recibe-a-560-mil-turistas-en-una-semana.jpeg","datePublished":"2025-05-05T06:03:06+00:00","dateModified":"2025-05-05T06:03:06+00:00","breadcrumb":{"@id":"https:\/\/nitu.mx\/index.php\/2025\/05\/05\/semana-santa-y-pascua-generaron-mas-de-285-mil-mdp-por-turismo-sectur\/#breadcrumb"},"inLanguage":"es-MX","potentialAction":[{"@type":"ReadAction","target":["https:\/\/nitu.mx\/index.php\/2025\/05\/05\/semana-santa-y-pascua-generaron-mas-de-285-mil-mdp-por-turismo-sectur\/"]}]},{"@type":"ImageObject","inLanguage":"es-MX","@id":"https:\/\/nitu.mx\/index.php\/2025\/05\/05\/semana-santa-y-pascua-generaron-mas-de-285-mil-mdp-por-turismo-sectur\/#primaryimage","url":"https:\/\/nitu.mx\/wp-content\/uploads\/2024\/04\/Quintana-Roo-recibe-a-560-mil-turistas-en-una-semana.jpeg","contentUrl":"https:\/\/nitu.mx\/wp-content\/uploads\/2024\/04\/Quintana-Roo-recibe-a-560-mil-turistas-en-una-semana.jpeg","width":1200,"height":675,"caption":"Quintana Roo recibe a 560 mil turistas en una semana"},{"@type":"BreadcrumbList","@id":"https:\/\/nitu.mx\/index.php\/2025\/05\/05\/semana-santa-y-pascua-generaron-mas-de-285-mil-mdp-por-turismo-sectur\/#breadcrumb","itemListElement":[{"@type":"ListItem","position":1,"name":"Inicio","item":"https:\/\/nitu.mx\/"},{"@type":"ListItem","position":2,"name":"Semana Santa y Pascua generaron m\u00e1s de 285 mil MDP por turismo: Sectur"}]},{"@type":"WebSite","@id":"https:\/\/nitu.mx\/#website","url":"https:\/\/nitu.mx\/","name":"Nitu - Noticias de la Industria Turistica","description":"Noticias de la Industria Turistica","publisher":{"@id":"https:\/\/nitu.mx\/#\/schema\/person\/ae7a53426417292d3dd07b45a33e01bc"},"alternateName":"Noticias de la Industria Turistica","potentialAction":[{"@type":"SearchAction","target":{"@type":"EntryPoint","urlTemplate":"https:\/\/nitu.mx\/?s={search_term_string}"},"query-input":"required name=search_term_string"}],"inLanguage":"es-MX"},{"@type":["Person","Organization"],"@id":"https:\/\/nitu.mx\/#\/schema\/person\/ae7a53426417292d3dd07b45a33e01bc","name":"Arturo Medina","image":{"@type":"ImageObject","inLanguage":"es-MX","@id":"https:\/\/nitu.mx\/#\/schema\/person\/image\/","url":"https:\/\/nitu.mx\/wp-content\/uploads\/2024\/04\/4A315622-1904-4D5C-B022-878CDC840E04-90x90-1.jpeg","contentUrl":"https:\/\/nitu.mx\/wp-content\/uploads\/2024\/04\/4A315622-1904-4D5C-B022-878CDC840E04-90x90-1.jpeg","width":90,"height":90,"caption":"Arturo Medina"},"logo":{"@id":"https:\/\/nitu.mx\/#\/schema\/person\/image\/"},"description":"Director NITU.mx, Egresado de la Escuela de Periodismo Carlos Septi\u00e9n Garc\u00eda. Periodista y analista especializado en turismo desde hace 35 a\u00f1os, radicado en Canc\u00fan Q.Roo. arturo@nitu.mx","sameAs":["https:\/\/nitu.mx","https:\/\/www.facebook.com\/NITUmx\/","medinacancun","https:\/\/twitter.com\/@Arturo_Medina_G"]},{"@type":"Person","@id":"https:\/\/nitu.mx\/#\/schema\/person\/4a28fe9bd65924f7c90623773daf1b0b","name":"Redacci\u00f3n","image":{"@type":"ImageObject","inLanguage":"es-MX","@id":"https:\/\/nitu.mx\/#\/schema\/person\/image\/","url":"https:\/\/secure.gravatar.com\/avatar\/5dd011c8ccfc5cd7e4c81e42252aab38?s=96&d=mm&r=g","contentUrl":"https:\/\/secure.gravatar.com\/avatar\/5dd011c8ccfc5cd7e4c81e42252aab38?s=96&d=mm&r=g","caption":"Redacci\u00f3n"},"url":"https:\/\/nitu.mx\/index.php\/author\/redaccion\/"}]}},"views":874,"_links":{"self":[{"href":"https:\/\/nitu.mx\/index.php\/wp-json\/wp\/v2\/posts\/80940"}],"collection":[{"href":"https:\/\/nitu.mx\/index.php\/wp-json\/wp\/v2\/posts"}],"about":[{"href":"https:\/\/nitu.mx\/index.php\/wp-json\/wp\/v2\/types\/post"}],"author":[{"embeddable":true,"href":"https:\/\/nitu.mx\/index.php\/wp-json\/wp\/v2\/users\/17"}],"replies":[{"embeddable":true,"href":"https:\/\/nitu.mx\/index.php\/wp-json\/wp\/v2\/comments?post=80940"}],"version-history":[{"count":1,"href":"https:\/\/nitu.mx\/index.php\/wp-json\/wp\/v2\/posts\/80940\/revisions"}],"predecessor-version":[{"id":80942,"href":"https:\/\/nitu.mx\/index.php\/wp-json\/wp\/v2\/posts\/80940\/revisions\/80942"}],"wp:featuredmedia":[{"embeddable":true,"href":"https:\/\/nitu.mx\/index.php\/wp-json\/wp\/v2\/media\/69816"}],"wp:attachment":[{"href":"https:\/\/nitu.mx\/index.php\/wp-json\/wp\/v2\/media?parent=80940"}],"wp:term":[{"taxonomy":"category","embeddable":true,"href":"https:\/\/nitu.mx\/index.php\/wp-json\/wp\/v2\/categories?post=80940"},{"taxonomy":"post_tag","embeddable":true,"href":"https:\/\/nitu.mx\/index.php\/wp-json\/wp\/v2\/tags?post=80940"}],"curies":[{"name":"wp","href":"https:\/\/api.w.org\/{rel}","templated":true}]}}