{"id":80787,"date":"2025-04-23T22:52:18","date_gmt":"2025-04-24T04:52:18","guid":{"rendered":"https:\/\/nitu.mx\/?p=80787"},"modified":"2025-04-23T22:52:18","modified_gmt":"2025-04-24T04:52:18","slug":"pricetravel-holding-llevara-mas-de-30-ejecutivos-al-tianguis-turistico","status":"publish","type":"post","link":"https:\/\/nitu.mx\/index.php\/2025\/04\/23\/pricetravel-holding-llevara-mas-de-30-ejecutivos-al-tianguis-turistico\/","title":{"rendered":"PriceTravel Holding llevar\u00e1 m\u00e1s de 30 ejecutivos al Tianguis Tur\u00edstico"},"content":{"rendered":"\n<p>PriceTravel Holding, la empresa de distribuci\u00f3n global de mayor crecimiento en Latinoam\u00e9rica, est\u00e1 lista para consolidar su posici\u00f3n en la 49\u00aa edici\u00f3n del Tianguis Tur\u00edstico M\u00e9xico 2025, y aprovechar\u00e1 este importante evento de negocios para fortalecer alianzas estrat\u00e9gicas con hoteles, aerol\u00edneas y oficinas de turismo, a trav\u00e9s de una amplia agenda de citas atendidas por su delegaci\u00f3n de m\u00e1s de 30 ejecutivos, reafirmando su liderazgo en la industria.<br>\u00a0<br>\u201cEl Tianguis Tur\u00edstico es una plataforma clave para confirmar nuestro compromiso con el sector. Presentaremos una propuesta de valor impulsada por tecnolog\u00eda de vanguardia, un contenido dise\u00f1ado para satisfacer la demanda de los clientes de todas las unidades de negocio, as\u00ed como una estrategia comercial eficiente\u201d, afirm\u00f3 Jorge Restrepo, CEO de PriceTravel Holding.<br>\u00a0<br>En el segmento B2C, PriceTravel Holding ha realizado una inversi\u00f3n significativa en el desarrollo y optimizaci\u00f3n de sus plataformas digitales para garantizar una experiencia de usuario \u00e1gil, intuitiva y segura. PriceTravel.com, con presencia en M\u00e9xico, Latinoam\u00e9rica y Estados Unidos, y TiquetesBaratos.com en Colombia, integran tecnolog\u00eda avanzada basada en inteligencia artificial y big data para ofrecer una experiencia de compra hiperpersonalizada, siempre adapt\u00e1ndose a las necesidades de los viajeros en un entorno digital en constante evoluci\u00f3n.<br>\u00a0<br>En su B2B retail, la compa\u00f1\u00eda atiende a m\u00e1s de 12,000 agencias afiliadas en M\u00e9xico, Latinoam\u00e9rica y Estados Unidos, ofreci\u00e9ndoles una propuesta de valor integral dise\u00f1ada para fortalecer su competitividad y maximizar su rentabilidad. A trav\u00e9s de una plataforma de ventas robusta y tecnol\u00f3gicamente avanzada, las agencias acceden a una amplia oferta de productos con disponibilidad en tiempo real y excelentes tarifas, adem\u00e1s de comisiones competitivas, programas de lealtad que premian la fidelidad de sus agentes de viajes, viajes de incentivo y capacitaci\u00f3n continua.<br>\u00a0<br>A trav\u00e9s de PriceTravel Connect, su marca especializada en distribuci\u00f3n hotelera B2B, ofrece soluciones tecnol\u00f3gicas de vanguardia mediante integraciones API\/XML que garantizan eficiencia, escalabilidad y adaptabilidad para OTAs, mayoristas y otros socios comerciales. <\/p>\n\n\n\n<p>Con acceso a m\u00e1s de 50,000 hoteles de contrataci\u00f3n directa, la compa\u00f1\u00eda proporciona una oferta diversificada y altamente competitiva, por lo que hoy suman m\u00e1s de 300 agencias utilizando esta plataforma.<br>\u00a0<br>Mientras que su unidad de negocio B2B2C, PriceAffiliates, la empresa brinda soluciones tecnol\u00f3gicas dise\u00f1adas para potenciar la comercializaci\u00f3n de viajes en diversos sectores. Su motor de reservaciones, adaptable y de f\u00e1cil integraci\u00f3n, permite a hoteles, aerol\u00edneas, bancos con programas de viajes y otros socios estrat\u00e9gicos ofrecer a sus clientes acceso a un inventario global de productos tur\u00edsticos. <\/p>\n\n\n\n<p>Con tecnolog\u00eda de punta, una interfaz personalizable y opciones de marca blanca, PriceAffiliates facilita la distribuci\u00f3n eficiente de contenido, garantizando una experiencia de usuario optimizada y mayores oportunidades de conversi\u00f3n para sus aliados comerciales.<br>\u00a0<br>\u201cNuestra visi\u00f3n es clara: el crecimiento de nuestro contenido sigue siendo una prioridad, con nuevas alianzas que fortalecen nuestra oferta en Estados Unidos, Latinoam\u00e9rica, el Caribe y Europa. Para 2025, la compa\u00f1\u00eda continuar\u00e1 enfoc\u00e1ndose en la optimizaci\u00f3n de los canales de venta, la diversificaci\u00f3n de productos y la mejora continua de nuestras plataformas digitales\u201d, destac\u00f3 Rafael Durand, COO de PriceTravel Holding.<br>\u00a0<br>Con una presencia consolidada en m\u00e1s de 180 mercados de origen y fuertes alianzas estrat\u00e9gicas a nivel global, PriceTravel Holding reafirma su posici\u00f3n como el referente tur\u00edstico m\u00e1s importante de Latinoam\u00e9rica y un actor clave en la distribuci\u00f3n de viajes a nivel mundial. <a href=\"https:\/\/nitu.mx\/index.php\/2025\/04\/16\/pricetravel-holding-potencia-su-infraestructura-tecnologica-con-amazon-web-services\/\">(PriceTravel Holding potencia su infraestructura tecnol\u00f3gica con Amazon Web Services<\/a>).<\/p>\n","protected":false},"excerpt":{"rendered":"<p>PriceTravel Holding, la empresa de distribuci\u00f3n global de mayor crecimiento en Latinoam\u00e9rica, est\u00e1 lista para consolidar su posici\u00f3n en la 49\u00aa edici\u00f3n del Tianguis Tur\u00edstico M\u00e9xico 2025, y aprovechar\u00e1 este importante evento de negocios para fortalecer alianzas estrat\u00e9gicas con hoteles, aerol\u00edneas y oficinas de turismo, a trav\u00e9s de una amplia agenda de citas atendidas por [&hellip;]<\/p>\n","protected":false},"author":17,"featured_media":80789,"comment_status":"open","ping_status":"open","sticky":false,"template":"","format":"standard","meta":{"footnotes":""},"categories":[3,23336],"tags":[129,10682,2840,3088,1064],"yoast_head":"<!-- This site is optimized with the Yoast SEO plugin v22.2 - https:\/\/yoast.com\/wordpress\/plugins\/seo\/ -->\n<title>PriceTravel Holding llevar\u00e1 m\u00e1s de 30 ejecutivos al Tianguis Tur\u00edstico - Nitu - Noticias de la Industria Turistica<\/title>\n<meta name=\"robots\" content=\"index, follow, max-snippet:-1, max-image-preview:large, max-video-preview:-1\" \/>\n<link rel=\"canonical\" href=\"https:\/\/nitu.mx\/index.php\/2025\/04\/23\/pricetravel-holding-llevara-mas-de-30-ejecutivos-al-tianguis-turistico\/\" \/>\n<meta name=\"twitter:card\" content=\"summary_large_image\" \/>\n<meta name=\"twitter:title\" content=\"PriceTravel Holding llevar\u00e1 m\u00e1s de 30 ejecutivos al Tianguis Tur\u00edstico - Nitu - Noticias de la Industria Turistica\" \/>\n<meta name=\"twitter:description\" content=\"PriceTravel Holding, la empresa de distribuci\u00f3n global de mayor crecimiento en Latinoam\u00e9rica, est\u00e1 lista para consolidar su posici\u00f3n en la 49\u00aa edici\u00f3n del Tianguis Tur\u00edstico M\u00e9xico 2025, y aprovechar\u00e1 este importante evento de negocios para fortalecer alianzas estrat\u00e9gicas con hoteles, aerol\u00edneas y oficinas de turismo, a trav\u00e9s de una amplia agenda de citas atendidas por [&hellip;]\" \/>\n<meta name=\"twitter:image\" content=\"https:\/\/nitu.mx\/wp-content\/uploads\/2025\/04\/PriceTravel-Holding-Tianguis-Turistico-2025.jpg\" \/>\n<meta name=\"twitter:creator\" content=\"@NITUmx\" \/>\n<meta name=\"twitter:site\" content=\"@Arturo_Medina_G\" \/>\n<meta name=\"twitter:label1\" content=\"Escrito por\" \/>\n\t<meta name=\"twitter:data1\" content=\"Redacci\u00f3n\" \/>\n\t<meta name=\"twitter:label2\" content=\"Tiempo de lectura\" \/>\n\t<meta name=\"twitter:data2\" content=\"3 minutos\" \/>\n<script type=\"application\/ld+json\" class=\"yoast-schema-graph\">{\"@context\":\"https:\/\/schema.org\",\"@graph\":[{\"@type\":\"Article\",\"@id\":\"https:\/\/nitu.mx\/index.php\/2025\/04\/23\/pricetravel-holding-llevara-mas-de-30-ejecutivos-al-tianguis-turistico\/#article\",\"isPartOf\":{\"@id\":\"https:\/\/nitu.mx\/index.php\/2025\/04\/23\/pricetravel-holding-llevara-mas-de-30-ejecutivos-al-tianguis-turistico\/\"},\"author\":{\"name\":\"Redacci\u00f3n\",\"@id\":\"https:\/\/nitu.mx\/#\/schema\/person\/4a28fe9bd65924f7c90623773daf1b0b\"},\"headline\":\"PriceTravel Holding llevar\u00e1 m\u00e1s de 30 ejecutivos al Tianguis Tur\u00edstico\",\"datePublished\":\"2025-04-24T04:52:18+00:00\",\"dateModified\":\"2025-04-24T04:52:18+00:00\",\"mainEntityOfPage\":{\"@id\":\"https:\/\/nitu.mx\/index.php\/2025\/04\/23\/pricetravel-holding-llevara-mas-de-30-ejecutivos-al-tianguis-turistico\/\"},\"wordCount\":623,\"commentCount\":0,\"publisher\":{\"@id\":\"https:\/\/nitu.mx\/#\/schema\/person\/ae7a53426417292d3dd07b45a33e01bc\"},\"image\":{\"@id\":\"https:\/\/nitu.mx\/index.php\/2025\/04\/23\/pricetravel-holding-llevara-mas-de-30-ejecutivos-al-tianguis-turistico\/#primaryimage\"},\"thumbnailUrl\":\"https:\/\/nitu.mx\/wp-content\/uploads\/2025\/04\/PriceTravel-Holding-Tianguis-Turistico-2025.jpg\",\"keywords\":[\"Baja California\",\"Jorge Restrepo\",\"PriceTravel Holding\",\"Rafael Durand\",\"Tianguis Tur\u00edstico\"],\"articleSection\":[\"Agencias de Viajes\",\"Tianguis Tur\u00edstico\"],\"inLanguage\":\"es-MX\",\"potentialAction\":[{\"@type\":\"CommentAction\",\"name\":\"Comment\",\"target\":[\"https:\/\/nitu.mx\/index.php\/2025\/04\/23\/pricetravel-holding-llevara-mas-de-30-ejecutivos-al-tianguis-turistico\/#respond\"]}]},{\"@type\":\"WebPage\",\"@id\":\"https:\/\/nitu.mx\/index.php\/2025\/04\/23\/pricetravel-holding-llevara-mas-de-30-ejecutivos-al-tianguis-turistico\/\",\"url\":\"https:\/\/nitu.mx\/index.php\/2025\/04\/23\/pricetravel-holding-llevara-mas-de-30-ejecutivos-al-tianguis-turistico\/\",\"name\":\"PriceTravel Holding llevar\u00e1 m\u00e1s de 30 ejecutivos al Tianguis Tur\u00edstico - Nitu - Noticias de la Industria Turistica\",\"isPartOf\":{\"@id\":\"https:\/\/nitu.mx\/#website\"},\"primaryImageOfPage\":{\"@id\":\"https:\/\/nitu.mx\/index.php\/2025\/04\/23\/pricetravel-holding-llevara-mas-de-30-ejecutivos-al-tianguis-turistico\/#primaryimage\"},\"image\":{\"@id\":\"https:\/\/nitu.mx\/index.php\/2025\/04\/23\/pricetravel-holding-llevara-mas-de-30-ejecutivos-al-tianguis-turistico\/#primaryimage\"},\"thumbnailUrl\":\"https:\/\/nitu.mx\/wp-content\/uploads\/2025\/04\/PriceTravel-Holding-Tianguis-Turistico-2025.jpg\",\"datePublished\":\"2025-04-24T04:52:18+00:00\",\"dateModified\":\"2025-04-24T04:52:18+00:00\",\"breadcrumb\":{\"@id\":\"https:\/\/nitu.mx\/index.php\/2025\/04\/23\/pricetravel-holding-llevara-mas-de-30-ejecutivos-al-tianguis-turistico\/#breadcrumb\"},\"inLanguage\":\"es-MX\",\"potentialAction\":[{\"@type\":\"ReadAction\",\"target\":[\"https:\/\/nitu.mx\/index.php\/2025\/04\/23\/pricetravel-holding-llevara-mas-de-30-ejecutivos-al-tianguis-turistico\/\"]}]},{\"@type\":\"ImageObject\",\"inLanguage\":\"es-MX\",\"@id\":\"https:\/\/nitu.mx\/index.php\/2025\/04\/23\/pricetravel-holding-llevara-mas-de-30-ejecutivos-al-tianguis-turistico\/#primaryimage\",\"url\":\"https:\/\/nitu.mx\/wp-content\/uploads\/2025\/04\/PriceTravel-Holding-Tianguis-Turistico-2025.jpg\",\"contentUrl\":\"https:\/\/nitu.mx\/wp-content\/uploads\/2025\/04\/PriceTravel-Holding-Tianguis-Turistico-2025.jpg\",\"width\":1200,\"height\":675,\"caption\":\"PriceTravel Holding Tianguis Tur\u00edstico 2025\"},{\"@type\":\"BreadcrumbList\",\"@id\":\"https:\/\/nitu.mx\/index.php\/2025\/04\/23\/pricetravel-holding-llevara-mas-de-30-ejecutivos-al-tianguis-turistico\/#breadcrumb\",\"itemListElement\":[{\"@type\":\"ListItem\",\"position\":1,\"name\":\"Inicio\",\"item\":\"https:\/\/nitu.mx\/\"},{\"@type\":\"ListItem\",\"position\":2,\"name\":\"PriceTravel Holding llevar\u00e1 m\u00e1s de 30 ejecutivos al Tianguis Tur\u00edstico\"}]},{\"@type\":\"WebSite\",\"@id\":\"https:\/\/nitu.mx\/#website\",\"url\":\"https:\/\/nitu.mx\/\",\"name\":\"Nitu - Noticias de la Industria Turistica\",\"description\":\"Noticias de la Industria Turistica\",\"publisher\":{\"@id\":\"https:\/\/nitu.mx\/#\/schema\/person\/ae7a53426417292d3dd07b45a33e01bc\"},\"alternateName\":\"Noticias de la Industria Turistica\",\"potentialAction\":[{\"@type\":\"SearchAction\",\"target\":{\"@type\":\"EntryPoint\",\"urlTemplate\":\"https:\/\/nitu.mx\/?s={search_term_string}\"},\"query-input\":\"required name=search_term_string\"}],\"inLanguage\":\"es-MX\"},{\"@type\":[\"Person\",\"Organization\"],\"@id\":\"https:\/\/nitu.mx\/#\/schema\/person\/ae7a53426417292d3dd07b45a33e01bc\",\"name\":\"Arturo Medina\",\"image\":{\"@type\":\"ImageObject\",\"inLanguage\":\"es-MX\",\"@id\":\"https:\/\/nitu.mx\/#\/schema\/person\/image\/\",\"url\":\"https:\/\/nitu.mx\/wp-content\/uploads\/2024\/04\/4A315622-1904-4D5C-B022-878CDC840E04-90x90-1.jpeg\",\"contentUrl\":\"https:\/\/nitu.mx\/wp-content\/uploads\/2024\/04\/4A315622-1904-4D5C-B022-878CDC840E04-90x90-1.jpeg\",\"width\":90,\"height\":90,\"caption\":\"Arturo Medina\"},\"logo\":{\"@id\":\"https:\/\/nitu.mx\/#\/schema\/person\/image\/\"},\"description\":\"Director NITU.mx, Egresado de la Escuela de Periodismo Carlos Septi\u00e9n Garc\u00eda. Periodista y analista especializado en turismo desde hace 35 a\u00f1os, radicado en Canc\u00fan Q.Roo. arturo@nitu.mx\",\"sameAs\":[\"https:\/\/nitu.mx\",\"https:\/\/www.facebook.com\/NITUmx\/\",\"medinacancun\",\"https:\/\/twitter.com\/@Arturo_Medina_G\"]},{\"@type\":\"Person\",\"@id\":\"https:\/\/nitu.mx\/#\/schema\/person\/4a28fe9bd65924f7c90623773daf1b0b\",\"name\":\"Redacci\u00f3n\",\"image\":{\"@type\":\"ImageObject\",\"inLanguage\":\"es-MX\",\"@id\":\"https:\/\/nitu.mx\/#\/schema\/person\/image\/\",\"url\":\"https:\/\/secure.gravatar.com\/avatar\/5dd011c8ccfc5cd7e4c81e42252aab38?s=96&d=mm&r=g\",\"contentUrl\":\"https:\/\/secure.gravatar.com\/avatar\/5dd011c8ccfc5cd7e4c81e42252aab38?s=96&d=mm&r=g\",\"caption\":\"Redacci\u00f3n\"},\"url\":\"https:\/\/nitu.mx\/index.php\/author\/redaccion\/\"}]}<\/script>\n<!-- \/ Yoast SEO plugin. -->","yoast_head_json":{"title":"PriceTravel Holding llevar\u00e1 m\u00e1s de 30 ejecutivos al Tianguis Tur\u00edstico - Nitu - Noticias de la Industria Turistica","robots":{"index":"index","follow":"follow","max-snippet":"max-snippet:-1","max-image-preview":"max-image-preview:large","max-video-preview":"max-video-preview:-1"},"canonical":"https:\/\/nitu.mx\/index.php\/2025\/04\/23\/pricetravel-holding-llevara-mas-de-30-ejecutivos-al-tianguis-turistico\/","twitter_card":"summary_large_image","twitter_title":"PriceTravel Holding llevar\u00e1 m\u00e1s de 30 ejecutivos al Tianguis Tur\u00edstico - Nitu - Noticias de la Industria Turistica","twitter_description":"PriceTravel Holding, la empresa de distribuci\u00f3n global de mayor crecimiento en Latinoam\u00e9rica, est\u00e1 lista para consolidar su posici\u00f3n en la 49\u00aa edici\u00f3n del Tianguis Tur\u00edstico M\u00e9xico 2025, y aprovechar\u00e1 este importante evento de negocios para fortalecer alianzas estrat\u00e9gicas con hoteles, aerol\u00edneas y oficinas de turismo, a trav\u00e9s de una amplia agenda de citas atendidas por [&hellip;]","twitter_image":"https:\/\/nitu.mx\/wp-content\/uploads\/2025\/04\/PriceTravel-Holding-Tianguis-Turistico-2025.jpg","twitter_creator":"@NITUmx","twitter_site":"@Arturo_Medina_G","twitter_misc":{"Escrito por":"Redacci\u00f3n","Tiempo de lectura":"3 minutos"},"schema":{"@context":"https:\/\/schema.org","@graph":[{"@type":"Article","@id":"https:\/\/nitu.mx\/index.php\/2025\/04\/23\/pricetravel-holding-llevara-mas-de-30-ejecutivos-al-tianguis-turistico\/#article","isPartOf":{"@id":"https:\/\/nitu.mx\/index.php\/2025\/04\/23\/pricetravel-holding-llevara-mas-de-30-ejecutivos-al-tianguis-turistico\/"},"author":{"name":"Redacci\u00f3n","@id":"https:\/\/nitu.mx\/#\/schema\/person\/4a28fe9bd65924f7c90623773daf1b0b"},"headline":"PriceTravel Holding llevar\u00e1 m\u00e1s de 30 ejecutivos al Tianguis Tur\u00edstico","datePublished":"2025-04-24T04:52:18+00:00","dateModified":"2025-04-24T04:52:18+00:00","mainEntityOfPage":{"@id":"https:\/\/nitu.mx\/index.php\/2025\/04\/23\/pricetravel-holding-llevara-mas-de-30-ejecutivos-al-tianguis-turistico\/"},"wordCount":623,"commentCount":0,"publisher":{"@id":"https:\/\/nitu.mx\/#\/schema\/person\/ae7a53426417292d3dd07b45a33e01bc"},"image":{"@id":"https:\/\/nitu.mx\/index.php\/2025\/04\/23\/pricetravel-holding-llevara-mas-de-30-ejecutivos-al-tianguis-turistico\/#primaryimage"},"thumbnailUrl":"https:\/\/nitu.mx\/wp-content\/uploads\/2025\/04\/PriceTravel-Holding-Tianguis-Turistico-2025.jpg","keywords":["Baja California","Jorge Restrepo","PriceTravel Holding","Rafael Durand","Tianguis Tur\u00edstico"],"articleSection":["Agencias de Viajes","Tianguis Tur\u00edstico"],"inLanguage":"es-MX","potentialAction":[{"@type":"CommentAction","name":"Comment","target":["https:\/\/nitu.mx\/index.php\/2025\/04\/23\/pricetravel-holding-llevara-mas-de-30-ejecutivos-al-tianguis-turistico\/#respond"]}]},{"@type":"WebPage","@id":"https:\/\/nitu.mx\/index.php\/2025\/04\/23\/pricetravel-holding-llevara-mas-de-30-ejecutivos-al-tianguis-turistico\/","url":"https:\/\/nitu.mx\/index.php\/2025\/04\/23\/pricetravel-holding-llevara-mas-de-30-ejecutivos-al-tianguis-turistico\/","name":"PriceTravel Holding llevar\u00e1 m\u00e1s de 30 ejecutivos al Tianguis Tur\u00edstico - Nitu - Noticias de la Industria Turistica","isPartOf":{"@id":"https:\/\/nitu.mx\/#website"},"primaryImageOfPage":{"@id":"https:\/\/nitu.mx\/index.php\/2025\/04\/23\/pricetravel-holding-llevara-mas-de-30-ejecutivos-al-tianguis-turistico\/#primaryimage"},"image":{"@id":"https:\/\/nitu.mx\/index.php\/2025\/04\/23\/pricetravel-holding-llevara-mas-de-30-ejecutivos-al-tianguis-turistico\/#primaryimage"},"thumbnailUrl":"https:\/\/nitu.mx\/wp-content\/uploads\/2025\/04\/PriceTravel-Holding-Tianguis-Turistico-2025.jpg","datePublished":"2025-04-24T04:52:18+00:00","dateModified":"2025-04-24T04:52:18+00:00","breadcrumb":{"@id":"https:\/\/nitu.mx\/index.php\/2025\/04\/23\/pricetravel-holding-llevara-mas-de-30-ejecutivos-al-tianguis-turistico\/#breadcrumb"},"inLanguage":"es-MX","potentialAction":[{"@type":"ReadAction","target":["https:\/\/nitu.mx\/index.php\/2025\/04\/23\/pricetravel-holding-llevara-mas-de-30-ejecutivos-al-tianguis-turistico\/"]}]},{"@type":"ImageObject","inLanguage":"es-MX","@id":"https:\/\/nitu.mx\/index.php\/2025\/04\/23\/pricetravel-holding-llevara-mas-de-30-ejecutivos-al-tianguis-turistico\/#primaryimage","url":"https:\/\/nitu.mx\/wp-content\/uploads\/2025\/04\/PriceTravel-Holding-Tianguis-Turistico-2025.jpg","contentUrl":"https:\/\/nitu.mx\/wp-content\/uploads\/2025\/04\/PriceTravel-Holding-Tianguis-Turistico-2025.jpg","width":1200,"height":675,"caption":"PriceTravel Holding Tianguis Tur\u00edstico 2025"},{"@type":"BreadcrumbList","@id":"https:\/\/nitu.mx\/index.php\/2025\/04\/23\/pricetravel-holding-llevara-mas-de-30-ejecutivos-al-tianguis-turistico\/#breadcrumb","itemListElement":[{"@type":"ListItem","position":1,"name":"Inicio","item":"https:\/\/nitu.mx\/"},{"@type":"ListItem","position":2,"name":"PriceTravel Holding llevar\u00e1 m\u00e1s de 30 ejecutivos al Tianguis Tur\u00edstico"}]},{"@type":"WebSite","@id":"https:\/\/nitu.mx\/#website","url":"https:\/\/nitu.mx\/","name":"Nitu - Noticias de la Industria Turistica","description":"Noticias de la Industria Turistica","publisher":{"@id":"https:\/\/nitu.mx\/#\/schema\/person\/ae7a53426417292d3dd07b45a33e01bc"},"alternateName":"Noticias de la Industria Turistica","potentialAction":[{"@type":"SearchAction","target":{"@type":"EntryPoint","urlTemplate":"https:\/\/nitu.mx\/?s={search_term_string}"},"query-input":"required name=search_term_string"}],"inLanguage":"es-MX"},{"@type":["Person","Organization"],"@id":"https:\/\/nitu.mx\/#\/schema\/person\/ae7a53426417292d3dd07b45a33e01bc","name":"Arturo Medina","image":{"@type":"ImageObject","inLanguage":"es-MX","@id":"https:\/\/nitu.mx\/#\/schema\/person\/image\/","url":"https:\/\/nitu.mx\/wp-content\/uploads\/2024\/04\/4A315622-1904-4D5C-B022-878CDC840E04-90x90-1.jpeg","contentUrl":"https:\/\/nitu.mx\/wp-content\/uploads\/2024\/04\/4A315622-1904-4D5C-B022-878CDC840E04-90x90-1.jpeg","width":90,"height":90,"caption":"Arturo Medina"},"logo":{"@id":"https:\/\/nitu.mx\/#\/schema\/person\/image\/"},"description":"Director NITU.mx, Egresado de la Escuela de Periodismo Carlos Septi\u00e9n Garc\u00eda. Periodista y analista especializado en turismo desde hace 35 a\u00f1os, radicado en Canc\u00fan Q.Roo. arturo@nitu.mx","sameAs":["https:\/\/nitu.mx","https:\/\/www.facebook.com\/NITUmx\/","medinacancun","https:\/\/twitter.com\/@Arturo_Medina_G"]},{"@type":"Person","@id":"https:\/\/nitu.mx\/#\/schema\/person\/4a28fe9bd65924f7c90623773daf1b0b","name":"Redacci\u00f3n","image":{"@type":"ImageObject","inLanguage":"es-MX","@id":"https:\/\/nitu.mx\/#\/schema\/person\/image\/","url":"https:\/\/secure.gravatar.com\/avatar\/5dd011c8ccfc5cd7e4c81e42252aab38?s=96&d=mm&r=g","contentUrl":"https:\/\/secure.gravatar.com\/avatar\/5dd011c8ccfc5cd7e4c81e42252aab38?s=96&d=mm&r=g","caption":"Redacci\u00f3n"},"url":"https:\/\/nitu.mx\/index.php\/author\/redaccion\/"}]}},"views":916,"_links":{"self":[{"href":"https:\/\/nitu.mx\/index.php\/wp-json\/wp\/v2\/posts\/80787"}],"collection":[{"href":"https:\/\/nitu.mx\/index.php\/wp-json\/wp\/v2\/posts"}],"about":[{"href":"https:\/\/nitu.mx\/index.php\/wp-json\/wp\/v2\/types\/post"}],"author":[{"embeddable":true,"href":"https:\/\/nitu.mx\/index.php\/wp-json\/wp\/v2\/users\/17"}],"replies":[{"embeddable":true,"href":"https:\/\/nitu.mx\/index.php\/wp-json\/wp\/v2\/comments?post=80787"}],"version-history":[{"count":2,"href":"https:\/\/nitu.mx\/index.php\/wp-json\/wp\/v2\/posts\/80787\/revisions"}],"predecessor-version":[{"id":80792,"href":"https:\/\/nitu.mx\/index.php\/wp-json\/wp\/v2\/posts\/80787\/revisions\/80792"}],"wp:featuredmedia":[{"embeddable":true,"href":"https:\/\/nitu.mx\/index.php\/wp-json\/wp\/v2\/media\/80789"}],"wp:attachment":[{"href":"https:\/\/nitu.mx\/index.php\/wp-json\/wp\/v2\/media?parent=80787"}],"wp:term":[{"taxonomy":"category","embeddable":true,"href":"https:\/\/nitu.mx\/index.php\/wp-json\/wp\/v2\/categories?post=80787"},{"taxonomy":"post_tag","embeddable":true,"href":"https:\/\/nitu.mx\/index.php\/wp-json\/wp\/v2\/tags?post=80787"}],"curies":[{"name":"wp","href":"https:\/\/api.w.org\/{rel}","templated":true}]}}