{"id":80667,"date":"2025-04-15T22:45:00","date_gmt":"2025-04-16T04:45:00","guid":{"rendered":"https:\/\/nitu.mx\/?p=80667"},"modified":"2025-04-15T22:22:26","modified_gmt":"2025-04-16T04:22:26","slug":"mara-lezama-declara-el-inicio-oficial-de-la-temporada-de-sargazo-2025","status":"publish","type":"post","link":"https:\/\/nitu.mx\/index.php\/2025\/04\/15\/mara-lezama-declara-el-inicio-oficial-de-la-temporada-de-sargazo-2025\/","title":{"rendered":"Mara Lezama declara el inicio oficial de la temporada de sargazo 2025"},"content":{"rendered":"\n<p>La gobernadora de Quintana Roo, Mara Lezama Espinosa, declar\u00f3 el inicio oficial de la temporada de sargazo 2025, que contempla una estrategia a gran escala para su monitoreo, contenci\u00f3n, recolecci\u00f3n y disposici\u00f3n final, con el resultado de mantener limpias las playas el mayor tiempo posible.<\/p>\n\n\n\n<p>Al agradecer el apoyo de todas y todos, Mara Lezama destac\u00f3 que esta es una responsabilidad compartida con el cuidado del medio ambiente, la protecci\u00f3n de nuestros recursos y bellezas naturales, el desarrollo sostenible y sustentable, el \u00e9xito tur\u00edstico que se refleja en prosperidad, por lo que agradeci\u00f3 su participaci\u00f3n.<\/p>\n\n\n\n<p>En la playa Ojo de Agua, la gobernadora Mara Lezama, acompa\u00f1ada de la presidenta municipal de Puerto Morelos, Blanca Merari Tziu, as\u00ed como del Coordinador de la Estrategia de Atenci\u00f3n al Sargazo de la Secretar\u00eda de Marina, contralmirante Topiltzin Tlacaletl Flores Jaramillo, asegur\u00f3 que ya estamos preparados para el inicio de la temporada de sargazo 2025.<\/p>\n\n\n\n<p>A\u00f1adi\u00f3 la gobernadora: \u201cno vamos a permitir que este fen\u00f3meno detenga nuestro destino de bienestar, ni nos robe una de las cosas m\u00e1s valiosas que tenemos: nuestra naturaleza viva. Ya lo estamos haciendo, coordinados con la Secretar\u00eda de Marina, con los municipios, con la sociedad civil, con el sector tur\u00edstico, con cient\u00edficas, con trabajadoras y trabajadores. Estamos desplegando una estrategia integral: barreras, recolecci\u00f3n, limpieza, valorizaci\u00f3n y, sobre todo: concientizaci\u00f3n\u201d.<\/p>\n\n\n\n<p>Mara Lezama record\u00f3 desde el primer d\u00eda este gobierno se han destinado 383 millones de pesos para atender el arribo del sargazo, con maquinaria, personal, ciencia, tecnolog\u00eda, pero sobre todo con visi\u00f3n de futuro para incluir la econom\u00eda circular, para que el sargazo deje ser un pasivo y se convierta en un activo.<\/p>\n\n\n\n<p>El Coordinador de la Estrategia de Atenci\u00f3n al Sargazo de la Secretar\u00eda de Marina, contralmirante Topiltzin Tlacaletl Flores Jaramillo, explic\u00f3 que se aplican las fases de monitoreo para ubicar las masas flotantes que pudieran impactar las playas, recolecci\u00f3n en 2 frentes, oce\u00e1nico y costero. En el primero se utilizan 11 buques sargaceros costeros y 22 embarcaciones menores.<\/p>\n\n\n\n<p>En la fase de contenci\u00f3n se instalan barreras en sitios estrat\u00e9gicos para contener el alga y redireccionarlo hacia los puntos de recolecci\u00f3n. Ya se han instalado 9 mil 500 metros de barrera.<\/p>\n\n\n\n<p>El contralmirante a\u00f1adi\u00f3 que un esfuerzo importante es la limpieza en playas, donde se une el esfuerzo humano del gobierno del estado, municipios, sector hotelero, prestadores de servicios y la comunidad. Y por \u00faltimo, la disposici\u00f3n, la trasferencia del sargazo recolectado para el destino final.<\/p>\n\n\n\n<p>Por su parte, el titular de la Secretar\u00eda de Ecolog\u00eda y Medio Ambiente (SEMA), \u00d3scar R\u00e9bora Aguilera, explic\u00f3 que, este a\u00f1o el recale del alga ha sido menos intenso, debido a las corrientes marinas y las condiciones del clima, que son factores que derivan en que llegue m\u00e1s a ciertos sitios estrat\u00e9gicos. Detall\u00f3 que en lo que va del a\u00f1o se han recolectado un total de 10 mil 236 toneladas de sargazo en los municipios costeros, siendo Playa del Carmen, Oth\u00f3n P. Blanco y Puerto Morelos, los que han presentado mayor cantidad de la macroalga. (<a href=\"https:\/\/nitu.mx\/index.php\/2025\/03\/27\/tulum-refuerza-estrategia-contra-el-sargazo-ante-incremento-del-recale\/\">Tulum refuerza estrategia contra el sargazo ante incremento del recale<\/a>).<\/p>\n","protected":false},"excerpt":{"rendered":"<p>La gobernadora de Quintana Roo, Mara Lezama Espinosa, declar\u00f3 el inicio oficial de la temporada de sargazo 2025, que contempla una estrategia a gran escala para su monitoreo, contenci\u00f3n, recolecci\u00f3n y disposici\u00f3n final, con el resultado de mantener limpias las playas el mayor tiempo posible. Al agradecer el apoyo de todas y todos, Mara Lezama [&hellip;]<\/p>\n","protected":false},"author":17,"featured_media":80669,"comment_status":"open","ping_status":"open","sticky":false,"template":"","format":"standard","meta":{"footnotes":""},"categories":[18475],"tags":[83,14028,10332,7338,5577],"yoast_head":"<!-- This site is optimized with the Yoast SEO plugin v22.2 - https:\/\/yoast.com\/wordpress\/plugins\/seo\/ -->\n<title>Mara Lezama declara el inicio oficial de la temporada de sargazo 2025 - Nitu - Noticias de la Industria Turistica<\/title>\n<meta name=\"robots\" content=\"index, follow, max-snippet:-1, max-image-preview:large, max-video-preview:-1\" \/>\n<link rel=\"canonical\" href=\"https:\/\/nitu.mx\/index.php\/2025\/04\/15\/mara-lezama-declara-el-inicio-oficial-de-la-temporada-de-sargazo-2025\/\" \/>\n<meta name=\"twitter:card\" content=\"summary_large_image\" \/>\n<meta name=\"twitter:title\" content=\"Mara Lezama declara el inicio oficial de la temporada de sargazo 2025 - Nitu - Noticias de la Industria Turistica\" \/>\n<meta name=\"twitter:description\" content=\"La gobernadora de Quintana Roo, Mara Lezama Espinosa, declar\u00f3 el inicio oficial de la temporada de sargazo 2025, que contempla una estrategia a gran escala para su monitoreo, contenci\u00f3n, recolecci\u00f3n y disposici\u00f3n final, con el resultado de mantener limpias las playas el mayor tiempo posible. Al agradecer el apoyo de todas y todos, Mara Lezama [&hellip;]\" \/>\n<meta name=\"twitter:image\" content=\"https:\/\/nitu.mx\/wp-content\/uploads\/2025\/04\/Caribe-Mexicano-temporada-de-sargazo-2025.jpg\" \/>\n<meta name=\"twitter:creator\" content=\"@NITUmx\" \/>\n<meta name=\"twitter:site\" content=\"@Arturo_Medina_G\" \/>\n<meta name=\"twitter:label1\" content=\"Escrito por\" \/>\n\t<meta name=\"twitter:data1\" content=\"Redacci\u00f3n\" \/>\n\t<meta name=\"twitter:label2\" content=\"Tiempo de lectura\" \/>\n\t<meta name=\"twitter:data2\" content=\"3 minutos\" \/>\n<script type=\"application\/ld+json\" class=\"yoast-schema-graph\">{\"@context\":\"https:\/\/schema.org\",\"@graph\":[{\"@type\":\"Article\",\"@id\":\"https:\/\/nitu.mx\/index.php\/2025\/04\/15\/mara-lezama-declara-el-inicio-oficial-de-la-temporada-de-sargazo-2025\/#article\",\"isPartOf\":{\"@id\":\"https:\/\/nitu.mx\/index.php\/2025\/04\/15\/mara-lezama-declara-el-inicio-oficial-de-la-temporada-de-sargazo-2025\/\"},\"author\":{\"name\":\"Redacci\u00f3n\",\"@id\":\"https:\/\/nitu.mx\/#\/schema\/person\/4a28fe9bd65924f7c90623773daf1b0b\"},\"headline\":\"Mara Lezama declara el inicio oficial de la temporada de sargazo 2025\",\"datePublished\":\"2025-04-16T04:45:00+00:00\",\"dateModified\":\"2025-04-16T04:22:26+00:00\",\"mainEntityOfPage\":{\"@id\":\"https:\/\/nitu.mx\/index.php\/2025\/04\/15\/mara-lezama-declara-el-inicio-oficial-de-la-temporada-de-sargazo-2025\/\"},\"wordCount\":552,\"commentCount\":0,\"publisher\":{\"@id\":\"https:\/\/nitu.mx\/#\/schema\/person\/ae7a53426417292d3dd07b45a33e01bc\"},\"image\":{\"@id\":\"https:\/\/nitu.mx\/index.php\/2025\/04\/15\/mara-lezama-declara-el-inicio-oficial-de-la-temporada-de-sargazo-2025\/#primaryimage\"},\"thumbnailUrl\":\"https:\/\/nitu.mx\/wp-content\/uploads\/2025\/04\/Caribe-Mexicano-temporada-de-sargazo-2025.jpg\",\"keywords\":[\"Caribe mexicano\",\"Mara Lezama\",\"sargazo\",\"SEMA\",\"SEMAR\"],\"articleSection\":[\"Caribe Mexicano\"],\"inLanguage\":\"es-MX\",\"potentialAction\":[{\"@type\":\"CommentAction\",\"name\":\"Comment\",\"target\":[\"https:\/\/nitu.mx\/index.php\/2025\/04\/15\/mara-lezama-declara-el-inicio-oficial-de-la-temporada-de-sargazo-2025\/#respond\"]}]},{\"@type\":\"WebPage\",\"@id\":\"https:\/\/nitu.mx\/index.php\/2025\/04\/15\/mara-lezama-declara-el-inicio-oficial-de-la-temporada-de-sargazo-2025\/\",\"url\":\"https:\/\/nitu.mx\/index.php\/2025\/04\/15\/mara-lezama-declara-el-inicio-oficial-de-la-temporada-de-sargazo-2025\/\",\"name\":\"Mara Lezama declara el inicio oficial de la temporada de sargazo 2025 - Nitu - Noticias de la Industria Turistica\",\"isPartOf\":{\"@id\":\"https:\/\/nitu.mx\/#website\"},\"primaryImageOfPage\":{\"@id\":\"https:\/\/nitu.mx\/index.php\/2025\/04\/15\/mara-lezama-declara-el-inicio-oficial-de-la-temporada-de-sargazo-2025\/#primaryimage\"},\"image\":{\"@id\":\"https:\/\/nitu.mx\/index.php\/2025\/04\/15\/mara-lezama-declara-el-inicio-oficial-de-la-temporada-de-sargazo-2025\/#primaryimage\"},\"thumbnailUrl\":\"https:\/\/nitu.mx\/wp-content\/uploads\/2025\/04\/Caribe-Mexicano-temporada-de-sargazo-2025.jpg\",\"datePublished\":\"2025-04-16T04:45:00+00:00\",\"dateModified\":\"2025-04-16T04:22:26+00:00\",\"breadcrumb\":{\"@id\":\"https:\/\/nitu.mx\/index.php\/2025\/04\/15\/mara-lezama-declara-el-inicio-oficial-de-la-temporada-de-sargazo-2025\/#breadcrumb\"},\"inLanguage\":\"es-MX\",\"potentialAction\":[{\"@type\":\"ReadAction\",\"target\":[\"https:\/\/nitu.mx\/index.php\/2025\/04\/15\/mara-lezama-declara-el-inicio-oficial-de-la-temporada-de-sargazo-2025\/\"]}]},{\"@type\":\"ImageObject\",\"inLanguage\":\"es-MX\",\"@id\":\"https:\/\/nitu.mx\/index.php\/2025\/04\/15\/mara-lezama-declara-el-inicio-oficial-de-la-temporada-de-sargazo-2025\/#primaryimage\",\"url\":\"https:\/\/nitu.mx\/wp-content\/uploads\/2025\/04\/Caribe-Mexicano-temporada-de-sargazo-2025.jpg\",\"contentUrl\":\"https:\/\/nitu.mx\/wp-content\/uploads\/2025\/04\/Caribe-Mexicano-temporada-de-sargazo-2025.jpg\",\"width\":1200,\"height\":675,\"caption\":\"Caribe Mexicano temporada de sargazo 2025\"},{\"@type\":\"BreadcrumbList\",\"@id\":\"https:\/\/nitu.mx\/index.php\/2025\/04\/15\/mara-lezama-declara-el-inicio-oficial-de-la-temporada-de-sargazo-2025\/#breadcrumb\",\"itemListElement\":[{\"@type\":\"ListItem\",\"position\":1,\"name\":\"Inicio\",\"item\":\"https:\/\/nitu.mx\/\"},{\"@type\":\"ListItem\",\"position\":2,\"name\":\"Mara Lezama declara el inicio oficial de la temporada de sargazo 2025\"}]},{\"@type\":\"WebSite\",\"@id\":\"https:\/\/nitu.mx\/#website\",\"url\":\"https:\/\/nitu.mx\/\",\"name\":\"Nitu - Noticias de la Industria Turistica\",\"description\":\"Noticias de la Industria Turistica\",\"publisher\":{\"@id\":\"https:\/\/nitu.mx\/#\/schema\/person\/ae7a53426417292d3dd07b45a33e01bc\"},\"alternateName\":\"Noticias de la Industria Turistica\",\"potentialAction\":[{\"@type\":\"SearchAction\",\"target\":{\"@type\":\"EntryPoint\",\"urlTemplate\":\"https:\/\/nitu.mx\/?s={search_term_string}\"},\"query-input\":\"required name=search_term_string\"}],\"inLanguage\":\"es-MX\"},{\"@type\":[\"Person\",\"Organization\"],\"@id\":\"https:\/\/nitu.mx\/#\/schema\/person\/ae7a53426417292d3dd07b45a33e01bc\",\"name\":\"Arturo Medina\",\"image\":{\"@type\":\"ImageObject\",\"inLanguage\":\"es-MX\",\"@id\":\"https:\/\/nitu.mx\/#\/schema\/person\/image\/\",\"url\":\"https:\/\/nitu.mx\/wp-content\/uploads\/2024\/04\/4A315622-1904-4D5C-B022-878CDC840E04-90x90-1.jpeg\",\"contentUrl\":\"https:\/\/nitu.mx\/wp-content\/uploads\/2024\/04\/4A315622-1904-4D5C-B022-878CDC840E04-90x90-1.jpeg\",\"width\":90,\"height\":90,\"caption\":\"Arturo Medina\"},\"logo\":{\"@id\":\"https:\/\/nitu.mx\/#\/schema\/person\/image\/\"},\"description\":\"Director NITU.mx, Egresado de la Escuela de Periodismo Carlos Septi\u00e9n Garc\u00eda. Periodista y analista especializado en turismo desde hace 35 a\u00f1os, radicado en Canc\u00fan Q.Roo. arturo@nitu.mx\",\"sameAs\":[\"https:\/\/nitu.mx\",\"https:\/\/www.facebook.com\/NITUmx\/\",\"medinacancun\",\"https:\/\/twitter.com\/@Arturo_Medina_G\"]},{\"@type\":\"Person\",\"@id\":\"https:\/\/nitu.mx\/#\/schema\/person\/4a28fe9bd65924f7c90623773daf1b0b\",\"name\":\"Redacci\u00f3n\",\"image\":{\"@type\":\"ImageObject\",\"inLanguage\":\"es-MX\",\"@id\":\"https:\/\/nitu.mx\/#\/schema\/person\/image\/\",\"url\":\"https:\/\/secure.gravatar.com\/avatar\/5dd011c8ccfc5cd7e4c81e42252aab38?s=96&d=mm&r=g\",\"contentUrl\":\"https:\/\/secure.gravatar.com\/avatar\/5dd011c8ccfc5cd7e4c81e42252aab38?s=96&d=mm&r=g\",\"caption\":\"Redacci\u00f3n\"},\"url\":\"https:\/\/nitu.mx\/index.php\/author\/redaccion\/\"}]}<\/script>\n<!-- \/ Yoast SEO plugin. -->","yoast_head_json":{"title":"Mara Lezama declara el inicio oficial de la temporada de sargazo 2025 - Nitu - Noticias de la Industria Turistica","robots":{"index":"index","follow":"follow","max-snippet":"max-snippet:-1","max-image-preview":"max-image-preview:large","max-video-preview":"max-video-preview:-1"},"canonical":"https:\/\/nitu.mx\/index.php\/2025\/04\/15\/mara-lezama-declara-el-inicio-oficial-de-la-temporada-de-sargazo-2025\/","twitter_card":"summary_large_image","twitter_title":"Mara Lezama declara el inicio oficial de la temporada de sargazo 2025 - Nitu - Noticias de la Industria Turistica","twitter_description":"La gobernadora de Quintana Roo, Mara Lezama Espinosa, declar\u00f3 el inicio oficial de la temporada de sargazo 2025, que contempla una estrategia a gran escala para su monitoreo, contenci\u00f3n, recolecci\u00f3n y disposici\u00f3n final, con el resultado de mantener limpias las playas el mayor tiempo posible. Al agradecer el apoyo de todas y todos, Mara Lezama [&hellip;]","twitter_image":"https:\/\/nitu.mx\/wp-content\/uploads\/2025\/04\/Caribe-Mexicano-temporada-de-sargazo-2025.jpg","twitter_creator":"@NITUmx","twitter_site":"@Arturo_Medina_G","twitter_misc":{"Escrito por":"Redacci\u00f3n","Tiempo de lectura":"3 minutos"},"schema":{"@context":"https:\/\/schema.org","@graph":[{"@type":"Article","@id":"https:\/\/nitu.mx\/index.php\/2025\/04\/15\/mara-lezama-declara-el-inicio-oficial-de-la-temporada-de-sargazo-2025\/#article","isPartOf":{"@id":"https:\/\/nitu.mx\/index.php\/2025\/04\/15\/mara-lezama-declara-el-inicio-oficial-de-la-temporada-de-sargazo-2025\/"},"author":{"name":"Redacci\u00f3n","@id":"https:\/\/nitu.mx\/#\/schema\/person\/4a28fe9bd65924f7c90623773daf1b0b"},"headline":"Mara Lezama declara el inicio oficial de la temporada de sargazo 2025","datePublished":"2025-04-16T04:45:00+00:00","dateModified":"2025-04-16T04:22:26+00:00","mainEntityOfPage":{"@id":"https:\/\/nitu.mx\/index.php\/2025\/04\/15\/mara-lezama-declara-el-inicio-oficial-de-la-temporada-de-sargazo-2025\/"},"wordCount":552,"commentCount":0,"publisher":{"@id":"https:\/\/nitu.mx\/#\/schema\/person\/ae7a53426417292d3dd07b45a33e01bc"},"image":{"@id":"https:\/\/nitu.mx\/index.php\/2025\/04\/15\/mara-lezama-declara-el-inicio-oficial-de-la-temporada-de-sargazo-2025\/#primaryimage"},"thumbnailUrl":"https:\/\/nitu.mx\/wp-content\/uploads\/2025\/04\/Caribe-Mexicano-temporada-de-sargazo-2025.jpg","keywords":["Caribe mexicano","Mara Lezama","sargazo","SEMA","SEMAR"],"articleSection":["Caribe Mexicano"],"inLanguage":"es-MX","potentialAction":[{"@type":"CommentAction","name":"Comment","target":["https:\/\/nitu.mx\/index.php\/2025\/04\/15\/mara-lezama-declara-el-inicio-oficial-de-la-temporada-de-sargazo-2025\/#respond"]}]},{"@type":"WebPage","@id":"https:\/\/nitu.mx\/index.php\/2025\/04\/15\/mara-lezama-declara-el-inicio-oficial-de-la-temporada-de-sargazo-2025\/","url":"https:\/\/nitu.mx\/index.php\/2025\/04\/15\/mara-lezama-declara-el-inicio-oficial-de-la-temporada-de-sargazo-2025\/","name":"Mara Lezama declara el inicio oficial de la temporada de sargazo 2025 - Nitu - Noticias de la Industria Turistica","isPartOf":{"@id":"https:\/\/nitu.mx\/#website"},"primaryImageOfPage":{"@id":"https:\/\/nitu.mx\/index.php\/2025\/04\/15\/mara-lezama-declara-el-inicio-oficial-de-la-temporada-de-sargazo-2025\/#primaryimage"},"image":{"@id":"https:\/\/nitu.mx\/index.php\/2025\/04\/15\/mara-lezama-declara-el-inicio-oficial-de-la-temporada-de-sargazo-2025\/#primaryimage"},"thumbnailUrl":"https:\/\/nitu.mx\/wp-content\/uploads\/2025\/04\/Caribe-Mexicano-temporada-de-sargazo-2025.jpg","datePublished":"2025-04-16T04:45:00+00:00","dateModified":"2025-04-16T04:22:26+00:00","breadcrumb":{"@id":"https:\/\/nitu.mx\/index.php\/2025\/04\/15\/mara-lezama-declara-el-inicio-oficial-de-la-temporada-de-sargazo-2025\/#breadcrumb"},"inLanguage":"es-MX","potentialAction":[{"@type":"ReadAction","target":["https:\/\/nitu.mx\/index.php\/2025\/04\/15\/mara-lezama-declara-el-inicio-oficial-de-la-temporada-de-sargazo-2025\/"]}]},{"@type":"ImageObject","inLanguage":"es-MX","@id":"https:\/\/nitu.mx\/index.php\/2025\/04\/15\/mara-lezama-declara-el-inicio-oficial-de-la-temporada-de-sargazo-2025\/#primaryimage","url":"https:\/\/nitu.mx\/wp-content\/uploads\/2025\/04\/Caribe-Mexicano-temporada-de-sargazo-2025.jpg","contentUrl":"https:\/\/nitu.mx\/wp-content\/uploads\/2025\/04\/Caribe-Mexicano-temporada-de-sargazo-2025.jpg","width":1200,"height":675,"caption":"Caribe Mexicano temporada de sargazo 2025"},{"@type":"BreadcrumbList","@id":"https:\/\/nitu.mx\/index.php\/2025\/04\/15\/mara-lezama-declara-el-inicio-oficial-de-la-temporada-de-sargazo-2025\/#breadcrumb","itemListElement":[{"@type":"ListItem","position":1,"name":"Inicio","item":"https:\/\/nitu.mx\/"},{"@type":"ListItem","position":2,"name":"Mara Lezama declara el inicio oficial de la temporada de sargazo 2025"}]},{"@type":"WebSite","@id":"https:\/\/nitu.mx\/#website","url":"https:\/\/nitu.mx\/","name":"Nitu - Noticias de la Industria Turistica","description":"Noticias de la Industria Turistica","publisher":{"@id":"https:\/\/nitu.mx\/#\/schema\/person\/ae7a53426417292d3dd07b45a33e01bc"},"alternateName":"Noticias de la Industria Turistica","potentialAction":[{"@type":"SearchAction","target":{"@type":"EntryPoint","urlTemplate":"https:\/\/nitu.mx\/?s={search_term_string}"},"query-input":"required name=search_term_string"}],"inLanguage":"es-MX"},{"@type":["Person","Organization"],"@id":"https:\/\/nitu.mx\/#\/schema\/person\/ae7a53426417292d3dd07b45a33e01bc","name":"Arturo Medina","image":{"@type":"ImageObject","inLanguage":"es-MX","@id":"https:\/\/nitu.mx\/#\/schema\/person\/image\/","url":"https:\/\/nitu.mx\/wp-content\/uploads\/2024\/04\/4A315622-1904-4D5C-B022-878CDC840E04-90x90-1.jpeg","contentUrl":"https:\/\/nitu.mx\/wp-content\/uploads\/2024\/04\/4A315622-1904-4D5C-B022-878CDC840E04-90x90-1.jpeg","width":90,"height":90,"caption":"Arturo Medina"},"logo":{"@id":"https:\/\/nitu.mx\/#\/schema\/person\/image\/"},"description":"Director NITU.mx, Egresado de la Escuela de Periodismo Carlos Septi\u00e9n Garc\u00eda. Periodista y analista especializado en turismo desde hace 35 a\u00f1os, radicado en Canc\u00fan Q.Roo. arturo@nitu.mx","sameAs":["https:\/\/nitu.mx","https:\/\/www.facebook.com\/NITUmx\/","medinacancun","https:\/\/twitter.com\/@Arturo_Medina_G"]},{"@type":"Person","@id":"https:\/\/nitu.mx\/#\/schema\/person\/4a28fe9bd65924f7c90623773daf1b0b","name":"Redacci\u00f3n","image":{"@type":"ImageObject","inLanguage":"es-MX","@id":"https:\/\/nitu.mx\/#\/schema\/person\/image\/","url":"https:\/\/secure.gravatar.com\/avatar\/5dd011c8ccfc5cd7e4c81e42252aab38?s=96&d=mm&r=g","contentUrl":"https:\/\/secure.gravatar.com\/avatar\/5dd011c8ccfc5cd7e4c81e42252aab38?s=96&d=mm&r=g","caption":"Redacci\u00f3n"},"url":"https:\/\/nitu.mx\/index.php\/author\/redaccion\/"}]}},"views":706,"_links":{"self":[{"href":"https:\/\/nitu.mx\/index.php\/wp-json\/wp\/v2\/posts\/80667"}],"collection":[{"href":"https:\/\/nitu.mx\/index.php\/wp-json\/wp\/v2\/posts"}],"about":[{"href":"https:\/\/nitu.mx\/index.php\/wp-json\/wp\/v2\/types\/post"}],"author":[{"embeddable":true,"href":"https:\/\/nitu.mx\/index.php\/wp-json\/wp\/v2\/users\/17"}],"replies":[{"embeddable":true,"href":"https:\/\/nitu.mx\/index.php\/wp-json\/wp\/v2\/comments?post=80667"}],"version-history":[{"count":1,"href":"https:\/\/nitu.mx\/index.php\/wp-json\/wp\/v2\/posts\/80667\/revisions"}],"predecessor-version":[{"id":80670,"href":"https:\/\/nitu.mx\/index.php\/wp-json\/wp\/v2\/posts\/80667\/revisions\/80670"}],"wp:featuredmedia":[{"embeddable":true,"href":"https:\/\/nitu.mx\/index.php\/wp-json\/wp\/v2\/media\/80669"}],"wp:attachment":[{"href":"https:\/\/nitu.mx\/index.php\/wp-json\/wp\/v2\/media?parent=80667"}],"wp:term":[{"taxonomy":"category","embeddable":true,"href":"https:\/\/nitu.mx\/index.php\/wp-json\/wp\/v2\/categories?post=80667"},{"taxonomy":"post_tag","embeddable":true,"href":"https:\/\/nitu.mx\/index.php\/wp-json\/wp\/v2\/tags?post=80667"}],"curies":[{"name":"wp","href":"https:\/\/api.w.org\/{rel}","templated":true}]}}