{"id":80603,"date":"2025-04-14T00:00:44","date_gmt":"2025-04-14T06:00:44","guid":{"rendered":"https:\/\/nitu.mx\/?p=80603"},"modified":"2025-04-14T00:00:45","modified_gmt":"2025-04-14T06:00:45","slug":"quintana-roo-lanza-pase-de-movilidad-turistica-para-visitantes-que-usan-vehiculos-rentados","status":"publish","type":"post","link":"https:\/\/nitu.mx\/index.php\/2025\/04\/14\/quintana-roo-lanza-pase-de-movilidad-turistica-para-visitantes-que-usan-vehiculos-rentados\/","title":{"rendered":"Quintana Roo lanza \u201cPase de Movilidad Tur\u00edstica\u201d para visitantes que usan veh\u00edculos rentados"},"content":{"rendered":"<p>El Gobierno de Quintana Roo puso en marcha el \u201cPase de Movilidad Tur\u00edstica\u201d, una herramienta digital gratuita que busca facilitar el tr\u00e1nsito de visitantes que rentan veh\u00edculos durante su estancia en el estado.<\/p>\n<p>Este instrumento, aprobado en la Mesa de Seguridad Tur\u00edstica y presentado oficialmente por la gobernadora Mara Lezama, ya est\u00e1 disponible en la aplicaci\u00f3n m\u00f3vil Guest Assist. Su uso permitir\u00e1 registrar datos del arrendatario, la empresa y el autom\u00f3vil para activar ciertos beneficios durante la estancia.<\/p>\n<p>Uno de los principales atractivos del Pase es la emisi\u00f3n de hasta dos boletas de cortes\u00eda por infracciones menores, sin retenci\u00f3n de documentos como la licencia de conducir. Sin embargo, estas cortes\u00edas no aplican en casos como estacionarse en lugares para personas con discapacidad, conducir bajo efectos de alcohol o drogas, o involucrarse en accidentes con da\u00f1os a terceros.<\/p>\n<p>La iniciativa fue presentada como parte de una estrategia para fortalecer la competitividad tur\u00edstica en los 12 destinos del estado y brindar mayor certeza tanto a visitantes como a inversionistas.<\/p>\n<p>El secretario de Turismo estatal, Bernardo Cueto Riestra, y el subsecretario de los C4 y C5 de la SSC, Antonio Zamora C\u00e1zares, detallaron que el proyecto surgi\u00f3 desde el enfoque de seguridad tur\u00edstica y que busca ofrecer una mejor experiencia a los m\u00e1s de 25 mil usuarios de veh\u00edculos rentados, especialmente durante temporadas altas como Semana Santa, cuando el 90% de las unidades registradas est\u00e1n en uso.<\/p>\n<p>Durante el anuncio, Mara Lezama estuvo acompa\u00f1ada por la secretaria de Gobierno, Cristina Torres G\u00f3mez. (<a href=\"https:\/\/nitu.mx\/index.php\/2025\/04\/07\/sectur-y-quintana-roo-logran-reunion-bicameral-para-impulsar-el-mundo-maya\/\">Sectur y Quintana Roo logran reuni\u00f3n bicameral para impulsar el Mundo Maya<\/a>).<\/p>\n","protected":false},"excerpt":{"rendered":"<p>El Gobierno de Quintana Roo puso en marcha el \u201cPase de Movilidad Tur\u00edstica\u201d, una herramienta digital gratuita que busca facilitar el tr\u00e1nsito de visitantes que rentan veh\u00edculos durante su estancia en el estado. Este instrumento, aprobado en la Mesa de Seguridad Tur\u00edstica y presentado oficialmente por la gobernadora Mara Lezama, ya est\u00e1 disponible en la [&hellip;]<\/p>\n","protected":false},"author":3,"featured_media":80605,"comment_status":"open","ping_status":"open","sticky":false,"template":"","format":"standard","meta":{"footnotes":""},"categories":[18475,24505],"tags":[14028,27311,260,11491],"yoast_head":"<!-- This site is optimized with the Yoast SEO plugin v22.2 - https:\/\/yoast.com\/wordpress\/plugins\/seo\/ -->\n<title>Quintana Roo lanza \u201cPase de Movilidad Tur\u00edstica\u201d para visitantes que usan veh\u00edculos rentados - Nitu - Noticias de la Industria Turistica<\/title>\n<meta name=\"robots\" content=\"index, follow, max-snippet:-1, max-image-preview:large, max-video-preview:-1\" \/>\n<link rel=\"canonical\" href=\"https:\/\/nitu.mx\/index.php\/2025\/04\/14\/quintana-roo-lanza-pase-de-movilidad-turistica-para-visitantes-que-usan-vehiculos-rentados\/\" \/>\n<meta name=\"twitter:card\" content=\"summary_large_image\" \/>\n<meta name=\"twitter:title\" content=\"Quintana Roo lanza \u201cPase de Movilidad Tur\u00edstica\u201d para visitantes que usan veh\u00edculos rentados - Nitu - Noticias de la Industria Turistica\" \/>\n<meta name=\"twitter:description\" content=\"El Gobierno de Quintana Roo puso en marcha el \u201cPase de Movilidad Tur\u00edstica\u201d, una herramienta digital gratuita que busca facilitar el tr\u00e1nsito de visitantes que rentan veh\u00edculos durante su estancia en el estado. Este instrumento, aprobado en la Mesa de Seguridad Tur\u00edstica y presentado oficialmente por la gobernadora Mara Lezama, ya est\u00e1 disponible en la [&hellip;]\" \/>\n<meta name=\"twitter:image\" content=\"https:\/\/nitu.mx\/wp-content\/uploads\/2025\/04\/MARAMOVILOIDAD-scaled.jpeg\" \/>\n<meta name=\"twitter:creator\" content=\"@NITUmx\" \/>\n<meta name=\"twitter:site\" content=\"@Arturo_Medina_G\" \/>\n<meta name=\"twitter:label1\" content=\"Escrito por\" \/>\n\t<meta name=\"twitter:data1\" content=\"Alejandra Moncisbays\" \/>\n\t<meta name=\"twitter:label2\" content=\"Tiempo de lectura\" \/>\n\t<meta name=\"twitter:data2\" content=\"1 minuto\" \/>\n<script type=\"application\/ld+json\" class=\"yoast-schema-graph\">{\"@context\":\"https:\/\/schema.org\",\"@graph\":[{\"@type\":\"Article\",\"@id\":\"https:\/\/nitu.mx\/index.php\/2025\/04\/14\/quintana-roo-lanza-pase-de-movilidad-turistica-para-visitantes-que-usan-vehiculos-rentados\/#article\",\"isPartOf\":{\"@id\":\"https:\/\/nitu.mx\/index.php\/2025\/04\/14\/quintana-roo-lanza-pase-de-movilidad-turistica-para-visitantes-que-usan-vehiculos-rentados\/\"},\"author\":{\"name\":\"Alejandra Moncisbays\",\"@id\":\"https:\/\/nitu.mx\/#\/schema\/person\/2ecd887b19dfd3382d1f14fc5acf24a8\"},\"headline\":\"Quintana Roo lanza \u201cPase de Movilidad Tur\u00edstica\u201d para visitantes que usan veh\u00edculos rentados\",\"datePublished\":\"2025-04-14T06:00:44+00:00\",\"dateModified\":\"2025-04-14T06:00:45+00:00\",\"mainEntityOfPage\":{\"@id\":\"https:\/\/nitu.mx\/index.php\/2025\/04\/14\/quintana-roo-lanza-pase-de-movilidad-turistica-para-visitantes-que-usan-vehiculos-rentados\/\"},\"wordCount\":294,\"commentCount\":0,\"publisher\":{\"@id\":\"https:\/\/nitu.mx\/#\/schema\/person\/ae7a53426417292d3dd07b45a33e01bc\"},\"image\":{\"@id\":\"https:\/\/nitu.mx\/index.php\/2025\/04\/14\/quintana-roo-lanza-pase-de-movilidad-turistica-para-visitantes-que-usan-vehiculos-rentados\/#primaryimage\"},\"thumbnailUrl\":\"https:\/\/nitu.mx\/wp-content\/uploads\/2025\/04\/MARAMOVILOIDAD-scaled.jpeg\",\"keywords\":[\"Mara Lezama\",\"Pase de Movilidad Tur\u00edstica\",\"Quintana Roo\",\"veh\u00edculos\"],\"articleSection\":[\"Caribe Mexicano\",\"Destacados\"],\"inLanguage\":\"es-MX\",\"potentialAction\":[{\"@type\":\"CommentAction\",\"name\":\"Comment\",\"target\":[\"https:\/\/nitu.mx\/index.php\/2025\/04\/14\/quintana-roo-lanza-pase-de-movilidad-turistica-para-visitantes-que-usan-vehiculos-rentados\/#respond\"]}]},{\"@type\":\"WebPage\",\"@id\":\"https:\/\/nitu.mx\/index.php\/2025\/04\/14\/quintana-roo-lanza-pase-de-movilidad-turistica-para-visitantes-que-usan-vehiculos-rentados\/\",\"url\":\"https:\/\/nitu.mx\/index.php\/2025\/04\/14\/quintana-roo-lanza-pase-de-movilidad-turistica-para-visitantes-que-usan-vehiculos-rentados\/\",\"name\":\"Quintana Roo lanza \u201cPase de Movilidad Tur\u00edstica\u201d para visitantes que usan veh\u00edculos rentados - Nitu - Noticias de la Industria Turistica\",\"isPartOf\":{\"@id\":\"https:\/\/nitu.mx\/#website\"},\"primaryImageOfPage\":{\"@id\":\"https:\/\/nitu.mx\/index.php\/2025\/04\/14\/quintana-roo-lanza-pase-de-movilidad-turistica-para-visitantes-que-usan-vehiculos-rentados\/#primaryimage\"},\"image\":{\"@id\":\"https:\/\/nitu.mx\/index.php\/2025\/04\/14\/quintana-roo-lanza-pase-de-movilidad-turistica-para-visitantes-que-usan-vehiculos-rentados\/#primaryimage\"},\"thumbnailUrl\":\"https:\/\/nitu.mx\/wp-content\/uploads\/2025\/04\/MARAMOVILOIDAD-scaled.jpeg\",\"datePublished\":\"2025-04-14T06:00:44+00:00\",\"dateModified\":\"2025-04-14T06:00:45+00:00\",\"breadcrumb\":{\"@id\":\"https:\/\/nitu.mx\/index.php\/2025\/04\/14\/quintana-roo-lanza-pase-de-movilidad-turistica-para-visitantes-que-usan-vehiculos-rentados\/#breadcrumb\"},\"inLanguage\":\"es-MX\",\"potentialAction\":[{\"@type\":\"ReadAction\",\"target\":[\"https:\/\/nitu.mx\/index.php\/2025\/04\/14\/quintana-roo-lanza-pase-de-movilidad-turistica-para-visitantes-que-usan-vehiculos-rentados\/\"]}]},{\"@type\":\"ImageObject\",\"inLanguage\":\"es-MX\",\"@id\":\"https:\/\/nitu.mx\/index.php\/2025\/04\/14\/quintana-roo-lanza-pase-de-movilidad-turistica-para-visitantes-que-usan-vehiculos-rentados\/#primaryimage\",\"url\":\"https:\/\/nitu.mx\/wp-content\/uploads\/2025\/04\/MARAMOVILOIDAD-scaled.jpeg\",\"contentUrl\":\"https:\/\/nitu.mx\/wp-content\/uploads\/2025\/04\/MARAMOVILOIDAD-scaled.jpeg\",\"width\":2560,\"height\":1465,\"caption\":\"Pase de Movilidad Tur\u00edstica\"},{\"@type\":\"BreadcrumbList\",\"@id\":\"https:\/\/nitu.mx\/index.php\/2025\/04\/14\/quintana-roo-lanza-pase-de-movilidad-turistica-para-visitantes-que-usan-vehiculos-rentados\/#breadcrumb\",\"itemListElement\":[{\"@type\":\"ListItem\",\"position\":1,\"name\":\"Inicio\",\"item\":\"https:\/\/nitu.mx\/\"},{\"@type\":\"ListItem\",\"position\":2,\"name\":\"Quintana Roo lanza \u201cPase de Movilidad Tur\u00edstica\u201d para visitantes que usan veh\u00edculos rentados\"}]},{\"@type\":\"WebSite\",\"@id\":\"https:\/\/nitu.mx\/#website\",\"url\":\"https:\/\/nitu.mx\/\",\"name\":\"Nitu - Noticias de la Industria Turistica\",\"description\":\"Noticias de la Industria Turistica\",\"publisher\":{\"@id\":\"https:\/\/nitu.mx\/#\/schema\/person\/ae7a53426417292d3dd07b45a33e01bc\"},\"alternateName\":\"Noticias de la Industria Turistica\",\"potentialAction\":[{\"@type\":\"SearchAction\",\"target\":{\"@type\":\"EntryPoint\",\"urlTemplate\":\"https:\/\/nitu.mx\/?s={search_term_string}\"},\"query-input\":\"required name=search_term_string\"}],\"inLanguage\":\"es-MX\"},{\"@type\":[\"Person\",\"Organization\"],\"@id\":\"https:\/\/nitu.mx\/#\/schema\/person\/ae7a53426417292d3dd07b45a33e01bc\",\"name\":\"Arturo Medina\",\"image\":{\"@type\":\"ImageObject\",\"inLanguage\":\"es-MX\",\"@id\":\"https:\/\/nitu.mx\/#\/schema\/person\/image\/\",\"url\":\"https:\/\/nitu.mx\/wp-content\/uploads\/2024\/04\/4A315622-1904-4D5C-B022-878CDC840E04-90x90-1.jpeg\",\"contentUrl\":\"https:\/\/nitu.mx\/wp-content\/uploads\/2024\/04\/4A315622-1904-4D5C-B022-878CDC840E04-90x90-1.jpeg\",\"width\":90,\"height\":90,\"caption\":\"Arturo Medina\"},\"logo\":{\"@id\":\"https:\/\/nitu.mx\/#\/schema\/person\/image\/\"},\"description\":\"Director NITU.mx, Egresado de la Escuela de Periodismo Carlos Septi\u00e9n Garc\u00eda. Periodista y analista especializado en turismo desde hace 35 a\u00f1os, radicado en Canc\u00fan Q.Roo. arturo@nitu.mx\",\"sameAs\":[\"https:\/\/nitu.mx\",\"https:\/\/www.facebook.com\/NITUmx\/\",\"medinacancun\",\"https:\/\/twitter.com\/@Arturo_Medina_G\"]},{\"@type\":\"Person\",\"@id\":\"https:\/\/nitu.mx\/#\/schema\/person\/2ecd887b19dfd3382d1f14fc5acf24a8\",\"name\":\"Alejandra Moncisbays\",\"image\":{\"@type\":\"ImageObject\",\"inLanguage\":\"es-MX\",\"@id\":\"https:\/\/nitu.mx\/#\/schema\/person\/image\/\",\"url\":\"https:\/\/secure.gravatar.com\/avatar\/e74f7af0be172b7804dacfd0bfbef787?s=96&d=mm&r=g\",\"contentUrl\":\"https:\/\/secure.gravatar.com\/avatar\/e74f7af0be172b7804dacfd0bfbef787?s=96&d=mm&r=g\",\"caption\":\"Alejandra Moncisbays\"},\"description\":\"Curs\u00e9 la carrera de Periodismo y Comunicaci\u00f3n en la Facultad de Estudios Profesionales Acatl\u00e1n. Vivo en Canc\u00fan desde hace 24 a\u00f1os. Fui reportera de La Tarde de Canc\u00fan, y Novedades de Quintana Roo, colabor\u00e9 en TVCUN, edit\u00e9 Cancun\u00edssimo y colabor\u00e9 en las revistas Latitud21, entre otras, con principal enfoque en los sectores empresarial y tur\u00edstico. Desde hace varios a\u00f1os soy Agente de Seguros con c\u00e9dula de la Comisi\u00f3n Nacional de Seguros y Fianzas. Actualmente, me desarrollo en los \u00e1mbitos del periodismo y el sector asegurador.\",\"sameAs\":[\"https:\/\/nitu.mx\"],\"url\":\"https:\/\/nitu.mx\/index.php\/author\/alejandra\/\"}]}<\/script>\n<!-- \/ Yoast SEO plugin. -->","yoast_head_json":{"title":"Quintana Roo lanza \u201cPase de Movilidad Tur\u00edstica\u201d para visitantes que usan veh\u00edculos rentados - Nitu - Noticias de la Industria Turistica","robots":{"index":"index","follow":"follow","max-snippet":"max-snippet:-1","max-image-preview":"max-image-preview:large","max-video-preview":"max-video-preview:-1"},"canonical":"https:\/\/nitu.mx\/index.php\/2025\/04\/14\/quintana-roo-lanza-pase-de-movilidad-turistica-para-visitantes-que-usan-vehiculos-rentados\/","twitter_card":"summary_large_image","twitter_title":"Quintana Roo lanza \u201cPase de Movilidad Tur\u00edstica\u201d para visitantes que usan veh\u00edculos rentados - Nitu - Noticias de la Industria Turistica","twitter_description":"El Gobierno de Quintana Roo puso en marcha el \u201cPase de Movilidad Tur\u00edstica\u201d, una herramienta digital gratuita que busca facilitar el tr\u00e1nsito de visitantes que rentan veh\u00edculos durante su estancia en el estado. Este instrumento, aprobado en la Mesa de Seguridad Tur\u00edstica y presentado oficialmente por la gobernadora Mara Lezama, ya est\u00e1 disponible en la [&hellip;]","twitter_image":"https:\/\/nitu.mx\/wp-content\/uploads\/2025\/04\/MARAMOVILOIDAD-scaled.jpeg","twitter_creator":"@NITUmx","twitter_site":"@Arturo_Medina_G","twitter_misc":{"Escrito por":"Alejandra Moncisbays","Tiempo de lectura":"1 minuto"},"schema":{"@context":"https:\/\/schema.org","@graph":[{"@type":"Article","@id":"https:\/\/nitu.mx\/index.php\/2025\/04\/14\/quintana-roo-lanza-pase-de-movilidad-turistica-para-visitantes-que-usan-vehiculos-rentados\/#article","isPartOf":{"@id":"https:\/\/nitu.mx\/index.php\/2025\/04\/14\/quintana-roo-lanza-pase-de-movilidad-turistica-para-visitantes-que-usan-vehiculos-rentados\/"},"author":{"name":"Alejandra Moncisbays","@id":"https:\/\/nitu.mx\/#\/schema\/person\/2ecd887b19dfd3382d1f14fc5acf24a8"},"headline":"Quintana Roo lanza \u201cPase de Movilidad Tur\u00edstica\u201d para visitantes que usan veh\u00edculos rentados","datePublished":"2025-04-14T06:00:44+00:00","dateModified":"2025-04-14T06:00:45+00:00","mainEntityOfPage":{"@id":"https:\/\/nitu.mx\/index.php\/2025\/04\/14\/quintana-roo-lanza-pase-de-movilidad-turistica-para-visitantes-que-usan-vehiculos-rentados\/"},"wordCount":294,"commentCount":0,"publisher":{"@id":"https:\/\/nitu.mx\/#\/schema\/person\/ae7a53426417292d3dd07b45a33e01bc"},"image":{"@id":"https:\/\/nitu.mx\/index.php\/2025\/04\/14\/quintana-roo-lanza-pase-de-movilidad-turistica-para-visitantes-que-usan-vehiculos-rentados\/#primaryimage"},"thumbnailUrl":"https:\/\/nitu.mx\/wp-content\/uploads\/2025\/04\/MARAMOVILOIDAD-scaled.jpeg","keywords":["Mara Lezama","Pase de Movilidad Tur\u00edstica","Quintana Roo","veh\u00edculos"],"articleSection":["Caribe Mexicano","Destacados"],"inLanguage":"es-MX","potentialAction":[{"@type":"CommentAction","name":"Comment","target":["https:\/\/nitu.mx\/index.php\/2025\/04\/14\/quintana-roo-lanza-pase-de-movilidad-turistica-para-visitantes-que-usan-vehiculos-rentados\/#respond"]}]},{"@type":"WebPage","@id":"https:\/\/nitu.mx\/index.php\/2025\/04\/14\/quintana-roo-lanza-pase-de-movilidad-turistica-para-visitantes-que-usan-vehiculos-rentados\/","url":"https:\/\/nitu.mx\/index.php\/2025\/04\/14\/quintana-roo-lanza-pase-de-movilidad-turistica-para-visitantes-que-usan-vehiculos-rentados\/","name":"Quintana Roo lanza \u201cPase de Movilidad Tur\u00edstica\u201d para visitantes que usan veh\u00edculos rentados - Nitu - Noticias de la Industria Turistica","isPartOf":{"@id":"https:\/\/nitu.mx\/#website"},"primaryImageOfPage":{"@id":"https:\/\/nitu.mx\/index.php\/2025\/04\/14\/quintana-roo-lanza-pase-de-movilidad-turistica-para-visitantes-que-usan-vehiculos-rentados\/#primaryimage"},"image":{"@id":"https:\/\/nitu.mx\/index.php\/2025\/04\/14\/quintana-roo-lanza-pase-de-movilidad-turistica-para-visitantes-que-usan-vehiculos-rentados\/#primaryimage"},"thumbnailUrl":"https:\/\/nitu.mx\/wp-content\/uploads\/2025\/04\/MARAMOVILOIDAD-scaled.jpeg","datePublished":"2025-04-14T06:00:44+00:00","dateModified":"2025-04-14T06:00:45+00:00","breadcrumb":{"@id":"https:\/\/nitu.mx\/index.php\/2025\/04\/14\/quintana-roo-lanza-pase-de-movilidad-turistica-para-visitantes-que-usan-vehiculos-rentados\/#breadcrumb"},"inLanguage":"es-MX","potentialAction":[{"@type":"ReadAction","target":["https:\/\/nitu.mx\/index.php\/2025\/04\/14\/quintana-roo-lanza-pase-de-movilidad-turistica-para-visitantes-que-usan-vehiculos-rentados\/"]}]},{"@type":"ImageObject","inLanguage":"es-MX","@id":"https:\/\/nitu.mx\/index.php\/2025\/04\/14\/quintana-roo-lanza-pase-de-movilidad-turistica-para-visitantes-que-usan-vehiculos-rentados\/#primaryimage","url":"https:\/\/nitu.mx\/wp-content\/uploads\/2025\/04\/MARAMOVILOIDAD-scaled.jpeg","contentUrl":"https:\/\/nitu.mx\/wp-content\/uploads\/2025\/04\/MARAMOVILOIDAD-scaled.jpeg","width":2560,"height":1465,"caption":"Pase de Movilidad Tur\u00edstica"},{"@type":"BreadcrumbList","@id":"https:\/\/nitu.mx\/index.php\/2025\/04\/14\/quintana-roo-lanza-pase-de-movilidad-turistica-para-visitantes-que-usan-vehiculos-rentados\/#breadcrumb","itemListElement":[{"@type":"ListItem","position":1,"name":"Inicio","item":"https:\/\/nitu.mx\/"},{"@type":"ListItem","position":2,"name":"Quintana Roo lanza \u201cPase de Movilidad Tur\u00edstica\u201d para visitantes que usan veh\u00edculos rentados"}]},{"@type":"WebSite","@id":"https:\/\/nitu.mx\/#website","url":"https:\/\/nitu.mx\/","name":"Nitu - Noticias de la Industria Turistica","description":"Noticias de la Industria Turistica","publisher":{"@id":"https:\/\/nitu.mx\/#\/schema\/person\/ae7a53426417292d3dd07b45a33e01bc"},"alternateName":"Noticias de la Industria Turistica","potentialAction":[{"@type":"SearchAction","target":{"@type":"EntryPoint","urlTemplate":"https:\/\/nitu.mx\/?s={search_term_string}"},"query-input":"required name=search_term_string"}],"inLanguage":"es-MX"},{"@type":["Person","Organization"],"@id":"https:\/\/nitu.mx\/#\/schema\/person\/ae7a53426417292d3dd07b45a33e01bc","name":"Arturo Medina","image":{"@type":"ImageObject","inLanguage":"es-MX","@id":"https:\/\/nitu.mx\/#\/schema\/person\/image\/","url":"https:\/\/nitu.mx\/wp-content\/uploads\/2024\/04\/4A315622-1904-4D5C-B022-878CDC840E04-90x90-1.jpeg","contentUrl":"https:\/\/nitu.mx\/wp-content\/uploads\/2024\/04\/4A315622-1904-4D5C-B022-878CDC840E04-90x90-1.jpeg","width":90,"height":90,"caption":"Arturo Medina"},"logo":{"@id":"https:\/\/nitu.mx\/#\/schema\/person\/image\/"},"description":"Director NITU.mx, Egresado de la Escuela de Periodismo Carlos Septi\u00e9n Garc\u00eda. Periodista y analista especializado en turismo desde hace 35 a\u00f1os, radicado en Canc\u00fan Q.Roo. arturo@nitu.mx","sameAs":["https:\/\/nitu.mx","https:\/\/www.facebook.com\/NITUmx\/","medinacancun","https:\/\/twitter.com\/@Arturo_Medina_G"]},{"@type":"Person","@id":"https:\/\/nitu.mx\/#\/schema\/person\/2ecd887b19dfd3382d1f14fc5acf24a8","name":"Alejandra Moncisbays","image":{"@type":"ImageObject","inLanguage":"es-MX","@id":"https:\/\/nitu.mx\/#\/schema\/person\/image\/","url":"https:\/\/secure.gravatar.com\/avatar\/e74f7af0be172b7804dacfd0bfbef787?s=96&d=mm&r=g","contentUrl":"https:\/\/secure.gravatar.com\/avatar\/e74f7af0be172b7804dacfd0bfbef787?s=96&d=mm&r=g","caption":"Alejandra Moncisbays"},"description":"Curs\u00e9 la carrera de Periodismo y Comunicaci\u00f3n en la Facultad de Estudios Profesionales Acatl\u00e1n. Vivo en Canc\u00fan desde hace 24 a\u00f1os. Fui reportera de La Tarde de Canc\u00fan, y Novedades de Quintana Roo, colabor\u00e9 en TVCUN, edit\u00e9 Cancun\u00edssimo y colabor\u00e9 en las revistas Latitud21, entre otras, con principal enfoque en los sectores empresarial y tur\u00edstico. Desde hace varios a\u00f1os soy Agente de Seguros con c\u00e9dula de la Comisi\u00f3n Nacional de Seguros y Fianzas. Actualmente, me desarrollo en los \u00e1mbitos del periodismo y el sector asegurador.","sameAs":["https:\/\/nitu.mx"],"url":"https:\/\/nitu.mx\/index.php\/author\/alejandra\/"}]}},"views":543,"_links":{"self":[{"href":"https:\/\/nitu.mx\/index.php\/wp-json\/wp\/v2\/posts\/80603"}],"collection":[{"href":"https:\/\/nitu.mx\/index.php\/wp-json\/wp\/v2\/posts"}],"about":[{"href":"https:\/\/nitu.mx\/index.php\/wp-json\/wp\/v2\/types\/post"}],"author":[{"embeddable":true,"href":"https:\/\/nitu.mx\/index.php\/wp-json\/wp\/v2\/users\/3"}],"replies":[{"embeddable":true,"href":"https:\/\/nitu.mx\/index.php\/wp-json\/wp\/v2\/comments?post=80603"}],"version-history":[{"count":2,"href":"https:\/\/nitu.mx\/index.php\/wp-json\/wp\/v2\/posts\/80603\/revisions"}],"predecessor-version":[{"id":80607,"href":"https:\/\/nitu.mx\/index.php\/wp-json\/wp\/v2\/posts\/80603\/revisions\/80607"}],"wp:featuredmedia":[{"embeddable":true,"href":"https:\/\/nitu.mx\/index.php\/wp-json\/wp\/v2\/media\/80605"}],"wp:attachment":[{"href":"https:\/\/nitu.mx\/index.php\/wp-json\/wp\/v2\/media?parent=80603"}],"wp:term":[{"taxonomy":"category","embeddable":true,"href":"https:\/\/nitu.mx\/index.php\/wp-json\/wp\/v2\/categories?post=80603"},{"taxonomy":"post_tag","embeddable":true,"href":"https:\/\/nitu.mx\/index.php\/wp-json\/wp\/v2\/tags?post=80603"}],"curies":[{"name":"wp","href":"https:\/\/api.w.org\/{rel}","templated":true}]}}