{"id":80598,"date":"2025-04-10T22:30:00","date_gmt":"2025-04-11T04:30:00","guid":{"rendered":"https:\/\/nitu.mx\/?p=80598"},"modified":"2025-04-10T22:19:01","modified_gmt":"2025-04-11T04:19:01","slug":"air-canada-reconectara-nuevo-leon-con-ruta-a-este-pais-via-toronto","status":"publish","type":"post","link":"https:\/\/nitu.mx\/index.php\/2025\/04\/10\/air-canada-reconectara-nuevo-leon-con-ruta-a-este-pais-via-toronto\/","title":{"rendered":"Air Canada reconectar\u00e1 Nuevo Le\u00f3n con ruta a este pa\u00eds v\u00eda Toronto"},"content":{"rendered":"\n<p>Nuevo Le\u00f3n ampl\u00eda sus rutas internacionales con la operaci\u00f3n permanente del vuelo Monterrey\u2013Toronto, lo que a su vez representa la reanudaci\u00f3n de la conectividad de la entidad con Canad\u00e1, a trav\u00e9s de Air Canada. <\/p>\n\n\n\n<p>A partir del 15 de junio de 2025, la ruta ser\u00e1 operada de forma regular, con tres frecuencias semanales y posibilidad de incremento en temporada alta. La conectividad ser\u00e1 cubierta con un Airbus 220-300, con capacidad para 137 pasajeros, incluyendo clase ejecutiva.<\/p>\n\n\n\n<p>El anuncio fue encabezado por la secretaria de Turismo del Estado, Maricarmen Mart\u00ednez Villarreal, junto a Luis Noriega, director general LATAM y el Caribe de Air Canada; Annabelle Larouche, c\u00f3nsul general de Canad\u00e1 en Monterrey; y representantes de la C\u00e1mara de Comercio Canadiense y empresas con presencia en la entidad.<\/p>\n\n\n\n<p>\u201cCelebramos el relanzamiento de esta ruta estrat\u00e9gica que fortalece la conexi\u00f3n directa entre Nuevo Le\u00f3n y Toronto, una de las ciudades con mayor relevancia global en materia de negocios, conectividad y relaciones bilaterales\u201d, expres\u00f3 la secretaria de Turismo estatal, Maricarmen Mart\u00ednez Villarreal.<\/p>\n\n\n\n<p>&#8220;Esta decisi\u00f3n es una muestra clara de nuestra confianza en el potencial de Monterrey y en la solidez de la relaci\u00f3n entre M\u00e9xico y Canad\u00e1. Toronto, como todos sabemos, es uno de los centros financieros y multiculturales m\u00e1s importantes de Am\u00e9rica del Norte. Monterrey, por su parte, es una ciudad estrat\u00e9gica, industrial y empresarial, con proyecci\u00f3n internacional&#8221;, se\u00f1al\u00f3 Gunther Leudesdorf, director Regional para M\u00e9xico y Argentina de Air Canada.<\/p>\n\n\n\n<p>La nueva ruta permitir\u00e1 que los pasajeros viajen desde Monterrey hacia Toronto y, a partir de ah\u00ed, podr\u00e1n acceder a m\u00e1s de 90 destinos internacionales, incluyendo puntos clave en Europa, Asia, Medio Oriente y Estados Unidos&nbsp;.<\/p>\n\n\n\n<p>Actualmente, el Aeropuerto Internacional de Monterrey opera como el principal centro de interconexi\u00f3n a\u00e9rea del norte de M\u00e9xico y el sur de Texas, habiendo movilizado m\u00e1s de 13.5 millones de pasajeros en 2024. (<a href=\"https:\/\/nitu.mx\/index.php\/2025\/03\/26\/nuevo-leon-estima-136-mil-turistas-y-derrama-de-1282-mdp-en-semana-santa\/\">Nuevo Le\u00f3n estima 136 mil turistas y derrama de 1,282 mdp en Semana Santa<\/a>).<\/p>\n","protected":false},"excerpt":{"rendered":"<p>Nuevo Le\u00f3n ampl\u00eda sus rutas internacionales con la operaci\u00f3n permanente del vuelo Monterrey\u2013Toronto, lo que a su vez representa la reanudaci\u00f3n de la conectividad de la entidad con Canad\u00e1, a trav\u00e9s de Air Canada. A partir del 15 de junio de 2025, la ruta ser\u00e1 operada de forma regular, con tres frecuencias semanales y posibilidad [&hellip;]<\/p>\n","protected":false},"author":17,"featured_media":80601,"comment_status":"open","ping_status":"open","sticky":false,"template":"","format":"standard","meta":{"footnotes":""},"categories":[29,5],"tags":[1700,1701,23777,491,850,1052],"yoast_head":"<!-- This site is optimized with the Yoast SEO plugin v22.2 - https:\/\/yoast.com\/wordpress\/plugins\/seo\/ -->\n<title>Air Canada reconectar\u00e1 Nuevo Le\u00f3n con ruta a este pa\u00eds v\u00eda Toronto - Nitu - Noticias de la Industria Turistica<\/title>\n<meta name=\"robots\" content=\"index, follow, max-snippet:-1, max-image-preview:large, max-video-preview:-1\" \/>\n<link rel=\"canonical\" href=\"https:\/\/nitu.mx\/index.php\/2025\/04\/10\/air-canada-reconectara-nuevo-leon-con-ruta-a-este-pais-via-toronto\/\" \/>\n<meta name=\"twitter:card\" content=\"summary_large_image\" \/>\n<meta name=\"twitter:title\" content=\"Air Canada reconectar\u00e1 Nuevo Le\u00f3n con ruta a este pa\u00eds v\u00eda Toronto - Nitu - Noticias de la Industria Turistica\" \/>\n<meta name=\"twitter:description\" content=\"Nuevo Le\u00f3n ampl\u00eda sus rutas internacionales con la operaci\u00f3n permanente del vuelo Monterrey\u2013Toronto, lo que a su vez representa la reanudaci\u00f3n de la conectividad de la entidad con Canad\u00e1, a trav\u00e9s de Air Canada. A partir del 15 de junio de 2025, la ruta ser\u00e1 operada de forma regular, con tres frecuencias semanales y posibilidad [&hellip;]\" \/>\n<meta name=\"twitter:image\" content=\"https:\/\/nitu.mx\/wp-content\/uploads\/2025\/04\/Air-Canada_Nuevo-Leon.jpg\" \/>\n<meta name=\"twitter:creator\" content=\"@NITUmx\" \/>\n<meta name=\"twitter:site\" content=\"@Arturo_Medina_G\" \/>\n<meta name=\"twitter:label1\" content=\"Escrito por\" \/>\n\t<meta name=\"twitter:data1\" content=\"Redacci\u00f3n\" \/>\n\t<meta name=\"twitter:label2\" content=\"Tiempo de lectura\" \/>\n\t<meta name=\"twitter:data2\" content=\"2 minutos\" \/>\n<script type=\"application\/ld+json\" class=\"yoast-schema-graph\">{\"@context\":\"https:\/\/schema.org\",\"@graph\":[{\"@type\":\"Article\",\"@id\":\"https:\/\/nitu.mx\/index.php\/2025\/04\/10\/air-canada-reconectara-nuevo-leon-con-ruta-a-este-pais-via-toronto\/#article\",\"isPartOf\":{\"@id\":\"https:\/\/nitu.mx\/index.php\/2025\/04\/10\/air-canada-reconectara-nuevo-leon-con-ruta-a-este-pais-via-toronto\/\"},\"author\":{\"name\":\"Redacci\u00f3n\",\"@id\":\"https:\/\/nitu.mx\/#\/schema\/person\/4a28fe9bd65924f7c90623773daf1b0b\"},\"headline\":\"Air Canada reconectar\u00e1 Nuevo Le\u00f3n con ruta a este pa\u00eds v\u00eda Toronto\",\"datePublished\":\"2025-04-11T04:30:00+00:00\",\"dateModified\":\"2025-04-11T04:19:01+00:00\",\"mainEntityOfPage\":{\"@id\":\"https:\/\/nitu.mx\/index.php\/2025\/04\/10\/air-canada-reconectara-nuevo-leon-con-ruta-a-este-pais-via-toronto\/\"},\"wordCount\":357,\"commentCount\":0,\"publisher\":{\"@id\":\"https:\/\/nitu.mx\/#\/schema\/person\/ae7a53426417292d3dd07b45a33e01bc\"},\"image\":{\"@id\":\"https:\/\/nitu.mx\/index.php\/2025\/04\/10\/air-canada-reconectara-nuevo-leon-con-ruta-a-este-pais-via-toronto\/#primaryimage\"},\"thumbnailUrl\":\"https:\/\/nitu.mx\/wp-content\/uploads\/2025\/04\/Air-Canada_Nuevo-Leon.jpg\",\"keywords\":[\"Air Canada\",\"Luis Noriega\",\"Maricarmen Mart\u00ednez\",\"Monterrey\",\"Nuevo Le\u00f3n\",\"Toronto\"],\"articleSection\":[\"Aerol\u00edneas\",\"Destinos\"],\"inLanguage\":\"es-MX\",\"potentialAction\":[{\"@type\":\"CommentAction\",\"name\":\"Comment\",\"target\":[\"https:\/\/nitu.mx\/index.php\/2025\/04\/10\/air-canada-reconectara-nuevo-leon-con-ruta-a-este-pais-via-toronto\/#respond\"]}]},{\"@type\":\"WebPage\",\"@id\":\"https:\/\/nitu.mx\/index.php\/2025\/04\/10\/air-canada-reconectara-nuevo-leon-con-ruta-a-este-pais-via-toronto\/\",\"url\":\"https:\/\/nitu.mx\/index.php\/2025\/04\/10\/air-canada-reconectara-nuevo-leon-con-ruta-a-este-pais-via-toronto\/\",\"name\":\"Air Canada reconectar\u00e1 Nuevo Le\u00f3n con ruta a este pa\u00eds v\u00eda Toronto - Nitu - Noticias de la Industria Turistica\",\"isPartOf\":{\"@id\":\"https:\/\/nitu.mx\/#website\"},\"primaryImageOfPage\":{\"@id\":\"https:\/\/nitu.mx\/index.php\/2025\/04\/10\/air-canada-reconectara-nuevo-leon-con-ruta-a-este-pais-via-toronto\/#primaryimage\"},\"image\":{\"@id\":\"https:\/\/nitu.mx\/index.php\/2025\/04\/10\/air-canada-reconectara-nuevo-leon-con-ruta-a-este-pais-via-toronto\/#primaryimage\"},\"thumbnailUrl\":\"https:\/\/nitu.mx\/wp-content\/uploads\/2025\/04\/Air-Canada_Nuevo-Leon.jpg\",\"datePublished\":\"2025-04-11T04:30:00+00:00\",\"dateModified\":\"2025-04-11T04:19:01+00:00\",\"breadcrumb\":{\"@id\":\"https:\/\/nitu.mx\/index.php\/2025\/04\/10\/air-canada-reconectara-nuevo-leon-con-ruta-a-este-pais-via-toronto\/#breadcrumb\"},\"inLanguage\":\"es-MX\",\"potentialAction\":[{\"@type\":\"ReadAction\",\"target\":[\"https:\/\/nitu.mx\/index.php\/2025\/04\/10\/air-canada-reconectara-nuevo-leon-con-ruta-a-este-pais-via-toronto\/\"]}]},{\"@type\":\"ImageObject\",\"inLanguage\":\"es-MX\",\"@id\":\"https:\/\/nitu.mx\/index.php\/2025\/04\/10\/air-canada-reconectara-nuevo-leon-con-ruta-a-este-pais-via-toronto\/#primaryimage\",\"url\":\"https:\/\/nitu.mx\/wp-content\/uploads\/2025\/04\/Air-Canada_Nuevo-Leon.jpg\",\"contentUrl\":\"https:\/\/nitu.mx\/wp-content\/uploads\/2025\/04\/Air-Canada_Nuevo-Leon.jpg\",\"width\":1200,\"height\":675,\"caption\":\"Air Canada_Nuevo Le\u00f3n\"},{\"@type\":\"BreadcrumbList\",\"@id\":\"https:\/\/nitu.mx\/index.php\/2025\/04\/10\/air-canada-reconectara-nuevo-leon-con-ruta-a-este-pais-via-toronto\/#breadcrumb\",\"itemListElement\":[{\"@type\":\"ListItem\",\"position\":1,\"name\":\"Inicio\",\"item\":\"https:\/\/nitu.mx\/\"},{\"@type\":\"ListItem\",\"position\":2,\"name\":\"Air Canada reconectar\u00e1 Nuevo Le\u00f3n con ruta a este pa\u00eds v\u00eda Toronto\"}]},{\"@type\":\"WebSite\",\"@id\":\"https:\/\/nitu.mx\/#website\",\"url\":\"https:\/\/nitu.mx\/\",\"name\":\"Nitu - Noticias de la Industria Turistica\",\"description\":\"Noticias de la Industria Turistica\",\"publisher\":{\"@id\":\"https:\/\/nitu.mx\/#\/schema\/person\/ae7a53426417292d3dd07b45a33e01bc\"},\"alternateName\":\"Noticias de la Industria Turistica\",\"potentialAction\":[{\"@type\":\"SearchAction\",\"target\":{\"@type\":\"EntryPoint\",\"urlTemplate\":\"https:\/\/nitu.mx\/?s={search_term_string}\"},\"query-input\":\"required name=search_term_string\"}],\"inLanguage\":\"es-MX\"},{\"@type\":[\"Person\",\"Organization\"],\"@id\":\"https:\/\/nitu.mx\/#\/schema\/person\/ae7a53426417292d3dd07b45a33e01bc\",\"name\":\"Arturo Medina\",\"image\":{\"@type\":\"ImageObject\",\"inLanguage\":\"es-MX\",\"@id\":\"https:\/\/nitu.mx\/#\/schema\/person\/image\/\",\"url\":\"https:\/\/nitu.mx\/wp-content\/uploads\/2024\/04\/4A315622-1904-4D5C-B022-878CDC840E04-90x90-1.jpeg\",\"contentUrl\":\"https:\/\/nitu.mx\/wp-content\/uploads\/2024\/04\/4A315622-1904-4D5C-B022-878CDC840E04-90x90-1.jpeg\",\"width\":90,\"height\":90,\"caption\":\"Arturo Medina\"},\"logo\":{\"@id\":\"https:\/\/nitu.mx\/#\/schema\/person\/image\/\"},\"description\":\"Director NITU.mx, Egresado de la Escuela de Periodismo Carlos Septi\u00e9n Garc\u00eda. Periodista y analista especializado en turismo desde hace 35 a\u00f1os, radicado en Canc\u00fan Q.Roo. arturo@nitu.mx\",\"sameAs\":[\"https:\/\/nitu.mx\",\"https:\/\/www.facebook.com\/NITUmx\/\",\"medinacancun\",\"https:\/\/twitter.com\/@Arturo_Medina_G\"]},{\"@type\":\"Person\",\"@id\":\"https:\/\/nitu.mx\/#\/schema\/person\/4a28fe9bd65924f7c90623773daf1b0b\",\"name\":\"Redacci\u00f3n\",\"image\":{\"@type\":\"ImageObject\",\"inLanguage\":\"es-MX\",\"@id\":\"https:\/\/nitu.mx\/#\/schema\/person\/image\/\",\"url\":\"https:\/\/secure.gravatar.com\/avatar\/5dd011c8ccfc5cd7e4c81e42252aab38?s=96&d=mm&r=g\",\"contentUrl\":\"https:\/\/secure.gravatar.com\/avatar\/5dd011c8ccfc5cd7e4c81e42252aab38?s=96&d=mm&r=g\",\"caption\":\"Redacci\u00f3n\"},\"url\":\"https:\/\/nitu.mx\/index.php\/author\/redaccion\/\"}]}<\/script>\n<!-- \/ Yoast SEO plugin. -->","yoast_head_json":{"title":"Air Canada reconectar\u00e1 Nuevo Le\u00f3n con ruta a este pa\u00eds v\u00eda Toronto - Nitu - Noticias de la Industria Turistica","robots":{"index":"index","follow":"follow","max-snippet":"max-snippet:-1","max-image-preview":"max-image-preview:large","max-video-preview":"max-video-preview:-1"},"canonical":"https:\/\/nitu.mx\/index.php\/2025\/04\/10\/air-canada-reconectara-nuevo-leon-con-ruta-a-este-pais-via-toronto\/","twitter_card":"summary_large_image","twitter_title":"Air Canada reconectar\u00e1 Nuevo Le\u00f3n con ruta a este pa\u00eds v\u00eda Toronto - Nitu - Noticias de la Industria Turistica","twitter_description":"Nuevo Le\u00f3n ampl\u00eda sus rutas internacionales con la operaci\u00f3n permanente del vuelo Monterrey\u2013Toronto, lo que a su vez representa la reanudaci\u00f3n de la conectividad de la entidad con Canad\u00e1, a trav\u00e9s de Air Canada. A partir del 15 de junio de 2025, la ruta ser\u00e1 operada de forma regular, con tres frecuencias semanales y posibilidad [&hellip;]","twitter_image":"https:\/\/nitu.mx\/wp-content\/uploads\/2025\/04\/Air-Canada_Nuevo-Leon.jpg","twitter_creator":"@NITUmx","twitter_site":"@Arturo_Medina_G","twitter_misc":{"Escrito por":"Redacci\u00f3n","Tiempo de lectura":"2 minutos"},"schema":{"@context":"https:\/\/schema.org","@graph":[{"@type":"Article","@id":"https:\/\/nitu.mx\/index.php\/2025\/04\/10\/air-canada-reconectara-nuevo-leon-con-ruta-a-este-pais-via-toronto\/#article","isPartOf":{"@id":"https:\/\/nitu.mx\/index.php\/2025\/04\/10\/air-canada-reconectara-nuevo-leon-con-ruta-a-este-pais-via-toronto\/"},"author":{"name":"Redacci\u00f3n","@id":"https:\/\/nitu.mx\/#\/schema\/person\/4a28fe9bd65924f7c90623773daf1b0b"},"headline":"Air Canada reconectar\u00e1 Nuevo Le\u00f3n con ruta a este pa\u00eds v\u00eda Toronto","datePublished":"2025-04-11T04:30:00+00:00","dateModified":"2025-04-11T04:19:01+00:00","mainEntityOfPage":{"@id":"https:\/\/nitu.mx\/index.php\/2025\/04\/10\/air-canada-reconectara-nuevo-leon-con-ruta-a-este-pais-via-toronto\/"},"wordCount":357,"commentCount":0,"publisher":{"@id":"https:\/\/nitu.mx\/#\/schema\/person\/ae7a53426417292d3dd07b45a33e01bc"},"image":{"@id":"https:\/\/nitu.mx\/index.php\/2025\/04\/10\/air-canada-reconectara-nuevo-leon-con-ruta-a-este-pais-via-toronto\/#primaryimage"},"thumbnailUrl":"https:\/\/nitu.mx\/wp-content\/uploads\/2025\/04\/Air-Canada_Nuevo-Leon.jpg","keywords":["Air Canada","Luis Noriega","Maricarmen Mart\u00ednez","Monterrey","Nuevo Le\u00f3n","Toronto"],"articleSection":["Aerol\u00edneas","Destinos"],"inLanguage":"es-MX","potentialAction":[{"@type":"CommentAction","name":"Comment","target":["https:\/\/nitu.mx\/index.php\/2025\/04\/10\/air-canada-reconectara-nuevo-leon-con-ruta-a-este-pais-via-toronto\/#respond"]}]},{"@type":"WebPage","@id":"https:\/\/nitu.mx\/index.php\/2025\/04\/10\/air-canada-reconectara-nuevo-leon-con-ruta-a-este-pais-via-toronto\/","url":"https:\/\/nitu.mx\/index.php\/2025\/04\/10\/air-canada-reconectara-nuevo-leon-con-ruta-a-este-pais-via-toronto\/","name":"Air Canada reconectar\u00e1 Nuevo Le\u00f3n con ruta a este pa\u00eds v\u00eda Toronto - Nitu - Noticias de la Industria Turistica","isPartOf":{"@id":"https:\/\/nitu.mx\/#website"},"primaryImageOfPage":{"@id":"https:\/\/nitu.mx\/index.php\/2025\/04\/10\/air-canada-reconectara-nuevo-leon-con-ruta-a-este-pais-via-toronto\/#primaryimage"},"image":{"@id":"https:\/\/nitu.mx\/index.php\/2025\/04\/10\/air-canada-reconectara-nuevo-leon-con-ruta-a-este-pais-via-toronto\/#primaryimage"},"thumbnailUrl":"https:\/\/nitu.mx\/wp-content\/uploads\/2025\/04\/Air-Canada_Nuevo-Leon.jpg","datePublished":"2025-04-11T04:30:00+00:00","dateModified":"2025-04-11T04:19:01+00:00","breadcrumb":{"@id":"https:\/\/nitu.mx\/index.php\/2025\/04\/10\/air-canada-reconectara-nuevo-leon-con-ruta-a-este-pais-via-toronto\/#breadcrumb"},"inLanguage":"es-MX","potentialAction":[{"@type":"ReadAction","target":["https:\/\/nitu.mx\/index.php\/2025\/04\/10\/air-canada-reconectara-nuevo-leon-con-ruta-a-este-pais-via-toronto\/"]}]},{"@type":"ImageObject","inLanguage":"es-MX","@id":"https:\/\/nitu.mx\/index.php\/2025\/04\/10\/air-canada-reconectara-nuevo-leon-con-ruta-a-este-pais-via-toronto\/#primaryimage","url":"https:\/\/nitu.mx\/wp-content\/uploads\/2025\/04\/Air-Canada_Nuevo-Leon.jpg","contentUrl":"https:\/\/nitu.mx\/wp-content\/uploads\/2025\/04\/Air-Canada_Nuevo-Leon.jpg","width":1200,"height":675,"caption":"Air Canada_Nuevo Le\u00f3n"},{"@type":"BreadcrumbList","@id":"https:\/\/nitu.mx\/index.php\/2025\/04\/10\/air-canada-reconectara-nuevo-leon-con-ruta-a-este-pais-via-toronto\/#breadcrumb","itemListElement":[{"@type":"ListItem","position":1,"name":"Inicio","item":"https:\/\/nitu.mx\/"},{"@type":"ListItem","position":2,"name":"Air Canada reconectar\u00e1 Nuevo Le\u00f3n con ruta a este pa\u00eds v\u00eda Toronto"}]},{"@type":"WebSite","@id":"https:\/\/nitu.mx\/#website","url":"https:\/\/nitu.mx\/","name":"Nitu - Noticias de la Industria Turistica","description":"Noticias de la Industria Turistica","publisher":{"@id":"https:\/\/nitu.mx\/#\/schema\/person\/ae7a53426417292d3dd07b45a33e01bc"},"alternateName":"Noticias de la Industria Turistica","potentialAction":[{"@type":"SearchAction","target":{"@type":"EntryPoint","urlTemplate":"https:\/\/nitu.mx\/?s={search_term_string}"},"query-input":"required name=search_term_string"}],"inLanguage":"es-MX"},{"@type":["Person","Organization"],"@id":"https:\/\/nitu.mx\/#\/schema\/person\/ae7a53426417292d3dd07b45a33e01bc","name":"Arturo Medina","image":{"@type":"ImageObject","inLanguage":"es-MX","@id":"https:\/\/nitu.mx\/#\/schema\/person\/image\/","url":"https:\/\/nitu.mx\/wp-content\/uploads\/2024\/04\/4A315622-1904-4D5C-B022-878CDC840E04-90x90-1.jpeg","contentUrl":"https:\/\/nitu.mx\/wp-content\/uploads\/2024\/04\/4A315622-1904-4D5C-B022-878CDC840E04-90x90-1.jpeg","width":90,"height":90,"caption":"Arturo Medina"},"logo":{"@id":"https:\/\/nitu.mx\/#\/schema\/person\/image\/"},"description":"Director NITU.mx, Egresado de la Escuela de Periodismo Carlos Septi\u00e9n Garc\u00eda. Periodista y analista especializado en turismo desde hace 35 a\u00f1os, radicado en Canc\u00fan Q.Roo. arturo@nitu.mx","sameAs":["https:\/\/nitu.mx","https:\/\/www.facebook.com\/NITUmx\/","medinacancun","https:\/\/twitter.com\/@Arturo_Medina_G"]},{"@type":"Person","@id":"https:\/\/nitu.mx\/#\/schema\/person\/4a28fe9bd65924f7c90623773daf1b0b","name":"Redacci\u00f3n","image":{"@type":"ImageObject","inLanguage":"es-MX","@id":"https:\/\/nitu.mx\/#\/schema\/person\/image\/","url":"https:\/\/secure.gravatar.com\/avatar\/5dd011c8ccfc5cd7e4c81e42252aab38?s=96&d=mm&r=g","contentUrl":"https:\/\/secure.gravatar.com\/avatar\/5dd011c8ccfc5cd7e4c81e42252aab38?s=96&d=mm&r=g","caption":"Redacci\u00f3n"},"url":"https:\/\/nitu.mx\/index.php\/author\/redaccion\/"}]}},"views":614,"_links":{"self":[{"href":"https:\/\/nitu.mx\/index.php\/wp-json\/wp\/v2\/posts\/80598"}],"collection":[{"href":"https:\/\/nitu.mx\/index.php\/wp-json\/wp\/v2\/posts"}],"about":[{"href":"https:\/\/nitu.mx\/index.php\/wp-json\/wp\/v2\/types\/post"}],"author":[{"embeddable":true,"href":"https:\/\/nitu.mx\/index.php\/wp-json\/wp\/v2\/users\/17"}],"replies":[{"embeddable":true,"href":"https:\/\/nitu.mx\/index.php\/wp-json\/wp\/v2\/comments?post=80598"}],"version-history":[{"count":1,"href":"https:\/\/nitu.mx\/index.php\/wp-json\/wp\/v2\/posts\/80598\/revisions"}],"predecessor-version":[{"id":80600,"href":"https:\/\/nitu.mx\/index.php\/wp-json\/wp\/v2\/posts\/80598\/revisions\/80600"}],"wp:featuredmedia":[{"embeddable":true,"href":"https:\/\/nitu.mx\/index.php\/wp-json\/wp\/v2\/media\/80601"}],"wp:attachment":[{"href":"https:\/\/nitu.mx\/index.php\/wp-json\/wp\/v2\/media?parent=80598"}],"wp:term":[{"taxonomy":"category","embeddable":true,"href":"https:\/\/nitu.mx\/index.php\/wp-json\/wp\/v2\/categories?post=80598"},{"taxonomy":"post_tag","embeddable":true,"href":"https:\/\/nitu.mx\/index.php\/wp-json\/wp\/v2\/tags?post=80598"}],"curies":[{"name":"wp","href":"https:\/\/api.w.org\/{rel}","templated":true}]}}