{"id":80562,"date":"2025-04-09T22:59:27","date_gmt":"2025-04-10T04:59:27","guid":{"rendered":"https:\/\/nitu.mx\/?p=80562"},"modified":"2025-04-09T23:02:00","modified_gmt":"2025-04-10T05:02:00","slug":"presenta-cdmx-pabellon-que-llevara-a-tianguis-turistico-con-71-participantes","status":"publish","type":"post","link":"https:\/\/nitu.mx\/index.php\/2025\/04\/09\/presenta-cdmx-pabellon-que-llevara-a-tianguis-turistico-con-71-participantes\/","title":{"rendered":"Presenta CDMX pabell\u00f3n que llevar\u00e1 a Tianguis Tur\u00edstico con 71 participantes"},"content":{"rendered":"\n<p>La jefa de Gobierno de la Ciudad de M\u00e9xico, Clara Brugada Molina, asegur\u00f3 que la capital triunfar\u00e1 en la edici\u00f3n 49 del Tianguis Tur\u00edstico al mostrar la gran oferta de atracciones para visitantes nacionales e internacionales, y convoc\u00f3 a los sectores p\u00fablico y privado a prepararse con la finalidad de convertir a la capital en uno de los mejores destinos tur\u00edsticos durante y despu\u00e9s del Mundial de Futbol de 2026, que organizan en conjunto Canad\u00e1, Estados Unidos y nuestro pa\u00eds.<\/p>\n\n\n\n<p>Durante la presentaci\u00f3n del Pabell\u00f3n de la Ciudad de M\u00e9xico que ser\u00e1 instalado en el Tianguis Tur\u00edstico 2025, a celebrarse en Rosarito, Baja California, del 28 de abril al 1o. de mayo pr\u00f3ximos, detall\u00f3 que este espacio dedicado a la capital contar\u00e1 con 71 participantes, incluye atracciones de empresas y del \u00e1mbito p\u00fablico, una g\u00f3ndola del Cableb\u00fas, recorrido virtual, trajineras, artesan\u00edas y exposiciones que muestran la esencia de la ciudad, entre otros elementos.<\/p>\n\n\n\n<p>\u201cQueremos que en este Tianguis Tur\u00edstico la Ciudad de M\u00e9xico se consolide como un referente tur\u00edstico y cultural (\u2026), estoy segura de que la ciudad va a triunfar en el Tianguis Tur\u00edstico\u201d, mencion\u00f3.<\/p>\n\n\n\n<p>Ante representantes del sector, reunidos en el Parque Aztl\u00e1n, Clara Brugada dijo que el turismo es uno de los ejes principales de la econom\u00eda; hizo un llamado a unir fuerzas para que cada vez lleguen m\u00e1s visitantes y, en ese sentido, aprovechar la Copa del Mundo, que tendr\u00e1 entre sus sedes a la Ciudad de M\u00e9xico.<\/p>\n\n\n\n<p>\u201cVamos a calentar motores, porque el pr\u00f3ximo a\u00f1o tenemos que presentar a la ciudad, no s\u00f3lo para el recibimiento del Mundial, que en s\u00ed mismo es una tarea muy importante, sino justamente con el objetivo de que la Ciudad de M\u00e9xico, a partir del Mundial, obtenga como ganancia convertirse en uno de los mejores lugares tur\u00edsticos, despu\u00e9s del Mundial, es decir, que la gente regrese porque le fue muy bien en este periodo\u201d, a\u00f1adi\u00f3.<\/p>\n\n\n\n<p>La jefa de Gobierno resalt\u00f3 que la ciudad recibe 58 millones de personas cada a\u00f1o, de las cuales 70 por ciento son nacionales y 30 por ciento internacionales. Remarc\u00f3 que el turismo en la capital gener\u00f3 una derrama econ\u00f3mica de 141 mil millones de pesos en 2024, 6.4 por ciento m\u00e1s que en 2023, lo que signific\u00f3 m\u00e1s de 774 mil empleos.<\/p>\n\n\n\n<p>Adem\u00e1s, la mandataria capitalina convoc\u00f3 a empresarias, empresarios y otros actores tur\u00edsticos, academia y actores sociales a celebrar un encuentro despu\u00e9s del Tianguis Tur\u00edstico, con la finalidad de conocer y agrupar 100 propuestas innovadoras que tengan para fortalecer este sector. <\/p>\n\n\n\n<p>A su vez, llam\u00f3 a las alcald\u00edas a destinar recursos para presentar un producto tur\u00edstico cada a\u00f1o, y a las dependencias capitalinas a hacer lo propio en cada temporada vacacional.<\/p>\n\n\n\n<p>Por su parte, la secretaria de Turismo local, Alejandra Frausto Guerrero, inform\u00f3 que por primera vez el Tianguis Tur\u00edstico ser\u00e1 un evento binacional, pues adem\u00e1s de Rosarito, Baja California, tambi\u00e9n habr\u00e1 actividades en San Diego, California. (<a href=\"https:\/\/nitu.mx\/index.php\/2025\/03\/27\/tianguis-turistico-2025-retomara-el-dialogo-con-capitanes-de-la-industria-sectur\/\">Tianguis Tur\u00edstico 2025 retomar\u00e1 el Di\u00e1logo con Capitanes de la industria: Sectur<\/a>).<\/p>\n\n\n\n<p>\u201cVamos como Ciudad de M\u00e9xico organizados todos en un stand hermoso que tendr\u00e1 ofertas excepcionales para el mundo, porque es uno de los momentos en donde m\u00e1s compradores se dan cita\u201d, coment\u00f3.<\/p>\n\n\n\n<p>Al hacer uso de la palabra, la titular de la Direcci\u00f3n General del Instituto de Promoci\u00f3n Tur\u00edstica, Jennie Shrem Serur, se\u00f1al\u00f3 que el Tianguis Tur\u00edstico 2025 ser\u00e1 un escaparate para mostrar al mundo la fuerza de la ciudad, la calidez de su gente y su diversidad cultural \u201cser\u00e1 una vitrina para exponer a nuestras 16 alcald\u00edas, ser\u00e1 el espacio ideal para fortalecer alianzas, abrir mercados, impulsar nuevos productos y reafirmar que el turismo de la Ciudad de M\u00e9xico es una herramienta de desarrollo con justicia y coraz\u00f3n\u201d, expres\u00f3.<\/p>\n\n\n\n<p>Por su parte, el presidente de la C\u00e1mara de Comercio, Servicios y Turismo de la Ciudad de M\u00e9xico (Canaco), Vicente Guti\u00e9rrez Camposeco, resalt\u00f3 que la capital es la urbe m\u00e1s segura del pa\u00eds y confi\u00f3 en que tendr\u00e1 un papel destacado en el Tianguis Tur\u00edstico, que refiri\u00f3, es el evento m\u00e1s importante de compra y venta futura para las empresas como hoteles y servicios tur\u00edsticos.<\/p>\n\n\n\n<p>\u201cLa Ciudad de M\u00e9xico, no tengo la menor duda, va a ser la m\u00e1s exitosa en el Tianguis que est\u00e1 por empezar, si bien es cierto que son importantes los destinos de sol y playa, nosotros tenemos todo, y lo m\u00e1s importante, tenemos un sector tur\u00edstico muy bien capacitado, trabajadores amables, con esp\u00edritu de servicio, empresarios y empresarias que siempre est\u00e1n ofreciendo la mejor manera de consentir a nuestros visitantes\u201d, concluy\u00f3. (<a href=\"https:\/\/nitu.mx\/index.php\/2025\/03\/03\/cdmx-cierra-su-participacion-en-anato-con-mas-de-500-citas-de-negocios\/\">CDMX cierra su participaci\u00f3n en ANATO con m\u00e1s de 500 citas de negocios<\/a>).<\/p>\n","protected":false},"excerpt":{"rendered":"<p>La jefa de Gobierno de la Ciudad de M\u00e9xico, Clara Brugada Molina, asegur\u00f3 que la capital triunfar\u00e1 en la edici\u00f3n 49 del Tianguis Tur\u00edstico al mostrar la gran oferta de atracciones para visitantes nacionales e internacionales, y convoc\u00f3 a los sectores p\u00fablico y privado a prepararse con la finalidad de convertir a la capital en [&hellip;]<\/p>\n","protected":false},"author":17,"featured_media":80564,"comment_status":"open","ping_status":"open","sticky":false,"template":"","format":"standard","meta":{"footnotes":""},"categories":[5,23336],"tags":[16198,6788,587,26324,1064],"yoast_head":"<!-- This site is optimized with the Yoast SEO plugin v22.2 - https:\/\/yoast.com\/wordpress\/plugins\/seo\/ -->\n<title>Presenta CDMX pabell\u00f3n que llevar\u00e1 a Tianguis Tur\u00edstico con 71 participantes - Nitu - Noticias de la Industria Turistica<\/title>\n<meta name=\"robots\" content=\"index, follow, max-snippet:-1, max-image-preview:large, max-video-preview:-1\" \/>\n<link rel=\"canonical\" href=\"https:\/\/nitu.mx\/index.php\/2025\/04\/09\/presenta-cdmx-pabellon-que-llevara-a-tianguis-turistico-con-71-participantes\/\" \/>\n<meta name=\"twitter:card\" content=\"summary_large_image\" \/>\n<meta name=\"twitter:title\" content=\"Presenta CDMX pabell\u00f3n que llevar\u00e1 a Tianguis Tur\u00edstico con 71 participantes - Nitu - Noticias de la Industria Turistica\" \/>\n<meta name=\"twitter:description\" content=\"La jefa de Gobierno de la Ciudad de M\u00e9xico, Clara Brugada Molina, asegur\u00f3 que la capital triunfar\u00e1 en la edici\u00f3n 49 del Tianguis Tur\u00edstico al mostrar la gran oferta de atracciones para visitantes nacionales e internacionales, y convoc\u00f3 a los sectores p\u00fablico y privado a prepararse con la finalidad de convertir a la capital en [&hellip;]\" \/>\n<meta name=\"twitter:image\" content=\"https:\/\/nitu.mx\/wp-content\/uploads\/2025\/04\/CDMX-Pabellon-tianguis-Turistico-presentacion.jpg\" \/>\n<meta name=\"twitter:creator\" content=\"@NITUmx\" \/>\n<meta name=\"twitter:site\" content=\"@Arturo_Medina_G\" \/>\n<meta name=\"twitter:label1\" content=\"Escrito por\" \/>\n\t<meta name=\"twitter:data1\" content=\"Redacci\u00f3n\" \/>\n\t<meta name=\"twitter:label2\" content=\"Tiempo de lectura\" \/>\n\t<meta name=\"twitter:data2\" content=\"4 minutos\" \/>\n<script type=\"application\/ld+json\" class=\"yoast-schema-graph\">{\"@context\":\"https:\/\/schema.org\",\"@graph\":[{\"@type\":\"Article\",\"@id\":\"https:\/\/nitu.mx\/index.php\/2025\/04\/09\/presenta-cdmx-pabellon-que-llevara-a-tianguis-turistico-con-71-participantes\/#article\",\"isPartOf\":{\"@id\":\"https:\/\/nitu.mx\/index.php\/2025\/04\/09\/presenta-cdmx-pabellon-que-llevara-a-tianguis-turistico-con-71-participantes\/\"},\"author\":{\"name\":\"Redacci\u00f3n\",\"@id\":\"https:\/\/nitu.mx\/#\/schema\/person\/4a28fe9bd65924f7c90623773daf1b0b\"},\"headline\":\"Presenta CDMX pabell\u00f3n que llevar\u00e1 a Tianguis Tur\u00edstico con 71 participantes\",\"datePublished\":\"2025-04-10T04:59:27+00:00\",\"dateModified\":\"2025-04-10T05:02:00+00:00\",\"mainEntityOfPage\":{\"@id\":\"https:\/\/nitu.mx\/index.php\/2025\/04\/09\/presenta-cdmx-pabellon-que-llevara-a-tianguis-turistico-con-71-participantes\/\"},\"wordCount\":831,\"commentCount\":0,\"publisher\":{\"@id\":\"https:\/\/nitu.mx\/#\/schema\/person\/ae7a53426417292d3dd07b45a33e01bc\"},\"image\":{\"@id\":\"https:\/\/nitu.mx\/index.php\/2025\/04\/09\/presenta-cdmx-pabellon-que-llevara-a-tianguis-turistico-con-71-participantes\/#primaryimage\"},\"thumbnailUrl\":\"https:\/\/nitu.mx\/wp-content\/uploads\/2025\/04\/CDMX-Pabellon-tianguis-Turistico-presentacion.jpg\",\"keywords\":[\"Alejandra Frausto\",\"Canaco\",\"CDMX\",\"Clara Brugada\",\"Tianguis Tur\u00edstico\"],\"articleSection\":[\"Destinos\",\"Tianguis Tur\u00edstico\"],\"inLanguage\":\"es-MX\",\"potentialAction\":[{\"@type\":\"CommentAction\",\"name\":\"Comment\",\"target\":[\"https:\/\/nitu.mx\/index.php\/2025\/04\/09\/presenta-cdmx-pabellon-que-llevara-a-tianguis-turistico-con-71-participantes\/#respond\"]}]},{\"@type\":\"WebPage\",\"@id\":\"https:\/\/nitu.mx\/index.php\/2025\/04\/09\/presenta-cdmx-pabellon-que-llevara-a-tianguis-turistico-con-71-participantes\/\",\"url\":\"https:\/\/nitu.mx\/index.php\/2025\/04\/09\/presenta-cdmx-pabellon-que-llevara-a-tianguis-turistico-con-71-participantes\/\",\"name\":\"Presenta CDMX pabell\u00f3n que llevar\u00e1 a Tianguis Tur\u00edstico con 71 participantes - Nitu - Noticias de la Industria Turistica\",\"isPartOf\":{\"@id\":\"https:\/\/nitu.mx\/#website\"},\"primaryImageOfPage\":{\"@id\":\"https:\/\/nitu.mx\/index.php\/2025\/04\/09\/presenta-cdmx-pabellon-que-llevara-a-tianguis-turistico-con-71-participantes\/#primaryimage\"},\"image\":{\"@id\":\"https:\/\/nitu.mx\/index.php\/2025\/04\/09\/presenta-cdmx-pabellon-que-llevara-a-tianguis-turistico-con-71-participantes\/#primaryimage\"},\"thumbnailUrl\":\"https:\/\/nitu.mx\/wp-content\/uploads\/2025\/04\/CDMX-Pabellon-tianguis-Turistico-presentacion.jpg\",\"datePublished\":\"2025-04-10T04:59:27+00:00\",\"dateModified\":\"2025-04-10T05:02:00+00:00\",\"breadcrumb\":{\"@id\":\"https:\/\/nitu.mx\/index.php\/2025\/04\/09\/presenta-cdmx-pabellon-que-llevara-a-tianguis-turistico-con-71-participantes\/#breadcrumb\"},\"inLanguage\":\"es-MX\",\"potentialAction\":[{\"@type\":\"ReadAction\",\"target\":[\"https:\/\/nitu.mx\/index.php\/2025\/04\/09\/presenta-cdmx-pabellon-que-llevara-a-tianguis-turistico-con-71-participantes\/\"]}]},{\"@type\":\"ImageObject\",\"inLanguage\":\"es-MX\",\"@id\":\"https:\/\/nitu.mx\/index.php\/2025\/04\/09\/presenta-cdmx-pabellon-que-llevara-a-tianguis-turistico-con-71-participantes\/#primaryimage\",\"url\":\"https:\/\/nitu.mx\/wp-content\/uploads\/2025\/04\/CDMX-Pabellon-tianguis-Turistico-presentacion.jpg\",\"contentUrl\":\"https:\/\/nitu.mx\/wp-content\/uploads\/2025\/04\/CDMX-Pabellon-tianguis-Turistico-presentacion.jpg\",\"width\":1200,\"height\":675,\"caption\":\"CDMX Pabell\u00f3n tianguis Tur\u00edstico presentaci\u00f3n\"},{\"@type\":\"BreadcrumbList\",\"@id\":\"https:\/\/nitu.mx\/index.php\/2025\/04\/09\/presenta-cdmx-pabellon-que-llevara-a-tianguis-turistico-con-71-participantes\/#breadcrumb\",\"itemListElement\":[{\"@type\":\"ListItem\",\"position\":1,\"name\":\"Inicio\",\"item\":\"https:\/\/nitu.mx\/\"},{\"@type\":\"ListItem\",\"position\":2,\"name\":\"Presenta CDMX pabell\u00f3n que llevar\u00e1 a Tianguis Tur\u00edstico con 71 participantes\"}]},{\"@type\":\"WebSite\",\"@id\":\"https:\/\/nitu.mx\/#website\",\"url\":\"https:\/\/nitu.mx\/\",\"name\":\"Nitu - Noticias de la Industria Turistica\",\"description\":\"Noticias de la Industria Turistica\",\"publisher\":{\"@id\":\"https:\/\/nitu.mx\/#\/schema\/person\/ae7a53426417292d3dd07b45a33e01bc\"},\"alternateName\":\"Noticias de la Industria Turistica\",\"potentialAction\":[{\"@type\":\"SearchAction\",\"target\":{\"@type\":\"EntryPoint\",\"urlTemplate\":\"https:\/\/nitu.mx\/?s={search_term_string}\"},\"query-input\":\"required name=search_term_string\"}],\"inLanguage\":\"es-MX\"},{\"@type\":[\"Person\",\"Organization\"],\"@id\":\"https:\/\/nitu.mx\/#\/schema\/person\/ae7a53426417292d3dd07b45a33e01bc\",\"name\":\"Arturo Medina\",\"image\":{\"@type\":\"ImageObject\",\"inLanguage\":\"es-MX\",\"@id\":\"https:\/\/nitu.mx\/#\/schema\/person\/image\/\",\"url\":\"https:\/\/nitu.mx\/wp-content\/uploads\/2024\/04\/4A315622-1904-4D5C-B022-878CDC840E04-90x90-1.jpeg\",\"contentUrl\":\"https:\/\/nitu.mx\/wp-content\/uploads\/2024\/04\/4A315622-1904-4D5C-B022-878CDC840E04-90x90-1.jpeg\",\"width\":90,\"height\":90,\"caption\":\"Arturo Medina\"},\"logo\":{\"@id\":\"https:\/\/nitu.mx\/#\/schema\/person\/image\/\"},\"description\":\"Director NITU.mx, Egresado de la Escuela de Periodismo Carlos Septi\u00e9n Garc\u00eda. Periodista y analista especializado en turismo desde hace 35 a\u00f1os, radicado en Canc\u00fan Q.Roo. arturo@nitu.mx\",\"sameAs\":[\"https:\/\/nitu.mx\",\"https:\/\/www.facebook.com\/NITUmx\/\",\"medinacancun\",\"https:\/\/twitter.com\/@Arturo_Medina_G\"]},{\"@type\":\"Person\",\"@id\":\"https:\/\/nitu.mx\/#\/schema\/person\/4a28fe9bd65924f7c90623773daf1b0b\",\"name\":\"Redacci\u00f3n\",\"image\":{\"@type\":\"ImageObject\",\"inLanguage\":\"es-MX\",\"@id\":\"https:\/\/nitu.mx\/#\/schema\/person\/image\/\",\"url\":\"https:\/\/secure.gravatar.com\/avatar\/5dd011c8ccfc5cd7e4c81e42252aab38?s=96&d=mm&r=g\",\"contentUrl\":\"https:\/\/secure.gravatar.com\/avatar\/5dd011c8ccfc5cd7e4c81e42252aab38?s=96&d=mm&r=g\",\"caption\":\"Redacci\u00f3n\"},\"url\":\"https:\/\/nitu.mx\/index.php\/author\/redaccion\/\"}]}<\/script>\n<!-- \/ Yoast SEO plugin. -->","yoast_head_json":{"title":"Presenta CDMX pabell\u00f3n que llevar\u00e1 a Tianguis Tur\u00edstico con 71 participantes - Nitu - Noticias de la Industria Turistica","robots":{"index":"index","follow":"follow","max-snippet":"max-snippet:-1","max-image-preview":"max-image-preview:large","max-video-preview":"max-video-preview:-1"},"canonical":"https:\/\/nitu.mx\/index.php\/2025\/04\/09\/presenta-cdmx-pabellon-que-llevara-a-tianguis-turistico-con-71-participantes\/","twitter_card":"summary_large_image","twitter_title":"Presenta CDMX pabell\u00f3n que llevar\u00e1 a Tianguis Tur\u00edstico con 71 participantes - Nitu - Noticias de la Industria Turistica","twitter_description":"La jefa de Gobierno de la Ciudad de M\u00e9xico, Clara Brugada Molina, asegur\u00f3 que la capital triunfar\u00e1 en la edici\u00f3n 49 del Tianguis Tur\u00edstico al mostrar la gran oferta de atracciones para visitantes nacionales e internacionales, y convoc\u00f3 a los sectores p\u00fablico y privado a prepararse con la finalidad de convertir a la capital en [&hellip;]","twitter_image":"https:\/\/nitu.mx\/wp-content\/uploads\/2025\/04\/CDMX-Pabellon-tianguis-Turistico-presentacion.jpg","twitter_creator":"@NITUmx","twitter_site":"@Arturo_Medina_G","twitter_misc":{"Escrito por":"Redacci\u00f3n","Tiempo de lectura":"4 minutos"},"schema":{"@context":"https:\/\/schema.org","@graph":[{"@type":"Article","@id":"https:\/\/nitu.mx\/index.php\/2025\/04\/09\/presenta-cdmx-pabellon-que-llevara-a-tianguis-turistico-con-71-participantes\/#article","isPartOf":{"@id":"https:\/\/nitu.mx\/index.php\/2025\/04\/09\/presenta-cdmx-pabellon-que-llevara-a-tianguis-turistico-con-71-participantes\/"},"author":{"name":"Redacci\u00f3n","@id":"https:\/\/nitu.mx\/#\/schema\/person\/4a28fe9bd65924f7c90623773daf1b0b"},"headline":"Presenta CDMX pabell\u00f3n que llevar\u00e1 a Tianguis Tur\u00edstico con 71 participantes","datePublished":"2025-04-10T04:59:27+00:00","dateModified":"2025-04-10T05:02:00+00:00","mainEntityOfPage":{"@id":"https:\/\/nitu.mx\/index.php\/2025\/04\/09\/presenta-cdmx-pabellon-que-llevara-a-tianguis-turistico-con-71-participantes\/"},"wordCount":831,"commentCount":0,"publisher":{"@id":"https:\/\/nitu.mx\/#\/schema\/person\/ae7a53426417292d3dd07b45a33e01bc"},"image":{"@id":"https:\/\/nitu.mx\/index.php\/2025\/04\/09\/presenta-cdmx-pabellon-que-llevara-a-tianguis-turistico-con-71-participantes\/#primaryimage"},"thumbnailUrl":"https:\/\/nitu.mx\/wp-content\/uploads\/2025\/04\/CDMX-Pabellon-tianguis-Turistico-presentacion.jpg","keywords":["Alejandra Frausto","Canaco","CDMX","Clara Brugada","Tianguis Tur\u00edstico"],"articleSection":["Destinos","Tianguis Tur\u00edstico"],"inLanguage":"es-MX","potentialAction":[{"@type":"CommentAction","name":"Comment","target":["https:\/\/nitu.mx\/index.php\/2025\/04\/09\/presenta-cdmx-pabellon-que-llevara-a-tianguis-turistico-con-71-participantes\/#respond"]}]},{"@type":"WebPage","@id":"https:\/\/nitu.mx\/index.php\/2025\/04\/09\/presenta-cdmx-pabellon-que-llevara-a-tianguis-turistico-con-71-participantes\/","url":"https:\/\/nitu.mx\/index.php\/2025\/04\/09\/presenta-cdmx-pabellon-que-llevara-a-tianguis-turistico-con-71-participantes\/","name":"Presenta CDMX pabell\u00f3n que llevar\u00e1 a Tianguis Tur\u00edstico con 71 participantes - Nitu - Noticias de la Industria Turistica","isPartOf":{"@id":"https:\/\/nitu.mx\/#website"},"primaryImageOfPage":{"@id":"https:\/\/nitu.mx\/index.php\/2025\/04\/09\/presenta-cdmx-pabellon-que-llevara-a-tianguis-turistico-con-71-participantes\/#primaryimage"},"image":{"@id":"https:\/\/nitu.mx\/index.php\/2025\/04\/09\/presenta-cdmx-pabellon-que-llevara-a-tianguis-turistico-con-71-participantes\/#primaryimage"},"thumbnailUrl":"https:\/\/nitu.mx\/wp-content\/uploads\/2025\/04\/CDMX-Pabellon-tianguis-Turistico-presentacion.jpg","datePublished":"2025-04-10T04:59:27+00:00","dateModified":"2025-04-10T05:02:00+00:00","breadcrumb":{"@id":"https:\/\/nitu.mx\/index.php\/2025\/04\/09\/presenta-cdmx-pabellon-que-llevara-a-tianguis-turistico-con-71-participantes\/#breadcrumb"},"inLanguage":"es-MX","potentialAction":[{"@type":"ReadAction","target":["https:\/\/nitu.mx\/index.php\/2025\/04\/09\/presenta-cdmx-pabellon-que-llevara-a-tianguis-turistico-con-71-participantes\/"]}]},{"@type":"ImageObject","inLanguage":"es-MX","@id":"https:\/\/nitu.mx\/index.php\/2025\/04\/09\/presenta-cdmx-pabellon-que-llevara-a-tianguis-turistico-con-71-participantes\/#primaryimage","url":"https:\/\/nitu.mx\/wp-content\/uploads\/2025\/04\/CDMX-Pabellon-tianguis-Turistico-presentacion.jpg","contentUrl":"https:\/\/nitu.mx\/wp-content\/uploads\/2025\/04\/CDMX-Pabellon-tianguis-Turistico-presentacion.jpg","width":1200,"height":675,"caption":"CDMX Pabell\u00f3n tianguis Tur\u00edstico presentaci\u00f3n"},{"@type":"BreadcrumbList","@id":"https:\/\/nitu.mx\/index.php\/2025\/04\/09\/presenta-cdmx-pabellon-que-llevara-a-tianguis-turistico-con-71-participantes\/#breadcrumb","itemListElement":[{"@type":"ListItem","position":1,"name":"Inicio","item":"https:\/\/nitu.mx\/"},{"@type":"ListItem","position":2,"name":"Presenta CDMX pabell\u00f3n que llevar\u00e1 a Tianguis Tur\u00edstico con 71 participantes"}]},{"@type":"WebSite","@id":"https:\/\/nitu.mx\/#website","url":"https:\/\/nitu.mx\/","name":"Nitu - Noticias de la Industria Turistica","description":"Noticias de la Industria Turistica","publisher":{"@id":"https:\/\/nitu.mx\/#\/schema\/person\/ae7a53426417292d3dd07b45a33e01bc"},"alternateName":"Noticias de la Industria Turistica","potentialAction":[{"@type":"SearchAction","target":{"@type":"EntryPoint","urlTemplate":"https:\/\/nitu.mx\/?s={search_term_string}"},"query-input":"required name=search_term_string"}],"inLanguage":"es-MX"},{"@type":["Person","Organization"],"@id":"https:\/\/nitu.mx\/#\/schema\/person\/ae7a53426417292d3dd07b45a33e01bc","name":"Arturo Medina","image":{"@type":"ImageObject","inLanguage":"es-MX","@id":"https:\/\/nitu.mx\/#\/schema\/person\/image\/","url":"https:\/\/nitu.mx\/wp-content\/uploads\/2024\/04\/4A315622-1904-4D5C-B022-878CDC840E04-90x90-1.jpeg","contentUrl":"https:\/\/nitu.mx\/wp-content\/uploads\/2024\/04\/4A315622-1904-4D5C-B022-878CDC840E04-90x90-1.jpeg","width":90,"height":90,"caption":"Arturo Medina"},"logo":{"@id":"https:\/\/nitu.mx\/#\/schema\/person\/image\/"},"description":"Director NITU.mx, Egresado de la Escuela de Periodismo Carlos Septi\u00e9n Garc\u00eda. Periodista y analista especializado en turismo desde hace 35 a\u00f1os, radicado en Canc\u00fan Q.Roo. arturo@nitu.mx","sameAs":["https:\/\/nitu.mx","https:\/\/www.facebook.com\/NITUmx\/","medinacancun","https:\/\/twitter.com\/@Arturo_Medina_G"]},{"@type":"Person","@id":"https:\/\/nitu.mx\/#\/schema\/person\/4a28fe9bd65924f7c90623773daf1b0b","name":"Redacci\u00f3n","image":{"@type":"ImageObject","inLanguage":"es-MX","@id":"https:\/\/nitu.mx\/#\/schema\/person\/image\/","url":"https:\/\/secure.gravatar.com\/avatar\/5dd011c8ccfc5cd7e4c81e42252aab38?s=96&d=mm&r=g","contentUrl":"https:\/\/secure.gravatar.com\/avatar\/5dd011c8ccfc5cd7e4c81e42252aab38?s=96&d=mm&r=g","caption":"Redacci\u00f3n"},"url":"https:\/\/nitu.mx\/index.php\/author\/redaccion\/"}]}},"views":730,"_links":{"self":[{"href":"https:\/\/nitu.mx\/index.php\/wp-json\/wp\/v2\/posts\/80562"}],"collection":[{"href":"https:\/\/nitu.mx\/index.php\/wp-json\/wp\/v2\/posts"}],"about":[{"href":"https:\/\/nitu.mx\/index.php\/wp-json\/wp\/v2\/types\/post"}],"author":[{"embeddable":true,"href":"https:\/\/nitu.mx\/index.php\/wp-json\/wp\/v2\/users\/17"}],"replies":[{"embeddable":true,"href":"https:\/\/nitu.mx\/index.php\/wp-json\/wp\/v2\/comments?post=80562"}],"version-history":[{"count":2,"href":"https:\/\/nitu.mx\/index.php\/wp-json\/wp\/v2\/posts\/80562\/revisions"}],"predecessor-version":[{"id":80567,"href":"https:\/\/nitu.mx\/index.php\/wp-json\/wp\/v2\/posts\/80562\/revisions\/80567"}],"wp:featuredmedia":[{"embeddable":true,"href":"https:\/\/nitu.mx\/index.php\/wp-json\/wp\/v2\/media\/80564"}],"wp:attachment":[{"href":"https:\/\/nitu.mx\/index.php\/wp-json\/wp\/v2\/media?parent=80562"}],"wp:term":[{"taxonomy":"category","embeddable":true,"href":"https:\/\/nitu.mx\/index.php\/wp-json\/wp\/v2\/categories?post=80562"},{"taxonomy":"post_tag","embeddable":true,"href":"https:\/\/nitu.mx\/index.php\/wp-json\/wp\/v2\/tags?post=80562"}],"curies":[{"name":"wp","href":"https:\/\/api.w.org\/{rel}","templated":true}]}}