{"id":80540,"date":"2025-04-08T23:46:52","date_gmt":"2025-04-09T05:46:52","guid":{"rendered":"https:\/\/nitu.mx\/?p=80540"},"modified":"2025-04-08T23:46:53","modified_gmt":"2025-04-09T05:46:53","slug":"concluye-ingrid-bosman-de-alegre-su-labor-como-consul-honoraria-de-los-paises-bajos-en-quintana-roo-y-yucatan","status":"publish","type":"post","link":"https:\/\/nitu.mx\/index.php\/2025\/04\/08\/concluye-ingrid-bosman-de-alegre-su-labor-como-consul-honoraria-de-los-paises-bajos-en-quintana-roo-y-yucatan\/","title":{"rendered":"Concluye Ingrid Bosman de Alegre su labor como c\u00f3nsul honoraria de los Pa\u00edses Bajos en Quintana Roo y Yucat\u00e1n"},"content":{"rendered":"<p>La Embajada del Reino de los Pa\u00edses Bajos en M\u00e9xico anunci\u00f3 la conclusi\u00f3n del cargo de Ingrid Bosman de Alegre como c\u00f3nsul honoraria en Quintana Roo y Yucat\u00e1n, tras 25 a\u00f1os de servicio consular.<\/p>\n<p>El embajador Wilfred Mohr encabez\u00f3 un evento de despedida para conmemorar su destacada trayectoria, al que asistieron representantes consulares, miembros de la comunidad neerlandesa y l\u00edderes empresariales de la regi\u00f3n.<\/p>\n<p>Durante la ceremonia, el embajador Mohr agradeci\u00f3 a Bosman por su labor en beneficio de los ciudadanos neerlandeses, as\u00ed como por su participaci\u00f3n en proyectos de car\u00e1cter econ\u00f3mico, social y cultural. \u201cComo c\u00f3nsul honoraria, apoy\u00f3 a innumerables ciudadanos en situaciones de vulnerabilidad y fortaleci\u00f3 la relaci\u00f3n bilateral con una valiosa red de contactos en los tres niveles de gobierno\u201d, se\u00f1al\u00f3.<\/p>\n<p>Entre sus acciones m\u00e1s recientes destacan su colaboraci\u00f3n en la misi\u00f3n econ\u00f3mica sobre el sargazo y la representaci\u00f3n del Reino de los Pa\u00edses Bajos en el Canc\u00fan World Fest 2025.<\/p>\n<p>En 2018, Ingrid Bosman fue condecorada con la Orden de Orange-Nassau en grado de Caballero, distinci\u00f3n otorgada por la monarqu\u00eda neerlandesa a personas que han prestado servicios excepcionales a la sociedad.<\/p>\n<p>El presidente de la Asociaci\u00f3n de Hoteles de la Riviera Maya, Toni Chaves Palomo, entreg\u00f3 un reconocimiento por su compromiso con la seguridad y bienestar de los turistas, as\u00ed como su participaci\u00f3n activa en las mesas de trabajo del sector.<\/p>\n<p>Bosman comparti\u00f3 que el trabajo consular implic\u00f3 una labor constante de apoyo en emergencias, asistencia legal y coordinaci\u00f3n en casos cr\u00edticos como huracanes o la pandemia. \u201cMuchas personas creen que es un cargo con eventos sociales, pero la verdadera labor es estar cerca de nuestra gente cuando m\u00e1s lo necesitan\u201d, coment\u00f3.<\/p>\n<p>La ex c\u00f3nsul tambi\u00e9n record\u00f3 su v\u00ednculo con M\u00e9xico, su trayectoria en la aerol\u00ednea Martinair, y el respaldo que recibi\u00f3 de la embajada en momentos personales dif\u00edciles. \u201cCanc\u00fan fue el lugar donde decidimos formar nuestra familia. Estoy muy agradecida con mi embajada, siempre me apoyaron y eso lo llevar\u00e9 en el coraz\u00f3n\u201d, expres\u00f3.<\/p>\n<p>La Embajada del Reino de los Pa\u00edses Bajos y la comunidad neerlandesa en M\u00e9xico desearon \u00e9xito y bienestar a Ingrid Bosman de Alegre en la nueva etapa de su vida. (<a href=\"https:\/\/nitu.mx\/index.php\/2024\/09\/04\/sectur-y-estados-impulsan-promocion-turistica-en-paises-bajos\/\">Sectur y estados impulsan promoci\u00f3n tur\u00edstica en Pa\u00edses Bajos<\/a>).<\/p>\n","protected":false},"excerpt":{"rendered":"<p>La Embajada del Reino de los Pa\u00edses Bajos en M\u00e9xico anunci\u00f3 la conclusi\u00f3n del cargo de Ingrid Bosman de Alegre como c\u00f3nsul honoraria en Quintana Roo y Yucat\u00e1n, tras 25 a\u00f1os de servicio consular. El embajador Wilfred Mohr encabez\u00f3 un evento de despedida para conmemorar su destacada trayectoria, al que asistieron representantes consulares, miembros de [&hellip;]<\/p>\n","protected":false},"author":3,"featured_media":80541,"comment_status":"open","ping_status":"open","sticky":false,"template":"","format":"standard","meta":{"footnotes":""},"categories":[24505,374],"tags":[27298,27299,389,260,449],"yoast_head":"<!-- This site is optimized with the Yoast SEO plugin v22.2 - https:\/\/yoast.com\/wordpress\/plugins\/seo\/ -->\n<title>Concluye Ingrid Bosman de Alegre su labor como c\u00f3nsul honoraria de los Pa\u00edses Bajos en Quintana Roo y Yucat\u00e1n - Nitu - Noticias de la Industria Turistica<\/title>\n<meta name=\"robots\" content=\"index, follow, max-snippet:-1, max-image-preview:large, max-video-preview:-1\" \/>\n<link rel=\"canonical\" href=\"https:\/\/nitu.mx\/index.php\/2025\/04\/08\/concluye-ingrid-bosman-de-alegre-su-labor-como-consul-honoraria-de-los-paises-bajos-en-quintana-roo-y-yucatan\/\" \/>\n<meta name=\"twitter:card\" content=\"summary_large_image\" \/>\n<meta name=\"twitter:title\" content=\"Concluye Ingrid Bosman de Alegre su labor como c\u00f3nsul honoraria de los Pa\u00edses Bajos en Quintana Roo y Yucat\u00e1n - Nitu - Noticias de la Industria Turistica\" \/>\n<meta name=\"twitter:description\" content=\"La Embajada del Reino de los Pa\u00edses Bajos en M\u00e9xico anunci\u00f3 la conclusi\u00f3n del cargo de Ingrid Bosman de Alegre como c\u00f3nsul honoraria en Quintana Roo y Yucat\u00e1n, tras 25 a\u00f1os de servicio consular. El embajador Wilfred Mohr encabez\u00f3 un evento de despedida para conmemorar su destacada trayectoria, al que asistieron representantes consulares, miembros de [&hellip;]\" \/>\n<meta name=\"twitter:image\" content=\"https:\/\/nitu.mx\/wp-content\/uploads\/2025\/04\/INGRIDBOSMAN.jpeg\" \/>\n<meta name=\"twitter:creator\" content=\"@NITUmx\" \/>\n<meta name=\"twitter:site\" content=\"@Arturo_Medina_G\" \/>\n<meta name=\"twitter:label1\" content=\"Escrito por\" \/>\n\t<meta name=\"twitter:data1\" content=\"Alejandra Moncisbays\" \/>\n\t<meta name=\"twitter:label2\" content=\"Tiempo de lectura\" \/>\n\t<meta name=\"twitter:data2\" content=\"2 minutos\" \/>\n<script type=\"application\/ld+json\" class=\"yoast-schema-graph\">{\"@context\":\"https:\/\/schema.org\",\"@graph\":[{\"@type\":\"Article\",\"@id\":\"https:\/\/nitu.mx\/index.php\/2025\/04\/08\/concluye-ingrid-bosman-de-alegre-su-labor-como-consul-honoraria-de-los-paises-bajos-en-quintana-roo-y-yucatan\/#article\",\"isPartOf\":{\"@id\":\"https:\/\/nitu.mx\/index.php\/2025\/04\/08\/concluye-ingrid-bosman-de-alegre-su-labor-como-consul-honoraria-de-los-paises-bajos-en-quintana-roo-y-yucatan\/\"},\"author\":{\"name\":\"Alejandra Moncisbays\",\"@id\":\"https:\/\/nitu.mx\/#\/schema\/person\/2ecd887b19dfd3382d1f14fc5acf24a8\"},\"headline\":\"Concluye Ingrid Bosman de Alegre su labor como c\u00f3nsul honoraria de los Pa\u00edses Bajos en Quintana Roo y Yucat\u00e1n\",\"datePublished\":\"2025-04-09T05:46:52+00:00\",\"dateModified\":\"2025-04-09T05:46:53+00:00\",\"mainEntityOfPage\":{\"@id\":\"https:\/\/nitu.mx\/index.php\/2025\/04\/08\/concluye-ingrid-bosman-de-alegre-su-labor-como-consul-honoraria-de-los-paises-bajos-en-quintana-roo-y-yucatan\/\"},\"wordCount\":428,\"commentCount\":0,\"publisher\":{\"@id\":\"https:\/\/nitu.mx\/#\/schema\/person\/ae7a53426417292d3dd07b45a33e01bc\"},\"image\":{\"@id\":\"https:\/\/nitu.mx\/index.php\/2025\/04\/08\/concluye-ingrid-bosman-de-alegre-su-labor-como-consul-honoraria-de-los-paises-bajos-en-quintana-roo-y-yucatan\/#primaryimage\"},\"thumbnailUrl\":\"https:\/\/nitu.mx\/wp-content\/uploads\/2025\/04\/INGRIDBOSMAN.jpeg\",\"keywords\":[\"c\u00f3nsul honoraria\",\"Ingrid Bosman de Alegre\",\"Pa\u00edses Bajos\",\"Quintana Roo\",\"Yucat\u00e1n\"],\"articleSection\":[\"Destacados\",\"Internacional\"],\"inLanguage\":\"es-MX\",\"potentialAction\":[{\"@type\":\"CommentAction\",\"name\":\"Comment\",\"target\":[\"https:\/\/nitu.mx\/index.php\/2025\/04\/08\/concluye-ingrid-bosman-de-alegre-su-labor-como-consul-honoraria-de-los-paises-bajos-en-quintana-roo-y-yucatan\/#respond\"]}]},{\"@type\":\"WebPage\",\"@id\":\"https:\/\/nitu.mx\/index.php\/2025\/04\/08\/concluye-ingrid-bosman-de-alegre-su-labor-como-consul-honoraria-de-los-paises-bajos-en-quintana-roo-y-yucatan\/\",\"url\":\"https:\/\/nitu.mx\/index.php\/2025\/04\/08\/concluye-ingrid-bosman-de-alegre-su-labor-como-consul-honoraria-de-los-paises-bajos-en-quintana-roo-y-yucatan\/\",\"name\":\"Concluye Ingrid Bosman de Alegre su labor como c\u00f3nsul honoraria de los Pa\u00edses Bajos en Quintana Roo y Yucat\u00e1n - Nitu - Noticias de la Industria Turistica\",\"isPartOf\":{\"@id\":\"https:\/\/nitu.mx\/#website\"},\"primaryImageOfPage\":{\"@id\":\"https:\/\/nitu.mx\/index.php\/2025\/04\/08\/concluye-ingrid-bosman-de-alegre-su-labor-como-consul-honoraria-de-los-paises-bajos-en-quintana-roo-y-yucatan\/#primaryimage\"},\"image\":{\"@id\":\"https:\/\/nitu.mx\/index.php\/2025\/04\/08\/concluye-ingrid-bosman-de-alegre-su-labor-como-consul-honoraria-de-los-paises-bajos-en-quintana-roo-y-yucatan\/#primaryimage\"},\"thumbnailUrl\":\"https:\/\/nitu.mx\/wp-content\/uploads\/2025\/04\/INGRIDBOSMAN.jpeg\",\"datePublished\":\"2025-04-09T05:46:52+00:00\",\"dateModified\":\"2025-04-09T05:46:53+00:00\",\"breadcrumb\":{\"@id\":\"https:\/\/nitu.mx\/index.php\/2025\/04\/08\/concluye-ingrid-bosman-de-alegre-su-labor-como-consul-honoraria-de-los-paises-bajos-en-quintana-roo-y-yucatan\/#breadcrumb\"},\"inLanguage\":\"es-MX\",\"potentialAction\":[{\"@type\":\"ReadAction\",\"target\":[\"https:\/\/nitu.mx\/index.php\/2025\/04\/08\/concluye-ingrid-bosman-de-alegre-su-labor-como-consul-honoraria-de-los-paises-bajos-en-quintana-roo-y-yucatan\/\"]}]},{\"@type\":\"ImageObject\",\"inLanguage\":\"es-MX\",\"@id\":\"https:\/\/nitu.mx\/index.php\/2025\/04\/08\/concluye-ingrid-bosman-de-alegre-su-labor-como-consul-honoraria-de-los-paises-bajos-en-quintana-roo-y-yucatan\/#primaryimage\",\"url\":\"https:\/\/nitu.mx\/wp-content\/uploads\/2025\/04\/INGRIDBOSMAN.jpeg\",\"contentUrl\":\"https:\/\/nitu.mx\/wp-content\/uploads\/2025\/04\/INGRIDBOSMAN.jpeg\",\"width\":960,\"height\":1280,\"caption\":\"INGRID BOSMAN\"},{\"@type\":\"BreadcrumbList\",\"@id\":\"https:\/\/nitu.mx\/index.php\/2025\/04\/08\/concluye-ingrid-bosman-de-alegre-su-labor-como-consul-honoraria-de-los-paises-bajos-en-quintana-roo-y-yucatan\/#breadcrumb\",\"itemListElement\":[{\"@type\":\"ListItem\",\"position\":1,\"name\":\"Inicio\",\"item\":\"https:\/\/nitu.mx\/\"},{\"@type\":\"ListItem\",\"position\":2,\"name\":\"Concluye Ingrid Bosman de Alegre su labor como c\u00f3nsul honoraria de los Pa\u00edses Bajos en Quintana Roo y Yucat\u00e1n\"}]},{\"@type\":\"WebSite\",\"@id\":\"https:\/\/nitu.mx\/#website\",\"url\":\"https:\/\/nitu.mx\/\",\"name\":\"Nitu - Noticias de la Industria Turistica\",\"description\":\"Noticias de la Industria Turistica\",\"publisher\":{\"@id\":\"https:\/\/nitu.mx\/#\/schema\/person\/ae7a53426417292d3dd07b45a33e01bc\"},\"alternateName\":\"Noticias de la Industria Turistica\",\"potentialAction\":[{\"@type\":\"SearchAction\",\"target\":{\"@type\":\"EntryPoint\",\"urlTemplate\":\"https:\/\/nitu.mx\/?s={search_term_string}\"},\"query-input\":\"required name=search_term_string\"}],\"inLanguage\":\"es-MX\"},{\"@type\":[\"Person\",\"Organization\"],\"@id\":\"https:\/\/nitu.mx\/#\/schema\/person\/ae7a53426417292d3dd07b45a33e01bc\",\"name\":\"Arturo Medina\",\"image\":{\"@type\":\"ImageObject\",\"inLanguage\":\"es-MX\",\"@id\":\"https:\/\/nitu.mx\/#\/schema\/person\/image\/\",\"url\":\"https:\/\/nitu.mx\/wp-content\/uploads\/2024\/04\/4A315622-1904-4D5C-B022-878CDC840E04-90x90-1.jpeg\",\"contentUrl\":\"https:\/\/nitu.mx\/wp-content\/uploads\/2024\/04\/4A315622-1904-4D5C-B022-878CDC840E04-90x90-1.jpeg\",\"width\":90,\"height\":90,\"caption\":\"Arturo Medina\"},\"logo\":{\"@id\":\"https:\/\/nitu.mx\/#\/schema\/person\/image\/\"},\"description\":\"Director NITU.mx, Egresado de la Escuela de Periodismo Carlos Septi\u00e9n Garc\u00eda. Periodista y analista especializado en turismo desde hace 35 a\u00f1os, radicado en Canc\u00fan Q.Roo. arturo@nitu.mx\",\"sameAs\":[\"https:\/\/nitu.mx\",\"https:\/\/www.facebook.com\/NITUmx\/\",\"medinacancun\",\"https:\/\/twitter.com\/@Arturo_Medina_G\"]},{\"@type\":\"Person\",\"@id\":\"https:\/\/nitu.mx\/#\/schema\/person\/2ecd887b19dfd3382d1f14fc5acf24a8\",\"name\":\"Alejandra Moncisbays\",\"image\":{\"@type\":\"ImageObject\",\"inLanguage\":\"es-MX\",\"@id\":\"https:\/\/nitu.mx\/#\/schema\/person\/image\/\",\"url\":\"https:\/\/secure.gravatar.com\/avatar\/e74f7af0be172b7804dacfd0bfbef787?s=96&d=mm&r=g\",\"contentUrl\":\"https:\/\/secure.gravatar.com\/avatar\/e74f7af0be172b7804dacfd0bfbef787?s=96&d=mm&r=g\",\"caption\":\"Alejandra Moncisbays\"},\"description\":\"Curs\u00e9 la carrera de Periodismo y Comunicaci\u00f3n en la Facultad de Estudios Profesionales Acatl\u00e1n. Vivo en Canc\u00fan desde hace 24 a\u00f1os. Fui reportera de La Tarde de Canc\u00fan, y Novedades de Quintana Roo, colabor\u00e9 en TVCUN, edit\u00e9 Cancun\u00edssimo y colabor\u00e9 en las revistas Latitud21, entre otras, con principal enfoque en los sectores empresarial y tur\u00edstico. Desde hace varios a\u00f1os soy Agente de Seguros con c\u00e9dula de la Comisi\u00f3n Nacional de Seguros y Fianzas. Actualmente, me desarrollo en los \u00e1mbitos del periodismo y el sector asegurador.\",\"sameAs\":[\"https:\/\/nitu.mx\"],\"url\":\"https:\/\/nitu.mx\/index.php\/author\/alejandra\/\"}]}<\/script>\n<!-- \/ Yoast SEO plugin. -->","yoast_head_json":{"title":"Concluye Ingrid Bosman de Alegre su labor como c\u00f3nsul honoraria de los Pa\u00edses Bajos en Quintana Roo y Yucat\u00e1n - Nitu - Noticias de la Industria Turistica","robots":{"index":"index","follow":"follow","max-snippet":"max-snippet:-1","max-image-preview":"max-image-preview:large","max-video-preview":"max-video-preview:-1"},"canonical":"https:\/\/nitu.mx\/index.php\/2025\/04\/08\/concluye-ingrid-bosman-de-alegre-su-labor-como-consul-honoraria-de-los-paises-bajos-en-quintana-roo-y-yucatan\/","twitter_card":"summary_large_image","twitter_title":"Concluye Ingrid Bosman de Alegre su labor como c\u00f3nsul honoraria de los Pa\u00edses Bajos en Quintana Roo y Yucat\u00e1n - Nitu - Noticias de la Industria Turistica","twitter_description":"La Embajada del Reino de los Pa\u00edses Bajos en M\u00e9xico anunci\u00f3 la conclusi\u00f3n del cargo de Ingrid Bosman de Alegre como c\u00f3nsul honoraria en Quintana Roo y Yucat\u00e1n, tras 25 a\u00f1os de servicio consular. El embajador Wilfred Mohr encabez\u00f3 un evento de despedida para conmemorar su destacada trayectoria, al que asistieron representantes consulares, miembros de [&hellip;]","twitter_image":"https:\/\/nitu.mx\/wp-content\/uploads\/2025\/04\/INGRIDBOSMAN.jpeg","twitter_creator":"@NITUmx","twitter_site":"@Arturo_Medina_G","twitter_misc":{"Escrito por":"Alejandra Moncisbays","Tiempo de lectura":"2 minutos"},"schema":{"@context":"https:\/\/schema.org","@graph":[{"@type":"Article","@id":"https:\/\/nitu.mx\/index.php\/2025\/04\/08\/concluye-ingrid-bosman-de-alegre-su-labor-como-consul-honoraria-de-los-paises-bajos-en-quintana-roo-y-yucatan\/#article","isPartOf":{"@id":"https:\/\/nitu.mx\/index.php\/2025\/04\/08\/concluye-ingrid-bosman-de-alegre-su-labor-como-consul-honoraria-de-los-paises-bajos-en-quintana-roo-y-yucatan\/"},"author":{"name":"Alejandra Moncisbays","@id":"https:\/\/nitu.mx\/#\/schema\/person\/2ecd887b19dfd3382d1f14fc5acf24a8"},"headline":"Concluye Ingrid Bosman de Alegre su labor como c\u00f3nsul honoraria de los Pa\u00edses Bajos en Quintana Roo y Yucat\u00e1n","datePublished":"2025-04-09T05:46:52+00:00","dateModified":"2025-04-09T05:46:53+00:00","mainEntityOfPage":{"@id":"https:\/\/nitu.mx\/index.php\/2025\/04\/08\/concluye-ingrid-bosman-de-alegre-su-labor-como-consul-honoraria-de-los-paises-bajos-en-quintana-roo-y-yucatan\/"},"wordCount":428,"commentCount":0,"publisher":{"@id":"https:\/\/nitu.mx\/#\/schema\/person\/ae7a53426417292d3dd07b45a33e01bc"},"image":{"@id":"https:\/\/nitu.mx\/index.php\/2025\/04\/08\/concluye-ingrid-bosman-de-alegre-su-labor-como-consul-honoraria-de-los-paises-bajos-en-quintana-roo-y-yucatan\/#primaryimage"},"thumbnailUrl":"https:\/\/nitu.mx\/wp-content\/uploads\/2025\/04\/INGRIDBOSMAN.jpeg","keywords":["c\u00f3nsul honoraria","Ingrid Bosman de Alegre","Pa\u00edses Bajos","Quintana Roo","Yucat\u00e1n"],"articleSection":["Destacados","Internacional"],"inLanguage":"es-MX","potentialAction":[{"@type":"CommentAction","name":"Comment","target":["https:\/\/nitu.mx\/index.php\/2025\/04\/08\/concluye-ingrid-bosman-de-alegre-su-labor-como-consul-honoraria-de-los-paises-bajos-en-quintana-roo-y-yucatan\/#respond"]}]},{"@type":"WebPage","@id":"https:\/\/nitu.mx\/index.php\/2025\/04\/08\/concluye-ingrid-bosman-de-alegre-su-labor-como-consul-honoraria-de-los-paises-bajos-en-quintana-roo-y-yucatan\/","url":"https:\/\/nitu.mx\/index.php\/2025\/04\/08\/concluye-ingrid-bosman-de-alegre-su-labor-como-consul-honoraria-de-los-paises-bajos-en-quintana-roo-y-yucatan\/","name":"Concluye Ingrid Bosman de Alegre su labor como c\u00f3nsul honoraria de los Pa\u00edses Bajos en Quintana Roo y Yucat\u00e1n - Nitu - Noticias de la Industria Turistica","isPartOf":{"@id":"https:\/\/nitu.mx\/#website"},"primaryImageOfPage":{"@id":"https:\/\/nitu.mx\/index.php\/2025\/04\/08\/concluye-ingrid-bosman-de-alegre-su-labor-como-consul-honoraria-de-los-paises-bajos-en-quintana-roo-y-yucatan\/#primaryimage"},"image":{"@id":"https:\/\/nitu.mx\/index.php\/2025\/04\/08\/concluye-ingrid-bosman-de-alegre-su-labor-como-consul-honoraria-de-los-paises-bajos-en-quintana-roo-y-yucatan\/#primaryimage"},"thumbnailUrl":"https:\/\/nitu.mx\/wp-content\/uploads\/2025\/04\/INGRIDBOSMAN.jpeg","datePublished":"2025-04-09T05:46:52+00:00","dateModified":"2025-04-09T05:46:53+00:00","breadcrumb":{"@id":"https:\/\/nitu.mx\/index.php\/2025\/04\/08\/concluye-ingrid-bosman-de-alegre-su-labor-como-consul-honoraria-de-los-paises-bajos-en-quintana-roo-y-yucatan\/#breadcrumb"},"inLanguage":"es-MX","potentialAction":[{"@type":"ReadAction","target":["https:\/\/nitu.mx\/index.php\/2025\/04\/08\/concluye-ingrid-bosman-de-alegre-su-labor-como-consul-honoraria-de-los-paises-bajos-en-quintana-roo-y-yucatan\/"]}]},{"@type":"ImageObject","inLanguage":"es-MX","@id":"https:\/\/nitu.mx\/index.php\/2025\/04\/08\/concluye-ingrid-bosman-de-alegre-su-labor-como-consul-honoraria-de-los-paises-bajos-en-quintana-roo-y-yucatan\/#primaryimage","url":"https:\/\/nitu.mx\/wp-content\/uploads\/2025\/04\/INGRIDBOSMAN.jpeg","contentUrl":"https:\/\/nitu.mx\/wp-content\/uploads\/2025\/04\/INGRIDBOSMAN.jpeg","width":960,"height":1280,"caption":"INGRID BOSMAN"},{"@type":"BreadcrumbList","@id":"https:\/\/nitu.mx\/index.php\/2025\/04\/08\/concluye-ingrid-bosman-de-alegre-su-labor-como-consul-honoraria-de-los-paises-bajos-en-quintana-roo-y-yucatan\/#breadcrumb","itemListElement":[{"@type":"ListItem","position":1,"name":"Inicio","item":"https:\/\/nitu.mx\/"},{"@type":"ListItem","position":2,"name":"Concluye Ingrid Bosman de Alegre su labor como c\u00f3nsul honoraria de los Pa\u00edses Bajos en Quintana Roo y Yucat\u00e1n"}]},{"@type":"WebSite","@id":"https:\/\/nitu.mx\/#website","url":"https:\/\/nitu.mx\/","name":"Nitu - Noticias de la Industria Turistica","description":"Noticias de la Industria Turistica","publisher":{"@id":"https:\/\/nitu.mx\/#\/schema\/person\/ae7a53426417292d3dd07b45a33e01bc"},"alternateName":"Noticias de la Industria Turistica","potentialAction":[{"@type":"SearchAction","target":{"@type":"EntryPoint","urlTemplate":"https:\/\/nitu.mx\/?s={search_term_string}"},"query-input":"required name=search_term_string"}],"inLanguage":"es-MX"},{"@type":["Person","Organization"],"@id":"https:\/\/nitu.mx\/#\/schema\/person\/ae7a53426417292d3dd07b45a33e01bc","name":"Arturo Medina","image":{"@type":"ImageObject","inLanguage":"es-MX","@id":"https:\/\/nitu.mx\/#\/schema\/person\/image\/","url":"https:\/\/nitu.mx\/wp-content\/uploads\/2024\/04\/4A315622-1904-4D5C-B022-878CDC840E04-90x90-1.jpeg","contentUrl":"https:\/\/nitu.mx\/wp-content\/uploads\/2024\/04\/4A315622-1904-4D5C-B022-878CDC840E04-90x90-1.jpeg","width":90,"height":90,"caption":"Arturo Medina"},"logo":{"@id":"https:\/\/nitu.mx\/#\/schema\/person\/image\/"},"description":"Director NITU.mx, Egresado de la Escuela de Periodismo Carlos Septi\u00e9n Garc\u00eda. Periodista y analista especializado en turismo desde hace 35 a\u00f1os, radicado en Canc\u00fan Q.Roo. arturo@nitu.mx","sameAs":["https:\/\/nitu.mx","https:\/\/www.facebook.com\/NITUmx\/","medinacancun","https:\/\/twitter.com\/@Arturo_Medina_G"]},{"@type":"Person","@id":"https:\/\/nitu.mx\/#\/schema\/person\/2ecd887b19dfd3382d1f14fc5acf24a8","name":"Alejandra Moncisbays","image":{"@type":"ImageObject","inLanguage":"es-MX","@id":"https:\/\/nitu.mx\/#\/schema\/person\/image\/","url":"https:\/\/secure.gravatar.com\/avatar\/e74f7af0be172b7804dacfd0bfbef787?s=96&d=mm&r=g","contentUrl":"https:\/\/secure.gravatar.com\/avatar\/e74f7af0be172b7804dacfd0bfbef787?s=96&d=mm&r=g","caption":"Alejandra Moncisbays"},"description":"Curs\u00e9 la carrera de Periodismo y Comunicaci\u00f3n en la Facultad de Estudios Profesionales Acatl\u00e1n. Vivo en Canc\u00fan desde hace 24 a\u00f1os. Fui reportera de La Tarde de Canc\u00fan, y Novedades de Quintana Roo, colabor\u00e9 en TVCUN, edit\u00e9 Cancun\u00edssimo y colabor\u00e9 en las revistas Latitud21, entre otras, con principal enfoque en los sectores empresarial y tur\u00edstico. Desde hace varios a\u00f1os soy Agente de Seguros con c\u00e9dula de la Comisi\u00f3n Nacional de Seguros y Fianzas. Actualmente, me desarrollo en los \u00e1mbitos del periodismo y el sector asegurador.","sameAs":["https:\/\/nitu.mx"],"url":"https:\/\/nitu.mx\/index.php\/author\/alejandra\/"}]}},"views":2471,"_links":{"self":[{"href":"https:\/\/nitu.mx\/index.php\/wp-json\/wp\/v2\/posts\/80540"}],"collection":[{"href":"https:\/\/nitu.mx\/index.php\/wp-json\/wp\/v2\/posts"}],"about":[{"href":"https:\/\/nitu.mx\/index.php\/wp-json\/wp\/v2\/types\/post"}],"author":[{"embeddable":true,"href":"https:\/\/nitu.mx\/index.php\/wp-json\/wp\/v2\/users\/3"}],"replies":[{"embeddable":true,"href":"https:\/\/nitu.mx\/index.php\/wp-json\/wp\/v2\/comments?post=80540"}],"version-history":[{"count":2,"href":"https:\/\/nitu.mx\/index.php\/wp-json\/wp\/v2\/posts\/80540\/revisions"}],"predecessor-version":[{"id":80555,"href":"https:\/\/nitu.mx\/index.php\/wp-json\/wp\/v2\/posts\/80540\/revisions\/80555"}],"wp:featuredmedia":[{"embeddable":true,"href":"https:\/\/nitu.mx\/index.php\/wp-json\/wp\/v2\/media\/80541"}],"wp:attachment":[{"href":"https:\/\/nitu.mx\/index.php\/wp-json\/wp\/v2\/media?parent=80540"}],"wp:term":[{"taxonomy":"category","embeddable":true,"href":"https:\/\/nitu.mx\/index.php\/wp-json\/wp\/v2\/categories?post=80540"},{"taxonomy":"post_tag","embeddable":true,"href":"https:\/\/nitu.mx\/index.php\/wp-json\/wp\/v2\/tags?post=80540"}],"curies":[{"name":"wp","href":"https:\/\/api.w.org\/{rel}","templated":true}]}}