{"id":80522,"date":"2025-04-07T20:36:42","date_gmt":"2025-04-08T02:36:42","guid":{"rendered":"https:\/\/nitu.mx\/?p=80522"},"modified":"2025-04-07T20:36:42","modified_gmt":"2025-04-08T02:36:42","slug":"cofepris-revela-las-6-playas-que-no-son-aptas-para-esta-semana-santa","status":"publish","type":"post","link":"https:\/\/nitu.mx\/index.php\/2025\/04\/07\/cofepris-revela-las-6-playas-que-no-son-aptas-para-esta-semana-santa\/","title":{"rendered":"Cofepris revela las 6 playas que no son aptas para esta Semana Santa"},"content":{"rendered":"\n<p>La Comisi\u00f3n Federal para la Protecci\u00f3n contra Riesgos Sanitarios (Cofepris), en coordinaci\u00f3n con las \u00c1reas de Protecci\u00f3n Contra Riesgos Sanitarios estatales (APCRS) y la Red Nacional de Laboratorios Estatales de Salud P\u00fablica (RNLESP), informan que el 98 por ciento de las playas mexicanas son aptas para su uso recreativo, y solo 6 no lo est\u00e1n.<\/p>\n\n\n\n<p>Previo a cada periodo vacacional esta autoridad sanitaria lleva a cabo, a trav\u00e9s de las APCRS, el monitoreo de la calidad del agua de mar en 289 playas de uso recreativo, localizadas en 76 destinos tur\u00edsticos de las 17 entidades federativas costeras y cuyos resultados detallados est\u00e1n disponibles en el siguiente enlace: gob.mx\/Cofepris.&nbsp;<\/p>\n\n\n\n<p>El riguroso an\u00e1lisis del primer muestreo del programa Playas Limpias 2025 comprendi\u00f3 un total de 2 mil 337 muestras en 393 puntos de muestreo, y revel\u00f3 que el 98 por ciento, es decir 283 playas cumplen los est\u00e1ndares para uso recreativo, mientras que 6 playas arrojan resultados por arriba de 200 NMP enterococos fecales\/ 100 mL de agua, en conformidad con la Organizaci\u00f3n Mundial de la Salud (OMS), lo que significa que no son aptas al representar un riesgo sanitario.<\/p>\n\n\n\n<p>Las playas que rebasaron los criterios de calidad y que pueden implicar un riesgo a la poblaci\u00f3n son:&nbsp;<\/p>\n\n\n\n<figure class=\"wp-block-table\"><table><tbody><tr><td><strong>Entidad federativa<\/strong><\/td><td><strong>Destino tur\u00edstico<\/strong><\/td><td><strong>Playa<\/strong><\/td><\/tr><tr><td rowspan=\"4\"><strong>Baja California<\/strong><\/td><td rowspan=\"2\"><strong>Rosarito<\/strong><\/td><td><strong>Playa de Rosarito<\/strong><\/td><\/tr><tr><td><strong>Playa de Rosarito I<\/strong><\/td><\/tr><tr><td rowspan=\"2\"><strong>Tijuana<\/strong><\/td><td><strong>Playa de Tijuana<\/strong><\/td><\/tr><tr><td><strong>Playa de Tijuana I<\/strong><\/td><\/tr><tr><td><strong>Guerrero<\/strong><\/td><td><strong>Acapulco<\/strong><\/td><td><strong>Playas Icacos<\/strong><\/td><\/tr><tr><td><strong>Nayarit<\/strong><\/td><td><strong>Bah\u00eda de Banderas<\/strong><\/td><td><strong>Playa Sayulita<\/strong><\/td><\/tr><\/tbody><\/table><\/figure>\n\n\n\n<p>Cabe se\u00f1alar que Cofepris se coordina con las APCRS de las tres entidades antes se\u00f1aladas para que los Comit\u00e9s de Playas, en los que las autoridades sanitarias estatales son miembros, implementen acciones inmediatas de saneamiento para alcanzar las condiciones \u00f3ptimas de las seis playas y prevenir riesgos a la salud de los turistas nacionales e internacionales.<\/p>\n\n\n\n<p>Esta autoridad precisa que la playa Oasis ubicada en Puerto Vallarta, Jalisco considerada como no apta en el monitoreo anterior correspondiente a diciembre 2024, en esta ocasi\u00f3n obtuvo resultado favorable en este primer muestreo 2025, por lo cual ahora es apta para su uso recreativo.<\/p>\n\n\n\n<p>Asimismo, se exhorta a la poblaci\u00f3n a mantener la limpieza de las playas durante la temporada vacacional, ya que es responsabilidad de todas y todos preservar estos espacios naturales. Cualquier anomal\u00eda relacionada con la calidad del agua se puede reportar directamente en los Comit\u00e9s de Playas establecidos en los diferentes destinos tur\u00edsticos del pa\u00eds. (<a href=\"https:\/\/nitu.mx\/index.php\/2025\/03\/31\/cancun-refuerza-limpieza-en-playas-ante-la-llegada-de-semana-santa\/\">Canc\u00fan refuerza limpieza en playas ante la llegada de Semana Santa<\/a>).<\/p>\n","protected":false},"excerpt":{"rendered":"<p>La Comisi\u00f3n Federal para la Protecci\u00f3n contra Riesgos Sanitarios (Cofepris), en coordinaci\u00f3n con las \u00c1reas de Protecci\u00f3n Contra Riesgos Sanitarios estatales (APCRS) y la Red Nacional de Laboratorios Estatales de Salud P\u00fablica (RNLESP), informan que el 98 por ciento de las playas mexicanas son aptas para su uso recreativo, y solo 6 no lo est\u00e1n. [&hellip;]<\/p>\n","protected":false},"author":17,"featured_media":80524,"comment_status":"open","ping_status":"open","sticky":false,"template":"","format":"standard","meta":{"footnotes":""},"categories":[5],"tags":[40,129,5370,233,1431,3555,3023],"yoast_head":"<!-- This site is optimized with the Yoast SEO plugin v22.2 - https:\/\/yoast.com\/wordpress\/plugins\/seo\/ -->\n<title>Cofepris revela las 6 playas que no son aptas para esta Semana Santa - Nitu - Noticias de la Industria Turistica<\/title>\n<meta name=\"robots\" content=\"index, follow, max-snippet:-1, max-image-preview:large, max-video-preview:-1\" \/>\n<link rel=\"canonical\" href=\"https:\/\/nitu.mx\/index.php\/2025\/04\/07\/cofepris-revela-las-6-playas-que-no-son-aptas-para-esta-semana-santa\/\" \/>\n<meta name=\"twitter:card\" content=\"summary_large_image\" \/>\n<meta name=\"twitter:title\" content=\"Cofepris revela las 6 playas que no son aptas para esta Semana Santa - Nitu - Noticias de la Industria Turistica\" \/>\n<meta name=\"twitter:description\" content=\"La Comisi\u00f3n Federal para la Protecci\u00f3n contra Riesgos Sanitarios (Cofepris), en coordinaci\u00f3n con las \u00c1reas de Protecci\u00f3n Contra Riesgos Sanitarios estatales (APCRS) y la Red Nacional de Laboratorios Estatales de Salud P\u00fablica (RNLESP), informan que el 98 por ciento de las playas mexicanas son aptas para su uso recreativo, y solo 6 no lo est\u00e1n. [&hellip;]\" \/>\n<meta name=\"twitter:image\" content=\"https:\/\/nitu.mx\/wp-content\/uploads\/2025\/04\/Cofepris-Semana-Santa-2025.jpg\" \/>\n<meta name=\"twitter:creator\" content=\"@NITUmx\" \/>\n<meta name=\"twitter:site\" content=\"@Arturo_Medina_G\" \/>\n<meta name=\"twitter:label1\" content=\"Escrito por\" \/>\n\t<meta name=\"twitter:data1\" content=\"Redacci\u00f3n\" \/>\n\t<meta name=\"twitter:label2\" content=\"Tiempo de lectura\" \/>\n\t<meta name=\"twitter:data2\" content=\"2 minutos\" \/>\n<script type=\"application\/ld+json\" class=\"yoast-schema-graph\">{\"@context\":\"https:\/\/schema.org\",\"@graph\":[{\"@type\":\"Article\",\"@id\":\"https:\/\/nitu.mx\/index.php\/2025\/04\/07\/cofepris-revela-las-6-playas-que-no-son-aptas-para-esta-semana-santa\/#article\",\"isPartOf\":{\"@id\":\"https:\/\/nitu.mx\/index.php\/2025\/04\/07\/cofepris-revela-las-6-playas-que-no-son-aptas-para-esta-semana-santa\/\"},\"author\":{\"name\":\"Redacci\u00f3n\",\"@id\":\"https:\/\/nitu.mx\/#\/schema\/person\/4a28fe9bd65924f7c90623773daf1b0b\"},\"headline\":\"Cofepris revela las 6 playas que no son aptas para esta Semana Santa\",\"datePublished\":\"2025-04-08T02:36:42+00:00\",\"dateModified\":\"2025-04-08T02:36:42+00:00\",\"mainEntityOfPage\":{\"@id\":\"https:\/\/nitu.mx\/index.php\/2025\/04\/07\/cofepris-revela-las-6-playas-que-no-son-aptas-para-esta-semana-santa\/\"},\"wordCount\":430,\"commentCount\":0,\"publisher\":{\"@id\":\"https:\/\/nitu.mx\/#\/schema\/person\/ae7a53426417292d3dd07b45a33e01bc\"},\"image\":{\"@id\":\"https:\/\/nitu.mx\/index.php\/2025\/04\/07\/cofepris-revela-las-6-playas-que-no-son-aptas-para-esta-semana-santa\/#primaryimage\"},\"thumbnailUrl\":\"https:\/\/nitu.mx\/wp-content\/uploads\/2025\/04\/Cofepris-Semana-Santa-2025.jpg\",\"keywords\":[\"Acapulco\",\"Baja California\",\"Cofepris\",\"Guerrero\",\"Nayarit\",\"playas\",\"semana Santa\"],\"articleSection\":[\"Destinos\"],\"inLanguage\":\"es-MX\",\"potentialAction\":[{\"@type\":\"CommentAction\",\"name\":\"Comment\",\"target\":[\"https:\/\/nitu.mx\/index.php\/2025\/04\/07\/cofepris-revela-las-6-playas-que-no-son-aptas-para-esta-semana-santa\/#respond\"]}]},{\"@type\":\"WebPage\",\"@id\":\"https:\/\/nitu.mx\/index.php\/2025\/04\/07\/cofepris-revela-las-6-playas-que-no-son-aptas-para-esta-semana-santa\/\",\"url\":\"https:\/\/nitu.mx\/index.php\/2025\/04\/07\/cofepris-revela-las-6-playas-que-no-son-aptas-para-esta-semana-santa\/\",\"name\":\"Cofepris revela las 6 playas que no son aptas para esta Semana Santa - Nitu - Noticias de la Industria Turistica\",\"isPartOf\":{\"@id\":\"https:\/\/nitu.mx\/#website\"},\"primaryImageOfPage\":{\"@id\":\"https:\/\/nitu.mx\/index.php\/2025\/04\/07\/cofepris-revela-las-6-playas-que-no-son-aptas-para-esta-semana-santa\/#primaryimage\"},\"image\":{\"@id\":\"https:\/\/nitu.mx\/index.php\/2025\/04\/07\/cofepris-revela-las-6-playas-que-no-son-aptas-para-esta-semana-santa\/#primaryimage\"},\"thumbnailUrl\":\"https:\/\/nitu.mx\/wp-content\/uploads\/2025\/04\/Cofepris-Semana-Santa-2025.jpg\",\"datePublished\":\"2025-04-08T02:36:42+00:00\",\"dateModified\":\"2025-04-08T02:36:42+00:00\",\"breadcrumb\":{\"@id\":\"https:\/\/nitu.mx\/index.php\/2025\/04\/07\/cofepris-revela-las-6-playas-que-no-son-aptas-para-esta-semana-santa\/#breadcrumb\"},\"inLanguage\":\"es-MX\",\"potentialAction\":[{\"@type\":\"ReadAction\",\"target\":[\"https:\/\/nitu.mx\/index.php\/2025\/04\/07\/cofepris-revela-las-6-playas-que-no-son-aptas-para-esta-semana-santa\/\"]}]},{\"@type\":\"ImageObject\",\"inLanguage\":\"es-MX\",\"@id\":\"https:\/\/nitu.mx\/index.php\/2025\/04\/07\/cofepris-revela-las-6-playas-que-no-son-aptas-para-esta-semana-santa\/#primaryimage\",\"url\":\"https:\/\/nitu.mx\/wp-content\/uploads\/2025\/04\/Cofepris-Semana-Santa-2025.jpg\",\"contentUrl\":\"https:\/\/nitu.mx\/wp-content\/uploads\/2025\/04\/Cofepris-Semana-Santa-2025.jpg\",\"width\":1200,\"height\":675,\"caption\":\"Cofepris Semana Santa 2025\"},{\"@type\":\"BreadcrumbList\",\"@id\":\"https:\/\/nitu.mx\/index.php\/2025\/04\/07\/cofepris-revela-las-6-playas-que-no-son-aptas-para-esta-semana-santa\/#breadcrumb\",\"itemListElement\":[{\"@type\":\"ListItem\",\"position\":1,\"name\":\"Inicio\",\"item\":\"https:\/\/nitu.mx\/\"},{\"@type\":\"ListItem\",\"position\":2,\"name\":\"Cofepris revela las 6 playas que no son aptas para esta Semana Santa\"}]},{\"@type\":\"WebSite\",\"@id\":\"https:\/\/nitu.mx\/#website\",\"url\":\"https:\/\/nitu.mx\/\",\"name\":\"Nitu - Noticias de la Industria Turistica\",\"description\":\"Noticias de la Industria Turistica\",\"publisher\":{\"@id\":\"https:\/\/nitu.mx\/#\/schema\/person\/ae7a53426417292d3dd07b45a33e01bc\"},\"alternateName\":\"Noticias de la Industria Turistica\",\"potentialAction\":[{\"@type\":\"SearchAction\",\"target\":{\"@type\":\"EntryPoint\",\"urlTemplate\":\"https:\/\/nitu.mx\/?s={search_term_string}\"},\"query-input\":\"required name=search_term_string\"}],\"inLanguage\":\"es-MX\"},{\"@type\":[\"Person\",\"Organization\"],\"@id\":\"https:\/\/nitu.mx\/#\/schema\/person\/ae7a53426417292d3dd07b45a33e01bc\",\"name\":\"Arturo Medina\",\"image\":{\"@type\":\"ImageObject\",\"inLanguage\":\"es-MX\",\"@id\":\"https:\/\/nitu.mx\/#\/schema\/person\/image\/\",\"url\":\"https:\/\/nitu.mx\/wp-content\/uploads\/2024\/04\/4A315622-1904-4D5C-B022-878CDC840E04-90x90-1.jpeg\",\"contentUrl\":\"https:\/\/nitu.mx\/wp-content\/uploads\/2024\/04\/4A315622-1904-4D5C-B022-878CDC840E04-90x90-1.jpeg\",\"width\":90,\"height\":90,\"caption\":\"Arturo Medina\"},\"logo\":{\"@id\":\"https:\/\/nitu.mx\/#\/schema\/person\/image\/\"},\"description\":\"Director NITU.mx, Egresado de la Escuela de Periodismo Carlos Septi\u00e9n Garc\u00eda. Periodista y analista especializado en turismo desde hace 35 a\u00f1os, radicado en Canc\u00fan Q.Roo. arturo@nitu.mx\",\"sameAs\":[\"https:\/\/nitu.mx\",\"https:\/\/www.facebook.com\/NITUmx\/\",\"medinacancun\",\"https:\/\/twitter.com\/@Arturo_Medina_G\"]},{\"@type\":\"Person\",\"@id\":\"https:\/\/nitu.mx\/#\/schema\/person\/4a28fe9bd65924f7c90623773daf1b0b\",\"name\":\"Redacci\u00f3n\",\"image\":{\"@type\":\"ImageObject\",\"inLanguage\":\"es-MX\",\"@id\":\"https:\/\/nitu.mx\/#\/schema\/person\/image\/\",\"url\":\"https:\/\/secure.gravatar.com\/avatar\/5dd011c8ccfc5cd7e4c81e42252aab38?s=96&d=mm&r=g\",\"contentUrl\":\"https:\/\/secure.gravatar.com\/avatar\/5dd011c8ccfc5cd7e4c81e42252aab38?s=96&d=mm&r=g\",\"caption\":\"Redacci\u00f3n\"},\"url\":\"https:\/\/nitu.mx\/index.php\/author\/redaccion\/\"}]}<\/script>\n<!-- \/ Yoast SEO plugin. -->","yoast_head_json":{"title":"Cofepris revela las 6 playas que no son aptas para esta Semana Santa - Nitu - Noticias de la Industria Turistica","robots":{"index":"index","follow":"follow","max-snippet":"max-snippet:-1","max-image-preview":"max-image-preview:large","max-video-preview":"max-video-preview:-1"},"canonical":"https:\/\/nitu.mx\/index.php\/2025\/04\/07\/cofepris-revela-las-6-playas-que-no-son-aptas-para-esta-semana-santa\/","twitter_card":"summary_large_image","twitter_title":"Cofepris revela las 6 playas que no son aptas para esta Semana Santa - Nitu - Noticias de la Industria Turistica","twitter_description":"La Comisi\u00f3n Federal para la Protecci\u00f3n contra Riesgos Sanitarios (Cofepris), en coordinaci\u00f3n con las \u00c1reas de Protecci\u00f3n Contra Riesgos Sanitarios estatales (APCRS) y la Red Nacional de Laboratorios Estatales de Salud P\u00fablica (RNLESP), informan que el 98 por ciento de las playas mexicanas son aptas para su uso recreativo, y solo 6 no lo est\u00e1n. [&hellip;]","twitter_image":"https:\/\/nitu.mx\/wp-content\/uploads\/2025\/04\/Cofepris-Semana-Santa-2025.jpg","twitter_creator":"@NITUmx","twitter_site":"@Arturo_Medina_G","twitter_misc":{"Escrito por":"Redacci\u00f3n","Tiempo de lectura":"2 minutos"},"schema":{"@context":"https:\/\/schema.org","@graph":[{"@type":"Article","@id":"https:\/\/nitu.mx\/index.php\/2025\/04\/07\/cofepris-revela-las-6-playas-que-no-son-aptas-para-esta-semana-santa\/#article","isPartOf":{"@id":"https:\/\/nitu.mx\/index.php\/2025\/04\/07\/cofepris-revela-las-6-playas-que-no-son-aptas-para-esta-semana-santa\/"},"author":{"name":"Redacci\u00f3n","@id":"https:\/\/nitu.mx\/#\/schema\/person\/4a28fe9bd65924f7c90623773daf1b0b"},"headline":"Cofepris revela las 6 playas que no son aptas para esta Semana Santa","datePublished":"2025-04-08T02:36:42+00:00","dateModified":"2025-04-08T02:36:42+00:00","mainEntityOfPage":{"@id":"https:\/\/nitu.mx\/index.php\/2025\/04\/07\/cofepris-revela-las-6-playas-que-no-son-aptas-para-esta-semana-santa\/"},"wordCount":430,"commentCount":0,"publisher":{"@id":"https:\/\/nitu.mx\/#\/schema\/person\/ae7a53426417292d3dd07b45a33e01bc"},"image":{"@id":"https:\/\/nitu.mx\/index.php\/2025\/04\/07\/cofepris-revela-las-6-playas-que-no-son-aptas-para-esta-semana-santa\/#primaryimage"},"thumbnailUrl":"https:\/\/nitu.mx\/wp-content\/uploads\/2025\/04\/Cofepris-Semana-Santa-2025.jpg","keywords":["Acapulco","Baja California","Cofepris","Guerrero","Nayarit","playas","semana Santa"],"articleSection":["Destinos"],"inLanguage":"es-MX","potentialAction":[{"@type":"CommentAction","name":"Comment","target":["https:\/\/nitu.mx\/index.php\/2025\/04\/07\/cofepris-revela-las-6-playas-que-no-son-aptas-para-esta-semana-santa\/#respond"]}]},{"@type":"WebPage","@id":"https:\/\/nitu.mx\/index.php\/2025\/04\/07\/cofepris-revela-las-6-playas-que-no-son-aptas-para-esta-semana-santa\/","url":"https:\/\/nitu.mx\/index.php\/2025\/04\/07\/cofepris-revela-las-6-playas-que-no-son-aptas-para-esta-semana-santa\/","name":"Cofepris revela las 6 playas que no son aptas para esta Semana Santa - Nitu - Noticias de la Industria Turistica","isPartOf":{"@id":"https:\/\/nitu.mx\/#website"},"primaryImageOfPage":{"@id":"https:\/\/nitu.mx\/index.php\/2025\/04\/07\/cofepris-revela-las-6-playas-que-no-son-aptas-para-esta-semana-santa\/#primaryimage"},"image":{"@id":"https:\/\/nitu.mx\/index.php\/2025\/04\/07\/cofepris-revela-las-6-playas-que-no-son-aptas-para-esta-semana-santa\/#primaryimage"},"thumbnailUrl":"https:\/\/nitu.mx\/wp-content\/uploads\/2025\/04\/Cofepris-Semana-Santa-2025.jpg","datePublished":"2025-04-08T02:36:42+00:00","dateModified":"2025-04-08T02:36:42+00:00","breadcrumb":{"@id":"https:\/\/nitu.mx\/index.php\/2025\/04\/07\/cofepris-revela-las-6-playas-que-no-son-aptas-para-esta-semana-santa\/#breadcrumb"},"inLanguage":"es-MX","potentialAction":[{"@type":"ReadAction","target":["https:\/\/nitu.mx\/index.php\/2025\/04\/07\/cofepris-revela-las-6-playas-que-no-son-aptas-para-esta-semana-santa\/"]}]},{"@type":"ImageObject","inLanguage":"es-MX","@id":"https:\/\/nitu.mx\/index.php\/2025\/04\/07\/cofepris-revela-las-6-playas-que-no-son-aptas-para-esta-semana-santa\/#primaryimage","url":"https:\/\/nitu.mx\/wp-content\/uploads\/2025\/04\/Cofepris-Semana-Santa-2025.jpg","contentUrl":"https:\/\/nitu.mx\/wp-content\/uploads\/2025\/04\/Cofepris-Semana-Santa-2025.jpg","width":1200,"height":675,"caption":"Cofepris Semana Santa 2025"},{"@type":"BreadcrumbList","@id":"https:\/\/nitu.mx\/index.php\/2025\/04\/07\/cofepris-revela-las-6-playas-que-no-son-aptas-para-esta-semana-santa\/#breadcrumb","itemListElement":[{"@type":"ListItem","position":1,"name":"Inicio","item":"https:\/\/nitu.mx\/"},{"@type":"ListItem","position":2,"name":"Cofepris revela las 6 playas que no son aptas para esta Semana Santa"}]},{"@type":"WebSite","@id":"https:\/\/nitu.mx\/#website","url":"https:\/\/nitu.mx\/","name":"Nitu - Noticias de la Industria Turistica","description":"Noticias de la Industria Turistica","publisher":{"@id":"https:\/\/nitu.mx\/#\/schema\/person\/ae7a53426417292d3dd07b45a33e01bc"},"alternateName":"Noticias de la Industria Turistica","potentialAction":[{"@type":"SearchAction","target":{"@type":"EntryPoint","urlTemplate":"https:\/\/nitu.mx\/?s={search_term_string}"},"query-input":"required name=search_term_string"}],"inLanguage":"es-MX"},{"@type":["Person","Organization"],"@id":"https:\/\/nitu.mx\/#\/schema\/person\/ae7a53426417292d3dd07b45a33e01bc","name":"Arturo Medina","image":{"@type":"ImageObject","inLanguage":"es-MX","@id":"https:\/\/nitu.mx\/#\/schema\/person\/image\/","url":"https:\/\/nitu.mx\/wp-content\/uploads\/2024\/04\/4A315622-1904-4D5C-B022-878CDC840E04-90x90-1.jpeg","contentUrl":"https:\/\/nitu.mx\/wp-content\/uploads\/2024\/04\/4A315622-1904-4D5C-B022-878CDC840E04-90x90-1.jpeg","width":90,"height":90,"caption":"Arturo Medina"},"logo":{"@id":"https:\/\/nitu.mx\/#\/schema\/person\/image\/"},"description":"Director NITU.mx, Egresado de la Escuela de Periodismo Carlos Septi\u00e9n Garc\u00eda. Periodista y analista especializado en turismo desde hace 35 a\u00f1os, radicado en Canc\u00fan Q.Roo. arturo@nitu.mx","sameAs":["https:\/\/nitu.mx","https:\/\/www.facebook.com\/NITUmx\/","medinacancun","https:\/\/twitter.com\/@Arturo_Medina_G"]},{"@type":"Person","@id":"https:\/\/nitu.mx\/#\/schema\/person\/4a28fe9bd65924f7c90623773daf1b0b","name":"Redacci\u00f3n","image":{"@type":"ImageObject","inLanguage":"es-MX","@id":"https:\/\/nitu.mx\/#\/schema\/person\/image\/","url":"https:\/\/secure.gravatar.com\/avatar\/5dd011c8ccfc5cd7e4c81e42252aab38?s=96&d=mm&r=g","contentUrl":"https:\/\/secure.gravatar.com\/avatar\/5dd011c8ccfc5cd7e4c81e42252aab38?s=96&d=mm&r=g","caption":"Redacci\u00f3n"},"url":"https:\/\/nitu.mx\/index.php\/author\/redaccion\/"}]}},"views":573,"_links":{"self":[{"href":"https:\/\/nitu.mx\/index.php\/wp-json\/wp\/v2\/posts\/80522"}],"collection":[{"href":"https:\/\/nitu.mx\/index.php\/wp-json\/wp\/v2\/posts"}],"about":[{"href":"https:\/\/nitu.mx\/index.php\/wp-json\/wp\/v2\/types\/post"}],"author":[{"embeddable":true,"href":"https:\/\/nitu.mx\/index.php\/wp-json\/wp\/v2\/users\/17"}],"replies":[{"embeddable":true,"href":"https:\/\/nitu.mx\/index.php\/wp-json\/wp\/v2\/comments?post=80522"}],"version-history":[{"count":2,"href":"https:\/\/nitu.mx\/index.php\/wp-json\/wp\/v2\/posts\/80522\/revisions"}],"predecessor-version":[{"id":80527,"href":"https:\/\/nitu.mx\/index.php\/wp-json\/wp\/v2\/posts\/80522\/revisions\/80527"}],"wp:featuredmedia":[{"embeddable":true,"href":"https:\/\/nitu.mx\/index.php\/wp-json\/wp\/v2\/media\/80524"}],"wp:attachment":[{"href":"https:\/\/nitu.mx\/index.php\/wp-json\/wp\/v2\/media?parent=80522"}],"wp:term":[{"taxonomy":"category","embeddable":true,"href":"https:\/\/nitu.mx\/index.php\/wp-json\/wp\/v2\/categories?post=80522"},{"taxonomy":"post_tag","embeddable":true,"href":"https:\/\/nitu.mx\/index.php\/wp-json\/wp\/v2\/tags?post=80522"}],"curies":[{"name":"wp","href":"https:\/\/api.w.org\/{rel}","templated":true}]}}