{"id":80518,"date":"2025-04-07T20:30:06","date_gmt":"2025-04-08T02:30:06","guid":{"rendered":"https:\/\/nitu.mx\/?p=80518"},"modified":"2025-04-07T20:30:06","modified_gmt":"2025-04-08T02:30:06","slug":"inicia-comercializacion-del-tren-maya-via-plataformas-digitales-con-civitatis","status":"publish","type":"post","link":"https:\/\/nitu.mx\/index.php\/2025\/04\/07\/inicia-comercializacion-del-tren-maya-via-plataformas-digitales-con-civitatis\/","title":{"rendered":"Inicia comercializaci\u00f3n del Tren Maya v\u00eda plataformas digitales con Civitatis"},"content":{"rendered":"\n<p>Desde el 1 de abril de 2025 inici\u00f3 la comercializaci\u00f3n de los recorridos del Tren Maya a trav\u00e9s de plataformas y agencias de viajes en l\u00ednea (OTAS, por sus siglas en ingl\u00e9s). En este tenor, la Secretar\u00eda de Turismo federal (Sectur) inform\u00f3 que Civitatis incorpor\u00f3 a su oferta los recorridos a bordo de esta obra, convirti\u00e9ndose en la primera plataforma en l\u00ednea en hacerlo.<\/p>\n\n\n\n<p>La titular de Sectur, Josefina Rodr\u00edguez Zamora, reiter\u00f3 la importancia de continuar con el fortalecimiento de la cadena productiva del sector tur\u00edstico, con \u00e9nfasis en las comunidades residentes en Campeche, Chiapas, Quintana Roo, Tabasco y Yucat\u00e1n, a trav\u00e9s de la promoci\u00f3n del Tren Maya.<\/p>\n\n\n\n<p>Reiter\u00f3 la importancia del Tren Maya como generador de prosperidad compartida y empleo en las comunidades beneficiadas directa e indirectamente y, que tambi\u00e9n, da un valor agregado a M\u00e9xico y a sus pueblos con servicios tur\u00edsticos de calidad mundial.<\/p>\n\n\n\n<p>Rodr\u00edguez Zamora invit\u00f3 a las agencias de viajes interesadas en promocionar esta gran obra de infraestructura tur\u00edstica a acercarse a la dependencia que encabeza, para que, juntos, iniciativa privada y los tres \u00f3rdenes de gobierno, sigamos haciendo del turismo el sector multiplicador de las buenas noticias. <\/p>\n\n\n\n<p>\u201cConforme a la instrucci\u00f3n de la presidenta de M\u00e9xico, Claudia Sheinbaum Pardo, continuaremos gestionando con las agencias de viajes, plataformas digitales y aplicaciones para que el Tren Maya sea incorporado en su oferta\u201d, indic\u00f3.<\/p>\n\n\n\n<p>Por su parte, Juan Rossello, country manager Civitatis M\u00e9xico, se\u00f1al\u00f3 que \u201cestamos muy orgullosos de ser pioneros en ofrecer este producto tan importante para el mercado mexicano, impulsando el desarrollo del turismo y la econom\u00eda de los estados en el sureste. Es un primer recorrido que lleva a nuestra principal atracci\u00f3n tur\u00edstica en M\u00e9xico dentro de la plataforma, pero esperamos sumar m\u00e1s estaciones y m\u00e1s oferta con el Tren Maya\u201d.<\/p>\n\n\n\n<p>Con lo anterior, ahora se puede reservar un viaje redondo a bordo del Tren Maya entre Canc\u00fan, uno de los sitios tur\u00edsticos m\u00e1s buscados en M\u00e9xico dentro de la plataforma, y Chich\u00e9n Itz\u00e1. Tambi\u00e9n se puede elegir una visita guiada o un tour privado por la zona arqueol\u00f3gica, entre otras experiencias complementarias en la regi\u00f3n. (<a href=\"https:\/\/nitu.mx\/index.php\/2025\/03\/13\/mexsat-brindara-servicio-de-comunicacion-y-rastreo-al-tren-maya\/\">Mexsat brindar\u00e1 servicio de comunicaci\u00f3n y rastreo al Tren Maya<\/a>).<\/p>\n","protected":false},"excerpt":{"rendered":"<p>Desde el 1 de abril de 2025 inici\u00f3 la comercializaci\u00f3n de los recorridos del Tren Maya a trav\u00e9s de plataformas y agencias de viajes en l\u00ednea (OTAS, por sus siglas en ingl\u00e9s). En este tenor, la Secretar\u00eda de Turismo federal (Sectur) inform\u00f3 que Civitatis incorpor\u00f3 a su oferta los recorridos a bordo de esta obra, [&hellip;]<\/p>\n","protected":false},"author":17,"featured_media":80520,"comment_status":"open","ping_status":"open","sticky":false,"template":"","format":"standard","meta":{"footnotes":""},"categories":[22813],"tags":[22134,25659,26477,93,11427],"yoast_head":"<!-- This site is optimized with the Yoast SEO plugin v22.2 - https:\/\/yoast.com\/wordpress\/plugins\/seo\/ -->\n<title>Inicia comercializaci\u00f3n del Tren Maya v\u00eda plataformas digitales con Civitatis - Nitu - Noticias de la Industria Turistica<\/title>\n<meta name=\"robots\" content=\"index, follow, max-snippet:-1, max-image-preview:large, max-video-preview:-1\" \/>\n<link rel=\"canonical\" href=\"https:\/\/nitu.mx\/index.php\/2025\/04\/07\/inicia-comercializacion-del-tren-maya-via-plataformas-digitales-con-civitatis\/\" \/>\n<meta name=\"twitter:card\" content=\"summary_large_image\" \/>\n<meta name=\"twitter:title\" content=\"Inicia comercializaci\u00f3n del Tren Maya v\u00eda plataformas digitales con Civitatis - Nitu - Noticias de la Industria Turistica\" \/>\n<meta name=\"twitter:description\" content=\"Desde el 1 de abril de 2025 inici\u00f3 la comercializaci\u00f3n de los recorridos del Tren Maya a trav\u00e9s de plataformas y agencias de viajes en l\u00ednea (OTAS, por sus siglas en ingl\u00e9s). En este tenor, la Secretar\u00eda de Turismo federal (Sectur) inform\u00f3 que Civitatis incorpor\u00f3 a su oferta los recorridos a bordo de esta obra, [&hellip;]\" \/>\n<meta name=\"twitter:image\" content=\"https:\/\/nitu.mx\/wp-content\/uploads\/2025\/04\/Tren-Maya-Civitatis.jpg\" \/>\n<meta name=\"twitter:creator\" content=\"@NITUmx\" \/>\n<meta name=\"twitter:site\" content=\"@Arturo_Medina_G\" \/>\n<meta name=\"twitter:label1\" content=\"Escrito por\" \/>\n\t<meta name=\"twitter:data1\" content=\"Redacci\u00f3n\" \/>\n\t<meta name=\"twitter:label2\" content=\"Tiempo de lectura\" \/>\n\t<meta name=\"twitter:data2\" content=\"2 minutos\" \/>\n<script type=\"application\/ld+json\" class=\"yoast-schema-graph\">{\"@context\":\"https:\/\/schema.org\",\"@graph\":[{\"@type\":\"Article\",\"@id\":\"https:\/\/nitu.mx\/index.php\/2025\/04\/07\/inicia-comercializacion-del-tren-maya-via-plataformas-digitales-con-civitatis\/#article\",\"isPartOf\":{\"@id\":\"https:\/\/nitu.mx\/index.php\/2025\/04\/07\/inicia-comercializacion-del-tren-maya-via-plataformas-digitales-con-civitatis\/\"},\"author\":{\"name\":\"Redacci\u00f3n\",\"@id\":\"https:\/\/nitu.mx\/#\/schema\/person\/4a28fe9bd65924f7c90623773daf1b0b\"},\"headline\":\"Inicia comercializaci\u00f3n del Tren Maya v\u00eda plataformas digitales con Civitatis\",\"datePublished\":\"2025-04-08T02:30:06+00:00\",\"dateModified\":\"2025-04-08T02:30:06+00:00\",\"mainEntityOfPage\":{\"@id\":\"https:\/\/nitu.mx\/index.php\/2025\/04\/07\/inicia-comercializacion-del-tren-maya-via-plataformas-digitales-con-civitatis\/\"},\"wordCount\":408,\"commentCount\":0,\"publisher\":{\"@id\":\"https:\/\/nitu.mx\/#\/schema\/person\/ae7a53426417292d3dd07b45a33e01bc\"},\"image\":{\"@id\":\"https:\/\/nitu.mx\/index.php\/2025\/04\/07\/inicia-comercializacion-del-tren-maya-via-plataformas-digitales-con-civitatis\/#primaryimage\"},\"thumbnailUrl\":\"https:\/\/nitu.mx\/wp-content\/uploads\/2025\/04\/Tren-Maya-Civitatis.jpg\",\"keywords\":[\"Civitatis\",\"Josefina Rodr\u00edguez\",\"Juan Rossello\",\"Sectur\",\"Tren Maya\"],\"articleSection\":[\"Tren Maya\"],\"inLanguage\":\"es-MX\",\"potentialAction\":[{\"@type\":\"CommentAction\",\"name\":\"Comment\",\"target\":[\"https:\/\/nitu.mx\/index.php\/2025\/04\/07\/inicia-comercializacion-del-tren-maya-via-plataformas-digitales-con-civitatis\/#respond\"]}]},{\"@type\":\"WebPage\",\"@id\":\"https:\/\/nitu.mx\/index.php\/2025\/04\/07\/inicia-comercializacion-del-tren-maya-via-plataformas-digitales-con-civitatis\/\",\"url\":\"https:\/\/nitu.mx\/index.php\/2025\/04\/07\/inicia-comercializacion-del-tren-maya-via-plataformas-digitales-con-civitatis\/\",\"name\":\"Inicia comercializaci\u00f3n del Tren Maya v\u00eda plataformas digitales con Civitatis - Nitu - Noticias de la Industria Turistica\",\"isPartOf\":{\"@id\":\"https:\/\/nitu.mx\/#website\"},\"primaryImageOfPage\":{\"@id\":\"https:\/\/nitu.mx\/index.php\/2025\/04\/07\/inicia-comercializacion-del-tren-maya-via-plataformas-digitales-con-civitatis\/#primaryimage\"},\"image\":{\"@id\":\"https:\/\/nitu.mx\/index.php\/2025\/04\/07\/inicia-comercializacion-del-tren-maya-via-plataformas-digitales-con-civitatis\/#primaryimage\"},\"thumbnailUrl\":\"https:\/\/nitu.mx\/wp-content\/uploads\/2025\/04\/Tren-Maya-Civitatis.jpg\",\"datePublished\":\"2025-04-08T02:30:06+00:00\",\"dateModified\":\"2025-04-08T02:30:06+00:00\",\"breadcrumb\":{\"@id\":\"https:\/\/nitu.mx\/index.php\/2025\/04\/07\/inicia-comercializacion-del-tren-maya-via-plataformas-digitales-con-civitatis\/#breadcrumb\"},\"inLanguage\":\"es-MX\",\"potentialAction\":[{\"@type\":\"ReadAction\",\"target\":[\"https:\/\/nitu.mx\/index.php\/2025\/04\/07\/inicia-comercializacion-del-tren-maya-via-plataformas-digitales-con-civitatis\/\"]}]},{\"@type\":\"ImageObject\",\"inLanguage\":\"es-MX\",\"@id\":\"https:\/\/nitu.mx\/index.php\/2025\/04\/07\/inicia-comercializacion-del-tren-maya-via-plataformas-digitales-con-civitatis\/#primaryimage\",\"url\":\"https:\/\/nitu.mx\/wp-content\/uploads\/2025\/04\/Tren-Maya-Civitatis.jpg\",\"contentUrl\":\"https:\/\/nitu.mx\/wp-content\/uploads\/2025\/04\/Tren-Maya-Civitatis.jpg\",\"width\":1200,\"height\":675,\"caption\":\"Tren Maya Civitatis\"},{\"@type\":\"BreadcrumbList\",\"@id\":\"https:\/\/nitu.mx\/index.php\/2025\/04\/07\/inicia-comercializacion-del-tren-maya-via-plataformas-digitales-con-civitatis\/#breadcrumb\",\"itemListElement\":[{\"@type\":\"ListItem\",\"position\":1,\"name\":\"Inicio\",\"item\":\"https:\/\/nitu.mx\/\"},{\"@type\":\"ListItem\",\"position\":2,\"name\":\"Inicia comercializaci\u00f3n del Tren Maya v\u00eda plataformas digitales con Civitatis\"}]},{\"@type\":\"WebSite\",\"@id\":\"https:\/\/nitu.mx\/#website\",\"url\":\"https:\/\/nitu.mx\/\",\"name\":\"Nitu - Noticias de la Industria Turistica\",\"description\":\"Noticias de la Industria Turistica\",\"publisher\":{\"@id\":\"https:\/\/nitu.mx\/#\/schema\/person\/ae7a53426417292d3dd07b45a33e01bc\"},\"alternateName\":\"Noticias de la Industria Turistica\",\"potentialAction\":[{\"@type\":\"SearchAction\",\"target\":{\"@type\":\"EntryPoint\",\"urlTemplate\":\"https:\/\/nitu.mx\/?s={search_term_string}\"},\"query-input\":\"required name=search_term_string\"}],\"inLanguage\":\"es-MX\"},{\"@type\":[\"Person\",\"Organization\"],\"@id\":\"https:\/\/nitu.mx\/#\/schema\/person\/ae7a53426417292d3dd07b45a33e01bc\",\"name\":\"Arturo Medina\",\"image\":{\"@type\":\"ImageObject\",\"inLanguage\":\"es-MX\",\"@id\":\"https:\/\/nitu.mx\/#\/schema\/person\/image\/\",\"url\":\"https:\/\/nitu.mx\/wp-content\/uploads\/2024\/04\/4A315622-1904-4D5C-B022-878CDC840E04-90x90-1.jpeg\",\"contentUrl\":\"https:\/\/nitu.mx\/wp-content\/uploads\/2024\/04\/4A315622-1904-4D5C-B022-878CDC840E04-90x90-1.jpeg\",\"width\":90,\"height\":90,\"caption\":\"Arturo Medina\"},\"logo\":{\"@id\":\"https:\/\/nitu.mx\/#\/schema\/person\/image\/\"},\"description\":\"Director NITU.mx, Egresado de la Escuela de Periodismo Carlos Septi\u00e9n Garc\u00eda. Periodista y analista especializado en turismo desde hace 35 a\u00f1os, radicado en Canc\u00fan Q.Roo. arturo@nitu.mx\",\"sameAs\":[\"https:\/\/nitu.mx\",\"https:\/\/www.facebook.com\/NITUmx\/\",\"medinacancun\",\"https:\/\/twitter.com\/@Arturo_Medina_G\"]},{\"@type\":\"Person\",\"@id\":\"https:\/\/nitu.mx\/#\/schema\/person\/4a28fe9bd65924f7c90623773daf1b0b\",\"name\":\"Redacci\u00f3n\",\"image\":{\"@type\":\"ImageObject\",\"inLanguage\":\"es-MX\",\"@id\":\"https:\/\/nitu.mx\/#\/schema\/person\/image\/\",\"url\":\"https:\/\/secure.gravatar.com\/avatar\/5dd011c8ccfc5cd7e4c81e42252aab38?s=96&d=mm&r=g\",\"contentUrl\":\"https:\/\/secure.gravatar.com\/avatar\/5dd011c8ccfc5cd7e4c81e42252aab38?s=96&d=mm&r=g\",\"caption\":\"Redacci\u00f3n\"},\"url\":\"https:\/\/nitu.mx\/index.php\/author\/redaccion\/\"}]}<\/script>\n<!-- \/ Yoast SEO plugin. -->","yoast_head_json":{"title":"Inicia comercializaci\u00f3n del Tren Maya v\u00eda plataformas digitales con Civitatis - Nitu - Noticias de la Industria Turistica","robots":{"index":"index","follow":"follow","max-snippet":"max-snippet:-1","max-image-preview":"max-image-preview:large","max-video-preview":"max-video-preview:-1"},"canonical":"https:\/\/nitu.mx\/index.php\/2025\/04\/07\/inicia-comercializacion-del-tren-maya-via-plataformas-digitales-con-civitatis\/","twitter_card":"summary_large_image","twitter_title":"Inicia comercializaci\u00f3n del Tren Maya v\u00eda plataformas digitales con Civitatis - Nitu - Noticias de la Industria Turistica","twitter_description":"Desde el 1 de abril de 2025 inici\u00f3 la comercializaci\u00f3n de los recorridos del Tren Maya a trav\u00e9s de plataformas y agencias de viajes en l\u00ednea (OTAS, por sus siglas en ingl\u00e9s). En este tenor, la Secretar\u00eda de Turismo federal (Sectur) inform\u00f3 que Civitatis incorpor\u00f3 a su oferta los recorridos a bordo de esta obra, [&hellip;]","twitter_image":"https:\/\/nitu.mx\/wp-content\/uploads\/2025\/04\/Tren-Maya-Civitatis.jpg","twitter_creator":"@NITUmx","twitter_site":"@Arturo_Medina_G","twitter_misc":{"Escrito por":"Redacci\u00f3n","Tiempo de lectura":"2 minutos"},"schema":{"@context":"https:\/\/schema.org","@graph":[{"@type":"Article","@id":"https:\/\/nitu.mx\/index.php\/2025\/04\/07\/inicia-comercializacion-del-tren-maya-via-plataformas-digitales-con-civitatis\/#article","isPartOf":{"@id":"https:\/\/nitu.mx\/index.php\/2025\/04\/07\/inicia-comercializacion-del-tren-maya-via-plataformas-digitales-con-civitatis\/"},"author":{"name":"Redacci\u00f3n","@id":"https:\/\/nitu.mx\/#\/schema\/person\/4a28fe9bd65924f7c90623773daf1b0b"},"headline":"Inicia comercializaci\u00f3n del Tren Maya v\u00eda plataformas digitales con Civitatis","datePublished":"2025-04-08T02:30:06+00:00","dateModified":"2025-04-08T02:30:06+00:00","mainEntityOfPage":{"@id":"https:\/\/nitu.mx\/index.php\/2025\/04\/07\/inicia-comercializacion-del-tren-maya-via-plataformas-digitales-con-civitatis\/"},"wordCount":408,"commentCount":0,"publisher":{"@id":"https:\/\/nitu.mx\/#\/schema\/person\/ae7a53426417292d3dd07b45a33e01bc"},"image":{"@id":"https:\/\/nitu.mx\/index.php\/2025\/04\/07\/inicia-comercializacion-del-tren-maya-via-plataformas-digitales-con-civitatis\/#primaryimage"},"thumbnailUrl":"https:\/\/nitu.mx\/wp-content\/uploads\/2025\/04\/Tren-Maya-Civitatis.jpg","keywords":["Civitatis","Josefina Rodr\u00edguez","Juan Rossello","Sectur","Tren Maya"],"articleSection":["Tren Maya"],"inLanguage":"es-MX","potentialAction":[{"@type":"CommentAction","name":"Comment","target":["https:\/\/nitu.mx\/index.php\/2025\/04\/07\/inicia-comercializacion-del-tren-maya-via-plataformas-digitales-con-civitatis\/#respond"]}]},{"@type":"WebPage","@id":"https:\/\/nitu.mx\/index.php\/2025\/04\/07\/inicia-comercializacion-del-tren-maya-via-plataformas-digitales-con-civitatis\/","url":"https:\/\/nitu.mx\/index.php\/2025\/04\/07\/inicia-comercializacion-del-tren-maya-via-plataformas-digitales-con-civitatis\/","name":"Inicia comercializaci\u00f3n del Tren Maya v\u00eda plataformas digitales con Civitatis - Nitu - Noticias de la Industria Turistica","isPartOf":{"@id":"https:\/\/nitu.mx\/#website"},"primaryImageOfPage":{"@id":"https:\/\/nitu.mx\/index.php\/2025\/04\/07\/inicia-comercializacion-del-tren-maya-via-plataformas-digitales-con-civitatis\/#primaryimage"},"image":{"@id":"https:\/\/nitu.mx\/index.php\/2025\/04\/07\/inicia-comercializacion-del-tren-maya-via-plataformas-digitales-con-civitatis\/#primaryimage"},"thumbnailUrl":"https:\/\/nitu.mx\/wp-content\/uploads\/2025\/04\/Tren-Maya-Civitatis.jpg","datePublished":"2025-04-08T02:30:06+00:00","dateModified":"2025-04-08T02:30:06+00:00","breadcrumb":{"@id":"https:\/\/nitu.mx\/index.php\/2025\/04\/07\/inicia-comercializacion-del-tren-maya-via-plataformas-digitales-con-civitatis\/#breadcrumb"},"inLanguage":"es-MX","potentialAction":[{"@type":"ReadAction","target":["https:\/\/nitu.mx\/index.php\/2025\/04\/07\/inicia-comercializacion-del-tren-maya-via-plataformas-digitales-con-civitatis\/"]}]},{"@type":"ImageObject","inLanguage":"es-MX","@id":"https:\/\/nitu.mx\/index.php\/2025\/04\/07\/inicia-comercializacion-del-tren-maya-via-plataformas-digitales-con-civitatis\/#primaryimage","url":"https:\/\/nitu.mx\/wp-content\/uploads\/2025\/04\/Tren-Maya-Civitatis.jpg","contentUrl":"https:\/\/nitu.mx\/wp-content\/uploads\/2025\/04\/Tren-Maya-Civitatis.jpg","width":1200,"height":675,"caption":"Tren Maya Civitatis"},{"@type":"BreadcrumbList","@id":"https:\/\/nitu.mx\/index.php\/2025\/04\/07\/inicia-comercializacion-del-tren-maya-via-plataformas-digitales-con-civitatis\/#breadcrumb","itemListElement":[{"@type":"ListItem","position":1,"name":"Inicio","item":"https:\/\/nitu.mx\/"},{"@type":"ListItem","position":2,"name":"Inicia comercializaci\u00f3n del Tren Maya v\u00eda plataformas digitales con Civitatis"}]},{"@type":"WebSite","@id":"https:\/\/nitu.mx\/#website","url":"https:\/\/nitu.mx\/","name":"Nitu - Noticias de la Industria Turistica","description":"Noticias de la Industria Turistica","publisher":{"@id":"https:\/\/nitu.mx\/#\/schema\/person\/ae7a53426417292d3dd07b45a33e01bc"},"alternateName":"Noticias de la Industria Turistica","potentialAction":[{"@type":"SearchAction","target":{"@type":"EntryPoint","urlTemplate":"https:\/\/nitu.mx\/?s={search_term_string}"},"query-input":"required name=search_term_string"}],"inLanguage":"es-MX"},{"@type":["Person","Organization"],"@id":"https:\/\/nitu.mx\/#\/schema\/person\/ae7a53426417292d3dd07b45a33e01bc","name":"Arturo Medina","image":{"@type":"ImageObject","inLanguage":"es-MX","@id":"https:\/\/nitu.mx\/#\/schema\/person\/image\/","url":"https:\/\/nitu.mx\/wp-content\/uploads\/2024\/04\/4A315622-1904-4D5C-B022-878CDC840E04-90x90-1.jpeg","contentUrl":"https:\/\/nitu.mx\/wp-content\/uploads\/2024\/04\/4A315622-1904-4D5C-B022-878CDC840E04-90x90-1.jpeg","width":90,"height":90,"caption":"Arturo Medina"},"logo":{"@id":"https:\/\/nitu.mx\/#\/schema\/person\/image\/"},"description":"Director NITU.mx, Egresado de la Escuela de Periodismo Carlos Septi\u00e9n Garc\u00eda. Periodista y analista especializado en turismo desde hace 35 a\u00f1os, radicado en Canc\u00fan Q.Roo. arturo@nitu.mx","sameAs":["https:\/\/nitu.mx","https:\/\/www.facebook.com\/NITUmx\/","medinacancun","https:\/\/twitter.com\/@Arturo_Medina_G"]},{"@type":"Person","@id":"https:\/\/nitu.mx\/#\/schema\/person\/4a28fe9bd65924f7c90623773daf1b0b","name":"Redacci\u00f3n","image":{"@type":"ImageObject","inLanguage":"es-MX","@id":"https:\/\/nitu.mx\/#\/schema\/person\/image\/","url":"https:\/\/secure.gravatar.com\/avatar\/5dd011c8ccfc5cd7e4c81e42252aab38?s=96&d=mm&r=g","contentUrl":"https:\/\/secure.gravatar.com\/avatar\/5dd011c8ccfc5cd7e4c81e42252aab38?s=96&d=mm&r=g","caption":"Redacci\u00f3n"},"url":"https:\/\/nitu.mx\/index.php\/author\/redaccion\/"}]}},"views":572,"_links":{"self":[{"href":"https:\/\/nitu.mx\/index.php\/wp-json\/wp\/v2\/posts\/80518"}],"collection":[{"href":"https:\/\/nitu.mx\/index.php\/wp-json\/wp\/v2\/posts"}],"about":[{"href":"https:\/\/nitu.mx\/index.php\/wp-json\/wp\/v2\/types\/post"}],"author":[{"embeddable":true,"href":"https:\/\/nitu.mx\/index.php\/wp-json\/wp\/v2\/users\/17"}],"replies":[{"embeddable":true,"href":"https:\/\/nitu.mx\/index.php\/wp-json\/wp\/v2\/comments?post=80518"}],"version-history":[{"count":1,"href":"https:\/\/nitu.mx\/index.php\/wp-json\/wp\/v2\/posts\/80518\/revisions"}],"predecessor-version":[{"id":80521,"href":"https:\/\/nitu.mx\/index.php\/wp-json\/wp\/v2\/posts\/80518\/revisions\/80521"}],"wp:featuredmedia":[{"embeddable":true,"href":"https:\/\/nitu.mx\/index.php\/wp-json\/wp\/v2\/media\/80520"}],"wp:attachment":[{"href":"https:\/\/nitu.mx\/index.php\/wp-json\/wp\/v2\/media?parent=80518"}],"wp:term":[{"taxonomy":"category","embeddable":true,"href":"https:\/\/nitu.mx\/index.php\/wp-json\/wp\/v2\/categories?post=80518"},{"taxonomy":"post_tag","embeddable":true,"href":"https:\/\/nitu.mx\/index.php\/wp-json\/wp\/v2\/tags?post=80518"}],"curies":[{"name":"wp","href":"https:\/\/api.w.org\/{rel}","templated":true}]}}