{"id":80309,"date":"2025-03-27T12:25:50","date_gmt":"2025-03-27T18:25:50","guid":{"rendered":"https:\/\/nitu.mx\/?p=80309"},"modified":"2025-03-27T12:25:52","modified_gmt":"2025-03-27T18:25:52","slug":"volaris-conectara-tulum-con-san-jose-costa-rica-con-4-frecuencias-semanales","status":"publish","type":"post","link":"https:\/\/nitu.mx\/index.php\/2025\/03\/27\/volaris-conectara-tulum-con-san-jose-costa-rica-con-4-frecuencias-semanales\/","title":{"rendered":"Volaris conectar\u00e1 Tulum con San Jos\u00e9, Costa Rica con 4 frecuencias semanales"},"content":{"rendered":"\n<p>Tal como adelantamos en <strong><em>NITU.mx<\/em><\/strong>, como parte de las 30 nuevas rutas que lanzar\u00e1 pr\u00f3ximamente, anunci\u00f3 su nueva ruta internacional que conectar\u00e1 el destino de playa mexicano Tulum, Quintana Roo, con San Jos\u00e9, Costa Rica, fortaleciendo la conectividad entre ambos pa\u00edses con las mejores y m\u00e1s accesibles opciones de vuelos en beneficio de sus clientes.<\/p>\n\n\n\n<p>La aerol\u00ednea de bajo costo inform\u00f3 que el vuelo directo Tulum \u2013 San Jos\u00e9 ya est\u00e1 disponible a la venta para todos los interesados en volar entre estos destinos a partir del pr\u00f3ximo 2 de julio, con 4 frecuencias semanales: lunes, mi\u00e9rcoles, viernes y s\u00e1bado; con salida a las 8:30 horas de San Jos\u00e9, aterrizando en Tulum a las 11:30 h. El regreso ser\u00e1 a las 12:20 horas, para llegar a las 13:19 a San Jos\u00e9.<\/p>\n\n\n\n<p>Con la incorporaci\u00f3n de esta nueva ruta, Volaris refuerza su compromiso de fortalecer la conectividad entre M\u00e9xico y Centroam\u00e9rica como parte de su estrategia de expansi\u00f3n internacional, brindando acceso a destinos clave que incentiven el desarrollo econ\u00f3mico y el intercambio social y cultural en las regiones donde opera, utilizando una de las flotas m\u00e1s modernas de Norteam\u00e9rica.<\/p>\n\n\n\n<p>En Quintana Roo, Volaris opera actualmente 20 rutas nacionales e internacionales desde Canc\u00fan y Tulum, en las que ha transportado a m\u00e1s 42.6 millones de pasajeros desde el a\u00f1o 2006 a la fecha. En el caso de Tulum, Volaris ya conecta a este destino con Guadalajara y ahora se suma San Jos\u00e9, Costa Rica.<\/p>\n\n\n\n<p>Volaris inici\u00f3 operaciones en Costa Rica en 2016, y desde entonces ha transportado a m\u00e1s de 2.5 millones de viajeros a trav\u00e9s de las 6 rutas que opera en ese pa\u00eds hacia destinos como Guatemala y El Salvador, en Centroam\u00e9rica; Canc\u00fan, Ciudad de M\u00e9xico y Guadalajara en M\u00e9xico, y Los \u00c1ngeles, en Estados Unidos, con escala en Guatemala. A estos destinos se suma Tulum y pr\u00f3ximamente\u00a0Orlando y Miami en Estados Unidos.<\/p>\n\n\n\n<p>\u201cNos emociona mucho el lanzamiento de esta nueva ruta internacional que, adem\u00e1s de unir a dos de los m\u00e1s relevantes puntos tur\u00edsticos internacionales en la regi\u00f3n, como lo son Tulum y Costa Rica,\u00a0tambi\u00e9n contribuir\u00e1 a fortalecer la actividad econ\u00f3mica de ambos destinos, reafirmando nuestro compromiso de ser parte fundamental en el desarrollo y la creaci\u00f3n de oportunidades que generen mejores condiciones de vida en las comunidades donde tenemos presencia\u201d, asegur\u00f3 Jorge Roberto Garc\u00eda Rojas, director de Distribuci\u00f3n y Desarrollo Mercados.<\/p>\n\n\n\n<p>Costa Rica se ha convertido en un destino muy atractivo para los turistas mexicanos amantes de la naturaleza que quieren explorar su inigualable biodiversidad y disfrutar de sus paradisiacas playas, ya sea entre amigos o con la familia, lo que se traduce en un mayor impulso a la econom\u00eda, adem\u00e1s de fortalecer los lazos bilaterales y culturales con M\u00e9xico.<\/p>\n\n\n\n<p>La nueva conexi\u00f3n directa entre ambas ciudades abrir\u00e1 tambi\u00e9n mayores oportunidades para los viajeros de negocios que buscan expandir sus horizontes comerciales.\u00a0De esta manera, la nueva ruta, adem\u00e1s de beneficiar a turistas, tambi\u00e9n conlleva un impacto positivo en ambas econom\u00edas locales. (<a href=\"https:\/\/nitu.mx\/index.php\/2025\/03\/13\/volaris-celebra-19-anos-con-promociones-y-nueva-ruta-tepic-los-angeles\/\">Volaris celebra 19 a\u00f1os con promociones y nueva ruta Tepic-Los \u00c1ngeles<\/a>).<\/p>\n","protected":false},"excerpt":{"rendered":"<p>Tal como adelantamos en NITU.mx, como parte de las 30 nuevas rutas que lanzar\u00e1 pr\u00f3ximamente, anunci\u00f3 su nueva ruta internacional que conectar\u00e1 el destino de playa mexicano Tulum, Quintana Roo, con San Jos\u00e9, Costa Rica, fortaleciendo la conectividad entre ambos pa\u00edses con las mejores y m\u00e1s accesibles opciones de vuelos en beneficio de sus clientes. [&hellip;]<\/p>\n","protected":false},"author":17,"featured_media":27038,"comment_status":"open","ping_status":"open","sticky":false,"template":"","format":"standard","meta":{"footnotes":""},"categories":[29,18475],"tags":[1421,27258,1420,390,131],"yoast_head":"<!-- This site is optimized with the Yoast SEO plugin v22.2 - https:\/\/yoast.com\/wordpress\/plugins\/seo\/ -->\n<title>Volaris conectar\u00e1 Tulum con San Jos\u00e9, Costa Rica con 4 frecuencias semanales - Nitu - Noticias de la Industria Turistica<\/title>\n<meta name=\"robots\" content=\"index, follow, max-snippet:-1, max-image-preview:large, max-video-preview:-1\" \/>\n<link rel=\"canonical\" href=\"https:\/\/nitu.mx\/index.php\/2025\/03\/27\/volaris-conectara-tulum-con-san-jose-costa-rica-con-4-frecuencias-semanales\/\" \/>\n<meta name=\"twitter:card\" content=\"summary_large_image\" \/>\n<meta name=\"twitter:title\" content=\"Volaris conectar\u00e1 Tulum con San Jos\u00e9, Costa Rica con 4 frecuencias semanales - Nitu - Noticias de la Industria Turistica\" \/>\n<meta name=\"twitter:description\" content=\"Tal como adelantamos en NITU.mx, como parte de las 30 nuevas rutas que lanzar\u00e1 pr\u00f3ximamente, anunci\u00f3 su nueva ruta internacional que conectar\u00e1 el destino de playa mexicano Tulum, Quintana Roo, con San Jos\u00e9, Costa Rica, fortaleciendo la conectividad entre ambos pa\u00edses con las mejores y m\u00e1s accesibles opciones de vuelos en beneficio de sus clientes. [&hellip;]\" \/>\n<meta name=\"twitter:image\" content=\"https:\/\/nitu.mx\/wp-content\/uploads\/2018\/11\/Avi\u00f3n-A320neo-Volaris.jpg\" \/>\n<meta name=\"twitter:creator\" content=\"@NITUmx\" \/>\n<meta name=\"twitter:site\" content=\"@Arturo_Medina_G\" \/>\n<meta name=\"twitter:label1\" content=\"Escrito por\" \/>\n\t<meta name=\"twitter:data1\" content=\"Redacci\u00f3n\" \/>\n\t<meta name=\"twitter:label2\" content=\"Tiempo de lectura\" \/>\n\t<meta name=\"twitter:data2\" content=\"3 minutos\" \/>\n<script type=\"application\/ld+json\" class=\"yoast-schema-graph\">{\"@context\":\"https:\/\/schema.org\",\"@graph\":[{\"@type\":\"Article\",\"@id\":\"https:\/\/nitu.mx\/index.php\/2025\/03\/27\/volaris-conectara-tulum-con-san-jose-costa-rica-con-4-frecuencias-semanales\/#article\",\"isPartOf\":{\"@id\":\"https:\/\/nitu.mx\/index.php\/2025\/03\/27\/volaris-conectara-tulum-con-san-jose-costa-rica-con-4-frecuencias-semanales\/\"},\"author\":{\"name\":\"Redacci\u00f3n\",\"@id\":\"https:\/\/nitu.mx\/#\/schema\/person\/4a28fe9bd65924f7c90623773daf1b0b\"},\"headline\":\"Volaris conectar\u00e1 Tulum con San Jos\u00e9, Costa Rica con 4 frecuencias semanales\",\"datePublished\":\"2025-03-27T18:25:50+00:00\",\"dateModified\":\"2025-03-27T18:25:52+00:00\",\"mainEntityOfPage\":{\"@id\":\"https:\/\/nitu.mx\/index.php\/2025\/03\/27\/volaris-conectara-tulum-con-san-jose-costa-rica-con-4-frecuencias-semanales\/\"},\"wordCount\":547,\"commentCount\":0,\"publisher\":{\"@id\":\"https:\/\/nitu.mx\/#\/schema\/person\/ae7a53426417292d3dd07b45a33e01bc\"},\"image\":{\"@id\":\"https:\/\/nitu.mx\/index.php\/2025\/03\/27\/volaris-conectara-tulum-con-san-jose-costa-rica-con-4-frecuencias-semanales\/#primaryimage\"},\"thumbnailUrl\":\"https:\/\/nitu.mx\/wp-content\/uploads\/2018\/11\/Avi\u00f3n-A320neo-Volaris.jpg\",\"keywords\":[\"Costa Rica\",\"Roberto Garc\u00eda\",\"San Jos\u00e9\",\"Tulum\",\"Volaris\"],\"articleSection\":[\"Aerol\u00edneas\",\"Caribe Mexicano\"],\"inLanguage\":\"es-MX\",\"potentialAction\":[{\"@type\":\"CommentAction\",\"name\":\"Comment\",\"target\":[\"https:\/\/nitu.mx\/index.php\/2025\/03\/27\/volaris-conectara-tulum-con-san-jose-costa-rica-con-4-frecuencias-semanales\/#respond\"]}]},{\"@type\":\"WebPage\",\"@id\":\"https:\/\/nitu.mx\/index.php\/2025\/03\/27\/volaris-conectara-tulum-con-san-jose-costa-rica-con-4-frecuencias-semanales\/\",\"url\":\"https:\/\/nitu.mx\/index.php\/2025\/03\/27\/volaris-conectara-tulum-con-san-jose-costa-rica-con-4-frecuencias-semanales\/\",\"name\":\"Volaris conectar\u00e1 Tulum con San Jos\u00e9, Costa Rica con 4 frecuencias semanales - Nitu - Noticias de la Industria Turistica\",\"isPartOf\":{\"@id\":\"https:\/\/nitu.mx\/#website\"},\"primaryImageOfPage\":{\"@id\":\"https:\/\/nitu.mx\/index.php\/2025\/03\/27\/volaris-conectara-tulum-con-san-jose-costa-rica-con-4-frecuencias-semanales\/#primaryimage\"},\"image\":{\"@id\":\"https:\/\/nitu.mx\/index.php\/2025\/03\/27\/volaris-conectara-tulum-con-san-jose-costa-rica-con-4-frecuencias-semanales\/#primaryimage\"},\"thumbnailUrl\":\"https:\/\/nitu.mx\/wp-content\/uploads\/2018\/11\/Avi\u00f3n-A320neo-Volaris.jpg\",\"datePublished\":\"2025-03-27T18:25:50+00:00\",\"dateModified\":\"2025-03-27T18:25:52+00:00\",\"breadcrumb\":{\"@id\":\"https:\/\/nitu.mx\/index.php\/2025\/03\/27\/volaris-conectara-tulum-con-san-jose-costa-rica-con-4-frecuencias-semanales\/#breadcrumb\"},\"inLanguage\":\"es-MX\",\"potentialAction\":[{\"@type\":\"ReadAction\",\"target\":[\"https:\/\/nitu.mx\/index.php\/2025\/03\/27\/volaris-conectara-tulum-con-san-jose-costa-rica-con-4-frecuencias-semanales\/\"]}]},{\"@type\":\"ImageObject\",\"inLanguage\":\"es-MX\",\"@id\":\"https:\/\/nitu.mx\/index.php\/2025\/03\/27\/volaris-conectara-tulum-con-san-jose-costa-rica-con-4-frecuencias-semanales\/#primaryimage\",\"url\":\"https:\/\/nitu.mx\/wp-content\/uploads\/2018\/11\/Avi\u00f3n-A320neo-Volaris.jpg\",\"contentUrl\":\"https:\/\/nitu.mx\/wp-content\/uploads\/2018\/11\/Avi\u00f3n-A320neo-Volaris.jpg\",\"width\":850,\"height\":480,\"caption\":\"Volaris BMV v.business Baja California Sur\"},{\"@type\":\"BreadcrumbList\",\"@id\":\"https:\/\/nitu.mx\/index.php\/2025\/03\/27\/volaris-conectara-tulum-con-san-jose-costa-rica-con-4-frecuencias-semanales\/#breadcrumb\",\"itemListElement\":[{\"@type\":\"ListItem\",\"position\":1,\"name\":\"Inicio\",\"item\":\"https:\/\/nitu.mx\/\"},{\"@type\":\"ListItem\",\"position\":2,\"name\":\"Volaris conectar\u00e1 Tulum con San Jos\u00e9, Costa Rica con 4 frecuencias semanales\"}]},{\"@type\":\"WebSite\",\"@id\":\"https:\/\/nitu.mx\/#website\",\"url\":\"https:\/\/nitu.mx\/\",\"name\":\"Nitu - Noticias de la Industria Turistica\",\"description\":\"Noticias de la Industria Turistica\",\"publisher\":{\"@id\":\"https:\/\/nitu.mx\/#\/schema\/person\/ae7a53426417292d3dd07b45a33e01bc\"},\"alternateName\":\"Noticias de la Industria Turistica\",\"potentialAction\":[{\"@type\":\"SearchAction\",\"target\":{\"@type\":\"EntryPoint\",\"urlTemplate\":\"https:\/\/nitu.mx\/?s={search_term_string}\"},\"query-input\":\"required name=search_term_string\"}],\"inLanguage\":\"es-MX\"},{\"@type\":[\"Person\",\"Organization\"],\"@id\":\"https:\/\/nitu.mx\/#\/schema\/person\/ae7a53426417292d3dd07b45a33e01bc\",\"name\":\"Arturo Medina\",\"image\":{\"@type\":\"ImageObject\",\"inLanguage\":\"es-MX\",\"@id\":\"https:\/\/nitu.mx\/#\/schema\/person\/image\/\",\"url\":\"https:\/\/nitu.mx\/wp-content\/uploads\/2024\/04\/4A315622-1904-4D5C-B022-878CDC840E04-90x90-1.jpeg\",\"contentUrl\":\"https:\/\/nitu.mx\/wp-content\/uploads\/2024\/04\/4A315622-1904-4D5C-B022-878CDC840E04-90x90-1.jpeg\",\"width\":90,\"height\":90,\"caption\":\"Arturo Medina\"},\"logo\":{\"@id\":\"https:\/\/nitu.mx\/#\/schema\/person\/image\/\"},\"description\":\"Director NITU.mx, Egresado de la Escuela de Periodismo Carlos Septi\u00e9n Garc\u00eda. Periodista y analista especializado en turismo desde hace 35 a\u00f1os, radicado en Canc\u00fan Q.Roo. arturo@nitu.mx\",\"sameAs\":[\"https:\/\/nitu.mx\",\"https:\/\/www.facebook.com\/NITUmx\/\",\"medinacancun\",\"https:\/\/twitter.com\/@Arturo_Medina_G\"]},{\"@type\":\"Person\",\"@id\":\"https:\/\/nitu.mx\/#\/schema\/person\/4a28fe9bd65924f7c90623773daf1b0b\",\"name\":\"Redacci\u00f3n\",\"image\":{\"@type\":\"ImageObject\",\"inLanguage\":\"es-MX\",\"@id\":\"https:\/\/nitu.mx\/#\/schema\/person\/image\/\",\"url\":\"https:\/\/secure.gravatar.com\/avatar\/5dd011c8ccfc5cd7e4c81e42252aab38?s=96&d=mm&r=g\",\"contentUrl\":\"https:\/\/secure.gravatar.com\/avatar\/5dd011c8ccfc5cd7e4c81e42252aab38?s=96&d=mm&r=g\",\"caption\":\"Redacci\u00f3n\"},\"url\":\"https:\/\/nitu.mx\/index.php\/author\/redaccion\/\"}]}<\/script>\n<!-- \/ Yoast SEO plugin. -->","yoast_head_json":{"title":"Volaris conectar\u00e1 Tulum con San Jos\u00e9, Costa Rica con 4 frecuencias semanales - Nitu - Noticias de la Industria Turistica","robots":{"index":"index","follow":"follow","max-snippet":"max-snippet:-1","max-image-preview":"max-image-preview:large","max-video-preview":"max-video-preview:-1"},"canonical":"https:\/\/nitu.mx\/index.php\/2025\/03\/27\/volaris-conectara-tulum-con-san-jose-costa-rica-con-4-frecuencias-semanales\/","twitter_card":"summary_large_image","twitter_title":"Volaris conectar\u00e1 Tulum con San Jos\u00e9, Costa Rica con 4 frecuencias semanales - Nitu - Noticias de la Industria Turistica","twitter_description":"Tal como adelantamos en NITU.mx, como parte de las 30 nuevas rutas que lanzar\u00e1 pr\u00f3ximamente, anunci\u00f3 su nueva ruta internacional que conectar\u00e1 el destino de playa mexicano Tulum, Quintana Roo, con San Jos\u00e9, Costa Rica, fortaleciendo la conectividad entre ambos pa\u00edses con las mejores y m\u00e1s accesibles opciones de vuelos en beneficio de sus clientes. [&hellip;]","twitter_image":"https:\/\/nitu.mx\/wp-content\/uploads\/2018\/11\/Avi\u00f3n-A320neo-Volaris.jpg","twitter_creator":"@NITUmx","twitter_site":"@Arturo_Medina_G","twitter_misc":{"Escrito por":"Redacci\u00f3n","Tiempo de lectura":"3 minutos"},"schema":{"@context":"https:\/\/schema.org","@graph":[{"@type":"Article","@id":"https:\/\/nitu.mx\/index.php\/2025\/03\/27\/volaris-conectara-tulum-con-san-jose-costa-rica-con-4-frecuencias-semanales\/#article","isPartOf":{"@id":"https:\/\/nitu.mx\/index.php\/2025\/03\/27\/volaris-conectara-tulum-con-san-jose-costa-rica-con-4-frecuencias-semanales\/"},"author":{"name":"Redacci\u00f3n","@id":"https:\/\/nitu.mx\/#\/schema\/person\/4a28fe9bd65924f7c90623773daf1b0b"},"headline":"Volaris conectar\u00e1 Tulum con San Jos\u00e9, Costa Rica con 4 frecuencias semanales","datePublished":"2025-03-27T18:25:50+00:00","dateModified":"2025-03-27T18:25:52+00:00","mainEntityOfPage":{"@id":"https:\/\/nitu.mx\/index.php\/2025\/03\/27\/volaris-conectara-tulum-con-san-jose-costa-rica-con-4-frecuencias-semanales\/"},"wordCount":547,"commentCount":0,"publisher":{"@id":"https:\/\/nitu.mx\/#\/schema\/person\/ae7a53426417292d3dd07b45a33e01bc"},"image":{"@id":"https:\/\/nitu.mx\/index.php\/2025\/03\/27\/volaris-conectara-tulum-con-san-jose-costa-rica-con-4-frecuencias-semanales\/#primaryimage"},"thumbnailUrl":"https:\/\/nitu.mx\/wp-content\/uploads\/2018\/11\/Avi\u00f3n-A320neo-Volaris.jpg","keywords":["Costa Rica","Roberto Garc\u00eda","San Jos\u00e9","Tulum","Volaris"],"articleSection":["Aerol\u00edneas","Caribe Mexicano"],"inLanguage":"es-MX","potentialAction":[{"@type":"CommentAction","name":"Comment","target":["https:\/\/nitu.mx\/index.php\/2025\/03\/27\/volaris-conectara-tulum-con-san-jose-costa-rica-con-4-frecuencias-semanales\/#respond"]}]},{"@type":"WebPage","@id":"https:\/\/nitu.mx\/index.php\/2025\/03\/27\/volaris-conectara-tulum-con-san-jose-costa-rica-con-4-frecuencias-semanales\/","url":"https:\/\/nitu.mx\/index.php\/2025\/03\/27\/volaris-conectara-tulum-con-san-jose-costa-rica-con-4-frecuencias-semanales\/","name":"Volaris conectar\u00e1 Tulum con San Jos\u00e9, Costa Rica con 4 frecuencias semanales - Nitu - Noticias de la Industria Turistica","isPartOf":{"@id":"https:\/\/nitu.mx\/#website"},"primaryImageOfPage":{"@id":"https:\/\/nitu.mx\/index.php\/2025\/03\/27\/volaris-conectara-tulum-con-san-jose-costa-rica-con-4-frecuencias-semanales\/#primaryimage"},"image":{"@id":"https:\/\/nitu.mx\/index.php\/2025\/03\/27\/volaris-conectara-tulum-con-san-jose-costa-rica-con-4-frecuencias-semanales\/#primaryimage"},"thumbnailUrl":"https:\/\/nitu.mx\/wp-content\/uploads\/2018\/11\/Avi\u00f3n-A320neo-Volaris.jpg","datePublished":"2025-03-27T18:25:50+00:00","dateModified":"2025-03-27T18:25:52+00:00","breadcrumb":{"@id":"https:\/\/nitu.mx\/index.php\/2025\/03\/27\/volaris-conectara-tulum-con-san-jose-costa-rica-con-4-frecuencias-semanales\/#breadcrumb"},"inLanguage":"es-MX","potentialAction":[{"@type":"ReadAction","target":["https:\/\/nitu.mx\/index.php\/2025\/03\/27\/volaris-conectara-tulum-con-san-jose-costa-rica-con-4-frecuencias-semanales\/"]}]},{"@type":"ImageObject","inLanguage":"es-MX","@id":"https:\/\/nitu.mx\/index.php\/2025\/03\/27\/volaris-conectara-tulum-con-san-jose-costa-rica-con-4-frecuencias-semanales\/#primaryimage","url":"https:\/\/nitu.mx\/wp-content\/uploads\/2018\/11\/Avi\u00f3n-A320neo-Volaris.jpg","contentUrl":"https:\/\/nitu.mx\/wp-content\/uploads\/2018\/11\/Avi\u00f3n-A320neo-Volaris.jpg","width":850,"height":480,"caption":"Volaris BMV v.business Baja California Sur"},{"@type":"BreadcrumbList","@id":"https:\/\/nitu.mx\/index.php\/2025\/03\/27\/volaris-conectara-tulum-con-san-jose-costa-rica-con-4-frecuencias-semanales\/#breadcrumb","itemListElement":[{"@type":"ListItem","position":1,"name":"Inicio","item":"https:\/\/nitu.mx\/"},{"@type":"ListItem","position":2,"name":"Volaris conectar\u00e1 Tulum con San Jos\u00e9, Costa Rica con 4 frecuencias semanales"}]},{"@type":"WebSite","@id":"https:\/\/nitu.mx\/#website","url":"https:\/\/nitu.mx\/","name":"Nitu - Noticias de la Industria Turistica","description":"Noticias de la Industria Turistica","publisher":{"@id":"https:\/\/nitu.mx\/#\/schema\/person\/ae7a53426417292d3dd07b45a33e01bc"},"alternateName":"Noticias de la Industria Turistica","potentialAction":[{"@type":"SearchAction","target":{"@type":"EntryPoint","urlTemplate":"https:\/\/nitu.mx\/?s={search_term_string}"},"query-input":"required name=search_term_string"}],"inLanguage":"es-MX"},{"@type":["Person","Organization"],"@id":"https:\/\/nitu.mx\/#\/schema\/person\/ae7a53426417292d3dd07b45a33e01bc","name":"Arturo Medina","image":{"@type":"ImageObject","inLanguage":"es-MX","@id":"https:\/\/nitu.mx\/#\/schema\/person\/image\/","url":"https:\/\/nitu.mx\/wp-content\/uploads\/2024\/04\/4A315622-1904-4D5C-B022-878CDC840E04-90x90-1.jpeg","contentUrl":"https:\/\/nitu.mx\/wp-content\/uploads\/2024\/04\/4A315622-1904-4D5C-B022-878CDC840E04-90x90-1.jpeg","width":90,"height":90,"caption":"Arturo Medina"},"logo":{"@id":"https:\/\/nitu.mx\/#\/schema\/person\/image\/"},"description":"Director NITU.mx, Egresado de la Escuela de Periodismo Carlos Septi\u00e9n Garc\u00eda. Periodista y analista especializado en turismo desde hace 35 a\u00f1os, radicado en Canc\u00fan Q.Roo. arturo@nitu.mx","sameAs":["https:\/\/nitu.mx","https:\/\/www.facebook.com\/NITUmx\/","medinacancun","https:\/\/twitter.com\/@Arturo_Medina_G"]},{"@type":"Person","@id":"https:\/\/nitu.mx\/#\/schema\/person\/4a28fe9bd65924f7c90623773daf1b0b","name":"Redacci\u00f3n","image":{"@type":"ImageObject","inLanguage":"es-MX","@id":"https:\/\/nitu.mx\/#\/schema\/person\/image\/","url":"https:\/\/secure.gravatar.com\/avatar\/5dd011c8ccfc5cd7e4c81e42252aab38?s=96&d=mm&r=g","contentUrl":"https:\/\/secure.gravatar.com\/avatar\/5dd011c8ccfc5cd7e4c81e42252aab38?s=96&d=mm&r=g","caption":"Redacci\u00f3n"},"url":"https:\/\/nitu.mx\/index.php\/author\/redaccion\/"}]}},"views":758,"_links":{"self":[{"href":"https:\/\/nitu.mx\/index.php\/wp-json\/wp\/v2\/posts\/80309"}],"collection":[{"href":"https:\/\/nitu.mx\/index.php\/wp-json\/wp\/v2\/posts"}],"about":[{"href":"https:\/\/nitu.mx\/index.php\/wp-json\/wp\/v2\/types\/post"}],"author":[{"embeddable":true,"href":"https:\/\/nitu.mx\/index.php\/wp-json\/wp\/v2\/users\/17"}],"replies":[{"embeddable":true,"href":"https:\/\/nitu.mx\/index.php\/wp-json\/wp\/v2\/comments?post=80309"}],"version-history":[{"count":1,"href":"https:\/\/nitu.mx\/index.php\/wp-json\/wp\/v2\/posts\/80309\/revisions"}],"predecessor-version":[{"id":80311,"href":"https:\/\/nitu.mx\/index.php\/wp-json\/wp\/v2\/posts\/80309\/revisions\/80311"}],"wp:featuredmedia":[{"embeddable":true,"href":"https:\/\/nitu.mx\/index.php\/wp-json\/wp\/v2\/media\/27038"}],"wp:attachment":[{"href":"https:\/\/nitu.mx\/index.php\/wp-json\/wp\/v2\/media?parent=80309"}],"wp:term":[{"taxonomy":"category","embeddable":true,"href":"https:\/\/nitu.mx\/index.php\/wp-json\/wp\/v2\/categories?post=80309"},{"taxonomy":"post_tag","embeddable":true,"href":"https:\/\/nitu.mx\/index.php\/wp-json\/wp\/v2\/tags?post=80309"}],"curies":[{"name":"wp","href":"https:\/\/api.w.org\/{rel}","templated":true}]}}