{"id":79965,"date":"2025-03-13T22:51:30","date_gmt":"2025-03-14T04:51:30","guid":{"rendered":"https:\/\/nitu.mx\/?p=79965"},"modified":"2025-03-13T22:51:30","modified_gmt":"2025-03-14T04:51:30","slug":"playa-hotels-resorts-abre-el-wyndham-alltra-punta-cana","status":"publish","type":"post","link":"https:\/\/nitu.mx\/index.php\/2025\/03\/13\/playa-hotels-resorts-abre-el-wyndham-alltra-punta-cana\/","title":{"rendered":"Playa Hotels &amp; Resorts abre el Wyndham Alltra Punta Cana"},"content":{"rendered":"<p>Playa Hotels &amp; Resorts ha inaugurado el Wyndham Alltra Punta Cana, su segundo resort de esta marca en Rep\u00fablica Dominicana. Ubicado en la playa de Uvero Alto, este nuevo all-inclusive ofrece 620 habitaciones, amplias opciones gastron\u00f3micas y actividades dise\u00f1adas para toda la familia.<\/p>\n<p>El resort cuenta con una de las piscinas de forma libre m\u00e1s grandes del pa\u00eds, un gimnasio equipado, spa y un club infantil. Este verano estrenar\u00e1 el parque acu\u00e1tico Splash Island, con r\u00edo lento, toboganes y zona de chapoteo.<\/p>\n<p>En el \u00e1mbito gastron\u00f3mico, el hotel dispone de nueve restaurantes y bares, incluyendo opciones gourmet, buffet, pizzer\u00eda y cafeter\u00eda. La oferta de entretenimiento se complementa con espacios como Twisted Olive, que combina m\u00fasica en vivo y cocteler\u00eda.<\/p>\n<p>Las habitaciones y suites han sido renovadas con un dise\u00f1o inspirado en la herencia caribe\u00f1a, incorporando terrazas amuebladas, minibar y Wi-Fi gratuito.<\/p>\n<p>Con esta apertura, Playa Hotels &amp; Resorts refuerza su presencia en Rep\u00fablica Dominicana, destacando el concepto all-inclusive de la marca Wyndham Alltra. (<a href=\"https:\/\/nitu.mx\/index.php\/2025\/02\/21\/wyndham-hotels-resorts-participa-con-11-hoteles-en-anato-2025\/\">Wyndham Hotels &amp; Resorts participa con 11 hoteles en ANATO 2025<\/a>).<\/p>\n","protected":false},"excerpt":{"rendered":"<p>Playa Hotels &amp; Resorts ha inaugurado el Wyndham Alltra Punta Cana, su segundo resort de esta marca en Rep\u00fablica Dominicana. Ubicado en la playa de Uvero Alto, este nuevo all-inclusive ofrece 620 habitaciones, amplias opciones gastron\u00f3micas y actividades dise\u00f1adas para toda la familia. El resort cuenta con una de las piscinas de forma libre m\u00e1s [&hellip;]<\/p>\n","protected":false},"author":3,"featured_media":79979,"comment_status":"open","ping_status":"open","sticky":false,"template":"","format":"standard","meta":{"footnotes":""},"categories":[2,374],"tags":[2671,1258,1382,27174],"yoast_head":"<!-- This site is optimized with the Yoast SEO plugin v22.2 - https:\/\/yoast.com\/wordpress\/plugins\/seo\/ -->\n<title>Playa Hotels &amp; Resorts abre el Wyndham Alltra Punta Cana - Nitu - Noticias de la Industria Turistica<\/title>\n<meta name=\"robots\" content=\"index, follow, max-snippet:-1, max-image-preview:large, max-video-preview:-1\" \/>\n<link rel=\"canonical\" href=\"https:\/\/nitu.mx\/index.php\/2025\/03\/13\/playa-hotels-resorts-abre-el-wyndham-alltra-punta-cana\/\" \/>\n<meta name=\"twitter:card\" content=\"summary_large_image\" \/>\n<meta name=\"twitter:title\" content=\"Playa Hotels &amp; Resorts abre el Wyndham Alltra Punta Cana - Nitu - Noticias de la Industria Turistica\" \/>\n<meta name=\"twitter:description\" content=\"Playa Hotels &amp; Resorts ha inaugurado el Wyndham Alltra Punta Cana, su segundo resort de esta marca en Rep\u00fablica Dominicana. Ubicado en la playa de Uvero Alto, este nuevo all-inclusive ofrece 620 habitaciones, amplias opciones gastron\u00f3micas y actividades dise\u00f1adas para toda la familia. El resort cuenta con una de las piscinas de forma libre m\u00e1s [&hellip;]\" \/>\n<meta name=\"twitter:image\" content=\"https:\/\/nitu.mx\/wp-content\/uploads\/2025\/03\/Wyndham-Alltra-Punta-Cana.jpg\" \/>\n<meta name=\"twitter:creator\" content=\"@NITUmx\" \/>\n<meta name=\"twitter:site\" content=\"@Arturo_Medina_G\" \/>\n<meta name=\"twitter:label1\" content=\"Escrito por\" \/>\n\t<meta name=\"twitter:data1\" content=\"Alejandra Moncisbays\" \/>\n\t<meta name=\"twitter:label2\" content=\"Tiempo de lectura\" \/>\n\t<meta name=\"twitter:data2\" content=\"1 minuto\" \/>\n<script type=\"application\/ld+json\" class=\"yoast-schema-graph\">{\"@context\":\"https:\/\/schema.org\",\"@graph\":[{\"@type\":\"Article\",\"@id\":\"https:\/\/nitu.mx\/index.php\/2025\/03\/13\/playa-hotels-resorts-abre-el-wyndham-alltra-punta-cana\/#article\",\"isPartOf\":{\"@id\":\"https:\/\/nitu.mx\/index.php\/2025\/03\/13\/playa-hotels-resorts-abre-el-wyndham-alltra-punta-cana\/\"},\"author\":{\"name\":\"Alejandra Moncisbays\",\"@id\":\"https:\/\/nitu.mx\/#\/schema\/person\/2ecd887b19dfd3382d1f14fc5acf24a8\"},\"headline\":\"Playa Hotels &amp; Resorts abre el Wyndham Alltra Punta Cana\",\"datePublished\":\"2025-03-14T04:51:30+00:00\",\"dateModified\":\"2025-03-14T04:51:30+00:00\",\"mainEntityOfPage\":{\"@id\":\"https:\/\/nitu.mx\/index.php\/2025\/03\/13\/playa-hotels-resorts-abre-el-wyndham-alltra-punta-cana\/\"},\"wordCount\":196,\"commentCount\":0,\"publisher\":{\"@id\":\"https:\/\/nitu.mx\/#\/schema\/person\/ae7a53426417292d3dd07b45a33e01bc\"},\"image\":{\"@id\":\"https:\/\/nitu.mx\/index.php\/2025\/03\/13\/playa-hotels-resorts-abre-el-wyndham-alltra-punta-cana\/#primaryimage\"},\"thumbnailUrl\":\"https:\/\/nitu.mx\/wp-content\/uploads\/2025\/03\/Wyndham-Alltra-Punta-Cana.jpg\",\"keywords\":[\"Playa Hotels &amp; Resorts\",\"Punta Cana\",\"Rep\u00fablica Dominicana\",\"Wyndham Alltra\"],\"articleSection\":[\"Hoteles\",\"Internacional\"],\"inLanguage\":\"es-MX\",\"potentialAction\":[{\"@type\":\"CommentAction\",\"name\":\"Comment\",\"target\":[\"https:\/\/nitu.mx\/index.php\/2025\/03\/13\/playa-hotels-resorts-abre-el-wyndham-alltra-punta-cana\/#respond\"]}]},{\"@type\":\"WebPage\",\"@id\":\"https:\/\/nitu.mx\/index.php\/2025\/03\/13\/playa-hotels-resorts-abre-el-wyndham-alltra-punta-cana\/\",\"url\":\"https:\/\/nitu.mx\/index.php\/2025\/03\/13\/playa-hotels-resorts-abre-el-wyndham-alltra-punta-cana\/\",\"name\":\"Playa Hotels &amp; Resorts abre el Wyndham Alltra Punta Cana - Nitu - Noticias de la Industria Turistica\",\"isPartOf\":{\"@id\":\"https:\/\/nitu.mx\/#website\"},\"primaryImageOfPage\":{\"@id\":\"https:\/\/nitu.mx\/index.php\/2025\/03\/13\/playa-hotels-resorts-abre-el-wyndham-alltra-punta-cana\/#primaryimage\"},\"image\":{\"@id\":\"https:\/\/nitu.mx\/index.php\/2025\/03\/13\/playa-hotels-resorts-abre-el-wyndham-alltra-punta-cana\/#primaryimage\"},\"thumbnailUrl\":\"https:\/\/nitu.mx\/wp-content\/uploads\/2025\/03\/Wyndham-Alltra-Punta-Cana.jpg\",\"datePublished\":\"2025-03-14T04:51:30+00:00\",\"dateModified\":\"2025-03-14T04:51:30+00:00\",\"breadcrumb\":{\"@id\":\"https:\/\/nitu.mx\/index.php\/2025\/03\/13\/playa-hotels-resorts-abre-el-wyndham-alltra-punta-cana\/#breadcrumb\"},\"inLanguage\":\"es-MX\",\"potentialAction\":[{\"@type\":\"ReadAction\",\"target\":[\"https:\/\/nitu.mx\/index.php\/2025\/03\/13\/playa-hotels-resorts-abre-el-wyndham-alltra-punta-cana\/\"]}]},{\"@type\":\"ImageObject\",\"inLanguage\":\"es-MX\",\"@id\":\"https:\/\/nitu.mx\/index.php\/2025\/03\/13\/playa-hotels-resorts-abre-el-wyndham-alltra-punta-cana\/#primaryimage\",\"url\":\"https:\/\/nitu.mx\/wp-content\/uploads\/2025\/03\/Wyndham-Alltra-Punta-Cana.jpg\",\"contentUrl\":\"https:\/\/nitu.mx\/wp-content\/uploads\/2025\/03\/Wyndham-Alltra-Punta-Cana.jpg\",\"width\":1200,\"height\":675,\"caption\":\"Wyndham Alltra Punta Cana\"},{\"@type\":\"BreadcrumbList\",\"@id\":\"https:\/\/nitu.mx\/index.php\/2025\/03\/13\/playa-hotels-resorts-abre-el-wyndham-alltra-punta-cana\/#breadcrumb\",\"itemListElement\":[{\"@type\":\"ListItem\",\"position\":1,\"name\":\"Inicio\",\"item\":\"https:\/\/nitu.mx\/\"},{\"@type\":\"ListItem\",\"position\":2,\"name\":\"Playa Hotels &amp; Resorts abre el Wyndham Alltra Punta Cana\"}]},{\"@type\":\"WebSite\",\"@id\":\"https:\/\/nitu.mx\/#website\",\"url\":\"https:\/\/nitu.mx\/\",\"name\":\"Nitu - Noticias de la Industria Turistica\",\"description\":\"Noticias de la Industria Turistica\",\"publisher\":{\"@id\":\"https:\/\/nitu.mx\/#\/schema\/person\/ae7a53426417292d3dd07b45a33e01bc\"},\"alternateName\":\"Noticias de la Industria Turistica\",\"potentialAction\":[{\"@type\":\"SearchAction\",\"target\":{\"@type\":\"EntryPoint\",\"urlTemplate\":\"https:\/\/nitu.mx\/?s={search_term_string}\"},\"query-input\":\"required name=search_term_string\"}],\"inLanguage\":\"es-MX\"},{\"@type\":[\"Person\",\"Organization\"],\"@id\":\"https:\/\/nitu.mx\/#\/schema\/person\/ae7a53426417292d3dd07b45a33e01bc\",\"name\":\"Arturo Medina\",\"image\":{\"@type\":\"ImageObject\",\"inLanguage\":\"es-MX\",\"@id\":\"https:\/\/nitu.mx\/#\/schema\/person\/image\/\",\"url\":\"https:\/\/nitu.mx\/wp-content\/uploads\/2024\/04\/4A315622-1904-4D5C-B022-878CDC840E04-90x90-1.jpeg\",\"contentUrl\":\"https:\/\/nitu.mx\/wp-content\/uploads\/2024\/04\/4A315622-1904-4D5C-B022-878CDC840E04-90x90-1.jpeg\",\"width\":90,\"height\":90,\"caption\":\"Arturo Medina\"},\"logo\":{\"@id\":\"https:\/\/nitu.mx\/#\/schema\/person\/image\/\"},\"description\":\"Director NITU.mx, Egresado de la Escuela de Periodismo Carlos Septi\u00e9n Garc\u00eda. Periodista y analista especializado en turismo desde hace 35 a\u00f1os, radicado en Canc\u00fan Q.Roo. arturo@nitu.mx\",\"sameAs\":[\"https:\/\/nitu.mx\",\"https:\/\/www.facebook.com\/NITUmx\/\",\"medinacancun\",\"https:\/\/twitter.com\/@Arturo_Medina_G\"]},{\"@type\":\"Person\",\"@id\":\"https:\/\/nitu.mx\/#\/schema\/person\/2ecd887b19dfd3382d1f14fc5acf24a8\",\"name\":\"Alejandra Moncisbays\",\"image\":{\"@type\":\"ImageObject\",\"inLanguage\":\"es-MX\",\"@id\":\"https:\/\/nitu.mx\/#\/schema\/person\/image\/\",\"url\":\"https:\/\/secure.gravatar.com\/avatar\/e74f7af0be172b7804dacfd0bfbef787?s=96&d=mm&r=g\",\"contentUrl\":\"https:\/\/secure.gravatar.com\/avatar\/e74f7af0be172b7804dacfd0bfbef787?s=96&d=mm&r=g\",\"caption\":\"Alejandra Moncisbays\"},\"description\":\"Curs\u00e9 la carrera de Periodismo y Comunicaci\u00f3n en la Facultad de Estudios Profesionales Acatl\u00e1n. Vivo en Canc\u00fan desde hace 24 a\u00f1os. Fui reportera de La Tarde de Canc\u00fan, y Novedades de Quintana Roo, colabor\u00e9 en TVCUN, edit\u00e9 Cancun\u00edssimo y colabor\u00e9 en las revistas Latitud21, entre otras, con principal enfoque en los sectores empresarial y tur\u00edstico. Desde hace varios a\u00f1os soy Agente de Seguros con c\u00e9dula de la Comisi\u00f3n Nacional de Seguros y Fianzas. Actualmente, me desarrollo en los \u00e1mbitos del periodismo y el sector asegurador.\",\"sameAs\":[\"https:\/\/nitu.mx\"],\"url\":\"https:\/\/nitu.mx\/index.php\/author\/alejandra\/\"}]}<\/script>\n<!-- \/ Yoast SEO plugin. -->","yoast_head_json":{"title":"Playa Hotels &amp; Resorts abre el Wyndham Alltra Punta Cana - Nitu - Noticias de la Industria Turistica","robots":{"index":"index","follow":"follow","max-snippet":"max-snippet:-1","max-image-preview":"max-image-preview:large","max-video-preview":"max-video-preview:-1"},"canonical":"https:\/\/nitu.mx\/index.php\/2025\/03\/13\/playa-hotels-resorts-abre-el-wyndham-alltra-punta-cana\/","twitter_card":"summary_large_image","twitter_title":"Playa Hotels &amp; Resorts abre el Wyndham Alltra Punta Cana - Nitu - Noticias de la Industria Turistica","twitter_description":"Playa Hotels &amp; Resorts ha inaugurado el Wyndham Alltra Punta Cana, su segundo resort de esta marca en Rep\u00fablica Dominicana. Ubicado en la playa de Uvero Alto, este nuevo all-inclusive ofrece 620 habitaciones, amplias opciones gastron\u00f3micas y actividades dise\u00f1adas para toda la familia. El resort cuenta con una de las piscinas de forma libre m\u00e1s [&hellip;]","twitter_image":"https:\/\/nitu.mx\/wp-content\/uploads\/2025\/03\/Wyndham-Alltra-Punta-Cana.jpg","twitter_creator":"@NITUmx","twitter_site":"@Arturo_Medina_G","twitter_misc":{"Escrito por":"Alejandra Moncisbays","Tiempo de lectura":"1 minuto"},"schema":{"@context":"https:\/\/schema.org","@graph":[{"@type":"Article","@id":"https:\/\/nitu.mx\/index.php\/2025\/03\/13\/playa-hotels-resorts-abre-el-wyndham-alltra-punta-cana\/#article","isPartOf":{"@id":"https:\/\/nitu.mx\/index.php\/2025\/03\/13\/playa-hotels-resorts-abre-el-wyndham-alltra-punta-cana\/"},"author":{"name":"Alejandra Moncisbays","@id":"https:\/\/nitu.mx\/#\/schema\/person\/2ecd887b19dfd3382d1f14fc5acf24a8"},"headline":"Playa Hotels &amp; Resorts abre el Wyndham Alltra Punta Cana","datePublished":"2025-03-14T04:51:30+00:00","dateModified":"2025-03-14T04:51:30+00:00","mainEntityOfPage":{"@id":"https:\/\/nitu.mx\/index.php\/2025\/03\/13\/playa-hotels-resorts-abre-el-wyndham-alltra-punta-cana\/"},"wordCount":196,"commentCount":0,"publisher":{"@id":"https:\/\/nitu.mx\/#\/schema\/person\/ae7a53426417292d3dd07b45a33e01bc"},"image":{"@id":"https:\/\/nitu.mx\/index.php\/2025\/03\/13\/playa-hotels-resorts-abre-el-wyndham-alltra-punta-cana\/#primaryimage"},"thumbnailUrl":"https:\/\/nitu.mx\/wp-content\/uploads\/2025\/03\/Wyndham-Alltra-Punta-Cana.jpg","keywords":["Playa Hotels &amp; Resorts","Punta Cana","Rep\u00fablica Dominicana","Wyndham Alltra"],"articleSection":["Hoteles","Internacional"],"inLanguage":"es-MX","potentialAction":[{"@type":"CommentAction","name":"Comment","target":["https:\/\/nitu.mx\/index.php\/2025\/03\/13\/playa-hotels-resorts-abre-el-wyndham-alltra-punta-cana\/#respond"]}]},{"@type":"WebPage","@id":"https:\/\/nitu.mx\/index.php\/2025\/03\/13\/playa-hotels-resorts-abre-el-wyndham-alltra-punta-cana\/","url":"https:\/\/nitu.mx\/index.php\/2025\/03\/13\/playa-hotels-resorts-abre-el-wyndham-alltra-punta-cana\/","name":"Playa Hotels &amp; Resorts abre el Wyndham Alltra Punta Cana - Nitu - Noticias de la Industria Turistica","isPartOf":{"@id":"https:\/\/nitu.mx\/#website"},"primaryImageOfPage":{"@id":"https:\/\/nitu.mx\/index.php\/2025\/03\/13\/playa-hotels-resorts-abre-el-wyndham-alltra-punta-cana\/#primaryimage"},"image":{"@id":"https:\/\/nitu.mx\/index.php\/2025\/03\/13\/playa-hotels-resorts-abre-el-wyndham-alltra-punta-cana\/#primaryimage"},"thumbnailUrl":"https:\/\/nitu.mx\/wp-content\/uploads\/2025\/03\/Wyndham-Alltra-Punta-Cana.jpg","datePublished":"2025-03-14T04:51:30+00:00","dateModified":"2025-03-14T04:51:30+00:00","breadcrumb":{"@id":"https:\/\/nitu.mx\/index.php\/2025\/03\/13\/playa-hotels-resorts-abre-el-wyndham-alltra-punta-cana\/#breadcrumb"},"inLanguage":"es-MX","potentialAction":[{"@type":"ReadAction","target":["https:\/\/nitu.mx\/index.php\/2025\/03\/13\/playa-hotels-resorts-abre-el-wyndham-alltra-punta-cana\/"]}]},{"@type":"ImageObject","inLanguage":"es-MX","@id":"https:\/\/nitu.mx\/index.php\/2025\/03\/13\/playa-hotels-resorts-abre-el-wyndham-alltra-punta-cana\/#primaryimage","url":"https:\/\/nitu.mx\/wp-content\/uploads\/2025\/03\/Wyndham-Alltra-Punta-Cana.jpg","contentUrl":"https:\/\/nitu.mx\/wp-content\/uploads\/2025\/03\/Wyndham-Alltra-Punta-Cana.jpg","width":1200,"height":675,"caption":"Wyndham Alltra Punta Cana"},{"@type":"BreadcrumbList","@id":"https:\/\/nitu.mx\/index.php\/2025\/03\/13\/playa-hotels-resorts-abre-el-wyndham-alltra-punta-cana\/#breadcrumb","itemListElement":[{"@type":"ListItem","position":1,"name":"Inicio","item":"https:\/\/nitu.mx\/"},{"@type":"ListItem","position":2,"name":"Playa Hotels &amp; Resorts abre el Wyndham Alltra Punta Cana"}]},{"@type":"WebSite","@id":"https:\/\/nitu.mx\/#website","url":"https:\/\/nitu.mx\/","name":"Nitu - Noticias de la Industria Turistica","description":"Noticias de la Industria Turistica","publisher":{"@id":"https:\/\/nitu.mx\/#\/schema\/person\/ae7a53426417292d3dd07b45a33e01bc"},"alternateName":"Noticias de la Industria Turistica","potentialAction":[{"@type":"SearchAction","target":{"@type":"EntryPoint","urlTemplate":"https:\/\/nitu.mx\/?s={search_term_string}"},"query-input":"required name=search_term_string"}],"inLanguage":"es-MX"},{"@type":["Person","Organization"],"@id":"https:\/\/nitu.mx\/#\/schema\/person\/ae7a53426417292d3dd07b45a33e01bc","name":"Arturo Medina","image":{"@type":"ImageObject","inLanguage":"es-MX","@id":"https:\/\/nitu.mx\/#\/schema\/person\/image\/","url":"https:\/\/nitu.mx\/wp-content\/uploads\/2024\/04\/4A315622-1904-4D5C-B022-878CDC840E04-90x90-1.jpeg","contentUrl":"https:\/\/nitu.mx\/wp-content\/uploads\/2024\/04\/4A315622-1904-4D5C-B022-878CDC840E04-90x90-1.jpeg","width":90,"height":90,"caption":"Arturo Medina"},"logo":{"@id":"https:\/\/nitu.mx\/#\/schema\/person\/image\/"},"description":"Director NITU.mx, Egresado de la Escuela de Periodismo Carlos Septi\u00e9n Garc\u00eda. Periodista y analista especializado en turismo desde hace 35 a\u00f1os, radicado en Canc\u00fan Q.Roo. arturo@nitu.mx","sameAs":["https:\/\/nitu.mx","https:\/\/www.facebook.com\/NITUmx\/","medinacancun","https:\/\/twitter.com\/@Arturo_Medina_G"]},{"@type":"Person","@id":"https:\/\/nitu.mx\/#\/schema\/person\/2ecd887b19dfd3382d1f14fc5acf24a8","name":"Alejandra Moncisbays","image":{"@type":"ImageObject","inLanguage":"es-MX","@id":"https:\/\/nitu.mx\/#\/schema\/person\/image\/","url":"https:\/\/secure.gravatar.com\/avatar\/e74f7af0be172b7804dacfd0bfbef787?s=96&d=mm&r=g","contentUrl":"https:\/\/secure.gravatar.com\/avatar\/e74f7af0be172b7804dacfd0bfbef787?s=96&d=mm&r=g","caption":"Alejandra Moncisbays"},"description":"Curs\u00e9 la carrera de Periodismo y Comunicaci\u00f3n en la Facultad de Estudios Profesionales Acatl\u00e1n. Vivo en Canc\u00fan desde hace 24 a\u00f1os. Fui reportera de La Tarde de Canc\u00fan, y Novedades de Quintana Roo, colabor\u00e9 en TVCUN, edit\u00e9 Cancun\u00edssimo y colabor\u00e9 en las revistas Latitud21, entre otras, con principal enfoque en los sectores empresarial y tur\u00edstico. Desde hace varios a\u00f1os soy Agente de Seguros con c\u00e9dula de la Comisi\u00f3n Nacional de Seguros y Fianzas. Actualmente, me desarrollo en los \u00e1mbitos del periodismo y el sector asegurador.","sameAs":["https:\/\/nitu.mx"],"url":"https:\/\/nitu.mx\/index.php\/author\/alejandra\/"}]}},"views":965,"_links":{"self":[{"href":"https:\/\/nitu.mx\/index.php\/wp-json\/wp\/v2\/posts\/79965"}],"collection":[{"href":"https:\/\/nitu.mx\/index.php\/wp-json\/wp\/v2\/posts"}],"about":[{"href":"https:\/\/nitu.mx\/index.php\/wp-json\/wp\/v2\/types\/post"}],"author":[{"embeddable":true,"href":"https:\/\/nitu.mx\/index.php\/wp-json\/wp\/v2\/users\/3"}],"replies":[{"embeddable":true,"href":"https:\/\/nitu.mx\/index.php\/wp-json\/wp\/v2\/comments?post=79965"}],"version-history":[{"count":2,"href":"https:\/\/nitu.mx\/index.php\/wp-json\/wp\/v2\/posts\/79965\/revisions"}],"predecessor-version":[{"id":79980,"href":"https:\/\/nitu.mx\/index.php\/wp-json\/wp\/v2\/posts\/79965\/revisions\/79980"}],"wp:featuredmedia":[{"embeddable":true,"href":"https:\/\/nitu.mx\/index.php\/wp-json\/wp\/v2\/media\/79979"}],"wp:attachment":[{"href":"https:\/\/nitu.mx\/index.php\/wp-json\/wp\/v2\/media?parent=79965"}],"wp:term":[{"taxonomy":"category","embeddable":true,"href":"https:\/\/nitu.mx\/index.php\/wp-json\/wp\/v2\/categories?post=79965"},{"taxonomy":"post_tag","embeddable":true,"href":"https:\/\/nitu.mx\/index.php\/wp-json\/wp\/v2\/tags?post=79965"}],"curies":[{"name":"wp","href":"https:\/\/api.w.org\/{rel}","templated":true}]}}