{"id":79793,"date":"2025-03-09T22:27:12","date_gmt":"2025-03-10T04:27:12","guid":{"rendered":"https:\/\/nitu.mx\/?p=79793"},"modified":"2025-03-09T22:27:13","modified_gmt":"2025-03-10T04:27:13","slug":"empresarios-buscan-atraer-al-turismo-gastronomico-en-el-caribe-mexicano","status":"publish","type":"post","link":"https:\/\/nitu.mx\/index.php\/2025\/03\/09\/empresarios-buscan-atraer-al-turismo-gastronomico-en-el-caribe-mexicano\/","title":{"rendered":"Empresarios buscan atraer al turismo gastron\u00f3mico en el Caribe Mexicano"},"content":{"rendered":"<p>El Caribe Mexicano avanza en su consolidaci\u00f3n como destino de turismo gastron\u00f3mico, un segmento que genera una importante derrama econ\u00f3mica y que tiene en el mercado europeo a uno de sus principales consumidores, destac\u00f3 Marcy Bezaleel Pacheco, presidente de Cocineros de Quintana Roo.<\/p>\n<p>Empresarios de restaurantes y hoteles han planteado como prioridad fortalecer el consumo de productos locales, en respuesta a los efectos de la llamada &#8220;guerra de los aranceles&#8221;, apostando por experiencias culinarias que resalten la identidad gastron\u00f3mica del estado ante turistas nacionales e internacionales.<\/p>\n<p>De acuerdo con Bezaleel Pacheco, el turismo gastron\u00f3mico en el Caribe Mexicano compite con ciudades como Nueva York, Ciudad de M\u00e9xico, Par\u00eds, Buenos Aires, Roma y Madrid, mercados con una gran derrama econ\u00f3mica en este sector. Adem\u00e1s, se ha identificado que el sur de Francia es una de las principales regiones emisoras de viajeros interesados en experiencias culinarias.<\/p>\n<p>Eventos como el Festival Gastron\u00f3mico del Caribe Mexicano y la Culinary Experience del Consejo de Promoci\u00f3n Tur\u00edstica de Quintana Roo (CPTQ) permitir\u00e1n analizar el perfil de estos turistas y fortalecer estrategias para atraerlos.<\/p>\n<p>Finalmente, el empresario subray\u00f3 que destinos como Tulum, con su alta concentraci\u00f3n de restaurantes reconocidos por la Gu\u00eda Michelin, demuestran el potencial del estado en este sector, reforzando la necesidad de alianzas entre productores y empresarios para impulsar la gastronom\u00eda local. (<a href=\"https:\/\/nitu.mx\/index.php\/2025\/03\/09\/bacalar-alberga-el-cuarto-festival-gastronomico-del-caribe-mexicano\/\">Bacalar alberga el Cuarto Festival Gastron\u00f3mico del Caribe Mexicano<\/a>).<\/p>\n","protected":false},"excerpt":{"rendered":"<p>El Caribe Mexicano avanza en su consolidaci\u00f3n como destino de turismo gastron\u00f3mico, un segmento que genera una importante derrama econ\u00f3mica y que tiene en el mercado europeo a uno de sus principales consumidores, destac\u00f3 Marcy Bezaleel Pacheco, presidente de Cocineros de Quintana Roo. Empresarios de restaurantes y hoteles han planteado como prioridad fortalecer el consumo [&hellip;]<\/p>\n","protected":false},"author":3,"featured_media":68672,"comment_status":"open","ping_status":"open","sticky":false,"template":"","format":"standard","meta":{"footnotes":""},"categories":[18475,24336],"tags":[26276,27131,83,3789,21669],"yoast_head":"<!-- This site is optimized with the Yoast SEO plugin v22.2 - https:\/\/yoast.com\/wordpress\/plugins\/seo\/ -->\n<title>Empresarios buscan atraer al turismo gastron\u00f3mico en el Caribe Mexicano - Nitu - Noticias de la Industria Turistica<\/title>\n<meta name=\"robots\" content=\"index, follow, max-snippet:-1, max-image-preview:large, max-video-preview:-1\" \/>\n<link rel=\"canonical\" href=\"https:\/\/nitu.mx\/index.php\/2025\/03\/09\/empresarios-buscan-atraer-al-turismo-gastronomico-en-el-caribe-mexicano\/\" \/>\n<meta name=\"twitter:card\" content=\"summary_large_image\" \/>\n<meta name=\"twitter:title\" content=\"Empresarios buscan atraer al turismo gastron\u00f3mico en el Caribe Mexicano - Nitu - Noticias de la Industria Turistica\" \/>\n<meta name=\"twitter:description\" content=\"El Caribe Mexicano avanza en su consolidaci\u00f3n como destino de turismo gastron\u00f3mico, un segmento que genera una importante derrama econ\u00f3mica y que tiene en el mercado europeo a uno de sus principales consumidores, destac\u00f3 Marcy Bezaleel Pacheco, presidente de Cocineros de Quintana Roo. Empresarios de restaurantes y hoteles han planteado como prioridad fortalecer el consumo [&hellip;]\" \/>\n<meta name=\"twitter:image\" content=\"https:\/\/nitu.mx\/wp-content\/uploads\/2024\/02\/GASTRONOMIA-CANCUN.jpg\" \/>\n<meta name=\"twitter:creator\" content=\"@NITUmx\" \/>\n<meta name=\"twitter:site\" content=\"@Arturo_Medina_G\" \/>\n<meta name=\"twitter:label1\" content=\"Escrito por\" \/>\n\t<meta name=\"twitter:data1\" content=\"Alejandra Moncisbays\" \/>\n\t<meta name=\"twitter:label2\" content=\"Tiempo de lectura\" \/>\n\t<meta name=\"twitter:data2\" content=\"1 minuto\" \/>\n<script type=\"application\/ld+json\" class=\"yoast-schema-graph\">{\"@context\":\"https:\/\/schema.org\",\"@graph\":[{\"@type\":\"Article\",\"@id\":\"https:\/\/nitu.mx\/index.php\/2025\/03\/09\/empresarios-buscan-atraer-al-turismo-gastronomico-en-el-caribe-mexicano\/#article\",\"isPartOf\":{\"@id\":\"https:\/\/nitu.mx\/index.php\/2025\/03\/09\/empresarios-buscan-atraer-al-turismo-gastronomico-en-el-caribe-mexicano\/\"},\"author\":{\"name\":\"Alejandra Moncisbays\",\"@id\":\"https:\/\/nitu.mx\/#\/schema\/person\/2ecd887b19dfd3382d1f14fc5acf24a8\"},\"headline\":\"Empresarios buscan atraer al turismo gastron\u00f3mico en el Caribe Mexicano\",\"datePublished\":\"2025-03-10T04:27:12+00:00\",\"dateModified\":\"2025-03-10T04:27:13+00:00\",\"mainEntityOfPage\":{\"@id\":\"https:\/\/nitu.mx\/index.php\/2025\/03\/09\/empresarios-buscan-atraer-al-turismo-gastronomico-en-el-caribe-mexicano\/\"},\"wordCount\":255,\"commentCount\":0,\"publisher\":{\"@id\":\"https:\/\/nitu.mx\/#\/schema\/person\/ae7a53426417292d3dd07b45a33e01bc\"},\"image\":{\"@id\":\"https:\/\/nitu.mx\/index.php\/2025\/03\/09\/empresarios-buscan-atraer-al-turismo-gastronomico-en-el-caribe-mexicano\/#primaryimage\"},\"thumbnailUrl\":\"https:\/\/nitu.mx\/wp-content\/uploads\/2024\/02\/GASTRONOMIA-CANCUN.jpg\",\"keywords\":[\"atraer\",\"Bezaleel Pacheco\",\"Caribe mexicano\",\"empresarios\",\"turismo gastron\u00f3mico\"],\"articleSection\":[\"Caribe Mexicano\",\"Food &amp; Drinks\"],\"inLanguage\":\"es-MX\",\"potentialAction\":[{\"@type\":\"CommentAction\",\"name\":\"Comment\",\"target\":[\"https:\/\/nitu.mx\/index.php\/2025\/03\/09\/empresarios-buscan-atraer-al-turismo-gastronomico-en-el-caribe-mexicano\/#respond\"]}]},{\"@type\":\"WebPage\",\"@id\":\"https:\/\/nitu.mx\/index.php\/2025\/03\/09\/empresarios-buscan-atraer-al-turismo-gastronomico-en-el-caribe-mexicano\/\",\"url\":\"https:\/\/nitu.mx\/index.php\/2025\/03\/09\/empresarios-buscan-atraer-al-turismo-gastronomico-en-el-caribe-mexicano\/\",\"name\":\"Empresarios buscan atraer al turismo gastron\u00f3mico en el Caribe Mexicano - Nitu - Noticias de la Industria Turistica\",\"isPartOf\":{\"@id\":\"https:\/\/nitu.mx\/#website\"},\"primaryImageOfPage\":{\"@id\":\"https:\/\/nitu.mx\/index.php\/2025\/03\/09\/empresarios-buscan-atraer-al-turismo-gastronomico-en-el-caribe-mexicano\/#primaryimage\"},\"image\":{\"@id\":\"https:\/\/nitu.mx\/index.php\/2025\/03\/09\/empresarios-buscan-atraer-al-turismo-gastronomico-en-el-caribe-mexicano\/#primaryimage\"},\"thumbnailUrl\":\"https:\/\/nitu.mx\/wp-content\/uploads\/2024\/02\/GASTRONOMIA-CANCUN.jpg\",\"datePublished\":\"2025-03-10T04:27:12+00:00\",\"dateModified\":\"2025-03-10T04:27:13+00:00\",\"breadcrumb\":{\"@id\":\"https:\/\/nitu.mx\/index.php\/2025\/03\/09\/empresarios-buscan-atraer-al-turismo-gastronomico-en-el-caribe-mexicano\/#breadcrumb\"},\"inLanguage\":\"es-MX\",\"potentialAction\":[{\"@type\":\"ReadAction\",\"target\":[\"https:\/\/nitu.mx\/index.php\/2025\/03\/09\/empresarios-buscan-atraer-al-turismo-gastronomico-en-el-caribe-mexicano\/\"]}]},{\"@type\":\"ImageObject\",\"inLanguage\":\"es-MX\",\"@id\":\"https:\/\/nitu.mx\/index.php\/2025\/03\/09\/empresarios-buscan-atraer-al-turismo-gastronomico-en-el-caribe-mexicano\/#primaryimage\",\"url\":\"https:\/\/nitu.mx\/wp-content\/uploads\/2024\/02\/GASTRONOMIA-CANCUN.jpg\",\"contentUrl\":\"https:\/\/nitu.mx\/wp-content\/uploads\/2024\/02\/GASTRONOMIA-CANCUN.jpg\",\"width\":1200,\"height\":675},{\"@type\":\"BreadcrumbList\",\"@id\":\"https:\/\/nitu.mx\/index.php\/2025\/03\/09\/empresarios-buscan-atraer-al-turismo-gastronomico-en-el-caribe-mexicano\/#breadcrumb\",\"itemListElement\":[{\"@type\":\"ListItem\",\"position\":1,\"name\":\"Inicio\",\"item\":\"https:\/\/nitu.mx\/\"},{\"@type\":\"ListItem\",\"position\":2,\"name\":\"Empresarios buscan atraer al turismo gastron\u00f3mico en el Caribe Mexicano\"}]},{\"@type\":\"WebSite\",\"@id\":\"https:\/\/nitu.mx\/#website\",\"url\":\"https:\/\/nitu.mx\/\",\"name\":\"Nitu - Noticias de la Industria Turistica\",\"description\":\"Noticias de la Industria Turistica\",\"publisher\":{\"@id\":\"https:\/\/nitu.mx\/#\/schema\/person\/ae7a53426417292d3dd07b45a33e01bc\"},\"alternateName\":\"Noticias de la Industria Turistica\",\"potentialAction\":[{\"@type\":\"SearchAction\",\"target\":{\"@type\":\"EntryPoint\",\"urlTemplate\":\"https:\/\/nitu.mx\/?s={search_term_string}\"},\"query-input\":\"required name=search_term_string\"}],\"inLanguage\":\"es-MX\"},{\"@type\":[\"Person\",\"Organization\"],\"@id\":\"https:\/\/nitu.mx\/#\/schema\/person\/ae7a53426417292d3dd07b45a33e01bc\",\"name\":\"Arturo Medina\",\"image\":{\"@type\":\"ImageObject\",\"inLanguage\":\"es-MX\",\"@id\":\"https:\/\/nitu.mx\/#\/schema\/person\/image\/\",\"url\":\"https:\/\/nitu.mx\/wp-content\/uploads\/2024\/04\/4A315622-1904-4D5C-B022-878CDC840E04-90x90-1.jpeg\",\"contentUrl\":\"https:\/\/nitu.mx\/wp-content\/uploads\/2024\/04\/4A315622-1904-4D5C-B022-878CDC840E04-90x90-1.jpeg\",\"width\":90,\"height\":90,\"caption\":\"Arturo Medina\"},\"logo\":{\"@id\":\"https:\/\/nitu.mx\/#\/schema\/person\/image\/\"},\"description\":\"Director NITU.mx, Egresado de la Escuela de Periodismo Carlos Septi\u00e9n Garc\u00eda. Periodista y analista especializado en turismo desde hace 35 a\u00f1os, radicado en Canc\u00fan Q.Roo. arturo@nitu.mx\",\"sameAs\":[\"https:\/\/nitu.mx\",\"https:\/\/www.facebook.com\/NITUmx\/\",\"medinacancun\",\"https:\/\/twitter.com\/@Arturo_Medina_G\"]},{\"@type\":\"Person\",\"@id\":\"https:\/\/nitu.mx\/#\/schema\/person\/2ecd887b19dfd3382d1f14fc5acf24a8\",\"name\":\"Alejandra Moncisbays\",\"image\":{\"@type\":\"ImageObject\",\"inLanguage\":\"es-MX\",\"@id\":\"https:\/\/nitu.mx\/#\/schema\/person\/image\/\",\"url\":\"https:\/\/secure.gravatar.com\/avatar\/e74f7af0be172b7804dacfd0bfbef787?s=96&d=mm&r=g\",\"contentUrl\":\"https:\/\/secure.gravatar.com\/avatar\/e74f7af0be172b7804dacfd0bfbef787?s=96&d=mm&r=g\",\"caption\":\"Alejandra Moncisbays\"},\"description\":\"Curs\u00e9 la carrera de Periodismo y Comunicaci\u00f3n en la Facultad de Estudios Profesionales Acatl\u00e1n. Vivo en Canc\u00fan desde hace 24 a\u00f1os. Fui reportera de La Tarde de Canc\u00fan, y Novedades de Quintana Roo, colabor\u00e9 en TVCUN, edit\u00e9 Cancun\u00edssimo y colabor\u00e9 en las revistas Latitud21, entre otras, con principal enfoque en los sectores empresarial y tur\u00edstico. Desde hace varios a\u00f1os soy Agente de Seguros con c\u00e9dula de la Comisi\u00f3n Nacional de Seguros y Fianzas. Actualmente, me desarrollo en los \u00e1mbitos del periodismo y el sector asegurador.\",\"sameAs\":[\"https:\/\/nitu.mx\"],\"url\":\"https:\/\/nitu.mx\/index.php\/author\/alejandra\/\"}]}<\/script>\n<!-- \/ Yoast SEO plugin. -->","yoast_head_json":{"title":"Empresarios buscan atraer al turismo gastron\u00f3mico en el Caribe Mexicano - Nitu - Noticias de la Industria Turistica","robots":{"index":"index","follow":"follow","max-snippet":"max-snippet:-1","max-image-preview":"max-image-preview:large","max-video-preview":"max-video-preview:-1"},"canonical":"https:\/\/nitu.mx\/index.php\/2025\/03\/09\/empresarios-buscan-atraer-al-turismo-gastronomico-en-el-caribe-mexicano\/","twitter_card":"summary_large_image","twitter_title":"Empresarios buscan atraer al turismo gastron\u00f3mico en el Caribe Mexicano - Nitu - Noticias de la Industria Turistica","twitter_description":"El Caribe Mexicano avanza en su consolidaci\u00f3n como destino de turismo gastron\u00f3mico, un segmento que genera una importante derrama econ\u00f3mica y que tiene en el mercado europeo a uno de sus principales consumidores, destac\u00f3 Marcy Bezaleel Pacheco, presidente de Cocineros de Quintana Roo. Empresarios de restaurantes y hoteles han planteado como prioridad fortalecer el consumo [&hellip;]","twitter_image":"https:\/\/nitu.mx\/wp-content\/uploads\/2024\/02\/GASTRONOMIA-CANCUN.jpg","twitter_creator":"@NITUmx","twitter_site":"@Arturo_Medina_G","twitter_misc":{"Escrito por":"Alejandra Moncisbays","Tiempo de lectura":"1 minuto"},"schema":{"@context":"https:\/\/schema.org","@graph":[{"@type":"Article","@id":"https:\/\/nitu.mx\/index.php\/2025\/03\/09\/empresarios-buscan-atraer-al-turismo-gastronomico-en-el-caribe-mexicano\/#article","isPartOf":{"@id":"https:\/\/nitu.mx\/index.php\/2025\/03\/09\/empresarios-buscan-atraer-al-turismo-gastronomico-en-el-caribe-mexicano\/"},"author":{"name":"Alejandra Moncisbays","@id":"https:\/\/nitu.mx\/#\/schema\/person\/2ecd887b19dfd3382d1f14fc5acf24a8"},"headline":"Empresarios buscan atraer al turismo gastron\u00f3mico en el Caribe Mexicano","datePublished":"2025-03-10T04:27:12+00:00","dateModified":"2025-03-10T04:27:13+00:00","mainEntityOfPage":{"@id":"https:\/\/nitu.mx\/index.php\/2025\/03\/09\/empresarios-buscan-atraer-al-turismo-gastronomico-en-el-caribe-mexicano\/"},"wordCount":255,"commentCount":0,"publisher":{"@id":"https:\/\/nitu.mx\/#\/schema\/person\/ae7a53426417292d3dd07b45a33e01bc"},"image":{"@id":"https:\/\/nitu.mx\/index.php\/2025\/03\/09\/empresarios-buscan-atraer-al-turismo-gastronomico-en-el-caribe-mexicano\/#primaryimage"},"thumbnailUrl":"https:\/\/nitu.mx\/wp-content\/uploads\/2024\/02\/GASTRONOMIA-CANCUN.jpg","keywords":["atraer","Bezaleel Pacheco","Caribe mexicano","empresarios","turismo gastron\u00f3mico"],"articleSection":["Caribe Mexicano","Food &amp; Drinks"],"inLanguage":"es-MX","potentialAction":[{"@type":"CommentAction","name":"Comment","target":["https:\/\/nitu.mx\/index.php\/2025\/03\/09\/empresarios-buscan-atraer-al-turismo-gastronomico-en-el-caribe-mexicano\/#respond"]}]},{"@type":"WebPage","@id":"https:\/\/nitu.mx\/index.php\/2025\/03\/09\/empresarios-buscan-atraer-al-turismo-gastronomico-en-el-caribe-mexicano\/","url":"https:\/\/nitu.mx\/index.php\/2025\/03\/09\/empresarios-buscan-atraer-al-turismo-gastronomico-en-el-caribe-mexicano\/","name":"Empresarios buscan atraer al turismo gastron\u00f3mico en el Caribe Mexicano - Nitu - Noticias de la Industria Turistica","isPartOf":{"@id":"https:\/\/nitu.mx\/#website"},"primaryImageOfPage":{"@id":"https:\/\/nitu.mx\/index.php\/2025\/03\/09\/empresarios-buscan-atraer-al-turismo-gastronomico-en-el-caribe-mexicano\/#primaryimage"},"image":{"@id":"https:\/\/nitu.mx\/index.php\/2025\/03\/09\/empresarios-buscan-atraer-al-turismo-gastronomico-en-el-caribe-mexicano\/#primaryimage"},"thumbnailUrl":"https:\/\/nitu.mx\/wp-content\/uploads\/2024\/02\/GASTRONOMIA-CANCUN.jpg","datePublished":"2025-03-10T04:27:12+00:00","dateModified":"2025-03-10T04:27:13+00:00","breadcrumb":{"@id":"https:\/\/nitu.mx\/index.php\/2025\/03\/09\/empresarios-buscan-atraer-al-turismo-gastronomico-en-el-caribe-mexicano\/#breadcrumb"},"inLanguage":"es-MX","potentialAction":[{"@type":"ReadAction","target":["https:\/\/nitu.mx\/index.php\/2025\/03\/09\/empresarios-buscan-atraer-al-turismo-gastronomico-en-el-caribe-mexicano\/"]}]},{"@type":"ImageObject","inLanguage":"es-MX","@id":"https:\/\/nitu.mx\/index.php\/2025\/03\/09\/empresarios-buscan-atraer-al-turismo-gastronomico-en-el-caribe-mexicano\/#primaryimage","url":"https:\/\/nitu.mx\/wp-content\/uploads\/2024\/02\/GASTRONOMIA-CANCUN.jpg","contentUrl":"https:\/\/nitu.mx\/wp-content\/uploads\/2024\/02\/GASTRONOMIA-CANCUN.jpg","width":1200,"height":675},{"@type":"BreadcrumbList","@id":"https:\/\/nitu.mx\/index.php\/2025\/03\/09\/empresarios-buscan-atraer-al-turismo-gastronomico-en-el-caribe-mexicano\/#breadcrumb","itemListElement":[{"@type":"ListItem","position":1,"name":"Inicio","item":"https:\/\/nitu.mx\/"},{"@type":"ListItem","position":2,"name":"Empresarios buscan atraer al turismo gastron\u00f3mico en el Caribe Mexicano"}]},{"@type":"WebSite","@id":"https:\/\/nitu.mx\/#website","url":"https:\/\/nitu.mx\/","name":"Nitu - Noticias de la Industria Turistica","description":"Noticias de la Industria Turistica","publisher":{"@id":"https:\/\/nitu.mx\/#\/schema\/person\/ae7a53426417292d3dd07b45a33e01bc"},"alternateName":"Noticias de la Industria Turistica","potentialAction":[{"@type":"SearchAction","target":{"@type":"EntryPoint","urlTemplate":"https:\/\/nitu.mx\/?s={search_term_string}"},"query-input":"required name=search_term_string"}],"inLanguage":"es-MX"},{"@type":["Person","Organization"],"@id":"https:\/\/nitu.mx\/#\/schema\/person\/ae7a53426417292d3dd07b45a33e01bc","name":"Arturo Medina","image":{"@type":"ImageObject","inLanguage":"es-MX","@id":"https:\/\/nitu.mx\/#\/schema\/person\/image\/","url":"https:\/\/nitu.mx\/wp-content\/uploads\/2024\/04\/4A315622-1904-4D5C-B022-878CDC840E04-90x90-1.jpeg","contentUrl":"https:\/\/nitu.mx\/wp-content\/uploads\/2024\/04\/4A315622-1904-4D5C-B022-878CDC840E04-90x90-1.jpeg","width":90,"height":90,"caption":"Arturo Medina"},"logo":{"@id":"https:\/\/nitu.mx\/#\/schema\/person\/image\/"},"description":"Director NITU.mx, Egresado de la Escuela de Periodismo Carlos Septi\u00e9n Garc\u00eda. Periodista y analista especializado en turismo desde hace 35 a\u00f1os, radicado en Canc\u00fan Q.Roo. arturo@nitu.mx","sameAs":["https:\/\/nitu.mx","https:\/\/www.facebook.com\/NITUmx\/","medinacancun","https:\/\/twitter.com\/@Arturo_Medina_G"]},{"@type":"Person","@id":"https:\/\/nitu.mx\/#\/schema\/person\/2ecd887b19dfd3382d1f14fc5acf24a8","name":"Alejandra Moncisbays","image":{"@type":"ImageObject","inLanguage":"es-MX","@id":"https:\/\/nitu.mx\/#\/schema\/person\/image\/","url":"https:\/\/secure.gravatar.com\/avatar\/e74f7af0be172b7804dacfd0bfbef787?s=96&d=mm&r=g","contentUrl":"https:\/\/secure.gravatar.com\/avatar\/e74f7af0be172b7804dacfd0bfbef787?s=96&d=mm&r=g","caption":"Alejandra Moncisbays"},"description":"Curs\u00e9 la carrera de Periodismo y Comunicaci\u00f3n en la Facultad de Estudios Profesionales Acatl\u00e1n. Vivo en Canc\u00fan desde hace 24 a\u00f1os. Fui reportera de La Tarde de Canc\u00fan, y Novedades de Quintana Roo, colabor\u00e9 en TVCUN, edit\u00e9 Cancun\u00edssimo y colabor\u00e9 en las revistas Latitud21, entre otras, con principal enfoque en los sectores empresarial y tur\u00edstico. Desde hace varios a\u00f1os soy Agente de Seguros con c\u00e9dula de la Comisi\u00f3n Nacional de Seguros y Fianzas. Actualmente, me desarrollo en los \u00e1mbitos del periodismo y el sector asegurador.","sameAs":["https:\/\/nitu.mx"],"url":"https:\/\/nitu.mx\/index.php\/author\/alejandra\/"}]}},"views":521,"_links":{"self":[{"href":"https:\/\/nitu.mx\/index.php\/wp-json\/wp\/v2\/posts\/79793"}],"collection":[{"href":"https:\/\/nitu.mx\/index.php\/wp-json\/wp\/v2\/posts"}],"about":[{"href":"https:\/\/nitu.mx\/index.php\/wp-json\/wp\/v2\/types\/post"}],"author":[{"embeddable":true,"href":"https:\/\/nitu.mx\/index.php\/wp-json\/wp\/v2\/users\/3"}],"replies":[{"embeddable":true,"href":"https:\/\/nitu.mx\/index.php\/wp-json\/wp\/v2\/comments?post=79793"}],"version-history":[{"count":2,"href":"https:\/\/nitu.mx\/index.php\/wp-json\/wp\/v2\/posts\/79793\/revisions"}],"predecessor-version":[{"id":79819,"href":"https:\/\/nitu.mx\/index.php\/wp-json\/wp\/v2\/posts\/79793\/revisions\/79819"}],"wp:featuredmedia":[{"embeddable":true,"href":"https:\/\/nitu.mx\/index.php\/wp-json\/wp\/v2\/media\/68672"}],"wp:attachment":[{"href":"https:\/\/nitu.mx\/index.php\/wp-json\/wp\/v2\/media?parent=79793"}],"wp:term":[{"taxonomy":"category","embeddable":true,"href":"https:\/\/nitu.mx\/index.php\/wp-json\/wp\/v2\/categories?post=79793"},{"taxonomy":"post_tag","embeddable":true,"href":"https:\/\/nitu.mx\/index.php\/wp-json\/wp\/v2\/tags?post=79793"}],"curies":[{"name":"wp","href":"https:\/\/api.w.org\/{rel}","templated":true}]}}