{"id":79689,"date":"2025-03-04T21:15:00","date_gmt":"2025-03-05T03:15:00","guid":{"rendered":"https:\/\/nitu.mx\/?p=79689"},"modified":"2025-03-04T20:43:21","modified_gmt":"2025-03-05T02:43:21","slug":"afeet-quintana-roo-renueva-su-mesa-directiva-y-refuerza-el-liderazgo-femenino-en-el-turismo","status":"publish","type":"post","link":"https:\/\/nitu.mx\/index.php\/2025\/03\/04\/afeet-quintana-roo-renueva-su-mesa-directiva-y-refuerza-el-liderazgo-femenino-en-el-turismo\/","title":{"rendered":"AFEET Quintana Roo renueva su mesa directiva y refuerza el liderazgo femenino en el turismo"},"content":{"rendered":"<p>La Asociaci\u00f3n Femenil de Ejecutivas de Empresas Tur\u00edsticas (AFEET) Cap\u00edtulo Quintana Roo renov\u00f3 por segundo a\u00f1o su mesa directiva, reafirmando su compromiso con el fortalecimiento del papel de las mujeres en la industria tur\u00edstica.<\/p>\n<p>Mar\u00eda Eugenia Su\u00e1rez del Valle continuar\u00e1 al frente de la asociaci\u00f3n, consolidando estrategias enfocadas en capacitaci\u00f3n, networking y desarrollo profesional.<\/p>\n<p>AFEET Quintana Roo trabaja para reducir las brechas de g\u00e9nero en el sector, impulsando la formaci\u00f3n en habilidades de alto nivel y competencias interpersonales.<\/p>\n<p>&#8220;Cada esfuerzo cuenta para cambiar la realidad del sector, y en AFEET apostamos por iniciativas que promuevan el crecimiento profesional y personal de nuestras afiliadas&#8221;, afirm\u00f3 Su\u00e1rez del Valle.<\/p>\n<p>Mesa Directiva 2025<br \/>\n&#8211; Presidenta: Maria Eugenia Su\u00e1rez del Valle<br \/>\n&#8211; Vicepresidenta 1: Ileana Zuzuarregui<br \/>\n&#8211; Vicepresidenta 2: Maricarmen Mendoza<br \/>\n&#8211; Tesorera: Ver\u00f3nica Iriarte Sicarios<br \/>\n&#8211; Secretaria: Yadira Acosta<br \/>\n&#8211; Asesora: Leonor Villafa\u00f1a Caballero<\/p>\n<p>Propuestas 2025<br \/>\n\u2714 Fortalecer el valor de la afiliaci\u00f3n mediante capacitaci\u00f3n y beneficios.<br \/>\n\u2714 Impulsar oportunidades de negocio a trav\u00e9s del networking.<br \/>\n\u2714 Posicionar a AFEET Quintana Roo como un referente en el sector tur\u00edstico.<br \/>\n\u2714 Aumentar el n\u00famero de socias afiliadas.<\/p>\n<p>Respecto a Maria Eugenia Su\u00e1rez del Valle<br \/>\nCon una s\u00f3lida trayectoria en la industria hotelera, Su\u00e1rez del Valle ha sido clave en la apertura de hoteles emblem\u00e1ticos en M\u00e9xico y Asia. Actualmente, es vicepresidente Comercial Regional de Hyatt Inclusive Collection, supervisando 13 hoteles en Canc\u00fan y Riviera Maya.<\/p>\n<p>Su liderazgo ha sido reconocido con m\u00faltiples premios y su compromiso con la capacitaci\u00f3n y el crecimiento de su equipo es una de sus principales motivaciones.<\/p>\n<p>Con esta renovaci\u00f3n, AFEET Quintana Roo reafirma su misi\u00f3n de impulsar la presencia femenina en el turismo, promoviendo oportunidades para el desarrollo profesional y el fortalecimiento del sector en la regi\u00f3n. (<a href=\"https:\/\/nitu.mx\/index.php\/2025\/01\/15\/magdalena-saldivar-asume-la-presidencia-de-afeet-nacional\/\">Magdalena Sald\u00edvar asume la Presidencia de AFEET Nacional<\/a>).<\/p>\n","protected":false},"excerpt":{"rendered":"<p>La Asociaci\u00f3n Femenil de Ejecutivas de Empresas Tur\u00edsticas (AFEET) Cap\u00edtulo Quintana Roo renov\u00f3 por segundo a\u00f1o su mesa directiva, reafirmando su compromiso con el fortalecimiento del papel de las mujeres en la industria tur\u00edstica. Mar\u00eda Eugenia Su\u00e1rez del Valle continuar\u00e1 al frente de la asociaci\u00f3n, consolidando estrategias enfocadas en capacitaci\u00f3n, networking y desarrollo profesional. AFEET [&hellip;]<\/p>\n","protected":false},"author":3,"featured_media":79692,"comment_status":"open","ping_status":"open","sticky":false,"template":"","format":"standard","meta":{"footnotes":""},"categories":[18475,24505],"tags":[2078,21727,43,27099,260],"yoast_head":"<!-- This site is optimized with the Yoast SEO plugin v22.2 - https:\/\/yoast.com\/wordpress\/plugins\/seo\/ -->\n<title>AFEET Quintana Roo renueva su mesa directiva y refuerza el liderazgo femenino en el turismo - Nitu - Noticias de la Industria Turistica<\/title>\n<meta name=\"robots\" content=\"index, follow, max-snippet:-1, max-image-preview:large, max-video-preview:-1\" \/>\n<link rel=\"canonical\" href=\"https:\/\/nitu.mx\/index.php\/2025\/03\/04\/afeet-quintana-roo-renueva-su-mesa-directiva-y-refuerza-el-liderazgo-femenino-en-el-turismo\/\" \/>\n<meta name=\"twitter:card\" content=\"summary_large_image\" \/>\n<meta name=\"twitter:title\" content=\"AFEET Quintana Roo renueva su mesa directiva y refuerza el liderazgo femenino en el turismo - Nitu - Noticias de la Industria Turistica\" \/>\n<meta name=\"twitter:description\" content=\"La Asociaci\u00f3n Femenil de Ejecutivas de Empresas Tur\u00edsticas (AFEET) Cap\u00edtulo Quintana Roo renov\u00f3 por segundo a\u00f1o su mesa directiva, reafirmando su compromiso con el fortalecimiento del papel de las mujeres en la industria tur\u00edstica. Mar\u00eda Eugenia Su\u00e1rez del Valle continuar\u00e1 al frente de la asociaci\u00f3n, consolidando estrategias enfocadas en capacitaci\u00f3n, networking y desarrollo profesional. AFEET [&hellip;]\" \/>\n<meta name=\"twitter:image\" content=\"https:\/\/nitu.mx\/wp-content\/uploads\/2025\/03\/MARUSUAREZPSDTAAFEETQROO-scaled.jpg\" \/>\n<meta name=\"twitter:creator\" content=\"@NITUmx\" \/>\n<meta name=\"twitter:site\" content=\"@Arturo_Medina_G\" \/>\n<meta name=\"twitter:label1\" content=\"Escrito por\" \/>\n\t<meta name=\"twitter:data1\" content=\"Alejandra Moncisbays\" \/>\n\t<meta name=\"twitter:label2\" content=\"Tiempo de lectura\" \/>\n\t<meta name=\"twitter:data2\" content=\"2 minutos\" \/>\n<script type=\"application\/ld+json\" class=\"yoast-schema-graph\">{\"@context\":\"https:\/\/schema.org\",\"@graph\":[{\"@type\":\"Article\",\"@id\":\"https:\/\/nitu.mx\/index.php\/2025\/03\/04\/afeet-quintana-roo-renueva-su-mesa-directiva-y-refuerza-el-liderazgo-femenino-en-el-turismo\/#article\",\"isPartOf\":{\"@id\":\"https:\/\/nitu.mx\/index.php\/2025\/03\/04\/afeet-quintana-roo-renueva-su-mesa-directiva-y-refuerza-el-liderazgo-femenino-en-el-turismo\/\"},\"author\":{\"name\":\"Alejandra Moncisbays\",\"@id\":\"https:\/\/nitu.mx\/#\/schema\/person\/2ecd887b19dfd3382d1f14fc5acf24a8\"},\"headline\":\"AFEET Quintana Roo renueva su mesa directiva y refuerza el liderazgo femenino en el turismo\",\"datePublished\":\"2025-03-05T03:15:00+00:00\",\"dateModified\":\"2025-03-05T02:43:21+00:00\",\"mainEntityOfPage\":{\"@id\":\"https:\/\/nitu.mx\/index.php\/2025\/03\/04\/afeet-quintana-roo-renueva-su-mesa-directiva-y-refuerza-el-liderazgo-femenino-en-el-turismo\/\"},\"wordCount\":334,\"commentCount\":0,\"publisher\":{\"@id\":\"https:\/\/nitu.mx\/#\/schema\/person\/ae7a53426417292d3dd07b45a33e01bc\"},\"image\":{\"@id\":\"https:\/\/nitu.mx\/index.php\/2025\/03\/04\/afeet-quintana-roo-renueva-su-mesa-directiva-y-refuerza-el-liderazgo-femenino-en-el-turismo\/#primaryimage\"},\"thumbnailUrl\":\"https:\/\/nitu.mx\/wp-content\/uploads\/2025\/03\/MARUSUAREZPSDTAAFEETQROO-scaled.jpg\",\"keywords\":[\"AFEET\",\"AFEET Quintana Roo\",\"Canc\u00fan\",\"Maria Eugenia Su\u00e1rez del Valle\",\"Quintana Roo\"],\"articleSection\":[\"Caribe Mexicano\",\"Destacados\"],\"inLanguage\":\"es-MX\",\"potentialAction\":[{\"@type\":\"CommentAction\",\"name\":\"Comment\",\"target\":[\"https:\/\/nitu.mx\/index.php\/2025\/03\/04\/afeet-quintana-roo-renueva-su-mesa-directiva-y-refuerza-el-liderazgo-femenino-en-el-turismo\/#respond\"]}]},{\"@type\":\"WebPage\",\"@id\":\"https:\/\/nitu.mx\/index.php\/2025\/03\/04\/afeet-quintana-roo-renueva-su-mesa-directiva-y-refuerza-el-liderazgo-femenino-en-el-turismo\/\",\"url\":\"https:\/\/nitu.mx\/index.php\/2025\/03\/04\/afeet-quintana-roo-renueva-su-mesa-directiva-y-refuerza-el-liderazgo-femenino-en-el-turismo\/\",\"name\":\"AFEET Quintana Roo renueva su mesa directiva y refuerza el liderazgo femenino en el turismo - Nitu - Noticias de la Industria Turistica\",\"isPartOf\":{\"@id\":\"https:\/\/nitu.mx\/#website\"},\"primaryImageOfPage\":{\"@id\":\"https:\/\/nitu.mx\/index.php\/2025\/03\/04\/afeet-quintana-roo-renueva-su-mesa-directiva-y-refuerza-el-liderazgo-femenino-en-el-turismo\/#primaryimage\"},\"image\":{\"@id\":\"https:\/\/nitu.mx\/index.php\/2025\/03\/04\/afeet-quintana-roo-renueva-su-mesa-directiva-y-refuerza-el-liderazgo-femenino-en-el-turismo\/#primaryimage\"},\"thumbnailUrl\":\"https:\/\/nitu.mx\/wp-content\/uploads\/2025\/03\/MARUSUAREZPSDTAAFEETQROO-scaled.jpg\",\"datePublished\":\"2025-03-05T03:15:00+00:00\",\"dateModified\":\"2025-03-05T02:43:21+00:00\",\"breadcrumb\":{\"@id\":\"https:\/\/nitu.mx\/index.php\/2025\/03\/04\/afeet-quintana-roo-renueva-su-mesa-directiva-y-refuerza-el-liderazgo-femenino-en-el-turismo\/#breadcrumb\"},\"inLanguage\":\"es-MX\",\"potentialAction\":[{\"@type\":\"ReadAction\",\"target\":[\"https:\/\/nitu.mx\/index.php\/2025\/03\/04\/afeet-quintana-roo-renueva-su-mesa-directiva-y-refuerza-el-liderazgo-femenino-en-el-turismo\/\"]}]},{\"@type\":\"ImageObject\",\"inLanguage\":\"es-MX\",\"@id\":\"https:\/\/nitu.mx\/index.php\/2025\/03\/04\/afeet-quintana-roo-renueva-su-mesa-directiva-y-refuerza-el-liderazgo-femenino-en-el-turismo\/#primaryimage\",\"url\":\"https:\/\/nitu.mx\/wp-content\/uploads\/2025\/03\/MARUSUAREZPSDTAAFEETQROO-scaled.jpg\",\"contentUrl\":\"https:\/\/nitu.mx\/wp-content\/uploads\/2025\/03\/MARUSUAREZPSDTAAFEETQROO-scaled.jpg\",\"width\":1920,\"height\":2560,\"caption\":\"MARU SUAREZ presidenta AFEET QROO\"},{\"@type\":\"BreadcrumbList\",\"@id\":\"https:\/\/nitu.mx\/index.php\/2025\/03\/04\/afeet-quintana-roo-renueva-su-mesa-directiva-y-refuerza-el-liderazgo-femenino-en-el-turismo\/#breadcrumb\",\"itemListElement\":[{\"@type\":\"ListItem\",\"position\":1,\"name\":\"Inicio\",\"item\":\"https:\/\/nitu.mx\/\"},{\"@type\":\"ListItem\",\"position\":2,\"name\":\"AFEET Quintana Roo renueva su mesa directiva y refuerza el liderazgo femenino en el turismo\"}]},{\"@type\":\"WebSite\",\"@id\":\"https:\/\/nitu.mx\/#website\",\"url\":\"https:\/\/nitu.mx\/\",\"name\":\"Nitu - Noticias de la Industria Turistica\",\"description\":\"Noticias de la Industria Turistica\",\"publisher\":{\"@id\":\"https:\/\/nitu.mx\/#\/schema\/person\/ae7a53426417292d3dd07b45a33e01bc\"},\"alternateName\":\"Noticias de la Industria Turistica\",\"potentialAction\":[{\"@type\":\"SearchAction\",\"target\":{\"@type\":\"EntryPoint\",\"urlTemplate\":\"https:\/\/nitu.mx\/?s={search_term_string}\"},\"query-input\":\"required name=search_term_string\"}],\"inLanguage\":\"es-MX\"},{\"@type\":[\"Person\",\"Organization\"],\"@id\":\"https:\/\/nitu.mx\/#\/schema\/person\/ae7a53426417292d3dd07b45a33e01bc\",\"name\":\"Arturo Medina\",\"image\":{\"@type\":\"ImageObject\",\"inLanguage\":\"es-MX\",\"@id\":\"https:\/\/nitu.mx\/#\/schema\/person\/image\/\",\"url\":\"https:\/\/nitu.mx\/wp-content\/uploads\/2024\/04\/4A315622-1904-4D5C-B022-878CDC840E04-90x90-1.jpeg\",\"contentUrl\":\"https:\/\/nitu.mx\/wp-content\/uploads\/2024\/04\/4A315622-1904-4D5C-B022-878CDC840E04-90x90-1.jpeg\",\"width\":90,\"height\":90,\"caption\":\"Arturo Medina\"},\"logo\":{\"@id\":\"https:\/\/nitu.mx\/#\/schema\/person\/image\/\"},\"description\":\"Director NITU.mx, Egresado de la Escuela de Periodismo Carlos Septi\u00e9n Garc\u00eda. Periodista y analista especializado en turismo desde hace 35 a\u00f1os, radicado en Canc\u00fan Q.Roo. arturo@nitu.mx\",\"sameAs\":[\"https:\/\/nitu.mx\",\"https:\/\/www.facebook.com\/NITUmx\/\",\"medinacancun\",\"https:\/\/twitter.com\/@Arturo_Medina_G\"]},{\"@type\":\"Person\",\"@id\":\"https:\/\/nitu.mx\/#\/schema\/person\/2ecd887b19dfd3382d1f14fc5acf24a8\",\"name\":\"Alejandra Moncisbays\",\"image\":{\"@type\":\"ImageObject\",\"inLanguage\":\"es-MX\",\"@id\":\"https:\/\/nitu.mx\/#\/schema\/person\/image\/\",\"url\":\"https:\/\/secure.gravatar.com\/avatar\/e74f7af0be172b7804dacfd0bfbef787?s=96&d=mm&r=g\",\"contentUrl\":\"https:\/\/secure.gravatar.com\/avatar\/e74f7af0be172b7804dacfd0bfbef787?s=96&d=mm&r=g\",\"caption\":\"Alejandra Moncisbays\"},\"description\":\"Curs\u00e9 la carrera de Periodismo y Comunicaci\u00f3n en la Facultad de Estudios Profesionales Acatl\u00e1n. Vivo en Canc\u00fan desde hace 24 a\u00f1os. Fui reportera de La Tarde de Canc\u00fan, y Novedades de Quintana Roo, colabor\u00e9 en TVCUN, edit\u00e9 Cancun\u00edssimo y colabor\u00e9 en las revistas Latitud21, entre otras, con principal enfoque en los sectores empresarial y tur\u00edstico. Desde hace varios a\u00f1os soy Agente de Seguros con c\u00e9dula de la Comisi\u00f3n Nacional de Seguros y Fianzas. Actualmente, me desarrollo en los \u00e1mbitos del periodismo y el sector asegurador.\",\"sameAs\":[\"https:\/\/nitu.mx\"],\"url\":\"https:\/\/nitu.mx\/index.php\/author\/alejandra\/\"}]}<\/script>\n<!-- \/ Yoast SEO plugin. -->","yoast_head_json":{"title":"AFEET Quintana Roo renueva su mesa directiva y refuerza el liderazgo femenino en el turismo - Nitu - Noticias de la Industria Turistica","robots":{"index":"index","follow":"follow","max-snippet":"max-snippet:-1","max-image-preview":"max-image-preview:large","max-video-preview":"max-video-preview:-1"},"canonical":"https:\/\/nitu.mx\/index.php\/2025\/03\/04\/afeet-quintana-roo-renueva-su-mesa-directiva-y-refuerza-el-liderazgo-femenino-en-el-turismo\/","twitter_card":"summary_large_image","twitter_title":"AFEET Quintana Roo renueva su mesa directiva y refuerza el liderazgo femenino en el turismo - Nitu - Noticias de la Industria Turistica","twitter_description":"La Asociaci\u00f3n Femenil de Ejecutivas de Empresas Tur\u00edsticas (AFEET) Cap\u00edtulo Quintana Roo renov\u00f3 por segundo a\u00f1o su mesa directiva, reafirmando su compromiso con el fortalecimiento del papel de las mujeres en la industria tur\u00edstica. Mar\u00eda Eugenia Su\u00e1rez del Valle continuar\u00e1 al frente de la asociaci\u00f3n, consolidando estrategias enfocadas en capacitaci\u00f3n, networking y desarrollo profesional. AFEET [&hellip;]","twitter_image":"https:\/\/nitu.mx\/wp-content\/uploads\/2025\/03\/MARUSUAREZPSDTAAFEETQROO-scaled.jpg","twitter_creator":"@NITUmx","twitter_site":"@Arturo_Medina_G","twitter_misc":{"Escrito por":"Alejandra Moncisbays","Tiempo de lectura":"2 minutos"},"schema":{"@context":"https:\/\/schema.org","@graph":[{"@type":"Article","@id":"https:\/\/nitu.mx\/index.php\/2025\/03\/04\/afeet-quintana-roo-renueva-su-mesa-directiva-y-refuerza-el-liderazgo-femenino-en-el-turismo\/#article","isPartOf":{"@id":"https:\/\/nitu.mx\/index.php\/2025\/03\/04\/afeet-quintana-roo-renueva-su-mesa-directiva-y-refuerza-el-liderazgo-femenino-en-el-turismo\/"},"author":{"name":"Alejandra Moncisbays","@id":"https:\/\/nitu.mx\/#\/schema\/person\/2ecd887b19dfd3382d1f14fc5acf24a8"},"headline":"AFEET Quintana Roo renueva su mesa directiva y refuerza el liderazgo femenino en el turismo","datePublished":"2025-03-05T03:15:00+00:00","dateModified":"2025-03-05T02:43:21+00:00","mainEntityOfPage":{"@id":"https:\/\/nitu.mx\/index.php\/2025\/03\/04\/afeet-quintana-roo-renueva-su-mesa-directiva-y-refuerza-el-liderazgo-femenino-en-el-turismo\/"},"wordCount":334,"commentCount":0,"publisher":{"@id":"https:\/\/nitu.mx\/#\/schema\/person\/ae7a53426417292d3dd07b45a33e01bc"},"image":{"@id":"https:\/\/nitu.mx\/index.php\/2025\/03\/04\/afeet-quintana-roo-renueva-su-mesa-directiva-y-refuerza-el-liderazgo-femenino-en-el-turismo\/#primaryimage"},"thumbnailUrl":"https:\/\/nitu.mx\/wp-content\/uploads\/2025\/03\/MARUSUAREZPSDTAAFEETQROO-scaled.jpg","keywords":["AFEET","AFEET Quintana Roo","Canc\u00fan","Maria Eugenia Su\u00e1rez del Valle","Quintana Roo"],"articleSection":["Caribe Mexicano","Destacados"],"inLanguage":"es-MX","potentialAction":[{"@type":"CommentAction","name":"Comment","target":["https:\/\/nitu.mx\/index.php\/2025\/03\/04\/afeet-quintana-roo-renueva-su-mesa-directiva-y-refuerza-el-liderazgo-femenino-en-el-turismo\/#respond"]}]},{"@type":"WebPage","@id":"https:\/\/nitu.mx\/index.php\/2025\/03\/04\/afeet-quintana-roo-renueva-su-mesa-directiva-y-refuerza-el-liderazgo-femenino-en-el-turismo\/","url":"https:\/\/nitu.mx\/index.php\/2025\/03\/04\/afeet-quintana-roo-renueva-su-mesa-directiva-y-refuerza-el-liderazgo-femenino-en-el-turismo\/","name":"AFEET Quintana Roo renueva su mesa directiva y refuerza el liderazgo femenino en el turismo - Nitu - Noticias de la Industria Turistica","isPartOf":{"@id":"https:\/\/nitu.mx\/#website"},"primaryImageOfPage":{"@id":"https:\/\/nitu.mx\/index.php\/2025\/03\/04\/afeet-quintana-roo-renueva-su-mesa-directiva-y-refuerza-el-liderazgo-femenino-en-el-turismo\/#primaryimage"},"image":{"@id":"https:\/\/nitu.mx\/index.php\/2025\/03\/04\/afeet-quintana-roo-renueva-su-mesa-directiva-y-refuerza-el-liderazgo-femenino-en-el-turismo\/#primaryimage"},"thumbnailUrl":"https:\/\/nitu.mx\/wp-content\/uploads\/2025\/03\/MARUSUAREZPSDTAAFEETQROO-scaled.jpg","datePublished":"2025-03-05T03:15:00+00:00","dateModified":"2025-03-05T02:43:21+00:00","breadcrumb":{"@id":"https:\/\/nitu.mx\/index.php\/2025\/03\/04\/afeet-quintana-roo-renueva-su-mesa-directiva-y-refuerza-el-liderazgo-femenino-en-el-turismo\/#breadcrumb"},"inLanguage":"es-MX","potentialAction":[{"@type":"ReadAction","target":["https:\/\/nitu.mx\/index.php\/2025\/03\/04\/afeet-quintana-roo-renueva-su-mesa-directiva-y-refuerza-el-liderazgo-femenino-en-el-turismo\/"]}]},{"@type":"ImageObject","inLanguage":"es-MX","@id":"https:\/\/nitu.mx\/index.php\/2025\/03\/04\/afeet-quintana-roo-renueva-su-mesa-directiva-y-refuerza-el-liderazgo-femenino-en-el-turismo\/#primaryimage","url":"https:\/\/nitu.mx\/wp-content\/uploads\/2025\/03\/MARUSUAREZPSDTAAFEETQROO-scaled.jpg","contentUrl":"https:\/\/nitu.mx\/wp-content\/uploads\/2025\/03\/MARUSUAREZPSDTAAFEETQROO-scaled.jpg","width":1920,"height":2560,"caption":"MARU SUAREZ presidenta AFEET QROO"},{"@type":"BreadcrumbList","@id":"https:\/\/nitu.mx\/index.php\/2025\/03\/04\/afeet-quintana-roo-renueva-su-mesa-directiva-y-refuerza-el-liderazgo-femenino-en-el-turismo\/#breadcrumb","itemListElement":[{"@type":"ListItem","position":1,"name":"Inicio","item":"https:\/\/nitu.mx\/"},{"@type":"ListItem","position":2,"name":"AFEET Quintana Roo renueva su mesa directiva y refuerza el liderazgo femenino en el turismo"}]},{"@type":"WebSite","@id":"https:\/\/nitu.mx\/#website","url":"https:\/\/nitu.mx\/","name":"Nitu - Noticias de la Industria Turistica","description":"Noticias de la Industria Turistica","publisher":{"@id":"https:\/\/nitu.mx\/#\/schema\/person\/ae7a53426417292d3dd07b45a33e01bc"},"alternateName":"Noticias de la Industria Turistica","potentialAction":[{"@type":"SearchAction","target":{"@type":"EntryPoint","urlTemplate":"https:\/\/nitu.mx\/?s={search_term_string}"},"query-input":"required name=search_term_string"}],"inLanguage":"es-MX"},{"@type":["Person","Organization"],"@id":"https:\/\/nitu.mx\/#\/schema\/person\/ae7a53426417292d3dd07b45a33e01bc","name":"Arturo Medina","image":{"@type":"ImageObject","inLanguage":"es-MX","@id":"https:\/\/nitu.mx\/#\/schema\/person\/image\/","url":"https:\/\/nitu.mx\/wp-content\/uploads\/2024\/04\/4A315622-1904-4D5C-B022-878CDC840E04-90x90-1.jpeg","contentUrl":"https:\/\/nitu.mx\/wp-content\/uploads\/2024\/04\/4A315622-1904-4D5C-B022-878CDC840E04-90x90-1.jpeg","width":90,"height":90,"caption":"Arturo Medina"},"logo":{"@id":"https:\/\/nitu.mx\/#\/schema\/person\/image\/"},"description":"Director NITU.mx, Egresado de la Escuela de Periodismo Carlos Septi\u00e9n Garc\u00eda. Periodista y analista especializado en turismo desde hace 35 a\u00f1os, radicado en Canc\u00fan Q.Roo. arturo@nitu.mx","sameAs":["https:\/\/nitu.mx","https:\/\/www.facebook.com\/NITUmx\/","medinacancun","https:\/\/twitter.com\/@Arturo_Medina_G"]},{"@type":"Person","@id":"https:\/\/nitu.mx\/#\/schema\/person\/2ecd887b19dfd3382d1f14fc5acf24a8","name":"Alejandra Moncisbays","image":{"@type":"ImageObject","inLanguage":"es-MX","@id":"https:\/\/nitu.mx\/#\/schema\/person\/image\/","url":"https:\/\/secure.gravatar.com\/avatar\/e74f7af0be172b7804dacfd0bfbef787?s=96&d=mm&r=g","contentUrl":"https:\/\/secure.gravatar.com\/avatar\/e74f7af0be172b7804dacfd0bfbef787?s=96&d=mm&r=g","caption":"Alejandra Moncisbays"},"description":"Curs\u00e9 la carrera de Periodismo y Comunicaci\u00f3n en la Facultad de Estudios Profesionales Acatl\u00e1n. Vivo en Canc\u00fan desde hace 24 a\u00f1os. Fui reportera de La Tarde de Canc\u00fan, y Novedades de Quintana Roo, colabor\u00e9 en TVCUN, edit\u00e9 Cancun\u00edssimo y colabor\u00e9 en las revistas Latitud21, entre otras, con principal enfoque en los sectores empresarial y tur\u00edstico. Desde hace varios a\u00f1os soy Agente de Seguros con c\u00e9dula de la Comisi\u00f3n Nacional de Seguros y Fianzas. Actualmente, me desarrollo en los \u00e1mbitos del periodismo y el sector asegurador.","sameAs":["https:\/\/nitu.mx"],"url":"https:\/\/nitu.mx\/index.php\/author\/alejandra\/"}]}},"views":1113,"_links":{"self":[{"href":"https:\/\/nitu.mx\/index.php\/wp-json\/wp\/v2\/posts\/79689"}],"collection":[{"href":"https:\/\/nitu.mx\/index.php\/wp-json\/wp\/v2\/posts"}],"about":[{"href":"https:\/\/nitu.mx\/index.php\/wp-json\/wp\/v2\/types\/post"}],"author":[{"embeddable":true,"href":"https:\/\/nitu.mx\/index.php\/wp-json\/wp\/v2\/users\/3"}],"replies":[{"embeddable":true,"href":"https:\/\/nitu.mx\/index.php\/wp-json\/wp\/v2\/comments?post=79689"}],"version-history":[{"count":3,"href":"https:\/\/nitu.mx\/index.php\/wp-json\/wp\/v2\/posts\/79689\/revisions"}],"predecessor-version":[{"id":79706,"href":"https:\/\/nitu.mx\/index.php\/wp-json\/wp\/v2\/posts\/79689\/revisions\/79706"}],"wp:featuredmedia":[{"embeddable":true,"href":"https:\/\/nitu.mx\/index.php\/wp-json\/wp\/v2\/media\/79692"}],"wp:attachment":[{"href":"https:\/\/nitu.mx\/index.php\/wp-json\/wp\/v2\/media?parent=79689"}],"wp:term":[{"taxonomy":"category","embeddable":true,"href":"https:\/\/nitu.mx\/index.php\/wp-json\/wp\/v2\/categories?post=79689"},{"taxonomy":"post_tag","embeddable":true,"href":"https:\/\/nitu.mx\/index.php\/wp-json\/wp\/v2\/tags?post=79689"}],"curies":[{"name":"wp","href":"https:\/\/api.w.org\/{rel}","templated":true}]}}