{"id":79376,"date":"2025-02-21T01:07:15","date_gmt":"2025-02-21T07:07:15","guid":{"rendered":"https:\/\/nitu.mx\/?p=79376"},"modified":"2025-02-21T01:07:16","modified_gmt":"2025-02-21T07:07:16","slug":"asf-detecta-inconsistencias-en-la-construccion-del-aeropuerto-de-tulum","status":"publish","type":"post","link":"https:\/\/nitu.mx\/index.php\/2025\/02\/21\/asf-detecta-inconsistencias-en-la-construccion-del-aeropuerto-de-tulum\/","title":{"rendered":"ASF detecta inconsistencias en la construcci\u00f3n del Aeropuerto de Tulum"},"content":{"rendered":"<p>La Auditor\u00eda Superior de la Federaci\u00f3n (ASF) identific\u00f3 irregularidades en la construcci\u00f3n del Aeropuerto Internacional de Tulum, entre ellas inconsistencias en la ejecuci\u00f3n de obras y pagos pendientes por aclarar por 351 mil 900 pesos en la compra de bancas de espera.<\/p>\n<p>Seg\u00fan el informe de la Cuenta P\u00fablica 2023, la Secretar\u00eda de la Defensa Nacional (Sedena) no apertur\u00f3 cuentas productivas espec\u00edficas para la ejecuci\u00f3n de los trabajos y, en su lugar, utiliz\u00f3 una subcuenta concentradora. Tambi\u00e9n se detect\u00f3 la falta de una retenci\u00f3n de 130 mil pesos en servicios de laboratorio para soldadura, torque y pintura en estructura met\u00e1lica.<\/p>\n<p>Adem\u00e1s, en el frente de trabajo n\u00famero 2, se entregaron ambulancias y un autob\u00fas con caracter\u00edsticas distintas a las establecidas en los contratos.<\/p>\n<p>La ASF destac\u00f3 que la obra no cont\u00f3 con recursos asignados en el Presupuesto de la Federaci\u00f3n 2023, pero se financiaron 8 mil 110 millones de pesos a trav\u00e9s de un fideicomiso p\u00fablico, de los cuales solo se audit\u00f3 una muestra de 4 mil 424 millones.<\/p>\n<p>Pese a estas observaciones, el dictamen concluy\u00f3 que la Sedena cumpli\u00f3 en t\u00e9rminos generales con las disposiciones normativas.<\/p>\n","protected":false},"excerpt":{"rendered":"<p>La Auditor\u00eda Superior de la Federaci\u00f3n (ASF) identific\u00f3 irregularidades en la construcci\u00f3n del Aeropuerto Internacional de Tulum, entre ellas inconsistencias en la ejecuci\u00f3n de obras y pagos pendientes por aclarar por 351 mil 900 pesos en la compra de bancas de espera. Seg\u00fan el informe de la Cuenta P\u00fablica 2023, la Secretar\u00eda de la Defensa [&hellip;]<\/p>\n","protected":false},"author":3,"featured_media":74522,"comment_status":"open","ping_status":"open","sticky":false,"template":"","format":"standard","meta":{"footnotes":""},"categories":[19462],"tags":[20801,4110,5578],"yoast_head":"<!-- This site is optimized with the Yoast SEO plugin v22.2 - https:\/\/yoast.com\/wordpress\/plugins\/seo\/ -->\n<title>ASF detecta inconsistencias en la construcci\u00f3n del Aeropuerto de Tulum - Nitu - Noticias de la Industria Turistica<\/title>\n<meta name=\"robots\" content=\"index, follow, max-snippet:-1, max-image-preview:large, max-video-preview:-1\" \/>\n<link rel=\"canonical\" href=\"https:\/\/nitu.mx\/index.php\/2025\/02\/21\/asf-detecta-inconsistencias-en-la-construccion-del-aeropuerto-de-tulum\/\" \/>\n<meta name=\"twitter:card\" content=\"summary_large_image\" \/>\n<meta name=\"twitter:title\" content=\"ASF detecta inconsistencias en la construcci\u00f3n del Aeropuerto de Tulum - Nitu - Noticias de la Industria Turistica\" \/>\n<meta name=\"twitter:description\" content=\"La Auditor\u00eda Superior de la Federaci\u00f3n (ASF) identific\u00f3 irregularidades en la construcci\u00f3n del Aeropuerto Internacional de Tulum, entre ellas inconsistencias en la ejecuci\u00f3n de obras y pagos pendientes por aclarar por 351 mil 900 pesos en la compra de bancas de espera. Seg\u00fan el informe de la Cuenta P\u00fablica 2023, la Secretar\u00eda de la Defensa [&hellip;]\" \/>\n<meta name=\"twitter:image\" content=\"https:\/\/nitu.mx\/wp-content\/uploads\/2024\/09\/AEROPUERTO-DE-TULUM.jpg\" \/>\n<meta name=\"twitter:creator\" content=\"@NITUmx\" \/>\n<meta name=\"twitter:site\" content=\"@Arturo_Medina_G\" \/>\n<meta name=\"twitter:label1\" content=\"Escrito por\" \/>\n\t<meta name=\"twitter:data1\" content=\"Alejandra Moncisbays\" \/>\n\t<meta name=\"twitter:label2\" content=\"Tiempo de lectura\" \/>\n\t<meta name=\"twitter:data2\" content=\"1 minuto\" \/>\n<script type=\"application\/ld+json\" class=\"yoast-schema-graph\">{\"@context\":\"https:\/\/schema.org\",\"@graph\":[{\"@type\":\"Article\",\"@id\":\"https:\/\/nitu.mx\/index.php\/2025\/02\/21\/asf-detecta-inconsistencias-en-la-construccion-del-aeropuerto-de-tulum\/#article\",\"isPartOf\":{\"@id\":\"https:\/\/nitu.mx\/index.php\/2025\/02\/21\/asf-detecta-inconsistencias-en-la-construccion-del-aeropuerto-de-tulum\/\"},\"author\":{\"name\":\"Alejandra Moncisbays\",\"@id\":\"https:\/\/nitu.mx\/#\/schema\/person\/2ecd887b19dfd3382d1f14fc5acf24a8\"},\"headline\":\"ASF detecta inconsistencias en la construcci\u00f3n del Aeropuerto de Tulum\",\"datePublished\":\"2025-02-21T07:07:15+00:00\",\"dateModified\":\"2025-02-21T07:07:16+00:00\",\"mainEntityOfPage\":{\"@id\":\"https:\/\/nitu.mx\/index.php\/2025\/02\/21\/asf-detecta-inconsistencias-en-la-construccion-del-aeropuerto-de-tulum\/\"},\"wordCount\":208,\"commentCount\":0,\"publisher\":{\"@id\":\"https:\/\/nitu.mx\/#\/schema\/person\/ae7a53426417292d3dd07b45a33e01bc\"},\"image\":{\"@id\":\"https:\/\/nitu.mx\/index.php\/2025\/02\/21\/asf-detecta-inconsistencias-en-la-construccion-del-aeropuerto-de-tulum\/#primaryimage\"},\"thumbnailUrl\":\"https:\/\/nitu.mx\/wp-content\/uploads\/2024\/09\/AEROPUERTO-DE-TULUM.jpg\",\"keywords\":[\"aeropuerto de Tulum\",\"ASF\",\"SEDENA\"],\"articleSection\":[\"Aeropuertos\"],\"inLanguage\":\"es-MX\",\"potentialAction\":[{\"@type\":\"CommentAction\",\"name\":\"Comment\",\"target\":[\"https:\/\/nitu.mx\/index.php\/2025\/02\/21\/asf-detecta-inconsistencias-en-la-construccion-del-aeropuerto-de-tulum\/#respond\"]}]},{\"@type\":\"WebPage\",\"@id\":\"https:\/\/nitu.mx\/index.php\/2025\/02\/21\/asf-detecta-inconsistencias-en-la-construccion-del-aeropuerto-de-tulum\/\",\"url\":\"https:\/\/nitu.mx\/index.php\/2025\/02\/21\/asf-detecta-inconsistencias-en-la-construccion-del-aeropuerto-de-tulum\/\",\"name\":\"ASF detecta inconsistencias en la construcci\u00f3n del Aeropuerto de Tulum - Nitu - Noticias de la Industria Turistica\",\"isPartOf\":{\"@id\":\"https:\/\/nitu.mx\/#website\"},\"primaryImageOfPage\":{\"@id\":\"https:\/\/nitu.mx\/index.php\/2025\/02\/21\/asf-detecta-inconsistencias-en-la-construccion-del-aeropuerto-de-tulum\/#primaryimage\"},\"image\":{\"@id\":\"https:\/\/nitu.mx\/index.php\/2025\/02\/21\/asf-detecta-inconsistencias-en-la-construccion-del-aeropuerto-de-tulum\/#primaryimage\"},\"thumbnailUrl\":\"https:\/\/nitu.mx\/wp-content\/uploads\/2024\/09\/AEROPUERTO-DE-TULUM.jpg\",\"datePublished\":\"2025-02-21T07:07:15+00:00\",\"dateModified\":\"2025-02-21T07:07:16+00:00\",\"breadcrumb\":{\"@id\":\"https:\/\/nitu.mx\/index.php\/2025\/02\/21\/asf-detecta-inconsistencias-en-la-construccion-del-aeropuerto-de-tulum\/#breadcrumb\"},\"inLanguage\":\"es-MX\",\"potentialAction\":[{\"@type\":\"ReadAction\",\"target\":[\"https:\/\/nitu.mx\/index.php\/2025\/02\/21\/asf-detecta-inconsistencias-en-la-construccion-del-aeropuerto-de-tulum\/\"]}]},{\"@type\":\"ImageObject\",\"inLanguage\":\"es-MX\",\"@id\":\"https:\/\/nitu.mx\/index.php\/2025\/02\/21\/asf-detecta-inconsistencias-en-la-construccion-del-aeropuerto-de-tulum\/#primaryimage\",\"url\":\"https:\/\/nitu.mx\/wp-content\/uploads\/2024\/09\/AEROPUERTO-DE-TULUM.jpg\",\"contentUrl\":\"https:\/\/nitu.mx\/wp-content\/uploads\/2024\/09\/AEROPUERTO-DE-TULUM.jpg\",\"width\":1200,\"height\":675,\"caption\":\"AEROPUERTO DE TULUM\"},{\"@type\":\"BreadcrumbList\",\"@id\":\"https:\/\/nitu.mx\/index.php\/2025\/02\/21\/asf-detecta-inconsistencias-en-la-construccion-del-aeropuerto-de-tulum\/#breadcrumb\",\"itemListElement\":[{\"@type\":\"ListItem\",\"position\":1,\"name\":\"Inicio\",\"item\":\"https:\/\/nitu.mx\/\"},{\"@type\":\"ListItem\",\"position\":2,\"name\":\"ASF detecta inconsistencias en la construcci\u00f3n del Aeropuerto de Tulum\"}]},{\"@type\":\"WebSite\",\"@id\":\"https:\/\/nitu.mx\/#website\",\"url\":\"https:\/\/nitu.mx\/\",\"name\":\"Nitu - Noticias de la Industria Turistica\",\"description\":\"Noticias de la Industria Turistica\",\"publisher\":{\"@id\":\"https:\/\/nitu.mx\/#\/schema\/person\/ae7a53426417292d3dd07b45a33e01bc\"},\"alternateName\":\"Noticias de la Industria Turistica\",\"potentialAction\":[{\"@type\":\"SearchAction\",\"target\":{\"@type\":\"EntryPoint\",\"urlTemplate\":\"https:\/\/nitu.mx\/?s={search_term_string}\"},\"query-input\":\"required name=search_term_string\"}],\"inLanguage\":\"es-MX\"},{\"@type\":[\"Person\",\"Organization\"],\"@id\":\"https:\/\/nitu.mx\/#\/schema\/person\/ae7a53426417292d3dd07b45a33e01bc\",\"name\":\"Arturo Medina\",\"image\":{\"@type\":\"ImageObject\",\"inLanguage\":\"es-MX\",\"@id\":\"https:\/\/nitu.mx\/#\/schema\/person\/image\/\",\"url\":\"https:\/\/nitu.mx\/wp-content\/uploads\/2024\/04\/4A315622-1904-4D5C-B022-878CDC840E04-90x90-1.jpeg\",\"contentUrl\":\"https:\/\/nitu.mx\/wp-content\/uploads\/2024\/04\/4A315622-1904-4D5C-B022-878CDC840E04-90x90-1.jpeg\",\"width\":90,\"height\":90,\"caption\":\"Arturo Medina\"},\"logo\":{\"@id\":\"https:\/\/nitu.mx\/#\/schema\/person\/image\/\"},\"description\":\"Director NITU.mx, Egresado de la Escuela de Periodismo Carlos Septi\u00e9n Garc\u00eda. Periodista y analista especializado en turismo desde hace 35 a\u00f1os, radicado en Canc\u00fan Q.Roo. arturo@nitu.mx\",\"sameAs\":[\"https:\/\/nitu.mx\",\"https:\/\/www.facebook.com\/NITUmx\/\",\"medinacancun\",\"https:\/\/twitter.com\/@Arturo_Medina_G\"]},{\"@type\":\"Person\",\"@id\":\"https:\/\/nitu.mx\/#\/schema\/person\/2ecd887b19dfd3382d1f14fc5acf24a8\",\"name\":\"Alejandra Moncisbays\",\"image\":{\"@type\":\"ImageObject\",\"inLanguage\":\"es-MX\",\"@id\":\"https:\/\/nitu.mx\/#\/schema\/person\/image\/\",\"url\":\"https:\/\/secure.gravatar.com\/avatar\/e74f7af0be172b7804dacfd0bfbef787?s=96&d=mm&r=g\",\"contentUrl\":\"https:\/\/secure.gravatar.com\/avatar\/e74f7af0be172b7804dacfd0bfbef787?s=96&d=mm&r=g\",\"caption\":\"Alejandra Moncisbays\"},\"description\":\"Curs\u00e9 la carrera de Periodismo y Comunicaci\u00f3n en la Facultad de Estudios Profesionales Acatl\u00e1n. Vivo en Canc\u00fan desde hace 24 a\u00f1os. Fui reportera de La Tarde de Canc\u00fan, y Novedades de Quintana Roo, colabor\u00e9 en TVCUN, edit\u00e9 Cancun\u00edssimo y colabor\u00e9 en las revistas Latitud21, entre otras, con principal enfoque en los sectores empresarial y tur\u00edstico. Desde hace varios a\u00f1os soy Agente de Seguros con c\u00e9dula de la Comisi\u00f3n Nacional de Seguros y Fianzas. Actualmente, me desarrollo en los \u00e1mbitos del periodismo y el sector asegurador.\",\"sameAs\":[\"https:\/\/nitu.mx\"],\"url\":\"https:\/\/nitu.mx\/index.php\/author\/alejandra\/\"}]}<\/script>\n<!-- \/ Yoast SEO plugin. -->","yoast_head_json":{"title":"ASF detecta inconsistencias en la construcci\u00f3n del Aeropuerto de Tulum - Nitu - Noticias de la Industria Turistica","robots":{"index":"index","follow":"follow","max-snippet":"max-snippet:-1","max-image-preview":"max-image-preview:large","max-video-preview":"max-video-preview:-1"},"canonical":"https:\/\/nitu.mx\/index.php\/2025\/02\/21\/asf-detecta-inconsistencias-en-la-construccion-del-aeropuerto-de-tulum\/","twitter_card":"summary_large_image","twitter_title":"ASF detecta inconsistencias en la construcci\u00f3n del Aeropuerto de Tulum - Nitu - Noticias de la Industria Turistica","twitter_description":"La Auditor\u00eda Superior de la Federaci\u00f3n (ASF) identific\u00f3 irregularidades en la construcci\u00f3n del Aeropuerto Internacional de Tulum, entre ellas inconsistencias en la ejecuci\u00f3n de obras y pagos pendientes por aclarar por 351 mil 900 pesos en la compra de bancas de espera. Seg\u00fan el informe de la Cuenta P\u00fablica 2023, la Secretar\u00eda de la Defensa [&hellip;]","twitter_image":"https:\/\/nitu.mx\/wp-content\/uploads\/2024\/09\/AEROPUERTO-DE-TULUM.jpg","twitter_creator":"@NITUmx","twitter_site":"@Arturo_Medina_G","twitter_misc":{"Escrito por":"Alejandra Moncisbays","Tiempo de lectura":"1 minuto"},"schema":{"@context":"https:\/\/schema.org","@graph":[{"@type":"Article","@id":"https:\/\/nitu.mx\/index.php\/2025\/02\/21\/asf-detecta-inconsistencias-en-la-construccion-del-aeropuerto-de-tulum\/#article","isPartOf":{"@id":"https:\/\/nitu.mx\/index.php\/2025\/02\/21\/asf-detecta-inconsistencias-en-la-construccion-del-aeropuerto-de-tulum\/"},"author":{"name":"Alejandra Moncisbays","@id":"https:\/\/nitu.mx\/#\/schema\/person\/2ecd887b19dfd3382d1f14fc5acf24a8"},"headline":"ASF detecta inconsistencias en la construcci\u00f3n del Aeropuerto de Tulum","datePublished":"2025-02-21T07:07:15+00:00","dateModified":"2025-02-21T07:07:16+00:00","mainEntityOfPage":{"@id":"https:\/\/nitu.mx\/index.php\/2025\/02\/21\/asf-detecta-inconsistencias-en-la-construccion-del-aeropuerto-de-tulum\/"},"wordCount":208,"commentCount":0,"publisher":{"@id":"https:\/\/nitu.mx\/#\/schema\/person\/ae7a53426417292d3dd07b45a33e01bc"},"image":{"@id":"https:\/\/nitu.mx\/index.php\/2025\/02\/21\/asf-detecta-inconsistencias-en-la-construccion-del-aeropuerto-de-tulum\/#primaryimage"},"thumbnailUrl":"https:\/\/nitu.mx\/wp-content\/uploads\/2024\/09\/AEROPUERTO-DE-TULUM.jpg","keywords":["aeropuerto de Tulum","ASF","SEDENA"],"articleSection":["Aeropuertos"],"inLanguage":"es-MX","potentialAction":[{"@type":"CommentAction","name":"Comment","target":["https:\/\/nitu.mx\/index.php\/2025\/02\/21\/asf-detecta-inconsistencias-en-la-construccion-del-aeropuerto-de-tulum\/#respond"]}]},{"@type":"WebPage","@id":"https:\/\/nitu.mx\/index.php\/2025\/02\/21\/asf-detecta-inconsistencias-en-la-construccion-del-aeropuerto-de-tulum\/","url":"https:\/\/nitu.mx\/index.php\/2025\/02\/21\/asf-detecta-inconsistencias-en-la-construccion-del-aeropuerto-de-tulum\/","name":"ASF detecta inconsistencias en la construcci\u00f3n del Aeropuerto de Tulum - Nitu - Noticias de la Industria Turistica","isPartOf":{"@id":"https:\/\/nitu.mx\/#website"},"primaryImageOfPage":{"@id":"https:\/\/nitu.mx\/index.php\/2025\/02\/21\/asf-detecta-inconsistencias-en-la-construccion-del-aeropuerto-de-tulum\/#primaryimage"},"image":{"@id":"https:\/\/nitu.mx\/index.php\/2025\/02\/21\/asf-detecta-inconsistencias-en-la-construccion-del-aeropuerto-de-tulum\/#primaryimage"},"thumbnailUrl":"https:\/\/nitu.mx\/wp-content\/uploads\/2024\/09\/AEROPUERTO-DE-TULUM.jpg","datePublished":"2025-02-21T07:07:15+00:00","dateModified":"2025-02-21T07:07:16+00:00","breadcrumb":{"@id":"https:\/\/nitu.mx\/index.php\/2025\/02\/21\/asf-detecta-inconsistencias-en-la-construccion-del-aeropuerto-de-tulum\/#breadcrumb"},"inLanguage":"es-MX","potentialAction":[{"@type":"ReadAction","target":["https:\/\/nitu.mx\/index.php\/2025\/02\/21\/asf-detecta-inconsistencias-en-la-construccion-del-aeropuerto-de-tulum\/"]}]},{"@type":"ImageObject","inLanguage":"es-MX","@id":"https:\/\/nitu.mx\/index.php\/2025\/02\/21\/asf-detecta-inconsistencias-en-la-construccion-del-aeropuerto-de-tulum\/#primaryimage","url":"https:\/\/nitu.mx\/wp-content\/uploads\/2024\/09\/AEROPUERTO-DE-TULUM.jpg","contentUrl":"https:\/\/nitu.mx\/wp-content\/uploads\/2024\/09\/AEROPUERTO-DE-TULUM.jpg","width":1200,"height":675,"caption":"AEROPUERTO DE TULUM"},{"@type":"BreadcrumbList","@id":"https:\/\/nitu.mx\/index.php\/2025\/02\/21\/asf-detecta-inconsistencias-en-la-construccion-del-aeropuerto-de-tulum\/#breadcrumb","itemListElement":[{"@type":"ListItem","position":1,"name":"Inicio","item":"https:\/\/nitu.mx\/"},{"@type":"ListItem","position":2,"name":"ASF detecta inconsistencias en la construcci\u00f3n del Aeropuerto de Tulum"}]},{"@type":"WebSite","@id":"https:\/\/nitu.mx\/#website","url":"https:\/\/nitu.mx\/","name":"Nitu - Noticias de la Industria Turistica","description":"Noticias de la Industria Turistica","publisher":{"@id":"https:\/\/nitu.mx\/#\/schema\/person\/ae7a53426417292d3dd07b45a33e01bc"},"alternateName":"Noticias de la Industria Turistica","potentialAction":[{"@type":"SearchAction","target":{"@type":"EntryPoint","urlTemplate":"https:\/\/nitu.mx\/?s={search_term_string}"},"query-input":"required name=search_term_string"}],"inLanguage":"es-MX"},{"@type":["Person","Organization"],"@id":"https:\/\/nitu.mx\/#\/schema\/person\/ae7a53426417292d3dd07b45a33e01bc","name":"Arturo Medina","image":{"@type":"ImageObject","inLanguage":"es-MX","@id":"https:\/\/nitu.mx\/#\/schema\/person\/image\/","url":"https:\/\/nitu.mx\/wp-content\/uploads\/2024\/04\/4A315622-1904-4D5C-B022-878CDC840E04-90x90-1.jpeg","contentUrl":"https:\/\/nitu.mx\/wp-content\/uploads\/2024\/04\/4A315622-1904-4D5C-B022-878CDC840E04-90x90-1.jpeg","width":90,"height":90,"caption":"Arturo Medina"},"logo":{"@id":"https:\/\/nitu.mx\/#\/schema\/person\/image\/"},"description":"Director NITU.mx, Egresado de la Escuela de Periodismo Carlos Septi\u00e9n Garc\u00eda. Periodista y analista especializado en turismo desde hace 35 a\u00f1os, radicado en Canc\u00fan Q.Roo. arturo@nitu.mx","sameAs":["https:\/\/nitu.mx","https:\/\/www.facebook.com\/NITUmx\/","medinacancun","https:\/\/twitter.com\/@Arturo_Medina_G"]},{"@type":"Person","@id":"https:\/\/nitu.mx\/#\/schema\/person\/2ecd887b19dfd3382d1f14fc5acf24a8","name":"Alejandra Moncisbays","image":{"@type":"ImageObject","inLanguage":"es-MX","@id":"https:\/\/nitu.mx\/#\/schema\/person\/image\/","url":"https:\/\/secure.gravatar.com\/avatar\/e74f7af0be172b7804dacfd0bfbef787?s=96&d=mm&r=g","contentUrl":"https:\/\/secure.gravatar.com\/avatar\/e74f7af0be172b7804dacfd0bfbef787?s=96&d=mm&r=g","caption":"Alejandra Moncisbays"},"description":"Curs\u00e9 la carrera de Periodismo y Comunicaci\u00f3n en la Facultad de Estudios Profesionales Acatl\u00e1n. Vivo en Canc\u00fan desde hace 24 a\u00f1os. Fui reportera de La Tarde de Canc\u00fan, y Novedades de Quintana Roo, colabor\u00e9 en TVCUN, edit\u00e9 Cancun\u00edssimo y colabor\u00e9 en las revistas Latitud21, entre otras, con principal enfoque en los sectores empresarial y tur\u00edstico. Desde hace varios a\u00f1os soy Agente de Seguros con c\u00e9dula de la Comisi\u00f3n Nacional de Seguros y Fianzas. Actualmente, me desarrollo en los \u00e1mbitos del periodismo y el sector asegurador.","sameAs":["https:\/\/nitu.mx"],"url":"https:\/\/nitu.mx\/index.php\/author\/alejandra\/"}]}},"views":735,"_links":{"self":[{"href":"https:\/\/nitu.mx\/index.php\/wp-json\/wp\/v2\/posts\/79376"}],"collection":[{"href":"https:\/\/nitu.mx\/index.php\/wp-json\/wp\/v2\/posts"}],"about":[{"href":"https:\/\/nitu.mx\/index.php\/wp-json\/wp\/v2\/types\/post"}],"author":[{"embeddable":true,"href":"https:\/\/nitu.mx\/index.php\/wp-json\/wp\/v2\/users\/3"}],"replies":[{"embeddable":true,"href":"https:\/\/nitu.mx\/index.php\/wp-json\/wp\/v2\/comments?post=79376"}],"version-history":[{"count":1,"href":"https:\/\/nitu.mx\/index.php\/wp-json\/wp\/v2\/posts\/79376\/revisions"}],"predecessor-version":[{"id":79377,"href":"https:\/\/nitu.mx\/index.php\/wp-json\/wp\/v2\/posts\/79376\/revisions\/79377"}],"wp:featuredmedia":[{"embeddable":true,"href":"https:\/\/nitu.mx\/index.php\/wp-json\/wp\/v2\/media\/74522"}],"wp:attachment":[{"href":"https:\/\/nitu.mx\/index.php\/wp-json\/wp\/v2\/media?parent=79376"}],"wp:term":[{"taxonomy":"category","embeddable":true,"href":"https:\/\/nitu.mx\/index.php\/wp-json\/wp\/v2\/categories?post=79376"},{"taxonomy":"post_tag","embeddable":true,"href":"https:\/\/nitu.mx\/index.php\/wp-json\/wp\/v2\/tags?post=79376"}],"curies":[{"name":"wp","href":"https:\/\/api.w.org\/{rel}","templated":true}]}}