{"id":79347,"date":"2025-02-20T02:12:08","date_gmt":"2025-02-20T08:12:08","guid":{"rendered":"https:\/\/nitu.mx\/?p=79347"},"modified":"2025-02-20T02:12:09","modified_gmt":"2025-02-20T08:12:09","slug":"la-orquesta-sinfonica-de-cancun-presenta-su-temporada-2025-opcion-para-locales-y-turistas","status":"publish","type":"post","link":"https:\/\/nitu.mx\/index.php\/2025\/02\/20\/la-orquesta-sinfonica-de-cancun-presenta-su-temporada-2025-opcion-para-locales-y-turistas\/","title":{"rendered":"La Orquesta Sinf\u00f3nica de Canc\u00fan presenta su Temporada 2025: Opci\u00f3n para locales y turistas"},"content":{"rendered":"<p>Canc\u00fan recibir\u00e1 una nueva edici\u00f3n de la Temporada de Conciertos de la Orquesta Sinf\u00f3nica de Canc\u00fan, que este a\u00f1o ofrecer\u00e1 un programa diverso que abarca desde los grandes cl\u00e1sicos hasta el rock sinf\u00f3nico y la \u00f3pera.<\/p>\n<p>Durante la presentaci\u00f3n oficial, el presidente del Patronato para la Cultura y las Artes de Canc\u00fan, Manuel Garc\u00eda Jurado, destac\u00f3 que esta temporada busca satisfacer a un p\u00fablico \u00e1vido de propuestas culturales de calidad.<\/p>\n<p>La serie de conciertos iniciar\u00e1 en febrero con \u201cIniciamos con los Cl\u00e1sicos\u201d, que incluir\u00e1 obras de Haydn, Mozart y Beethoven. En marzo, \u201cLa Tempestad del Mar\u201d rendir\u00e1 homenaje al oc\u00e9ano con piezas de Vivaldi y H\u00e4ndel.<\/p>\n<p>En abril, la Sinf\u00f3nica interpretar\u00e1 \u201cLas Cuatro Estaciones\u201d de Vivaldi, junto con \u201cLas Cuatro Estaciones Porte\u00f1as\u201d de Astor Piazzolla. Para los seguidores del rock, en mayo se presentar\u00e1 \u201cQueen Sinf\u00f3nico\u201d, seguido en agosto por \u201cThe Beatles Sinf\u00f3nico\u201d.<\/p>\n<p>En noviembre, la \u201cGala de \u00d3pera\u201d ofrecer\u00e1 un repertorio de bel canto y \u00f3pera rom\u00e1ntica italiana y francesa. Finalmente, la temporada cerrar\u00e1 en diciembre con \u201cNavidad con la Sinf\u00f3nica\u201d, en colaboraci\u00f3n con el Ballet Cl\u00e1sico de Canc\u00fan y la Compa\u00f1\u00eda Municipal de Coro.<\/p>\n<p>Fechas de la Temporada 2025<br \/>\n&#8211; Febrero 21: Iniciamos con los Cl\u00e1sicos<br \/>\n&#8211; Marzo 21: La Tempestad del Mar<br \/>\n&#8211; Abril 25: Las 4 Estaciones, Vivaldi y Piazzolla<br \/>\n&#8211; Mayo 23: Queen Sinf\u00f3nico<br \/>\n&#8211; Agosto 22: Beatles Sinf\u00f3nico<br \/>\n&#8211; Noviembre 14: Gala de \u00d3pera<br \/>\n&#8211; Diciembre 12: Concierto de Navidad<\/p>\n<p>Con 13 a\u00f1os de trayectoria, la Orquesta Sinf\u00f3nica de Canc\u00fan se ha consolidado como un referente cultural en la ciudad. \u201cEs la plataforma art\u00edstica m\u00e1s importante de la regi\u00f3n y un s\u00edmbolo de identidad para los cancunenses\u201d, afirm\u00f3 Jaime Valenzuela, vicepresidente de la Orquesta.<\/p>\n<p>Los conciertos se llevar\u00e1n a cabo en el Teatro de Canc\u00fan a las 20:30 horas, con boletos disponibles en tusboletos.mx y en la taquilla del teatro.<\/p>\n","protected":false},"excerpt":{"rendered":"<p>Canc\u00fan recibir\u00e1 una nueva edici\u00f3n de la Temporada de Conciertos de la Orquesta Sinf\u00f3nica de Canc\u00fan, que este a\u00f1o ofrecer\u00e1 un programa diverso que abarca desde los grandes cl\u00e1sicos hasta el rock sinf\u00f3nico y la \u00f3pera. Durante la presentaci\u00f3n oficial, el presidente del Patronato para la Cultura y las Artes de Canc\u00fan, Manuel Garc\u00eda Jurado, [&hellip;]<\/p>\n","protected":false},"author":3,"featured_media":79352,"comment_status":"open","ping_status":"open","sticky":false,"template":"","format":"standard","meta":{"footnotes":""},"categories":[21403],"tags":[19011,27012,27011],"yoast_head":"<!-- This site is optimized with the Yoast SEO plugin v22.2 - https:\/\/yoast.com\/wordpress\/plugins\/seo\/ -->\n<title>La Orquesta Sinf\u00f3nica de Canc\u00fan presenta su Temporada 2025: Opci\u00f3n para locales y turistas - Nitu - Noticias de la Industria Turistica<\/title>\n<meta name=\"robots\" content=\"index, follow, max-snippet:-1, max-image-preview:large, max-video-preview:-1\" \/>\n<link rel=\"canonical\" href=\"https:\/\/nitu.mx\/index.php\/2025\/02\/20\/la-orquesta-sinfonica-de-cancun-presenta-su-temporada-2025-opcion-para-locales-y-turistas\/\" \/>\n<meta name=\"twitter:card\" content=\"summary_large_image\" \/>\n<meta name=\"twitter:title\" content=\"La Orquesta Sinf\u00f3nica de Canc\u00fan presenta su Temporada 2025: Opci\u00f3n para locales y turistas - Nitu - Noticias de la Industria Turistica\" \/>\n<meta name=\"twitter:description\" content=\"Canc\u00fan recibir\u00e1 una nueva edici\u00f3n de la Temporada de Conciertos de la Orquesta Sinf\u00f3nica de Canc\u00fan, que este a\u00f1o ofrecer\u00e1 un programa diverso que abarca desde los grandes cl\u00e1sicos hasta el rock sinf\u00f3nico y la \u00f3pera. Durante la presentaci\u00f3n oficial, el presidente del Patronato para la Cultura y las Artes de Canc\u00fan, Manuel Garc\u00eda Jurado, [&hellip;]\" \/>\n<meta name=\"twitter:image\" content=\"https:\/\/nitu.mx\/wp-content\/uploads\/2025\/02\/SINFONICADECANCUN.jpeg\" \/>\n<meta name=\"twitter:creator\" content=\"@NITUmx\" \/>\n<meta name=\"twitter:site\" content=\"@Arturo_Medina_G\" \/>\n<meta name=\"twitter:label1\" content=\"Escrito por\" \/>\n\t<meta name=\"twitter:data1\" content=\"Alejandra Moncisbays\" \/>\n\t<meta name=\"twitter:label2\" content=\"Tiempo de lectura\" \/>\n\t<meta name=\"twitter:data2\" content=\"2 minutos\" \/>\n<script type=\"application\/ld+json\" class=\"yoast-schema-graph\">{\"@context\":\"https:\/\/schema.org\",\"@graph\":[{\"@type\":\"Article\",\"@id\":\"https:\/\/nitu.mx\/index.php\/2025\/02\/20\/la-orquesta-sinfonica-de-cancun-presenta-su-temporada-2025-opcion-para-locales-y-turistas\/#article\",\"isPartOf\":{\"@id\":\"https:\/\/nitu.mx\/index.php\/2025\/02\/20\/la-orquesta-sinfonica-de-cancun-presenta-su-temporada-2025-opcion-para-locales-y-turistas\/\"},\"author\":{\"name\":\"Alejandra Moncisbays\",\"@id\":\"https:\/\/nitu.mx\/#\/schema\/person\/2ecd887b19dfd3382d1f14fc5acf24a8\"},\"headline\":\"La Orquesta Sinf\u00f3nica de Canc\u00fan presenta su Temporada 2025: Opci\u00f3n para locales y turistas\",\"datePublished\":\"2025-02-20T08:12:08+00:00\",\"dateModified\":\"2025-02-20T08:12:09+00:00\",\"mainEntityOfPage\":{\"@id\":\"https:\/\/nitu.mx\/index.php\/2025\/02\/20\/la-orquesta-sinfonica-de-cancun-presenta-su-temporada-2025-opcion-para-locales-y-turistas\/\"},\"wordCount\":348,\"commentCount\":0,\"publisher\":{\"@id\":\"https:\/\/nitu.mx\/#\/schema\/person\/ae7a53426417292d3dd07b45a33e01bc\"},\"image\":{\"@id\":\"https:\/\/nitu.mx\/index.php\/2025\/02\/20\/la-orquesta-sinfonica-de-cancun-presenta-su-temporada-2025-opcion-para-locales-y-turistas\/#primaryimage\"},\"thumbnailUrl\":\"https:\/\/nitu.mx\/wp-content\/uploads\/2025\/02\/SINFONICADECANCUN.jpeg\",\"keywords\":[\"La Orquesta Sinf\u00f3nica de Canc\u00fan\",\"Temporada 2025\",\"Temporada 2025La Orquesta Sinf\u00f3nica de Canc\u00fan\"],\"articleSection\":[\"Canc\u00fan\"],\"inLanguage\":\"es-MX\",\"potentialAction\":[{\"@type\":\"CommentAction\",\"name\":\"Comment\",\"target\":[\"https:\/\/nitu.mx\/index.php\/2025\/02\/20\/la-orquesta-sinfonica-de-cancun-presenta-su-temporada-2025-opcion-para-locales-y-turistas\/#respond\"]}]},{\"@type\":\"WebPage\",\"@id\":\"https:\/\/nitu.mx\/index.php\/2025\/02\/20\/la-orquesta-sinfonica-de-cancun-presenta-su-temporada-2025-opcion-para-locales-y-turistas\/\",\"url\":\"https:\/\/nitu.mx\/index.php\/2025\/02\/20\/la-orquesta-sinfonica-de-cancun-presenta-su-temporada-2025-opcion-para-locales-y-turistas\/\",\"name\":\"La Orquesta Sinf\u00f3nica de Canc\u00fan presenta su Temporada 2025: Opci\u00f3n para locales y turistas - Nitu - Noticias de la Industria Turistica\",\"isPartOf\":{\"@id\":\"https:\/\/nitu.mx\/#website\"},\"primaryImageOfPage\":{\"@id\":\"https:\/\/nitu.mx\/index.php\/2025\/02\/20\/la-orquesta-sinfonica-de-cancun-presenta-su-temporada-2025-opcion-para-locales-y-turistas\/#primaryimage\"},\"image\":{\"@id\":\"https:\/\/nitu.mx\/index.php\/2025\/02\/20\/la-orquesta-sinfonica-de-cancun-presenta-su-temporada-2025-opcion-para-locales-y-turistas\/#primaryimage\"},\"thumbnailUrl\":\"https:\/\/nitu.mx\/wp-content\/uploads\/2025\/02\/SINFONICADECANCUN.jpeg\",\"datePublished\":\"2025-02-20T08:12:08+00:00\",\"dateModified\":\"2025-02-20T08:12:09+00:00\",\"breadcrumb\":{\"@id\":\"https:\/\/nitu.mx\/index.php\/2025\/02\/20\/la-orquesta-sinfonica-de-cancun-presenta-su-temporada-2025-opcion-para-locales-y-turistas\/#breadcrumb\"},\"inLanguage\":\"es-MX\",\"potentialAction\":[{\"@type\":\"ReadAction\",\"target\":[\"https:\/\/nitu.mx\/index.php\/2025\/02\/20\/la-orquesta-sinfonica-de-cancun-presenta-su-temporada-2025-opcion-para-locales-y-turistas\/\"]}]},{\"@type\":\"ImageObject\",\"inLanguage\":\"es-MX\",\"@id\":\"https:\/\/nitu.mx\/index.php\/2025\/02\/20\/la-orquesta-sinfonica-de-cancun-presenta-su-temporada-2025-opcion-para-locales-y-turistas\/#primaryimage\",\"url\":\"https:\/\/nitu.mx\/wp-content\/uploads\/2025\/02\/SINFONICADECANCUN.jpeg\",\"contentUrl\":\"https:\/\/nitu.mx\/wp-content\/uploads\/2025\/02\/SINFONICADECANCUN.jpeg\",\"width\":1280,\"height\":960},{\"@type\":\"BreadcrumbList\",\"@id\":\"https:\/\/nitu.mx\/index.php\/2025\/02\/20\/la-orquesta-sinfonica-de-cancun-presenta-su-temporada-2025-opcion-para-locales-y-turistas\/#breadcrumb\",\"itemListElement\":[{\"@type\":\"ListItem\",\"position\":1,\"name\":\"Inicio\",\"item\":\"https:\/\/nitu.mx\/\"},{\"@type\":\"ListItem\",\"position\":2,\"name\":\"La Orquesta Sinf\u00f3nica de Canc\u00fan presenta su Temporada 2025: Opci\u00f3n para locales y turistas\"}]},{\"@type\":\"WebSite\",\"@id\":\"https:\/\/nitu.mx\/#website\",\"url\":\"https:\/\/nitu.mx\/\",\"name\":\"Nitu - Noticias de la Industria Turistica\",\"description\":\"Noticias de la Industria Turistica\",\"publisher\":{\"@id\":\"https:\/\/nitu.mx\/#\/schema\/person\/ae7a53426417292d3dd07b45a33e01bc\"},\"alternateName\":\"Noticias de la Industria Turistica\",\"potentialAction\":[{\"@type\":\"SearchAction\",\"target\":{\"@type\":\"EntryPoint\",\"urlTemplate\":\"https:\/\/nitu.mx\/?s={search_term_string}\"},\"query-input\":\"required name=search_term_string\"}],\"inLanguage\":\"es-MX\"},{\"@type\":[\"Person\",\"Organization\"],\"@id\":\"https:\/\/nitu.mx\/#\/schema\/person\/ae7a53426417292d3dd07b45a33e01bc\",\"name\":\"Arturo Medina\",\"image\":{\"@type\":\"ImageObject\",\"inLanguage\":\"es-MX\",\"@id\":\"https:\/\/nitu.mx\/#\/schema\/person\/image\/\",\"url\":\"https:\/\/nitu.mx\/wp-content\/uploads\/2024\/04\/4A315622-1904-4D5C-B022-878CDC840E04-90x90-1.jpeg\",\"contentUrl\":\"https:\/\/nitu.mx\/wp-content\/uploads\/2024\/04\/4A315622-1904-4D5C-B022-878CDC840E04-90x90-1.jpeg\",\"width\":90,\"height\":90,\"caption\":\"Arturo Medina\"},\"logo\":{\"@id\":\"https:\/\/nitu.mx\/#\/schema\/person\/image\/\"},\"description\":\"Director NITU.mx, Egresado de la Escuela de Periodismo Carlos Septi\u00e9n Garc\u00eda. Periodista y analista especializado en turismo desde hace 35 a\u00f1os, radicado en Canc\u00fan Q.Roo. arturo@nitu.mx\",\"sameAs\":[\"https:\/\/nitu.mx\",\"https:\/\/www.facebook.com\/NITUmx\/\",\"medinacancun\",\"https:\/\/twitter.com\/@Arturo_Medina_G\"]},{\"@type\":\"Person\",\"@id\":\"https:\/\/nitu.mx\/#\/schema\/person\/2ecd887b19dfd3382d1f14fc5acf24a8\",\"name\":\"Alejandra Moncisbays\",\"image\":{\"@type\":\"ImageObject\",\"inLanguage\":\"es-MX\",\"@id\":\"https:\/\/nitu.mx\/#\/schema\/person\/image\/\",\"url\":\"https:\/\/secure.gravatar.com\/avatar\/e74f7af0be172b7804dacfd0bfbef787?s=96&d=mm&r=g\",\"contentUrl\":\"https:\/\/secure.gravatar.com\/avatar\/e74f7af0be172b7804dacfd0bfbef787?s=96&d=mm&r=g\",\"caption\":\"Alejandra Moncisbays\"},\"description\":\"Curs\u00e9 la carrera de Periodismo y Comunicaci\u00f3n en la Facultad de Estudios Profesionales Acatl\u00e1n. Vivo en Canc\u00fan desde hace 24 a\u00f1os. Fui reportera de La Tarde de Canc\u00fan, y Novedades de Quintana Roo, colabor\u00e9 en TVCUN, edit\u00e9 Cancun\u00edssimo y colabor\u00e9 en las revistas Latitud21, entre otras, con principal enfoque en los sectores empresarial y tur\u00edstico. Desde hace varios a\u00f1os soy Agente de Seguros con c\u00e9dula de la Comisi\u00f3n Nacional de Seguros y Fianzas. Actualmente, me desarrollo en los \u00e1mbitos del periodismo y el sector asegurador.\",\"sameAs\":[\"https:\/\/nitu.mx\"],\"url\":\"https:\/\/nitu.mx\/index.php\/author\/alejandra\/\"}]}<\/script>\n<!-- \/ Yoast SEO plugin. -->","yoast_head_json":{"title":"La Orquesta Sinf\u00f3nica de Canc\u00fan presenta su Temporada 2025: Opci\u00f3n para locales y turistas - Nitu - Noticias de la Industria Turistica","robots":{"index":"index","follow":"follow","max-snippet":"max-snippet:-1","max-image-preview":"max-image-preview:large","max-video-preview":"max-video-preview:-1"},"canonical":"https:\/\/nitu.mx\/index.php\/2025\/02\/20\/la-orquesta-sinfonica-de-cancun-presenta-su-temporada-2025-opcion-para-locales-y-turistas\/","twitter_card":"summary_large_image","twitter_title":"La Orquesta Sinf\u00f3nica de Canc\u00fan presenta su Temporada 2025: Opci\u00f3n para locales y turistas - Nitu - Noticias de la Industria Turistica","twitter_description":"Canc\u00fan recibir\u00e1 una nueva edici\u00f3n de la Temporada de Conciertos de la Orquesta Sinf\u00f3nica de Canc\u00fan, que este a\u00f1o ofrecer\u00e1 un programa diverso que abarca desde los grandes cl\u00e1sicos hasta el rock sinf\u00f3nico y la \u00f3pera. Durante la presentaci\u00f3n oficial, el presidente del Patronato para la Cultura y las Artes de Canc\u00fan, Manuel Garc\u00eda Jurado, [&hellip;]","twitter_image":"https:\/\/nitu.mx\/wp-content\/uploads\/2025\/02\/SINFONICADECANCUN.jpeg","twitter_creator":"@NITUmx","twitter_site":"@Arturo_Medina_G","twitter_misc":{"Escrito por":"Alejandra Moncisbays","Tiempo de lectura":"2 minutos"},"schema":{"@context":"https:\/\/schema.org","@graph":[{"@type":"Article","@id":"https:\/\/nitu.mx\/index.php\/2025\/02\/20\/la-orquesta-sinfonica-de-cancun-presenta-su-temporada-2025-opcion-para-locales-y-turistas\/#article","isPartOf":{"@id":"https:\/\/nitu.mx\/index.php\/2025\/02\/20\/la-orquesta-sinfonica-de-cancun-presenta-su-temporada-2025-opcion-para-locales-y-turistas\/"},"author":{"name":"Alejandra Moncisbays","@id":"https:\/\/nitu.mx\/#\/schema\/person\/2ecd887b19dfd3382d1f14fc5acf24a8"},"headline":"La Orquesta Sinf\u00f3nica de Canc\u00fan presenta su Temporada 2025: Opci\u00f3n para locales y turistas","datePublished":"2025-02-20T08:12:08+00:00","dateModified":"2025-02-20T08:12:09+00:00","mainEntityOfPage":{"@id":"https:\/\/nitu.mx\/index.php\/2025\/02\/20\/la-orquesta-sinfonica-de-cancun-presenta-su-temporada-2025-opcion-para-locales-y-turistas\/"},"wordCount":348,"commentCount":0,"publisher":{"@id":"https:\/\/nitu.mx\/#\/schema\/person\/ae7a53426417292d3dd07b45a33e01bc"},"image":{"@id":"https:\/\/nitu.mx\/index.php\/2025\/02\/20\/la-orquesta-sinfonica-de-cancun-presenta-su-temporada-2025-opcion-para-locales-y-turistas\/#primaryimage"},"thumbnailUrl":"https:\/\/nitu.mx\/wp-content\/uploads\/2025\/02\/SINFONICADECANCUN.jpeg","keywords":["La Orquesta Sinf\u00f3nica de Canc\u00fan","Temporada 2025","Temporada 2025La Orquesta Sinf\u00f3nica de Canc\u00fan"],"articleSection":["Canc\u00fan"],"inLanguage":"es-MX","potentialAction":[{"@type":"CommentAction","name":"Comment","target":["https:\/\/nitu.mx\/index.php\/2025\/02\/20\/la-orquesta-sinfonica-de-cancun-presenta-su-temporada-2025-opcion-para-locales-y-turistas\/#respond"]}]},{"@type":"WebPage","@id":"https:\/\/nitu.mx\/index.php\/2025\/02\/20\/la-orquesta-sinfonica-de-cancun-presenta-su-temporada-2025-opcion-para-locales-y-turistas\/","url":"https:\/\/nitu.mx\/index.php\/2025\/02\/20\/la-orquesta-sinfonica-de-cancun-presenta-su-temporada-2025-opcion-para-locales-y-turistas\/","name":"La Orquesta Sinf\u00f3nica de Canc\u00fan presenta su Temporada 2025: Opci\u00f3n para locales y turistas - Nitu - Noticias de la Industria Turistica","isPartOf":{"@id":"https:\/\/nitu.mx\/#website"},"primaryImageOfPage":{"@id":"https:\/\/nitu.mx\/index.php\/2025\/02\/20\/la-orquesta-sinfonica-de-cancun-presenta-su-temporada-2025-opcion-para-locales-y-turistas\/#primaryimage"},"image":{"@id":"https:\/\/nitu.mx\/index.php\/2025\/02\/20\/la-orquesta-sinfonica-de-cancun-presenta-su-temporada-2025-opcion-para-locales-y-turistas\/#primaryimage"},"thumbnailUrl":"https:\/\/nitu.mx\/wp-content\/uploads\/2025\/02\/SINFONICADECANCUN.jpeg","datePublished":"2025-02-20T08:12:08+00:00","dateModified":"2025-02-20T08:12:09+00:00","breadcrumb":{"@id":"https:\/\/nitu.mx\/index.php\/2025\/02\/20\/la-orquesta-sinfonica-de-cancun-presenta-su-temporada-2025-opcion-para-locales-y-turistas\/#breadcrumb"},"inLanguage":"es-MX","potentialAction":[{"@type":"ReadAction","target":["https:\/\/nitu.mx\/index.php\/2025\/02\/20\/la-orquesta-sinfonica-de-cancun-presenta-su-temporada-2025-opcion-para-locales-y-turistas\/"]}]},{"@type":"ImageObject","inLanguage":"es-MX","@id":"https:\/\/nitu.mx\/index.php\/2025\/02\/20\/la-orquesta-sinfonica-de-cancun-presenta-su-temporada-2025-opcion-para-locales-y-turistas\/#primaryimage","url":"https:\/\/nitu.mx\/wp-content\/uploads\/2025\/02\/SINFONICADECANCUN.jpeg","contentUrl":"https:\/\/nitu.mx\/wp-content\/uploads\/2025\/02\/SINFONICADECANCUN.jpeg","width":1280,"height":960},{"@type":"BreadcrumbList","@id":"https:\/\/nitu.mx\/index.php\/2025\/02\/20\/la-orquesta-sinfonica-de-cancun-presenta-su-temporada-2025-opcion-para-locales-y-turistas\/#breadcrumb","itemListElement":[{"@type":"ListItem","position":1,"name":"Inicio","item":"https:\/\/nitu.mx\/"},{"@type":"ListItem","position":2,"name":"La Orquesta Sinf\u00f3nica de Canc\u00fan presenta su Temporada 2025: Opci\u00f3n para locales y turistas"}]},{"@type":"WebSite","@id":"https:\/\/nitu.mx\/#website","url":"https:\/\/nitu.mx\/","name":"Nitu - Noticias de la Industria Turistica","description":"Noticias de la Industria Turistica","publisher":{"@id":"https:\/\/nitu.mx\/#\/schema\/person\/ae7a53426417292d3dd07b45a33e01bc"},"alternateName":"Noticias de la Industria Turistica","potentialAction":[{"@type":"SearchAction","target":{"@type":"EntryPoint","urlTemplate":"https:\/\/nitu.mx\/?s={search_term_string}"},"query-input":"required name=search_term_string"}],"inLanguage":"es-MX"},{"@type":["Person","Organization"],"@id":"https:\/\/nitu.mx\/#\/schema\/person\/ae7a53426417292d3dd07b45a33e01bc","name":"Arturo Medina","image":{"@type":"ImageObject","inLanguage":"es-MX","@id":"https:\/\/nitu.mx\/#\/schema\/person\/image\/","url":"https:\/\/nitu.mx\/wp-content\/uploads\/2024\/04\/4A315622-1904-4D5C-B022-878CDC840E04-90x90-1.jpeg","contentUrl":"https:\/\/nitu.mx\/wp-content\/uploads\/2024\/04\/4A315622-1904-4D5C-B022-878CDC840E04-90x90-1.jpeg","width":90,"height":90,"caption":"Arturo Medina"},"logo":{"@id":"https:\/\/nitu.mx\/#\/schema\/person\/image\/"},"description":"Director NITU.mx, Egresado de la Escuela de Periodismo Carlos Septi\u00e9n Garc\u00eda. Periodista y analista especializado en turismo desde hace 35 a\u00f1os, radicado en Canc\u00fan Q.Roo. arturo@nitu.mx","sameAs":["https:\/\/nitu.mx","https:\/\/www.facebook.com\/NITUmx\/","medinacancun","https:\/\/twitter.com\/@Arturo_Medina_G"]},{"@type":"Person","@id":"https:\/\/nitu.mx\/#\/schema\/person\/2ecd887b19dfd3382d1f14fc5acf24a8","name":"Alejandra Moncisbays","image":{"@type":"ImageObject","inLanguage":"es-MX","@id":"https:\/\/nitu.mx\/#\/schema\/person\/image\/","url":"https:\/\/secure.gravatar.com\/avatar\/e74f7af0be172b7804dacfd0bfbef787?s=96&d=mm&r=g","contentUrl":"https:\/\/secure.gravatar.com\/avatar\/e74f7af0be172b7804dacfd0bfbef787?s=96&d=mm&r=g","caption":"Alejandra Moncisbays"},"description":"Curs\u00e9 la carrera de Periodismo y Comunicaci\u00f3n en la Facultad de Estudios Profesionales Acatl\u00e1n. Vivo en Canc\u00fan desde hace 24 a\u00f1os. Fui reportera de La Tarde de Canc\u00fan, y Novedades de Quintana Roo, colabor\u00e9 en TVCUN, edit\u00e9 Cancun\u00edssimo y colabor\u00e9 en las revistas Latitud21, entre otras, con principal enfoque en los sectores empresarial y tur\u00edstico. Desde hace varios a\u00f1os soy Agente de Seguros con c\u00e9dula de la Comisi\u00f3n Nacional de Seguros y Fianzas. Actualmente, me desarrollo en los \u00e1mbitos del periodismo y el sector asegurador.","sameAs":["https:\/\/nitu.mx"],"url":"https:\/\/nitu.mx\/index.php\/author\/alejandra\/"}]}},"views":783,"_links":{"self":[{"href":"https:\/\/nitu.mx\/index.php\/wp-json\/wp\/v2\/posts\/79347"}],"collection":[{"href":"https:\/\/nitu.mx\/index.php\/wp-json\/wp\/v2\/posts"}],"about":[{"href":"https:\/\/nitu.mx\/index.php\/wp-json\/wp\/v2\/types\/post"}],"author":[{"embeddable":true,"href":"https:\/\/nitu.mx\/index.php\/wp-json\/wp\/v2\/users\/3"}],"replies":[{"embeddable":true,"href":"https:\/\/nitu.mx\/index.php\/wp-json\/wp\/v2\/comments?post=79347"}],"version-history":[{"count":2,"href":"https:\/\/nitu.mx\/index.php\/wp-json\/wp\/v2\/posts\/79347\/revisions"}],"predecessor-version":[{"id":79369,"href":"https:\/\/nitu.mx\/index.php\/wp-json\/wp\/v2\/posts\/79347\/revisions\/79369"}],"wp:featuredmedia":[{"embeddable":true,"href":"https:\/\/nitu.mx\/index.php\/wp-json\/wp\/v2\/media\/79352"}],"wp:attachment":[{"href":"https:\/\/nitu.mx\/index.php\/wp-json\/wp\/v2\/media?parent=79347"}],"wp:term":[{"taxonomy":"category","embeddable":true,"href":"https:\/\/nitu.mx\/index.php\/wp-json\/wp\/v2\/categories?post=79347"},{"taxonomy":"post_tag","embeddable":true,"href":"https:\/\/nitu.mx\/index.php\/wp-json\/wp\/v2\/tags?post=79347"}],"curies":[{"name":"wp","href":"https:\/\/api.w.org\/{rel}","templated":true}]}}