{"id":79336,"date":"2025-02-20T02:25:02","date_gmt":"2025-02-20T08:25:02","guid":{"rendered":"https:\/\/nitu.mx\/?p=79336"},"modified":"2025-02-20T02:25:03","modified_gmt":"2025-02-20T08:25:03","slug":"agentes-aduanales-de-cancun-reciben-capacitacion-en-calidad-en-el-servicio","status":"publish","type":"post","link":"https:\/\/nitu.mx\/index.php\/2025\/02\/20\/agentes-aduanales-de-cancun-reciben-capacitacion-en-calidad-en-el-servicio\/","title":{"rendered":"Agentes aduanales de Canc\u00fan reciben capacitaci\u00f3n en calidad en el servicio"},"content":{"rendered":"<p>Un total de 90 agentes de aduanas del Aeropuerto Internacional de Canc\u00fan han concluido su capacitaci\u00f3n en Calidad en el Servicio Tur\u00edstico y Gesti\u00f3n de las Emociones. La gobernadora de Quintana Roo, Mara Lezama Espinosa, entreg\u00f3 los certificados en una ceremonia en la que tambi\u00e9n estuvo presente el Teniente Coronel Fernando Mart\u00ednez Garc\u00eda, titular de la Agencia Nacional de Aduanas en el aeropuerto.<\/p>\n<p>Lezama destac\u00f3 que la labor de los agentes aduanales influye en la primera impresi\u00f3n que reciben los turistas al ingresar al pa\u00eds y se\u00f1al\u00f3 que esta capacitaci\u00f3n busca mejorar la atenci\u00f3n en uno de los aeropuertos con mayor flujo de pasajeros internacionales en M\u00e9xico.<\/p>\n<p>El secretario de Turismo, Bernardo Cueto Riestra, indic\u00f3 que la iniciativa es resultado del trabajo conjunto entre autoridades estatales, federales y el Grupo ASUR para fortalecer la imagen del destino.<\/p>\n<p>Por su parte, el titular de la Agencia Nacional de Aduanas en Canc\u00fan reconoci\u00f3 la importancia de la formaci\u00f3n en calidad de servicio y exhort\u00f3 a los agentes a desempe\u00f1ar sus funciones con profesionalismo.<\/p>\n<p>Sergio Gonz\u00e1lez, presidente de la Asociaci\u00f3n Mexicana de Agencias de Turismo Receptivo (Amatur), se\u00f1al\u00f3 que esta capacitaci\u00f3n no tiene precedentes en el pa\u00eds y anunci\u00f3 que se ofrecer\u00e1 formaci\u00f3n similar a 50 agentes de migraci\u00f3n con el objetivo de fortalecer la atenci\u00f3n a los visitantes.<\/p>\n","protected":false},"excerpt":{"rendered":"<p>Un total de 90 agentes de aduanas del Aeropuerto Internacional de Canc\u00fan han concluido su capacitaci\u00f3n en Calidad en el Servicio Tur\u00edstico y Gesti\u00f3n de las Emociones. La gobernadora de Quintana Roo, Mara Lezama Espinosa, entreg\u00f3 los certificados en una ceremonia en la que tambi\u00e9n estuvo presente el Teniente Coronel Fernando Mart\u00ednez Garc\u00eda, titular de [&hellip;]<\/p>\n","protected":false},"author":3,"featured_media":79372,"comment_status":"open","ping_status":"open","sticky":false,"template":"","format":"standard","meta":{"footnotes":""},"categories":[19462,21403],"tags":[27008,24148,43,12017,10687],"yoast_head":"<!-- This site is optimized with the Yoast SEO plugin v22.2 - https:\/\/yoast.com\/wordpress\/plugins\/seo\/ -->\n<title>Agentes aduanales de Canc\u00fan reciben capacitaci\u00f3n en calidad en el servicio - Nitu - Noticias de la Industria Turistica<\/title>\n<meta name=\"robots\" content=\"index, follow, max-snippet:-1, max-image-preview:large, max-video-preview:-1\" \/>\n<link rel=\"canonical\" href=\"https:\/\/nitu.mx\/index.php\/2025\/02\/20\/agentes-aduanales-de-cancun-reciben-capacitacion-en-calidad-en-el-servicio\/\" \/>\n<meta name=\"twitter:card\" content=\"summary_large_image\" \/>\n<meta name=\"twitter:title\" content=\"Agentes aduanales de Canc\u00fan reciben capacitaci\u00f3n en calidad en el servicio - Nitu - Noticias de la Industria Turistica\" \/>\n<meta name=\"twitter:description\" content=\"Un total de 90 agentes de aduanas del Aeropuerto Internacional de Canc\u00fan han concluido su capacitaci\u00f3n en Calidad en el Servicio Tur\u00edstico y Gesti\u00f3n de las Emociones. La gobernadora de Quintana Roo, Mara Lezama Espinosa, entreg\u00f3 los certificados en una ceremonia en la que tambi\u00e9n estuvo presente el Teniente Coronel Fernando Mart\u00ednez Garc\u00eda, titular de [&hellip;]\" \/>\n<meta name=\"twitter:image\" content=\"https:\/\/nitu.mx\/wp-content\/uploads\/2025\/02\/aduana-de-cancun.jpg\" \/>\n<meta name=\"twitter:creator\" content=\"@NITUmx\" \/>\n<meta name=\"twitter:site\" content=\"@Arturo_Medina_G\" \/>\n<meta name=\"twitter:label1\" content=\"Escrito por\" \/>\n\t<meta name=\"twitter:data1\" content=\"Alejandra Moncisbays\" \/>\n\t<meta name=\"twitter:label2\" content=\"Tiempo de lectura\" \/>\n\t<meta name=\"twitter:data2\" content=\"1 minuto\" \/>\n<script type=\"application\/ld+json\" class=\"yoast-schema-graph\">{\"@context\":\"https:\/\/schema.org\",\"@graph\":[{\"@type\":\"Article\",\"@id\":\"https:\/\/nitu.mx\/index.php\/2025\/02\/20\/agentes-aduanales-de-cancun-reciben-capacitacion-en-calidad-en-el-servicio\/#article\",\"isPartOf\":{\"@id\":\"https:\/\/nitu.mx\/index.php\/2025\/02\/20\/agentes-aduanales-de-cancun-reciben-capacitacion-en-calidad-en-el-servicio\/\"},\"author\":{\"name\":\"Alejandra Moncisbays\",\"@id\":\"https:\/\/nitu.mx\/#\/schema\/person\/2ecd887b19dfd3382d1f14fc5acf24a8\"},\"headline\":\"Agentes aduanales de Canc\u00fan reciben capacitaci\u00f3n en calidad en el servicio\",\"datePublished\":\"2025-02-20T08:25:02+00:00\",\"dateModified\":\"2025-02-20T08:25:03+00:00\",\"mainEntityOfPage\":{\"@id\":\"https:\/\/nitu.mx\/index.php\/2025\/02\/20\/agentes-aduanales-de-cancun-reciben-capacitacion-en-calidad-en-el-servicio\/\"},\"wordCount\":251,\"commentCount\":0,\"publisher\":{\"@id\":\"https:\/\/nitu.mx\/#\/schema\/person\/ae7a53426417292d3dd07b45a33e01bc\"},\"image\":{\"@id\":\"https:\/\/nitu.mx\/index.php\/2025\/02\/20\/agentes-aduanales-de-cancun-reciben-capacitacion-en-calidad-en-el-servicio\/#primaryimage\"},\"thumbnailUrl\":\"https:\/\/nitu.mx\/wp-content\/uploads\/2025\/02\/aduana-de-cancun.jpg\",\"keywords\":[\"Agentes aduanales\",\"calidad\",\"Canc\u00fan\",\"capacitaci\u00f3n\",\"servicio\"],\"articleSection\":[\"Aeropuertos\",\"Canc\u00fan\"],\"inLanguage\":\"es-MX\",\"potentialAction\":[{\"@type\":\"CommentAction\",\"name\":\"Comment\",\"target\":[\"https:\/\/nitu.mx\/index.php\/2025\/02\/20\/agentes-aduanales-de-cancun-reciben-capacitacion-en-calidad-en-el-servicio\/#respond\"]}]},{\"@type\":\"WebPage\",\"@id\":\"https:\/\/nitu.mx\/index.php\/2025\/02\/20\/agentes-aduanales-de-cancun-reciben-capacitacion-en-calidad-en-el-servicio\/\",\"url\":\"https:\/\/nitu.mx\/index.php\/2025\/02\/20\/agentes-aduanales-de-cancun-reciben-capacitacion-en-calidad-en-el-servicio\/\",\"name\":\"Agentes aduanales de Canc\u00fan reciben capacitaci\u00f3n en calidad en el servicio - Nitu - Noticias de la Industria Turistica\",\"isPartOf\":{\"@id\":\"https:\/\/nitu.mx\/#website\"},\"primaryImageOfPage\":{\"@id\":\"https:\/\/nitu.mx\/index.php\/2025\/02\/20\/agentes-aduanales-de-cancun-reciben-capacitacion-en-calidad-en-el-servicio\/#primaryimage\"},\"image\":{\"@id\":\"https:\/\/nitu.mx\/index.php\/2025\/02\/20\/agentes-aduanales-de-cancun-reciben-capacitacion-en-calidad-en-el-servicio\/#primaryimage\"},\"thumbnailUrl\":\"https:\/\/nitu.mx\/wp-content\/uploads\/2025\/02\/aduana-de-cancun.jpg\",\"datePublished\":\"2025-02-20T08:25:02+00:00\",\"dateModified\":\"2025-02-20T08:25:03+00:00\",\"breadcrumb\":{\"@id\":\"https:\/\/nitu.mx\/index.php\/2025\/02\/20\/agentes-aduanales-de-cancun-reciben-capacitacion-en-calidad-en-el-servicio\/#breadcrumb\"},\"inLanguage\":\"es-MX\",\"potentialAction\":[{\"@type\":\"ReadAction\",\"target\":[\"https:\/\/nitu.mx\/index.php\/2025\/02\/20\/agentes-aduanales-de-cancun-reciben-capacitacion-en-calidad-en-el-servicio\/\"]}]},{\"@type\":\"ImageObject\",\"inLanguage\":\"es-MX\",\"@id\":\"https:\/\/nitu.mx\/index.php\/2025\/02\/20\/agentes-aduanales-de-cancun-reciben-capacitacion-en-calidad-en-el-servicio\/#primaryimage\",\"url\":\"https:\/\/nitu.mx\/wp-content\/uploads\/2025\/02\/aduana-de-cancun.jpg\",\"contentUrl\":\"https:\/\/nitu.mx\/wp-content\/uploads\/2025\/02\/aduana-de-cancun.jpg\",\"width\":1200,\"height\":675},{\"@type\":\"BreadcrumbList\",\"@id\":\"https:\/\/nitu.mx\/index.php\/2025\/02\/20\/agentes-aduanales-de-cancun-reciben-capacitacion-en-calidad-en-el-servicio\/#breadcrumb\",\"itemListElement\":[{\"@type\":\"ListItem\",\"position\":1,\"name\":\"Inicio\",\"item\":\"https:\/\/nitu.mx\/\"},{\"@type\":\"ListItem\",\"position\":2,\"name\":\"Agentes aduanales de Canc\u00fan reciben capacitaci\u00f3n en calidad en el servicio\"}]},{\"@type\":\"WebSite\",\"@id\":\"https:\/\/nitu.mx\/#website\",\"url\":\"https:\/\/nitu.mx\/\",\"name\":\"Nitu - Noticias de la Industria Turistica\",\"description\":\"Noticias de la Industria Turistica\",\"publisher\":{\"@id\":\"https:\/\/nitu.mx\/#\/schema\/person\/ae7a53426417292d3dd07b45a33e01bc\"},\"alternateName\":\"Noticias de la Industria Turistica\",\"potentialAction\":[{\"@type\":\"SearchAction\",\"target\":{\"@type\":\"EntryPoint\",\"urlTemplate\":\"https:\/\/nitu.mx\/?s={search_term_string}\"},\"query-input\":\"required name=search_term_string\"}],\"inLanguage\":\"es-MX\"},{\"@type\":[\"Person\",\"Organization\"],\"@id\":\"https:\/\/nitu.mx\/#\/schema\/person\/ae7a53426417292d3dd07b45a33e01bc\",\"name\":\"Arturo Medina\",\"image\":{\"@type\":\"ImageObject\",\"inLanguage\":\"es-MX\",\"@id\":\"https:\/\/nitu.mx\/#\/schema\/person\/image\/\",\"url\":\"https:\/\/nitu.mx\/wp-content\/uploads\/2024\/04\/4A315622-1904-4D5C-B022-878CDC840E04-90x90-1.jpeg\",\"contentUrl\":\"https:\/\/nitu.mx\/wp-content\/uploads\/2024\/04\/4A315622-1904-4D5C-B022-878CDC840E04-90x90-1.jpeg\",\"width\":90,\"height\":90,\"caption\":\"Arturo Medina\"},\"logo\":{\"@id\":\"https:\/\/nitu.mx\/#\/schema\/person\/image\/\"},\"description\":\"Director NITU.mx, Egresado de la Escuela de Periodismo Carlos Septi\u00e9n Garc\u00eda. Periodista y analista especializado en turismo desde hace 35 a\u00f1os, radicado en Canc\u00fan Q.Roo. arturo@nitu.mx\",\"sameAs\":[\"https:\/\/nitu.mx\",\"https:\/\/www.facebook.com\/NITUmx\/\",\"medinacancun\",\"https:\/\/twitter.com\/@Arturo_Medina_G\"]},{\"@type\":\"Person\",\"@id\":\"https:\/\/nitu.mx\/#\/schema\/person\/2ecd887b19dfd3382d1f14fc5acf24a8\",\"name\":\"Alejandra Moncisbays\",\"image\":{\"@type\":\"ImageObject\",\"inLanguage\":\"es-MX\",\"@id\":\"https:\/\/nitu.mx\/#\/schema\/person\/image\/\",\"url\":\"https:\/\/secure.gravatar.com\/avatar\/e74f7af0be172b7804dacfd0bfbef787?s=96&d=mm&r=g\",\"contentUrl\":\"https:\/\/secure.gravatar.com\/avatar\/e74f7af0be172b7804dacfd0bfbef787?s=96&d=mm&r=g\",\"caption\":\"Alejandra Moncisbays\"},\"description\":\"Curs\u00e9 la carrera de Periodismo y Comunicaci\u00f3n en la Facultad de Estudios Profesionales Acatl\u00e1n. Vivo en Canc\u00fan desde hace 24 a\u00f1os. Fui reportera de La Tarde de Canc\u00fan, y Novedades de Quintana Roo, colabor\u00e9 en TVCUN, edit\u00e9 Cancun\u00edssimo y colabor\u00e9 en las revistas Latitud21, entre otras, con principal enfoque en los sectores empresarial y tur\u00edstico. Desde hace varios a\u00f1os soy Agente de Seguros con c\u00e9dula de la Comisi\u00f3n Nacional de Seguros y Fianzas. Actualmente, me desarrollo en los \u00e1mbitos del periodismo y el sector asegurador.\",\"sameAs\":[\"https:\/\/nitu.mx\"],\"url\":\"https:\/\/nitu.mx\/index.php\/author\/alejandra\/\"}]}<\/script>\n<!-- \/ Yoast SEO plugin. -->","yoast_head_json":{"title":"Agentes aduanales de Canc\u00fan reciben capacitaci\u00f3n en calidad en el servicio - Nitu - Noticias de la Industria Turistica","robots":{"index":"index","follow":"follow","max-snippet":"max-snippet:-1","max-image-preview":"max-image-preview:large","max-video-preview":"max-video-preview:-1"},"canonical":"https:\/\/nitu.mx\/index.php\/2025\/02\/20\/agentes-aduanales-de-cancun-reciben-capacitacion-en-calidad-en-el-servicio\/","twitter_card":"summary_large_image","twitter_title":"Agentes aduanales de Canc\u00fan reciben capacitaci\u00f3n en calidad en el servicio - Nitu - Noticias de la Industria Turistica","twitter_description":"Un total de 90 agentes de aduanas del Aeropuerto Internacional de Canc\u00fan han concluido su capacitaci\u00f3n en Calidad en el Servicio Tur\u00edstico y Gesti\u00f3n de las Emociones. La gobernadora de Quintana Roo, Mara Lezama Espinosa, entreg\u00f3 los certificados en una ceremonia en la que tambi\u00e9n estuvo presente el Teniente Coronel Fernando Mart\u00ednez Garc\u00eda, titular de [&hellip;]","twitter_image":"https:\/\/nitu.mx\/wp-content\/uploads\/2025\/02\/aduana-de-cancun.jpg","twitter_creator":"@NITUmx","twitter_site":"@Arturo_Medina_G","twitter_misc":{"Escrito por":"Alejandra Moncisbays","Tiempo de lectura":"1 minuto"},"schema":{"@context":"https:\/\/schema.org","@graph":[{"@type":"Article","@id":"https:\/\/nitu.mx\/index.php\/2025\/02\/20\/agentes-aduanales-de-cancun-reciben-capacitacion-en-calidad-en-el-servicio\/#article","isPartOf":{"@id":"https:\/\/nitu.mx\/index.php\/2025\/02\/20\/agentes-aduanales-de-cancun-reciben-capacitacion-en-calidad-en-el-servicio\/"},"author":{"name":"Alejandra Moncisbays","@id":"https:\/\/nitu.mx\/#\/schema\/person\/2ecd887b19dfd3382d1f14fc5acf24a8"},"headline":"Agentes aduanales de Canc\u00fan reciben capacitaci\u00f3n en calidad en el servicio","datePublished":"2025-02-20T08:25:02+00:00","dateModified":"2025-02-20T08:25:03+00:00","mainEntityOfPage":{"@id":"https:\/\/nitu.mx\/index.php\/2025\/02\/20\/agentes-aduanales-de-cancun-reciben-capacitacion-en-calidad-en-el-servicio\/"},"wordCount":251,"commentCount":0,"publisher":{"@id":"https:\/\/nitu.mx\/#\/schema\/person\/ae7a53426417292d3dd07b45a33e01bc"},"image":{"@id":"https:\/\/nitu.mx\/index.php\/2025\/02\/20\/agentes-aduanales-de-cancun-reciben-capacitacion-en-calidad-en-el-servicio\/#primaryimage"},"thumbnailUrl":"https:\/\/nitu.mx\/wp-content\/uploads\/2025\/02\/aduana-de-cancun.jpg","keywords":["Agentes aduanales","calidad","Canc\u00fan","capacitaci\u00f3n","servicio"],"articleSection":["Aeropuertos","Canc\u00fan"],"inLanguage":"es-MX","potentialAction":[{"@type":"CommentAction","name":"Comment","target":["https:\/\/nitu.mx\/index.php\/2025\/02\/20\/agentes-aduanales-de-cancun-reciben-capacitacion-en-calidad-en-el-servicio\/#respond"]}]},{"@type":"WebPage","@id":"https:\/\/nitu.mx\/index.php\/2025\/02\/20\/agentes-aduanales-de-cancun-reciben-capacitacion-en-calidad-en-el-servicio\/","url":"https:\/\/nitu.mx\/index.php\/2025\/02\/20\/agentes-aduanales-de-cancun-reciben-capacitacion-en-calidad-en-el-servicio\/","name":"Agentes aduanales de Canc\u00fan reciben capacitaci\u00f3n en calidad en el servicio - Nitu - Noticias de la Industria Turistica","isPartOf":{"@id":"https:\/\/nitu.mx\/#website"},"primaryImageOfPage":{"@id":"https:\/\/nitu.mx\/index.php\/2025\/02\/20\/agentes-aduanales-de-cancun-reciben-capacitacion-en-calidad-en-el-servicio\/#primaryimage"},"image":{"@id":"https:\/\/nitu.mx\/index.php\/2025\/02\/20\/agentes-aduanales-de-cancun-reciben-capacitacion-en-calidad-en-el-servicio\/#primaryimage"},"thumbnailUrl":"https:\/\/nitu.mx\/wp-content\/uploads\/2025\/02\/aduana-de-cancun.jpg","datePublished":"2025-02-20T08:25:02+00:00","dateModified":"2025-02-20T08:25:03+00:00","breadcrumb":{"@id":"https:\/\/nitu.mx\/index.php\/2025\/02\/20\/agentes-aduanales-de-cancun-reciben-capacitacion-en-calidad-en-el-servicio\/#breadcrumb"},"inLanguage":"es-MX","potentialAction":[{"@type":"ReadAction","target":["https:\/\/nitu.mx\/index.php\/2025\/02\/20\/agentes-aduanales-de-cancun-reciben-capacitacion-en-calidad-en-el-servicio\/"]}]},{"@type":"ImageObject","inLanguage":"es-MX","@id":"https:\/\/nitu.mx\/index.php\/2025\/02\/20\/agentes-aduanales-de-cancun-reciben-capacitacion-en-calidad-en-el-servicio\/#primaryimage","url":"https:\/\/nitu.mx\/wp-content\/uploads\/2025\/02\/aduana-de-cancun.jpg","contentUrl":"https:\/\/nitu.mx\/wp-content\/uploads\/2025\/02\/aduana-de-cancun.jpg","width":1200,"height":675},{"@type":"BreadcrumbList","@id":"https:\/\/nitu.mx\/index.php\/2025\/02\/20\/agentes-aduanales-de-cancun-reciben-capacitacion-en-calidad-en-el-servicio\/#breadcrumb","itemListElement":[{"@type":"ListItem","position":1,"name":"Inicio","item":"https:\/\/nitu.mx\/"},{"@type":"ListItem","position":2,"name":"Agentes aduanales de Canc\u00fan reciben capacitaci\u00f3n en calidad en el servicio"}]},{"@type":"WebSite","@id":"https:\/\/nitu.mx\/#website","url":"https:\/\/nitu.mx\/","name":"Nitu - Noticias de la Industria Turistica","description":"Noticias de la Industria Turistica","publisher":{"@id":"https:\/\/nitu.mx\/#\/schema\/person\/ae7a53426417292d3dd07b45a33e01bc"},"alternateName":"Noticias de la Industria Turistica","potentialAction":[{"@type":"SearchAction","target":{"@type":"EntryPoint","urlTemplate":"https:\/\/nitu.mx\/?s={search_term_string}"},"query-input":"required name=search_term_string"}],"inLanguage":"es-MX"},{"@type":["Person","Organization"],"@id":"https:\/\/nitu.mx\/#\/schema\/person\/ae7a53426417292d3dd07b45a33e01bc","name":"Arturo Medina","image":{"@type":"ImageObject","inLanguage":"es-MX","@id":"https:\/\/nitu.mx\/#\/schema\/person\/image\/","url":"https:\/\/nitu.mx\/wp-content\/uploads\/2024\/04\/4A315622-1904-4D5C-B022-878CDC840E04-90x90-1.jpeg","contentUrl":"https:\/\/nitu.mx\/wp-content\/uploads\/2024\/04\/4A315622-1904-4D5C-B022-878CDC840E04-90x90-1.jpeg","width":90,"height":90,"caption":"Arturo Medina"},"logo":{"@id":"https:\/\/nitu.mx\/#\/schema\/person\/image\/"},"description":"Director NITU.mx, Egresado de la Escuela de Periodismo Carlos Septi\u00e9n Garc\u00eda. Periodista y analista especializado en turismo desde hace 35 a\u00f1os, radicado en Canc\u00fan Q.Roo. arturo@nitu.mx","sameAs":["https:\/\/nitu.mx","https:\/\/www.facebook.com\/NITUmx\/","medinacancun","https:\/\/twitter.com\/@Arturo_Medina_G"]},{"@type":"Person","@id":"https:\/\/nitu.mx\/#\/schema\/person\/2ecd887b19dfd3382d1f14fc5acf24a8","name":"Alejandra Moncisbays","image":{"@type":"ImageObject","inLanguage":"es-MX","@id":"https:\/\/nitu.mx\/#\/schema\/person\/image\/","url":"https:\/\/secure.gravatar.com\/avatar\/e74f7af0be172b7804dacfd0bfbef787?s=96&d=mm&r=g","contentUrl":"https:\/\/secure.gravatar.com\/avatar\/e74f7af0be172b7804dacfd0bfbef787?s=96&d=mm&r=g","caption":"Alejandra Moncisbays"},"description":"Curs\u00e9 la carrera de Periodismo y Comunicaci\u00f3n en la Facultad de Estudios Profesionales Acatl\u00e1n. Vivo en Canc\u00fan desde hace 24 a\u00f1os. Fui reportera de La Tarde de Canc\u00fan, y Novedades de Quintana Roo, colabor\u00e9 en TVCUN, edit\u00e9 Cancun\u00edssimo y colabor\u00e9 en las revistas Latitud21, entre otras, con principal enfoque en los sectores empresarial y tur\u00edstico. Desde hace varios a\u00f1os soy Agente de Seguros con c\u00e9dula de la Comisi\u00f3n Nacional de Seguros y Fianzas. Actualmente, me desarrollo en los \u00e1mbitos del periodismo y el sector asegurador.","sameAs":["https:\/\/nitu.mx"],"url":"https:\/\/nitu.mx\/index.php\/author\/alejandra\/"}]}},"views":494,"_links":{"self":[{"href":"https:\/\/nitu.mx\/index.php\/wp-json\/wp\/v2\/posts\/79336"}],"collection":[{"href":"https:\/\/nitu.mx\/index.php\/wp-json\/wp\/v2\/posts"}],"about":[{"href":"https:\/\/nitu.mx\/index.php\/wp-json\/wp\/v2\/types\/post"}],"author":[{"embeddable":true,"href":"https:\/\/nitu.mx\/index.php\/wp-json\/wp\/v2\/users\/3"}],"replies":[{"embeddable":true,"href":"https:\/\/nitu.mx\/index.php\/wp-json\/wp\/v2\/comments?post=79336"}],"version-history":[{"count":1,"href":"https:\/\/nitu.mx\/index.php\/wp-json\/wp\/v2\/posts\/79336\/revisions"}],"predecessor-version":[{"id":79337,"href":"https:\/\/nitu.mx\/index.php\/wp-json\/wp\/v2\/posts\/79336\/revisions\/79337"}],"wp:featuredmedia":[{"embeddable":true,"href":"https:\/\/nitu.mx\/index.php\/wp-json\/wp\/v2\/media\/79372"}],"wp:attachment":[{"href":"https:\/\/nitu.mx\/index.php\/wp-json\/wp\/v2\/media?parent=79336"}],"wp:term":[{"taxonomy":"category","embeddable":true,"href":"https:\/\/nitu.mx\/index.php\/wp-json\/wp\/v2\/categories?post=79336"},{"taxonomy":"post_tag","embeddable":true,"href":"https:\/\/nitu.mx\/index.php\/wp-json\/wp\/v2\/tags?post=79336"}],"curies":[{"name":"wp","href":"https:\/\/api.w.org\/{rel}","templated":true}]}}