{"id":79333,"date":"2025-02-20T02:26:47","date_gmt":"2025-02-20T08:26:47","guid":{"rendered":"https:\/\/nitu.mx\/?p=79333"},"modified":"2025-02-20T02:26:48","modified_gmt":"2025-02-20T08:26:48","slug":"despidos-en-la-faa-generan-preocupacion-por-seguridad-aerea-en-eu","status":"publish","type":"post","link":"https:\/\/nitu.mx\/index.php\/2025\/02\/20\/despidos-en-la-faa-generan-preocupacion-por-seguridad-aerea-en-eu\/","title":{"rendered":"Despidos en la FAA generan preocupaci\u00f3n por seguridad a\u00e9rea en EU"},"content":{"rendered":"<p>El gobierno del presidente Donald Trump ha despedido a cientos de empleados de la Administraci\u00f3n Federal de Aviaci\u00f3n (FAA), incluidos especialistas en mantenimiento de radares y navegaci\u00f3n. Los recortes se han producido en un contexto de creciente preocupaci\u00f3n por la seguridad a\u00e9rea en Estados Unidos.<br \/>\nRecientemente, se ha suscitado una serie de accidentes a\u00e9reos, no solamente en Estados Unidos, sino en otros pa\u00edses, como Corea del Sur con un gran n\u00famero de v\u00edctimas que no han sido esclarecidos.<\/p>\n<p>Los despidos comenzaron el viernes por la noche y afectaron a empleados en periodo de prueba, quienes fueron notificados mediante correos electr\u00f3nicos enviados desde una direcci\u00f3n no gubernamental, seg\u00fan denunci\u00f3 el sindicato de Especialistas en Seguridad de Aviaci\u00f3n Profesional.<\/p>\n<p>El secretario de Transporte, Sean Duffy, ha se\u00f1alado que menos de 400 empleados fueron despedidos y que la medida no afect\u00f3 a controladores de tr\u00e1fico a\u00e9reo ni a personal clave de seguridad. No obstante, la Asociaci\u00f3n Nacional de Controladores de Tr\u00e1fico A\u00e9reo ha expresado preocupaci\u00f3n por las posibles consecuencias en la seguridad del sistema a\u00e9reo.<\/p>\n<p>Entre los despedidos hay trabajadores vinculados a un sistema de radar de alerta temprana en Haw\u00e1i, financiado por el Departamento de Defensa para detectar amenazas a\u00e9reas. Expertos advierten que la falta de transferencia de conocimiento en estas \u00e1reas estrat\u00e9gicas podr\u00eda impactar la seguridad nacional.<\/p>\n<p>La decisi\u00f3n ocurre poco despu\u00e9s de un accidente fatal en el Aeropuerto Nacional Ronald Reagan de Washington, donde un helic\u00f3ptero militar colision\u00f3 con un avi\u00f3n comercial. Adem\u00e1s, el gobierno de Trump ya hab\u00eda disuelto la Comisi\u00f3n Asesora de Seguridad de Aviaci\u00f3n, encargada de supervisar medidas de seguridad a\u00e9rea.<\/p>\n<p>Algunos trabajadores sugieren que la reducci\u00f3n de personal ha estado influenciada por el Departamento de Eficiencia Gubernamental (DOGE), un organismo liderado por Elon Musk que busca reducir el tama\u00f1o del gobierno federal. En este contexto, han surgido acusaciones sobre posibles despidos por razones pol\u00edticas.<\/p>\n<p>El gobierno de Trump no ha emitido comentarios adicionales sobre las inquietudes de expertos y sindicatos.<\/p>\n","protected":false},"excerpt":{"rendered":"<p>El gobierno del presidente Donald Trump ha despedido a cientos de empleados de la Administraci\u00f3n Federal de Aviaci\u00f3n (FAA), incluidos especialistas en mantenimiento de radares y navegaci\u00f3n. Los recortes se han producido en un contexto de creciente preocupaci\u00f3n por la seguridad a\u00e9rea en Estados Unidos. Recientemente, se ha suscitado una serie de accidentes a\u00e9reos, no [&hellip;]<\/p>\n","protected":false},"author":3,"featured_media":8136,"comment_status":"open","ping_status":"open","sticky":false,"template":"","format":"standard","meta":{"footnotes":""},"categories":[19462],"tags":[7447,26050,2762],"yoast_head":"<!-- This site is optimized with the Yoast SEO plugin v22.2 - https:\/\/yoast.com\/wordpress\/plugins\/seo\/ -->\n<title>Despidos en la FAA generan preocupaci\u00f3n por seguridad a\u00e9rea en EU - Nitu - Noticias de la Industria Turistica<\/title>\n<meta name=\"robots\" content=\"index, follow, max-snippet:-1, max-image-preview:large, max-video-preview:-1\" \/>\n<link rel=\"canonical\" href=\"https:\/\/nitu.mx\/index.php\/2025\/02\/20\/despidos-en-la-faa-generan-preocupacion-por-seguridad-aerea-en-eu\/\" \/>\n<meta name=\"twitter:card\" content=\"summary_large_image\" \/>\n<meta name=\"twitter:title\" content=\"Despidos en la FAA generan preocupaci\u00f3n por seguridad a\u00e9rea en EU - Nitu - Noticias de la Industria Turistica\" \/>\n<meta name=\"twitter:description\" content=\"El gobierno del presidente Donald Trump ha despedido a cientos de empleados de la Administraci\u00f3n Federal de Aviaci\u00f3n (FAA), incluidos especialistas en mantenimiento de radares y navegaci\u00f3n. Los recortes se han producido en un contexto de creciente preocupaci\u00f3n por la seguridad a\u00e9rea en Estados Unidos. Recientemente, se ha suscitado una serie de accidentes a\u00e9reos, no [&hellip;]\" \/>\n<meta name=\"twitter:image\" content=\"https:\/\/nitu.mx\/wp-content\/uploads\/2017\/03\/avion-blanco.jpg\" \/>\n<meta name=\"twitter:creator\" content=\"@NITUmx\" \/>\n<meta name=\"twitter:site\" content=\"@Arturo_Medina_G\" \/>\n<meta name=\"twitter:label1\" content=\"Escrito por\" \/>\n\t<meta name=\"twitter:data1\" content=\"Alejandra Moncisbays\" \/>\n\t<meta name=\"twitter:label2\" content=\"Tiempo de lectura\" \/>\n\t<meta name=\"twitter:data2\" content=\"2 minutos\" \/>\n<script type=\"application\/ld+json\" class=\"yoast-schema-graph\">{\"@context\":\"https:\/\/schema.org\",\"@graph\":[{\"@type\":\"Article\",\"@id\":\"https:\/\/nitu.mx\/index.php\/2025\/02\/20\/despidos-en-la-faa-generan-preocupacion-por-seguridad-aerea-en-eu\/#article\",\"isPartOf\":{\"@id\":\"https:\/\/nitu.mx\/index.php\/2025\/02\/20\/despidos-en-la-faa-generan-preocupacion-por-seguridad-aerea-en-eu\/\"},\"author\":{\"name\":\"Alejandra Moncisbays\",\"@id\":\"https:\/\/nitu.mx\/#\/schema\/person\/2ecd887b19dfd3382d1f14fc5acf24a8\"},\"headline\":\"Despidos en la FAA generan preocupaci\u00f3n por seguridad a\u00e9rea en EU\",\"datePublished\":\"2025-02-20T08:26:47+00:00\",\"dateModified\":\"2025-02-20T08:26:48+00:00\",\"mainEntityOfPage\":{\"@id\":\"https:\/\/nitu.mx\/index.php\/2025\/02\/20\/despidos-en-la-faa-generan-preocupacion-por-seguridad-aerea-en-eu\/\"},\"wordCount\":373,\"commentCount\":0,\"publisher\":{\"@id\":\"https:\/\/nitu.mx\/#\/schema\/person\/ae7a53426417292d3dd07b45a33e01bc\"},\"image\":{\"@id\":\"https:\/\/nitu.mx\/index.php\/2025\/02\/20\/despidos-en-la-faa-generan-preocupacion-por-seguridad-aerea-en-eu\/#primaryimage\"},\"thumbnailUrl\":\"https:\/\/nitu.mx\/wp-content\/uploads\/2017\/03\/avion-blanco.jpg\",\"keywords\":[\"FAA\",\"preocupaci\u00f3n\",\"seguridad\"],\"articleSection\":[\"Aeropuertos\"],\"inLanguage\":\"es-MX\",\"potentialAction\":[{\"@type\":\"CommentAction\",\"name\":\"Comment\",\"target\":[\"https:\/\/nitu.mx\/index.php\/2025\/02\/20\/despidos-en-la-faa-generan-preocupacion-por-seguridad-aerea-en-eu\/#respond\"]}]},{\"@type\":\"WebPage\",\"@id\":\"https:\/\/nitu.mx\/index.php\/2025\/02\/20\/despidos-en-la-faa-generan-preocupacion-por-seguridad-aerea-en-eu\/\",\"url\":\"https:\/\/nitu.mx\/index.php\/2025\/02\/20\/despidos-en-la-faa-generan-preocupacion-por-seguridad-aerea-en-eu\/\",\"name\":\"Despidos en la FAA generan preocupaci\u00f3n por seguridad a\u00e9rea en EU - Nitu - Noticias de la Industria Turistica\",\"isPartOf\":{\"@id\":\"https:\/\/nitu.mx\/#website\"},\"primaryImageOfPage\":{\"@id\":\"https:\/\/nitu.mx\/index.php\/2025\/02\/20\/despidos-en-la-faa-generan-preocupacion-por-seguridad-aerea-en-eu\/#primaryimage\"},\"image\":{\"@id\":\"https:\/\/nitu.mx\/index.php\/2025\/02\/20\/despidos-en-la-faa-generan-preocupacion-por-seguridad-aerea-en-eu\/#primaryimage\"},\"thumbnailUrl\":\"https:\/\/nitu.mx\/wp-content\/uploads\/2017\/03\/avion-blanco.jpg\",\"datePublished\":\"2025-02-20T08:26:47+00:00\",\"dateModified\":\"2025-02-20T08:26:48+00:00\",\"breadcrumb\":{\"@id\":\"https:\/\/nitu.mx\/index.php\/2025\/02\/20\/despidos-en-la-faa-generan-preocupacion-por-seguridad-aerea-en-eu\/#breadcrumb\"},\"inLanguage\":\"es-MX\",\"potentialAction\":[{\"@type\":\"ReadAction\",\"target\":[\"https:\/\/nitu.mx\/index.php\/2025\/02\/20\/despidos-en-la-faa-generan-preocupacion-por-seguridad-aerea-en-eu\/\"]}]},{\"@type\":\"ImageObject\",\"inLanguage\":\"es-MX\",\"@id\":\"https:\/\/nitu.mx\/index.php\/2025\/02\/20\/despidos-en-la-faa-generan-preocupacion-por-seguridad-aerea-en-eu\/#primaryimage\",\"url\":\"https:\/\/nitu.mx\/wp-content\/uploads\/2017\/03\/avion-blanco.jpg\",\"contentUrl\":\"https:\/\/nitu.mx\/wp-content\/uploads\/2017\/03\/avion-blanco.jpg\",\"width\":850,\"height\":480,\"caption\":\"avion\"},{\"@type\":\"BreadcrumbList\",\"@id\":\"https:\/\/nitu.mx\/index.php\/2025\/02\/20\/despidos-en-la-faa-generan-preocupacion-por-seguridad-aerea-en-eu\/#breadcrumb\",\"itemListElement\":[{\"@type\":\"ListItem\",\"position\":1,\"name\":\"Inicio\",\"item\":\"https:\/\/nitu.mx\/\"},{\"@type\":\"ListItem\",\"position\":2,\"name\":\"Despidos en la FAA generan preocupaci\u00f3n por seguridad a\u00e9rea en EU\"}]},{\"@type\":\"WebSite\",\"@id\":\"https:\/\/nitu.mx\/#website\",\"url\":\"https:\/\/nitu.mx\/\",\"name\":\"Nitu - Noticias de la Industria Turistica\",\"description\":\"Noticias de la Industria Turistica\",\"publisher\":{\"@id\":\"https:\/\/nitu.mx\/#\/schema\/person\/ae7a53426417292d3dd07b45a33e01bc\"},\"alternateName\":\"Noticias de la Industria Turistica\",\"potentialAction\":[{\"@type\":\"SearchAction\",\"target\":{\"@type\":\"EntryPoint\",\"urlTemplate\":\"https:\/\/nitu.mx\/?s={search_term_string}\"},\"query-input\":\"required name=search_term_string\"}],\"inLanguage\":\"es-MX\"},{\"@type\":[\"Person\",\"Organization\"],\"@id\":\"https:\/\/nitu.mx\/#\/schema\/person\/ae7a53426417292d3dd07b45a33e01bc\",\"name\":\"Arturo Medina\",\"image\":{\"@type\":\"ImageObject\",\"inLanguage\":\"es-MX\",\"@id\":\"https:\/\/nitu.mx\/#\/schema\/person\/image\/\",\"url\":\"https:\/\/nitu.mx\/wp-content\/uploads\/2024\/04\/4A315622-1904-4D5C-B022-878CDC840E04-90x90-1.jpeg\",\"contentUrl\":\"https:\/\/nitu.mx\/wp-content\/uploads\/2024\/04\/4A315622-1904-4D5C-B022-878CDC840E04-90x90-1.jpeg\",\"width\":90,\"height\":90,\"caption\":\"Arturo Medina\"},\"logo\":{\"@id\":\"https:\/\/nitu.mx\/#\/schema\/person\/image\/\"},\"description\":\"Director NITU.mx, Egresado de la Escuela de Periodismo Carlos Septi\u00e9n Garc\u00eda. Periodista y analista especializado en turismo desde hace 35 a\u00f1os, radicado en Canc\u00fan Q.Roo. arturo@nitu.mx\",\"sameAs\":[\"https:\/\/nitu.mx\",\"https:\/\/www.facebook.com\/NITUmx\/\",\"medinacancun\",\"https:\/\/twitter.com\/@Arturo_Medina_G\"]},{\"@type\":\"Person\",\"@id\":\"https:\/\/nitu.mx\/#\/schema\/person\/2ecd887b19dfd3382d1f14fc5acf24a8\",\"name\":\"Alejandra Moncisbays\",\"image\":{\"@type\":\"ImageObject\",\"inLanguage\":\"es-MX\",\"@id\":\"https:\/\/nitu.mx\/#\/schema\/person\/image\/\",\"url\":\"https:\/\/secure.gravatar.com\/avatar\/e74f7af0be172b7804dacfd0bfbef787?s=96&d=mm&r=g\",\"contentUrl\":\"https:\/\/secure.gravatar.com\/avatar\/e74f7af0be172b7804dacfd0bfbef787?s=96&d=mm&r=g\",\"caption\":\"Alejandra Moncisbays\"},\"description\":\"Curs\u00e9 la carrera de Periodismo y Comunicaci\u00f3n en la Facultad de Estudios Profesionales Acatl\u00e1n. Vivo en Canc\u00fan desde hace 24 a\u00f1os. Fui reportera de La Tarde de Canc\u00fan, y Novedades de Quintana Roo, colabor\u00e9 en TVCUN, edit\u00e9 Cancun\u00edssimo y colabor\u00e9 en las revistas Latitud21, entre otras, con principal enfoque en los sectores empresarial y tur\u00edstico. Desde hace varios a\u00f1os soy Agente de Seguros con c\u00e9dula de la Comisi\u00f3n Nacional de Seguros y Fianzas. Actualmente, me desarrollo en los \u00e1mbitos del periodismo y el sector asegurador.\",\"sameAs\":[\"https:\/\/nitu.mx\"],\"url\":\"https:\/\/nitu.mx\/index.php\/author\/alejandra\/\"}]}<\/script>\n<!-- \/ Yoast SEO plugin. -->","yoast_head_json":{"title":"Despidos en la FAA generan preocupaci\u00f3n por seguridad a\u00e9rea en EU - Nitu - Noticias de la Industria Turistica","robots":{"index":"index","follow":"follow","max-snippet":"max-snippet:-1","max-image-preview":"max-image-preview:large","max-video-preview":"max-video-preview:-1"},"canonical":"https:\/\/nitu.mx\/index.php\/2025\/02\/20\/despidos-en-la-faa-generan-preocupacion-por-seguridad-aerea-en-eu\/","twitter_card":"summary_large_image","twitter_title":"Despidos en la FAA generan preocupaci\u00f3n por seguridad a\u00e9rea en EU - Nitu - Noticias de la Industria Turistica","twitter_description":"El gobierno del presidente Donald Trump ha despedido a cientos de empleados de la Administraci\u00f3n Federal de Aviaci\u00f3n (FAA), incluidos especialistas en mantenimiento de radares y navegaci\u00f3n. Los recortes se han producido en un contexto de creciente preocupaci\u00f3n por la seguridad a\u00e9rea en Estados Unidos. Recientemente, se ha suscitado una serie de accidentes a\u00e9reos, no [&hellip;]","twitter_image":"https:\/\/nitu.mx\/wp-content\/uploads\/2017\/03\/avion-blanco.jpg","twitter_creator":"@NITUmx","twitter_site":"@Arturo_Medina_G","twitter_misc":{"Escrito por":"Alejandra Moncisbays","Tiempo de lectura":"2 minutos"},"schema":{"@context":"https:\/\/schema.org","@graph":[{"@type":"Article","@id":"https:\/\/nitu.mx\/index.php\/2025\/02\/20\/despidos-en-la-faa-generan-preocupacion-por-seguridad-aerea-en-eu\/#article","isPartOf":{"@id":"https:\/\/nitu.mx\/index.php\/2025\/02\/20\/despidos-en-la-faa-generan-preocupacion-por-seguridad-aerea-en-eu\/"},"author":{"name":"Alejandra Moncisbays","@id":"https:\/\/nitu.mx\/#\/schema\/person\/2ecd887b19dfd3382d1f14fc5acf24a8"},"headline":"Despidos en la FAA generan preocupaci\u00f3n por seguridad a\u00e9rea en EU","datePublished":"2025-02-20T08:26:47+00:00","dateModified":"2025-02-20T08:26:48+00:00","mainEntityOfPage":{"@id":"https:\/\/nitu.mx\/index.php\/2025\/02\/20\/despidos-en-la-faa-generan-preocupacion-por-seguridad-aerea-en-eu\/"},"wordCount":373,"commentCount":0,"publisher":{"@id":"https:\/\/nitu.mx\/#\/schema\/person\/ae7a53426417292d3dd07b45a33e01bc"},"image":{"@id":"https:\/\/nitu.mx\/index.php\/2025\/02\/20\/despidos-en-la-faa-generan-preocupacion-por-seguridad-aerea-en-eu\/#primaryimage"},"thumbnailUrl":"https:\/\/nitu.mx\/wp-content\/uploads\/2017\/03\/avion-blanco.jpg","keywords":["FAA","preocupaci\u00f3n","seguridad"],"articleSection":["Aeropuertos"],"inLanguage":"es-MX","potentialAction":[{"@type":"CommentAction","name":"Comment","target":["https:\/\/nitu.mx\/index.php\/2025\/02\/20\/despidos-en-la-faa-generan-preocupacion-por-seguridad-aerea-en-eu\/#respond"]}]},{"@type":"WebPage","@id":"https:\/\/nitu.mx\/index.php\/2025\/02\/20\/despidos-en-la-faa-generan-preocupacion-por-seguridad-aerea-en-eu\/","url":"https:\/\/nitu.mx\/index.php\/2025\/02\/20\/despidos-en-la-faa-generan-preocupacion-por-seguridad-aerea-en-eu\/","name":"Despidos en la FAA generan preocupaci\u00f3n por seguridad a\u00e9rea en EU - Nitu - Noticias de la Industria Turistica","isPartOf":{"@id":"https:\/\/nitu.mx\/#website"},"primaryImageOfPage":{"@id":"https:\/\/nitu.mx\/index.php\/2025\/02\/20\/despidos-en-la-faa-generan-preocupacion-por-seguridad-aerea-en-eu\/#primaryimage"},"image":{"@id":"https:\/\/nitu.mx\/index.php\/2025\/02\/20\/despidos-en-la-faa-generan-preocupacion-por-seguridad-aerea-en-eu\/#primaryimage"},"thumbnailUrl":"https:\/\/nitu.mx\/wp-content\/uploads\/2017\/03\/avion-blanco.jpg","datePublished":"2025-02-20T08:26:47+00:00","dateModified":"2025-02-20T08:26:48+00:00","breadcrumb":{"@id":"https:\/\/nitu.mx\/index.php\/2025\/02\/20\/despidos-en-la-faa-generan-preocupacion-por-seguridad-aerea-en-eu\/#breadcrumb"},"inLanguage":"es-MX","potentialAction":[{"@type":"ReadAction","target":["https:\/\/nitu.mx\/index.php\/2025\/02\/20\/despidos-en-la-faa-generan-preocupacion-por-seguridad-aerea-en-eu\/"]}]},{"@type":"ImageObject","inLanguage":"es-MX","@id":"https:\/\/nitu.mx\/index.php\/2025\/02\/20\/despidos-en-la-faa-generan-preocupacion-por-seguridad-aerea-en-eu\/#primaryimage","url":"https:\/\/nitu.mx\/wp-content\/uploads\/2017\/03\/avion-blanco.jpg","contentUrl":"https:\/\/nitu.mx\/wp-content\/uploads\/2017\/03\/avion-blanco.jpg","width":850,"height":480,"caption":"avion"},{"@type":"BreadcrumbList","@id":"https:\/\/nitu.mx\/index.php\/2025\/02\/20\/despidos-en-la-faa-generan-preocupacion-por-seguridad-aerea-en-eu\/#breadcrumb","itemListElement":[{"@type":"ListItem","position":1,"name":"Inicio","item":"https:\/\/nitu.mx\/"},{"@type":"ListItem","position":2,"name":"Despidos en la FAA generan preocupaci\u00f3n por seguridad a\u00e9rea en EU"}]},{"@type":"WebSite","@id":"https:\/\/nitu.mx\/#website","url":"https:\/\/nitu.mx\/","name":"Nitu - Noticias de la Industria Turistica","description":"Noticias de la Industria Turistica","publisher":{"@id":"https:\/\/nitu.mx\/#\/schema\/person\/ae7a53426417292d3dd07b45a33e01bc"},"alternateName":"Noticias de la Industria Turistica","potentialAction":[{"@type":"SearchAction","target":{"@type":"EntryPoint","urlTemplate":"https:\/\/nitu.mx\/?s={search_term_string}"},"query-input":"required name=search_term_string"}],"inLanguage":"es-MX"},{"@type":["Person","Organization"],"@id":"https:\/\/nitu.mx\/#\/schema\/person\/ae7a53426417292d3dd07b45a33e01bc","name":"Arturo Medina","image":{"@type":"ImageObject","inLanguage":"es-MX","@id":"https:\/\/nitu.mx\/#\/schema\/person\/image\/","url":"https:\/\/nitu.mx\/wp-content\/uploads\/2024\/04\/4A315622-1904-4D5C-B022-878CDC840E04-90x90-1.jpeg","contentUrl":"https:\/\/nitu.mx\/wp-content\/uploads\/2024\/04\/4A315622-1904-4D5C-B022-878CDC840E04-90x90-1.jpeg","width":90,"height":90,"caption":"Arturo Medina"},"logo":{"@id":"https:\/\/nitu.mx\/#\/schema\/person\/image\/"},"description":"Director NITU.mx, Egresado de la Escuela de Periodismo Carlos Septi\u00e9n Garc\u00eda. Periodista y analista especializado en turismo desde hace 35 a\u00f1os, radicado en Canc\u00fan Q.Roo. arturo@nitu.mx","sameAs":["https:\/\/nitu.mx","https:\/\/www.facebook.com\/NITUmx\/","medinacancun","https:\/\/twitter.com\/@Arturo_Medina_G"]},{"@type":"Person","@id":"https:\/\/nitu.mx\/#\/schema\/person\/2ecd887b19dfd3382d1f14fc5acf24a8","name":"Alejandra Moncisbays","image":{"@type":"ImageObject","inLanguage":"es-MX","@id":"https:\/\/nitu.mx\/#\/schema\/person\/image\/","url":"https:\/\/secure.gravatar.com\/avatar\/e74f7af0be172b7804dacfd0bfbef787?s=96&d=mm&r=g","contentUrl":"https:\/\/secure.gravatar.com\/avatar\/e74f7af0be172b7804dacfd0bfbef787?s=96&d=mm&r=g","caption":"Alejandra Moncisbays"},"description":"Curs\u00e9 la carrera de Periodismo y Comunicaci\u00f3n en la Facultad de Estudios Profesionales Acatl\u00e1n. Vivo en Canc\u00fan desde hace 24 a\u00f1os. Fui reportera de La Tarde de Canc\u00fan, y Novedades de Quintana Roo, colabor\u00e9 en TVCUN, edit\u00e9 Cancun\u00edssimo y colabor\u00e9 en las revistas Latitud21, entre otras, con principal enfoque en los sectores empresarial y tur\u00edstico. Desde hace varios a\u00f1os soy Agente de Seguros con c\u00e9dula de la Comisi\u00f3n Nacional de Seguros y Fianzas. Actualmente, me desarrollo en los \u00e1mbitos del periodismo y el sector asegurador.","sameAs":["https:\/\/nitu.mx"],"url":"https:\/\/nitu.mx\/index.php\/author\/alejandra\/"}]}},"views":386,"_links":{"self":[{"href":"https:\/\/nitu.mx\/index.php\/wp-json\/wp\/v2\/posts\/79333"}],"collection":[{"href":"https:\/\/nitu.mx\/index.php\/wp-json\/wp\/v2\/posts"}],"about":[{"href":"https:\/\/nitu.mx\/index.php\/wp-json\/wp\/v2\/types\/post"}],"author":[{"embeddable":true,"href":"https:\/\/nitu.mx\/index.php\/wp-json\/wp\/v2\/users\/3"}],"replies":[{"embeddable":true,"href":"https:\/\/nitu.mx\/index.php\/wp-json\/wp\/v2\/comments?post=79333"}],"version-history":[{"count":2,"href":"https:\/\/nitu.mx\/index.php\/wp-json\/wp\/v2\/posts\/79333\/revisions"}],"predecessor-version":[{"id":79335,"href":"https:\/\/nitu.mx\/index.php\/wp-json\/wp\/v2\/posts\/79333\/revisions\/79335"}],"wp:featuredmedia":[{"embeddable":true,"href":"https:\/\/nitu.mx\/index.php\/wp-json\/wp\/v2\/media\/8136"}],"wp:attachment":[{"href":"https:\/\/nitu.mx\/index.php\/wp-json\/wp\/v2\/media?parent=79333"}],"wp:term":[{"taxonomy":"category","embeddable":true,"href":"https:\/\/nitu.mx\/index.php\/wp-json\/wp\/v2\/categories?post=79333"},{"taxonomy":"post_tag","embeddable":true,"href":"https:\/\/nitu.mx\/index.php\/wp-json\/wp\/v2\/tags?post=79333"}],"curies":[{"name":"wp","href":"https:\/\/api.w.org\/{rel}","templated":true}]}}