{"id":79200,"date":"2025-02-13T22:18:29","date_gmt":"2025-02-14T04:18:29","guid":{"rendered":"https:\/\/nitu.mx\/?p=79200"},"modified":"2025-02-13T22:18:29","modified_gmt":"2025-02-14T04:18:29","slug":"hito-de-volaris-con-30-nuevas-rutas-a-partir-de-marzo-una-es-costa-rica-tulum","status":"publish","type":"post","link":"https:\/\/nitu.mx\/index.php\/2025\/02\/13\/hito-de-volaris-con-30-nuevas-rutas-a-partir-de-marzo-una-es-costa-rica-tulum\/","title":{"rendered":"Hito de Volaris con 30 nuevas rutas a partir de marzo, una es Costa Rica-Tulum"},"content":{"rendered":"\n<p>Con el prop\u00f3sito de consolidarse como la aerol\u00ednea n\u00famero uno de M\u00e9xico, Volaris anunci\u00f3 30 nuevas rutas que fortalecer\u00e1n la conectividad de algunos de los destinos m\u00e1s importantes en M\u00e9xico, Estados Unidos y Centroam\u00e9rica, contribuyendo a impulsar la actividad econ\u00f3mica, tur\u00edstica y social en estas regiones.<\/p>\n\n\n\n<p>Volaris ofrece ahora un total de 230 rutas a trav\u00e9s de 73 aeropuertos (44 en M\u00e9xico y 29 internacionales), consolidando su posici\u00f3n como la aerol\u00ednea mexicana l\u00edder en t\u00e9rminos de pasajeros transportados en todos sus mercados. (<a href=\"https:\/\/nitu.mx\/index.php\/2025\/01\/17\/volaris-se-coloca-entre-la-10-low-cost-mas-seguras-del-mundo-y-unica-de-america-latina\/\">Volaris se coloca entre las 10 low cost m\u00e1s seguras del mundo y la \u00fanica de Am\u00e9rica Latina<\/a>).<\/p>\n\n\n\n<p>La aerol\u00ednea de bajo costo aumentar\u00e1 significativamente sus operaciones en la ciudad de <strong>Morelia<\/strong>, Michoac\u00e1n, incrementando su conectividad con un total de 8 nuevas rutas: 3 rutas nacionales a Mexicali, Ixtapa-Zihuatanejo y Puerto Vallarta, y 5 internacionales a las ciudades estadounidenses de Dallas-Fort Worth, Houston y San Antonio en Texas, as\u00ed como a Ontario y Sacramento en California. <\/p>\n\n\n\n<p>Esto lleva el total de rutas de Volaris en Morelia a 17, donde comenz\u00f3 operaciones en 2007 y ha transportado a m\u00e1s de 7.7 millones de clientes, consolid\u00e1ndola como la aerol\u00ednea m\u00e1s grande de Morelia.<\/p>\n\n\n\n<p><strong>San Luis Potos\u00ed<\/strong> tambi\u00e9n se beneficiar\u00e1 de una mayor conectividad, a\u00f1adiendo tres nuevas rutas:a Dallas-Fort Worth, Houston y San Antonio, en Texas. <\/p>\n\n\n\n<p>Volaris comenz\u00f3 operaciones en San Luis Potos\u00ed en 2013 y actualmente ofrece dos rutas (Tijuana y Canc\u00fan) y ha transportado a m\u00e1s de 1.1 millones de pasajeros. Con esto Volaris tendr\u00e1 la red m\u00e1s grande y diversa desde San Luis Potos\u00ed en t\u00e9rminos de rutas y millas asiento.<\/p>\n\n\n\n<p>En <strong>Monterrey<\/strong>, Volaris iniciar\u00e1 operaciones de nuevas rutas nacionales a partir de marzo, hacia el Baj\u00edo, Tuxtla Guti\u00e9rrez y Puerto Vallarta, adem\u00e1s de la reci\u00e9n anunciada ruta a Toluca. Hacia Estados Unidos la aerol\u00ednea tambi\u00e9n comenzar\u00e1 a operar nuevas rutas entre marzo y abril a las ciudades de Denver, Miami, Houston y Dallas-Fort Worth, conectando eficientemente ciudades clave de M\u00e9xico y Estados Unidos con Monterrey, convirti\u00e9ndose en el segundo mayor operador a\u00e9reo en este carrier.<\/p>\n\n\n\n<p>Volaris mejorar\u00e1 la conectividad para los clientes costarricenses con el lanzamiento de 3 nuevas rutas desde <strong>San Jos\u00e9, Costa Rica<\/strong>, a Tulum, en Quintana Roo, adem\u00e1s de Miami y Orlando en Florida. <\/p>\n\n\n\n<p>Estas rutas se suman a las que Volaris opera actualmente desde la capital costarricense hacia Guadalajara, Canc\u00fan y la Ciudad de M\u00e9xico, as\u00ed como a San Salvador y Guatemala en Centroam\u00e9rica, sumando un total de 8 rutas. <\/p>\n\n\n\n<p>Con m\u00e1s de 2.4 millones de clientes transportados desde que inici\u00f3 operaciones en San Jos\u00e9 en el a\u00f1o 2015, Volaris se consolida como un competidor clave en ese pa\u00eds.<\/p>\n\n\n<div class=\"wp-block-image\">\n<figure class=\"aligncenter size-full\"><img decoding=\"async\" loading=\"lazy\" width=\"844\" height=\"675\" src=\"https:\/\/nitu.mx\/wp-content\/uploads\/2025\/02\/Volaris-30-nuevas-rutas-3.jpg\" alt=\"\" class=\"wp-image-79206\" srcset=\"https:\/\/nitu.mx\/wp-content\/uploads\/2025\/02\/Volaris-30-nuevas-rutas-3.jpg 844w, https:\/\/nitu.mx\/wp-content\/uploads\/2025\/02\/Volaris-30-nuevas-rutas-3-300x240.jpg 300w, https:\/\/nitu.mx\/wp-content\/uploads\/2025\/02\/Volaris-30-nuevas-rutas-3-768x614.jpg 768w\" sizes=\"(max-width: 844px) 100vw, 844px\" \/><\/figure><\/div>\n\n\n<p>Adicionalmente, Volaris anuncia su llegada al Aeropuerto Internacional Newark Liberty, en Nueva Jersey, con el traslado de sus operaciones desde el Aeropuerto John F. Kennedy, en Nueva York, a partir del 1 de julio de 2025. <\/p>\n\n\n\n<p>Desde este aeropuerto la aerol\u00ednea operar\u00e1 las rutas a Guadalajara y el destino centroamericano de San Salvador, en El Salvador. Este movimiento tiene como objetivo mejorar el servicio para los clientes en el \u00e1rea metropolitana de Nueva York, particularmente para las comunidades centroamericanas y mexicanas al oeste del Hudson, donde no existe servicio de bajo costo a M\u00e9xico y Centroam\u00e9rica.<\/p>\n\n\n\n<p>Finalmente, Volaris abrir\u00e1 7 rutas adicionales en los Estados Unidos: 2 desde Los \u00c1ngeles, California, a las ciudades mexicanas de Quer\u00e9taro y Tepic (esta \u00faltima sujeta a aprobaci\u00f3n gubernamental estadounidense), 3 desde Ontario, California, a los destinos de Baj\u00edo, Los Cabos y Morelia, y 2 m\u00e1s desde Oakland, California, a Zacatecas y Los Cabos.<\/p>\n\n\n\n<p>\u201cEste incremento de rutas nacionales e internacionales de Volaris reafirma el compromiso de ofrecerle a nuestros clientes dentro y fuera de M\u00e9xico las mejores oportunidades para viajar de forma m\u00e1s accesible, c\u00f3moda y segura a m\u00e1s destinos, ya sea para estar m\u00e1s cerca de sus seres queridos, por cuestiones de negocios o simplemente para tener grandes momentos de esparcimiento y placer en unas vacaciones\u201d, asegur\u00f3 Holger Blankenstein, vicepresidente Ejecutivo de Volaris.<\/p>\n\n\n\n<p>Las nuevas rutas ya est\u00e1n a la venta y comenzar\u00e1n a operar progresivamente a partir del 20 de marzo de 2025. De aqu\u00ed al 16 de febrero, la l\u00ednea a\u00e9rea ofrece una promoci\u00f3n de 70% de descuento en la compra de boletos. <\/p>\n\n\n<div class=\"wp-block-image\">\n<figure class=\"aligncenter size-full\"><img decoding=\"async\" loading=\"lazy\" width=\"637\" height=\"675\" src=\"https:\/\/nitu.mx\/wp-content\/uploads\/2025\/02\/Volaris-30-nuevas-rutas.jpg\" alt=\"\" class=\"wp-image-79207\" srcset=\"https:\/\/nitu.mx\/wp-content\/uploads\/2025\/02\/Volaris-30-nuevas-rutas.jpg 637w, https:\/\/nitu.mx\/wp-content\/uploads\/2025\/02\/Volaris-30-nuevas-rutas-283x300.jpg 283w\" sizes=\"(max-width: 637px) 100vw, 637px\" \/><\/figure><\/div>\n\n<div class=\"wp-block-image\">\n<figure class=\"aligncenter size-full\"><img decoding=\"async\" loading=\"lazy\" width=\"597\" height=\"675\" src=\"https:\/\/nitu.mx\/wp-content\/uploads\/2025\/02\/Volaris-30-nuevas-rutas-2.jpg\" alt=\"\" class=\"wp-image-79208\" srcset=\"https:\/\/nitu.mx\/wp-content\/uploads\/2025\/02\/Volaris-30-nuevas-rutas-2.jpg 597w, https:\/\/nitu.mx\/wp-content\/uploads\/2025\/02\/Volaris-30-nuevas-rutas-2-265x300.jpg 265w\" sizes=\"(max-width: 597px) 100vw, 597px\" \/><\/figure><\/div>","protected":false},"excerpt":{"rendered":"<p>Con el prop\u00f3sito de consolidarse como la aerol\u00ednea n\u00famero uno de M\u00e9xico, Volaris anunci\u00f3 30 nuevas rutas que fortalecer\u00e1n la conectividad de algunos de los destinos m\u00e1s importantes en M\u00e9xico, Estados Unidos y Centroam\u00e9rica, contribuyendo a impulsar la actividad econ\u00f3mica, tur\u00edstica y social en estas regiones. Volaris ofrece ahora un total de 230 rutas a [&hellip;]<\/p>\n","protected":false},"author":17,"featured_media":27038,"comment_status":"open","ping_status":"open","sticky":false,"template":"","format":"standard","meta":{"footnotes":""},"categories":[29],"tags":[3953,807,491,3333,5168,602,131],"yoast_head":"<!-- This site is optimized with the Yoast SEO plugin v22.2 - https:\/\/yoast.com\/wordpress\/plugins\/seo\/ -->\n<title>Hito de Volaris con 30 nuevas rutas a partir de marzo, una es Costa Rica-Tulum - Nitu - Noticias de la Industria Turistica<\/title>\n<meta name=\"robots\" content=\"index, follow, max-snippet:-1, max-image-preview:large, max-video-preview:-1\" \/>\n<link rel=\"canonical\" href=\"https:\/\/nitu.mx\/index.php\/2025\/02\/13\/hito-de-volaris-con-30-nuevas-rutas-a-partir-de-marzo-una-es-costa-rica-tulum\/\" \/>\n<meta name=\"twitter:card\" content=\"summary_large_image\" \/>\n<meta name=\"twitter:title\" content=\"Hito de Volaris con 30 nuevas rutas a partir de marzo, una es Costa Rica-Tulum - Nitu - Noticias de la Industria Turistica\" \/>\n<meta name=\"twitter:description\" content=\"Con el prop\u00f3sito de consolidarse como la aerol\u00ednea n\u00famero uno de M\u00e9xico, Volaris anunci\u00f3 30 nuevas rutas que fortalecer\u00e1n la conectividad de algunos de los destinos m\u00e1s importantes en M\u00e9xico, Estados Unidos y Centroam\u00e9rica, contribuyendo a impulsar la actividad econ\u00f3mica, tur\u00edstica y social en estas regiones. Volaris ofrece ahora un total de 230 rutas a [&hellip;]\" \/>\n<meta name=\"twitter:image\" content=\"https:\/\/nitu.mx\/wp-content\/uploads\/2018\/11\/Avi\u00f3n-A320neo-Volaris.jpg\" \/>\n<meta name=\"twitter:creator\" content=\"@NITUmx\" \/>\n<meta name=\"twitter:site\" content=\"@Arturo_Medina_G\" \/>\n<meta name=\"twitter:label1\" content=\"Escrito por\" \/>\n\t<meta name=\"twitter:data1\" content=\"Redacci\u00f3n\" \/>\n\t<meta name=\"twitter:label2\" content=\"Tiempo de lectura\" \/>\n\t<meta name=\"twitter:data2\" content=\"4 minutos\" \/>\n<script type=\"application\/ld+json\" class=\"yoast-schema-graph\">{\"@context\":\"https:\/\/schema.org\",\"@graph\":[{\"@type\":\"Article\",\"@id\":\"https:\/\/nitu.mx\/index.php\/2025\/02\/13\/hito-de-volaris-con-30-nuevas-rutas-a-partir-de-marzo-una-es-costa-rica-tulum\/#article\",\"isPartOf\":{\"@id\":\"https:\/\/nitu.mx\/index.php\/2025\/02\/13\/hito-de-volaris-con-30-nuevas-rutas-a-partir-de-marzo-una-es-costa-rica-tulum\/\"},\"author\":{\"name\":\"Redacci\u00f3n\",\"@id\":\"https:\/\/nitu.mx\/#\/schema\/person\/4a28fe9bd65924f7c90623773daf1b0b\"},\"headline\":\"Hito de Volaris con 30 nuevas rutas a partir de marzo, una es Costa Rica-Tulum\",\"datePublished\":\"2025-02-14T04:18:29+00:00\",\"dateModified\":\"2025-02-14T04:18:29+00:00\",\"mainEntityOfPage\":{\"@id\":\"https:\/\/nitu.mx\/index.php\/2025\/02\/13\/hito-de-volaris-con-30-nuevas-rutas-a-partir-de-marzo-una-es-costa-rica-tulum\/\"},\"wordCount\":749,\"commentCount\":0,\"publisher\":{\"@id\":\"https:\/\/nitu.mx\/#\/schema\/person\/ae7a53426417292d3dd07b45a33e01bc\"},\"image\":{\"@id\":\"https:\/\/nitu.mx\/index.php\/2025\/02\/13\/hito-de-volaris-con-30-nuevas-rutas-a-partir-de-marzo-una-es-costa-rica-tulum\/#primaryimage\"},\"thumbnailUrl\":\"https:\/\/nitu.mx\/wp-content\/uploads\/2018\/11\/Avi\u00f3n-A320neo-Volaris.jpg\",\"keywords\":[\"conectividad\",\"Holger Blankenstein\",\"Monterrey\",\"Morelia\",\"rutas\",\"San Luis Potos\u00ed\",\"Volaris\"],\"articleSection\":[\"Aerol\u00edneas\"],\"inLanguage\":\"es-MX\",\"potentialAction\":[{\"@type\":\"CommentAction\",\"name\":\"Comment\",\"target\":[\"https:\/\/nitu.mx\/index.php\/2025\/02\/13\/hito-de-volaris-con-30-nuevas-rutas-a-partir-de-marzo-una-es-costa-rica-tulum\/#respond\"]}]},{\"@type\":\"WebPage\",\"@id\":\"https:\/\/nitu.mx\/index.php\/2025\/02\/13\/hito-de-volaris-con-30-nuevas-rutas-a-partir-de-marzo-una-es-costa-rica-tulum\/\",\"url\":\"https:\/\/nitu.mx\/index.php\/2025\/02\/13\/hito-de-volaris-con-30-nuevas-rutas-a-partir-de-marzo-una-es-costa-rica-tulum\/\",\"name\":\"Hito de Volaris con 30 nuevas rutas a partir de marzo, una es Costa Rica-Tulum - Nitu - Noticias de la Industria Turistica\",\"isPartOf\":{\"@id\":\"https:\/\/nitu.mx\/#website\"},\"primaryImageOfPage\":{\"@id\":\"https:\/\/nitu.mx\/index.php\/2025\/02\/13\/hito-de-volaris-con-30-nuevas-rutas-a-partir-de-marzo-una-es-costa-rica-tulum\/#primaryimage\"},\"image\":{\"@id\":\"https:\/\/nitu.mx\/index.php\/2025\/02\/13\/hito-de-volaris-con-30-nuevas-rutas-a-partir-de-marzo-una-es-costa-rica-tulum\/#primaryimage\"},\"thumbnailUrl\":\"https:\/\/nitu.mx\/wp-content\/uploads\/2018\/11\/Avi\u00f3n-A320neo-Volaris.jpg\",\"datePublished\":\"2025-02-14T04:18:29+00:00\",\"dateModified\":\"2025-02-14T04:18:29+00:00\",\"breadcrumb\":{\"@id\":\"https:\/\/nitu.mx\/index.php\/2025\/02\/13\/hito-de-volaris-con-30-nuevas-rutas-a-partir-de-marzo-una-es-costa-rica-tulum\/#breadcrumb\"},\"inLanguage\":\"es-MX\",\"potentialAction\":[{\"@type\":\"ReadAction\",\"target\":[\"https:\/\/nitu.mx\/index.php\/2025\/02\/13\/hito-de-volaris-con-30-nuevas-rutas-a-partir-de-marzo-una-es-costa-rica-tulum\/\"]}]},{\"@type\":\"ImageObject\",\"inLanguage\":\"es-MX\",\"@id\":\"https:\/\/nitu.mx\/index.php\/2025\/02\/13\/hito-de-volaris-con-30-nuevas-rutas-a-partir-de-marzo-una-es-costa-rica-tulum\/#primaryimage\",\"url\":\"https:\/\/nitu.mx\/wp-content\/uploads\/2018\/11\/Avi\u00f3n-A320neo-Volaris.jpg\",\"contentUrl\":\"https:\/\/nitu.mx\/wp-content\/uploads\/2018\/11\/Avi\u00f3n-A320neo-Volaris.jpg\",\"width\":850,\"height\":480,\"caption\":\"Volaris BMV v.business Baja California Sur\"},{\"@type\":\"BreadcrumbList\",\"@id\":\"https:\/\/nitu.mx\/index.php\/2025\/02\/13\/hito-de-volaris-con-30-nuevas-rutas-a-partir-de-marzo-una-es-costa-rica-tulum\/#breadcrumb\",\"itemListElement\":[{\"@type\":\"ListItem\",\"position\":1,\"name\":\"Inicio\",\"item\":\"https:\/\/nitu.mx\/\"},{\"@type\":\"ListItem\",\"position\":2,\"name\":\"Hito de Volaris con 30 nuevas rutas a partir de marzo, una es Costa Rica-Tulum\"}]},{\"@type\":\"WebSite\",\"@id\":\"https:\/\/nitu.mx\/#website\",\"url\":\"https:\/\/nitu.mx\/\",\"name\":\"Nitu - Noticias de la Industria Turistica\",\"description\":\"Noticias de la Industria Turistica\",\"publisher\":{\"@id\":\"https:\/\/nitu.mx\/#\/schema\/person\/ae7a53426417292d3dd07b45a33e01bc\"},\"alternateName\":\"Noticias de la Industria Turistica\",\"potentialAction\":[{\"@type\":\"SearchAction\",\"target\":{\"@type\":\"EntryPoint\",\"urlTemplate\":\"https:\/\/nitu.mx\/?s={search_term_string}\"},\"query-input\":\"required name=search_term_string\"}],\"inLanguage\":\"es-MX\"},{\"@type\":[\"Person\",\"Organization\"],\"@id\":\"https:\/\/nitu.mx\/#\/schema\/person\/ae7a53426417292d3dd07b45a33e01bc\",\"name\":\"Arturo Medina\",\"image\":{\"@type\":\"ImageObject\",\"inLanguage\":\"es-MX\",\"@id\":\"https:\/\/nitu.mx\/#\/schema\/person\/image\/\",\"url\":\"https:\/\/nitu.mx\/wp-content\/uploads\/2024\/04\/4A315622-1904-4D5C-B022-878CDC840E04-90x90-1.jpeg\",\"contentUrl\":\"https:\/\/nitu.mx\/wp-content\/uploads\/2024\/04\/4A315622-1904-4D5C-B022-878CDC840E04-90x90-1.jpeg\",\"width\":90,\"height\":90,\"caption\":\"Arturo Medina\"},\"logo\":{\"@id\":\"https:\/\/nitu.mx\/#\/schema\/person\/image\/\"},\"description\":\"Director NITU.mx, Egresado de la Escuela de Periodismo Carlos Septi\u00e9n Garc\u00eda. Periodista y analista especializado en turismo desde hace 35 a\u00f1os, radicado en Canc\u00fan Q.Roo. arturo@nitu.mx\",\"sameAs\":[\"https:\/\/nitu.mx\",\"https:\/\/www.facebook.com\/NITUmx\/\",\"medinacancun\",\"https:\/\/twitter.com\/@Arturo_Medina_G\"]},{\"@type\":\"Person\",\"@id\":\"https:\/\/nitu.mx\/#\/schema\/person\/4a28fe9bd65924f7c90623773daf1b0b\",\"name\":\"Redacci\u00f3n\",\"image\":{\"@type\":\"ImageObject\",\"inLanguage\":\"es-MX\",\"@id\":\"https:\/\/nitu.mx\/#\/schema\/person\/image\/\",\"url\":\"https:\/\/secure.gravatar.com\/avatar\/5dd011c8ccfc5cd7e4c81e42252aab38?s=96&d=mm&r=g\",\"contentUrl\":\"https:\/\/secure.gravatar.com\/avatar\/5dd011c8ccfc5cd7e4c81e42252aab38?s=96&d=mm&r=g\",\"caption\":\"Redacci\u00f3n\"},\"url\":\"https:\/\/nitu.mx\/index.php\/author\/redaccion\/\"}]}<\/script>\n<!-- \/ Yoast SEO plugin. -->","yoast_head_json":{"title":"Hito de Volaris con 30 nuevas rutas a partir de marzo, una es Costa Rica-Tulum - Nitu - Noticias de la Industria Turistica","robots":{"index":"index","follow":"follow","max-snippet":"max-snippet:-1","max-image-preview":"max-image-preview:large","max-video-preview":"max-video-preview:-1"},"canonical":"https:\/\/nitu.mx\/index.php\/2025\/02\/13\/hito-de-volaris-con-30-nuevas-rutas-a-partir-de-marzo-una-es-costa-rica-tulum\/","twitter_card":"summary_large_image","twitter_title":"Hito de Volaris con 30 nuevas rutas a partir de marzo, una es Costa Rica-Tulum - Nitu - Noticias de la Industria Turistica","twitter_description":"Con el prop\u00f3sito de consolidarse como la aerol\u00ednea n\u00famero uno de M\u00e9xico, Volaris anunci\u00f3 30 nuevas rutas que fortalecer\u00e1n la conectividad de algunos de los destinos m\u00e1s importantes en M\u00e9xico, Estados Unidos y Centroam\u00e9rica, contribuyendo a impulsar la actividad econ\u00f3mica, tur\u00edstica y social en estas regiones. Volaris ofrece ahora un total de 230 rutas a [&hellip;]","twitter_image":"https:\/\/nitu.mx\/wp-content\/uploads\/2018\/11\/Avi\u00f3n-A320neo-Volaris.jpg","twitter_creator":"@NITUmx","twitter_site":"@Arturo_Medina_G","twitter_misc":{"Escrito por":"Redacci\u00f3n","Tiempo de lectura":"4 minutos"},"schema":{"@context":"https:\/\/schema.org","@graph":[{"@type":"Article","@id":"https:\/\/nitu.mx\/index.php\/2025\/02\/13\/hito-de-volaris-con-30-nuevas-rutas-a-partir-de-marzo-una-es-costa-rica-tulum\/#article","isPartOf":{"@id":"https:\/\/nitu.mx\/index.php\/2025\/02\/13\/hito-de-volaris-con-30-nuevas-rutas-a-partir-de-marzo-una-es-costa-rica-tulum\/"},"author":{"name":"Redacci\u00f3n","@id":"https:\/\/nitu.mx\/#\/schema\/person\/4a28fe9bd65924f7c90623773daf1b0b"},"headline":"Hito de Volaris con 30 nuevas rutas a partir de marzo, una es Costa Rica-Tulum","datePublished":"2025-02-14T04:18:29+00:00","dateModified":"2025-02-14T04:18:29+00:00","mainEntityOfPage":{"@id":"https:\/\/nitu.mx\/index.php\/2025\/02\/13\/hito-de-volaris-con-30-nuevas-rutas-a-partir-de-marzo-una-es-costa-rica-tulum\/"},"wordCount":749,"commentCount":0,"publisher":{"@id":"https:\/\/nitu.mx\/#\/schema\/person\/ae7a53426417292d3dd07b45a33e01bc"},"image":{"@id":"https:\/\/nitu.mx\/index.php\/2025\/02\/13\/hito-de-volaris-con-30-nuevas-rutas-a-partir-de-marzo-una-es-costa-rica-tulum\/#primaryimage"},"thumbnailUrl":"https:\/\/nitu.mx\/wp-content\/uploads\/2018\/11\/Avi\u00f3n-A320neo-Volaris.jpg","keywords":["conectividad","Holger Blankenstein","Monterrey","Morelia","rutas","San Luis Potos\u00ed","Volaris"],"articleSection":["Aerol\u00edneas"],"inLanguage":"es-MX","potentialAction":[{"@type":"CommentAction","name":"Comment","target":["https:\/\/nitu.mx\/index.php\/2025\/02\/13\/hito-de-volaris-con-30-nuevas-rutas-a-partir-de-marzo-una-es-costa-rica-tulum\/#respond"]}]},{"@type":"WebPage","@id":"https:\/\/nitu.mx\/index.php\/2025\/02\/13\/hito-de-volaris-con-30-nuevas-rutas-a-partir-de-marzo-una-es-costa-rica-tulum\/","url":"https:\/\/nitu.mx\/index.php\/2025\/02\/13\/hito-de-volaris-con-30-nuevas-rutas-a-partir-de-marzo-una-es-costa-rica-tulum\/","name":"Hito de Volaris con 30 nuevas rutas a partir de marzo, una es Costa Rica-Tulum - Nitu - Noticias de la Industria Turistica","isPartOf":{"@id":"https:\/\/nitu.mx\/#website"},"primaryImageOfPage":{"@id":"https:\/\/nitu.mx\/index.php\/2025\/02\/13\/hito-de-volaris-con-30-nuevas-rutas-a-partir-de-marzo-una-es-costa-rica-tulum\/#primaryimage"},"image":{"@id":"https:\/\/nitu.mx\/index.php\/2025\/02\/13\/hito-de-volaris-con-30-nuevas-rutas-a-partir-de-marzo-una-es-costa-rica-tulum\/#primaryimage"},"thumbnailUrl":"https:\/\/nitu.mx\/wp-content\/uploads\/2018\/11\/Avi\u00f3n-A320neo-Volaris.jpg","datePublished":"2025-02-14T04:18:29+00:00","dateModified":"2025-02-14T04:18:29+00:00","breadcrumb":{"@id":"https:\/\/nitu.mx\/index.php\/2025\/02\/13\/hito-de-volaris-con-30-nuevas-rutas-a-partir-de-marzo-una-es-costa-rica-tulum\/#breadcrumb"},"inLanguage":"es-MX","potentialAction":[{"@type":"ReadAction","target":["https:\/\/nitu.mx\/index.php\/2025\/02\/13\/hito-de-volaris-con-30-nuevas-rutas-a-partir-de-marzo-una-es-costa-rica-tulum\/"]}]},{"@type":"ImageObject","inLanguage":"es-MX","@id":"https:\/\/nitu.mx\/index.php\/2025\/02\/13\/hito-de-volaris-con-30-nuevas-rutas-a-partir-de-marzo-una-es-costa-rica-tulum\/#primaryimage","url":"https:\/\/nitu.mx\/wp-content\/uploads\/2018\/11\/Avi\u00f3n-A320neo-Volaris.jpg","contentUrl":"https:\/\/nitu.mx\/wp-content\/uploads\/2018\/11\/Avi\u00f3n-A320neo-Volaris.jpg","width":850,"height":480,"caption":"Volaris BMV v.business Baja California Sur"},{"@type":"BreadcrumbList","@id":"https:\/\/nitu.mx\/index.php\/2025\/02\/13\/hito-de-volaris-con-30-nuevas-rutas-a-partir-de-marzo-una-es-costa-rica-tulum\/#breadcrumb","itemListElement":[{"@type":"ListItem","position":1,"name":"Inicio","item":"https:\/\/nitu.mx\/"},{"@type":"ListItem","position":2,"name":"Hito de Volaris con 30 nuevas rutas a partir de marzo, una es Costa Rica-Tulum"}]},{"@type":"WebSite","@id":"https:\/\/nitu.mx\/#website","url":"https:\/\/nitu.mx\/","name":"Nitu - Noticias de la Industria Turistica","description":"Noticias de la Industria Turistica","publisher":{"@id":"https:\/\/nitu.mx\/#\/schema\/person\/ae7a53426417292d3dd07b45a33e01bc"},"alternateName":"Noticias de la Industria Turistica","potentialAction":[{"@type":"SearchAction","target":{"@type":"EntryPoint","urlTemplate":"https:\/\/nitu.mx\/?s={search_term_string}"},"query-input":"required name=search_term_string"}],"inLanguage":"es-MX"},{"@type":["Person","Organization"],"@id":"https:\/\/nitu.mx\/#\/schema\/person\/ae7a53426417292d3dd07b45a33e01bc","name":"Arturo Medina","image":{"@type":"ImageObject","inLanguage":"es-MX","@id":"https:\/\/nitu.mx\/#\/schema\/person\/image\/","url":"https:\/\/nitu.mx\/wp-content\/uploads\/2024\/04\/4A315622-1904-4D5C-B022-878CDC840E04-90x90-1.jpeg","contentUrl":"https:\/\/nitu.mx\/wp-content\/uploads\/2024\/04\/4A315622-1904-4D5C-B022-878CDC840E04-90x90-1.jpeg","width":90,"height":90,"caption":"Arturo Medina"},"logo":{"@id":"https:\/\/nitu.mx\/#\/schema\/person\/image\/"},"description":"Director NITU.mx, Egresado de la Escuela de Periodismo Carlos Septi\u00e9n Garc\u00eda. Periodista y analista especializado en turismo desde hace 35 a\u00f1os, radicado en Canc\u00fan Q.Roo. arturo@nitu.mx","sameAs":["https:\/\/nitu.mx","https:\/\/www.facebook.com\/NITUmx\/","medinacancun","https:\/\/twitter.com\/@Arturo_Medina_G"]},{"@type":"Person","@id":"https:\/\/nitu.mx\/#\/schema\/person\/4a28fe9bd65924f7c90623773daf1b0b","name":"Redacci\u00f3n","image":{"@type":"ImageObject","inLanguage":"es-MX","@id":"https:\/\/nitu.mx\/#\/schema\/person\/image\/","url":"https:\/\/secure.gravatar.com\/avatar\/5dd011c8ccfc5cd7e4c81e42252aab38?s=96&d=mm&r=g","contentUrl":"https:\/\/secure.gravatar.com\/avatar\/5dd011c8ccfc5cd7e4c81e42252aab38?s=96&d=mm&r=g","caption":"Redacci\u00f3n"},"url":"https:\/\/nitu.mx\/index.php\/author\/redaccion\/"}]}},"views":852,"_links":{"self":[{"href":"https:\/\/nitu.mx\/index.php\/wp-json\/wp\/v2\/posts\/79200"}],"collection":[{"href":"https:\/\/nitu.mx\/index.php\/wp-json\/wp\/v2\/posts"}],"about":[{"href":"https:\/\/nitu.mx\/index.php\/wp-json\/wp\/v2\/types\/post"}],"author":[{"embeddable":true,"href":"https:\/\/nitu.mx\/index.php\/wp-json\/wp\/v2\/users\/17"}],"replies":[{"embeddable":true,"href":"https:\/\/nitu.mx\/index.php\/wp-json\/wp\/v2\/comments?post=79200"}],"version-history":[{"count":3,"href":"https:\/\/nitu.mx\/index.php\/wp-json\/wp\/v2\/posts\/79200\/revisions"}],"predecessor-version":[{"id":79209,"href":"https:\/\/nitu.mx\/index.php\/wp-json\/wp\/v2\/posts\/79200\/revisions\/79209"}],"wp:featuredmedia":[{"embeddable":true,"href":"https:\/\/nitu.mx\/index.php\/wp-json\/wp\/v2\/media\/27038"}],"wp:attachment":[{"href":"https:\/\/nitu.mx\/index.php\/wp-json\/wp\/v2\/media?parent=79200"}],"wp:term":[{"taxonomy":"category","embeddable":true,"href":"https:\/\/nitu.mx\/index.php\/wp-json\/wp\/v2\/categories?post=79200"},{"taxonomy":"post_tag","embeddable":true,"href":"https:\/\/nitu.mx\/index.php\/wp-json\/wp\/v2\/tags?post=79200"}],"curies":[{"name":"wp","href":"https:\/\/api.w.org\/{rel}","templated":true}]}}