{"id":7917,"date":"2017-03-17T01:17:43","date_gmt":"2017-03-17T06:17:43","guid":{"rendered":"http:\/\/www.dev.nitu.mx\/?p=7917"},"modified":"2017-03-17T01:34:42","modified_gmt":"2017-03-17T06:34:42","slug":"pilotos-de-volaris-acusan-explotacion-laboral","status":"publish","type":"post","link":"https:\/\/nitu.mx\/index.php\/2017\/03\/17\/pilotos-de-volaris-acusan-explotacion-laboral\/","title":{"rendered":"Pilotos de Volaris acusan explotaci\u00f3n laboral"},"content":{"rendered":"<p>Por si no fueran pocos los problemas para la aerol\u00ednea mexicana de bajo costo, Volaris, habr\u00eda que agregar la denuncia que hacen sus pilotos por las extenuantes jornadas de trabajo que la l\u00ednea a\u00e9rea les obliga a cumplir, las cuales rebasan las 100 horas de vuelo al mes, seg\u00fan pudo saber <strong><em>NITU.mx.<\/em><\/strong><\/p>\n<p>Los capitanes que pidieron no ser identificados, refieren que se vive un terrorismo laboral, pues la experiencia anterior, cuando el gremio se manifest\u00f3 en contra de los malos tratos, la respuesta fue el despido de 16 pilotos.<\/p>\n<p>Esta informaci\u00f3n sale a la luz, justo un d\u00eda despu\u00e9s de que el director general de la aerol\u00ednea, Enrique Beltranena, anunciara la reducci\u00f3n de la estimaci\u00f3n de crecimiento de la empresa para 2017.<\/p>\n<p>En dicho evento, el ejecutivo asegur\u00f3 que sus pilotos no llegan ni a las 90 horas de vuelo al mes que se\u00f1ala la ley. Coment\u00f3 que a\u00fan en temporada alta, apenas alcanzan 85 horas, sin embargo los pilotos afirman que la cifra se rebasa y por mucho.<\/p>\n<p>Los pilotos que laboran para esta firma, no se encuentran afiliados a un gremio sindical, lo que los deja a la deriva de protecci\u00f3n jur\u00eddica por parte del gremio, y la aerol\u00ednea pr\u00e1cticamente puede exigir lo que sea, o simplemente no hay trabajo, situaci\u00f3n que se replica en varias empresas de M\u00e9xico, pero en este caso se trata de los responsables de trasladar a miles de viajeros por el aire.<\/p>\n<p><strong>Ley sigue vigente<\/strong><\/p>\n<p>De acuerdo con la Ley Federal del Trabajo en sus art\u00edculos 224 y 225, as\u00ed como el art\u00edculo 82 del Reglamento de Aviaci\u00f3n Civil, los pilotos comerciales deben volar un m\u00e1ximo de 90 horas al mes. Dicha ley no ha sido modificada por el \u00f3rgano Legislativo, aunque la Direcci\u00f3n General de Aeron\u00e1utica Civil, que dirige Miguel Pel\u00e1ez Lira, de un plumazo la movi\u00f3 a 100 horas, para cumplir la exigencia de la C\u00e1mara Nacional de Aerotransportes (Canaero) que preside Sergio Allard. Sin embargo, mientras no pase por el Congreso, esa nueva orden no se puede aplicar.<\/p>\n<p>La aerol\u00ednea ha reportado algunas bajas en las \u00faltimas semanas como se inform\u00f3 en <em><strong>NITU.mx<\/strong><\/em>.\u00a0(<a title=\"Volaris cae, pierde 198 mdd en BMV desde el viernes\" href=\"http:\/\/www.dev.nitu.mx\/index.php\/2017\/02\/22\/volaris-cae-pierde-198-mdd-en-bmv-desde-el-viernes\/\" rel=\"bookmark\">Volaris cae, pierde 198 mdd en BMV desde el viernes<\/a>).<\/p>\n","protected":false},"excerpt":{"rendered":"<p>Por si no fueran pocos los problemas para la aerol\u00ednea mexicana de bajo costo, Volaris, habr\u00eda que agregar la denuncia que hacen sus pilotos por las extenuantes jornadas de trabajo que la l\u00ednea a\u00e9rea les obliga a cumplir, las cuales rebasan las 100 horas de vuelo al mes, seg\u00fan pudo saber NITU.mx. Los capitanes que [&hellip;]<\/p>\n","protected":false},"author":5,"featured_media":7937,"comment_status":"open","ping_status":"open","sticky":false,"template":"","format":"standard","meta":{"footnotes":""},"categories":[29,6],"tags":[3549,435,131],"yoast_head":"<!-- This site is optimized with the Yoast SEO plugin v22.2 - https:\/\/yoast.com\/wordpress\/plugins\/seo\/ -->\n<title>Pilotos de Volaris acusan explotaci\u00f3n laboral - Nitu - Noticias de la Industria Turistica<\/title>\n<meta name=\"description\" content=\"Por si no fueran pocos los problemas para Volaris, habr\u00eda que agregar la denuncia que hacen sus pilotos por las extenuantes jornadas de trabajo.\" \/>\n<meta name=\"robots\" content=\"index, follow, max-snippet:-1, max-image-preview:large, max-video-preview:-1\" \/>\n<link rel=\"canonical\" href=\"https:\/\/nitu.mx\/index.php\/2017\/03\/17\/pilotos-de-volaris-acusan-explotacion-laboral\/\" \/>\n<meta name=\"twitter:card\" content=\"summary_large_image\" \/>\n<meta name=\"twitter:title\" content=\"Pilotos de Volaris acusan explotaci\u00f3n laboral - Nitu - Noticias de la Industria Turistica\" \/>\n<meta name=\"twitter:description\" content=\"Por si no fueran pocos los problemas para Volaris, habr\u00eda que agregar la denuncia que hacen sus pilotos por las extenuantes jornadas de trabajo.\" \/>\n<meta name=\"twitter:image\" content=\"https:\/\/nitu.mx\/wp-content\/uploads\/2017\/03\/Volaris-nubes.jpg\" \/>\n<meta name=\"twitter:creator\" content=\"@NITUmx\" \/>\n<meta name=\"twitter:site\" content=\"@Arturo_Medina_G\" \/>\n<meta name=\"twitter:label1\" content=\"Escrito por\" \/>\n\t<meta name=\"twitter:data1\" content=\"Mari Soto\" \/>\n\t<meta name=\"twitter:label2\" content=\"Tiempo de lectura\" \/>\n\t<meta name=\"twitter:data2\" content=\"2 minutos\" \/>\n<script type=\"application\/ld+json\" class=\"yoast-schema-graph\">{\"@context\":\"https:\/\/schema.org\",\"@graph\":[{\"@type\":\"Article\",\"@id\":\"https:\/\/nitu.mx\/index.php\/2017\/03\/17\/pilotos-de-volaris-acusan-explotacion-laboral\/#article\",\"isPartOf\":{\"@id\":\"https:\/\/nitu.mx\/index.php\/2017\/03\/17\/pilotos-de-volaris-acusan-explotacion-laboral\/\"},\"author\":{\"name\":\"Mari Soto\",\"@id\":\"https:\/\/nitu.mx\/#\/schema\/person\/afc52e313e27e660739556d421d3d6b4\"},\"headline\":\"Pilotos de Volaris acusan explotaci\u00f3n laboral\",\"datePublished\":\"2017-03-17T06:17:43+00:00\",\"dateModified\":\"2017-03-17T06:34:42+00:00\",\"mainEntityOfPage\":{\"@id\":\"https:\/\/nitu.mx\/index.php\/2017\/03\/17\/pilotos-de-volaris-acusan-explotacion-laboral\/\"},\"wordCount\":389,\"commentCount\":0,\"publisher\":{\"@id\":\"https:\/\/nitu.mx\/#\/schema\/person\/ae7a53426417292d3dd07b45a33e01bc\"},\"image\":{\"@id\":\"https:\/\/nitu.mx\/index.php\/2017\/03\/17\/pilotos-de-volaris-acusan-explotacion-laboral\/#primaryimage\"},\"thumbnailUrl\":\"https:\/\/nitu.mx\/wp-content\/uploads\/2017\/03\/Volaris-nubes.jpg\",\"keywords\":[\"Aviaci\u00f3n Civil\",\"Enrique Beltranena\",\"Volaris\"],\"articleSection\":[\"Aerol\u00edneas\",\"M\u00e9xico\"],\"inLanguage\":\"es-MX\",\"potentialAction\":[{\"@type\":\"CommentAction\",\"name\":\"Comment\",\"target\":[\"https:\/\/nitu.mx\/index.php\/2017\/03\/17\/pilotos-de-volaris-acusan-explotacion-laboral\/#respond\"]}]},{\"@type\":\"WebPage\",\"@id\":\"https:\/\/nitu.mx\/index.php\/2017\/03\/17\/pilotos-de-volaris-acusan-explotacion-laboral\/\",\"url\":\"https:\/\/nitu.mx\/index.php\/2017\/03\/17\/pilotos-de-volaris-acusan-explotacion-laboral\/\",\"name\":\"Pilotos de Volaris acusan explotaci\u00f3n laboral - Nitu - Noticias de la Industria Turistica\",\"isPartOf\":{\"@id\":\"https:\/\/nitu.mx\/#website\"},\"primaryImageOfPage\":{\"@id\":\"https:\/\/nitu.mx\/index.php\/2017\/03\/17\/pilotos-de-volaris-acusan-explotacion-laboral\/#primaryimage\"},\"image\":{\"@id\":\"https:\/\/nitu.mx\/index.php\/2017\/03\/17\/pilotos-de-volaris-acusan-explotacion-laboral\/#primaryimage\"},\"thumbnailUrl\":\"https:\/\/nitu.mx\/wp-content\/uploads\/2017\/03\/Volaris-nubes.jpg\",\"datePublished\":\"2017-03-17T06:17:43+00:00\",\"dateModified\":\"2017-03-17T06:34:42+00:00\",\"description\":\"Por si no fueran pocos los problemas para Volaris, habr\u00eda que agregar la denuncia que hacen sus pilotos por las extenuantes jornadas de trabajo.\",\"breadcrumb\":{\"@id\":\"https:\/\/nitu.mx\/index.php\/2017\/03\/17\/pilotos-de-volaris-acusan-explotacion-laboral\/#breadcrumb\"},\"inLanguage\":\"es-MX\",\"potentialAction\":[{\"@type\":\"ReadAction\",\"target\":[\"https:\/\/nitu.mx\/index.php\/2017\/03\/17\/pilotos-de-volaris-acusan-explotacion-laboral\/\"]}]},{\"@type\":\"ImageObject\",\"inLanguage\":\"es-MX\",\"@id\":\"https:\/\/nitu.mx\/index.php\/2017\/03\/17\/pilotos-de-volaris-acusan-explotacion-laboral\/#primaryimage\",\"url\":\"https:\/\/nitu.mx\/wp-content\/uploads\/2017\/03\/Volaris-nubes.jpg\",\"contentUrl\":\"https:\/\/nitu.mx\/wp-content\/uploads\/2017\/03\/Volaris-nubes.jpg\",\"width\":850,\"height\":480,\"caption\":\"Volaris\"},{\"@type\":\"BreadcrumbList\",\"@id\":\"https:\/\/nitu.mx\/index.php\/2017\/03\/17\/pilotos-de-volaris-acusan-explotacion-laboral\/#breadcrumb\",\"itemListElement\":[{\"@type\":\"ListItem\",\"position\":1,\"name\":\"Inicio\",\"item\":\"https:\/\/nitu.mx\/\"},{\"@type\":\"ListItem\",\"position\":2,\"name\":\"Pilotos de Volaris acusan explotaci\u00f3n laboral\"}]},{\"@type\":\"WebSite\",\"@id\":\"https:\/\/nitu.mx\/#website\",\"url\":\"https:\/\/nitu.mx\/\",\"name\":\"Nitu - Noticias de la Industria Turistica\",\"description\":\"Noticias de la Industria Turistica\",\"publisher\":{\"@id\":\"https:\/\/nitu.mx\/#\/schema\/person\/ae7a53426417292d3dd07b45a33e01bc\"},\"alternateName\":\"Noticias de la Industria Turistica\",\"potentialAction\":[{\"@type\":\"SearchAction\",\"target\":{\"@type\":\"EntryPoint\",\"urlTemplate\":\"https:\/\/nitu.mx\/?s={search_term_string}\"},\"query-input\":\"required name=search_term_string\"}],\"inLanguage\":\"es-MX\"},{\"@type\":[\"Person\",\"Organization\"],\"@id\":\"https:\/\/nitu.mx\/#\/schema\/person\/ae7a53426417292d3dd07b45a33e01bc\",\"name\":\"Arturo Medina\",\"image\":{\"@type\":\"ImageObject\",\"inLanguage\":\"es-MX\",\"@id\":\"https:\/\/nitu.mx\/#\/schema\/person\/image\/\",\"url\":\"https:\/\/nitu.mx\/wp-content\/uploads\/2024\/04\/4A315622-1904-4D5C-B022-878CDC840E04-90x90-1.jpeg\",\"contentUrl\":\"https:\/\/nitu.mx\/wp-content\/uploads\/2024\/04\/4A315622-1904-4D5C-B022-878CDC840E04-90x90-1.jpeg\",\"width\":90,\"height\":90,\"caption\":\"Arturo Medina\"},\"logo\":{\"@id\":\"https:\/\/nitu.mx\/#\/schema\/person\/image\/\"},\"description\":\"Director NITU.mx, Egresado de la Escuela de Periodismo Carlos Septi\u00e9n Garc\u00eda. Periodista y analista especializado en turismo desde hace 35 a\u00f1os, radicado en Canc\u00fan Q.Roo. arturo@nitu.mx\",\"sameAs\":[\"https:\/\/nitu.mx\",\"https:\/\/www.facebook.com\/NITUmx\/\",\"medinacancun\",\"https:\/\/twitter.com\/@Arturo_Medina_G\"]},{\"@type\":\"Person\",\"@id\":\"https:\/\/nitu.mx\/#\/schema\/person\/afc52e313e27e660739556d421d3d6b4\",\"name\":\"Mari Soto\",\"image\":{\"@type\":\"ImageObject\",\"inLanguage\":\"es-MX\",\"@id\":\"https:\/\/nitu.mx\/#\/schema\/person\/image\/\",\"url\":\"https:\/\/secure.gravatar.com\/avatar\/2619c282a180a20d89fcaea82a6736e2?s=96&d=mm&r=g\",\"contentUrl\":\"https:\/\/secure.gravatar.com\/avatar\/2619c282a180a20d89fcaea82a6736e2?s=96&d=mm&r=g\",\"caption\":\"Mari Soto\"},\"sameAs\":[\"https:\/\/nitu.mx\"],\"url\":\"https:\/\/nitu.mx\/index.php\/author\/guadalupe\/\"}]}<\/script>\n<!-- \/ Yoast SEO plugin. -->","yoast_head_json":{"title":"Pilotos de Volaris acusan explotaci\u00f3n laboral - Nitu - Noticias de la Industria Turistica","description":"Por si no fueran pocos los problemas para Volaris, habr\u00eda que agregar la denuncia que hacen sus pilotos por las extenuantes jornadas de trabajo.","robots":{"index":"index","follow":"follow","max-snippet":"max-snippet:-1","max-image-preview":"max-image-preview:large","max-video-preview":"max-video-preview:-1"},"canonical":"https:\/\/nitu.mx\/index.php\/2017\/03\/17\/pilotos-de-volaris-acusan-explotacion-laboral\/","twitter_card":"summary_large_image","twitter_title":"Pilotos de Volaris acusan explotaci\u00f3n laboral - Nitu - Noticias de la Industria Turistica","twitter_description":"Por si no fueran pocos los problemas para Volaris, habr\u00eda que agregar la denuncia que hacen sus pilotos por las extenuantes jornadas de trabajo.","twitter_image":"https:\/\/nitu.mx\/wp-content\/uploads\/2017\/03\/Volaris-nubes.jpg","twitter_creator":"@NITUmx","twitter_site":"@Arturo_Medina_G","twitter_misc":{"Escrito por":"Mari Soto","Tiempo de lectura":"2 minutos"},"schema":{"@context":"https:\/\/schema.org","@graph":[{"@type":"Article","@id":"https:\/\/nitu.mx\/index.php\/2017\/03\/17\/pilotos-de-volaris-acusan-explotacion-laboral\/#article","isPartOf":{"@id":"https:\/\/nitu.mx\/index.php\/2017\/03\/17\/pilotos-de-volaris-acusan-explotacion-laboral\/"},"author":{"name":"Mari Soto","@id":"https:\/\/nitu.mx\/#\/schema\/person\/afc52e313e27e660739556d421d3d6b4"},"headline":"Pilotos de Volaris acusan explotaci\u00f3n laboral","datePublished":"2017-03-17T06:17:43+00:00","dateModified":"2017-03-17T06:34:42+00:00","mainEntityOfPage":{"@id":"https:\/\/nitu.mx\/index.php\/2017\/03\/17\/pilotos-de-volaris-acusan-explotacion-laboral\/"},"wordCount":389,"commentCount":0,"publisher":{"@id":"https:\/\/nitu.mx\/#\/schema\/person\/ae7a53426417292d3dd07b45a33e01bc"},"image":{"@id":"https:\/\/nitu.mx\/index.php\/2017\/03\/17\/pilotos-de-volaris-acusan-explotacion-laboral\/#primaryimage"},"thumbnailUrl":"https:\/\/nitu.mx\/wp-content\/uploads\/2017\/03\/Volaris-nubes.jpg","keywords":["Aviaci\u00f3n Civil","Enrique Beltranena","Volaris"],"articleSection":["Aerol\u00edneas","M\u00e9xico"],"inLanguage":"es-MX","potentialAction":[{"@type":"CommentAction","name":"Comment","target":["https:\/\/nitu.mx\/index.php\/2017\/03\/17\/pilotos-de-volaris-acusan-explotacion-laboral\/#respond"]}]},{"@type":"WebPage","@id":"https:\/\/nitu.mx\/index.php\/2017\/03\/17\/pilotos-de-volaris-acusan-explotacion-laboral\/","url":"https:\/\/nitu.mx\/index.php\/2017\/03\/17\/pilotos-de-volaris-acusan-explotacion-laboral\/","name":"Pilotos de Volaris acusan explotaci\u00f3n laboral - Nitu - Noticias de la Industria Turistica","isPartOf":{"@id":"https:\/\/nitu.mx\/#website"},"primaryImageOfPage":{"@id":"https:\/\/nitu.mx\/index.php\/2017\/03\/17\/pilotos-de-volaris-acusan-explotacion-laboral\/#primaryimage"},"image":{"@id":"https:\/\/nitu.mx\/index.php\/2017\/03\/17\/pilotos-de-volaris-acusan-explotacion-laboral\/#primaryimage"},"thumbnailUrl":"https:\/\/nitu.mx\/wp-content\/uploads\/2017\/03\/Volaris-nubes.jpg","datePublished":"2017-03-17T06:17:43+00:00","dateModified":"2017-03-17T06:34:42+00:00","description":"Por si no fueran pocos los problemas para Volaris, habr\u00eda que agregar la denuncia que hacen sus pilotos por las extenuantes jornadas de trabajo.","breadcrumb":{"@id":"https:\/\/nitu.mx\/index.php\/2017\/03\/17\/pilotos-de-volaris-acusan-explotacion-laboral\/#breadcrumb"},"inLanguage":"es-MX","potentialAction":[{"@type":"ReadAction","target":["https:\/\/nitu.mx\/index.php\/2017\/03\/17\/pilotos-de-volaris-acusan-explotacion-laboral\/"]}]},{"@type":"ImageObject","inLanguage":"es-MX","@id":"https:\/\/nitu.mx\/index.php\/2017\/03\/17\/pilotos-de-volaris-acusan-explotacion-laboral\/#primaryimage","url":"https:\/\/nitu.mx\/wp-content\/uploads\/2017\/03\/Volaris-nubes.jpg","contentUrl":"https:\/\/nitu.mx\/wp-content\/uploads\/2017\/03\/Volaris-nubes.jpg","width":850,"height":480,"caption":"Volaris"},{"@type":"BreadcrumbList","@id":"https:\/\/nitu.mx\/index.php\/2017\/03\/17\/pilotos-de-volaris-acusan-explotacion-laboral\/#breadcrumb","itemListElement":[{"@type":"ListItem","position":1,"name":"Inicio","item":"https:\/\/nitu.mx\/"},{"@type":"ListItem","position":2,"name":"Pilotos de Volaris acusan explotaci\u00f3n laboral"}]},{"@type":"WebSite","@id":"https:\/\/nitu.mx\/#website","url":"https:\/\/nitu.mx\/","name":"Nitu - Noticias de la Industria Turistica","description":"Noticias de la Industria Turistica","publisher":{"@id":"https:\/\/nitu.mx\/#\/schema\/person\/ae7a53426417292d3dd07b45a33e01bc"},"alternateName":"Noticias de la Industria Turistica","potentialAction":[{"@type":"SearchAction","target":{"@type":"EntryPoint","urlTemplate":"https:\/\/nitu.mx\/?s={search_term_string}"},"query-input":"required name=search_term_string"}],"inLanguage":"es-MX"},{"@type":["Person","Organization"],"@id":"https:\/\/nitu.mx\/#\/schema\/person\/ae7a53426417292d3dd07b45a33e01bc","name":"Arturo Medina","image":{"@type":"ImageObject","inLanguage":"es-MX","@id":"https:\/\/nitu.mx\/#\/schema\/person\/image\/","url":"https:\/\/nitu.mx\/wp-content\/uploads\/2024\/04\/4A315622-1904-4D5C-B022-878CDC840E04-90x90-1.jpeg","contentUrl":"https:\/\/nitu.mx\/wp-content\/uploads\/2024\/04\/4A315622-1904-4D5C-B022-878CDC840E04-90x90-1.jpeg","width":90,"height":90,"caption":"Arturo Medina"},"logo":{"@id":"https:\/\/nitu.mx\/#\/schema\/person\/image\/"},"description":"Director NITU.mx, Egresado de la Escuela de Periodismo Carlos Septi\u00e9n Garc\u00eda. Periodista y analista especializado en turismo desde hace 35 a\u00f1os, radicado en Canc\u00fan Q.Roo. arturo@nitu.mx","sameAs":["https:\/\/nitu.mx","https:\/\/www.facebook.com\/NITUmx\/","medinacancun","https:\/\/twitter.com\/@Arturo_Medina_G"]},{"@type":"Person","@id":"https:\/\/nitu.mx\/#\/schema\/person\/afc52e313e27e660739556d421d3d6b4","name":"Mari Soto","image":{"@type":"ImageObject","inLanguage":"es-MX","@id":"https:\/\/nitu.mx\/#\/schema\/person\/image\/","url":"https:\/\/secure.gravatar.com\/avatar\/2619c282a180a20d89fcaea82a6736e2?s=96&d=mm&r=g","contentUrl":"https:\/\/secure.gravatar.com\/avatar\/2619c282a180a20d89fcaea82a6736e2?s=96&d=mm&r=g","caption":"Mari Soto"},"sameAs":["https:\/\/nitu.mx"],"url":"https:\/\/nitu.mx\/index.php\/author\/guadalupe\/"}]}},"views":389,"_links":{"self":[{"href":"https:\/\/nitu.mx\/index.php\/wp-json\/wp\/v2\/posts\/7917"}],"collection":[{"href":"https:\/\/nitu.mx\/index.php\/wp-json\/wp\/v2\/posts"}],"about":[{"href":"https:\/\/nitu.mx\/index.php\/wp-json\/wp\/v2\/types\/post"}],"author":[{"embeddable":true,"href":"https:\/\/nitu.mx\/index.php\/wp-json\/wp\/v2\/users\/5"}],"replies":[{"embeddable":true,"href":"https:\/\/nitu.mx\/index.php\/wp-json\/wp\/v2\/comments?post=7917"}],"version-history":[{"count":3,"href":"https:\/\/nitu.mx\/index.php\/wp-json\/wp\/v2\/posts\/7917\/revisions"}],"predecessor-version":[{"id":7956,"href":"https:\/\/nitu.mx\/index.php\/wp-json\/wp\/v2\/posts\/7917\/revisions\/7956"}],"wp:featuredmedia":[{"embeddable":true,"href":"https:\/\/nitu.mx\/index.php\/wp-json\/wp\/v2\/media\/7937"}],"wp:attachment":[{"href":"https:\/\/nitu.mx\/index.php\/wp-json\/wp\/v2\/media?parent=7917"}],"wp:term":[{"taxonomy":"category","embeddable":true,"href":"https:\/\/nitu.mx\/index.php\/wp-json\/wp\/v2\/categories?post=7917"},{"taxonomy":"post_tag","embeddable":true,"href":"https:\/\/nitu.mx\/index.php\/wp-json\/wp\/v2\/tags?post=7917"}],"curies":[{"name":"wp","href":"https:\/\/api.w.org\/{rel}","templated":true}]}}