{"id":79120,"date":"2025-02-12T14:47:57","date_gmt":"2025-02-12T20:47:57","guid":{"rendered":"https:\/\/nitu.mx\/?p=79120"},"modified":"2025-02-12T15:19:59","modified_gmt":"2025-02-12T21:19:59","slug":"bernardo-cueto-asume-la-presidencia-de-asetur-para-el-periodo-2025-2026","status":"publish","type":"post","link":"https:\/\/nitu.mx\/index.php\/2025\/02\/12\/bernardo-cueto-asume-la-presidencia-de-asetur-para-el-periodo-2025-2026\/","title":{"rendered":"Bernardo Cueto, titular de Sedetur, asume la presidencia de Asetur para el periodo 2025-2026"},"content":{"rendered":"\n<p>El secretario de Turismo de Quintana Roo, Bernardo Cueto Riestra, asumi\u00f3 la presidencia de la Uni\u00f3n de Secretarios de Turismo (Asetur) para el periodo 2025-2026, al recibir el respaldo de sus hom\u00f3logos estatales en el marco de la 59a Asamblea Ordinaria del organismo, celebrada en Bah\u00eda de Banderas, Nayarit. <\/p>\n\n\n\n<p>El gobernador de Nayarit, Miguel \u00c1ngel Navarro Quintero, tom\u00f3 protesta a la nueva Mesa Directiva que acompa\u00f1ar\u00e1 a Cueto Riestra, quien sucede en el cargo al titular de Sectur Nayarit, Juan Enrique Su\u00e1rez del Real Tostado. <\/p>\n\n\n\n<p>Al asumir su nueva encomienda, el titular de Sedetur inform\u00f3 que su plan de trabajo estar\u00e1 enfocado en cinco ejes: Promoci\u00f3n tur\u00edstica, competitividad, conectividad e infraestructura, seguridad y sustentabilidad, con el que impulsar\u00e1 el desarrollo de Quintana Roo y de todo el pa\u00eds. <\/p>\n\n\n\n<p>La Mesa Directiva de Asetur para el periodo 2025-2006 se complementar\u00e1 con los secretarios de Turismo de Sonora, Roberto Gradillas Pineda, como vicepresidente; de Michoac\u00e1n, Roberto Monroy Garc\u00eda, como Tesorero; de Oaxaca, Saymi Pineda Velasco, como secretaria; de Durango, Elisa Haro Ruiz, como Secretaria T\u00e9cnica; y de Nuevo Le\u00f3n, Maricarmen Mart\u00ednez Villarreal, como vocal ejecutiva. <\/p>\n\n\n\n<p>Adem\u00e1s, las vicepresidencias regionales quedan al frente de los secretarios de Turismo de Baja California, Miguel Agu\u00ed\u00f1iga Rodr\u00edguez, en la Zona Norte; de Campeche, Mauricio Arceo Pi\u00f1a, en la Zona Sur; de Quer\u00e9taro, Adriana Vega V\u00e1zquez Mellado, en la Zona Centro; y el subsecretario de Turismo de Colima, Jorge Padilla Castillo, en la Zona Occidente. <\/p>\n\n\n<div class=\"wp-block-image\">\n<figure class=\"aligncenter size-large is-resized\"><img decoding=\"async\" loading=\"lazy\" width=\"1024\" height=\"576\" src=\"https:\/\/nitu.mx\/wp-content\/uploads\/2025\/02\/Bernardo-Cueto-presidente-de-Asetur-2-1024x576.jpg\" alt=\"\" class=\"wp-image-79132\" style=\"aspect-ratio:1.7777777777777777;width:843px;height:auto\" srcset=\"https:\/\/nitu.mx\/wp-content\/uploads\/2025\/02\/Bernardo-Cueto-presidente-de-Asetur-2-1024x576.jpg 1024w, https:\/\/nitu.mx\/wp-content\/uploads\/2025\/02\/Bernardo-Cueto-presidente-de-Asetur-2-300x168.jpg 300w, https:\/\/nitu.mx\/wp-content\/uploads\/2025\/02\/Bernardo-Cueto-presidente-de-Asetur-2-768x432.jpg 768w, https:\/\/nitu.mx\/wp-content\/uploads\/2025\/02\/Bernardo-Cueto-presidente-de-Asetur-2-990x557.jpg 990w, https:\/\/nitu.mx\/wp-content\/uploads\/2025\/02\/Bernardo-Cueto-presidente-de-Asetur-2-470x264.jpg 470w, https:\/\/nitu.mx\/wp-content\/uploads\/2025\/02\/Bernardo-Cueto-presidente-de-Asetur-2-640x360.jpg 640w, https:\/\/nitu.mx\/wp-content\/uploads\/2025\/02\/Bernardo-Cueto-presidente-de-Asetur-2-215x120.jpg 215w, https:\/\/nitu.mx\/wp-content\/uploads\/2025\/02\/Bernardo-Cueto-presidente-de-Asetur-2-414x232.jpg 414w, https:\/\/nitu.mx\/wp-content\/uploads\/2025\/02\/Bernardo-Cueto-presidente-de-Asetur-2.jpg 1200w\" sizes=\"(max-width: 1024px) 100vw, 1024px\" \/><\/figure><\/div>\n\n\n<p>A trav\u00e9s de su cuenta de X, el nuevo presidente de Asetur agradeci\u00f3 a las y los secretarios de Turismo por la confianza de elegirlo para liderar esta asociaci\u00f3n. <\/p>\n\n\n\n<p>&#8220;Trabajaremos en equipo para fortalecer la capacidad operativa de la asociaci\u00f3n y seguir impulsando la competitividad tur\u00edstica en los destinos de M\u00e9xico de manera eficiente y efectiva&#8221;, declar\u00f3. <a href=\"https:\/\/nitu.mx\/index.php\/2024\/09\/02\/bernardo-cueto-el-verano-fue-bueno-a-pesar-de-una-ligera-caida-en-la-ocupacion-hotelera\/\"><a href=\"https:\/\/nitu.mx\/index.php\/2024\/08\/19\/integrantes-de-asetur-conocen-la-nueva-plataforma-del-rnt\/\">(Integrantes de Asetur conocen la nueva plataforma del RNT<\/a><\/a>).<\/p>\n\n\n\n<p>Por su parte, la secretaria de Turismo federal, Josefina Rodr\u00edguez Zamora, expres\u00f3 a trav\u00e9s de un video por esta red social su felicitaci\u00f3n a Bernardo Cueto Riestra y a la nueva Mesa Directiva de Asetur. &#8220;Estoy segura de que su liderazgo y experiencia ser\u00e1n clave para fortalecer la competitividad y el desarrollo del turismo en nuestro pa\u00eds, siempre con un enfoque en el bienestar y la prosperidad compartida para todas y todos&#8221;, expres\u00f3. <\/p>\n","protected":false},"excerpt":{"rendered":"<p>El secretario de Turismo de Quintana Roo, Bernardo Cueto Riestra, asumi\u00f3 la presidencia de la Uni\u00f3n de Secretarios de Turismo (Asetur) para el periodo 2025-2026, al recibir el respaldo de sus hom\u00f3logos estatales en el marco de la 59a Asamblea Ordinaria del organismo, celebrada en Bah\u00eda de Banderas, Nayarit. El gobernador de Nayarit, Miguel \u00c1ngel [&hellip;]<\/p>\n","protected":false},"author":18,"featured_media":79124,"comment_status":"open","ping_status":"open","sticky":false,"template":"","format":"standard","meta":{"footnotes":""},"categories":[5,12],"tags":[1118,13931],"yoast_head":"<!-- This site is optimized with the Yoast SEO plugin v22.2 - https:\/\/yoast.com\/wordpress\/plugins\/seo\/ -->\n<title>Bernardo Cueto, titular de Sedetur, asume la presidencia de Asetur para el periodo 2025-2026 - Nitu - Noticias de la Industria Turistica<\/title>\n<meta name=\"robots\" content=\"index, follow, max-snippet:-1, max-image-preview:large, max-video-preview:-1\" \/>\n<link rel=\"canonical\" href=\"https:\/\/nitu.mx\/index.php\/2025\/02\/12\/bernardo-cueto-asume-la-presidencia-de-asetur-para-el-periodo-2025-2026\/\" \/>\n<meta name=\"twitter:card\" content=\"summary_large_image\" \/>\n<meta name=\"twitter:title\" content=\"Bernardo Cueto, titular de Sedetur, asume la presidencia de Asetur para el periodo 2025-2026 - Nitu - Noticias de la Industria Turistica\" \/>\n<meta name=\"twitter:description\" content=\"El secretario de Turismo de Quintana Roo, Bernardo Cueto Riestra, asumi\u00f3 la presidencia de la Uni\u00f3n de Secretarios de Turismo (Asetur) para el periodo 2025-2026, al recibir el respaldo de sus hom\u00f3logos estatales en el marco de la 59a Asamblea Ordinaria del organismo, celebrada en Bah\u00eda de Banderas, Nayarit. El gobernador de Nayarit, Miguel \u00c1ngel [&hellip;]\" \/>\n<meta name=\"twitter:image\" content=\"https:\/\/nitu.mx\/wp-content\/uploads\/2025\/02\/Bernardo-Cueto-presidente-de-Asetur.jpg\" \/>\n<meta name=\"twitter:creator\" content=\"@NITUmx\" \/>\n<meta name=\"twitter:site\" content=\"@Arturo_Medina_G\" \/>\n<meta name=\"twitter:label1\" content=\"Escrito por\" \/>\n\t<meta name=\"twitter:data1\" content=\"Guadalupe Sixto\" \/>\n\t<meta name=\"twitter:label2\" content=\"Tiempo de lectura\" \/>\n\t<meta name=\"twitter:data2\" content=\"2 minutos\" \/>\n<script type=\"application\/ld+json\" class=\"yoast-schema-graph\">{\"@context\":\"https:\/\/schema.org\",\"@graph\":[{\"@type\":\"Article\",\"@id\":\"https:\/\/nitu.mx\/index.php\/2025\/02\/12\/bernardo-cueto-asume-la-presidencia-de-asetur-para-el-periodo-2025-2026\/#article\",\"isPartOf\":{\"@id\":\"https:\/\/nitu.mx\/index.php\/2025\/02\/12\/bernardo-cueto-asume-la-presidencia-de-asetur-para-el-periodo-2025-2026\/\"},\"author\":{\"name\":\"Guadalupe Sixto\",\"@id\":\"https:\/\/nitu.mx\/#\/schema\/person\/3df3082b5e46037e3f13614d28ee0b77\"},\"headline\":\"Bernardo Cueto, titular de Sedetur, asume la presidencia de Asetur para el periodo 2025-2026\",\"datePublished\":\"2025-02-12T20:47:57+00:00\",\"dateModified\":\"2025-02-12T21:19:59+00:00\",\"mainEntityOfPage\":{\"@id\":\"https:\/\/nitu.mx\/index.php\/2025\/02\/12\/bernardo-cueto-asume-la-presidencia-de-asetur-para-el-periodo-2025-2026\/\"},\"wordCount\":420,\"commentCount\":0,\"publisher\":{\"@id\":\"https:\/\/nitu.mx\/#\/schema\/person\/ae7a53426417292d3dd07b45a33e01bc\"},\"image\":{\"@id\":\"https:\/\/nitu.mx\/index.php\/2025\/02\/12\/bernardo-cueto-asume-la-presidencia-de-asetur-para-el-periodo-2025-2026\/#primaryimage\"},\"thumbnailUrl\":\"https:\/\/nitu.mx\/wp-content\/uploads\/2025\/02\/Bernardo-Cueto-presidente-de-Asetur.jpg\",\"keywords\":[\"Asetur\",\"Bernardo Cueto\"],\"articleSection\":[\"Destinos\",\"Marketing\"],\"inLanguage\":\"es-MX\",\"potentialAction\":[{\"@type\":\"CommentAction\",\"name\":\"Comment\",\"target\":[\"https:\/\/nitu.mx\/index.php\/2025\/02\/12\/bernardo-cueto-asume-la-presidencia-de-asetur-para-el-periodo-2025-2026\/#respond\"]}]},{\"@type\":\"WebPage\",\"@id\":\"https:\/\/nitu.mx\/index.php\/2025\/02\/12\/bernardo-cueto-asume-la-presidencia-de-asetur-para-el-periodo-2025-2026\/\",\"url\":\"https:\/\/nitu.mx\/index.php\/2025\/02\/12\/bernardo-cueto-asume-la-presidencia-de-asetur-para-el-periodo-2025-2026\/\",\"name\":\"Bernardo Cueto, titular de Sedetur, asume la presidencia de Asetur para el periodo 2025-2026 - Nitu - Noticias de la Industria Turistica\",\"isPartOf\":{\"@id\":\"https:\/\/nitu.mx\/#website\"},\"primaryImageOfPage\":{\"@id\":\"https:\/\/nitu.mx\/index.php\/2025\/02\/12\/bernardo-cueto-asume-la-presidencia-de-asetur-para-el-periodo-2025-2026\/#primaryimage\"},\"image\":{\"@id\":\"https:\/\/nitu.mx\/index.php\/2025\/02\/12\/bernardo-cueto-asume-la-presidencia-de-asetur-para-el-periodo-2025-2026\/#primaryimage\"},\"thumbnailUrl\":\"https:\/\/nitu.mx\/wp-content\/uploads\/2025\/02\/Bernardo-Cueto-presidente-de-Asetur.jpg\",\"datePublished\":\"2025-02-12T20:47:57+00:00\",\"dateModified\":\"2025-02-12T21:19:59+00:00\",\"breadcrumb\":{\"@id\":\"https:\/\/nitu.mx\/index.php\/2025\/02\/12\/bernardo-cueto-asume-la-presidencia-de-asetur-para-el-periodo-2025-2026\/#breadcrumb\"},\"inLanguage\":\"es-MX\",\"potentialAction\":[{\"@type\":\"ReadAction\",\"target\":[\"https:\/\/nitu.mx\/index.php\/2025\/02\/12\/bernardo-cueto-asume-la-presidencia-de-asetur-para-el-periodo-2025-2026\/\"]}]},{\"@type\":\"ImageObject\",\"inLanguage\":\"es-MX\",\"@id\":\"https:\/\/nitu.mx\/index.php\/2025\/02\/12\/bernardo-cueto-asume-la-presidencia-de-asetur-para-el-periodo-2025-2026\/#primaryimage\",\"url\":\"https:\/\/nitu.mx\/wp-content\/uploads\/2025\/02\/Bernardo-Cueto-presidente-de-Asetur.jpg\",\"contentUrl\":\"https:\/\/nitu.mx\/wp-content\/uploads\/2025\/02\/Bernardo-Cueto-presidente-de-Asetur.jpg\",\"width\":1200,\"height\":675,\"caption\":\"Bernardo Cueto presidente de Asetur\"},{\"@type\":\"BreadcrumbList\",\"@id\":\"https:\/\/nitu.mx\/index.php\/2025\/02\/12\/bernardo-cueto-asume-la-presidencia-de-asetur-para-el-periodo-2025-2026\/#breadcrumb\",\"itemListElement\":[{\"@type\":\"ListItem\",\"position\":1,\"name\":\"Inicio\",\"item\":\"https:\/\/nitu.mx\/\"},{\"@type\":\"ListItem\",\"position\":2,\"name\":\"Bernardo Cueto, titular de Sedetur, asume la presidencia de Asetur para el periodo 2025-2026\"}]},{\"@type\":\"WebSite\",\"@id\":\"https:\/\/nitu.mx\/#website\",\"url\":\"https:\/\/nitu.mx\/\",\"name\":\"Nitu - Noticias de la Industria Turistica\",\"description\":\"Noticias de la Industria Turistica\",\"publisher\":{\"@id\":\"https:\/\/nitu.mx\/#\/schema\/person\/ae7a53426417292d3dd07b45a33e01bc\"},\"alternateName\":\"Noticias de la Industria Turistica\",\"potentialAction\":[{\"@type\":\"SearchAction\",\"target\":{\"@type\":\"EntryPoint\",\"urlTemplate\":\"https:\/\/nitu.mx\/?s={search_term_string}\"},\"query-input\":\"required name=search_term_string\"}],\"inLanguage\":\"es-MX\"},{\"@type\":[\"Person\",\"Organization\"],\"@id\":\"https:\/\/nitu.mx\/#\/schema\/person\/ae7a53426417292d3dd07b45a33e01bc\",\"name\":\"Arturo Medina\",\"image\":{\"@type\":\"ImageObject\",\"inLanguage\":\"es-MX\",\"@id\":\"https:\/\/nitu.mx\/#\/schema\/person\/image\/\",\"url\":\"https:\/\/nitu.mx\/wp-content\/uploads\/2024\/04\/4A315622-1904-4D5C-B022-878CDC840E04-90x90-1.jpeg\",\"contentUrl\":\"https:\/\/nitu.mx\/wp-content\/uploads\/2024\/04\/4A315622-1904-4D5C-B022-878CDC840E04-90x90-1.jpeg\",\"width\":90,\"height\":90,\"caption\":\"Arturo Medina\"},\"logo\":{\"@id\":\"https:\/\/nitu.mx\/#\/schema\/person\/image\/\"},\"description\":\"Director NITU.mx, Egresado de la Escuela de Periodismo Carlos Septi\u00e9n Garc\u00eda. Periodista y analista especializado en turismo desde hace 35 a\u00f1os, radicado en Canc\u00fan Q.Roo. arturo@nitu.mx\",\"sameAs\":[\"https:\/\/nitu.mx\",\"https:\/\/www.facebook.com\/NITUmx\/\",\"medinacancun\",\"https:\/\/twitter.com\/@Arturo_Medina_G\"]},{\"@type\":\"Person\",\"@id\":\"https:\/\/nitu.mx\/#\/schema\/person\/3df3082b5e46037e3f13614d28ee0b77\",\"name\":\"Guadalupe Sixto\",\"image\":{\"@type\":\"ImageObject\",\"inLanguage\":\"es-MX\",\"@id\":\"https:\/\/nitu.mx\/#\/schema\/person\/image\/\",\"url\":\"https:\/\/secure.gravatar.com\/avatar\/13914e1b0e1919e91f9539de4dc584c4?s=96&d=mm&r=g\",\"contentUrl\":\"https:\/\/secure.gravatar.com\/avatar\/13914e1b0e1919e91f9539de4dc584c4?s=96&d=mm&r=g\",\"caption\":\"Guadalupe Sixto\"},\"url\":\"https:\/\/nitu.mx\/index.php\/author\/gsixto\/\"}]}<\/script>\n<!-- \/ Yoast SEO plugin. -->","yoast_head_json":{"title":"Bernardo Cueto, titular de Sedetur, asume la presidencia de Asetur para el periodo 2025-2026 - Nitu - Noticias de la Industria Turistica","robots":{"index":"index","follow":"follow","max-snippet":"max-snippet:-1","max-image-preview":"max-image-preview:large","max-video-preview":"max-video-preview:-1"},"canonical":"https:\/\/nitu.mx\/index.php\/2025\/02\/12\/bernardo-cueto-asume-la-presidencia-de-asetur-para-el-periodo-2025-2026\/","twitter_card":"summary_large_image","twitter_title":"Bernardo Cueto, titular de Sedetur, asume la presidencia de Asetur para el periodo 2025-2026 - Nitu - Noticias de la Industria Turistica","twitter_description":"El secretario de Turismo de Quintana Roo, Bernardo Cueto Riestra, asumi\u00f3 la presidencia de la Uni\u00f3n de Secretarios de Turismo (Asetur) para el periodo 2025-2026, al recibir el respaldo de sus hom\u00f3logos estatales en el marco de la 59a Asamblea Ordinaria del organismo, celebrada en Bah\u00eda de Banderas, Nayarit. El gobernador de Nayarit, Miguel \u00c1ngel [&hellip;]","twitter_image":"https:\/\/nitu.mx\/wp-content\/uploads\/2025\/02\/Bernardo-Cueto-presidente-de-Asetur.jpg","twitter_creator":"@NITUmx","twitter_site":"@Arturo_Medina_G","twitter_misc":{"Escrito por":"Guadalupe Sixto","Tiempo de lectura":"2 minutos"},"schema":{"@context":"https:\/\/schema.org","@graph":[{"@type":"Article","@id":"https:\/\/nitu.mx\/index.php\/2025\/02\/12\/bernardo-cueto-asume-la-presidencia-de-asetur-para-el-periodo-2025-2026\/#article","isPartOf":{"@id":"https:\/\/nitu.mx\/index.php\/2025\/02\/12\/bernardo-cueto-asume-la-presidencia-de-asetur-para-el-periodo-2025-2026\/"},"author":{"name":"Guadalupe Sixto","@id":"https:\/\/nitu.mx\/#\/schema\/person\/3df3082b5e46037e3f13614d28ee0b77"},"headline":"Bernardo Cueto, titular de Sedetur, asume la presidencia de Asetur para el periodo 2025-2026","datePublished":"2025-02-12T20:47:57+00:00","dateModified":"2025-02-12T21:19:59+00:00","mainEntityOfPage":{"@id":"https:\/\/nitu.mx\/index.php\/2025\/02\/12\/bernardo-cueto-asume-la-presidencia-de-asetur-para-el-periodo-2025-2026\/"},"wordCount":420,"commentCount":0,"publisher":{"@id":"https:\/\/nitu.mx\/#\/schema\/person\/ae7a53426417292d3dd07b45a33e01bc"},"image":{"@id":"https:\/\/nitu.mx\/index.php\/2025\/02\/12\/bernardo-cueto-asume-la-presidencia-de-asetur-para-el-periodo-2025-2026\/#primaryimage"},"thumbnailUrl":"https:\/\/nitu.mx\/wp-content\/uploads\/2025\/02\/Bernardo-Cueto-presidente-de-Asetur.jpg","keywords":["Asetur","Bernardo Cueto"],"articleSection":["Destinos","Marketing"],"inLanguage":"es-MX","potentialAction":[{"@type":"CommentAction","name":"Comment","target":["https:\/\/nitu.mx\/index.php\/2025\/02\/12\/bernardo-cueto-asume-la-presidencia-de-asetur-para-el-periodo-2025-2026\/#respond"]}]},{"@type":"WebPage","@id":"https:\/\/nitu.mx\/index.php\/2025\/02\/12\/bernardo-cueto-asume-la-presidencia-de-asetur-para-el-periodo-2025-2026\/","url":"https:\/\/nitu.mx\/index.php\/2025\/02\/12\/bernardo-cueto-asume-la-presidencia-de-asetur-para-el-periodo-2025-2026\/","name":"Bernardo Cueto, titular de Sedetur, asume la presidencia de Asetur para el periodo 2025-2026 - Nitu - Noticias de la Industria Turistica","isPartOf":{"@id":"https:\/\/nitu.mx\/#website"},"primaryImageOfPage":{"@id":"https:\/\/nitu.mx\/index.php\/2025\/02\/12\/bernardo-cueto-asume-la-presidencia-de-asetur-para-el-periodo-2025-2026\/#primaryimage"},"image":{"@id":"https:\/\/nitu.mx\/index.php\/2025\/02\/12\/bernardo-cueto-asume-la-presidencia-de-asetur-para-el-periodo-2025-2026\/#primaryimage"},"thumbnailUrl":"https:\/\/nitu.mx\/wp-content\/uploads\/2025\/02\/Bernardo-Cueto-presidente-de-Asetur.jpg","datePublished":"2025-02-12T20:47:57+00:00","dateModified":"2025-02-12T21:19:59+00:00","breadcrumb":{"@id":"https:\/\/nitu.mx\/index.php\/2025\/02\/12\/bernardo-cueto-asume-la-presidencia-de-asetur-para-el-periodo-2025-2026\/#breadcrumb"},"inLanguage":"es-MX","potentialAction":[{"@type":"ReadAction","target":["https:\/\/nitu.mx\/index.php\/2025\/02\/12\/bernardo-cueto-asume-la-presidencia-de-asetur-para-el-periodo-2025-2026\/"]}]},{"@type":"ImageObject","inLanguage":"es-MX","@id":"https:\/\/nitu.mx\/index.php\/2025\/02\/12\/bernardo-cueto-asume-la-presidencia-de-asetur-para-el-periodo-2025-2026\/#primaryimage","url":"https:\/\/nitu.mx\/wp-content\/uploads\/2025\/02\/Bernardo-Cueto-presidente-de-Asetur.jpg","contentUrl":"https:\/\/nitu.mx\/wp-content\/uploads\/2025\/02\/Bernardo-Cueto-presidente-de-Asetur.jpg","width":1200,"height":675,"caption":"Bernardo Cueto presidente de Asetur"},{"@type":"BreadcrumbList","@id":"https:\/\/nitu.mx\/index.php\/2025\/02\/12\/bernardo-cueto-asume-la-presidencia-de-asetur-para-el-periodo-2025-2026\/#breadcrumb","itemListElement":[{"@type":"ListItem","position":1,"name":"Inicio","item":"https:\/\/nitu.mx\/"},{"@type":"ListItem","position":2,"name":"Bernardo Cueto, titular de Sedetur, asume la presidencia de Asetur para el periodo 2025-2026"}]},{"@type":"WebSite","@id":"https:\/\/nitu.mx\/#website","url":"https:\/\/nitu.mx\/","name":"Nitu - Noticias de la Industria Turistica","description":"Noticias de la Industria Turistica","publisher":{"@id":"https:\/\/nitu.mx\/#\/schema\/person\/ae7a53426417292d3dd07b45a33e01bc"},"alternateName":"Noticias de la Industria Turistica","potentialAction":[{"@type":"SearchAction","target":{"@type":"EntryPoint","urlTemplate":"https:\/\/nitu.mx\/?s={search_term_string}"},"query-input":"required name=search_term_string"}],"inLanguage":"es-MX"},{"@type":["Person","Organization"],"@id":"https:\/\/nitu.mx\/#\/schema\/person\/ae7a53426417292d3dd07b45a33e01bc","name":"Arturo Medina","image":{"@type":"ImageObject","inLanguage":"es-MX","@id":"https:\/\/nitu.mx\/#\/schema\/person\/image\/","url":"https:\/\/nitu.mx\/wp-content\/uploads\/2024\/04\/4A315622-1904-4D5C-B022-878CDC840E04-90x90-1.jpeg","contentUrl":"https:\/\/nitu.mx\/wp-content\/uploads\/2024\/04\/4A315622-1904-4D5C-B022-878CDC840E04-90x90-1.jpeg","width":90,"height":90,"caption":"Arturo Medina"},"logo":{"@id":"https:\/\/nitu.mx\/#\/schema\/person\/image\/"},"description":"Director NITU.mx, Egresado de la Escuela de Periodismo Carlos Septi\u00e9n Garc\u00eda. Periodista y analista especializado en turismo desde hace 35 a\u00f1os, radicado en Canc\u00fan Q.Roo. arturo@nitu.mx","sameAs":["https:\/\/nitu.mx","https:\/\/www.facebook.com\/NITUmx\/","medinacancun","https:\/\/twitter.com\/@Arturo_Medina_G"]},{"@type":"Person","@id":"https:\/\/nitu.mx\/#\/schema\/person\/3df3082b5e46037e3f13614d28ee0b77","name":"Guadalupe Sixto","image":{"@type":"ImageObject","inLanguage":"es-MX","@id":"https:\/\/nitu.mx\/#\/schema\/person\/image\/","url":"https:\/\/secure.gravatar.com\/avatar\/13914e1b0e1919e91f9539de4dc584c4?s=96&d=mm&r=g","contentUrl":"https:\/\/secure.gravatar.com\/avatar\/13914e1b0e1919e91f9539de4dc584c4?s=96&d=mm&r=g","caption":"Guadalupe Sixto"},"url":"https:\/\/nitu.mx\/index.php\/author\/gsixto\/"}]}},"views":850,"_links":{"self":[{"href":"https:\/\/nitu.mx\/index.php\/wp-json\/wp\/v2\/posts\/79120"}],"collection":[{"href":"https:\/\/nitu.mx\/index.php\/wp-json\/wp\/v2\/posts"}],"about":[{"href":"https:\/\/nitu.mx\/index.php\/wp-json\/wp\/v2\/types\/post"}],"author":[{"embeddable":true,"href":"https:\/\/nitu.mx\/index.php\/wp-json\/wp\/v2\/users\/18"}],"replies":[{"embeddable":true,"href":"https:\/\/nitu.mx\/index.php\/wp-json\/wp\/v2\/comments?post=79120"}],"version-history":[{"count":11,"href":"https:\/\/nitu.mx\/index.php\/wp-json\/wp\/v2\/posts\/79120\/revisions"}],"predecessor-version":[{"id":79140,"href":"https:\/\/nitu.mx\/index.php\/wp-json\/wp\/v2\/posts\/79120\/revisions\/79140"}],"wp:featuredmedia":[{"embeddable":true,"href":"https:\/\/nitu.mx\/index.php\/wp-json\/wp\/v2\/media\/79124"}],"wp:attachment":[{"href":"https:\/\/nitu.mx\/index.php\/wp-json\/wp\/v2\/media?parent=79120"}],"wp:term":[{"taxonomy":"category","embeddable":true,"href":"https:\/\/nitu.mx\/index.php\/wp-json\/wp\/v2\/categories?post=79120"},{"taxonomy":"post_tag","embeddable":true,"href":"https:\/\/nitu.mx\/index.php\/wp-json\/wp\/v2\/tags?post=79120"}],"curies":[{"name":"wp","href":"https:\/\/api.w.org\/{rel}","templated":true}]}}