{"id":78989,"date":"2025-02-09T23:01:44","date_gmt":"2025-02-10T05:01:44","guid":{"rendered":"https:\/\/nitu.mx\/?p=78989"},"modified":"2025-02-09T23:01:44","modified_gmt":"2025-02-10T05:01:44","slug":"puerto-vallarta-lidera-tendencias-de-viaje-de-eu-y-canada-para-san-valentin","status":"publish","type":"post","link":"https:\/\/nitu.mx\/index.php\/2025\/02\/09\/puerto-vallarta-lidera-tendencias-de-viaje-de-eu-y-canada-para-san-valentin\/","title":{"rendered":"Puerto Vallarta lidera tendencias de viaje de EU y Canad\u00e1 para San Valent\u00edn"},"content":{"rendered":"\n<p>Seg\u00fan el informe &#8216;Principales Destinos para el D\u00eda de San Valent\u00edn 2025&#8217; de Allianz Partners USA, los viajes para estas fechas est\u00e1n experimentando un aumento significativo, con un sorprendente aumento del 42 por ciento en las reservas en comparaci\u00f3n con el a\u00f1o pasado.<br><br>Al analizar m\u00e1s de 1.6 millones de itinerarios de vuelos de ida y vuelta que salen de aeropuertos de Estados Unidos entre el 7 y el 13 de febrero y regresan entre el 14 y el 18 de febrero, el principal proveedor de seguros de viaje encontr\u00f3 que el 23 por ciento se aventura en el extranjero. Los datos tambi\u00e9n se\u00f1alaron claramente los\u00a0lugares m\u00e1s populares para una escapada rom\u00e1ntica\u00a0este a\u00f1o.<\/p>\n\n\n\n<p>Para aquellos que se aventuran m\u00e1s all\u00e1 de las fronteras de Estados Unidos, M\u00e9xico sigue siendo la principal opci\u00f3n, con\u00a0Puerto Vallarta en los primeros lugares, seguido de destinos como Londres, Punta Cana, Bah\u00eda Montego, Par\u00eds, Costa Rica y Aruba.<\/p>\n\n\n\n<p>Por su parte, la popular plataforma de reservas en l\u00ednea Airbnb revel\u00f3 que para este\u00a0D\u00eda de San Valent\u00edn, las b\u00fasquedas de viajes en solitario por parte de usuarios canadienses aumentaron m\u00e1s del 100% en comparaci\u00f3n con el a\u00f1o pasado, las b\u00fasquedas de viajes en pareja crecieron un 50% y las b\u00fasquedas de grupos de 3 o m\u00e1s viajeros se incrementaron m\u00e1s del 25%.<\/p>\n\n\n\n<p>En Canad\u00e1 est\u00e1n aumentando las b\u00fasquedas de destinos soleados por todo tipo de viajeros. Para escapar del fr\u00edo, los canadienses est\u00e1n optando por vacaciones en la playa, con preferencia por M\u00e9xico, Espa\u00f1a y Costa Rica.<\/p>\n\n\n\n<p>Puerto Vallarta\u00a0encabeza la lista de los principales destinos que los viajeros canadienses buscan para este fin de semana del D\u00eda de San Valent\u00edn. <\/p>\n\n\n\n<p>Adem\u00e1s de sus bellas playas ba\u00f1adas de mucho sol, el destino jalisciense posee una incomparable oferta gastron\u00f3mica y de actividades que lo han posicionado como un destino ideal para escapadas rom\u00e1nticas, bodas, lunas de miel, renovaci\u00f3n de votos y todo tipo de celebraci\u00f3n del amor.<br><br>Con estas marcadas\u00a0tendencias en Estados Unidos y Canad\u00e1\u00a0-aunadas a las parejas mexicanas que elijan el destino para una escapada rom\u00e1ntica de San Valent\u00edn-, se esperan altos \u00edndices de afluencia de visitantes y ocupaci\u00f3n hotelera en Puerto Vallarta para el fin de semana del D\u00eda de los Enamorados. (<a href=\"https:\/\/nitu.mx\/index.php\/2024\/11\/28\/puerto-vallarta-repunta-en-rutas-frecuencias-y-asientos-internacionales\/\">Puerto Vallarta repunta en rutas, frecuencias y asientos internacionales<\/a>).<\/p>\n","protected":false},"excerpt":{"rendered":"<p>Seg\u00fan el informe &#8216;Principales Destinos para el D\u00eda de San Valent\u00edn 2025&#8217; de Allianz Partners USA, los viajes para estas fechas est\u00e1n experimentando un aumento significativo, con un sorprendente aumento del 42 por ciento en las reservas en comparaci\u00f3n con el a\u00f1o pasado. Al analizar m\u00e1s de 1.6 millones de itinerarios de vuelos de ida [&hellip;]<\/p>\n","protected":false},"author":17,"featured_media":71825,"comment_status":"open","ping_status":"open","sticky":false,"template":"","format":"standard","meta":{"footnotes":""},"categories":[5],"tags":[24544,471,8153,15202,10187],"yoast_head":"<!-- This site is optimized with the Yoast SEO plugin v22.2 - https:\/\/yoast.com\/wordpress\/plugins\/seo\/ -->\n<title>Puerto Vallarta lidera tendencias de viaje de EU y Canad\u00e1 para San Valent\u00edn - Nitu - Noticias de la Industria Turistica<\/title>\n<meta name=\"robots\" content=\"index, follow, max-snippet:-1, max-image-preview:large, max-video-preview:-1\" \/>\n<link rel=\"canonical\" href=\"https:\/\/nitu.mx\/index.php\/2025\/02\/09\/puerto-vallarta-lidera-tendencias-de-viaje-de-eu-y-canada-para-san-valentin\/\" \/>\n<meta name=\"twitter:card\" content=\"summary_large_image\" \/>\n<meta name=\"twitter:title\" content=\"Puerto Vallarta lidera tendencias de viaje de EU y Canad\u00e1 para San Valent\u00edn - Nitu - Noticias de la Industria Turistica\" \/>\n<meta name=\"twitter:description\" content=\"Seg\u00fan el informe &#8216;Principales Destinos para el D\u00eda de San Valent\u00edn 2025&#8217; de Allianz Partners USA, los viajes para estas fechas est\u00e1n experimentando un aumento significativo, con un sorprendente aumento del 42 por ciento en las reservas en comparaci\u00f3n con el a\u00f1o pasado. Al analizar m\u00e1s de 1.6 millones de itinerarios de vuelos de ida [&hellip;]\" \/>\n<meta name=\"twitter:image\" content=\"https:\/\/nitu.mx\/wp-content\/uploads\/2024\/06\/Puerto-Vallarta-ocaso.jpg\" \/>\n<meta name=\"twitter:creator\" content=\"@NITUmx\" \/>\n<meta name=\"twitter:site\" content=\"@Arturo_Medina_G\" \/>\n<meta name=\"twitter:label1\" content=\"Escrito por\" \/>\n\t<meta name=\"twitter:data1\" content=\"Redacci\u00f3n\" \/>\n\t<meta name=\"twitter:label2\" content=\"Tiempo de lectura\" \/>\n\t<meta name=\"twitter:data2\" content=\"2 minutos\" \/>\n<script type=\"application\/ld+json\" class=\"yoast-schema-graph\">{\"@context\":\"https:\/\/schema.org\",\"@graph\":[{\"@type\":\"Article\",\"@id\":\"https:\/\/nitu.mx\/index.php\/2025\/02\/09\/puerto-vallarta-lidera-tendencias-de-viaje-de-eu-y-canada-para-san-valentin\/#article\",\"isPartOf\":{\"@id\":\"https:\/\/nitu.mx\/index.php\/2025\/02\/09\/puerto-vallarta-lidera-tendencias-de-viaje-de-eu-y-canada-para-san-valentin\/\"},\"author\":{\"name\":\"Redacci\u00f3n\",\"@id\":\"https:\/\/nitu.mx\/#\/schema\/person\/4a28fe9bd65924f7c90623773daf1b0b\"},\"headline\":\"Puerto Vallarta lidera tendencias de viaje de EU y Canad\u00e1 para San Valent\u00edn\",\"datePublished\":\"2025-02-10T05:01:44+00:00\",\"dateModified\":\"2025-02-10T05:01:44+00:00\",\"mainEntityOfPage\":{\"@id\":\"https:\/\/nitu.mx\/index.php\/2025\/02\/09\/puerto-vallarta-lidera-tendencias-de-viaje-de-eu-y-canada-para-san-valentin\/\"},\"wordCount\":429,\"commentCount\":0,\"publisher\":{\"@id\":\"https:\/\/nitu.mx\/#\/schema\/person\/ae7a53426417292d3dd07b45a33e01bc\"},\"image\":{\"@id\":\"https:\/\/nitu.mx\/index.php\/2025\/02\/09\/puerto-vallarta-lidera-tendencias-de-viaje-de-eu-y-canada-para-san-valentin\/#primaryimage\"},\"thumbnailUrl\":\"https:\/\/nitu.mx\/wp-content\/uploads\/2024\/06\/Puerto-Vallarta-ocaso.jpg\",\"keywords\":[\"D\u00eda del Amor y la Amistad\",\"Puerto Vallarta\",\"San Valent\u00edn\",\"turismo canadiense\",\"turismo estadounidense\"],\"articleSection\":[\"Destinos\"],\"inLanguage\":\"es-MX\",\"potentialAction\":[{\"@type\":\"CommentAction\",\"name\":\"Comment\",\"target\":[\"https:\/\/nitu.mx\/index.php\/2025\/02\/09\/puerto-vallarta-lidera-tendencias-de-viaje-de-eu-y-canada-para-san-valentin\/#respond\"]}]},{\"@type\":\"WebPage\",\"@id\":\"https:\/\/nitu.mx\/index.php\/2025\/02\/09\/puerto-vallarta-lidera-tendencias-de-viaje-de-eu-y-canada-para-san-valentin\/\",\"url\":\"https:\/\/nitu.mx\/index.php\/2025\/02\/09\/puerto-vallarta-lidera-tendencias-de-viaje-de-eu-y-canada-para-san-valentin\/\",\"name\":\"Puerto Vallarta lidera tendencias de viaje de EU y Canad\u00e1 para San Valent\u00edn - Nitu - Noticias de la Industria Turistica\",\"isPartOf\":{\"@id\":\"https:\/\/nitu.mx\/#website\"},\"primaryImageOfPage\":{\"@id\":\"https:\/\/nitu.mx\/index.php\/2025\/02\/09\/puerto-vallarta-lidera-tendencias-de-viaje-de-eu-y-canada-para-san-valentin\/#primaryimage\"},\"image\":{\"@id\":\"https:\/\/nitu.mx\/index.php\/2025\/02\/09\/puerto-vallarta-lidera-tendencias-de-viaje-de-eu-y-canada-para-san-valentin\/#primaryimage\"},\"thumbnailUrl\":\"https:\/\/nitu.mx\/wp-content\/uploads\/2024\/06\/Puerto-Vallarta-ocaso.jpg\",\"datePublished\":\"2025-02-10T05:01:44+00:00\",\"dateModified\":\"2025-02-10T05:01:44+00:00\",\"breadcrumb\":{\"@id\":\"https:\/\/nitu.mx\/index.php\/2025\/02\/09\/puerto-vallarta-lidera-tendencias-de-viaje-de-eu-y-canada-para-san-valentin\/#breadcrumb\"},\"inLanguage\":\"es-MX\",\"potentialAction\":[{\"@type\":\"ReadAction\",\"target\":[\"https:\/\/nitu.mx\/index.php\/2025\/02\/09\/puerto-vallarta-lidera-tendencias-de-viaje-de-eu-y-canada-para-san-valentin\/\"]}]},{\"@type\":\"ImageObject\",\"inLanguage\":\"es-MX\",\"@id\":\"https:\/\/nitu.mx\/index.php\/2025\/02\/09\/puerto-vallarta-lidera-tendencias-de-viaje-de-eu-y-canada-para-san-valentin\/#primaryimage\",\"url\":\"https:\/\/nitu.mx\/wp-content\/uploads\/2024\/06\/Puerto-Vallarta-ocaso.jpg\",\"contentUrl\":\"https:\/\/nitu.mx\/wp-content\/uploads\/2024\/06\/Puerto-Vallarta-ocaso.jpg\",\"width\":1200,\"height\":675,\"caption\":\"Puerto Vallarta ocaso\"},{\"@type\":\"BreadcrumbList\",\"@id\":\"https:\/\/nitu.mx\/index.php\/2025\/02\/09\/puerto-vallarta-lidera-tendencias-de-viaje-de-eu-y-canada-para-san-valentin\/#breadcrumb\",\"itemListElement\":[{\"@type\":\"ListItem\",\"position\":1,\"name\":\"Inicio\",\"item\":\"https:\/\/nitu.mx\/\"},{\"@type\":\"ListItem\",\"position\":2,\"name\":\"Puerto Vallarta lidera tendencias de viaje de EU y Canad\u00e1 para San Valent\u00edn\"}]},{\"@type\":\"WebSite\",\"@id\":\"https:\/\/nitu.mx\/#website\",\"url\":\"https:\/\/nitu.mx\/\",\"name\":\"Nitu - Noticias de la Industria Turistica\",\"description\":\"Noticias de la Industria Turistica\",\"publisher\":{\"@id\":\"https:\/\/nitu.mx\/#\/schema\/person\/ae7a53426417292d3dd07b45a33e01bc\"},\"alternateName\":\"Noticias de la Industria Turistica\",\"potentialAction\":[{\"@type\":\"SearchAction\",\"target\":{\"@type\":\"EntryPoint\",\"urlTemplate\":\"https:\/\/nitu.mx\/?s={search_term_string}\"},\"query-input\":\"required name=search_term_string\"}],\"inLanguage\":\"es-MX\"},{\"@type\":[\"Person\",\"Organization\"],\"@id\":\"https:\/\/nitu.mx\/#\/schema\/person\/ae7a53426417292d3dd07b45a33e01bc\",\"name\":\"Arturo Medina\",\"image\":{\"@type\":\"ImageObject\",\"inLanguage\":\"es-MX\",\"@id\":\"https:\/\/nitu.mx\/#\/schema\/person\/image\/\",\"url\":\"https:\/\/nitu.mx\/wp-content\/uploads\/2024\/04\/4A315622-1904-4D5C-B022-878CDC840E04-90x90-1.jpeg\",\"contentUrl\":\"https:\/\/nitu.mx\/wp-content\/uploads\/2024\/04\/4A315622-1904-4D5C-B022-878CDC840E04-90x90-1.jpeg\",\"width\":90,\"height\":90,\"caption\":\"Arturo Medina\"},\"logo\":{\"@id\":\"https:\/\/nitu.mx\/#\/schema\/person\/image\/\"},\"description\":\"Director NITU.mx, Egresado de la Escuela de Periodismo Carlos Septi\u00e9n Garc\u00eda. Periodista y analista especializado en turismo desde hace 35 a\u00f1os, radicado en Canc\u00fan Q.Roo. arturo@nitu.mx\",\"sameAs\":[\"https:\/\/nitu.mx\",\"https:\/\/www.facebook.com\/NITUmx\/\",\"medinacancun\",\"https:\/\/twitter.com\/@Arturo_Medina_G\"]},{\"@type\":\"Person\",\"@id\":\"https:\/\/nitu.mx\/#\/schema\/person\/4a28fe9bd65924f7c90623773daf1b0b\",\"name\":\"Redacci\u00f3n\",\"image\":{\"@type\":\"ImageObject\",\"inLanguage\":\"es-MX\",\"@id\":\"https:\/\/nitu.mx\/#\/schema\/person\/image\/\",\"url\":\"https:\/\/secure.gravatar.com\/avatar\/5dd011c8ccfc5cd7e4c81e42252aab38?s=96&d=mm&r=g\",\"contentUrl\":\"https:\/\/secure.gravatar.com\/avatar\/5dd011c8ccfc5cd7e4c81e42252aab38?s=96&d=mm&r=g\",\"caption\":\"Redacci\u00f3n\"},\"url\":\"https:\/\/nitu.mx\/index.php\/author\/redaccion\/\"}]}<\/script>\n<!-- \/ Yoast SEO plugin. -->","yoast_head_json":{"title":"Puerto Vallarta lidera tendencias de viaje de EU y Canad\u00e1 para San Valent\u00edn - Nitu - Noticias de la Industria Turistica","robots":{"index":"index","follow":"follow","max-snippet":"max-snippet:-1","max-image-preview":"max-image-preview:large","max-video-preview":"max-video-preview:-1"},"canonical":"https:\/\/nitu.mx\/index.php\/2025\/02\/09\/puerto-vallarta-lidera-tendencias-de-viaje-de-eu-y-canada-para-san-valentin\/","twitter_card":"summary_large_image","twitter_title":"Puerto Vallarta lidera tendencias de viaje de EU y Canad\u00e1 para San Valent\u00edn - Nitu - Noticias de la Industria Turistica","twitter_description":"Seg\u00fan el informe &#8216;Principales Destinos para el D\u00eda de San Valent\u00edn 2025&#8217; de Allianz Partners USA, los viajes para estas fechas est\u00e1n experimentando un aumento significativo, con un sorprendente aumento del 42 por ciento en las reservas en comparaci\u00f3n con el a\u00f1o pasado. Al analizar m\u00e1s de 1.6 millones de itinerarios de vuelos de ida [&hellip;]","twitter_image":"https:\/\/nitu.mx\/wp-content\/uploads\/2024\/06\/Puerto-Vallarta-ocaso.jpg","twitter_creator":"@NITUmx","twitter_site":"@Arturo_Medina_G","twitter_misc":{"Escrito por":"Redacci\u00f3n","Tiempo de lectura":"2 minutos"},"schema":{"@context":"https:\/\/schema.org","@graph":[{"@type":"Article","@id":"https:\/\/nitu.mx\/index.php\/2025\/02\/09\/puerto-vallarta-lidera-tendencias-de-viaje-de-eu-y-canada-para-san-valentin\/#article","isPartOf":{"@id":"https:\/\/nitu.mx\/index.php\/2025\/02\/09\/puerto-vallarta-lidera-tendencias-de-viaje-de-eu-y-canada-para-san-valentin\/"},"author":{"name":"Redacci\u00f3n","@id":"https:\/\/nitu.mx\/#\/schema\/person\/4a28fe9bd65924f7c90623773daf1b0b"},"headline":"Puerto Vallarta lidera tendencias de viaje de EU y Canad\u00e1 para San Valent\u00edn","datePublished":"2025-02-10T05:01:44+00:00","dateModified":"2025-02-10T05:01:44+00:00","mainEntityOfPage":{"@id":"https:\/\/nitu.mx\/index.php\/2025\/02\/09\/puerto-vallarta-lidera-tendencias-de-viaje-de-eu-y-canada-para-san-valentin\/"},"wordCount":429,"commentCount":0,"publisher":{"@id":"https:\/\/nitu.mx\/#\/schema\/person\/ae7a53426417292d3dd07b45a33e01bc"},"image":{"@id":"https:\/\/nitu.mx\/index.php\/2025\/02\/09\/puerto-vallarta-lidera-tendencias-de-viaje-de-eu-y-canada-para-san-valentin\/#primaryimage"},"thumbnailUrl":"https:\/\/nitu.mx\/wp-content\/uploads\/2024\/06\/Puerto-Vallarta-ocaso.jpg","keywords":["D\u00eda del Amor y la Amistad","Puerto Vallarta","San Valent\u00edn","turismo canadiense","turismo estadounidense"],"articleSection":["Destinos"],"inLanguage":"es-MX","potentialAction":[{"@type":"CommentAction","name":"Comment","target":["https:\/\/nitu.mx\/index.php\/2025\/02\/09\/puerto-vallarta-lidera-tendencias-de-viaje-de-eu-y-canada-para-san-valentin\/#respond"]}]},{"@type":"WebPage","@id":"https:\/\/nitu.mx\/index.php\/2025\/02\/09\/puerto-vallarta-lidera-tendencias-de-viaje-de-eu-y-canada-para-san-valentin\/","url":"https:\/\/nitu.mx\/index.php\/2025\/02\/09\/puerto-vallarta-lidera-tendencias-de-viaje-de-eu-y-canada-para-san-valentin\/","name":"Puerto Vallarta lidera tendencias de viaje de EU y Canad\u00e1 para San Valent\u00edn - Nitu - Noticias de la Industria Turistica","isPartOf":{"@id":"https:\/\/nitu.mx\/#website"},"primaryImageOfPage":{"@id":"https:\/\/nitu.mx\/index.php\/2025\/02\/09\/puerto-vallarta-lidera-tendencias-de-viaje-de-eu-y-canada-para-san-valentin\/#primaryimage"},"image":{"@id":"https:\/\/nitu.mx\/index.php\/2025\/02\/09\/puerto-vallarta-lidera-tendencias-de-viaje-de-eu-y-canada-para-san-valentin\/#primaryimage"},"thumbnailUrl":"https:\/\/nitu.mx\/wp-content\/uploads\/2024\/06\/Puerto-Vallarta-ocaso.jpg","datePublished":"2025-02-10T05:01:44+00:00","dateModified":"2025-02-10T05:01:44+00:00","breadcrumb":{"@id":"https:\/\/nitu.mx\/index.php\/2025\/02\/09\/puerto-vallarta-lidera-tendencias-de-viaje-de-eu-y-canada-para-san-valentin\/#breadcrumb"},"inLanguage":"es-MX","potentialAction":[{"@type":"ReadAction","target":["https:\/\/nitu.mx\/index.php\/2025\/02\/09\/puerto-vallarta-lidera-tendencias-de-viaje-de-eu-y-canada-para-san-valentin\/"]}]},{"@type":"ImageObject","inLanguage":"es-MX","@id":"https:\/\/nitu.mx\/index.php\/2025\/02\/09\/puerto-vallarta-lidera-tendencias-de-viaje-de-eu-y-canada-para-san-valentin\/#primaryimage","url":"https:\/\/nitu.mx\/wp-content\/uploads\/2024\/06\/Puerto-Vallarta-ocaso.jpg","contentUrl":"https:\/\/nitu.mx\/wp-content\/uploads\/2024\/06\/Puerto-Vallarta-ocaso.jpg","width":1200,"height":675,"caption":"Puerto Vallarta ocaso"},{"@type":"BreadcrumbList","@id":"https:\/\/nitu.mx\/index.php\/2025\/02\/09\/puerto-vallarta-lidera-tendencias-de-viaje-de-eu-y-canada-para-san-valentin\/#breadcrumb","itemListElement":[{"@type":"ListItem","position":1,"name":"Inicio","item":"https:\/\/nitu.mx\/"},{"@type":"ListItem","position":2,"name":"Puerto Vallarta lidera tendencias de viaje de EU y Canad\u00e1 para San Valent\u00edn"}]},{"@type":"WebSite","@id":"https:\/\/nitu.mx\/#website","url":"https:\/\/nitu.mx\/","name":"Nitu - Noticias de la Industria Turistica","description":"Noticias de la Industria Turistica","publisher":{"@id":"https:\/\/nitu.mx\/#\/schema\/person\/ae7a53426417292d3dd07b45a33e01bc"},"alternateName":"Noticias de la Industria Turistica","potentialAction":[{"@type":"SearchAction","target":{"@type":"EntryPoint","urlTemplate":"https:\/\/nitu.mx\/?s={search_term_string}"},"query-input":"required name=search_term_string"}],"inLanguage":"es-MX"},{"@type":["Person","Organization"],"@id":"https:\/\/nitu.mx\/#\/schema\/person\/ae7a53426417292d3dd07b45a33e01bc","name":"Arturo Medina","image":{"@type":"ImageObject","inLanguage":"es-MX","@id":"https:\/\/nitu.mx\/#\/schema\/person\/image\/","url":"https:\/\/nitu.mx\/wp-content\/uploads\/2024\/04\/4A315622-1904-4D5C-B022-878CDC840E04-90x90-1.jpeg","contentUrl":"https:\/\/nitu.mx\/wp-content\/uploads\/2024\/04\/4A315622-1904-4D5C-B022-878CDC840E04-90x90-1.jpeg","width":90,"height":90,"caption":"Arturo Medina"},"logo":{"@id":"https:\/\/nitu.mx\/#\/schema\/person\/image\/"},"description":"Director NITU.mx, Egresado de la Escuela de Periodismo Carlos Septi\u00e9n Garc\u00eda. Periodista y analista especializado en turismo desde hace 35 a\u00f1os, radicado en Canc\u00fan Q.Roo. arturo@nitu.mx","sameAs":["https:\/\/nitu.mx","https:\/\/www.facebook.com\/NITUmx\/","medinacancun","https:\/\/twitter.com\/@Arturo_Medina_G"]},{"@type":"Person","@id":"https:\/\/nitu.mx\/#\/schema\/person\/4a28fe9bd65924f7c90623773daf1b0b","name":"Redacci\u00f3n","image":{"@type":"ImageObject","inLanguage":"es-MX","@id":"https:\/\/nitu.mx\/#\/schema\/person\/image\/","url":"https:\/\/secure.gravatar.com\/avatar\/5dd011c8ccfc5cd7e4c81e42252aab38?s=96&d=mm&r=g","contentUrl":"https:\/\/secure.gravatar.com\/avatar\/5dd011c8ccfc5cd7e4c81e42252aab38?s=96&d=mm&r=g","caption":"Redacci\u00f3n"},"url":"https:\/\/nitu.mx\/index.php\/author\/redaccion\/"}]}},"views":519,"_links":{"self":[{"href":"https:\/\/nitu.mx\/index.php\/wp-json\/wp\/v2\/posts\/78989"}],"collection":[{"href":"https:\/\/nitu.mx\/index.php\/wp-json\/wp\/v2\/posts"}],"about":[{"href":"https:\/\/nitu.mx\/index.php\/wp-json\/wp\/v2\/types\/post"}],"author":[{"embeddable":true,"href":"https:\/\/nitu.mx\/index.php\/wp-json\/wp\/v2\/users\/17"}],"replies":[{"embeddable":true,"href":"https:\/\/nitu.mx\/index.php\/wp-json\/wp\/v2\/comments?post=78989"}],"version-history":[{"count":1,"href":"https:\/\/nitu.mx\/index.php\/wp-json\/wp\/v2\/posts\/78989\/revisions"}],"predecessor-version":[{"id":78991,"href":"https:\/\/nitu.mx\/index.php\/wp-json\/wp\/v2\/posts\/78989\/revisions\/78991"}],"wp:featuredmedia":[{"embeddable":true,"href":"https:\/\/nitu.mx\/index.php\/wp-json\/wp\/v2\/media\/71825"}],"wp:attachment":[{"href":"https:\/\/nitu.mx\/index.php\/wp-json\/wp\/v2\/media?parent=78989"}],"wp:term":[{"taxonomy":"category","embeddable":true,"href":"https:\/\/nitu.mx\/index.php\/wp-json\/wp\/v2\/categories?post=78989"},{"taxonomy":"post_tag","embeddable":true,"href":"https:\/\/nitu.mx\/index.php\/wp-json\/wp\/v2\/tags?post=78989"}],"curies":[{"name":"wp","href":"https:\/\/api.w.org\/{rel}","templated":true}]}}