{"id":78898,"date":"2025-02-04T19:35:37","date_gmt":"2025-02-05T01:35:37","guid":{"rendered":"https:\/\/nitu.mx\/?p=78898"},"modified":"2025-02-04T19:35:38","modified_gmt":"2025-02-05T01:35:38","slug":"sectur-se-compromete-a-reposicionar-a-mazatlan-como-referente-turistico-de-mexico","status":"publish","type":"post","link":"https:\/\/nitu.mx\/index.php\/2025\/02\/04\/sectur-se-compromete-a-reposicionar-a-mazatlan-como-referente-turistico-de-mexico\/","title":{"rendered":"Sectur se compromete a reposicionar a Mazatl\u00e1n como referente tur\u00edstico de M\u00e9xico"},"content":{"rendered":"\n<p>La secretaria de Turismo federal, Josefina Rodr\u00edguez Zamora, comparti\u00f3 el lanzamiento de\u00a0la campa\u00f1a \u201cUn Mar de Historias\u201d, que tiene el objetivo de posicionar a Mazatl\u00e1n como un lugar ideal para vacacionar y un referente en la industria de reuniones, deportes, bodas, pesca y otros segmentos tur\u00edsticos.<\/p>\n\n\n\n<p>La campa\u00f1a contempla promocionar las playas, restaurantes y todos los atractivos de Mazatl\u00e1n en diferentes medios de comunicaci\u00f3n a nivel nacional e internacional; adem\u00e1s se realizar\u00e1n activaciones en ciudades vecinas como Torre\u00f3n, Monterrey, Saltillo, Durango, Guadalajara, Ciudad de M\u00e9xico y el Baj\u00edo, con el fin de fomentar el turismo regional.<\/p>\n\n\n\n<p>La titular de la Secretar\u00eda de Turismo (Sectur) reiter\u00f3 el compromiso de la dependencia para trabajar conjuntamente, para posicionar al puerto como un referente tur\u00edstico, donde el turismo genere bienestar social y empleos a sus habitantes.<\/p>\n\n\n\n<p>Durante la presentaci\u00f3n de la campa\u00f1a, la secretaria de Turismo en Sinaloa, Mireya Sosa Osuna, se\u00f1al\u00f3 que \u201cUn Mar de Historias muestra que Mazatl\u00e1n es mucho m\u00e1s que un destino tur\u00edstico; es un lugar donde cada visitante puede sumergirse en un oc\u00e9ano de experiencias \u00fanicas y memorables\u201d.<\/p>\n\n\n\n<p>Destac\u00f3 que se trata de posicionar una marca del destino, en la que todas y todos los actores del sector tengan sentido de pertenencia: hotelero, restaurantero, estatal y municipal, para lograr una sinergia.<\/p>\n\n\n\n<p>Rodr\u00edguez Zamora refiri\u00f3 que, aunado a lo anterior, con la celebraci\u00f3n de eventos culturales, gastron\u00f3micos, deportivos y art\u00edsticos en 2025, la Perla del Pac\u00edfico se consolidar\u00e1 como una potencia tur\u00edstica.<\/p>\n\n\n\n<p>Inform\u00f3 que en febrero se realizar\u00e1 la Copa Mazatl\u00e1n Fut 9-7, un importante torneo de F\u00fatbol infantil y juvenil con la presencia de m\u00e1s de mil 400 equipos, provenientes de toda la Rep\u00fablica Mexicana, Estados Unidos, Canad\u00e1 y Colombia; y la Fiesta del Agave donde los participantes podr\u00e1n degustar y conocer m\u00e1s de su historia.<\/p>\n\n\n\n<p>Destac\u00f3 que del 27 de febrero al 4 de marzo se celebrar\u00e1 el Carnaval Internacional de Mazatl\u00e1n 2025 que tendr\u00e1 como tema &#8220;La Perla&#8221;.\u00a0El evento contar\u00e1 con desfiles, m\u00fasica, danza, espect\u00e1culos y una muestra de fuegos artificiales.\u00a0<\/p>\n\n\n\n<p>Asimismo, en marzo, se llevar\u00e1 a cabo el Torneo de Surf Delfino Maza; la Semana de la Troca, en la que se esperan m\u00e1s de mil 200 expositores; el equinoccio de primavera en Las Labradas, en que miles de turistas buscan conectar con la naturaleza y llenarse de energ\u00eda.<\/p>\n\n\n\n<p>En tanto, en abril se podr\u00e1 disfrutar de este destino tur\u00edstico con el Festival de Jazz de Polanco en su 20 edici\u00f3n, la Semana de la Moto y el Festival de Danza Jos\u00e9 Lim\u00f3n.<\/p>\n\n\n\n<p>Durante mayo, Mazatl\u00e1n ser\u00e1 sede de importantes congresos y convenciones, como Conem 2025; InfoAgro Exhibition M\u00e9xico, donde los presentes podr\u00e1n hacer negocios en el mercado nacional e internacional, con conferencias y personal que ayudar\u00e1n a mejorar las estrategias del productor agr\u00edcola; el Congreso Universitario Copa Mazatl\u00e1n, as\u00ed como el Torneo de Surf, Mexi Log Fest.<\/p>\n\n\n\n<p>En junio, m\u00e1s de 200 artistas de todos los g\u00e9neros participar\u00e1n en cuatro escenarios simult\u00e1neos con cinco horas de m\u00fasica continua, en la celebraci\u00f3n del D\u00eda de la M\u00fasica y en octubre la Fiesta Amigos de Mazatl\u00e1n, permitir\u00e1 promocionar el destino a nivel nacional e internacional. <\/p>\n\n\n\n<p>Para el \u00faltimo trimestre del a\u00f1o, Mazatl\u00e1n en engalanar\u00e1 como eventos deportivos de alto impacto como el torneo de Golf El Cid, el Gran Marat\u00f3n y Triatl\u00f3n del Pac\u00edfico Mazatl\u00e1n y CicloTour Mazatl\u00e1n. (<a href=\"https:\/\/nitu.mx\/index.php\/2025\/02\/03\/senado-cerrara-filas-con-sectur-y-economia-para-impulsar-mazatlan-ante-crisis\/\">Senado cerrar\u00e1 filas con Sectur y Econom\u00eda para impulsar Mazatl\u00e1n ante crisis<\/a>).<\/p>\n\n\n\n<p><\/p>\n","protected":false},"excerpt":{"rendered":"<p>La secretaria de Turismo federal, Josefina Rodr\u00edguez Zamora, comparti\u00f3 el lanzamiento de\u00a0la campa\u00f1a \u201cUn Mar de Historias\u201d, que tiene el objetivo de posicionar a Mazatl\u00e1n como un lugar ideal para vacacionar y un referente en la industria de reuniones, deportes, bodas, pesca y otros segmentos tur\u00edsticos. La campa\u00f1a contempla promocionar las playas, restaurantes y todos [&hellip;]<\/p>\n","protected":false},"author":17,"featured_media":78900,"comment_status":"open","ping_status":"open","sticky":false,"template":"","format":"standard","meta":{"footnotes":""},"categories":[5],"tags":[6579,25659,443,26885,6764,93,2178],"yoast_head":"<!-- This site is optimized with the Yoast SEO plugin v22.2 - https:\/\/yoast.com\/wordpress\/plugins\/seo\/ -->\n<title>Sectur se compromete a reposicionar a Mazatl\u00e1n como referente tur\u00edstico de M\u00e9xico - Nitu - Noticias de la Industria Turistica<\/title>\n<meta name=\"robots\" content=\"index, follow, max-snippet:-1, max-image-preview:large, max-video-preview:-1\" \/>\n<link rel=\"canonical\" href=\"https:\/\/nitu.mx\/index.php\/2025\/02\/04\/sectur-se-compromete-a-reposicionar-a-mazatlan-como-referente-turistico-de-mexico\/\" \/>\n<meta name=\"twitter:card\" content=\"summary_large_image\" \/>\n<meta name=\"twitter:title\" content=\"Sectur se compromete a reposicionar a Mazatl\u00e1n como referente tur\u00edstico de M\u00e9xico - Nitu - Noticias de la Industria Turistica\" \/>\n<meta name=\"twitter:description\" content=\"La secretaria de Turismo federal, Josefina Rodr\u00edguez Zamora, comparti\u00f3 el lanzamiento de\u00a0la campa\u00f1a \u201cUn Mar de Historias\u201d, que tiene el objetivo de posicionar a Mazatl\u00e1n como un lugar ideal para vacacionar y un referente en la industria de reuniones, deportes, bodas, pesca y otros segmentos tur\u00edsticos. La campa\u00f1a contempla promocionar las playas, restaurantes y todos [&hellip;]\" \/>\n<meta name=\"twitter:image\" content=\"https:\/\/nitu.mx\/wp-content\/uploads\/2025\/02\/Mazatlan.jpg\" \/>\n<meta name=\"twitter:creator\" content=\"@NITUmx\" \/>\n<meta name=\"twitter:site\" content=\"@Arturo_Medina_G\" \/>\n<meta name=\"twitter:label1\" content=\"Escrito por\" \/>\n\t<meta name=\"twitter:data1\" content=\"Redacci\u00f3n\" \/>\n\t<meta name=\"twitter:label2\" content=\"Tiempo de lectura\" \/>\n\t<meta name=\"twitter:data2\" content=\"3 minutos\" \/>\n<script type=\"application\/ld+json\" class=\"yoast-schema-graph\">{\"@context\":\"https:\/\/schema.org\",\"@graph\":[{\"@type\":\"Article\",\"@id\":\"https:\/\/nitu.mx\/index.php\/2025\/02\/04\/sectur-se-compromete-a-reposicionar-a-mazatlan-como-referente-turistico-de-mexico\/#article\",\"isPartOf\":{\"@id\":\"https:\/\/nitu.mx\/index.php\/2025\/02\/04\/sectur-se-compromete-a-reposicionar-a-mazatlan-como-referente-turistico-de-mexico\/\"},\"author\":{\"name\":\"Redacci\u00f3n\",\"@id\":\"https:\/\/nitu.mx\/#\/schema\/person\/4a28fe9bd65924f7c90623773daf1b0b\"},\"headline\":\"Sectur se compromete a reposicionar a Mazatl\u00e1n como referente tur\u00edstico de M\u00e9xico\",\"datePublished\":\"2025-02-05T01:35:37+00:00\",\"dateModified\":\"2025-02-05T01:35:38+00:00\",\"mainEntityOfPage\":{\"@id\":\"https:\/\/nitu.mx\/index.php\/2025\/02\/04\/sectur-se-compromete-a-reposicionar-a-mazatlan-como-referente-turistico-de-mexico\/\"},\"wordCount\":636,\"commentCount\":0,\"publisher\":{\"@id\":\"https:\/\/nitu.mx\/#\/schema\/person\/ae7a53426417292d3dd07b45a33e01bc\"},\"image\":{\"@id\":\"https:\/\/nitu.mx\/index.php\/2025\/02\/04\/sectur-se-compromete-a-reposicionar-a-mazatlan-como-referente-turistico-de-mexico\/#primaryimage\"},\"thumbnailUrl\":\"https:\/\/nitu.mx\/wp-content\/uploads\/2025\/02\/Mazatlan.jpg\",\"keywords\":[\"campa\u00f1a\",\"Josefina Rodr\u00edguez\",\"Mazatl\u00e1n\",\"Mireya Sosa\",\"promoci\u00f3n\",\"Sectur\",\"Sinaloa\"],\"articleSection\":[\"Destinos\"],\"inLanguage\":\"es-MX\",\"potentialAction\":[{\"@type\":\"CommentAction\",\"name\":\"Comment\",\"target\":[\"https:\/\/nitu.mx\/index.php\/2025\/02\/04\/sectur-se-compromete-a-reposicionar-a-mazatlan-como-referente-turistico-de-mexico\/#respond\"]}]},{\"@type\":\"WebPage\",\"@id\":\"https:\/\/nitu.mx\/index.php\/2025\/02\/04\/sectur-se-compromete-a-reposicionar-a-mazatlan-como-referente-turistico-de-mexico\/\",\"url\":\"https:\/\/nitu.mx\/index.php\/2025\/02\/04\/sectur-se-compromete-a-reposicionar-a-mazatlan-como-referente-turistico-de-mexico\/\",\"name\":\"Sectur se compromete a reposicionar a Mazatl\u00e1n como referente tur\u00edstico de M\u00e9xico - Nitu - Noticias de la Industria Turistica\",\"isPartOf\":{\"@id\":\"https:\/\/nitu.mx\/#website\"},\"primaryImageOfPage\":{\"@id\":\"https:\/\/nitu.mx\/index.php\/2025\/02\/04\/sectur-se-compromete-a-reposicionar-a-mazatlan-como-referente-turistico-de-mexico\/#primaryimage\"},\"image\":{\"@id\":\"https:\/\/nitu.mx\/index.php\/2025\/02\/04\/sectur-se-compromete-a-reposicionar-a-mazatlan-como-referente-turistico-de-mexico\/#primaryimage\"},\"thumbnailUrl\":\"https:\/\/nitu.mx\/wp-content\/uploads\/2025\/02\/Mazatlan.jpg\",\"datePublished\":\"2025-02-05T01:35:37+00:00\",\"dateModified\":\"2025-02-05T01:35:38+00:00\",\"breadcrumb\":{\"@id\":\"https:\/\/nitu.mx\/index.php\/2025\/02\/04\/sectur-se-compromete-a-reposicionar-a-mazatlan-como-referente-turistico-de-mexico\/#breadcrumb\"},\"inLanguage\":\"es-MX\",\"potentialAction\":[{\"@type\":\"ReadAction\",\"target\":[\"https:\/\/nitu.mx\/index.php\/2025\/02\/04\/sectur-se-compromete-a-reposicionar-a-mazatlan-como-referente-turistico-de-mexico\/\"]}]},{\"@type\":\"ImageObject\",\"inLanguage\":\"es-MX\",\"@id\":\"https:\/\/nitu.mx\/index.php\/2025\/02\/04\/sectur-se-compromete-a-reposicionar-a-mazatlan-como-referente-turistico-de-mexico\/#primaryimage\",\"url\":\"https:\/\/nitu.mx\/wp-content\/uploads\/2025\/02\/Mazatlan.jpg\",\"contentUrl\":\"https:\/\/nitu.mx\/wp-content\/uploads\/2025\/02\/Mazatlan.jpg\",\"width\":1200,\"height\":675,\"caption\":\"Mazatl\u00e1n\"},{\"@type\":\"BreadcrumbList\",\"@id\":\"https:\/\/nitu.mx\/index.php\/2025\/02\/04\/sectur-se-compromete-a-reposicionar-a-mazatlan-como-referente-turistico-de-mexico\/#breadcrumb\",\"itemListElement\":[{\"@type\":\"ListItem\",\"position\":1,\"name\":\"Inicio\",\"item\":\"https:\/\/nitu.mx\/\"},{\"@type\":\"ListItem\",\"position\":2,\"name\":\"Sectur se compromete a reposicionar a Mazatl\u00e1n como referente tur\u00edstico de M\u00e9xico\"}]},{\"@type\":\"WebSite\",\"@id\":\"https:\/\/nitu.mx\/#website\",\"url\":\"https:\/\/nitu.mx\/\",\"name\":\"Nitu - Noticias de la Industria Turistica\",\"description\":\"Noticias de la Industria Turistica\",\"publisher\":{\"@id\":\"https:\/\/nitu.mx\/#\/schema\/person\/ae7a53426417292d3dd07b45a33e01bc\"},\"alternateName\":\"Noticias de la Industria Turistica\",\"potentialAction\":[{\"@type\":\"SearchAction\",\"target\":{\"@type\":\"EntryPoint\",\"urlTemplate\":\"https:\/\/nitu.mx\/?s={search_term_string}\"},\"query-input\":\"required name=search_term_string\"}],\"inLanguage\":\"es-MX\"},{\"@type\":[\"Person\",\"Organization\"],\"@id\":\"https:\/\/nitu.mx\/#\/schema\/person\/ae7a53426417292d3dd07b45a33e01bc\",\"name\":\"Arturo Medina\",\"image\":{\"@type\":\"ImageObject\",\"inLanguage\":\"es-MX\",\"@id\":\"https:\/\/nitu.mx\/#\/schema\/person\/image\/\",\"url\":\"https:\/\/nitu.mx\/wp-content\/uploads\/2024\/04\/4A315622-1904-4D5C-B022-878CDC840E04-90x90-1.jpeg\",\"contentUrl\":\"https:\/\/nitu.mx\/wp-content\/uploads\/2024\/04\/4A315622-1904-4D5C-B022-878CDC840E04-90x90-1.jpeg\",\"width\":90,\"height\":90,\"caption\":\"Arturo Medina\"},\"logo\":{\"@id\":\"https:\/\/nitu.mx\/#\/schema\/person\/image\/\"},\"description\":\"Director NITU.mx, Egresado de la Escuela de Periodismo Carlos Septi\u00e9n Garc\u00eda. Periodista y analista especializado en turismo desde hace 35 a\u00f1os, radicado en Canc\u00fan Q.Roo. arturo@nitu.mx\",\"sameAs\":[\"https:\/\/nitu.mx\",\"https:\/\/www.facebook.com\/NITUmx\/\",\"medinacancun\",\"https:\/\/twitter.com\/@Arturo_Medina_G\"]},{\"@type\":\"Person\",\"@id\":\"https:\/\/nitu.mx\/#\/schema\/person\/4a28fe9bd65924f7c90623773daf1b0b\",\"name\":\"Redacci\u00f3n\",\"image\":{\"@type\":\"ImageObject\",\"inLanguage\":\"es-MX\",\"@id\":\"https:\/\/nitu.mx\/#\/schema\/person\/image\/\",\"url\":\"https:\/\/secure.gravatar.com\/avatar\/5dd011c8ccfc5cd7e4c81e42252aab38?s=96&d=mm&r=g\",\"contentUrl\":\"https:\/\/secure.gravatar.com\/avatar\/5dd011c8ccfc5cd7e4c81e42252aab38?s=96&d=mm&r=g\",\"caption\":\"Redacci\u00f3n\"},\"url\":\"https:\/\/nitu.mx\/index.php\/author\/redaccion\/\"}]}<\/script>\n<!-- \/ Yoast SEO plugin. -->","yoast_head_json":{"title":"Sectur se compromete a reposicionar a Mazatl\u00e1n como referente tur\u00edstico de M\u00e9xico - Nitu - Noticias de la Industria Turistica","robots":{"index":"index","follow":"follow","max-snippet":"max-snippet:-1","max-image-preview":"max-image-preview:large","max-video-preview":"max-video-preview:-1"},"canonical":"https:\/\/nitu.mx\/index.php\/2025\/02\/04\/sectur-se-compromete-a-reposicionar-a-mazatlan-como-referente-turistico-de-mexico\/","twitter_card":"summary_large_image","twitter_title":"Sectur se compromete a reposicionar a Mazatl\u00e1n como referente tur\u00edstico de M\u00e9xico - Nitu - Noticias de la Industria Turistica","twitter_description":"La secretaria de Turismo federal, Josefina Rodr\u00edguez Zamora, comparti\u00f3 el lanzamiento de\u00a0la campa\u00f1a \u201cUn Mar de Historias\u201d, que tiene el objetivo de posicionar a Mazatl\u00e1n como un lugar ideal para vacacionar y un referente en la industria de reuniones, deportes, bodas, pesca y otros segmentos tur\u00edsticos. La campa\u00f1a contempla promocionar las playas, restaurantes y todos [&hellip;]","twitter_image":"https:\/\/nitu.mx\/wp-content\/uploads\/2025\/02\/Mazatlan.jpg","twitter_creator":"@NITUmx","twitter_site":"@Arturo_Medina_G","twitter_misc":{"Escrito por":"Redacci\u00f3n","Tiempo de lectura":"3 minutos"},"schema":{"@context":"https:\/\/schema.org","@graph":[{"@type":"Article","@id":"https:\/\/nitu.mx\/index.php\/2025\/02\/04\/sectur-se-compromete-a-reposicionar-a-mazatlan-como-referente-turistico-de-mexico\/#article","isPartOf":{"@id":"https:\/\/nitu.mx\/index.php\/2025\/02\/04\/sectur-se-compromete-a-reposicionar-a-mazatlan-como-referente-turistico-de-mexico\/"},"author":{"name":"Redacci\u00f3n","@id":"https:\/\/nitu.mx\/#\/schema\/person\/4a28fe9bd65924f7c90623773daf1b0b"},"headline":"Sectur se compromete a reposicionar a Mazatl\u00e1n como referente tur\u00edstico de M\u00e9xico","datePublished":"2025-02-05T01:35:37+00:00","dateModified":"2025-02-05T01:35:38+00:00","mainEntityOfPage":{"@id":"https:\/\/nitu.mx\/index.php\/2025\/02\/04\/sectur-se-compromete-a-reposicionar-a-mazatlan-como-referente-turistico-de-mexico\/"},"wordCount":636,"commentCount":0,"publisher":{"@id":"https:\/\/nitu.mx\/#\/schema\/person\/ae7a53426417292d3dd07b45a33e01bc"},"image":{"@id":"https:\/\/nitu.mx\/index.php\/2025\/02\/04\/sectur-se-compromete-a-reposicionar-a-mazatlan-como-referente-turistico-de-mexico\/#primaryimage"},"thumbnailUrl":"https:\/\/nitu.mx\/wp-content\/uploads\/2025\/02\/Mazatlan.jpg","keywords":["campa\u00f1a","Josefina Rodr\u00edguez","Mazatl\u00e1n","Mireya Sosa","promoci\u00f3n","Sectur","Sinaloa"],"articleSection":["Destinos"],"inLanguage":"es-MX","potentialAction":[{"@type":"CommentAction","name":"Comment","target":["https:\/\/nitu.mx\/index.php\/2025\/02\/04\/sectur-se-compromete-a-reposicionar-a-mazatlan-como-referente-turistico-de-mexico\/#respond"]}]},{"@type":"WebPage","@id":"https:\/\/nitu.mx\/index.php\/2025\/02\/04\/sectur-se-compromete-a-reposicionar-a-mazatlan-como-referente-turistico-de-mexico\/","url":"https:\/\/nitu.mx\/index.php\/2025\/02\/04\/sectur-se-compromete-a-reposicionar-a-mazatlan-como-referente-turistico-de-mexico\/","name":"Sectur se compromete a reposicionar a Mazatl\u00e1n como referente tur\u00edstico de M\u00e9xico - Nitu - Noticias de la Industria Turistica","isPartOf":{"@id":"https:\/\/nitu.mx\/#website"},"primaryImageOfPage":{"@id":"https:\/\/nitu.mx\/index.php\/2025\/02\/04\/sectur-se-compromete-a-reposicionar-a-mazatlan-como-referente-turistico-de-mexico\/#primaryimage"},"image":{"@id":"https:\/\/nitu.mx\/index.php\/2025\/02\/04\/sectur-se-compromete-a-reposicionar-a-mazatlan-como-referente-turistico-de-mexico\/#primaryimage"},"thumbnailUrl":"https:\/\/nitu.mx\/wp-content\/uploads\/2025\/02\/Mazatlan.jpg","datePublished":"2025-02-05T01:35:37+00:00","dateModified":"2025-02-05T01:35:38+00:00","breadcrumb":{"@id":"https:\/\/nitu.mx\/index.php\/2025\/02\/04\/sectur-se-compromete-a-reposicionar-a-mazatlan-como-referente-turistico-de-mexico\/#breadcrumb"},"inLanguage":"es-MX","potentialAction":[{"@type":"ReadAction","target":["https:\/\/nitu.mx\/index.php\/2025\/02\/04\/sectur-se-compromete-a-reposicionar-a-mazatlan-como-referente-turistico-de-mexico\/"]}]},{"@type":"ImageObject","inLanguage":"es-MX","@id":"https:\/\/nitu.mx\/index.php\/2025\/02\/04\/sectur-se-compromete-a-reposicionar-a-mazatlan-como-referente-turistico-de-mexico\/#primaryimage","url":"https:\/\/nitu.mx\/wp-content\/uploads\/2025\/02\/Mazatlan.jpg","contentUrl":"https:\/\/nitu.mx\/wp-content\/uploads\/2025\/02\/Mazatlan.jpg","width":1200,"height":675,"caption":"Mazatl\u00e1n"},{"@type":"BreadcrumbList","@id":"https:\/\/nitu.mx\/index.php\/2025\/02\/04\/sectur-se-compromete-a-reposicionar-a-mazatlan-como-referente-turistico-de-mexico\/#breadcrumb","itemListElement":[{"@type":"ListItem","position":1,"name":"Inicio","item":"https:\/\/nitu.mx\/"},{"@type":"ListItem","position":2,"name":"Sectur se compromete a reposicionar a Mazatl\u00e1n como referente tur\u00edstico de M\u00e9xico"}]},{"@type":"WebSite","@id":"https:\/\/nitu.mx\/#website","url":"https:\/\/nitu.mx\/","name":"Nitu - Noticias de la Industria Turistica","description":"Noticias de la Industria Turistica","publisher":{"@id":"https:\/\/nitu.mx\/#\/schema\/person\/ae7a53426417292d3dd07b45a33e01bc"},"alternateName":"Noticias de la Industria Turistica","potentialAction":[{"@type":"SearchAction","target":{"@type":"EntryPoint","urlTemplate":"https:\/\/nitu.mx\/?s={search_term_string}"},"query-input":"required name=search_term_string"}],"inLanguage":"es-MX"},{"@type":["Person","Organization"],"@id":"https:\/\/nitu.mx\/#\/schema\/person\/ae7a53426417292d3dd07b45a33e01bc","name":"Arturo Medina","image":{"@type":"ImageObject","inLanguage":"es-MX","@id":"https:\/\/nitu.mx\/#\/schema\/person\/image\/","url":"https:\/\/nitu.mx\/wp-content\/uploads\/2024\/04\/4A315622-1904-4D5C-B022-878CDC840E04-90x90-1.jpeg","contentUrl":"https:\/\/nitu.mx\/wp-content\/uploads\/2024\/04\/4A315622-1904-4D5C-B022-878CDC840E04-90x90-1.jpeg","width":90,"height":90,"caption":"Arturo Medina"},"logo":{"@id":"https:\/\/nitu.mx\/#\/schema\/person\/image\/"},"description":"Director NITU.mx, Egresado de la Escuela de Periodismo Carlos Septi\u00e9n Garc\u00eda. Periodista y analista especializado en turismo desde hace 35 a\u00f1os, radicado en Canc\u00fan Q.Roo. arturo@nitu.mx","sameAs":["https:\/\/nitu.mx","https:\/\/www.facebook.com\/NITUmx\/","medinacancun","https:\/\/twitter.com\/@Arturo_Medina_G"]},{"@type":"Person","@id":"https:\/\/nitu.mx\/#\/schema\/person\/4a28fe9bd65924f7c90623773daf1b0b","name":"Redacci\u00f3n","image":{"@type":"ImageObject","inLanguage":"es-MX","@id":"https:\/\/nitu.mx\/#\/schema\/person\/image\/","url":"https:\/\/secure.gravatar.com\/avatar\/5dd011c8ccfc5cd7e4c81e42252aab38?s=96&d=mm&r=g","contentUrl":"https:\/\/secure.gravatar.com\/avatar\/5dd011c8ccfc5cd7e4c81e42252aab38?s=96&d=mm&r=g","caption":"Redacci\u00f3n"},"url":"https:\/\/nitu.mx\/index.php\/author\/redaccion\/"}]}},"views":812,"_links":{"self":[{"href":"https:\/\/nitu.mx\/index.php\/wp-json\/wp\/v2\/posts\/78898"}],"collection":[{"href":"https:\/\/nitu.mx\/index.php\/wp-json\/wp\/v2\/posts"}],"about":[{"href":"https:\/\/nitu.mx\/index.php\/wp-json\/wp\/v2\/types\/post"}],"author":[{"embeddable":true,"href":"https:\/\/nitu.mx\/index.php\/wp-json\/wp\/v2\/users\/17"}],"replies":[{"embeddable":true,"href":"https:\/\/nitu.mx\/index.php\/wp-json\/wp\/v2\/comments?post=78898"}],"version-history":[{"count":1,"href":"https:\/\/nitu.mx\/index.php\/wp-json\/wp\/v2\/posts\/78898\/revisions"}],"predecessor-version":[{"id":78901,"href":"https:\/\/nitu.mx\/index.php\/wp-json\/wp\/v2\/posts\/78898\/revisions\/78901"}],"wp:featuredmedia":[{"embeddable":true,"href":"https:\/\/nitu.mx\/index.php\/wp-json\/wp\/v2\/media\/78900"}],"wp:attachment":[{"href":"https:\/\/nitu.mx\/index.php\/wp-json\/wp\/v2\/media?parent=78898"}],"wp:term":[{"taxonomy":"category","embeddable":true,"href":"https:\/\/nitu.mx\/index.php\/wp-json\/wp\/v2\/categories?post=78898"},{"taxonomy":"post_tag","embeddable":true,"href":"https:\/\/nitu.mx\/index.php\/wp-json\/wp\/v2\/tags?post=78898"}],"curies":[{"name":"wp","href":"https:\/\/api.w.org\/{rel}","templated":true}]}}