{"id":78725,"date":"2025-01-28T21:20:00","date_gmt":"2025-01-29T03:20:00","guid":{"rendered":"https:\/\/nitu.mx\/?p=78725"},"modified":"2025-01-28T21:14:25","modified_gmt":"2025-01-29T03:14:25","slug":"hyatt-expande-inclusive-collection-en-punta-cana-con-su-marca-vivid","status":"publish","type":"post","link":"https:\/\/nitu.mx\/index.php\/2025\/01\/28\/hyatt-expande-inclusive-collection-en-punta-cana-con-su-marca-vivid\/","title":{"rendered":"Hyatt expande Inclusive Collection en Punta Cana con su marca Vivid"},"content":{"rendered":"\n<p>Hyatt Hotels Corporation firm\u00f3 un acuerdo de gesti\u00f3n con Anacaona de Inversiones para el desarrollo de un resort insignia de la marca Hyatt Vivid en la Rep\u00fablica Dominicana, cuya apertura est\u00e1 prevista para finales de 2025. <\/p>\n\n\n\n<p>Tras el exitoso debut de la marca el a\u00f1o pasado, Hyatt Vivid Punta Cana ser\u00e1 el segundo resort de la colecci\u00f3n, dise\u00f1ado para atender a la nueva generaci\u00f3n de viajeros de experiencias todo incluido. El exclusivo resort solo para adultos, con 500 habitaciones, ser\u00e1 el primer Hyatt Vivid Hotels &amp; Resorts en este pa\u00eds.<\/p>\n\n\n\n<p>&#8220;Nos complace fortalecer a\u00fan m\u00e1s el portafolio de Hyatt Vivid Hotels &amp; Resorts con Hyatt Vivid Punta Cana&#8221;, afirm\u00f3 Antonio Fungairino, Head of Development de Hyatt\u2019s Inclusive Collection. <\/p>\n\n\n\n<p>\u201cLa continua expansi\u00f3n de Hyatt en la regi\u00f3n, que abarca desde los codiciados destinos de playa como Playa Esmeralda, Punta Cana y Cap Cana, hasta nuevas ubicaciones, afirma la posici\u00f3n de la Rep\u00fablica Dominicana como un destino de primer nivel para la hoteler\u00eda de lujo, al mismo tiempo que consolida el liderazgo de Hyatt en el segmento todo incluido&#8221;, agreg\u00f3.<\/p>\n\n\n\n<p>Hyatt Vivid Punta Cana est\u00e1 dise\u00f1ado para viajeros adultos que buscan una experiencia todo incluido enriquecedora, donde la flexibilidad prima sobre la formalidad. El resort ofrecer\u00e1 itinerarios inspirados en la cultura local, experiencias inmersivas y servicios exclusivos dise\u00f1ados para atraer a un p\u00fablico moderno y diverso que valora los destinos con un enfoque est\u00e9tico. <\/p>\n\n\n\n<p>Con un enfoque en el bienestar, los hu\u00e9spedes podr\u00e1n disfrutar de un spa de primer nivel, gimnasios interiores y al aire libre, as\u00ed como canchas de pickleball y tenis, complementados con un bar de jugos y snacks saludables. <\/p>\n\n\n\n<p>El resort contar\u00e1 con cinco restaurantes de especialidad, opciones gastron\u00f3micas casuales como un sports bar y un barefoot beach grill &amp; bar, adem\u00e1s de espacios m\u00e1s sofisticados como un speakeasy jazz club. <\/p>\n\n\n\n<p>El hotel tambi\u00e9n dispondr\u00e1 de un centro de convenciones con capacidad para mil personas. Hyatt Vivid Punta Cana ofrecer\u00e1 cuatro albercas, habitaciones swim-out y una alberca en una zona tranquila con su propio wet bar.<\/p>\n\n\n\n<p>&#8220;La Rep\u00fablica Dominicana sigue registrando una gran demanda de viajeros que buscan experiencias inmersivas y enfocadas en el descubrimiento&#8221;, coment\u00f3 Investor Relations de Anacaona. <\/p>\n\n\n\n<p>A\u00f1adi\u00f3 que &#8220;la incorporaci\u00f3n de Hyatt Vivid Punta Cana no solo fortalecer\u00e1 la oferta todo incluido de Hyatt en el destino, sino que tambi\u00e9n responde a las necesidades cambiantes de los hu\u00e9spedes leales y de los nuevos viajeros que buscan una experiencia moderna y renovada en uno de los destinos m\u00e1s atractivos del Caribe. Como inversionistas a largo plazo en Punta Cana, nos enorgullece destinar capital a su din\u00e1mico sector hotelero de la mano de Hyatt&#8221;.<\/p>\n\n\n\n<p>Hyatt Vivid Punta Cana, junto con la reciente apertura de Dreams Cap Cana Resort &amp; Spa y la alianza estrat\u00e9gica con Grupo Pi\u00f1ero para la gesti\u00f3n de m\u00e1s de 20 resorts Bahia Principe, adem\u00e1s de las pr\u00f3ximas aperturas de Secrets Playa Esmeralda Resort &amp; Spa y Dreams Playa Esmeralda Resort &amp; Spa, ampliar\u00e1n la presencia de resorts todo incluido de Hyatt en la regi\u00f3n en aproximadamente un 30 % en 2025. <\/p>\n\n\n\n<p>Estas incorporaciones, junto con la apertura de Secrets Tides Punta Cana en enero de 2024 y Hyatt Centric Santo Domingo en octubre de 2024, seguir\u00e1n consolidando la presencia de Hyatt en la Rep\u00fablica Dominicana. (<a href=\"https:\/\/nitu.mx\/index.php\/2025\/01\/26\/cierra-andaz-mayakoba-para-ser-el-primer-hotel-alila-de-hyatt-en-america-latina-y-el-caribe\/\">Cierra Andaz Mayakoba para ser el primer hotel Alila de Hyatt en Am\u00e9rica Latina y el Caribe<\/a>).<\/p>\n","protected":false},"excerpt":{"rendered":"<p>Hyatt Hotels Corporation firm\u00f3 un acuerdo de gesti\u00f3n con Anacaona de Inversiones para el desarrollo de un resort insignia de la marca Hyatt Vivid en la Rep\u00fablica Dominicana, cuya apertura est\u00e1 prevista para finales de 2025. Tras el exitoso debut de la marca el a\u00f1o pasado, Hyatt Vivid Punta Cana ser\u00e1 el segundo resort de [&hellip;]<\/p>\n","protected":false},"author":17,"featured_media":26851,"comment_status":"open","ping_status":"open","sticky":false,"template":"","format":"standard","meta":{"footnotes":""},"categories":[2,374],"tags":[26876,2332,23993,1258,1382],"yoast_head":"<!-- This site is optimized with the Yoast SEO plugin v22.2 - https:\/\/yoast.com\/wordpress\/plugins\/seo\/ -->\n<title>Hyatt expande Inclusive Collection en Punta Cana con su marca Vivid - Nitu - Noticias de la Industria Turistica<\/title>\n<meta name=\"robots\" content=\"index, follow, max-snippet:-1, max-image-preview:large, max-video-preview:-1\" \/>\n<link rel=\"canonical\" href=\"https:\/\/nitu.mx\/index.php\/2025\/01\/28\/hyatt-expande-inclusive-collection-en-punta-cana-con-su-marca-vivid\/\" \/>\n<meta name=\"twitter:card\" content=\"summary_large_image\" \/>\n<meta name=\"twitter:title\" content=\"Hyatt expande Inclusive Collection en Punta Cana con su marca Vivid - Nitu - Noticias de la Industria Turistica\" \/>\n<meta name=\"twitter:description\" content=\"Hyatt Hotels Corporation firm\u00f3 un acuerdo de gesti\u00f3n con Anacaona de Inversiones para el desarrollo de un resort insignia de la marca Hyatt Vivid en la Rep\u00fablica Dominicana, cuya apertura est\u00e1 prevista para finales de 2025. Tras el exitoso debut de la marca el a\u00f1o pasado, Hyatt Vivid Punta Cana ser\u00e1 el segundo resort de [&hellip;]\" \/>\n<meta name=\"twitter:image\" content=\"https:\/\/nitu.mx\/wp-content\/uploads\/2018\/11\/Punta-Cana.jpg\" \/>\n<meta name=\"twitter:creator\" content=\"@NITUmx\" \/>\n<meta name=\"twitter:site\" content=\"@Arturo_Medina_G\" \/>\n<meta name=\"twitter:label1\" content=\"Escrito por\" \/>\n\t<meta name=\"twitter:data1\" content=\"Redacci\u00f3n\" \/>\n\t<meta name=\"twitter:label2\" content=\"Tiempo de lectura\" \/>\n\t<meta name=\"twitter:data2\" content=\"3 minutos\" \/>\n<script type=\"application\/ld+json\" class=\"yoast-schema-graph\">{\"@context\":\"https:\/\/schema.org\",\"@graph\":[{\"@type\":\"Article\",\"@id\":\"https:\/\/nitu.mx\/index.php\/2025\/01\/28\/hyatt-expande-inclusive-collection-en-punta-cana-con-su-marca-vivid\/#article\",\"isPartOf\":{\"@id\":\"https:\/\/nitu.mx\/index.php\/2025\/01\/28\/hyatt-expande-inclusive-collection-en-punta-cana-con-su-marca-vivid\/\"},\"author\":{\"name\":\"Redacci\u00f3n\",\"@id\":\"https:\/\/nitu.mx\/#\/schema\/person\/4a28fe9bd65924f7c90623773daf1b0b\"},\"headline\":\"Hyatt expande Inclusive Collection en Punta Cana con su marca Vivid\",\"datePublished\":\"2025-01-29T03:20:00+00:00\",\"dateModified\":\"2025-01-29T03:14:25+00:00\",\"mainEntityOfPage\":{\"@id\":\"https:\/\/nitu.mx\/index.php\/2025\/01\/28\/hyatt-expande-inclusive-collection-en-punta-cana-con-su-marca-vivid\/\"},\"wordCount\":605,\"commentCount\":0,\"publisher\":{\"@id\":\"https:\/\/nitu.mx\/#\/schema\/person\/ae7a53426417292d3dd07b45a33e01bc\"},\"image\":{\"@id\":\"https:\/\/nitu.mx\/index.php\/2025\/01\/28\/hyatt-expande-inclusive-collection-en-punta-cana-con-su-marca-vivid\/#primaryimage\"},\"thumbnailUrl\":\"https:\/\/nitu.mx\/wp-content\/uploads\/2018\/11\/Punta-Cana.jpg\",\"keywords\":[\"Antonio Fungairino\",\"Hyatt Hotels Corporation\",\"Hyatt Vivid\",\"Punta Cana\",\"Rep\u00fablica Dominicana\"],\"articleSection\":[\"Hoteles\",\"Internacional\"],\"inLanguage\":\"es-MX\",\"potentialAction\":[{\"@type\":\"CommentAction\",\"name\":\"Comment\",\"target\":[\"https:\/\/nitu.mx\/index.php\/2025\/01\/28\/hyatt-expande-inclusive-collection-en-punta-cana-con-su-marca-vivid\/#respond\"]}]},{\"@type\":\"WebPage\",\"@id\":\"https:\/\/nitu.mx\/index.php\/2025\/01\/28\/hyatt-expande-inclusive-collection-en-punta-cana-con-su-marca-vivid\/\",\"url\":\"https:\/\/nitu.mx\/index.php\/2025\/01\/28\/hyatt-expande-inclusive-collection-en-punta-cana-con-su-marca-vivid\/\",\"name\":\"Hyatt expande Inclusive Collection en Punta Cana con su marca Vivid - Nitu - Noticias de la Industria Turistica\",\"isPartOf\":{\"@id\":\"https:\/\/nitu.mx\/#website\"},\"primaryImageOfPage\":{\"@id\":\"https:\/\/nitu.mx\/index.php\/2025\/01\/28\/hyatt-expande-inclusive-collection-en-punta-cana-con-su-marca-vivid\/#primaryimage\"},\"image\":{\"@id\":\"https:\/\/nitu.mx\/index.php\/2025\/01\/28\/hyatt-expande-inclusive-collection-en-punta-cana-con-su-marca-vivid\/#primaryimage\"},\"thumbnailUrl\":\"https:\/\/nitu.mx\/wp-content\/uploads\/2018\/11\/Punta-Cana.jpg\",\"datePublished\":\"2025-01-29T03:20:00+00:00\",\"dateModified\":\"2025-01-29T03:14:25+00:00\",\"breadcrumb\":{\"@id\":\"https:\/\/nitu.mx\/index.php\/2025\/01\/28\/hyatt-expande-inclusive-collection-en-punta-cana-con-su-marca-vivid\/#breadcrumb\"},\"inLanguage\":\"es-MX\",\"potentialAction\":[{\"@type\":\"ReadAction\",\"target\":[\"https:\/\/nitu.mx\/index.php\/2025\/01\/28\/hyatt-expande-inclusive-collection-en-punta-cana-con-su-marca-vivid\/\"]}]},{\"@type\":\"ImageObject\",\"inLanguage\":\"es-MX\",\"@id\":\"https:\/\/nitu.mx\/index.php\/2025\/01\/28\/hyatt-expande-inclusive-collection-en-punta-cana-con-su-marca-vivid\/#primaryimage\",\"url\":\"https:\/\/nitu.mx\/wp-content\/uploads\/2018\/11\/Punta-Cana.jpg\",\"contentUrl\":\"https:\/\/nitu.mx\/wp-content\/uploads\/2018\/11\/Punta-Cana.jpg\",\"width\":850,\"height\":480,\"caption\":\"Punta Cana Rep\u00fablica Domincana\"},{\"@type\":\"BreadcrumbList\",\"@id\":\"https:\/\/nitu.mx\/index.php\/2025\/01\/28\/hyatt-expande-inclusive-collection-en-punta-cana-con-su-marca-vivid\/#breadcrumb\",\"itemListElement\":[{\"@type\":\"ListItem\",\"position\":1,\"name\":\"Inicio\",\"item\":\"https:\/\/nitu.mx\/\"},{\"@type\":\"ListItem\",\"position\":2,\"name\":\"Hyatt expande Inclusive Collection en Punta Cana con su marca Vivid\"}]},{\"@type\":\"WebSite\",\"@id\":\"https:\/\/nitu.mx\/#website\",\"url\":\"https:\/\/nitu.mx\/\",\"name\":\"Nitu - Noticias de la Industria Turistica\",\"description\":\"Noticias de la Industria Turistica\",\"publisher\":{\"@id\":\"https:\/\/nitu.mx\/#\/schema\/person\/ae7a53426417292d3dd07b45a33e01bc\"},\"alternateName\":\"Noticias de la Industria Turistica\",\"potentialAction\":[{\"@type\":\"SearchAction\",\"target\":{\"@type\":\"EntryPoint\",\"urlTemplate\":\"https:\/\/nitu.mx\/?s={search_term_string}\"},\"query-input\":\"required name=search_term_string\"}],\"inLanguage\":\"es-MX\"},{\"@type\":[\"Person\",\"Organization\"],\"@id\":\"https:\/\/nitu.mx\/#\/schema\/person\/ae7a53426417292d3dd07b45a33e01bc\",\"name\":\"Arturo Medina\",\"image\":{\"@type\":\"ImageObject\",\"inLanguage\":\"es-MX\",\"@id\":\"https:\/\/nitu.mx\/#\/schema\/person\/image\/\",\"url\":\"https:\/\/nitu.mx\/wp-content\/uploads\/2024\/04\/4A315622-1904-4D5C-B022-878CDC840E04-90x90-1.jpeg\",\"contentUrl\":\"https:\/\/nitu.mx\/wp-content\/uploads\/2024\/04\/4A315622-1904-4D5C-B022-878CDC840E04-90x90-1.jpeg\",\"width\":90,\"height\":90,\"caption\":\"Arturo Medina\"},\"logo\":{\"@id\":\"https:\/\/nitu.mx\/#\/schema\/person\/image\/\"},\"description\":\"Director NITU.mx, Egresado de la Escuela de Periodismo Carlos Septi\u00e9n Garc\u00eda. Periodista y analista especializado en turismo desde hace 35 a\u00f1os, radicado en Canc\u00fan Q.Roo. arturo@nitu.mx\",\"sameAs\":[\"https:\/\/nitu.mx\",\"https:\/\/www.facebook.com\/NITUmx\/\",\"medinacancun\",\"https:\/\/twitter.com\/@Arturo_Medina_G\"]},{\"@type\":\"Person\",\"@id\":\"https:\/\/nitu.mx\/#\/schema\/person\/4a28fe9bd65924f7c90623773daf1b0b\",\"name\":\"Redacci\u00f3n\",\"image\":{\"@type\":\"ImageObject\",\"inLanguage\":\"es-MX\",\"@id\":\"https:\/\/nitu.mx\/#\/schema\/person\/image\/\",\"url\":\"https:\/\/secure.gravatar.com\/avatar\/5dd011c8ccfc5cd7e4c81e42252aab38?s=96&d=mm&r=g\",\"contentUrl\":\"https:\/\/secure.gravatar.com\/avatar\/5dd011c8ccfc5cd7e4c81e42252aab38?s=96&d=mm&r=g\",\"caption\":\"Redacci\u00f3n\"},\"url\":\"https:\/\/nitu.mx\/index.php\/author\/redaccion\/\"}]}<\/script>\n<!-- \/ Yoast SEO plugin. -->","yoast_head_json":{"title":"Hyatt expande Inclusive Collection en Punta Cana con su marca Vivid - Nitu - Noticias de la Industria Turistica","robots":{"index":"index","follow":"follow","max-snippet":"max-snippet:-1","max-image-preview":"max-image-preview:large","max-video-preview":"max-video-preview:-1"},"canonical":"https:\/\/nitu.mx\/index.php\/2025\/01\/28\/hyatt-expande-inclusive-collection-en-punta-cana-con-su-marca-vivid\/","twitter_card":"summary_large_image","twitter_title":"Hyatt expande Inclusive Collection en Punta Cana con su marca Vivid - Nitu - Noticias de la Industria Turistica","twitter_description":"Hyatt Hotels Corporation firm\u00f3 un acuerdo de gesti\u00f3n con Anacaona de Inversiones para el desarrollo de un resort insignia de la marca Hyatt Vivid en la Rep\u00fablica Dominicana, cuya apertura est\u00e1 prevista para finales de 2025. Tras el exitoso debut de la marca el a\u00f1o pasado, Hyatt Vivid Punta Cana ser\u00e1 el segundo resort de [&hellip;]","twitter_image":"https:\/\/nitu.mx\/wp-content\/uploads\/2018\/11\/Punta-Cana.jpg","twitter_creator":"@NITUmx","twitter_site":"@Arturo_Medina_G","twitter_misc":{"Escrito por":"Redacci\u00f3n","Tiempo de lectura":"3 minutos"},"schema":{"@context":"https:\/\/schema.org","@graph":[{"@type":"Article","@id":"https:\/\/nitu.mx\/index.php\/2025\/01\/28\/hyatt-expande-inclusive-collection-en-punta-cana-con-su-marca-vivid\/#article","isPartOf":{"@id":"https:\/\/nitu.mx\/index.php\/2025\/01\/28\/hyatt-expande-inclusive-collection-en-punta-cana-con-su-marca-vivid\/"},"author":{"name":"Redacci\u00f3n","@id":"https:\/\/nitu.mx\/#\/schema\/person\/4a28fe9bd65924f7c90623773daf1b0b"},"headline":"Hyatt expande Inclusive Collection en Punta Cana con su marca Vivid","datePublished":"2025-01-29T03:20:00+00:00","dateModified":"2025-01-29T03:14:25+00:00","mainEntityOfPage":{"@id":"https:\/\/nitu.mx\/index.php\/2025\/01\/28\/hyatt-expande-inclusive-collection-en-punta-cana-con-su-marca-vivid\/"},"wordCount":605,"commentCount":0,"publisher":{"@id":"https:\/\/nitu.mx\/#\/schema\/person\/ae7a53426417292d3dd07b45a33e01bc"},"image":{"@id":"https:\/\/nitu.mx\/index.php\/2025\/01\/28\/hyatt-expande-inclusive-collection-en-punta-cana-con-su-marca-vivid\/#primaryimage"},"thumbnailUrl":"https:\/\/nitu.mx\/wp-content\/uploads\/2018\/11\/Punta-Cana.jpg","keywords":["Antonio Fungairino","Hyatt Hotels Corporation","Hyatt Vivid","Punta Cana","Rep\u00fablica Dominicana"],"articleSection":["Hoteles","Internacional"],"inLanguage":"es-MX","potentialAction":[{"@type":"CommentAction","name":"Comment","target":["https:\/\/nitu.mx\/index.php\/2025\/01\/28\/hyatt-expande-inclusive-collection-en-punta-cana-con-su-marca-vivid\/#respond"]}]},{"@type":"WebPage","@id":"https:\/\/nitu.mx\/index.php\/2025\/01\/28\/hyatt-expande-inclusive-collection-en-punta-cana-con-su-marca-vivid\/","url":"https:\/\/nitu.mx\/index.php\/2025\/01\/28\/hyatt-expande-inclusive-collection-en-punta-cana-con-su-marca-vivid\/","name":"Hyatt expande Inclusive Collection en Punta Cana con su marca Vivid - Nitu - Noticias de la Industria Turistica","isPartOf":{"@id":"https:\/\/nitu.mx\/#website"},"primaryImageOfPage":{"@id":"https:\/\/nitu.mx\/index.php\/2025\/01\/28\/hyatt-expande-inclusive-collection-en-punta-cana-con-su-marca-vivid\/#primaryimage"},"image":{"@id":"https:\/\/nitu.mx\/index.php\/2025\/01\/28\/hyatt-expande-inclusive-collection-en-punta-cana-con-su-marca-vivid\/#primaryimage"},"thumbnailUrl":"https:\/\/nitu.mx\/wp-content\/uploads\/2018\/11\/Punta-Cana.jpg","datePublished":"2025-01-29T03:20:00+00:00","dateModified":"2025-01-29T03:14:25+00:00","breadcrumb":{"@id":"https:\/\/nitu.mx\/index.php\/2025\/01\/28\/hyatt-expande-inclusive-collection-en-punta-cana-con-su-marca-vivid\/#breadcrumb"},"inLanguage":"es-MX","potentialAction":[{"@type":"ReadAction","target":["https:\/\/nitu.mx\/index.php\/2025\/01\/28\/hyatt-expande-inclusive-collection-en-punta-cana-con-su-marca-vivid\/"]}]},{"@type":"ImageObject","inLanguage":"es-MX","@id":"https:\/\/nitu.mx\/index.php\/2025\/01\/28\/hyatt-expande-inclusive-collection-en-punta-cana-con-su-marca-vivid\/#primaryimage","url":"https:\/\/nitu.mx\/wp-content\/uploads\/2018\/11\/Punta-Cana.jpg","contentUrl":"https:\/\/nitu.mx\/wp-content\/uploads\/2018\/11\/Punta-Cana.jpg","width":850,"height":480,"caption":"Punta Cana Rep\u00fablica Domincana"},{"@type":"BreadcrumbList","@id":"https:\/\/nitu.mx\/index.php\/2025\/01\/28\/hyatt-expande-inclusive-collection-en-punta-cana-con-su-marca-vivid\/#breadcrumb","itemListElement":[{"@type":"ListItem","position":1,"name":"Inicio","item":"https:\/\/nitu.mx\/"},{"@type":"ListItem","position":2,"name":"Hyatt expande Inclusive Collection en Punta Cana con su marca Vivid"}]},{"@type":"WebSite","@id":"https:\/\/nitu.mx\/#website","url":"https:\/\/nitu.mx\/","name":"Nitu - Noticias de la Industria Turistica","description":"Noticias de la Industria Turistica","publisher":{"@id":"https:\/\/nitu.mx\/#\/schema\/person\/ae7a53426417292d3dd07b45a33e01bc"},"alternateName":"Noticias de la Industria Turistica","potentialAction":[{"@type":"SearchAction","target":{"@type":"EntryPoint","urlTemplate":"https:\/\/nitu.mx\/?s={search_term_string}"},"query-input":"required name=search_term_string"}],"inLanguage":"es-MX"},{"@type":["Person","Organization"],"@id":"https:\/\/nitu.mx\/#\/schema\/person\/ae7a53426417292d3dd07b45a33e01bc","name":"Arturo Medina","image":{"@type":"ImageObject","inLanguage":"es-MX","@id":"https:\/\/nitu.mx\/#\/schema\/person\/image\/","url":"https:\/\/nitu.mx\/wp-content\/uploads\/2024\/04\/4A315622-1904-4D5C-B022-878CDC840E04-90x90-1.jpeg","contentUrl":"https:\/\/nitu.mx\/wp-content\/uploads\/2024\/04\/4A315622-1904-4D5C-B022-878CDC840E04-90x90-1.jpeg","width":90,"height":90,"caption":"Arturo Medina"},"logo":{"@id":"https:\/\/nitu.mx\/#\/schema\/person\/image\/"},"description":"Director NITU.mx, Egresado de la Escuela de Periodismo Carlos Septi\u00e9n Garc\u00eda. Periodista y analista especializado en turismo desde hace 35 a\u00f1os, radicado en Canc\u00fan Q.Roo. arturo@nitu.mx","sameAs":["https:\/\/nitu.mx","https:\/\/www.facebook.com\/NITUmx\/","medinacancun","https:\/\/twitter.com\/@Arturo_Medina_G"]},{"@type":"Person","@id":"https:\/\/nitu.mx\/#\/schema\/person\/4a28fe9bd65924f7c90623773daf1b0b","name":"Redacci\u00f3n","image":{"@type":"ImageObject","inLanguage":"es-MX","@id":"https:\/\/nitu.mx\/#\/schema\/person\/image\/","url":"https:\/\/secure.gravatar.com\/avatar\/5dd011c8ccfc5cd7e4c81e42252aab38?s=96&d=mm&r=g","contentUrl":"https:\/\/secure.gravatar.com\/avatar\/5dd011c8ccfc5cd7e4c81e42252aab38?s=96&d=mm&r=g","caption":"Redacci\u00f3n"},"url":"https:\/\/nitu.mx\/index.php\/author\/redaccion\/"}]}},"views":1196,"_links":{"self":[{"href":"https:\/\/nitu.mx\/index.php\/wp-json\/wp\/v2\/posts\/78725"}],"collection":[{"href":"https:\/\/nitu.mx\/index.php\/wp-json\/wp\/v2\/posts"}],"about":[{"href":"https:\/\/nitu.mx\/index.php\/wp-json\/wp\/v2\/types\/post"}],"author":[{"embeddable":true,"href":"https:\/\/nitu.mx\/index.php\/wp-json\/wp\/v2\/users\/17"}],"replies":[{"embeddable":true,"href":"https:\/\/nitu.mx\/index.php\/wp-json\/wp\/v2\/comments?post=78725"}],"version-history":[{"count":2,"href":"https:\/\/nitu.mx\/index.php\/wp-json\/wp\/v2\/posts\/78725\/revisions"}],"predecessor-version":[{"id":78729,"href":"https:\/\/nitu.mx\/index.php\/wp-json\/wp\/v2\/posts\/78725\/revisions\/78729"}],"wp:featuredmedia":[{"embeddable":true,"href":"https:\/\/nitu.mx\/index.php\/wp-json\/wp\/v2\/media\/26851"}],"wp:attachment":[{"href":"https:\/\/nitu.mx\/index.php\/wp-json\/wp\/v2\/media?parent=78725"}],"wp:term":[{"taxonomy":"category","embeddable":true,"href":"https:\/\/nitu.mx\/index.php\/wp-json\/wp\/v2\/categories?post=78725"},{"taxonomy":"post_tag","embeddable":true,"href":"https:\/\/nitu.mx\/index.php\/wp-json\/wp\/v2\/tags?post=78725"}],"curies":[{"name":"wp","href":"https:\/\/api.w.org\/{rel}","templated":true}]}}